{"id":1644,"date":"2014-06-05T09:16:14","date_gmt":"2014-06-05T09:16:14","guid":{"rendered":"https:\/\/hoyre.no\/oslo\/aktuelt\/hoyre-satser-pa-toyen\/"},"modified":"2022-09-26T15:06:15","modified_gmt":"2022-09-26T13:06:15","slug":"hoyre-satser-pa-toyen","status":"publish","type":"post","link":"https:\/\/hoyre.no\/oslo\/aktuelt\/hoyre-satser-pa-toyen\/","title":{"rendered":"H\u00f8yre satser p\u00e5 T\u00f8yen"},"content":{"rendered":"<figure class=\"hoyre-image-wrapper\"><div class=\"hoyre-image\"><img loading=\"lazy\" decoding=\"async\" width=\"1021\" height=\"522\" src=\"https:\/\/hoyre.no\/content\/uploads\/sites\/408\/2022\/09\/Radhuset-e1410260087236.jpg\" class=\"attachment-scaled size-scaled\" alt=\"\" style=\"object-position: 50% 50%\" srcset=\"https:\/\/hoyre.no\/content\/uploads\/sites\/408\/2022\/09\/Radhuset-e1410260087236.jpg 1021w, https:\/\/hoyre.no\/content\/uploads\/sites\/408\/2022\/09\/Radhuset-e1410260087236-300x153.jpg 300w, https:\/\/hoyre.no\/content\/uploads\/sites\/408\/2022\/09\/Radhuset-e1410260087236-768x393.jpg 768w\" sizes=\"auto, (max-width: 1021px) 100vw, 1021px\" \/><\/div><\/figure><div id=\"hoyre-old-article-content-wrapper\"><h2><b><br \/>\nT\u00f8yensatsingen er 1 \u00e5r og mye har skjedd<\/b><\/h2><p>Da avtalen om T\u00f8yensatsingen ble signert for ett \u00e5r siden ble det hevdet at det er lett \u00e5 la seg blende av fagre ord og formuleringer om badeland og millioner av kroner for et l\u00f8ft p\u00e5 T\u00f8yen. Men det har skjedd merkbare forandringer p\u00e5 ett \u00e5r.<\/p><p><em>Tekst: Anniken Hauglie<\/em><br \/><em>Illustrasjon: Oslo kommune<\/em><br \/><em>Foto: Nyebilder.no<\/em><\/p><figure id=\"attachment_3017\" aria-describedby=\"caption-attachment-3017\"><a href=\"https:\/\/www.oslohoyre.no\/wp-content\/uploads\/2014\/05\/Anniken_Hauglie_Web2-e1403086226822.jpg\"><img decoding=\"async\" loading=\"lazy\" src=\"https:\/\/hoyre.no\/content\/uploads\/sites\/408\/2022\/09\/Anniken_Hauglie_Web2-e1408440382349.jpg\" alt=\"\" width=\"139\" height=\"209\" \/><\/a><figcaption id=\"caption-attachment-3017\">Anniken Hauglie Foto: nyebilder.no<\/figcaption><\/figure><p>Det har v\u00e6rt mye oppmerksomhet rundt skolene i T\u00f8yenomr\u00e5det. Men etter mye negativ omtale av T\u00f8yen i media har engasjerte foreldre imidlertid tatt tak i dette og blant annet etablert en 5-\u00e5rs klubb der oppm\u00f8tet har vokst fra m\u00e5ned til m\u00e5ned. N\u00e5 viser de forel\u00f8pige innskrivingstallene fra T\u00f8yen skole og Vahl skole en god elev-vekst fra h\u00f8sten av. Sommerskolen og Kulturskolen har fullt belegg p\u00e5 sine plasser. Aktivitetsskolen (AKS) har p\u00e5 ett \u00e5r \u00f8kt deltakelsen fra 40 til ca 200 barn etter at det ble innf\u00f8rt gratis halvdagstilbud gjennom T\u00f8yensatsingen.<\/p><h3><b>St\u00f8rre park<\/b><\/h3><p>T\u00f8yenparken skal bli et sammenhengende gr\u00f8ntdrag. Derfor pr\u00f8vestenges n\u00e5 Finnmarksgata fra 28. mai til 15. desember 2014, som til n\u00e5 har delt parken i to. I august skal \u00d8yafestivalen arrangeres i T\u00f8yenparken for f\u00f8rste gang og det planlegges hvordan vitensenter, T\u00f8yenbadet og friluftscene skal innpasses i parken.<\/p><h3><b>F\u00e6rre kommunale leiligheter<\/b><\/h3><p>Kommunen selger ut et stort antall leiligheter p\u00e5 T\u00f8yen i l\u00f8pet av 2014\/15. Hagegata 30 og 31 forberedes for salg til selveiere og studentboliger. Antall kommunale leiligheter utenfor Oslo indre \u00f8st skal \u00f8ke med 600 netto. Kommunen har satt av 2,4 mrd til boliger i 2014-2016, det er den st\u00f8rste investeringen i kommunal boligmasse i Oslo siden 1945. Det vil gi beboerne et bedre botilbud, og vi f\u00e5r spredt boligene mer rundt i byen.<\/p><h3><b>Nyoppusset T-bane og torg<\/b><\/h3><p>T\u00f8yen T-banestasjon pusses opp denne h\u00f8sten med bedre vestibyle og informasjonsskjermer, nye skilt og teknisk utstyr. Samtidig unders\u00f8kes bygningen for \u00e5 klargj\u00f8re full oppgraderingi 2015. Torget i T\u00f8yens-senteret pusses opp i et spleiselag med til sammen 30 millioner fra kommunen og g\u00e5rdeierne. Det er allerede innf\u00f8rt bedre renhold og vedlikehold rundt T\u00f8yen, og i l\u00f8pet av h\u00f8sten vil det bli engasjert bomilj\u00f8vaktmestere i de mest belastede omr\u00e5dene.<\/p><p>Med T\u00f8yenavtalen har vi f\u00e5tt en gyllen mulighet til \u00e5 vise at vi mener alvor med \u00e5 utvikle T\u00f8yen. For \u00e5 f\u00e5 til det mobiliserer vi med tiltak, aktiviteter og virksomheter som vi mener gir et l\u00f8ft for de som bor der i dag. S\u00e6rlig er jeg opptatt av at barn og unge skal finne utfordringer og tilbud som gir kunnskap og positiv utvikling for hver enkelt. Jeg mener vi har f\u00e5tt til en stor snuoperasjon, men som ikke vil v\u00e6rt mulig uten dugnad fra sv\u00e6rt mange ildsjeler og velvillige kommunale ledd. Jeg gleder meg til fortsettelsen.<\/p><p><a href=\"http:\/\/www.byradet.oslo.kommune.no\/getfile.php\/Byr\u00e5det%20%28BYR%29\/Internett%20%28BYR%29\/Dokumenter\/Pressemeldinger\/PM%20og%20avtale%20Munch%20Toyen.pdf \">Her kan du lese mer om T\u00f8yen-avtalen som ble vedtatt av H\u00f8yre, Venstre, KrF og SV for ett \u00e5r siden:<\/a><\/p>\n<\/div>\n<div class=\"tags\">\n\t<\/div>\n<div class=\"post-footer alignfull has-background block-editor-block-list__block\" data-align=full>\n\t<div class=\"post-footer-inner\">\n\t\t<h3>Relaterte artikler<\/h3>\n\t\t<div class=\"related-content\"><div class=\"is-card-hoyre\">\n\t<div class=\"teft-card hoyre-teft-card post-teft-card\">\n\t\t<a href=\"https:\/\/hoyre.no\/oslo\/aktuelt\/mdg-moralismen-fornekter-seg-ikke\/\" class=\"teft-card__primary-action\">\n\n\t\t\t\t\t<div class=\"teft-card__media teft-card__media--16-9\">\n\t\t\t\t\t\t<img loading=\"lazy\" decoding=\"async\" width=\"768\" height=\"512\" src=\"https:\/\/hoyre.no\/content\/uploads\/sites\/408\/2024\/01\/QZQlxtOC-768x512.jpeg\" class=\"attachment-medium_large size-medium_large\" alt=\"Merete Agerbak-Jensen\" srcset=\"https:\/\/hoyre.no\/content\/uploads\/sites\/408\/2024\/01\/QZQlxtOC-768x512.jpeg 768w, https:\/\/hoyre.no\/content\/uploads\/sites\/408\/2024\/01\/QZQlxtOC-300x200.jpeg 300w, https:\/\/hoyre.no\/content\/uploads\/sites\/408\/2024\/01\/QZQlxtOC-1024x683.jpeg 1024w, https:\/\/hoyre.no\/content\/uploads\/sites\/408\/2024\/01\/QZQlxtOC-1536x1024.jpeg 1536w, https:\/\/hoyre.no\/content\/uploads\/sites\/408\/2024\/01\/QZQlxtOC-2048x1365.jpeg 2048w\" sizes=\"auto, (max-width: 768px) 100vw, 768px\" \/>\t\t<\/div>\n\t\t\n\t\t\t<div class=\"teft-card__content-wrapper\">\n\t\t\t\t<div class=\"teft-card__secondary\">\n\t\t\t\t\t\n\t\t\t\t\t\t\t\t<div class=\"teft-card__meta\">\n\t\t\t\t\t\t\t\t\t<span class=\"post-date\">23. apr 2026<\/span>\n\n\t\t\t\t\t\t\t\t\t\t\t\t\t\t\t\t\t<\/div>\n\t\t\t\t\t\t\t\t\t\t\t<\/div>\n\n\t\t\t\t<div class=\"teft-card__primary\">\n\t\t\t\t\t<h2 class=\"teft-card__title\">MDG-moralismen fornekter seg ikke&nbsp;<span class=\"teft-card__primary-title-append\"><\/span><\/h2>\t\t\t\t<\/div>\n\t\t\t<\/div>\n\t\t<\/a>\n\t<\/div>\n\n\t<\/div><div class=\"is-card-hoyre\">\n\t<div class=\"teft-card hoyre-teft-card post-teft-card\">\n\t\t<a href=\"https:\/\/hoyre.no\/oslo\/aktuelt\/raskere-og-enklere-a-bygge-boliger-og-skape-arbeidsplasser-i-oslo\/\" class=\"teft-card__primary-action\">\n\n\t\t\t\t\t<div class=\"teft-card__media teft-card__media--16-9\">\n\t\t\t\t\t\t<img loading=\"lazy\" decoding=\"async\" width=\"768\" height=\"576\" src=\"https:\/\/hoyre.no\/content\/uploads\/sites\/408\/2026\/04\/Eirik-Lae-Solberg-og-Anita-Leirvik-North-768x576.jpg\" class=\"attachment-medium_large size-medium_large\" alt=\"\" srcset=\"https:\/\/hoyre.no\/content\/uploads\/sites\/408\/2026\/04\/Eirik-Lae-Solberg-og-Anita-Leirvik-North-768x576.jpg 768w, https:\/\/hoyre.no\/content\/uploads\/sites\/408\/2026\/04\/Eirik-Lae-Solberg-og-Anita-Leirvik-North-300x225.jpg 300w, https:\/\/hoyre.no\/content\/uploads\/sites\/408\/2026\/04\/Eirik-Lae-Solberg-og-Anita-Leirvik-North.jpg 901w\" sizes=\"auto, (max-width: 768px) 100vw, 768px\" \/>\t\t<\/div>\n\t\t\n\t\t\t<div class=\"teft-card__content-wrapper\">\n\t\t\t\t<div class=\"teft-card__secondary\">\n\t\t\t\t\t\n\t\t\t\t\t\t\t\t<div class=\"teft-card__meta\">\n\t\t\t\t\t\t\t\t\t<span class=\"post-date\">14. apr 2026<\/span>\n\n\t\t\t\t\t\t\t\t\t<span class=\"post-category\">Har lagt frem ny KPA:<\/span>\t\t\t\t\t\t\t\t<\/div>\n\t\t\t\t\t\t\t\t\t\t\t<\/div>\n\n\t\t\t\t<div class=\"teft-card__primary\">\n\t\t\t\t\t<h2 class=\"teft-card__title\">Raskere og enklere \u00e5 bygge boliger og skape arbeidsplasser i Oslo&nbsp;<span class=\"teft-card__primary-title-append\"><\/span><\/h2>\t\t\t\t<\/div>\n\t\t\t<\/div>\n\t\t<\/a>\n\t<\/div>\n\n\t<\/div><div class=\"is-card-hoyre\">\n\t<div class=\"teft-card hoyre-teft-card post-teft-card\">\n\t\t<a href=\"https:\/\/hoyre.no\/oslo\/aktuelt\/bedre-elevresultater-og-en-skoleokonomi-i-balanse-med-blagront-byrad\/\" class=\"teft-card__primary-action\">\n\n\t\t\t\t\t<div class=\"teft-card__media teft-card__media--16-9\">\n\t\t\t\t\t\t<img loading=\"lazy\" decoding=\"async\" width=\"768\" height=\"512\" src=\"https:\/\/hoyre.no\/content\/uploads\/sites\/408\/2025\/05\/IMG_6440-768x512.jpeg\" class=\"attachment-medium_large size-medium_large\" alt=\"Julie Remen Midtgarden\" srcset=\"https:\/\/hoyre.no\/content\/uploads\/sites\/408\/2025\/05\/IMG_6440-768x512.jpeg 768w, https:\/\/hoyre.no\/content\/uploads\/sites\/408\/2025\/05\/IMG_6440-300x200.jpeg 300w, https:\/\/hoyre.no\/content\/uploads\/sites\/408\/2025\/05\/IMG_6440-1024x683.jpeg 1024w, https:\/\/hoyre.no\/content\/uploads\/sites\/408\/2025\/05\/IMG_6440-1536x1024.jpeg 1536w, https:\/\/hoyre.no\/content\/uploads\/sites\/408\/2025\/05\/IMG_6440-2048x1365.jpeg 2048w\" sizes=\"auto, (max-width: 768px) 100vw, 768px\" \/>\t\t<\/div>\n\t\t\n\t\t\t<div class=\"teft-card__content-wrapper\">\n\t\t\t\t<div class=\"teft-card__secondary\">\n\t\t\t\t\t\n\t\t\t\t\t\t\t\t<div class=\"teft-card__meta\">\n\t\t\t\t\t\t\t\t\t<span class=\"post-date\">26. mar 2026<\/span>\n\n\t\t\t\t\t\t\t\t\t\t\t\t\t\t\t\t\t<\/div>\n\t\t\t\t\t\t\t\t\t\t\t<\/div>\n\n\t\t\t\t<div class=\"teft-card__primary\">\n\t\t\t\t\t<h2 class=\"teft-card__title\">Bedre elevresultater og en skole\u00f8konomi i balanse med bl\u00e5gr\u00f8nt byr\u00e5d&nbsp;<span class=\"teft-card__primary-title-append\"><\/span><\/h2>\t\t\t\t<\/div>\n\t\t\t<\/div>\n\t\t<\/a>\n\t<\/div>\n\n\t<\/div><\/div>\t<\/div>\n<\/div>\n","protected":false},"excerpt":{"rendered":"","protected":false},"author":0,"featured_media":0,"comment_status":"closed","ping_status":"open","sticky":false,"template":"","format":"standard","meta":{"teft_cards_image_url":"","teft_cards_custom_pretitle":"","teft_cards_image_id":0,"teft_cards_image_focal_point_x":0,"teft_cards_image_focal_point_y":0,"teft_cards_title":"","teft_cards_excerpt":"","teft_show_chapters":false,"author_display_name":"Oslo H\u00f8yre","footnotes":""},"category":[1],"post_tag":[],"hoyre-visibility":[],"article-type":[],"politician":[],"class_list":["post-1644","post","type-post","status-publish","format-standard","hentry","category-nyheter"],"yoast_head":"<!-- This site is optimized with the Yoast SEO Premium plugin v26.5 (Yoast SEO v26.6) - https:\/\/yoast.com\/wordpress\/plugins\/seo\/ -->\n<title>H\u00f8yre satser p\u00e5 T\u00f8yen - Oslo H\u00f8yre<\/title>\n<meta name=\"robots\" content=\"index, follow, max-snippet:-1, max-image-preview:large, max-video-preview:-1\" \/>\n<link rel=\"canonical\" href=\"https:\/\/hoyre.no\/oslo\/aktuelt\/hoyre-satser-pa-toyen\/\" \/>\n<meta property=\"og:locale\" content=\"nb_NO\" \/>\n<meta property=\"og:type\" content=\"article\" \/>\n<meta property=\"og:title\" content=\"H\u00f8yre satser p\u00e5 T\u00f8yen\" \/>\n<meta property=\"og:url\" content=\"https:\/\/hoyre.no\/oslo\/aktuelt\/hoyre-satser-pa-toyen\/\" \/>\n<meta property=\"og:site_name\" content=\"Oslo H\u00f8yre\" \/>\n<meta property=\"article:publisher\" content=\"https:\/\/www.facebook.com\/oslo.hoyre\" \/>\n<meta property=\"article:published_time\" content=\"2014-06-05T09:16:14+00:00\" \/>\n<meta property=\"article:modified_time\" content=\"2022-09-26T13:06:15+00:00\" \/>\n<meta property=\"og:image\" content=\"https:\/\/hoyre.no\/content\/uploads\/sites\/408\/2022\/09\/Anniken_Hauglie_Web2-e1408440382349.jpg\" \/>\n<meta name=\"twitter:card\" content=\"summary_large_image\" \/>\n<meta name=\"twitter:label1\" content=\"Ansl. lesetid\" \/>\n\t<meta name=\"twitter:data1\" content=\"3 minutter\" \/>\n<script type=\"application\/ld+json\" class=\"yoast-schema-graph\">{\"@context\":\"https:\/\/schema.org\",\"@graph\":[{\"@type\":\"Article\",\"@id\":\"https:\/\/hoyre.no\/oslo\/aktuelt\/hoyre-satser-pa-toyen\/#article\",\"isPartOf\":{\"@id\":\"https:\/\/hoyre.no\/oslo\/aktuelt\/hoyre-satser-pa-toyen\/\"},\"author\":{\"name\":\"\",\"@id\":\"\"},\"headline\":\"H\u00f8yre satser p\u00e5 T\u00f8yen\",\"datePublished\":\"2014-06-05T09:16:14+00:00\",\"dateModified\":\"2022-09-26T13:06:15+00:00\",\"mainEntityOfPage\":{\"@id\":\"https:\/\/hoyre.no\/oslo\/aktuelt\/hoyre-satser-pa-toyen\/\"},\"wordCount\":524,\"publisher\":{\"@id\":\"https:\/\/hoyre.no\/oslo\/#organization\"},\"image\":{\"@id\":\"https:\/\/hoyre.no\/oslo\/aktuelt\/hoyre-satser-pa-toyen\/#primaryimage\"},\"thumbnailUrl\":\"https:\/\/hoyre.no\/content\/uploads\/sites\/408\/2022\/09\/Anniken_Hauglie_Web2-e1408440382349.jpg\",\"articleSection\":[\"Nyheter\"],\"inLanguage\":\"nb-NO\"},{\"@type\":\"NewsArticle\",\"@id\":\"https:\/\/hoyre.no\/oslo\/aktuelt\/hoyre-satser-pa-toyen\/\",\"url\":\"https:\/\/hoyre.no\/oslo\/aktuelt\/hoyre-satser-pa-toyen\/\",\"name\":\"H\u00f8yre satser p\u00e5 T\u00f8yen - Oslo H\u00f8yre\",\"isPartOf\":{\"@id\":\"https:\/\/hoyre.no\/oslo\/#website\"},\"image\":{\"@id\":\"https:\/\/hoyre.no\/oslo\/aktuelt\/hoyre-satser-pa-toyen\/#primaryimage\"},\"thumbnailUrl\":\"https:\/\/hoyre.no\/content\/uploads\/sites\/408\/2022\/09\/Anniken_Hauglie_Web2-e1408440382349.jpg\",\"datePublished\":\"2014-06-05T09:16:14+00:00\",\"dateModified\":\"2022-09-26T13:06:15+00:00\",\"breadcrumb\":{\"@id\":\"https:\/\/hoyre.no\/oslo\/aktuelt\/hoyre-satser-pa-toyen\/#breadcrumb\"},\"inLanguage\":\"nb-NO\",\"potentialAction\":[{\"@type\":\"ReadAction\",\"target\":[\"https:\/\/hoyre.no\/oslo\/aktuelt\/hoyre-satser-pa-toyen\/\"]}]},{\"@type\":\"ImageObject\",\"inLanguage\":\"nb-NO\",\"@id\":\"https:\/\/hoyre.no\/oslo\/aktuelt\/hoyre-satser-pa-toyen\/#primaryimage\",\"url\":\"https:\/\/hoyre.no\/content\/uploads\/sites\/408\/2022\/09\/Anniken_Hauglie_Web2-e1408440382349.jpg\",\"contentUrl\":\"https:\/\/hoyre.no\/content\/uploads\/sites\/408\/2022\/09\/Anniken_Hauglie_Web2-e1408440382349.jpg\"},{\"@type\":\"BreadcrumbList\",\"@id\":\"https:\/\/hoyre.no\/oslo\/aktuelt\/hoyre-satser-pa-toyen\/#breadcrumb\",\"itemListElement\":[{\"@type\":\"ListItem\",\"position\":1,\"name\":\"Til hoyre.no\",\"item\":\"https:\/\/hoyre.no\"},{\"@type\":\"ListItem\",\"position\":2,\"name\":\"Hjem\",\"item\":\"https:\/\/hoyre.no\/oslo\/\"},{\"@type\":\"ListItem\",\"position\":3,\"name\":\"H\u00f8yre satser p\u00e5 T\u00f8yen\"}]},{\"@type\":\"WebSite\",\"@id\":\"https:\/\/hoyre.no\/oslo\/#website\",\"url\":\"https:\/\/hoyre.no\/oslo\/\",\"name\":\"Oslo H\u00f8yre\",\"description\":\"\",\"publisher\":{\"@id\":\"https:\/\/hoyre.no\/oslo\/#organization\"},\"inLanguage\":\"nb-NO\"},{\"@type\":\"Organization\",\"@id\":\"https:\/\/hoyre.no\/oslo\/#organization\",\"name\":\"Oslo H\u00f8yre\",\"url\":\"https:\/\/hoyre.no\/oslo\/\",\"logo\":{\"@type\":\"ImageObject\",\"inLanguage\":\"nb-NO\",\"@id\":\"https:\/\/hoyre.no\/oslo\/#\/schema\/logo\/image\/\",\"url\":\"https:\/\/hoyre.no\/content\/uploads\/sites\/408\/2022\/11\/Hoyres-logo.png\",\"contentUrl\":\"https:\/\/hoyre.no\/content\/uploads\/sites\/408\/2022\/11\/Hoyres-logo.png\",\"width\":1000,\"height\":1000,\"caption\":\"Oslo H\u00f8yre\"},\"image\":{\"@id\":\"https:\/\/hoyre.no\/oslo\/#\/schema\/logo\/image\/\"},\"sameAs\":[\"https:\/\/www.facebook.com\/oslo.hoyre\"]}]}<\/script>\n<!-- \/ Yoast SEO Premium plugin. -->","yoast_head_json":{"title":"H\u00f8yre satser p\u00e5 T\u00f8yen - Oslo H\u00f8yre","robots":{"index":"index","follow":"follow","max-snippet":"max-snippet:-1","max-image-preview":"max-image-preview:large","max-video-preview":"max-video-preview:-1"},"canonical":"https:\/\/hoyre.no\/oslo\/aktuelt\/hoyre-satser-pa-toyen\/","og_locale":"nb_NO","og_type":"article","og_title":"H\u00f8yre satser p\u00e5 T\u00f8yen","og_url":"https:\/\/hoyre.no\/oslo\/aktuelt\/hoyre-satser-pa-toyen\/","og_site_name":"Oslo H\u00f8yre","article_publisher":"https:\/\/www.facebook.com\/oslo.hoyre","article_published_time":"2014-06-05T09:16:14+00:00","article_modified_time":"2022-09-26T13:06:15+00:00","og_image":[{"url":"https:\/\/hoyre.no\/content\/uploads\/sites\/408\/2022\/09\/Anniken_Hauglie_Web2-e1408440382349.jpg","type":"","width":"","height":""}],"twitter_card":"summary_large_image","twitter_misc":{"Ansl. lesetid":"3 minutter"},"schema":{"@context":"https:\/\/schema.org","@graph":[{"@type":"Article","@id":"https:\/\/hoyre.no\/oslo\/aktuelt\/hoyre-satser-pa-toyen\/#article","isPartOf":{"@id":"https:\/\/hoyre.no\/oslo\/aktuelt\/hoyre-satser-pa-toyen\/"},"author":{"name":"","@id":""},"headline":"H\u00f8yre satser p\u00e5 T\u00f8yen","datePublished":"2014-06-05T09:16:14+00:00","dateModified":"2022-09-26T13:06:15+00:00","mainEntityOfPage":{"@id":"https:\/\/hoyre.no\/oslo\/aktuelt\/hoyre-satser-pa-toyen\/"},"wordCount":524,"publisher":{"@id":"https:\/\/hoyre.no\/oslo\/#organization"},"image":{"@id":"https:\/\/hoyre.no\/oslo\/aktuelt\/hoyre-satser-pa-toyen\/#primaryimage"},"thumbnailUrl":"https:\/\/hoyre.no\/content\/uploads\/sites\/408\/2022\/09\/Anniken_Hauglie_Web2-e1408440382349.jpg","articleSection":["Nyheter"],"inLanguage":"nb-NO"},{"@type":"NewsArticle","@id":"https:\/\/hoyre.no\/oslo\/aktuelt\/hoyre-satser-pa-toyen\/","url":"https:\/\/hoyre.no\/oslo\/aktuelt\/hoyre-satser-pa-toyen\/","name":"H\u00f8yre satser p\u00e5 T\u00f8yen - Oslo H\u00f8yre","isPartOf":{"@id":"https:\/\/hoyre.no\/oslo\/#website"},"image":{"@id":"https:\/\/hoyre.no\/oslo\/aktuelt\/hoyre-satser-pa-toyen\/#primaryimage"},"thumbnailUrl":"https:\/\/hoyre.no\/content\/uploads\/sites\/408\/2022\/09\/Anniken_Hauglie_Web2-e1408440382349.jpg","datePublished":"2014-06-05T09:16:14+00:00","dateModified":"2022-09-26T13:06:15+00:00","breadcrumb":{"@id":"https:\/\/hoyre.no\/oslo\/aktuelt\/hoyre-satser-pa-toyen\/#breadcrumb"},"inLanguage":"nb-NO","potentialAction":[{"@type":"ReadAction","target":["https:\/\/hoyre.no\/oslo\/aktuelt\/hoyre-satser-pa-toyen\/"]}]},{"@type":"ImageObject","inLanguage":"nb-NO","@id":"https:\/\/hoyre.no\/oslo\/aktuelt\/hoyre-satser-pa-toyen\/#primaryimage","url":"https:\/\/hoyre.no\/content\/uploads\/sites\/408\/2022\/09\/Anniken_Hauglie_Web2-e1408440382349.jpg","contentUrl":"https:\/\/hoyre.no\/content\/uploads\/sites\/408\/2022\/09\/Anniken_Hauglie_Web2-e1408440382349.jpg"},{"@type":"BreadcrumbList","@id":"https:\/\/hoyre.no\/oslo\/aktuelt\/hoyre-satser-pa-toyen\/#breadcrumb","itemListElement":[{"@type":"ListItem","position":1,"name":"Til hoyre.no","item":"https:\/\/hoyre.no"},{"@type":"ListItem","position":2,"name":"Hjem","item":"https:\/\/hoyre.no\/oslo\/"},{"@type":"ListItem","position":3,"name":"H\u00f8yre satser p\u00e5 T\u00f8yen"}]},{"@type":"WebSite","@id":"https:\/\/hoyre.no\/oslo\/#website","url":"https:\/\/hoyre.no\/oslo\/","name":"Oslo H\u00f8yre","description":"","publisher":{"@id":"https:\/\/hoyre.no\/oslo\/#organization"},"inLanguage":"nb-NO"},{"@type":"Organization","@id":"https:\/\/hoyre.no\/oslo\/#organization","name":"Oslo H\u00f8yre","url":"https:\/\/hoyre.no\/oslo\/","logo":{"@type":"ImageObject","inLanguage":"nb-NO","@id":"https:\/\/hoyre.no\/oslo\/#\/schema\/logo\/image\/","url":"https:\/\/hoyre.no\/content\/uploads\/sites\/408\/2022\/11\/Hoyres-logo.png","contentUrl":"https:\/\/hoyre.no\/content\/uploads\/sites\/408\/2022\/11\/Hoyres-logo.png","width":1000,"height":1000,"caption":"Oslo H\u00f8yre"},"image":{"@id":"https:\/\/hoyre.no\/oslo\/#\/schema\/logo\/image\/"},"sameAs":["https:\/\/www.facebook.com\/oslo.hoyre"]}]}},"distributor_meta":false,"distributor_terms":false,"distributor_media":false,"distributor_original_site_name":"Oslo H\u00f8yre","distributor_original_site_url":"https:\/\/hoyre.no\/oslo","push-errors":false,"_links":{"self":[{"href":"https:\/\/hoyre.no\/oslo\/wp-json\/wp\/v2\/posts\/1644","targetHints":{"allow":["GET"]}}],"collection":[{"href":"https:\/\/hoyre.no\/oslo\/wp-json\/wp\/v2\/posts"}],"about":[{"href":"https:\/\/hoyre.no\/oslo\/wp-json\/wp\/v2\/types\/post"}],"replies":[{"embeddable":true,"href":"https:\/\/hoyre.no\/oslo\/wp-json\/wp\/v2\/comments?post=1644"}],"version-history":[{"count":1,"href":"https:\/\/hoyre.no\/oslo\/wp-json\/wp\/v2\/posts\/1644\/revisions"}],"predecessor-version":[{"id":2844,"href":"https:\/\/hoyre.no\/oslo\/wp-json\/wp\/v2\/posts\/1644\/revisions\/2844"}],"wp:attachment":[{"href":"https:\/\/hoyre.no\/oslo\/wp-json\/wp\/v2\/media?parent=1644"}],"wp:term":[{"taxonomy":"category","embeddable":true,"href":"https:\/\/hoyre.no\/oslo\/wp-json\/wp\/v2\/category?post=1644"},{"taxonomy":"post_tag","embeddable":true,"href":"https:\/\/hoyre.no\/oslo\/wp-json\/wp\/v2\/post_tag?post=1644"},{"taxonomy":"hoyre-visibility","embeddable":true,"href":"https:\/\/hoyre.no\/oslo\/wp-json\/wp\/v2\/hoyre-visibility?post=1644"},{"taxonomy":"article-type","embeddable":true,"href":"https:\/\/hoyre.no\/oslo\/wp-json\/wp\/v2\/article-type?post=1644"},{"taxonomy":"politician","embeddable":true,"href":"https:\/\/hoyre.no\/oslo\/wp-json\/wp\/v2\/politician?post=1644"}],"curies":[{"name":"wp","href":"https:\/\/api.w.org\/{rel}","templated":true}]}}