{"id":1645,"date":"2014-06-04T21:42:48","date_gmt":"2014-06-04T21:42:48","guid":{"rendered":"https:\/\/hoyre.no\/oslo\/aktuelt\/bedre-bymiljo-med-byfortetning\/"},"modified":"2022-09-26T15:06:16","modified_gmt":"2022-09-26T13:06:16","slug":"bedre-bymiljo-med-byfortetning","status":"publish","type":"post","link":"https:\/\/hoyre.no\/oslo\/aktuelt\/bedre-bymiljo-med-byfortetning\/","title":{"rendered":"Bedre bymilj\u00f8 med byfortetning"},"content":{"rendered":"<figure class=\"hoyre-image-wrapper\"><div class=\"hoyre-image\"><img loading=\"lazy\" decoding=\"async\" width=\"1021\" height=\"522\" src=\"https:\/\/hoyre.no\/content\/uploads\/sites\/408\/2022\/09\/Radhuset-e1410260087236.jpg\" class=\"attachment-scaled size-scaled\" alt=\"\" style=\"object-position: 50% 50%\" srcset=\"https:\/\/hoyre.no\/content\/uploads\/sites\/408\/2022\/09\/Radhuset-e1410260087236.jpg 1021w, https:\/\/hoyre.no\/content\/uploads\/sites\/408\/2022\/09\/Radhuset-e1410260087236-300x153.jpg 300w, https:\/\/hoyre.no\/content\/uploads\/sites\/408\/2022\/09\/Radhuset-e1410260087236-768x393.jpg 768w\" sizes=\"auto, (max-width: 1021px) 100vw, 1021px\" \/><\/div><\/figure><div id=\"hoyre-old-article-content-wrapper\"><h2><strong>Bedre bymilj\u00f8 med byfortetning<\/strong><\/h2><p><strong>Til tross for stekende sommersol var det en god gruppe engasjerte H\u00f8yre-medlemmer som heller brukte tirsdagskvelden den 3. juni til \u00e5 diskutere fremtidens bomilj\u00f8 i hovedstaden.<\/strong><\/p><p>Tekst: Elin Fest\u00f8y<br \/>\nFoto: <a href=\"https:\/\/www.flickr.com\/photos\/joranostom\/\">J\u00f8ran \u00d8stom<\/a> &#8211; CC-lisens<\/p><p>Frogner og Majorstuen\/Uranienborg krets arrangerte en oppf\u00f8lgende workshop for \u00e5 diskutere byutvikling frem til 2030 i bakkant av temam\u00f8tet p\u00e5 Deichmannske den 12. mai, hvor B\u00e5rd Folke Fredriksen la frem forslaget til kommuneplan som skal opp til behandling i byr\u00e5d og bydelsutvalg i l\u00f8pet av h\u00f8sten.<\/p><p><a href=\"http:\/\/www.kommuneplan.oslo.kommune.no\/getfile.php\/Kommuneplan%20for%20Oslo%20(KPO)\/Internett%20(KPO)\/Dokumenter\/Vedlegg%202%20-%20Kommuneplan%202030-Juridisk%20del-v2.pdf\">Se forslag til Oslo Kommune -kommuneplan mot 2030<\/a><\/p><p>Jens J. Lie innledet og kunne ogs\u00e5 som ordstyrer notere seg at dette er et tema som engasjerer H\u00f8yre-medlemmene sterkt. B\u00e5rd Standal bidro ogs\u00e5 i debatten, og fikk med seg flere tanker og innspill som han som leder i \u00a0Frogner H\u00f8yres programkomit\u00e9 kan ta med seg i sitt arbeid med nytt bydelsprogram.<\/p><p>Noe av det som opptok flest medlemmer er tankene om byggeh\u00f8yde og knutepunktfortetting. \u00a0Opp mot 200.000 nye innbyggere skal kunne bosettes i hovedstaden i l\u00f8pet av de neste 16 \u00e5rene, og planen skisserer i hovedsak fortetting rundt t-baneomr\u00e5der. For Frogner bydel vil det viktigste temaet nok bli endringer p\u00e5 Majorstuen, trolig med etablering av boliger over t-banesporene. Bydelsplanene gir ogs\u00e5 rom for bygging av to ytterligere etasjer over gesimsh\u00f8yde i omr\u00e5der som Bygd\u00f8 All\u00e9, samt at fortetning skal kunne gj\u00f8res med opp mot 10 etasjer.<\/p><p>Men som mange var inne p\u00e5, s\u00e5 vil det v\u00e6re viktig \u00e5 f\u00e5 kommunisert at dette er de ytre begrensningene i reguleringsplanen, og ikke et m\u00e5l i seg selv. Frogner H\u00f8yre b\u00f8r f\u00e5 frem at v\u00e5rt m\u00e5l er en by med god bokvalitet og historisk bevissthet.<\/p><p><strong>Flere mennesker &#8211; mere liv<\/strong><\/p><p>Mange medlemmer var ogs\u00e5 opptatt av at det b\u00f8r argumenteres tydelig hvilke kvaliteter det vil gi for bomilj\u00f8et \u00e5 f\u00e5 en st\u00f8rre fortetning. En politikk hvor man fokuserer mer p\u00e5 boliger utenfor byen vil b\u00e5de gi mer trafikk og et mindre fleksibelt arbeidsmarket, hvor beboere kun vil lete etter jobb langs de transportaksene de bor langs. Mer mennesker i bykjernen vil gi bedre jobbfleksibilitet og ogs\u00e5 grunnlag for en mer levende by med st\u00f8rre grunnlag for n\u00e6ring og sosiale aktiviteter.<\/p><p>Diskusjonsgleden p\u00e5 workshop&#8217;en var generelt stor, og ga ogs\u00e5 kretsene i Frogner H\u00f8yre et godt signal om at medlemmene er interessert i \u00e5 f\u00e5 flere tilrettelagte diskusjonsarenaer hvor det er lavere terskel for \u00e5 delta i debatten. Programkomit\u00e9en fortalte samtidig at de vil sende sitt programutkast til h\u00f8ring i kretsene, slik at det etter alle solemerker trolig kommer nye politiske workshops i kretsene alt til h\u00f8sten.<\/p><p>Har du synspunkter til temaet eller innspill til kretsene? Send gjerne mail til oss: <a href=\"mailto:frognerkrets@frognerhoyre.no\">frognerkrets@frognerhoyre.no<\/a><\/p><p>&nbsp;<\/p>\n<\/div>\n<div class=\"tags\">\n\t<\/div>\n<div class=\"post-footer alignfull has-background block-editor-block-list__block\" data-align=full>\n\t<div class=\"post-footer-inner\">\n\t\t<h3>Relaterte artikler<\/h3>\n\t\t<div class=\"related-content\"><div class=\"is-card-hoyre\">\n\t<div class=\"teft-card hoyre-teft-card post-teft-card\">\n\t\t<a href=\"https:\/\/hoyre.no\/oslo\/aktuelt\/mdg-moralismen-fornekter-seg-ikke\/\" class=\"teft-card__primary-action\">\n\n\t\t\t\t\t<div class=\"teft-card__media teft-card__media--16-9\">\n\t\t\t\t\t\t<img loading=\"lazy\" decoding=\"async\" width=\"768\" height=\"512\" src=\"https:\/\/hoyre.no\/content\/uploads\/sites\/408\/2024\/01\/QZQlxtOC-768x512.jpeg\" class=\"attachment-medium_large size-medium_large\" alt=\"Merete Agerbak-Jensen\" srcset=\"https:\/\/hoyre.no\/content\/uploads\/sites\/408\/2024\/01\/QZQlxtOC-768x512.jpeg 768w, https:\/\/hoyre.no\/content\/uploads\/sites\/408\/2024\/01\/QZQlxtOC-300x200.jpeg 300w, https:\/\/hoyre.no\/content\/uploads\/sites\/408\/2024\/01\/QZQlxtOC-1024x683.jpeg 1024w, https:\/\/hoyre.no\/content\/uploads\/sites\/408\/2024\/01\/QZQlxtOC-1536x1024.jpeg 1536w, https:\/\/hoyre.no\/content\/uploads\/sites\/408\/2024\/01\/QZQlxtOC-2048x1365.jpeg 2048w\" sizes=\"auto, (max-width: 768px) 100vw, 768px\" \/>\t\t<\/div>\n\t\t\n\t\t\t<div class=\"teft-card__content-wrapper\">\n\t\t\t\t<div class=\"teft-card__secondary\">\n\t\t\t\t\t\n\t\t\t\t\t\t\t\t<div class=\"teft-card__meta\">\n\t\t\t\t\t\t\t\t\t<span class=\"post-date\">23. apr 2026<\/span>\n\n\t\t\t\t\t\t\t\t\t\t\t\t\t\t\t\t\t<\/div>\n\t\t\t\t\t\t\t\t\t\t\t<\/div>\n\n\t\t\t\t<div class=\"teft-card__primary\">\n\t\t\t\t\t<h2 class=\"teft-card__title\">MDG-moralismen fornekter seg ikke&nbsp;<span class=\"teft-card__primary-title-append\"><\/span><\/h2>\t\t\t\t<\/div>\n\t\t\t<\/div>\n\t\t<\/a>\n\t<\/div>\n\n\t<\/div><div class=\"is-card-hoyre\">\n\t<div class=\"teft-card hoyre-teft-card post-teft-card\">\n\t\t<a href=\"https:\/\/hoyre.no\/oslo\/aktuelt\/raskere-og-enklere-a-bygge-boliger-og-skape-arbeidsplasser-i-oslo\/\" class=\"teft-card__primary-action\">\n\n\t\t\t\t\t<div class=\"teft-card__media teft-card__media--16-9\">\n\t\t\t\t\t\t<img loading=\"lazy\" decoding=\"async\" width=\"768\" height=\"576\" src=\"https:\/\/hoyre.no\/content\/uploads\/sites\/408\/2026\/04\/Eirik-Lae-Solberg-og-Anita-Leirvik-North-768x576.jpg\" class=\"attachment-medium_large size-medium_large\" alt=\"\" srcset=\"https:\/\/hoyre.no\/content\/uploads\/sites\/408\/2026\/04\/Eirik-Lae-Solberg-og-Anita-Leirvik-North-768x576.jpg 768w, https:\/\/hoyre.no\/content\/uploads\/sites\/408\/2026\/04\/Eirik-Lae-Solberg-og-Anita-Leirvik-North-300x225.jpg 300w, https:\/\/hoyre.no\/content\/uploads\/sites\/408\/2026\/04\/Eirik-Lae-Solberg-og-Anita-Leirvik-North.jpg 901w\" sizes=\"auto, (max-width: 768px) 100vw, 768px\" \/>\t\t<\/div>\n\t\t\n\t\t\t<div class=\"teft-card__content-wrapper\">\n\t\t\t\t<div class=\"teft-card__secondary\">\n\t\t\t\t\t\n\t\t\t\t\t\t\t\t<div class=\"teft-card__meta\">\n\t\t\t\t\t\t\t\t\t<span class=\"post-date\">14. apr 2026<\/span>\n\n\t\t\t\t\t\t\t\t\t<span class=\"post-category\">Har lagt frem ny KPA:<\/span>\t\t\t\t\t\t\t\t<\/div>\n\t\t\t\t\t\t\t\t\t\t\t<\/div>\n\n\t\t\t\t<div class=\"teft-card__primary\">\n\t\t\t\t\t<h2 class=\"teft-card__title\">Raskere og enklere \u00e5 bygge boliger og skape arbeidsplasser i Oslo&nbsp;<span class=\"teft-card__primary-title-append\"><\/span><\/h2>\t\t\t\t<\/div>\n\t\t\t<\/div>\n\t\t<\/a>\n\t<\/div>\n\n\t<\/div><div class=\"is-card-hoyre\">\n\t<div class=\"teft-card hoyre-teft-card post-teft-card\">\n\t\t<a href=\"https:\/\/hoyre.no\/oslo\/aktuelt\/bedre-elevresultater-og-en-skoleokonomi-i-balanse-med-blagront-byrad\/\" class=\"teft-card__primary-action\">\n\n\t\t\t\t\t<div class=\"teft-card__media teft-card__media--16-9\">\n\t\t\t\t\t\t<img loading=\"lazy\" decoding=\"async\" width=\"768\" height=\"512\" src=\"https:\/\/hoyre.no\/content\/uploads\/sites\/408\/2025\/05\/IMG_6440-768x512.jpeg\" class=\"attachment-medium_large size-medium_large\" alt=\"Julie Remen Midtgarden\" srcset=\"https:\/\/hoyre.no\/content\/uploads\/sites\/408\/2025\/05\/IMG_6440-768x512.jpeg 768w, https:\/\/hoyre.no\/content\/uploads\/sites\/408\/2025\/05\/IMG_6440-300x200.jpeg 300w, https:\/\/hoyre.no\/content\/uploads\/sites\/408\/2025\/05\/IMG_6440-1024x683.jpeg 1024w, https:\/\/hoyre.no\/content\/uploads\/sites\/408\/2025\/05\/IMG_6440-1536x1024.jpeg 1536w, https:\/\/hoyre.no\/content\/uploads\/sites\/408\/2025\/05\/IMG_6440-2048x1365.jpeg 2048w\" sizes=\"auto, (max-width: 768px) 100vw, 768px\" \/>\t\t<\/div>\n\t\t\n\t\t\t<div class=\"teft-card__content-wrapper\">\n\t\t\t\t<div class=\"teft-card__secondary\">\n\t\t\t\t\t\n\t\t\t\t\t\t\t\t<div class=\"teft-card__meta\">\n\t\t\t\t\t\t\t\t\t<span class=\"post-date\">26. mar 2026<\/span>\n\n\t\t\t\t\t\t\t\t\t\t\t\t\t\t\t\t\t<\/div>\n\t\t\t\t\t\t\t\t\t\t\t<\/div>\n\n\t\t\t\t<div class=\"teft-card__primary\">\n\t\t\t\t\t<h2 class=\"teft-card__title\">Bedre elevresultater og en skole\u00f8konomi i balanse med bl\u00e5gr\u00f8nt byr\u00e5d&nbsp;<span class=\"teft-card__primary-title-append\"><\/span><\/h2>\t\t\t\t<\/div>\n\t\t\t<\/div>\n\t\t<\/a>\n\t<\/div>\n\n\t<\/div><\/div>\t<\/div>\n<\/div>\n","protected":false},"excerpt":{"rendered":"","protected":false},"author":0,"featured_media":0,"comment_status":"closed","ping_status":"closed","sticky":false,"template":"","format":"standard","meta":{"teft_cards_image_url":"","teft_cards_custom_pretitle":"","teft_cards_image_id":0,"teft_cards_image_focal_point_x":0,"teft_cards_image_focal_point_y":0,"teft_cards_title":"","teft_cards_excerpt":"","teft_show_chapters":false,"author_display_name":"Oslo H\u00f8yre","footnotes":""},"category":[1],"post_tag":[],"hoyre-visibility":[],"article-type":[],"politician":[],"class_list":["post-1645","post","type-post","status-publish","format-standard","hentry","category-nyheter"],"yoast_head":"<!-- This site is optimized with the Yoast SEO Premium plugin v26.5 (Yoast SEO v26.6) - https:\/\/yoast.com\/wordpress\/plugins\/seo\/ -->\n<title>Bedre bymilj\u00f8 med byfortetning - Oslo H\u00f8yre<\/title>\n<meta name=\"robots\" content=\"index, follow, max-snippet:-1, max-image-preview:large, max-video-preview:-1\" \/>\n<link rel=\"canonical\" href=\"https:\/\/hoyre.no\/oslo\/aktuelt\/bedre-bymiljo-med-byfortetning\/\" \/>\n<meta property=\"og:locale\" content=\"nb_NO\" \/>\n<meta property=\"og:type\" content=\"article\" \/>\n<meta property=\"og:title\" content=\"Bedre bymilj\u00f8 med byfortetning\" \/>\n<meta property=\"og:url\" content=\"https:\/\/hoyre.no\/oslo\/aktuelt\/bedre-bymiljo-med-byfortetning\/\" \/>\n<meta property=\"og:site_name\" content=\"Oslo H\u00f8yre\" \/>\n<meta property=\"article:publisher\" content=\"https:\/\/www.facebook.com\/oslo.hoyre\" \/>\n<meta property=\"article:published_time\" content=\"2014-06-04T21:42:48+00:00\" \/>\n<meta property=\"article:modified_time\" content=\"2022-09-26T13:06:16+00:00\" \/>\n<meta property=\"og:image\" content=\"https:\/\/hoyre.no\/content\/uploads\/sites\/408\/2022\/11\/Hoyres-logo.png\" \/>\n\t<meta property=\"og:image:width\" content=\"1000\" \/>\n\t<meta property=\"og:image:height\" content=\"1000\" \/>\n\t<meta property=\"og:image:type\" content=\"image\/png\" \/>\n<meta name=\"twitter:card\" content=\"summary_large_image\" \/>\n<meta name=\"twitter:label1\" content=\"Ansl. lesetid\" \/>\n\t<meta name=\"twitter:data1\" content=\"2 minutter\" \/>\n<script type=\"application\/ld+json\" class=\"yoast-schema-graph\">{\"@context\":\"https:\/\/schema.org\",\"@graph\":[{\"@type\":\"Article\",\"@id\":\"https:\/\/hoyre.no\/oslo\/aktuelt\/bedre-bymiljo-med-byfortetning\/#article\",\"isPartOf\":{\"@id\":\"https:\/\/hoyre.no\/oslo\/aktuelt\/bedre-bymiljo-med-byfortetning\/\"},\"author\":{\"name\":\"\",\"@id\":\"\"},\"headline\":\"Bedre bymilj\u00f8 med byfortetning\",\"datePublished\":\"2014-06-04T21:42:48+00:00\",\"dateModified\":\"2022-09-26T13:06:16+00:00\",\"mainEntityOfPage\":{\"@id\":\"https:\/\/hoyre.no\/oslo\/aktuelt\/bedre-bymiljo-med-byfortetning\/\"},\"wordCount\":483,\"publisher\":{\"@id\":\"https:\/\/hoyre.no\/oslo\/#organization\"},\"articleSection\":[\"Nyheter\"],\"inLanguage\":\"nb-NO\"},{\"@type\":\"NewsArticle\",\"@id\":\"https:\/\/hoyre.no\/oslo\/aktuelt\/bedre-bymiljo-med-byfortetning\/\",\"url\":\"https:\/\/hoyre.no\/oslo\/aktuelt\/bedre-bymiljo-med-byfortetning\/\",\"name\":\"Bedre bymilj\u00f8 med byfortetning - Oslo H\u00f8yre\",\"isPartOf\":{\"@id\":\"https:\/\/hoyre.no\/oslo\/#website\"},\"datePublished\":\"2014-06-04T21:42:48+00:00\",\"dateModified\":\"2022-09-26T13:06:16+00:00\",\"breadcrumb\":{\"@id\":\"https:\/\/hoyre.no\/oslo\/aktuelt\/bedre-bymiljo-med-byfortetning\/#breadcrumb\"},\"inLanguage\":\"nb-NO\",\"potentialAction\":[{\"@type\":\"ReadAction\",\"target\":[\"https:\/\/hoyre.no\/oslo\/aktuelt\/bedre-bymiljo-med-byfortetning\/\"]}]},{\"@type\":\"BreadcrumbList\",\"@id\":\"https:\/\/hoyre.no\/oslo\/aktuelt\/bedre-bymiljo-med-byfortetning\/#breadcrumb\",\"itemListElement\":[{\"@type\":\"ListItem\",\"position\":1,\"name\":\"Til hoyre.no\",\"item\":\"https:\/\/hoyre.no\"},{\"@type\":\"ListItem\",\"position\":2,\"name\":\"Hjem\",\"item\":\"https:\/\/hoyre.no\/oslo\/\"},{\"@type\":\"ListItem\",\"position\":3,\"name\":\"Bedre bymilj\u00f8 med byfortetning\"}]},{\"@type\":\"WebSite\",\"@id\":\"https:\/\/hoyre.no\/oslo\/#website\",\"url\":\"https:\/\/hoyre.no\/oslo\/\",\"name\":\"Oslo H\u00f8yre\",\"description\":\"\",\"publisher\":{\"@id\":\"https:\/\/hoyre.no\/oslo\/#organization\"},\"inLanguage\":\"nb-NO\"},{\"@type\":\"Organization\",\"@id\":\"https:\/\/hoyre.no\/oslo\/#organization\",\"name\":\"Oslo H\u00f8yre\",\"url\":\"https:\/\/hoyre.no\/oslo\/\",\"logo\":{\"@type\":\"ImageObject\",\"inLanguage\":\"nb-NO\",\"@id\":\"https:\/\/hoyre.no\/oslo\/#\/schema\/logo\/image\/\",\"url\":\"https:\/\/hoyre.no\/content\/uploads\/sites\/408\/2022\/11\/Hoyres-logo.png\",\"contentUrl\":\"https:\/\/hoyre.no\/content\/uploads\/sites\/408\/2022\/11\/Hoyres-logo.png\",\"width\":1000,\"height\":1000,\"caption\":\"Oslo H\u00f8yre\"},\"image\":{\"@id\":\"https:\/\/hoyre.no\/oslo\/#\/schema\/logo\/image\/\"},\"sameAs\":[\"https:\/\/www.facebook.com\/oslo.hoyre\"]}]}<\/script>\n<!-- \/ Yoast SEO Premium plugin. -->","yoast_head_json":{"title":"Bedre bymilj\u00f8 med byfortetning - Oslo H\u00f8yre","robots":{"index":"index","follow":"follow","max-snippet":"max-snippet:-1","max-image-preview":"max-image-preview:large","max-video-preview":"max-video-preview:-1"},"canonical":"https:\/\/hoyre.no\/oslo\/aktuelt\/bedre-bymiljo-med-byfortetning\/","og_locale":"nb_NO","og_type":"article","og_title":"Bedre bymilj\u00f8 med byfortetning","og_url":"https:\/\/hoyre.no\/oslo\/aktuelt\/bedre-bymiljo-med-byfortetning\/","og_site_name":"Oslo H\u00f8yre","article_publisher":"https:\/\/www.facebook.com\/oslo.hoyre","article_published_time":"2014-06-04T21:42:48+00:00","article_modified_time":"2022-09-26T13:06:16+00:00","og_image":[{"width":1000,"height":1000,"url":"https:\/\/hoyre.no\/content\/uploads\/sites\/408\/2022\/11\/Hoyres-logo.png","type":"image\/png"}],"twitter_card":"summary_large_image","twitter_misc":{"Ansl. lesetid":"2 minutter"},"schema":{"@context":"https:\/\/schema.org","@graph":[{"@type":"Article","@id":"https:\/\/hoyre.no\/oslo\/aktuelt\/bedre-bymiljo-med-byfortetning\/#article","isPartOf":{"@id":"https:\/\/hoyre.no\/oslo\/aktuelt\/bedre-bymiljo-med-byfortetning\/"},"author":{"name":"","@id":""},"headline":"Bedre bymilj\u00f8 med byfortetning","datePublished":"2014-06-04T21:42:48+00:00","dateModified":"2022-09-26T13:06:16+00:00","mainEntityOfPage":{"@id":"https:\/\/hoyre.no\/oslo\/aktuelt\/bedre-bymiljo-med-byfortetning\/"},"wordCount":483,"publisher":{"@id":"https:\/\/hoyre.no\/oslo\/#organization"},"articleSection":["Nyheter"],"inLanguage":"nb-NO"},{"@type":"NewsArticle","@id":"https:\/\/hoyre.no\/oslo\/aktuelt\/bedre-bymiljo-med-byfortetning\/","url":"https:\/\/hoyre.no\/oslo\/aktuelt\/bedre-bymiljo-med-byfortetning\/","name":"Bedre bymilj\u00f8 med byfortetning - Oslo H\u00f8yre","isPartOf":{"@id":"https:\/\/hoyre.no\/oslo\/#website"},"datePublished":"2014-06-04T21:42:48+00:00","dateModified":"2022-09-26T13:06:16+00:00","breadcrumb":{"@id":"https:\/\/hoyre.no\/oslo\/aktuelt\/bedre-bymiljo-med-byfortetning\/#breadcrumb"},"inLanguage":"nb-NO","potentialAction":[{"@type":"ReadAction","target":["https:\/\/hoyre.no\/oslo\/aktuelt\/bedre-bymiljo-med-byfortetning\/"]}]},{"@type":"BreadcrumbList","@id":"https:\/\/hoyre.no\/oslo\/aktuelt\/bedre-bymiljo-med-byfortetning\/#breadcrumb","itemListElement":[{"@type":"ListItem","position":1,"name":"Til hoyre.no","item":"https:\/\/hoyre.no"},{"@type":"ListItem","position":2,"name":"Hjem","item":"https:\/\/hoyre.no\/oslo\/"},{"@type":"ListItem","position":3,"name":"Bedre bymilj\u00f8 med byfortetning"}]},{"@type":"WebSite","@id":"https:\/\/hoyre.no\/oslo\/#website","url":"https:\/\/hoyre.no\/oslo\/","name":"Oslo H\u00f8yre","description":"","publisher":{"@id":"https:\/\/hoyre.no\/oslo\/#organization"},"inLanguage":"nb-NO"},{"@type":"Organization","@id":"https:\/\/hoyre.no\/oslo\/#organization","name":"Oslo H\u00f8yre","url":"https:\/\/hoyre.no\/oslo\/","logo":{"@type":"ImageObject","inLanguage":"nb-NO","@id":"https:\/\/hoyre.no\/oslo\/#\/schema\/logo\/image\/","url":"https:\/\/hoyre.no\/content\/uploads\/sites\/408\/2022\/11\/Hoyres-logo.png","contentUrl":"https:\/\/hoyre.no\/content\/uploads\/sites\/408\/2022\/11\/Hoyres-logo.png","width":1000,"height":1000,"caption":"Oslo H\u00f8yre"},"image":{"@id":"https:\/\/hoyre.no\/oslo\/#\/schema\/logo\/image\/"},"sameAs":["https:\/\/www.facebook.com\/oslo.hoyre"]}]}},"distributor_meta":false,"distributor_terms":false,"distributor_media":false,"distributor_original_site_name":"Oslo H\u00f8yre","distributor_original_site_url":"https:\/\/hoyre.no\/oslo","push-errors":false,"_links":{"self":[{"href":"https:\/\/hoyre.no\/oslo\/wp-json\/wp\/v2\/posts\/1645","targetHints":{"allow":["GET"]}}],"collection":[{"href":"https:\/\/hoyre.no\/oslo\/wp-json\/wp\/v2\/posts"}],"about":[{"href":"https:\/\/hoyre.no\/oslo\/wp-json\/wp\/v2\/types\/post"}],"replies":[{"embeddable":true,"href":"https:\/\/hoyre.no\/oslo\/wp-json\/wp\/v2\/comments?post=1645"}],"version-history":[{"count":1,"href":"https:\/\/hoyre.no\/oslo\/wp-json\/wp\/v2\/posts\/1645\/revisions"}],"predecessor-version":[{"id":2845,"href":"https:\/\/hoyre.no\/oslo\/wp-json\/wp\/v2\/posts\/1645\/revisions\/2845"}],"wp:attachment":[{"href":"https:\/\/hoyre.no\/oslo\/wp-json\/wp\/v2\/media?parent=1645"}],"wp:term":[{"taxonomy":"category","embeddable":true,"href":"https:\/\/hoyre.no\/oslo\/wp-json\/wp\/v2\/category?post=1645"},{"taxonomy":"post_tag","embeddable":true,"href":"https:\/\/hoyre.no\/oslo\/wp-json\/wp\/v2\/post_tag?post=1645"},{"taxonomy":"hoyre-visibility","embeddable":true,"href":"https:\/\/hoyre.no\/oslo\/wp-json\/wp\/v2\/hoyre-visibility?post=1645"},{"taxonomy":"article-type","embeddable":true,"href":"https:\/\/hoyre.no\/oslo\/wp-json\/wp\/v2\/article-type?post=1645"},{"taxonomy":"politician","embeddable":true,"href":"https:\/\/hoyre.no\/oslo\/wp-json\/wp\/v2\/politician?post=1645"}],"curies":[{"name":"wp","href":"https:\/\/api.w.org\/{rel}","templated":true}]}}