{"id":1650,"date":"2014-05-27T13:10:58","date_gmt":"2014-05-27T13:10:58","guid":{"rendered":"https:\/\/hoyre.no\/oslo\/aktuelt\/takket-torger-for-innsatsen\/"},"modified":"2022-09-26T15:06:17","modified_gmt":"2022-09-26T13:06:17","slug":"takket-torger-for-innsatsen","status":"publish","type":"post","link":"https:\/\/hoyre.no\/oslo\/aktuelt\/takket-torger-for-innsatsen\/","title":{"rendered":"Takket Torger for innsatsen"},"content":{"rendered":"<figure class=\"hoyre-image-wrapper\"><div class=\"hoyre-image\"><img loading=\"lazy\" decoding=\"async\" width=\"1024\" height=\"547\" src=\"https:\/\/hoyre.no\/content\/uploads\/sites\/408\/2022\/09\/DSC_0117-e1401195423509.jpg\" class=\"attachment-scaled size-scaled\" alt=\"\" style=\"object-position: 50% 50%\" srcset=\"https:\/\/hoyre.no\/content\/uploads\/sites\/408\/2022\/09\/DSC_0117-e1401195423509.jpg 1024w, https:\/\/hoyre.no\/content\/uploads\/sites\/408\/2022\/09\/DSC_0117-e1401195423509-300x160.jpg 300w, https:\/\/hoyre.no\/content\/uploads\/sites\/408\/2022\/09\/DSC_0117-e1401195423509-768x410.jpg 768w\" sizes=\"auto, (max-width: 1024px) 100vw, 1024px\" \/><\/div><\/figure><div id=\"hoyre-old-article-content-wrapper\"><p>Oslos ordf\u00f8rer Fabian Stang takket p\u00e5 vegne av Oslo H\u00f8yres representantskap Torger \u00d8degaard for stor innsats for partiet.<\/p><p>Torger har v\u00e6rt en av de mest synlige politikerne i Oslo-politikken det siste 10 \u00e5ret, og er mest kjent som skolebyr\u00e5den som gjorde Oslo-skolen til landets beste og kulturbyr\u00e5den som bidro sterkt til at Deichman og Munch-museet ble flyttet til Bj\u00f8rvika.<\/p><figure id=\"attachment_2993\" aria-describedby=\"caption-attachment-2993\"><a href=\"https:\/\/www.oslohoyre.no\/wp-content\/uploads\/2014\/05\/10298838_10152419173406343_443102222736110018_n-e1401196121189.jpg\"><img decoding=\"async\" loading=\"lazy\" src=\"https:\/\/hoyre.no\/content\/uploads\/sites\/408\/2022\/09\/10298838_10152419173406343_443102222736110018_n-e1401196121189.jpg\" alt=\"Foto: Gulsum Koc\" width=\"300\" height=\"400\" srcset=\"https:\/\/hoyre.no\/content\/uploads\/sites\/408\/2022\/09\/10298838_10152419173406343_443102222736110018_n-e1401196121189.jpg 300w, https:\/\/www.oslohoyre.no\/wp-content\/uploads\/2014\/05\/10298838_10152419173406343_443102222736110018_n-e1401196121189-225x300.jpg 225w\" sizes=\"auto, (max-width: 300px) 100vw, 300px\" \/><\/a><figcaption id=\"caption-attachment-2993\">Foto: Gulsum Koc<\/figcaption><\/figure><p><strong>Her er utdrag av takketalen Fabian Stang holdt i representantskapet mandag 26. mai 2014:<\/strong><br \/>\nTorger kom til Oslo H\u00f8yre for snart 20 \u00e5r siden, den 15. juni 1994, som politisk sekret\u00e6r for Oslo H\u00f8yres leder Jon Lyng. Her var han i 2,5 \u00e5r til han i januar 1997 ble oppnevnt som byr\u00e5dssekret\u00e6r for presse og informasjon for byr\u00e5dsleder Fritz Huitfelt. Det var han frem til 2000 da Torger ble stabssjef for p\u00e5troppende byr\u00e5dsleder Erling Laes byr\u00e5dssekret\u00e6rer.<\/p><p>Men det var i 2001, da han ble byr\u00e5d for f\u00f8rste gang at han fikk vist sin politiske kapasitet skikkelig. Torger gikk rett inn i en tung posisjon med det politiske ansvaret for alle 25 bydelene og eldreomsorgen, og etter omm\u00f8bleringen i byr\u00e5det i \u00e5ret etter fikk han ogs\u00e5 ansvaret for prim\u00e6rhelsetjenesten, sosialtjenesten og rusomsorgen. Han hadde blant annet utfordringene med det \u00e5pne narkomilj\u00f8et i sentrum, som da var rundt Eika ved Akerselva. Og han erkl\u00e6rte krig mot hospits-haiene for \u00e5 f\u00e5 de useri\u00f8se eierne av hospitser ut av det kommunale tilbudet, for \u00e5 gi hjeml\u00f8se et bedre botilbud. Men han engasjerte seg ogs\u00e5 i \u00ablettere saker\u00bb. Til Dagbladet fortalte du i r\u00f8ykeforbudsdebatten som raste i 2001 at \u00abHvis det blir totalforbud mot r\u00f8yking p\u00e5 utestedene, tror jeg Oslo vil bli en kjedeligere by\u00bb.<\/p><p>I 2003 ble Torger utnevnt til byr\u00e5d for utdanning. Det er under Torgers tid som byr\u00e5d her at Oslo-skolen har blitt landets beste skole mange \u00e5r p\u00e5 rad og et utstillingsvindu for H\u00f8yres skolepolitikk.<br \/>\nTorger har v\u00e6rt opptatt av at skolen skal v\u00e6re b\u00e5de et godt sted \u00e5 l\u00e6re, men ogs\u00e5 en god arena for integrering. I utallige debatter har vi h\u00f8rt ham snakke varmt om basisfagene og \u00e5 gi hver enkelt elev noe \u00e5 strekke seg etter, mens statsr\u00e5dene fra de r\u00f8dgr\u00f8nne har disket opp med varm kyllinglunsj og artige valgfag.<\/p><p>Han jobbet for opprettelsen av eliteklasser, mens den r\u00f8dgr\u00f8nne regjeringen strittet i mot, og fikk i 2009 gjennomslag for en ballettlinje ved Rusel\u00f8kka ungdomsskole og i 2011 \u00e5pnet en klasse for musikktalenter ved Majorstuen skole.<br \/>\nP\u00e5 byr\u00e5dets initiativ ble Bogstad skole i Oslo innviet som Norges f\u00f8rste OPS-skole, senere fulgte blant annet skolene H\u00f8ybr\u00e5ten og Persbr\u00e5ten. Han har ogs\u00e5 gjort seg bemerket som motstander av obligatorisk, skriftlig oppl\u00e6ring i sidem\u00e5l i Oslo-skolen. Til stor jubel under skolevalgene!<\/p><p>Fra 2008 til 2011 hadde han ogs\u00e5 ansvaret for kulturfeltet, og her gjorde hans seg sterkt bemerket med flere store prosjekter, som planene om \u00e5 flytte Munch-museet og Deichmanske bibliotek til Bj\u00f8rvika, og han fikk bygget og finansiert Schous kulturbryggeri p\u00e5 Gr\u00fcnerl\u00f8kka.<\/p><p>Det siste \u00e5ret i byr\u00e5det fikk Torger ansvaret for den viktige finansavdelingen. Ingen andre har hatt den samme erfaringen som Torger fra s\u00e5 mange forskjellige poster i byr\u00e5det over en s\u00e5 lang tid, s\u00e5 \u00f8konomien var i de beste hender. Han fikk fart p\u00e5 Oslo kommunes arbeid med elektroniske tjenester, og han var opptatt av \u00e5 forenkle og gj\u00f8re det mer tilgjengelig for innbyggerne. Han var sv\u00e6rt opptatt av l\u00e6rlinger og noe av det siste han gjorde som byr\u00e5d var \u00e5 stramme inn l\u00e6rlingeklausulen slik at flere av v\u00e5re elever skulle f\u00e5 tilbud om l\u00e6rlingeplass og f\u00e5 muligheten til \u00e5 fullf\u00f8re videreg\u00e5ende oppl\u00e6ring.<\/p><p>En som har v\u00e6rt finansbyr\u00e5d vil nok kanskje smile litt av tallenes tale. Torger har v\u00e6rt byr\u00e5d i til sammen 4809 dager, og dermed 169 dager lengre enn Erling Lae. 13 \u00e5r som byr\u00e5d er en bragd ingen andre har gjort. Du har grunn til \u00e5 v\u00e6re stolt.<\/p><p>Vi takker for en solid innsats og \u00f8nsker deg lykke til i din nye jobb ved Lovisenberg Diakonale sykehus, og h\u00e5per du ikke glemmer oss selv om du n\u00e5 ikke frekventerer r\u00e5dhuset eller H\u00f8yres hus like ofte som tidligere.<\/p><p>Torger fikk overrakt blomster og en flott H\u00f8yre-vase fra Steninge slott fra partiet.<\/p>\n<\/div>\n<div class=\"tags\">\n\t<\/div>\n<div class=\"post-footer alignfull has-background block-editor-block-list__block\" data-align=full>\n\t<div class=\"post-footer-inner\">\n\t\t<h3>Relaterte artikler<\/h3>\n\t\t<div class=\"related-content\"><div class=\"is-card-hoyre\">\n\t<div class=\"teft-card hoyre-teft-card post-teft-card\">\n\t\t<a href=\"https:\/\/hoyre.no\/oslo\/aktuelt\/mdg-moralismen-fornekter-seg-ikke\/\" class=\"teft-card__primary-action\">\n\n\t\t\t\t\t<div class=\"teft-card__media teft-card__media--16-9\">\n\t\t\t\t\t\t<img loading=\"lazy\" decoding=\"async\" width=\"768\" height=\"512\" src=\"https:\/\/hoyre.no\/content\/uploads\/sites\/408\/2024\/01\/QZQlxtOC-768x512.jpeg\" class=\"attachment-medium_large size-medium_large\" alt=\"Merete Agerbak-Jensen\" srcset=\"https:\/\/hoyre.no\/content\/uploads\/sites\/408\/2024\/01\/QZQlxtOC-768x512.jpeg 768w, https:\/\/hoyre.no\/content\/uploads\/sites\/408\/2024\/01\/QZQlxtOC-300x200.jpeg 300w, https:\/\/hoyre.no\/content\/uploads\/sites\/408\/2024\/01\/QZQlxtOC-1024x683.jpeg 1024w, https:\/\/hoyre.no\/content\/uploads\/sites\/408\/2024\/01\/QZQlxtOC-1536x1024.jpeg 1536w, https:\/\/hoyre.no\/content\/uploads\/sites\/408\/2024\/01\/QZQlxtOC-2048x1365.jpeg 2048w\" sizes=\"auto, (max-width: 768px) 100vw, 768px\" \/>\t\t<\/div>\n\t\t\n\t\t\t<div class=\"teft-card__content-wrapper\">\n\t\t\t\t<div class=\"teft-card__secondary\">\n\t\t\t\t\t\n\t\t\t\t\t\t\t\t<div class=\"teft-card__meta\">\n\t\t\t\t\t\t\t\t\t<span class=\"post-date\">23. apr 2026<\/span>\n\n\t\t\t\t\t\t\t\t\t\t\t\t\t\t\t\t\t<\/div>\n\t\t\t\t\t\t\t\t\t\t\t<\/div>\n\n\t\t\t\t<div class=\"teft-card__primary\">\n\t\t\t\t\t<h2 class=\"teft-card__title\">MDG-moralismen fornekter seg ikke&nbsp;<span class=\"teft-card__primary-title-append\"><\/span><\/h2>\t\t\t\t<\/div>\n\t\t\t<\/div>\n\t\t<\/a>\n\t<\/div>\n\n\t<\/div><div class=\"is-card-hoyre\">\n\t<div class=\"teft-card hoyre-teft-card post-teft-card\">\n\t\t<a href=\"https:\/\/hoyre.no\/oslo\/aktuelt\/raskere-og-enklere-a-bygge-boliger-og-skape-arbeidsplasser-i-oslo\/\" class=\"teft-card__primary-action\">\n\n\t\t\t\t\t<div class=\"teft-card__media teft-card__media--16-9\">\n\t\t\t\t\t\t<img loading=\"lazy\" decoding=\"async\" width=\"768\" height=\"576\" src=\"https:\/\/hoyre.no\/content\/uploads\/sites\/408\/2026\/04\/Eirik-Lae-Solberg-og-Anita-Leirvik-North-768x576.jpg\" class=\"attachment-medium_large size-medium_large\" alt=\"\" srcset=\"https:\/\/hoyre.no\/content\/uploads\/sites\/408\/2026\/04\/Eirik-Lae-Solberg-og-Anita-Leirvik-North-768x576.jpg 768w, https:\/\/hoyre.no\/content\/uploads\/sites\/408\/2026\/04\/Eirik-Lae-Solberg-og-Anita-Leirvik-North-300x225.jpg 300w, https:\/\/hoyre.no\/content\/uploads\/sites\/408\/2026\/04\/Eirik-Lae-Solberg-og-Anita-Leirvik-North.jpg 901w\" sizes=\"auto, (max-width: 768px) 100vw, 768px\" \/>\t\t<\/div>\n\t\t\n\t\t\t<div class=\"teft-card__content-wrapper\">\n\t\t\t\t<div class=\"teft-card__secondary\">\n\t\t\t\t\t\n\t\t\t\t\t\t\t\t<div class=\"teft-card__meta\">\n\t\t\t\t\t\t\t\t\t<span class=\"post-date\">14. apr 2026<\/span>\n\n\t\t\t\t\t\t\t\t\t<span class=\"post-category\">Har lagt frem ny KPA:<\/span>\t\t\t\t\t\t\t\t<\/div>\n\t\t\t\t\t\t\t\t\t\t\t<\/div>\n\n\t\t\t\t<div class=\"teft-card__primary\">\n\t\t\t\t\t<h2 class=\"teft-card__title\">Raskere og enklere \u00e5 bygge boliger og skape arbeidsplasser i Oslo&nbsp;<span class=\"teft-card__primary-title-append\"><\/span><\/h2>\t\t\t\t<\/div>\n\t\t\t<\/div>\n\t\t<\/a>\n\t<\/div>\n\n\t<\/div><div class=\"is-card-hoyre\">\n\t<div class=\"teft-card hoyre-teft-card post-teft-card\">\n\t\t<a href=\"https:\/\/hoyre.no\/oslo\/aktuelt\/bedre-elevresultater-og-en-skoleokonomi-i-balanse-med-blagront-byrad\/\" class=\"teft-card__primary-action\">\n\n\t\t\t\t\t<div class=\"teft-card__media teft-card__media--16-9\">\n\t\t\t\t\t\t<img loading=\"lazy\" decoding=\"async\" width=\"768\" height=\"512\" src=\"https:\/\/hoyre.no\/content\/uploads\/sites\/408\/2025\/05\/IMG_6440-768x512.jpeg\" class=\"attachment-medium_large size-medium_large\" alt=\"Julie Remen Midtgarden\" srcset=\"https:\/\/hoyre.no\/content\/uploads\/sites\/408\/2025\/05\/IMG_6440-768x512.jpeg 768w, https:\/\/hoyre.no\/content\/uploads\/sites\/408\/2025\/05\/IMG_6440-300x200.jpeg 300w, https:\/\/hoyre.no\/content\/uploads\/sites\/408\/2025\/05\/IMG_6440-1024x683.jpeg 1024w, https:\/\/hoyre.no\/content\/uploads\/sites\/408\/2025\/05\/IMG_6440-1536x1024.jpeg 1536w, https:\/\/hoyre.no\/content\/uploads\/sites\/408\/2025\/05\/IMG_6440-2048x1365.jpeg 2048w\" sizes=\"auto, (max-width: 768px) 100vw, 768px\" \/>\t\t<\/div>\n\t\t\n\t\t\t<div class=\"teft-card__content-wrapper\">\n\t\t\t\t<div class=\"teft-card__secondary\">\n\t\t\t\t\t\n\t\t\t\t\t\t\t\t<div class=\"teft-card__meta\">\n\t\t\t\t\t\t\t\t\t<span class=\"post-date\">26. mar 2026<\/span>\n\n\t\t\t\t\t\t\t\t\t\t\t\t\t\t\t\t\t<\/div>\n\t\t\t\t\t\t\t\t\t\t\t<\/div>\n\n\t\t\t\t<div class=\"teft-card__primary\">\n\t\t\t\t\t<h2 class=\"teft-card__title\">Bedre elevresultater og en skole\u00f8konomi i balanse med bl\u00e5gr\u00f8nt byr\u00e5d&nbsp;<span class=\"teft-card__primary-title-append\"><\/span><\/h2>\t\t\t\t<\/div>\n\t\t\t<\/div>\n\t\t<\/a>\n\t<\/div>\n\n\t<\/div><\/div>\t<\/div>\n<\/div>\n","protected":false},"excerpt":{"rendered":"","protected":false},"author":0,"featured_media":1651,"comment_status":"closed","ping_status":"open","sticky":false,"template":"","format":"standard","meta":{"teft_cards_image_url":"","teft_cards_custom_pretitle":"","teft_cards_image_id":1651,"teft_cards_image_focal_point_x":0,"teft_cards_image_focal_point_y":0,"teft_cards_title":"","teft_cards_excerpt":"","teft_show_chapters":false,"author_display_name":"Oslo H\u00f8yre","footnotes":""},"category":[1],"post_tag":[],"hoyre-visibility":[],"article-type":[],"politician":[],"class_list":["post-1650","post","type-post","status-publish","format-standard","hentry","category-nyheter"],"yoast_head":"<!-- This site is optimized with the Yoast SEO Premium plugin v26.5 (Yoast SEO v26.6) - https:\/\/yoast.com\/wordpress\/plugins\/seo\/ -->\n<title>Takket Torger for innsatsen - Oslo H\u00f8yre<\/title>\n<meta name=\"robots\" content=\"index, follow, max-snippet:-1, max-image-preview:large, max-video-preview:-1\" \/>\n<link rel=\"canonical\" href=\"https:\/\/hoyre.no\/oslo\/aktuelt\/takket-torger-for-innsatsen\/\" \/>\n<meta property=\"og:locale\" content=\"nb_NO\" \/>\n<meta property=\"og:type\" content=\"article\" \/>\n<meta property=\"og:title\" content=\"Takket Torger for innsatsen\" \/>\n<meta property=\"og:url\" content=\"https:\/\/hoyre.no\/oslo\/aktuelt\/takket-torger-for-innsatsen\/\" \/>\n<meta property=\"og:site_name\" content=\"Oslo H\u00f8yre\" \/>\n<meta property=\"article:publisher\" content=\"https:\/\/www.facebook.com\/oslo.hoyre\" \/>\n<meta property=\"article:published_time\" content=\"2014-05-27T13:10:58+00:00\" \/>\n<meta property=\"article:modified_time\" content=\"2022-09-26T13:06:17+00:00\" \/>\n<meta property=\"og:image\" content=\"https:\/\/hoyre.no\/content\/uploads\/sites\/408\/2022\/09\/DSC_0117-e1401195423509.jpg\" \/>\n\t<meta property=\"og:image:width\" content=\"1024\" \/>\n\t<meta property=\"og:image:height\" content=\"547\" \/>\n\t<meta property=\"og:image:type\" content=\"image\/jpeg\" \/>\n<meta name=\"twitter:card\" content=\"summary_large_image\" \/>\n<meta name=\"twitter:label1\" content=\"Ansl. lesetid\" \/>\n\t<meta name=\"twitter:data1\" content=\"4 minutter\" \/>\n<script type=\"application\/ld+json\" class=\"yoast-schema-graph\">{\"@context\":\"https:\/\/schema.org\",\"@graph\":[{\"@type\":\"Article\",\"@id\":\"https:\/\/hoyre.no\/oslo\/aktuelt\/takket-torger-for-innsatsen\/#article\",\"isPartOf\":{\"@id\":\"https:\/\/hoyre.no\/oslo\/aktuelt\/takket-torger-for-innsatsen\/\"},\"author\":{\"name\":\"\",\"@id\":\"\"},\"headline\":\"Takket Torger for innsatsen\",\"datePublished\":\"2014-05-27T13:10:58+00:00\",\"dateModified\":\"2022-09-26T13:06:17+00:00\",\"mainEntityOfPage\":{\"@id\":\"https:\/\/hoyre.no\/oslo\/aktuelt\/takket-torger-for-innsatsen\/\"},\"wordCount\":748,\"publisher\":{\"@id\":\"https:\/\/hoyre.no\/oslo\/#organization\"},\"image\":{\"@id\":\"https:\/\/hoyre.no\/oslo\/aktuelt\/takket-torger-for-innsatsen\/#primaryimage\"},\"thumbnailUrl\":\"https:\/\/hoyre.no\/content\/uploads\/sites\/408\/2022\/09\/DSC_0117-e1401195423509.jpg\",\"articleSection\":[\"Nyheter\"],\"inLanguage\":\"nb-NO\"},{\"@type\":\"NewsArticle\",\"@id\":\"https:\/\/hoyre.no\/oslo\/aktuelt\/takket-torger-for-innsatsen\/\",\"url\":\"https:\/\/hoyre.no\/oslo\/aktuelt\/takket-torger-for-innsatsen\/\",\"name\":\"Takket Torger for innsatsen - Oslo H\u00f8yre\",\"isPartOf\":{\"@id\":\"https:\/\/hoyre.no\/oslo\/#website\"},\"image\":{\"@id\":\"https:\/\/hoyre.no\/oslo\/aktuelt\/takket-torger-for-innsatsen\/#primaryimage\"},\"thumbnailUrl\":\"https:\/\/hoyre.no\/content\/uploads\/sites\/408\/2022\/09\/DSC_0117-e1401195423509.jpg\",\"datePublished\":\"2014-05-27T13:10:58+00:00\",\"dateModified\":\"2022-09-26T13:06:17+00:00\",\"breadcrumb\":{\"@id\":\"https:\/\/hoyre.no\/oslo\/aktuelt\/takket-torger-for-innsatsen\/#breadcrumb\"},\"inLanguage\":\"nb-NO\",\"potentialAction\":[{\"@type\":\"ReadAction\",\"target\":[\"https:\/\/hoyre.no\/oslo\/aktuelt\/takket-torger-for-innsatsen\/\"]}]},{\"@type\":\"ImageObject\",\"inLanguage\":\"nb-NO\",\"@id\":\"https:\/\/hoyre.no\/oslo\/aktuelt\/takket-torger-for-innsatsen\/#primaryimage\",\"url\":\"https:\/\/hoyre.no\/content\/uploads\/sites\/408\/2022\/09\/DSC_0117-e1401195423509.jpg\",\"contentUrl\":\"https:\/\/hoyre.no\/content\/uploads\/sites\/408\/2022\/09\/DSC_0117-e1401195423509.jpg\",\"width\":1024,\"height\":547},{\"@type\":\"BreadcrumbList\",\"@id\":\"https:\/\/hoyre.no\/oslo\/aktuelt\/takket-torger-for-innsatsen\/#breadcrumb\",\"itemListElement\":[{\"@type\":\"ListItem\",\"position\":1,\"name\":\"Til hoyre.no\",\"item\":\"https:\/\/hoyre.no\"},{\"@type\":\"ListItem\",\"position\":2,\"name\":\"Hjem\",\"item\":\"https:\/\/hoyre.no\/oslo\/\"},{\"@type\":\"ListItem\",\"position\":3,\"name\":\"Takket Torger for innsatsen\"}]},{\"@type\":\"WebSite\",\"@id\":\"https:\/\/hoyre.no\/oslo\/#website\",\"url\":\"https:\/\/hoyre.no\/oslo\/\",\"name\":\"Oslo H\u00f8yre\",\"description\":\"\",\"publisher\":{\"@id\":\"https:\/\/hoyre.no\/oslo\/#organization\"},\"inLanguage\":\"nb-NO\"},{\"@type\":\"Organization\",\"@id\":\"https:\/\/hoyre.no\/oslo\/#organization\",\"name\":\"Oslo H\u00f8yre\",\"url\":\"https:\/\/hoyre.no\/oslo\/\",\"logo\":{\"@type\":\"ImageObject\",\"inLanguage\":\"nb-NO\",\"@id\":\"https:\/\/hoyre.no\/oslo\/#\/schema\/logo\/image\/\",\"url\":\"https:\/\/hoyre.no\/content\/uploads\/sites\/408\/2022\/11\/Hoyres-logo.png\",\"contentUrl\":\"https:\/\/hoyre.no\/content\/uploads\/sites\/408\/2022\/11\/Hoyres-logo.png\",\"width\":1000,\"height\":1000,\"caption\":\"Oslo H\u00f8yre\"},\"image\":{\"@id\":\"https:\/\/hoyre.no\/oslo\/#\/schema\/logo\/image\/\"},\"sameAs\":[\"https:\/\/www.facebook.com\/oslo.hoyre\"]}]}<\/script>\n<!-- \/ Yoast SEO Premium plugin. -->","yoast_head_json":{"title":"Takket Torger for innsatsen - Oslo H\u00f8yre","robots":{"index":"index","follow":"follow","max-snippet":"max-snippet:-1","max-image-preview":"max-image-preview:large","max-video-preview":"max-video-preview:-1"},"canonical":"https:\/\/hoyre.no\/oslo\/aktuelt\/takket-torger-for-innsatsen\/","og_locale":"nb_NO","og_type":"article","og_title":"Takket Torger for innsatsen","og_url":"https:\/\/hoyre.no\/oslo\/aktuelt\/takket-torger-for-innsatsen\/","og_site_name":"Oslo H\u00f8yre","article_publisher":"https:\/\/www.facebook.com\/oslo.hoyre","article_published_time":"2014-05-27T13:10:58+00:00","article_modified_time":"2022-09-26T13:06:17+00:00","og_image":[{"width":1024,"height":547,"url":"https:\/\/hoyre.no\/content\/uploads\/sites\/408\/2022\/09\/DSC_0117-e1401195423509.jpg","type":"image\/jpeg"}],"twitter_card":"summary_large_image","twitter_misc":{"Ansl. lesetid":"4 minutter"},"schema":{"@context":"https:\/\/schema.org","@graph":[{"@type":"Article","@id":"https:\/\/hoyre.no\/oslo\/aktuelt\/takket-torger-for-innsatsen\/#article","isPartOf":{"@id":"https:\/\/hoyre.no\/oslo\/aktuelt\/takket-torger-for-innsatsen\/"},"author":{"name":"","@id":""},"headline":"Takket Torger for innsatsen","datePublished":"2014-05-27T13:10:58+00:00","dateModified":"2022-09-26T13:06:17+00:00","mainEntityOfPage":{"@id":"https:\/\/hoyre.no\/oslo\/aktuelt\/takket-torger-for-innsatsen\/"},"wordCount":748,"publisher":{"@id":"https:\/\/hoyre.no\/oslo\/#organization"},"image":{"@id":"https:\/\/hoyre.no\/oslo\/aktuelt\/takket-torger-for-innsatsen\/#primaryimage"},"thumbnailUrl":"https:\/\/hoyre.no\/content\/uploads\/sites\/408\/2022\/09\/DSC_0117-e1401195423509.jpg","articleSection":["Nyheter"],"inLanguage":"nb-NO"},{"@type":"NewsArticle","@id":"https:\/\/hoyre.no\/oslo\/aktuelt\/takket-torger-for-innsatsen\/","url":"https:\/\/hoyre.no\/oslo\/aktuelt\/takket-torger-for-innsatsen\/","name":"Takket Torger for innsatsen - Oslo H\u00f8yre","isPartOf":{"@id":"https:\/\/hoyre.no\/oslo\/#website"},"image":{"@id":"https:\/\/hoyre.no\/oslo\/aktuelt\/takket-torger-for-innsatsen\/#primaryimage"},"thumbnailUrl":"https:\/\/hoyre.no\/content\/uploads\/sites\/408\/2022\/09\/DSC_0117-e1401195423509.jpg","datePublished":"2014-05-27T13:10:58+00:00","dateModified":"2022-09-26T13:06:17+00:00","breadcrumb":{"@id":"https:\/\/hoyre.no\/oslo\/aktuelt\/takket-torger-for-innsatsen\/#breadcrumb"},"inLanguage":"nb-NO","potentialAction":[{"@type":"ReadAction","target":["https:\/\/hoyre.no\/oslo\/aktuelt\/takket-torger-for-innsatsen\/"]}]},{"@type":"ImageObject","inLanguage":"nb-NO","@id":"https:\/\/hoyre.no\/oslo\/aktuelt\/takket-torger-for-innsatsen\/#primaryimage","url":"https:\/\/hoyre.no\/content\/uploads\/sites\/408\/2022\/09\/DSC_0117-e1401195423509.jpg","contentUrl":"https:\/\/hoyre.no\/content\/uploads\/sites\/408\/2022\/09\/DSC_0117-e1401195423509.jpg","width":1024,"height":547},{"@type":"BreadcrumbList","@id":"https:\/\/hoyre.no\/oslo\/aktuelt\/takket-torger-for-innsatsen\/#breadcrumb","itemListElement":[{"@type":"ListItem","position":1,"name":"Til hoyre.no","item":"https:\/\/hoyre.no"},{"@type":"ListItem","position":2,"name":"Hjem","item":"https:\/\/hoyre.no\/oslo\/"},{"@type":"ListItem","position":3,"name":"Takket Torger for innsatsen"}]},{"@type":"WebSite","@id":"https:\/\/hoyre.no\/oslo\/#website","url":"https:\/\/hoyre.no\/oslo\/","name":"Oslo H\u00f8yre","description":"","publisher":{"@id":"https:\/\/hoyre.no\/oslo\/#organization"},"inLanguage":"nb-NO"},{"@type":"Organization","@id":"https:\/\/hoyre.no\/oslo\/#organization","name":"Oslo H\u00f8yre","url":"https:\/\/hoyre.no\/oslo\/","logo":{"@type":"ImageObject","inLanguage":"nb-NO","@id":"https:\/\/hoyre.no\/oslo\/#\/schema\/logo\/image\/","url":"https:\/\/hoyre.no\/content\/uploads\/sites\/408\/2022\/11\/Hoyres-logo.png","contentUrl":"https:\/\/hoyre.no\/content\/uploads\/sites\/408\/2022\/11\/Hoyres-logo.png","width":1000,"height":1000,"caption":"Oslo H\u00f8yre"},"image":{"@id":"https:\/\/hoyre.no\/oslo\/#\/schema\/logo\/image\/"},"sameAs":["https:\/\/www.facebook.com\/oslo.hoyre"]}]}},"distributor_meta":false,"distributor_terms":false,"distributor_media":false,"distributor_original_site_name":"Oslo H\u00f8yre","distributor_original_site_url":"https:\/\/hoyre.no\/oslo","push-errors":false,"_links":{"self":[{"href":"https:\/\/hoyre.no\/oslo\/wp-json\/wp\/v2\/posts\/1650","targetHints":{"allow":["GET"]}}],"collection":[{"href":"https:\/\/hoyre.no\/oslo\/wp-json\/wp\/v2\/posts"}],"about":[{"href":"https:\/\/hoyre.no\/oslo\/wp-json\/wp\/v2\/types\/post"}],"replies":[{"embeddable":true,"href":"https:\/\/hoyre.no\/oslo\/wp-json\/wp\/v2\/comments?post=1650"}],"version-history":[{"count":1,"href":"https:\/\/hoyre.no\/oslo\/wp-json\/wp\/v2\/posts\/1650\/revisions"}],"predecessor-version":[{"id":2850,"href":"https:\/\/hoyre.no\/oslo\/wp-json\/wp\/v2\/posts\/1650\/revisions\/2850"}],"wp:featuredmedia":[{"embeddable":true,"href":"https:\/\/hoyre.no\/oslo\/wp-json\/wp\/v2\/media\/1651"}],"wp:attachment":[{"href":"https:\/\/hoyre.no\/oslo\/wp-json\/wp\/v2\/media?parent=1650"}],"wp:term":[{"taxonomy":"category","embeddable":true,"href":"https:\/\/hoyre.no\/oslo\/wp-json\/wp\/v2\/category?post=1650"},{"taxonomy":"post_tag","embeddable":true,"href":"https:\/\/hoyre.no\/oslo\/wp-json\/wp\/v2\/post_tag?post=1650"},{"taxonomy":"hoyre-visibility","embeddable":true,"href":"https:\/\/hoyre.no\/oslo\/wp-json\/wp\/v2\/hoyre-visibility?post=1650"},{"taxonomy":"article-type","embeddable":true,"href":"https:\/\/hoyre.no\/oslo\/wp-json\/wp\/v2\/article-type?post=1650"},{"taxonomy":"politician","embeddable":true,"href":"https:\/\/hoyre.no\/oslo\/wp-json\/wp\/v2\/politician?post=1650"}],"curies":[{"name":"wp","href":"https:\/\/api.w.org\/{rel}","templated":true}]}}