{"id":1653,"date":"2014-05-20T11:00:37","date_gmt":"2014-05-20T11:00:37","guid":{"rendered":"https:\/\/hoyre.no\/oslo\/aktuelt\/ledig-stilling-i-oslo-hoyre-kommunikasjonsradgiver\/"},"modified":"2022-09-26T15:06:17","modified_gmt":"2022-09-26T13:06:17","slug":"ledig-stilling-i-oslo-hoyre-kommunikasjonsradgiver","status":"publish","type":"post","link":"https:\/\/hoyre.no\/oslo\/aktuelt\/ledig-stilling-i-oslo-hoyre-kommunikasjonsradgiver\/","title":{"rendered":"Ledig stilling i Oslo H\u00f8yre \u2013 Kommunikasjonsr\u00e5dgiver"},"content":{"rendered":"<figure class=\"hoyre-image-wrapper\"><div class=\"hoyre-image\"><img loading=\"lazy\" decoding=\"async\" width=\"1024\" height=\"361\" src=\"https:\/\/hoyre.no\/content\/uploads\/sites\/408\/2022\/09\/Hoyrehjerter.jpg\" class=\"attachment-scaled size-scaled\" alt=\"H\u00f8yrehjerter\" style=\"object-position: 50% 50%\" srcset=\"https:\/\/hoyre.no\/content\/uploads\/sites\/408\/2022\/09\/Hoyrehjerter.jpg 1024w, https:\/\/hoyre.no\/content\/uploads\/sites\/408\/2022\/09\/Hoyrehjerter-300x106.jpg 300w, https:\/\/hoyre.no\/content\/uploads\/sites\/408\/2022\/09\/Hoyrehjerter-768x271.jpg 768w\" sizes=\"auto, (max-width: 1024px) 100vw, 1024px\" \/><\/div><\/figure><div id=\"hoyre-old-article-content-wrapper\"><p>Stilling ledig &#8211; Kommunikasjonsr\u00e5dgiver med ansvar for digitale kanaler og sosiale medier.<\/p><p>Oslo H\u00f8yre s\u00f8ker initiativrik og engasjert kommunikasjonsr\u00e5dgiver med sterk interesse for digitale kanaler og sosiale medier. Vi ser etter deg som har interesse for politikk og kommunikasjon, og \u00f8nsker \u00e5 utnytte din kompetanse p\u00e5 \u00e5 styrke den digitale tilstedev\u00e6relsen til Oslos st\u00f8rste parti. Du vil jobbe mye selvstendig men likevel tett med kommunikasjonssjefen. <\/p><p><strong>Arbeid- og ansvarsomr\u00e5der:<\/strong><br \/>\n\u2022 Drift og videreutvikling av websider<br \/>\n\u2022 Redakt\u00f8r, innhold og utviklingsansvarlig for Oslo H\u00f8yres digitale kanaler og sosiale medier<br \/>\n\u2022 Holde deg oppdatert p\u00e5 trender innen digitale medier<br \/>\n\u2022 Google analytics monitorering og rapportering<br \/>\n\u2022 Utsendelse av ukentlig nyhetsbrev<br \/>\n\u2022 Bist\u00e5 v\u00e5re folkevalgte og lokalforeninger i utvikling og drift av blant annet blogger og Facebooksider<\/p><p><strong>\u00d8nskede kvalifikasjoner:<\/strong><br \/>\n\u2022 H\u00f8yere utdannelse innen kommunikasjon, markedsf\u00f8ring eller interaksjonsdesign<br \/>\n\u2022 God kompetanse p\u00e5 sosiale medier og evne til \u00e5 formidle stoff p\u00e5 en relevant m\u00e5te i digitale kanaler<br \/>\n\u2022 God skriftlig og muntlig framstillingsevne<br \/>\n\u2022 Du har et trent \u00f8ye for design, layout, fontbruk og komposisjon<br \/>\n\u2022 Erfaring med fotografering\/bildebehandling, Photoshop og Indesign er en fordel<br \/>\n\u2022 Erfaring\/kunnskaper om webproduksjon og kjennskap til HTML er en fordel<br \/>\n\u2022 Erfaring med SEO er en fordel<\/p><p><strong>Personlige egenskaper:<\/strong><br \/>\n\u2022 Strukturert, ryddig og l\u00f8sningsorientert<br \/>\n\u2022 Stor arbeidskapasitet og evne til \u00e5 t\u00e5le hektiske perioder<br \/>\n\u2022 Evne til \u00e5 jobbe planmessig, men ogs\u00e5 takle ad-hoc-oppgaver<br \/>\n\u2022 Har en positiv holdning og er serviceorientert<br \/>\n\u2022 Analytisk, systematisk og selvg\u00e5ende<br \/>\n\u2022 Jobber godt selvstendig men har ogs\u00e5 gode samarbeidsegenskaper<br \/>\n\u2022 Like \u00e5 arbeide tett med tillitsvalgte og folkevalgte<br \/>\n\u2022 Ha sympati for H\u00f8yres politikk i regjering og Oslo <\/p><p><strong>Vi kan tilby:<\/strong><br \/>\n\u2022 Spennende og utfordrende arbeidsoppgaver for Oslos st\u00f8rste parti<br \/>\n\u2022 Nyoppussede lokaler i Stortingsgaten 20 midt i Oslo sentrum<br \/>\n\u2022 Gode pensjonsavtaler<br \/>\n\u2022 Sommertid<\/p><p>N\u00e6rmere opplysninger f\u00e5s ved henvendelse sjefsekret\u00e6r Geir Staib, tlf. 913 26 376<br \/>\nL\u00f8nn og andre betingelser etter avtale. <\/p><p>Kortfattet s\u00f8knad og CV sendes til Oslo H\u00f8yre ved sjefsekret\u00e6r Geir Staib, e-post: geir.staib@hoyre.no <\/p><p><strong>S\u00f8knadsfrist 6. juni 2014.<\/strong><\/p>\n<\/div>\n<div class=\"tags\">\n\t<\/div>\n<div class=\"post-footer alignfull has-background block-editor-block-list__block\" data-align=full>\n\t<div class=\"post-footer-inner\">\n\t\t<h3>Relaterte artikler<\/h3>\n\t\t<div class=\"related-content\"><div class=\"is-card-hoyre\">\n\t<div class=\"teft-card hoyre-teft-card post-teft-card\">\n\t\t<a href=\"https:\/\/hoyre.no\/oslo\/aktuelt\/mdg-moralismen-fornekter-seg-ikke\/\" class=\"teft-card__primary-action\">\n\n\t\t\t\t\t<div class=\"teft-card__media teft-card__media--16-9\">\n\t\t\t\t\t\t<img loading=\"lazy\" decoding=\"async\" width=\"768\" height=\"512\" src=\"https:\/\/hoyre.no\/content\/uploads\/sites\/408\/2024\/01\/QZQlxtOC-768x512.jpeg\" class=\"attachment-medium_large size-medium_large\" alt=\"Merete Agerbak-Jensen\" srcset=\"https:\/\/hoyre.no\/content\/uploads\/sites\/408\/2024\/01\/QZQlxtOC-768x512.jpeg 768w, https:\/\/hoyre.no\/content\/uploads\/sites\/408\/2024\/01\/QZQlxtOC-300x200.jpeg 300w, https:\/\/hoyre.no\/content\/uploads\/sites\/408\/2024\/01\/QZQlxtOC-1024x683.jpeg 1024w, https:\/\/hoyre.no\/content\/uploads\/sites\/408\/2024\/01\/QZQlxtOC-1536x1024.jpeg 1536w, https:\/\/hoyre.no\/content\/uploads\/sites\/408\/2024\/01\/QZQlxtOC-2048x1365.jpeg 2048w\" sizes=\"auto, (max-width: 768px) 100vw, 768px\" \/>\t\t<\/div>\n\t\t\n\t\t\t<div class=\"teft-card__content-wrapper\">\n\t\t\t\t<div class=\"teft-card__secondary\">\n\t\t\t\t\t\n\t\t\t\t\t\t\t\t<div class=\"teft-card__meta\">\n\t\t\t\t\t\t\t\t\t<span class=\"post-date\">23. apr 2026<\/span>\n\n\t\t\t\t\t\t\t\t\t\t\t\t\t\t\t\t\t<\/div>\n\t\t\t\t\t\t\t\t\t\t\t<\/div>\n\n\t\t\t\t<div class=\"teft-card__primary\">\n\t\t\t\t\t<h2 class=\"teft-card__title\">MDG-moralismen fornekter seg ikke&nbsp;<span class=\"teft-card__primary-title-append\"><\/span><\/h2>\t\t\t\t<\/div>\n\t\t\t<\/div>\n\t\t<\/a>\n\t<\/div>\n\n\t<\/div><div class=\"is-card-hoyre\">\n\t<div class=\"teft-card hoyre-teft-card post-teft-card\">\n\t\t<a href=\"https:\/\/hoyre.no\/oslo\/aktuelt\/raskere-og-enklere-a-bygge-boliger-og-skape-arbeidsplasser-i-oslo\/\" class=\"teft-card__primary-action\">\n\n\t\t\t\t\t<div class=\"teft-card__media teft-card__media--16-9\">\n\t\t\t\t\t\t<img loading=\"lazy\" decoding=\"async\" width=\"768\" height=\"576\" src=\"https:\/\/hoyre.no\/content\/uploads\/sites\/408\/2026\/04\/Eirik-Lae-Solberg-og-Anita-Leirvik-North-768x576.jpg\" class=\"attachment-medium_large size-medium_large\" alt=\"\" srcset=\"https:\/\/hoyre.no\/content\/uploads\/sites\/408\/2026\/04\/Eirik-Lae-Solberg-og-Anita-Leirvik-North-768x576.jpg 768w, https:\/\/hoyre.no\/content\/uploads\/sites\/408\/2026\/04\/Eirik-Lae-Solberg-og-Anita-Leirvik-North-300x225.jpg 300w, https:\/\/hoyre.no\/content\/uploads\/sites\/408\/2026\/04\/Eirik-Lae-Solberg-og-Anita-Leirvik-North.jpg 901w\" sizes=\"auto, (max-width: 768px) 100vw, 768px\" \/>\t\t<\/div>\n\t\t\n\t\t\t<div class=\"teft-card__content-wrapper\">\n\t\t\t\t<div class=\"teft-card__secondary\">\n\t\t\t\t\t\n\t\t\t\t\t\t\t\t<div class=\"teft-card__meta\">\n\t\t\t\t\t\t\t\t\t<span class=\"post-date\">14. apr 2026<\/span>\n\n\t\t\t\t\t\t\t\t\t<span class=\"post-category\">Har lagt frem ny KPA:<\/span>\t\t\t\t\t\t\t\t<\/div>\n\t\t\t\t\t\t\t\t\t\t\t<\/div>\n\n\t\t\t\t<div class=\"teft-card__primary\">\n\t\t\t\t\t<h2 class=\"teft-card__title\">Raskere og enklere \u00e5 bygge boliger og skape arbeidsplasser i Oslo&nbsp;<span class=\"teft-card__primary-title-append\"><\/span><\/h2>\t\t\t\t<\/div>\n\t\t\t<\/div>\n\t\t<\/a>\n\t<\/div>\n\n\t<\/div><div class=\"is-card-hoyre\">\n\t<div class=\"teft-card hoyre-teft-card post-teft-card\">\n\t\t<a href=\"https:\/\/hoyre.no\/oslo\/aktuelt\/bedre-elevresultater-og-en-skoleokonomi-i-balanse-med-blagront-byrad\/\" class=\"teft-card__primary-action\">\n\n\t\t\t\t\t<div class=\"teft-card__media teft-card__media--16-9\">\n\t\t\t\t\t\t<img loading=\"lazy\" decoding=\"async\" width=\"768\" height=\"512\" src=\"https:\/\/hoyre.no\/content\/uploads\/sites\/408\/2025\/05\/IMG_6440-768x512.jpeg\" class=\"attachment-medium_large size-medium_large\" alt=\"Julie Remen Midtgarden\" srcset=\"https:\/\/hoyre.no\/content\/uploads\/sites\/408\/2025\/05\/IMG_6440-768x512.jpeg 768w, https:\/\/hoyre.no\/content\/uploads\/sites\/408\/2025\/05\/IMG_6440-300x200.jpeg 300w, https:\/\/hoyre.no\/content\/uploads\/sites\/408\/2025\/05\/IMG_6440-1024x683.jpeg 1024w, https:\/\/hoyre.no\/content\/uploads\/sites\/408\/2025\/05\/IMG_6440-1536x1024.jpeg 1536w, https:\/\/hoyre.no\/content\/uploads\/sites\/408\/2025\/05\/IMG_6440-2048x1365.jpeg 2048w\" sizes=\"auto, (max-width: 768px) 100vw, 768px\" \/>\t\t<\/div>\n\t\t\n\t\t\t<div class=\"teft-card__content-wrapper\">\n\t\t\t\t<div class=\"teft-card__secondary\">\n\t\t\t\t\t\n\t\t\t\t\t\t\t\t<div class=\"teft-card__meta\">\n\t\t\t\t\t\t\t\t\t<span class=\"post-date\">26. mar 2026<\/span>\n\n\t\t\t\t\t\t\t\t\t\t\t\t\t\t\t\t\t<\/div>\n\t\t\t\t\t\t\t\t\t\t\t<\/div>\n\n\t\t\t\t<div class=\"teft-card__primary\">\n\t\t\t\t\t<h2 class=\"teft-card__title\">Bedre elevresultater og en skole\u00f8konomi i balanse med bl\u00e5gr\u00f8nt byr\u00e5d&nbsp;<span class=\"teft-card__primary-title-append\"><\/span><\/h2>\t\t\t\t<\/div>\n\t\t\t<\/div>\n\t\t<\/a>\n\t<\/div>\n\n\t<\/div><\/div>\t<\/div>\n<\/div>\n","protected":false},"excerpt":{"rendered":"","protected":false},"author":0,"featured_media":1654,"comment_status":"closed","ping_status":"open","sticky":false,"template":"","format":"standard","meta":{"teft_cards_image_url":"","teft_cards_custom_pretitle":"","teft_cards_image_id":1654,"teft_cards_image_focal_point_x":0,"teft_cards_image_focal_point_y":0,"teft_cards_title":"","teft_cards_excerpt":"","teft_show_chapters":false,"author_display_name":"Oslo H\u00f8yre","footnotes":""},"category":[1],"post_tag":[],"hoyre-visibility":[],"article-type":[],"politician":[],"class_list":["post-1653","post","type-post","status-publish","format-standard","hentry","category-nyheter"],"yoast_head":"<!-- This site is optimized with the Yoast SEO Premium plugin v26.5 (Yoast SEO v26.6) - https:\/\/yoast.com\/wordpress\/plugins\/seo\/ -->\n<title>Ledig stilling i Oslo H\u00f8yre \u2013 Kommunikasjonsr\u00e5dgiver - Oslo H\u00f8yre<\/title>\n<meta name=\"robots\" content=\"index, follow, max-snippet:-1, max-image-preview:large, max-video-preview:-1\" \/>\n<link rel=\"canonical\" href=\"https:\/\/hoyre.no\/oslo\/aktuelt\/ledig-stilling-i-oslo-hoyre-kommunikasjonsradgiver\/\" \/>\n<meta property=\"og:locale\" content=\"nb_NO\" \/>\n<meta property=\"og:type\" content=\"article\" \/>\n<meta property=\"og:title\" content=\"Ledig stilling i Oslo H\u00f8yre \u2013 Kommunikasjonsr\u00e5dgiver\" \/>\n<meta property=\"og:url\" content=\"https:\/\/hoyre.no\/oslo\/aktuelt\/ledig-stilling-i-oslo-hoyre-kommunikasjonsradgiver\/\" \/>\n<meta property=\"og:site_name\" content=\"Oslo H\u00f8yre\" \/>\n<meta property=\"article:publisher\" content=\"https:\/\/www.facebook.com\/oslo.hoyre\" \/>\n<meta property=\"article:published_time\" content=\"2014-05-20T11:00:37+00:00\" \/>\n<meta property=\"article:modified_time\" content=\"2022-09-26T13:06:17+00:00\" \/>\n<meta property=\"og:image\" content=\"https:\/\/hoyre.no\/content\/uploads\/sites\/408\/2022\/09\/Hoyrehjerter.jpg\" \/>\n\t<meta property=\"og:image:width\" content=\"1024\" \/>\n\t<meta property=\"og:image:height\" content=\"361\" \/>\n\t<meta property=\"og:image:type\" content=\"image\/jpeg\" \/>\n<meta name=\"twitter:card\" content=\"summary_large_image\" \/>\n<meta name=\"twitter:label1\" content=\"Ansl. lesetid\" \/>\n\t<meta name=\"twitter:data1\" content=\"2 minutter\" \/>\n<script type=\"application\/ld+json\" class=\"yoast-schema-graph\">{\"@context\":\"https:\/\/schema.org\",\"@graph\":[{\"@type\":\"Article\",\"@id\":\"https:\/\/hoyre.no\/oslo\/aktuelt\/ledig-stilling-i-oslo-hoyre-kommunikasjonsradgiver\/#article\",\"isPartOf\":{\"@id\":\"https:\/\/hoyre.no\/oslo\/aktuelt\/ledig-stilling-i-oslo-hoyre-kommunikasjonsradgiver\/\"},\"author\":{\"name\":\"\",\"@id\":\"\"},\"headline\":\"Ledig stilling i Oslo H\u00f8yre \u2013 Kommunikasjonsr\u00e5dgiver\",\"datePublished\":\"2014-05-20T11:00:37+00:00\",\"dateModified\":\"2022-09-26T13:06:17+00:00\",\"mainEntityOfPage\":{\"@id\":\"https:\/\/hoyre.no\/oslo\/aktuelt\/ledig-stilling-i-oslo-hoyre-kommunikasjonsradgiver\/\"},\"wordCount\":344,\"publisher\":{\"@id\":\"https:\/\/hoyre.no\/oslo\/#organization\"},\"image\":{\"@id\":\"https:\/\/hoyre.no\/oslo\/aktuelt\/ledig-stilling-i-oslo-hoyre-kommunikasjonsradgiver\/#primaryimage\"},\"thumbnailUrl\":\"https:\/\/hoyre.no\/content\/uploads\/sites\/408\/2022\/09\/Hoyrehjerter.jpg\",\"articleSection\":[\"Nyheter\"],\"inLanguage\":\"nb-NO\"},{\"@type\":\"NewsArticle\",\"@id\":\"https:\/\/hoyre.no\/oslo\/aktuelt\/ledig-stilling-i-oslo-hoyre-kommunikasjonsradgiver\/\",\"url\":\"https:\/\/hoyre.no\/oslo\/aktuelt\/ledig-stilling-i-oslo-hoyre-kommunikasjonsradgiver\/\",\"name\":\"Ledig stilling i Oslo H\u00f8yre \u2013 Kommunikasjonsr\u00e5dgiver - Oslo H\u00f8yre\",\"isPartOf\":{\"@id\":\"https:\/\/hoyre.no\/oslo\/#website\"},\"image\":{\"@id\":\"https:\/\/hoyre.no\/oslo\/aktuelt\/ledig-stilling-i-oslo-hoyre-kommunikasjonsradgiver\/#primaryimage\"},\"thumbnailUrl\":\"https:\/\/hoyre.no\/content\/uploads\/sites\/408\/2022\/09\/Hoyrehjerter.jpg\",\"datePublished\":\"2014-05-20T11:00:37+00:00\",\"dateModified\":\"2022-09-26T13:06:17+00:00\",\"breadcrumb\":{\"@id\":\"https:\/\/hoyre.no\/oslo\/aktuelt\/ledig-stilling-i-oslo-hoyre-kommunikasjonsradgiver\/#breadcrumb\"},\"inLanguage\":\"nb-NO\",\"potentialAction\":[{\"@type\":\"ReadAction\",\"target\":[\"https:\/\/hoyre.no\/oslo\/aktuelt\/ledig-stilling-i-oslo-hoyre-kommunikasjonsradgiver\/\"]}]},{\"@type\":\"ImageObject\",\"inLanguage\":\"nb-NO\",\"@id\":\"https:\/\/hoyre.no\/oslo\/aktuelt\/ledig-stilling-i-oslo-hoyre-kommunikasjonsradgiver\/#primaryimage\",\"url\":\"https:\/\/hoyre.no\/content\/uploads\/sites\/408\/2022\/09\/Hoyrehjerter.jpg\",\"contentUrl\":\"https:\/\/hoyre.no\/content\/uploads\/sites\/408\/2022\/09\/Hoyrehjerter.jpg\",\"width\":1024,\"height\":361,\"caption\":\"H\u00f8yrehjerter\"},{\"@type\":\"BreadcrumbList\",\"@id\":\"https:\/\/hoyre.no\/oslo\/aktuelt\/ledig-stilling-i-oslo-hoyre-kommunikasjonsradgiver\/#breadcrumb\",\"itemListElement\":[{\"@type\":\"ListItem\",\"position\":1,\"name\":\"Til hoyre.no\",\"item\":\"https:\/\/hoyre.no\"},{\"@type\":\"ListItem\",\"position\":2,\"name\":\"Hjem\",\"item\":\"https:\/\/hoyre.no\/oslo\/\"},{\"@type\":\"ListItem\",\"position\":3,\"name\":\"Ledig stilling i Oslo H\u00f8yre \u2013 Kommunikasjonsr\u00e5dgiver\"}]},{\"@type\":\"WebSite\",\"@id\":\"https:\/\/hoyre.no\/oslo\/#website\",\"url\":\"https:\/\/hoyre.no\/oslo\/\",\"name\":\"Oslo H\u00f8yre\",\"description\":\"\",\"publisher\":{\"@id\":\"https:\/\/hoyre.no\/oslo\/#organization\"},\"inLanguage\":\"nb-NO\"},{\"@type\":\"Organization\",\"@id\":\"https:\/\/hoyre.no\/oslo\/#organization\",\"name\":\"Oslo H\u00f8yre\",\"url\":\"https:\/\/hoyre.no\/oslo\/\",\"logo\":{\"@type\":\"ImageObject\",\"inLanguage\":\"nb-NO\",\"@id\":\"https:\/\/hoyre.no\/oslo\/#\/schema\/logo\/image\/\",\"url\":\"https:\/\/hoyre.no\/content\/uploads\/sites\/408\/2022\/11\/Hoyres-logo.png\",\"contentUrl\":\"https:\/\/hoyre.no\/content\/uploads\/sites\/408\/2022\/11\/Hoyres-logo.png\",\"width\":1000,\"height\":1000,\"caption\":\"Oslo H\u00f8yre\"},\"image\":{\"@id\":\"https:\/\/hoyre.no\/oslo\/#\/schema\/logo\/image\/\"},\"sameAs\":[\"https:\/\/www.facebook.com\/oslo.hoyre\"]}]}<\/script>\n<!-- \/ Yoast SEO Premium plugin. -->","yoast_head_json":{"title":"Ledig stilling i Oslo H\u00f8yre \u2013 Kommunikasjonsr\u00e5dgiver - Oslo H\u00f8yre","robots":{"index":"index","follow":"follow","max-snippet":"max-snippet:-1","max-image-preview":"max-image-preview:large","max-video-preview":"max-video-preview:-1"},"canonical":"https:\/\/hoyre.no\/oslo\/aktuelt\/ledig-stilling-i-oslo-hoyre-kommunikasjonsradgiver\/","og_locale":"nb_NO","og_type":"article","og_title":"Ledig stilling i Oslo H\u00f8yre \u2013 Kommunikasjonsr\u00e5dgiver","og_url":"https:\/\/hoyre.no\/oslo\/aktuelt\/ledig-stilling-i-oslo-hoyre-kommunikasjonsradgiver\/","og_site_name":"Oslo H\u00f8yre","article_publisher":"https:\/\/www.facebook.com\/oslo.hoyre","article_published_time":"2014-05-20T11:00:37+00:00","article_modified_time":"2022-09-26T13:06:17+00:00","og_image":[{"width":1024,"height":361,"url":"https:\/\/hoyre.no\/content\/uploads\/sites\/408\/2022\/09\/Hoyrehjerter.jpg","type":"image\/jpeg"}],"twitter_card":"summary_large_image","twitter_misc":{"Ansl. lesetid":"2 minutter"},"schema":{"@context":"https:\/\/schema.org","@graph":[{"@type":"Article","@id":"https:\/\/hoyre.no\/oslo\/aktuelt\/ledig-stilling-i-oslo-hoyre-kommunikasjonsradgiver\/#article","isPartOf":{"@id":"https:\/\/hoyre.no\/oslo\/aktuelt\/ledig-stilling-i-oslo-hoyre-kommunikasjonsradgiver\/"},"author":{"name":"","@id":""},"headline":"Ledig stilling i Oslo H\u00f8yre \u2013 Kommunikasjonsr\u00e5dgiver","datePublished":"2014-05-20T11:00:37+00:00","dateModified":"2022-09-26T13:06:17+00:00","mainEntityOfPage":{"@id":"https:\/\/hoyre.no\/oslo\/aktuelt\/ledig-stilling-i-oslo-hoyre-kommunikasjonsradgiver\/"},"wordCount":344,"publisher":{"@id":"https:\/\/hoyre.no\/oslo\/#organization"},"image":{"@id":"https:\/\/hoyre.no\/oslo\/aktuelt\/ledig-stilling-i-oslo-hoyre-kommunikasjonsradgiver\/#primaryimage"},"thumbnailUrl":"https:\/\/hoyre.no\/content\/uploads\/sites\/408\/2022\/09\/Hoyrehjerter.jpg","articleSection":["Nyheter"],"inLanguage":"nb-NO"},{"@type":"NewsArticle","@id":"https:\/\/hoyre.no\/oslo\/aktuelt\/ledig-stilling-i-oslo-hoyre-kommunikasjonsradgiver\/","url":"https:\/\/hoyre.no\/oslo\/aktuelt\/ledig-stilling-i-oslo-hoyre-kommunikasjonsradgiver\/","name":"Ledig stilling i Oslo H\u00f8yre \u2013 Kommunikasjonsr\u00e5dgiver - Oslo H\u00f8yre","isPartOf":{"@id":"https:\/\/hoyre.no\/oslo\/#website"},"image":{"@id":"https:\/\/hoyre.no\/oslo\/aktuelt\/ledig-stilling-i-oslo-hoyre-kommunikasjonsradgiver\/#primaryimage"},"thumbnailUrl":"https:\/\/hoyre.no\/content\/uploads\/sites\/408\/2022\/09\/Hoyrehjerter.jpg","datePublished":"2014-05-20T11:00:37+00:00","dateModified":"2022-09-26T13:06:17+00:00","breadcrumb":{"@id":"https:\/\/hoyre.no\/oslo\/aktuelt\/ledig-stilling-i-oslo-hoyre-kommunikasjonsradgiver\/#breadcrumb"},"inLanguage":"nb-NO","potentialAction":[{"@type":"ReadAction","target":["https:\/\/hoyre.no\/oslo\/aktuelt\/ledig-stilling-i-oslo-hoyre-kommunikasjonsradgiver\/"]}]},{"@type":"ImageObject","inLanguage":"nb-NO","@id":"https:\/\/hoyre.no\/oslo\/aktuelt\/ledig-stilling-i-oslo-hoyre-kommunikasjonsradgiver\/#primaryimage","url":"https:\/\/hoyre.no\/content\/uploads\/sites\/408\/2022\/09\/Hoyrehjerter.jpg","contentUrl":"https:\/\/hoyre.no\/content\/uploads\/sites\/408\/2022\/09\/Hoyrehjerter.jpg","width":1024,"height":361,"caption":"H\u00f8yrehjerter"},{"@type":"BreadcrumbList","@id":"https:\/\/hoyre.no\/oslo\/aktuelt\/ledig-stilling-i-oslo-hoyre-kommunikasjonsradgiver\/#breadcrumb","itemListElement":[{"@type":"ListItem","position":1,"name":"Til hoyre.no","item":"https:\/\/hoyre.no"},{"@type":"ListItem","position":2,"name":"Hjem","item":"https:\/\/hoyre.no\/oslo\/"},{"@type":"ListItem","position":3,"name":"Ledig stilling i Oslo H\u00f8yre \u2013 Kommunikasjonsr\u00e5dgiver"}]},{"@type":"WebSite","@id":"https:\/\/hoyre.no\/oslo\/#website","url":"https:\/\/hoyre.no\/oslo\/","name":"Oslo H\u00f8yre","description":"","publisher":{"@id":"https:\/\/hoyre.no\/oslo\/#organization"},"inLanguage":"nb-NO"},{"@type":"Organization","@id":"https:\/\/hoyre.no\/oslo\/#organization","name":"Oslo H\u00f8yre","url":"https:\/\/hoyre.no\/oslo\/","logo":{"@type":"ImageObject","inLanguage":"nb-NO","@id":"https:\/\/hoyre.no\/oslo\/#\/schema\/logo\/image\/","url":"https:\/\/hoyre.no\/content\/uploads\/sites\/408\/2022\/11\/Hoyres-logo.png","contentUrl":"https:\/\/hoyre.no\/content\/uploads\/sites\/408\/2022\/11\/Hoyres-logo.png","width":1000,"height":1000,"caption":"Oslo H\u00f8yre"},"image":{"@id":"https:\/\/hoyre.no\/oslo\/#\/schema\/logo\/image\/"},"sameAs":["https:\/\/www.facebook.com\/oslo.hoyre"]}]}},"distributor_meta":false,"distributor_terms":false,"distributor_media":false,"distributor_original_site_name":"Oslo H\u00f8yre","distributor_original_site_url":"https:\/\/hoyre.no\/oslo","push-errors":false,"_links":{"self":[{"href":"https:\/\/hoyre.no\/oslo\/wp-json\/wp\/v2\/posts\/1653","targetHints":{"allow":["GET"]}}],"collection":[{"href":"https:\/\/hoyre.no\/oslo\/wp-json\/wp\/v2\/posts"}],"about":[{"href":"https:\/\/hoyre.no\/oslo\/wp-json\/wp\/v2\/types\/post"}],"replies":[{"embeddable":true,"href":"https:\/\/hoyre.no\/oslo\/wp-json\/wp\/v2\/comments?post=1653"}],"version-history":[{"count":1,"href":"https:\/\/hoyre.no\/oslo\/wp-json\/wp\/v2\/posts\/1653\/revisions"}],"predecessor-version":[{"id":2852,"href":"https:\/\/hoyre.no\/oslo\/wp-json\/wp\/v2\/posts\/1653\/revisions\/2852"}],"wp:featuredmedia":[{"embeddable":true,"href":"https:\/\/hoyre.no\/oslo\/wp-json\/wp\/v2\/media\/1654"}],"wp:attachment":[{"href":"https:\/\/hoyre.no\/oslo\/wp-json\/wp\/v2\/media?parent=1653"}],"wp:term":[{"taxonomy":"category","embeddable":true,"href":"https:\/\/hoyre.no\/oslo\/wp-json\/wp\/v2\/category?post=1653"},{"taxonomy":"post_tag","embeddable":true,"href":"https:\/\/hoyre.no\/oslo\/wp-json\/wp\/v2\/post_tag?post=1653"},{"taxonomy":"hoyre-visibility","embeddable":true,"href":"https:\/\/hoyre.no\/oslo\/wp-json\/wp\/v2\/hoyre-visibility?post=1653"},{"taxonomy":"article-type","embeddable":true,"href":"https:\/\/hoyre.no\/oslo\/wp-json\/wp\/v2\/article-type?post=1653"},{"taxonomy":"politician","embeddable":true,"href":"https:\/\/hoyre.no\/oslo\/wp-json\/wp\/v2\/politician?post=1653"}],"curies":[{"name":"wp","href":"https:\/\/api.w.org\/{rel}","templated":true}]}}