{"id":1655,"date":"2014-05-19T11:49:03","date_gmt":"2014-05-19T09:49:03","guid":{"rendered":"https:\/\/hoyre.no\/oslo\/aktuelt\/adjo-kontorvelde\/"},"modified":"2022-09-26T15:06:17","modified_gmt":"2022-09-26T13:06:17","slug":"adjo-kontorvelde","status":"publish","type":"post","link":"https:\/\/hoyre.no\/oslo\/aktuelt\/adjo-kontorvelde\/","title":{"rendered":"Adj\u00f8, kontorvelde"},"content":{"rendered":"<figure class=\"hoyre-image-wrapper\"><div class=\"hoyre-image\"><img loading=\"lazy\" decoding=\"async\" width=\"1024\" height=\"361\" src=\"https:\/\/hoyre.no\/content\/uploads\/sites\/408\/2022\/09\/Hoyrehjerter.jpg\" class=\"attachment-scaled size-scaled\" alt=\"H\u00f8yrehjerter\" style=\"object-position: 50% 50%\" srcset=\"https:\/\/hoyre.no\/content\/uploads\/sites\/408\/2022\/09\/Hoyrehjerter.jpg 1024w, https:\/\/hoyre.no\/content\/uploads\/sites\/408\/2022\/09\/Hoyrehjerter-300x106.jpg 300w, https:\/\/hoyre.no\/content\/uploads\/sites\/408\/2022\/09\/Hoyrehjerter-768x271.jpg 768w\" sizes=\"auto, (max-width: 1024px) 100vw, 1024px\" \/><\/div><\/figure><div id=\"hoyre-old-article-content-wrapper\"><p>Nav-reformen har hittil v\u00e6rt en statliggj\u00f8rende byr\u00e5kratireform. Da er det ikke overraskende at resultater uteblir. Dette b\u00f8r regjeringen gripe fatt i n\u00e5r den n\u00e5 p\u00e5 ny skal fordele oppgavene mellom stat og kommune.<\/p><p><em>Av Torbj\u00f8rn S\u00f8lsn\u00e6s, AU-medlem i Oslo H\u00f8yre<\/em><\/p><p>\u00abNav-reformen ga f\u00e6rre i jobb og flere p\u00e5 trygd\u00bb, skrev Aftenposten 13. mai. \u00c5tte \u00e5r etter at reformen ble iverksatt, er vi tilbake p\u00e5 samme niv\u00e5 som vi var p\u00e5 f\u00f8r reformen, m\u00e5lt i mennesker som hjelpes fra trygd og ut i arbeidslivet.<\/p><p>Men det er ikke det eneste ved Nav-reformen som har g\u00e5tt i feil retning. Nav-reformen skulle gi brukere av velferdstjenester \u00e9n d\u00f8r \u00e5 forholde seg til, hvor de skulle m\u00f8te et tjenesteapparat som kunne gi svar, avklaring, henvisning og hjelp. Det har riktignok blitt \u00e9n d\u00f8r inn, men innenfor m\u00e5 brukerne forholde seg til et stort apparat av ulike hjelpere. Brukermedvirkning og beslutninger i f\u00f8rstelinjen er utvannet. Direkte dialog med saksbehandler suppleres med beslutninger som treffes helt andre steder. Dagens \u00abnye velferdspolitikk\u00bb etter Nav-reformen er det samme identitetsl\u00f8se kontorveldet som brukere av velferdstjenester ble m\u00f8tt med tidligere.<\/p><p>Nav skulle gi n\u00e6r dialog mellom bruker og hjelpeapparat, hjelpeapparat og forvaltning, og mellom forvaltning og politisk ledelse. Dette er langt fra oppn\u00e5dd, snarere tvert imot. Resultatet er ikke bare lang ventetid for brukerne, men ogs\u00e5 mindre effektiv forvaltning og vanskeligheter med \u00e5 \u00f8ve god politisk kontroll. Og, som en rekke rapporter viser: Store problemer med \u00e5 n\u00e5 m\u00e5let om \u00e5 hjelpe flere fra st\u00f8nad og ut i jobb.<\/p><p>Nav-reformen har s\u00e5 langt v\u00e6rt reformen som ikke bidro til annet enn kontorvelde og kostnadssluk. Reformen hvor brukere ikke f\u00e5r hjelpen de er forespeilet, hvor ansatte f\u00f8ler seg uthengt og latterliggjort og hvor politikerne st\u00e5r igjen som maktesl\u00f8se &#8211; uten andre virkemidler enn \u00e5 p\u00f8se enda mer penger inn i sluket. Slik kan det ikke fortsette.<\/p><p>Nav-reformens redning kan likevel v\u00e6re n\u00e6r. Frem til 2008 hadde vi flere s\u00e5kalte oppgavefordelingsfors\u00f8k, hvor kommunene overtok ansvar fra staten b\u00e5de n\u00e5r det gjaldt arbeidsmarkedstiltak og andre velferdstjenester. I bydel Sagene i Oslo kom flere fra sosialhjelp og trygd ut i arbeid da det var den kommunale tjenesten som styrte midlene. Tilsvarende effekter ser vi i andre kommuner, for eksempel i Klepp kommune p\u00e5 J\u00e6ren som med sitt \u00abSnu i d\u00f8ra\u00bb-prosjekt har gitt mange unge p\u00e5 sosialhjelp en ny sjanse i arbeidslivet. Et annet eksempel er \u00c5mli kommune, hvor lokal aktivitetsplikt ble innf\u00f8rt og hvor det i dag nesten ikke finnes unge mennesker som er avhengig av sosialhjelp.<\/p><p>Fors\u00f8kene med oppgavefordeling ble imidlertid stoppet. Det var overfl\u00f8dig \u00e5 fortsette, het det fra den dav\u00e6rende r\u00f8dgr\u00f8nne regjeringen. \u00c5rsaken var at denne typen oppgavefordeling var forankret i Nav-reformen. Historien viser det motsatte: Kommunenes mulighet til \u00e5 styre arbeidsmarkedstiltakene er n\u00e6rmest borte. I stedet for \u00e5 skape en velferdspolitikk hvor lokale forutsetninger og brukernes behov er f\u00f8rende, har vi en statlig ensretting og byr\u00e5kratisering som reduserer muligheten til \u00e5 f\u00e5 til det som var hele reformens hovedform\u00e5l: \u00c5 f\u00e5 flere mennesker fra trygd ut i jobb.<\/p><p>N\u00e5r regjeringen n\u00e5 skal jobbe videre med kommunereformen b\u00f8r oppgavefordeling mellom stat og kommune i Nav komme h\u00f8yt p\u00e5 dagsorden. Regjeringen b\u00f8r legge til grunn det H\u00f8yres landsm\u00f8te nylig vedtok: Si nei til kontorvelde og statliggj\u00f8ring og gi kommunene ansvar for velferdstjenestene i Nav. Statens ansvar kan begrenses til ytelsesforvaltning. Regjeringen kan ogs\u00e5 iverksette fors\u00f8k underveis, hvor flere kommuner f\u00e5r ansvar for arbeidsmarkedstiltak og andre statlige velferdstjenester. P\u00e5 den m\u00e5ten sikres det at gode ideer faktisk gir bedre l\u00f8sninger for dem som er mest avhengige av at Nav skal fungere &#8211; brukerne.<\/p><p>F\u00f8lger regjeringen opp dette vil den ogs\u00e5 s\u00f8rge for at kommunereformen ikke blir en gr\u00e5 byr\u00e5kratireform, men reformen som realiserte velferdskommunen &#8211; og som ga makten tilbake til folk og lokaldemokrati.<\/p><p><em>Dette innlegget stod p\u00e5 trykk i DN 19.mai 2014<\/em><\/p>\n<\/div>\n<div class=\"tags\">\n\t<\/div>\n<div class=\"post-footer alignfull has-background block-editor-block-list__block\" data-align=full>\n\t<div class=\"post-footer-inner\">\n\t\t<h3>Relaterte artikler<\/h3>\n\t\t<div class=\"related-content\"><div class=\"is-card-hoyre\">\n\t<div class=\"teft-card hoyre-teft-card post-teft-card\">\n\t\t<a href=\"https:\/\/hoyre.no\/oslo\/aktuelt\/mdg-moralismen-fornekter-seg-ikke\/\" class=\"teft-card__primary-action\">\n\n\t\t\t\t\t<div class=\"teft-card__media teft-card__media--16-9\">\n\t\t\t\t\t\t<img loading=\"lazy\" decoding=\"async\" width=\"768\" height=\"512\" src=\"https:\/\/hoyre.no\/content\/uploads\/sites\/408\/2024\/01\/QZQlxtOC-768x512.jpeg\" class=\"attachment-medium_large size-medium_large\" alt=\"Merete Agerbak-Jensen\" srcset=\"https:\/\/hoyre.no\/content\/uploads\/sites\/408\/2024\/01\/QZQlxtOC-768x512.jpeg 768w, https:\/\/hoyre.no\/content\/uploads\/sites\/408\/2024\/01\/QZQlxtOC-300x200.jpeg 300w, https:\/\/hoyre.no\/content\/uploads\/sites\/408\/2024\/01\/QZQlxtOC-1024x683.jpeg 1024w, https:\/\/hoyre.no\/content\/uploads\/sites\/408\/2024\/01\/QZQlxtOC-1536x1024.jpeg 1536w, https:\/\/hoyre.no\/content\/uploads\/sites\/408\/2024\/01\/QZQlxtOC-2048x1365.jpeg 2048w\" sizes=\"auto, (max-width: 768px) 100vw, 768px\" \/>\t\t<\/div>\n\t\t\n\t\t\t<div class=\"teft-card__content-wrapper\">\n\t\t\t\t<div class=\"teft-card__secondary\">\n\t\t\t\t\t\n\t\t\t\t\t\t\t\t<div class=\"teft-card__meta\">\n\t\t\t\t\t\t\t\t\t<span class=\"post-date\">23. apr 2026<\/span>\n\n\t\t\t\t\t\t\t\t\t\t\t\t\t\t\t\t\t<\/div>\n\t\t\t\t\t\t\t\t\t\t\t<\/div>\n\n\t\t\t\t<div class=\"teft-card__primary\">\n\t\t\t\t\t<h2 class=\"teft-card__title\">MDG-moralismen fornekter seg ikke&nbsp;<span class=\"teft-card__primary-title-append\"><\/span><\/h2>\t\t\t\t<\/div>\n\t\t\t<\/div>\n\t\t<\/a>\n\t<\/div>\n\n\t<\/div><div class=\"is-card-hoyre\">\n\t<div class=\"teft-card hoyre-teft-card post-teft-card\">\n\t\t<a href=\"https:\/\/hoyre.no\/oslo\/aktuelt\/raskere-og-enklere-a-bygge-boliger-og-skape-arbeidsplasser-i-oslo\/\" class=\"teft-card__primary-action\">\n\n\t\t\t\t\t<div class=\"teft-card__media teft-card__media--16-9\">\n\t\t\t\t\t\t<img loading=\"lazy\" decoding=\"async\" width=\"768\" height=\"576\" src=\"https:\/\/hoyre.no\/content\/uploads\/sites\/408\/2026\/04\/Eirik-Lae-Solberg-og-Anita-Leirvik-North-768x576.jpg\" class=\"attachment-medium_large size-medium_large\" alt=\"\" srcset=\"https:\/\/hoyre.no\/content\/uploads\/sites\/408\/2026\/04\/Eirik-Lae-Solberg-og-Anita-Leirvik-North-768x576.jpg 768w, https:\/\/hoyre.no\/content\/uploads\/sites\/408\/2026\/04\/Eirik-Lae-Solberg-og-Anita-Leirvik-North-300x225.jpg 300w, https:\/\/hoyre.no\/content\/uploads\/sites\/408\/2026\/04\/Eirik-Lae-Solberg-og-Anita-Leirvik-North.jpg 901w\" sizes=\"auto, (max-width: 768px) 100vw, 768px\" \/>\t\t<\/div>\n\t\t\n\t\t\t<div class=\"teft-card__content-wrapper\">\n\t\t\t\t<div class=\"teft-card__secondary\">\n\t\t\t\t\t\n\t\t\t\t\t\t\t\t<div class=\"teft-card__meta\">\n\t\t\t\t\t\t\t\t\t<span class=\"post-date\">14. apr 2026<\/span>\n\n\t\t\t\t\t\t\t\t\t<span class=\"post-category\">Har lagt frem ny KPA:<\/span>\t\t\t\t\t\t\t\t<\/div>\n\t\t\t\t\t\t\t\t\t\t\t<\/div>\n\n\t\t\t\t<div class=\"teft-card__primary\">\n\t\t\t\t\t<h2 class=\"teft-card__title\">Raskere og enklere \u00e5 bygge boliger og skape arbeidsplasser i Oslo&nbsp;<span class=\"teft-card__primary-title-append\"><\/span><\/h2>\t\t\t\t<\/div>\n\t\t\t<\/div>\n\t\t<\/a>\n\t<\/div>\n\n\t<\/div><div class=\"is-card-hoyre\">\n\t<div class=\"teft-card hoyre-teft-card post-teft-card\">\n\t\t<a href=\"https:\/\/hoyre.no\/oslo\/aktuelt\/bedre-elevresultater-og-en-skoleokonomi-i-balanse-med-blagront-byrad\/\" class=\"teft-card__primary-action\">\n\n\t\t\t\t\t<div class=\"teft-card__media teft-card__media--16-9\">\n\t\t\t\t\t\t<img loading=\"lazy\" decoding=\"async\" width=\"768\" height=\"512\" src=\"https:\/\/hoyre.no\/content\/uploads\/sites\/408\/2025\/05\/IMG_6440-768x512.jpeg\" class=\"attachment-medium_large size-medium_large\" alt=\"Julie Remen Midtgarden\" srcset=\"https:\/\/hoyre.no\/content\/uploads\/sites\/408\/2025\/05\/IMG_6440-768x512.jpeg 768w, https:\/\/hoyre.no\/content\/uploads\/sites\/408\/2025\/05\/IMG_6440-300x200.jpeg 300w, https:\/\/hoyre.no\/content\/uploads\/sites\/408\/2025\/05\/IMG_6440-1024x683.jpeg 1024w, https:\/\/hoyre.no\/content\/uploads\/sites\/408\/2025\/05\/IMG_6440-1536x1024.jpeg 1536w, https:\/\/hoyre.no\/content\/uploads\/sites\/408\/2025\/05\/IMG_6440-2048x1365.jpeg 2048w\" sizes=\"auto, (max-width: 768px) 100vw, 768px\" \/>\t\t<\/div>\n\t\t\n\t\t\t<div class=\"teft-card__content-wrapper\">\n\t\t\t\t<div class=\"teft-card__secondary\">\n\t\t\t\t\t\n\t\t\t\t\t\t\t\t<div class=\"teft-card__meta\">\n\t\t\t\t\t\t\t\t\t<span class=\"post-date\">26. mar 2026<\/span>\n\n\t\t\t\t\t\t\t\t\t\t\t\t\t\t\t\t\t<\/div>\n\t\t\t\t\t\t\t\t\t\t\t<\/div>\n\n\t\t\t\t<div class=\"teft-card__primary\">\n\t\t\t\t\t<h2 class=\"teft-card__title\">Bedre elevresultater og en skole\u00f8konomi i balanse med bl\u00e5gr\u00f8nt byr\u00e5d&nbsp;<span class=\"teft-card__primary-title-append\"><\/span><\/h2>\t\t\t\t<\/div>\n\t\t\t<\/div>\n\t\t<\/a>\n\t<\/div>\n\n\t<\/div><\/div>\t<\/div>\n<\/div>\n","protected":false},"excerpt":{"rendered":"","protected":false},"author":0,"featured_media":0,"comment_status":"closed","ping_status":"open","sticky":false,"template":"","format":"standard","meta":{"teft_cards_image_url":"","teft_cards_custom_pretitle":"","teft_cards_image_id":0,"teft_cards_image_focal_point_x":0,"teft_cards_image_focal_point_y":0,"teft_cards_title":"","teft_cards_excerpt":"","teft_show_chapters":false,"author_display_name":"Oslo H\u00f8yre","footnotes":""},"category":[1],"post_tag":[],"hoyre-visibility":[],"article-type":[],"politician":[],"class_list":["post-1655","post","type-post","status-publish","format-standard","hentry","category-nyheter"],"yoast_head":"<!-- This site is optimized with the Yoast SEO Premium plugin v26.5 (Yoast SEO v26.6) - https:\/\/yoast.com\/wordpress\/plugins\/seo\/ -->\n<title>Adj\u00f8, kontorvelde - Oslo H\u00f8yre<\/title>\n<meta name=\"robots\" content=\"index, follow, max-snippet:-1, max-image-preview:large, max-video-preview:-1\" \/>\n<link rel=\"canonical\" href=\"https:\/\/hoyre.no\/oslo\/aktuelt\/adjo-kontorvelde\/\" \/>\n<meta property=\"og:locale\" content=\"nb_NO\" \/>\n<meta property=\"og:type\" content=\"article\" \/>\n<meta property=\"og:title\" content=\"Adj\u00f8, kontorvelde\" \/>\n<meta property=\"og:url\" content=\"https:\/\/hoyre.no\/oslo\/aktuelt\/adjo-kontorvelde\/\" \/>\n<meta property=\"og:site_name\" content=\"Oslo H\u00f8yre\" \/>\n<meta property=\"article:publisher\" content=\"https:\/\/www.facebook.com\/oslo.hoyre\" \/>\n<meta property=\"article:published_time\" content=\"2014-05-19T09:49:03+00:00\" \/>\n<meta property=\"article:modified_time\" content=\"2022-09-26T13:06:17+00:00\" \/>\n<meta property=\"og:image\" content=\"https:\/\/hoyre.no\/content\/uploads\/sites\/408\/2022\/11\/Hoyres-logo.png\" \/>\n\t<meta property=\"og:image:width\" content=\"1000\" \/>\n\t<meta property=\"og:image:height\" content=\"1000\" \/>\n\t<meta property=\"og:image:type\" content=\"image\/png\" \/>\n<meta name=\"twitter:card\" content=\"summary_large_image\" \/>\n<meta name=\"twitter:label1\" content=\"Ansl. lesetid\" \/>\n\t<meta name=\"twitter:data1\" content=\"3 minutter\" \/>\n<script type=\"application\/ld+json\" class=\"yoast-schema-graph\">{\"@context\":\"https:\/\/schema.org\",\"@graph\":[{\"@type\":\"Article\",\"@id\":\"https:\/\/hoyre.no\/oslo\/aktuelt\/adjo-kontorvelde\/#article\",\"isPartOf\":{\"@id\":\"https:\/\/hoyre.no\/oslo\/aktuelt\/adjo-kontorvelde\/\"},\"author\":{\"name\":\"\",\"@id\":\"\"},\"headline\":\"Adj\u00f8, kontorvelde\",\"datePublished\":\"2014-05-19T09:49:03+00:00\",\"dateModified\":\"2022-09-26T13:06:17+00:00\",\"mainEntityOfPage\":{\"@id\":\"https:\/\/hoyre.no\/oslo\/aktuelt\/adjo-kontorvelde\/\"},\"wordCount\":692,\"publisher\":{\"@id\":\"https:\/\/hoyre.no\/oslo\/#organization\"},\"articleSection\":[\"Nyheter\"],\"inLanguage\":\"nb-NO\"},{\"@type\":\"NewsArticle\",\"@id\":\"https:\/\/hoyre.no\/oslo\/aktuelt\/adjo-kontorvelde\/\",\"url\":\"https:\/\/hoyre.no\/oslo\/aktuelt\/adjo-kontorvelde\/\",\"name\":\"Adj\u00f8, kontorvelde - Oslo H\u00f8yre\",\"isPartOf\":{\"@id\":\"https:\/\/hoyre.no\/oslo\/#website\"},\"datePublished\":\"2014-05-19T09:49:03+00:00\",\"dateModified\":\"2022-09-26T13:06:17+00:00\",\"breadcrumb\":{\"@id\":\"https:\/\/hoyre.no\/oslo\/aktuelt\/adjo-kontorvelde\/#breadcrumb\"},\"inLanguage\":\"nb-NO\",\"potentialAction\":[{\"@type\":\"ReadAction\",\"target\":[\"https:\/\/hoyre.no\/oslo\/aktuelt\/adjo-kontorvelde\/\"]}]},{\"@type\":\"BreadcrumbList\",\"@id\":\"https:\/\/hoyre.no\/oslo\/aktuelt\/adjo-kontorvelde\/#breadcrumb\",\"itemListElement\":[{\"@type\":\"ListItem\",\"position\":1,\"name\":\"Til hoyre.no\",\"item\":\"https:\/\/hoyre.no\"},{\"@type\":\"ListItem\",\"position\":2,\"name\":\"Hjem\",\"item\":\"https:\/\/hoyre.no\/oslo\/\"},{\"@type\":\"ListItem\",\"position\":3,\"name\":\"Adj\u00f8, kontorvelde\"}]},{\"@type\":\"WebSite\",\"@id\":\"https:\/\/hoyre.no\/oslo\/#website\",\"url\":\"https:\/\/hoyre.no\/oslo\/\",\"name\":\"Oslo H\u00f8yre\",\"description\":\"\",\"publisher\":{\"@id\":\"https:\/\/hoyre.no\/oslo\/#organization\"},\"inLanguage\":\"nb-NO\"},{\"@type\":\"Organization\",\"@id\":\"https:\/\/hoyre.no\/oslo\/#organization\",\"name\":\"Oslo H\u00f8yre\",\"url\":\"https:\/\/hoyre.no\/oslo\/\",\"logo\":{\"@type\":\"ImageObject\",\"inLanguage\":\"nb-NO\",\"@id\":\"https:\/\/hoyre.no\/oslo\/#\/schema\/logo\/image\/\",\"url\":\"https:\/\/hoyre.no\/content\/uploads\/sites\/408\/2022\/11\/Hoyres-logo.png\",\"contentUrl\":\"https:\/\/hoyre.no\/content\/uploads\/sites\/408\/2022\/11\/Hoyres-logo.png\",\"width\":1000,\"height\":1000,\"caption\":\"Oslo H\u00f8yre\"},\"image\":{\"@id\":\"https:\/\/hoyre.no\/oslo\/#\/schema\/logo\/image\/\"},\"sameAs\":[\"https:\/\/www.facebook.com\/oslo.hoyre\"]}]}<\/script>\n<!-- \/ Yoast SEO Premium plugin. -->","yoast_head_json":{"title":"Adj\u00f8, kontorvelde - Oslo H\u00f8yre","robots":{"index":"index","follow":"follow","max-snippet":"max-snippet:-1","max-image-preview":"max-image-preview:large","max-video-preview":"max-video-preview:-1"},"canonical":"https:\/\/hoyre.no\/oslo\/aktuelt\/adjo-kontorvelde\/","og_locale":"nb_NO","og_type":"article","og_title":"Adj\u00f8, kontorvelde","og_url":"https:\/\/hoyre.no\/oslo\/aktuelt\/adjo-kontorvelde\/","og_site_name":"Oslo H\u00f8yre","article_publisher":"https:\/\/www.facebook.com\/oslo.hoyre","article_published_time":"2014-05-19T09:49:03+00:00","article_modified_time":"2022-09-26T13:06:17+00:00","og_image":[{"width":1000,"height":1000,"url":"https:\/\/hoyre.no\/content\/uploads\/sites\/408\/2022\/11\/Hoyres-logo.png","type":"image\/png"}],"twitter_card":"summary_large_image","twitter_misc":{"Ansl. lesetid":"3 minutter"},"schema":{"@context":"https:\/\/schema.org","@graph":[{"@type":"Article","@id":"https:\/\/hoyre.no\/oslo\/aktuelt\/adjo-kontorvelde\/#article","isPartOf":{"@id":"https:\/\/hoyre.no\/oslo\/aktuelt\/adjo-kontorvelde\/"},"author":{"name":"","@id":""},"headline":"Adj\u00f8, kontorvelde","datePublished":"2014-05-19T09:49:03+00:00","dateModified":"2022-09-26T13:06:17+00:00","mainEntityOfPage":{"@id":"https:\/\/hoyre.no\/oslo\/aktuelt\/adjo-kontorvelde\/"},"wordCount":692,"publisher":{"@id":"https:\/\/hoyre.no\/oslo\/#organization"},"articleSection":["Nyheter"],"inLanguage":"nb-NO"},{"@type":"NewsArticle","@id":"https:\/\/hoyre.no\/oslo\/aktuelt\/adjo-kontorvelde\/","url":"https:\/\/hoyre.no\/oslo\/aktuelt\/adjo-kontorvelde\/","name":"Adj\u00f8, kontorvelde - Oslo H\u00f8yre","isPartOf":{"@id":"https:\/\/hoyre.no\/oslo\/#website"},"datePublished":"2014-05-19T09:49:03+00:00","dateModified":"2022-09-26T13:06:17+00:00","breadcrumb":{"@id":"https:\/\/hoyre.no\/oslo\/aktuelt\/adjo-kontorvelde\/#breadcrumb"},"inLanguage":"nb-NO","potentialAction":[{"@type":"ReadAction","target":["https:\/\/hoyre.no\/oslo\/aktuelt\/adjo-kontorvelde\/"]}]},{"@type":"BreadcrumbList","@id":"https:\/\/hoyre.no\/oslo\/aktuelt\/adjo-kontorvelde\/#breadcrumb","itemListElement":[{"@type":"ListItem","position":1,"name":"Til hoyre.no","item":"https:\/\/hoyre.no"},{"@type":"ListItem","position":2,"name":"Hjem","item":"https:\/\/hoyre.no\/oslo\/"},{"@type":"ListItem","position":3,"name":"Adj\u00f8, kontorvelde"}]},{"@type":"WebSite","@id":"https:\/\/hoyre.no\/oslo\/#website","url":"https:\/\/hoyre.no\/oslo\/","name":"Oslo H\u00f8yre","description":"","publisher":{"@id":"https:\/\/hoyre.no\/oslo\/#organization"},"inLanguage":"nb-NO"},{"@type":"Organization","@id":"https:\/\/hoyre.no\/oslo\/#organization","name":"Oslo H\u00f8yre","url":"https:\/\/hoyre.no\/oslo\/","logo":{"@type":"ImageObject","inLanguage":"nb-NO","@id":"https:\/\/hoyre.no\/oslo\/#\/schema\/logo\/image\/","url":"https:\/\/hoyre.no\/content\/uploads\/sites\/408\/2022\/11\/Hoyres-logo.png","contentUrl":"https:\/\/hoyre.no\/content\/uploads\/sites\/408\/2022\/11\/Hoyres-logo.png","width":1000,"height":1000,"caption":"Oslo H\u00f8yre"},"image":{"@id":"https:\/\/hoyre.no\/oslo\/#\/schema\/logo\/image\/"},"sameAs":["https:\/\/www.facebook.com\/oslo.hoyre"]}]}},"distributor_meta":false,"distributor_terms":false,"distributor_media":false,"distributor_original_site_name":"Oslo H\u00f8yre","distributor_original_site_url":"https:\/\/hoyre.no\/oslo","push-errors":false,"_links":{"self":[{"href":"https:\/\/hoyre.no\/oslo\/wp-json\/wp\/v2\/posts\/1655","targetHints":{"allow":["GET"]}}],"collection":[{"href":"https:\/\/hoyre.no\/oslo\/wp-json\/wp\/v2\/posts"}],"about":[{"href":"https:\/\/hoyre.no\/oslo\/wp-json\/wp\/v2\/types\/post"}],"replies":[{"embeddable":true,"href":"https:\/\/hoyre.no\/oslo\/wp-json\/wp\/v2\/comments?post=1655"}],"version-history":[{"count":1,"href":"https:\/\/hoyre.no\/oslo\/wp-json\/wp\/v2\/posts\/1655\/revisions"}],"predecessor-version":[{"id":2853,"href":"https:\/\/hoyre.no\/oslo\/wp-json\/wp\/v2\/posts\/1655\/revisions\/2853"}],"wp:attachment":[{"href":"https:\/\/hoyre.no\/oslo\/wp-json\/wp\/v2\/media?parent=1655"}],"wp:term":[{"taxonomy":"category","embeddable":true,"href":"https:\/\/hoyre.no\/oslo\/wp-json\/wp\/v2\/category?post=1655"},{"taxonomy":"post_tag","embeddable":true,"href":"https:\/\/hoyre.no\/oslo\/wp-json\/wp\/v2\/post_tag?post=1655"},{"taxonomy":"hoyre-visibility","embeddable":true,"href":"https:\/\/hoyre.no\/oslo\/wp-json\/wp\/v2\/hoyre-visibility?post=1655"},{"taxonomy":"article-type","embeddable":true,"href":"https:\/\/hoyre.no\/oslo\/wp-json\/wp\/v2\/article-type?post=1655"},{"taxonomy":"politician","embeddable":true,"href":"https:\/\/hoyre.no\/oslo\/wp-json\/wp\/v2\/politician?post=1655"}],"curies":[{"name":"wp","href":"https:\/\/api.w.org\/{rel}","templated":true}]}}