{"id":1667,"date":"2014-05-05T01:49:49","date_gmt":"2014-05-05T01:49:49","guid":{"rendered":"https:\/\/hoyre.no\/oslo\/aktuelt\/vellykket-varaksjon-fjordbyen\/"},"modified":"2022-09-26T15:06:20","modified_gmt":"2022-09-26T13:06:20","slug":"vellykket-varaksjon-fjordbyen","status":"publish","type":"post","link":"https:\/\/hoyre.no\/oslo\/aktuelt\/vellykket-varaksjon-fjordbyen\/","title":{"rendered":"En vellykket v\u00e5raksjon"},"content":{"rendered":"<figure class=\"hoyre-image-wrapper\"><div class=\"hoyre-image\"><img loading=\"lazy\" decoding=\"async\" width=\"960\" height=\"641\" src=\"https:\/\/hoyre.no\/content\/uploads\/sites\/408\/2022\/09\/ballonger.jpg\" class=\"attachment-scaled size-scaled\" alt=\"\" style=\"object-position: 50% 50%\" srcset=\"https:\/\/hoyre.no\/content\/uploads\/sites\/408\/2022\/09\/ballonger.jpg 960w, https:\/\/hoyre.no\/content\/uploads\/sites\/408\/2022\/09\/ballonger-300x200.jpg 300w, https:\/\/hoyre.no\/content\/uploads\/sites\/408\/2022\/09\/ballonger-768x513.jpg 768w\" sizes=\"auto, (max-width: 960px) 100vw, 960px\" \/><\/div><\/figure><div id=\"hoyre-old-article-content-wrapper\"><h1>En vellykket v\u00e5raksjon<\/h1><h5>\u00c5tte bydelsforeninger i Oslo H\u00f8yre tok l\u00f8rdag 26. april p\u00e5 seg jobben med \u00e5 rydde langs hele havnepromonaden i Fjordbyen. Nesten 40 H\u00f8yrefolk stilte opp fra Bestumkilen i vest via Bygd\u00f8y til Nordstrand Bad i \u00d8st.<\/h5><p>av: Jens Christian Blix \/\/ foto: Jens Christian Blix<\/p>\n[two_third]\n<p>Frogner H\u00f8yre koordinerte en vellykket aksjon sammen med flere andre bydelsforeninger. M\u00e5let var \u00e5 gj\u00f8re hele fjordomr\u00e5det klar til sommerm\u00e5nedene. Innbyggerne fortjener en by uten s\u00f8ppel og skrot rundt omkring p\u00e5 fortauskantene og kratt.<\/p><p>Det er ikke bare en ren og pen by som er viktig for H\u00f8yre. Det er n\u00e5 v\u00e5re velgere og medlemmer kan p\u00e5virke politikken og partiprogrammet frem mot neste valg. Vi stilte mannsterke opp b\u00e5de for byens vel og for innbyggerne. De fikk muligheten til \u00e5 fortelle oss om sine hjertesaker og andre ting som kanskje bekymret eller gledet. H\u00f8yre var der for \u00e5 lytte, og for \u00e5 ta sakene videre inn i programprosessen.<\/p><p>En av de som hadde dukket opp for \u00e5 lytte til velgerne var B\u00e5rd Folke Fredriksen. P\u00e5 v\u00e5r stand ved Aker Brygge kunne han fortelle om Fjordbyen og havnepromenaden. Det var en engasjert Fredriksen som stolt kunne presentere planene fremover for Fjordbyen og fortelle hva som hadde blitt gjort.<\/p><p>P\u00e5 standene v\u00e5re hadde vi flotte og informative brosjyrer om Fjordbyen. Det var med stolthet at v\u00e5re medlemmer kunne dele ut brosjyrene til de forbipasserende. Alle visste at Fjordbyen er p\u00e5 vei til \u00e5 bli noe \u00e5 v\u00e6re stolt av som innbygger. Med brosjyren i h\u00e5nd kan de lese seg opp i hva som faktisk har skjedd, og skal skje videre fremover.<\/p><p>Brosjyrene var spesialbestilte for anledningen, og Camilla Johannessen og Steinar Wulfsberg Gamre kastet seg over oppgaven med \u00e5 lage disse flotte brosjyrene. P\u00e5 vegne av hele Fjordaksjonsgjengen er vi meget takknemlig for arbeidet som ble lagt i \u00e5 produsere disse.<\/p><p>Det var i ytterkantene det var mest s\u00f8ppel \u00e5 finne. B\u00e5de Ullern H\u00f8yre i vest, og Nordstrand H\u00f8yre i \u00f8st, hadde nok av s\u00f8ppel \u00e5 ta tak i. Det var en flott og opplagt gjeng p\u00e5 begge sider som valgte \u00e5 bruke l\u00f8rdagen sin p\u00e5 \u00e5 feie for sin egen d\u00f8r. Nordstrand tok for seg Nordstrand bad, og gjorde den klar til en flunkende ny badesesong. Ullern tok for seg Bestumkilen og omr\u00e5det rundt Sk\u00f8yen stasjon. Bestumkilen hadde for\u00f8vrig v\u00e6rt i nyhetsbildet grunnet fors\u00f8pling tidligere samme uken. Den vestre delen av Oslo klarte Ullern \u00e5 pensle ren og pen.<\/p><p>N\u00e5r Oslo H\u00f8yre er ute p\u00e5 aksjon liker vi \u00e5 kunne gi litt til alle. Vi er tross alt et parti for alle og enhver. Ved Aker Brygge hadde vi satt opp en tank med helium og bl\u00e5ste opp ballonger til glede for barn til den store gullmedalje. Dog m\u00e5 det sies at vi ogs\u00e5 kunne glede et par voksne med ballonger ogs\u00e5.\u00a0Det var et flott syn som m\u00f8tte de som hadde tatt turen ned til omr\u00e5det. Cirka 300 H\u00f8yre-ballonger danset rundt i luften fra hendene til b\u00e5de sm\u00e5 og store.<\/p><h2>Presseklipp<\/h2><p><strong>Ditt Oslo 24. april :<br \/><\/strong><br \/>\nLes saken<\/p><p><strong>Ditt Oslo 25. april<\/strong><\/p><p>Les saken<\/p><p><strong>Ditt Oslo 29. april:<\/strong><br \/><a href=\"https:\/\/www.oslohoyre.no\/wp-content\/uploads\/2014\/05\/Screenshot-2014-05-04-20.57.28.jpg\"><\/a><\/p><p>Les saken<\/p><p><strong>Nordstrand Blad 29. april:<br \/><\/strong><a href=\"https:\/\/www.oslohoyre.no\/wp-content\/uploads\/2014\/05\/Screenshot-2014-05-04-20.54.10.jpg\"><\/a><\/p><p>Les saken<\/p>\n[\/one_third_last]\nSagene H\u00f8yre kunne melde om engasjerte velgere som var i overkant positive til at det var H\u00f8yre-folk som hadde tatt ansvar. Det ble foreviget med en Facebook-post fra vedkommende \u2013 inkludert i den posten: Et bilde av en s\u00f8ppelplukkende H\u00f8yre-mann.<\/p><p>Vi har flere bilder p\u00e5 v\u00e5rt\u00a0<a href=\"https:\/\/www.facebook.com\/media\/set\/?set=a.10152946784668504.1073741840.308194748503&#038;&#038;type=3\">Facebook-album<\/a><\/p><p>Da vi kunne pakke sammen og knyte s\u00f8ppelsekkene klokken fire var det en gjeng motiverte medlemmer som visste at de hadde f\u00e5tt utrettet en forskjell for byen.<\/p><p>Det var to slitne medlemmer i Kampanjeutvalget til Frogner H\u00f8yre som hadde en god grunn til \u00e5 v\u00e6re forn\u00f8yd med resultatet. Lene Haug og Jens Christian Blix hadde planlagt og koordinert kampanjen lang tid i forveien. Det hele hadde startet med en rekognoserings- og planleggingsrunde rundt hele Oslos fjordkant i piskende regnv\u00e6r for \u00e5 kartlegge plassering av stands. S\u00f8ppelmengder ble m\u00f8ysommelig dokumentert. Da kan du tro at det var en gledens dag for disse to da det tikket inn meldinger fra standene om at det hadde v\u00e6rt vellykket.<\/p><p>Til slutt \u00f8nsker Frogner H\u00f8yre \u00e5 takke b\u00e5de Oslo H\u00f8yre og sine samarbeidende bydelsforeninger: Ullern H\u00f8yre, Nordstrand H\u00f8yre, St. Hanshaugen H\u00f8yre, Vestre Aker H\u00f8yre, Sagene H\u00f8yre, Gr\u00fcnerl\u00f8kka H\u00f8yre og Gamle Oslo H\u00f8yre.<\/p>\n[framed_box]\n<h4>Slik blir fjordbyen<\/h4><ul><li>10 km lang havnepromenade fra Frognerkilen til Kongshavn<\/li><li>Containerterminalen flyttes fra Ormsund over til Sjurs\u00f8ya<\/li><li>St\u00f8y og nattlossing fra Oslo Havn skal begrenses<\/li><li>Filipstad utvikles med store friarealer ut mot sj\u00f8en<\/li><li>Sandstrender og sj\u00f8bad p\u00e5 S\u00f8renga, i Bj\u00f8rvika og p\u00e5 Filipstad<\/li><li>Vippetangen utvikles \u2013 Ny fiskehall og Teknisk Museum? Forslagene er mange!<\/li><li>Bj\u00f8rvika ligger inntil Oslo S, men hva med Fjordtrikk langs vannet?<\/li><li>Sentrumsn\u00e6re boliger med fjordutsikt<\/li><\/ul><p><a href=\"https:\/\/www.oslohoyre.no\/wp-content\/uploads\/2014\/05\/Fjordbyen-brosjyre-2014.pdf\">Fjordbyen brosjyre 2014<\/a><\/p>\n[\/framed_box]\n<\/div>\n<div class=\"tags\">\n\t<\/div>\n<div class=\"post-footer alignfull has-background block-editor-block-list__block\" data-align=full>\n\t<div class=\"post-footer-inner\">\n\t\t<h3>Relaterte artikler<\/h3>\n\t\t<div class=\"related-content\"><div class=\"is-card-hoyre\">\n\t<div class=\"teft-card hoyre-teft-card post-teft-card\">\n\t\t<a href=\"https:\/\/hoyre.no\/oslo\/aktuelt\/mdg-moralismen-fornekter-seg-ikke\/\" class=\"teft-card__primary-action\">\n\n\t\t\t\t\t<div class=\"teft-card__media teft-card__media--16-9\">\n\t\t\t\t\t\t<img loading=\"lazy\" decoding=\"async\" width=\"768\" height=\"512\" src=\"https:\/\/hoyre.no\/content\/uploads\/sites\/408\/2024\/01\/QZQlxtOC-768x512.jpeg\" class=\"attachment-medium_large size-medium_large\" alt=\"Merete Agerbak-Jensen\" srcset=\"https:\/\/hoyre.no\/content\/uploads\/sites\/408\/2024\/01\/QZQlxtOC-768x512.jpeg 768w, https:\/\/hoyre.no\/content\/uploads\/sites\/408\/2024\/01\/QZQlxtOC-300x200.jpeg 300w, https:\/\/hoyre.no\/content\/uploads\/sites\/408\/2024\/01\/QZQlxtOC-1024x683.jpeg 1024w, https:\/\/hoyre.no\/content\/uploads\/sites\/408\/2024\/01\/QZQlxtOC-1536x1024.jpeg 1536w, https:\/\/hoyre.no\/content\/uploads\/sites\/408\/2024\/01\/QZQlxtOC-2048x1365.jpeg 2048w\" sizes=\"auto, (max-width: 768px) 100vw, 768px\" \/>\t\t<\/div>\n\t\t\n\t\t\t<div class=\"teft-card__content-wrapper\">\n\t\t\t\t<div class=\"teft-card__secondary\">\n\t\t\t\t\t\n\t\t\t\t\t\t\t\t<div class=\"teft-card__meta\">\n\t\t\t\t\t\t\t\t\t<span class=\"post-date\">23. apr 2026<\/span>\n\n\t\t\t\t\t\t\t\t\t\t\t\t\t\t\t\t\t<\/div>\n\t\t\t\t\t\t\t\t\t\t\t<\/div>\n\n\t\t\t\t<div class=\"teft-card__primary\">\n\t\t\t\t\t<h2 class=\"teft-card__title\">MDG-moralismen fornekter seg ikke&nbsp;<span class=\"teft-card__primary-title-append\"><\/span><\/h2>\t\t\t\t<\/div>\n\t\t\t<\/div>\n\t\t<\/a>\n\t<\/div>\n\n\t<\/div><div class=\"is-card-hoyre\">\n\t<div class=\"teft-card hoyre-teft-card post-teft-card\">\n\t\t<a href=\"https:\/\/hoyre.no\/oslo\/aktuelt\/raskere-og-enklere-a-bygge-boliger-og-skape-arbeidsplasser-i-oslo\/\" class=\"teft-card__primary-action\">\n\n\t\t\t\t\t<div class=\"teft-card__media teft-card__media--16-9\">\n\t\t\t\t\t\t<img loading=\"lazy\" decoding=\"async\" width=\"768\" height=\"576\" src=\"https:\/\/hoyre.no\/content\/uploads\/sites\/408\/2026\/04\/Eirik-Lae-Solberg-og-Anita-Leirvik-North-768x576.jpg\" class=\"attachment-medium_large size-medium_large\" alt=\"\" srcset=\"https:\/\/hoyre.no\/content\/uploads\/sites\/408\/2026\/04\/Eirik-Lae-Solberg-og-Anita-Leirvik-North-768x576.jpg 768w, https:\/\/hoyre.no\/content\/uploads\/sites\/408\/2026\/04\/Eirik-Lae-Solberg-og-Anita-Leirvik-North-300x225.jpg 300w, https:\/\/hoyre.no\/content\/uploads\/sites\/408\/2026\/04\/Eirik-Lae-Solberg-og-Anita-Leirvik-North.jpg 901w\" sizes=\"auto, (max-width: 768px) 100vw, 768px\" \/>\t\t<\/div>\n\t\t\n\t\t\t<div class=\"teft-card__content-wrapper\">\n\t\t\t\t<div class=\"teft-card__secondary\">\n\t\t\t\t\t\n\t\t\t\t\t\t\t\t<div class=\"teft-card__meta\">\n\t\t\t\t\t\t\t\t\t<span class=\"post-date\">14. apr 2026<\/span>\n\n\t\t\t\t\t\t\t\t\t<span class=\"post-category\">Har lagt frem ny KPA:<\/span>\t\t\t\t\t\t\t\t<\/div>\n\t\t\t\t\t\t\t\t\t\t\t<\/div>\n\n\t\t\t\t<div class=\"teft-card__primary\">\n\t\t\t\t\t<h2 class=\"teft-card__title\">Raskere og enklere \u00e5 bygge boliger og skape arbeidsplasser i Oslo&nbsp;<span class=\"teft-card__primary-title-append\"><\/span><\/h2>\t\t\t\t<\/div>\n\t\t\t<\/div>\n\t\t<\/a>\n\t<\/div>\n\n\t<\/div><div class=\"is-card-hoyre\">\n\t<div class=\"teft-card hoyre-teft-card post-teft-card\">\n\t\t<a href=\"https:\/\/hoyre.no\/oslo\/aktuelt\/bedre-elevresultater-og-en-skoleokonomi-i-balanse-med-blagront-byrad\/\" class=\"teft-card__primary-action\">\n\n\t\t\t\t\t<div class=\"teft-card__media teft-card__media--16-9\">\n\t\t\t\t\t\t<img loading=\"lazy\" decoding=\"async\" width=\"768\" height=\"512\" src=\"https:\/\/hoyre.no\/content\/uploads\/sites\/408\/2025\/05\/IMG_6440-768x512.jpeg\" class=\"attachment-medium_large size-medium_large\" alt=\"Julie Remen Midtgarden\" srcset=\"https:\/\/hoyre.no\/content\/uploads\/sites\/408\/2025\/05\/IMG_6440-768x512.jpeg 768w, https:\/\/hoyre.no\/content\/uploads\/sites\/408\/2025\/05\/IMG_6440-300x200.jpeg 300w, https:\/\/hoyre.no\/content\/uploads\/sites\/408\/2025\/05\/IMG_6440-1024x683.jpeg 1024w, https:\/\/hoyre.no\/content\/uploads\/sites\/408\/2025\/05\/IMG_6440-1536x1024.jpeg 1536w, https:\/\/hoyre.no\/content\/uploads\/sites\/408\/2025\/05\/IMG_6440-2048x1365.jpeg 2048w\" sizes=\"auto, (max-width: 768px) 100vw, 768px\" \/>\t\t<\/div>\n\t\t\n\t\t\t<div class=\"teft-card__content-wrapper\">\n\t\t\t\t<div class=\"teft-card__secondary\">\n\t\t\t\t\t\n\t\t\t\t\t\t\t\t<div class=\"teft-card__meta\">\n\t\t\t\t\t\t\t\t\t<span class=\"post-date\">26. mar 2026<\/span>\n\n\t\t\t\t\t\t\t\t\t\t\t\t\t\t\t\t\t<\/div>\n\t\t\t\t\t\t\t\t\t\t\t<\/div>\n\n\t\t\t\t<div class=\"teft-card__primary\">\n\t\t\t\t\t<h2 class=\"teft-card__title\">Bedre elevresultater og en skole\u00f8konomi i balanse med bl\u00e5gr\u00f8nt byr\u00e5d&nbsp;<span class=\"teft-card__primary-title-append\"><\/span><\/h2>\t\t\t\t<\/div>\n\t\t\t<\/div>\n\t\t<\/a>\n\t<\/div>\n\n\t<\/div><\/div>\t<\/div>\n<\/div>\n","protected":false},"excerpt":{"rendered":"","protected":false},"author":0,"featured_media":0,"comment_status":"closed","ping_status":"closed","sticky":false,"template":"","format":"standard","meta":{"teft_cards_image_url":"","teft_cards_custom_pretitle":"","teft_cards_image_id":0,"teft_cards_image_focal_point_x":0,"teft_cards_image_focal_point_y":0,"teft_cards_title":"","teft_cards_excerpt":"","teft_show_chapters":false,"author_display_name":"Oslo H\u00f8yre","footnotes":""},"category":[1],"post_tag":[],"hoyre-visibility":[],"article-type":[],"politician":[],"class_list":["post-1667","post","type-post","status-publish","format-standard","hentry","category-nyheter"],"yoast_head":"<!-- This site is optimized with the Yoast SEO Premium plugin v26.5 (Yoast SEO v26.6) - https:\/\/yoast.com\/wordpress\/plugins\/seo\/ -->\n<title>En vellykket v\u00e5raksjon - Oslo H\u00f8yre<\/title>\n<meta name=\"robots\" content=\"index, follow, max-snippet:-1, max-image-preview:large, max-video-preview:-1\" \/>\n<link rel=\"canonical\" href=\"https:\/\/hoyre.no\/oslo\/aktuelt\/vellykket-varaksjon-fjordbyen\/\" \/>\n<meta property=\"og:locale\" content=\"nb_NO\" \/>\n<meta property=\"og:type\" content=\"article\" \/>\n<meta property=\"og:title\" content=\"En vellykket v\u00e5raksjon\" \/>\n<meta property=\"og:url\" content=\"https:\/\/hoyre.no\/oslo\/aktuelt\/vellykket-varaksjon-fjordbyen\/\" \/>\n<meta property=\"og:site_name\" content=\"Oslo H\u00f8yre\" \/>\n<meta property=\"article:publisher\" content=\"https:\/\/www.facebook.com\/oslo.hoyre\" \/>\n<meta property=\"article:published_time\" content=\"2014-05-05T01:49:49+00:00\" \/>\n<meta property=\"article:modified_time\" content=\"2022-09-26T13:06:20+00:00\" \/>\n<meta property=\"og:image\" content=\"https:\/\/hoyre.no\/content\/uploads\/sites\/408\/2022\/11\/Hoyres-logo.png\" \/>\n\t<meta property=\"og:image:width\" content=\"1000\" \/>\n\t<meta property=\"og:image:height\" content=\"1000\" \/>\n\t<meta property=\"og:image:type\" content=\"image\/png\" \/>\n<meta name=\"twitter:card\" content=\"summary_large_image\" \/>\n<meta name=\"twitter:label1\" content=\"Ansl. lesetid\" \/>\n\t<meta name=\"twitter:data1\" content=\"4 minutter\" \/>\n<script type=\"application\/ld+json\" class=\"yoast-schema-graph\">{\"@context\":\"https:\/\/schema.org\",\"@graph\":[{\"@type\":\"Article\",\"@id\":\"https:\/\/hoyre.no\/oslo\/aktuelt\/vellykket-varaksjon-fjordbyen\/#article\",\"isPartOf\":{\"@id\":\"https:\/\/hoyre.no\/oslo\/aktuelt\/vellykket-varaksjon-fjordbyen\/\"},\"author\":{\"name\":\"\",\"@id\":\"\"},\"headline\":\"En vellykket v\u00e5raksjon\",\"datePublished\":\"2014-05-05T01:49:49+00:00\",\"dateModified\":\"2022-09-26T13:06:20+00:00\",\"mainEntityOfPage\":{\"@id\":\"https:\/\/hoyre.no\/oslo\/aktuelt\/vellykket-varaksjon-fjordbyen\/\"},\"wordCount\":861,\"publisher\":{\"@id\":\"https:\/\/hoyre.no\/oslo\/#organization\"},\"articleSection\":[\"Nyheter\"],\"inLanguage\":\"nb-NO\"},{\"@type\":\"NewsArticle\",\"@id\":\"https:\/\/hoyre.no\/oslo\/aktuelt\/vellykket-varaksjon-fjordbyen\/\",\"url\":\"https:\/\/hoyre.no\/oslo\/aktuelt\/vellykket-varaksjon-fjordbyen\/\",\"name\":\"En vellykket v\u00e5raksjon - Oslo H\u00f8yre\",\"isPartOf\":{\"@id\":\"https:\/\/hoyre.no\/oslo\/#website\"},\"datePublished\":\"2014-05-05T01:49:49+00:00\",\"dateModified\":\"2022-09-26T13:06:20+00:00\",\"breadcrumb\":{\"@id\":\"https:\/\/hoyre.no\/oslo\/aktuelt\/vellykket-varaksjon-fjordbyen\/#breadcrumb\"},\"inLanguage\":\"nb-NO\",\"potentialAction\":[{\"@type\":\"ReadAction\",\"target\":[\"https:\/\/hoyre.no\/oslo\/aktuelt\/vellykket-varaksjon-fjordbyen\/\"]}]},{\"@type\":\"BreadcrumbList\",\"@id\":\"https:\/\/hoyre.no\/oslo\/aktuelt\/vellykket-varaksjon-fjordbyen\/#breadcrumb\",\"itemListElement\":[{\"@type\":\"ListItem\",\"position\":1,\"name\":\"Til hoyre.no\",\"item\":\"https:\/\/hoyre.no\"},{\"@type\":\"ListItem\",\"position\":2,\"name\":\"Hjem\",\"item\":\"https:\/\/hoyre.no\/oslo\/\"},{\"@type\":\"ListItem\",\"position\":3,\"name\":\"En vellykket v\u00e5raksjon\"}]},{\"@type\":\"WebSite\",\"@id\":\"https:\/\/hoyre.no\/oslo\/#website\",\"url\":\"https:\/\/hoyre.no\/oslo\/\",\"name\":\"Oslo H\u00f8yre\",\"description\":\"\",\"publisher\":{\"@id\":\"https:\/\/hoyre.no\/oslo\/#organization\"},\"inLanguage\":\"nb-NO\"},{\"@type\":\"Organization\",\"@id\":\"https:\/\/hoyre.no\/oslo\/#organization\",\"name\":\"Oslo H\u00f8yre\",\"url\":\"https:\/\/hoyre.no\/oslo\/\",\"logo\":{\"@type\":\"ImageObject\",\"inLanguage\":\"nb-NO\",\"@id\":\"https:\/\/hoyre.no\/oslo\/#\/schema\/logo\/image\/\",\"url\":\"https:\/\/hoyre.no\/content\/uploads\/sites\/408\/2022\/11\/Hoyres-logo.png\",\"contentUrl\":\"https:\/\/hoyre.no\/content\/uploads\/sites\/408\/2022\/11\/Hoyres-logo.png\",\"width\":1000,\"height\":1000,\"caption\":\"Oslo H\u00f8yre\"},\"image\":{\"@id\":\"https:\/\/hoyre.no\/oslo\/#\/schema\/logo\/image\/\"},\"sameAs\":[\"https:\/\/www.facebook.com\/oslo.hoyre\"]}]}<\/script>\n<!-- \/ Yoast SEO Premium plugin. -->","yoast_head_json":{"title":"En vellykket v\u00e5raksjon - Oslo H\u00f8yre","robots":{"index":"index","follow":"follow","max-snippet":"max-snippet:-1","max-image-preview":"max-image-preview:large","max-video-preview":"max-video-preview:-1"},"canonical":"https:\/\/hoyre.no\/oslo\/aktuelt\/vellykket-varaksjon-fjordbyen\/","og_locale":"nb_NO","og_type":"article","og_title":"En vellykket v\u00e5raksjon","og_url":"https:\/\/hoyre.no\/oslo\/aktuelt\/vellykket-varaksjon-fjordbyen\/","og_site_name":"Oslo H\u00f8yre","article_publisher":"https:\/\/www.facebook.com\/oslo.hoyre","article_published_time":"2014-05-05T01:49:49+00:00","article_modified_time":"2022-09-26T13:06:20+00:00","og_image":[{"width":1000,"height":1000,"url":"https:\/\/hoyre.no\/content\/uploads\/sites\/408\/2022\/11\/Hoyres-logo.png","type":"image\/png"}],"twitter_card":"summary_large_image","twitter_misc":{"Ansl. lesetid":"4 minutter"},"schema":{"@context":"https:\/\/schema.org","@graph":[{"@type":"Article","@id":"https:\/\/hoyre.no\/oslo\/aktuelt\/vellykket-varaksjon-fjordbyen\/#article","isPartOf":{"@id":"https:\/\/hoyre.no\/oslo\/aktuelt\/vellykket-varaksjon-fjordbyen\/"},"author":{"name":"","@id":""},"headline":"En vellykket v\u00e5raksjon","datePublished":"2014-05-05T01:49:49+00:00","dateModified":"2022-09-26T13:06:20+00:00","mainEntityOfPage":{"@id":"https:\/\/hoyre.no\/oslo\/aktuelt\/vellykket-varaksjon-fjordbyen\/"},"wordCount":861,"publisher":{"@id":"https:\/\/hoyre.no\/oslo\/#organization"},"articleSection":["Nyheter"],"inLanguage":"nb-NO"},{"@type":"NewsArticle","@id":"https:\/\/hoyre.no\/oslo\/aktuelt\/vellykket-varaksjon-fjordbyen\/","url":"https:\/\/hoyre.no\/oslo\/aktuelt\/vellykket-varaksjon-fjordbyen\/","name":"En vellykket v\u00e5raksjon - Oslo H\u00f8yre","isPartOf":{"@id":"https:\/\/hoyre.no\/oslo\/#website"},"datePublished":"2014-05-05T01:49:49+00:00","dateModified":"2022-09-26T13:06:20+00:00","breadcrumb":{"@id":"https:\/\/hoyre.no\/oslo\/aktuelt\/vellykket-varaksjon-fjordbyen\/#breadcrumb"},"inLanguage":"nb-NO","potentialAction":[{"@type":"ReadAction","target":["https:\/\/hoyre.no\/oslo\/aktuelt\/vellykket-varaksjon-fjordbyen\/"]}]},{"@type":"BreadcrumbList","@id":"https:\/\/hoyre.no\/oslo\/aktuelt\/vellykket-varaksjon-fjordbyen\/#breadcrumb","itemListElement":[{"@type":"ListItem","position":1,"name":"Til hoyre.no","item":"https:\/\/hoyre.no"},{"@type":"ListItem","position":2,"name":"Hjem","item":"https:\/\/hoyre.no\/oslo\/"},{"@type":"ListItem","position":3,"name":"En vellykket v\u00e5raksjon"}]},{"@type":"WebSite","@id":"https:\/\/hoyre.no\/oslo\/#website","url":"https:\/\/hoyre.no\/oslo\/","name":"Oslo H\u00f8yre","description":"","publisher":{"@id":"https:\/\/hoyre.no\/oslo\/#organization"},"inLanguage":"nb-NO"},{"@type":"Organization","@id":"https:\/\/hoyre.no\/oslo\/#organization","name":"Oslo H\u00f8yre","url":"https:\/\/hoyre.no\/oslo\/","logo":{"@type":"ImageObject","inLanguage":"nb-NO","@id":"https:\/\/hoyre.no\/oslo\/#\/schema\/logo\/image\/","url":"https:\/\/hoyre.no\/content\/uploads\/sites\/408\/2022\/11\/Hoyres-logo.png","contentUrl":"https:\/\/hoyre.no\/content\/uploads\/sites\/408\/2022\/11\/Hoyres-logo.png","width":1000,"height":1000,"caption":"Oslo H\u00f8yre"},"image":{"@id":"https:\/\/hoyre.no\/oslo\/#\/schema\/logo\/image\/"},"sameAs":["https:\/\/www.facebook.com\/oslo.hoyre"]}]}},"distributor_meta":false,"distributor_terms":false,"distributor_media":false,"distributor_original_site_name":"Oslo H\u00f8yre","distributor_original_site_url":"https:\/\/hoyre.no\/oslo","push-errors":false,"_links":{"self":[{"href":"https:\/\/hoyre.no\/oslo\/wp-json\/wp\/v2\/posts\/1667","targetHints":{"allow":["GET"]}}],"collection":[{"href":"https:\/\/hoyre.no\/oslo\/wp-json\/wp\/v2\/posts"}],"about":[{"href":"https:\/\/hoyre.no\/oslo\/wp-json\/wp\/v2\/types\/post"}],"replies":[{"embeddable":true,"href":"https:\/\/hoyre.no\/oslo\/wp-json\/wp\/v2\/comments?post=1667"}],"version-history":[{"count":1,"href":"https:\/\/hoyre.no\/oslo\/wp-json\/wp\/v2\/posts\/1667\/revisions"}],"predecessor-version":[{"id":2863,"href":"https:\/\/hoyre.no\/oslo\/wp-json\/wp\/v2\/posts\/1667\/revisions\/2863"}],"wp:attachment":[{"href":"https:\/\/hoyre.no\/oslo\/wp-json\/wp\/v2\/media?parent=1667"}],"wp:term":[{"taxonomy":"category","embeddable":true,"href":"https:\/\/hoyre.no\/oslo\/wp-json\/wp\/v2\/category?post=1667"},{"taxonomy":"post_tag","embeddable":true,"href":"https:\/\/hoyre.no\/oslo\/wp-json\/wp\/v2\/post_tag?post=1667"},{"taxonomy":"hoyre-visibility","embeddable":true,"href":"https:\/\/hoyre.no\/oslo\/wp-json\/wp\/v2\/hoyre-visibility?post=1667"},{"taxonomy":"article-type","embeddable":true,"href":"https:\/\/hoyre.no\/oslo\/wp-json\/wp\/v2\/article-type?post=1667"},{"taxonomy":"politician","embeddable":true,"href":"https:\/\/hoyre.no\/oslo\/wp-json\/wp\/v2\/politician?post=1667"}],"curies":[{"name":"wp","href":"https:\/\/api.w.org\/{rel}","templated":true}]}}