{"id":1672,"date":"2014-05-02T22:02:31","date_gmt":"2014-05-02T22:02:31","guid":{"rendered":"https:\/\/hoyre.no\/oslo\/aktuelt\/nye-velgergrupper-hvordan-de-vinnes\/"},"modified":"2022-09-26T15:06:22","modified_gmt":"2022-09-26T13:06:22","slug":"nye-velgergrupper-hvordan-de-vinnes","status":"publish","type":"post","link":"https:\/\/hoyre.no\/oslo\/aktuelt\/nye-velgergrupper-hvordan-de-vinnes\/","title":{"rendered":"Nye velgergrupper: hvordan de kan vinnes"},"content":{"rendered":"<figure class=\"hoyre-image-wrapper\"><div class=\"hoyre-image\"><img loading=\"lazy\" decoding=\"async\" width=\"600\" height=\"543\" src=\"https:\/\/hoyre.no\/content\/uploads\/sites\/408\/2022\/09\/RS14_Mudassar.jpg\" class=\"attachment-scaled size-scaled\" alt=\"Mudassar Kapur\" style=\"object-position: 50% 50%\" srcset=\"https:\/\/hoyre.no\/content\/uploads\/sites\/408\/2022\/09\/RS14_Mudassar.jpg 600w, https:\/\/hoyre.no\/content\/uploads\/sites\/408\/2022\/09\/RS14_Mudassar-300x272.jpg 300w\" sizes=\"auto, (max-width: 600px) 100vw, 600px\" \/><\/div><\/figure><div id=\"hoyre-old-article-content-wrapper\"><h2>Stortingsrepresentant Mudassar Kapur om det \u00e5 n\u00e5 ut til nye velgergrupper<\/h2><h5>Hvem ser du n\u00e5r du handler matvarer i en butikk som ikke er drevet av en etnisk nordmann? Ser du en innvandrersjappe eller ser du en bedrift i klassen sm\u00e5- og mellomstore bedrifter \u2013 kanskje et familieforetak drevet i flere generasjoner.<\/h5><p>Tekst: Jens Christian Blix \/\/ foto: Jens Christian Blix<\/p>\n[framed_box width=&raquo;300px&raquo; align=&raquo;right&raquo;]\n<h2>Mudassar Kapur<\/h2><p>H\u00f8yre, \u00a0Stortingsrepresentant for Oslo fra 2013. Stortingets kommunal- og forvaltningskomit\u00e9.<\/p><p>Mudassar Kapur f\u00f8dt 14.12.76 er av norsk-pakistansk opprinnelse. Hans far kom til Norge i 1971 som arbeidsinnvandrer,<\/p><p>Mudaassar Kapur har studert markedsf\u00f8ring, merkevarebygging og ledelse og har MBA i strategisk ledelse fra Handelsh\u00f8yskolen. Han har tidligere v\u00e6rt leder for innsamling og marked i SOS-Barnebyer og kampanjesjef i H\u00f8yres Hovedorganisasjon.<\/p><p>Han var bystyrerepresentant i Oslo fra 2011 i finanskomiteen og har v\u00e6rt tillitsvalg i S\u00f8ndre Nordstrand H\u00f8yre.<\/p><p><a href=\"http:\/\/www.oslohoyre.no\/kandidater\/mudassar-kapur\/\">Profil: Mudassar Kapur &#8211; Oslo H\u00f8yre<\/a><\/p><p><a href=\"https:\/\/www.stortinget.no\/no\/Representanter-og-komiteer\/Representantene\/Representantfordeling\/Representant\/?perid=MUK\">Mudassar Kapur p\u00e5 Stortinget<\/a><\/p><p><a href=\"https:\/\/twitter.com\/mudassarkapur\">F\u00f8lg Mudassar Kapur p\u00e5 Twitter<\/a><\/p><p>[\/framed_box] Dette sp\u00f8rsm\u00e5let stilte Mudassar Kapur p\u00e5 kampanjesamlingen til H\u00f8yre. Og det er et viktig sp\u00f8rsm\u00e5l.<\/p><p>For at vi skal forst\u00e5 hva en person \u00f8nsker og vil, m\u00e5 vi vite hvem denne personen er. I dette tilfellet er det en eier av en bedrift som vil lette p\u00e5 byr\u00e5kratiet og skjemaveldet \u2013 en som vil bruke tiden p\u00e5 \u00e5 selge og skape kunderelasjoner \u2013 ikke sitte p\u00e5 bakrommet og \u00e5 logge seg inn p\u00e5 Altinn for \u00e5 levere ukens rapporter og s\u00f8knader.<\/p><p>De er like opptatt av skatter og avgifter som Rema-kj\u00f8pmannen p\u00e5 andre siden av gaten.<\/p><p><strong>\u00c5 tro at innvandrere ene og alene er interessert i innvandringspolitikk er helt feil<\/strong><\/p><p>&#8211; Tror du ikke taxisj\u00e5f\u00f8ren med kurdisk bakgrunn er mer interessert i vei enn hele Hordaland og Sogn og Fjordane H\u00f8gre til sammen, sier Mudassar i talen sin.<br \/>\n53% av norske statsborgere med innvandrerbakgrunn stemmer. Hvor mange av disse kan vi f\u00e5 til \u00e5 stemme H\u00f8yre? Og hvor mange av de som ikke stemmer kan vi f\u00e5 med?<\/p><p><strong>&#8211; De er opptatt av politikk, men de f\u00f8ler at politikerne ikke er opptatt av dem!<\/strong><\/p><p>Vi m\u00e5 jobbe sammen for \u00e5 mobilisere denne gruppen, men vi m\u00e5 alts\u00e5 vite at det ikke er en enkel oppskrift som gj\u00f8r at de vil stemme H\u00f8yre i 2015 eller 2017. De er individer som er opptatt av pensjon, byr\u00e5krati, helse og utdanning, akkurat som de etniske norske velgerne.<\/p><p>Rundt frokostbordet sitter det familier og diskuterer utdanningen til barna. Ved sykesengen sitter mannen og diskuterer helse med konen sin. Eldre sitter og snakker om verdigheten i eldreomsorgen. Fellesbetegnelsen er at de snakker politikk til hverdags.<\/p><p>De bryr seg om det som skjer i samfunnet, b\u00e5de lokalt og nasjonalt. De lever de samme livene som etniske nordmenn. De bruker de samme tjenestene \u2013 de m\u00f8ter de samme problemene.<\/p><p>La oss h\u00f8re p\u00e5 dem \u2013 la dem forst\u00e5 at vi bryr oss, og at vi forst\u00e5r deres problemer og utfordringer.<\/p><p>Vi m\u00e5 dog ikke glemme at de forskjellige velgergruppene har sine egne \u00abinnvandrersaker\u00bb, eller s\u00e6rinteresser. For at de skal f\u00e5 frem disse sakene m\u00e5 vi sp\u00f8rre. Og dette klarer vi kun gjennom direkte velgerkontakt, mener Mudassar.<\/p><p>&#8211; Det den vise gj\u00f8r i starten, gj\u00f8r amat\u00f8ren p\u00e5 slutten. Vi m\u00e5 s\u00f8rge for \u00e5 snakke med disse velgerne n\u00e5 &#8211; allerede f\u00f8r vi utvikler politikken. Ikke mot slutten n\u00e5r det bare er to uker til valgdagen.<\/p><p>Slik kan vi l\u00e6re hverandre \u00e5 kjenne. Vi kan spisse budskapet v\u00e5rt fremover, akkurat som vi spisser budskapet n\u00e5r vi er p\u00e5 bedriftsbes\u00f8k eller skolebes\u00f8k.<\/p><p>Hvis vi klarer \u00e5 f\u00e5 frem v\u00e5rt budskap, og de f\u00f8ler at de bli h\u00f8rt, kan vi f\u00e5 deres stemmer. Men det viktigste fremover blir \u00e5 holde dem inne i varmen med jevnlig kontakt via for eksempel medlemsm\u00f8ter. De kan v\u00e6re gode bidragsytere til fremtidig H\u00f8yre-politikk og perfekte kandidater til verv.<\/p><p>Neste gang du ser en ny landsmann som g\u00e5r og triller p\u00e5 en barnevogn \u2013 er det kanskje ikke s\u00e5 vanskelig \u00e5 tro at det er pappapermisjonen som g\u00e5r igjennom holdet hans. Samt litt skolepolitikk der han g\u00e5r forbi en skole. Det er i alle fall det som han vil snakke med deg om hvis han stopper opp ved en av H\u00f8yres stands under valgkampen.<\/p><p><em>Tusen takk til Mudassar Kapur for manuskriptet. Talen ble holdt 29. mars p\u00e5 H\u00f8yres kampanjesamling 2014, og artikkelen er basert p\u00e5 innholdet i denne talen.<\/em><\/p><h2>Nye velgergrupper i Frogner bydel<\/h2><p>N\u00e5r det er kommunevalg om et og et halvt \u00e5r har vi mange spennende velgergrupper vi m\u00e5 n\u00e5 i Frogner Bydel. Det spesielt mange svensker og polakker i v\u00e5r bydel som kanskje aldri har stemt i Norge, men som har stemmerett i kommunevalg. Det kan v\u00e6re avgj\u00f8rende at vi legger en god strategi for \u00e5 m\u00f8te disse nye velgergruppene og h\u00f8rer hva de er opptatt av. Dernest at vi f\u00e5r dem til \u00e5 benytte seg av stemmeretten, og at de selvsagt helst stemmer H\u00f8yre.<\/p>\n<\/div>\n<div class=\"tags\">\n\t<\/div>\n<div class=\"post-footer alignfull has-background block-editor-block-list__block\" data-align=full>\n\t<div class=\"post-footer-inner\">\n\t\t<h3>Relaterte artikler<\/h3>\n\t\t<div class=\"related-content\"><div class=\"is-card-hoyre\">\n\t<div class=\"teft-card hoyre-teft-card post-teft-card\">\n\t\t<a href=\"https:\/\/hoyre.no\/oslo\/aktuelt\/mdg-moralismen-fornekter-seg-ikke\/\" class=\"teft-card__primary-action\">\n\n\t\t\t\t\t<div class=\"teft-card__media teft-card__media--16-9\">\n\t\t\t\t\t\t<img loading=\"lazy\" decoding=\"async\" width=\"768\" height=\"512\" src=\"https:\/\/hoyre.no\/content\/uploads\/sites\/408\/2024\/01\/QZQlxtOC-768x512.jpeg\" class=\"attachment-medium_large size-medium_large\" alt=\"Merete Agerbak-Jensen\" srcset=\"https:\/\/hoyre.no\/content\/uploads\/sites\/408\/2024\/01\/QZQlxtOC-768x512.jpeg 768w, https:\/\/hoyre.no\/content\/uploads\/sites\/408\/2024\/01\/QZQlxtOC-300x200.jpeg 300w, https:\/\/hoyre.no\/content\/uploads\/sites\/408\/2024\/01\/QZQlxtOC-1024x683.jpeg 1024w, https:\/\/hoyre.no\/content\/uploads\/sites\/408\/2024\/01\/QZQlxtOC-1536x1024.jpeg 1536w, https:\/\/hoyre.no\/content\/uploads\/sites\/408\/2024\/01\/QZQlxtOC-2048x1365.jpeg 2048w\" sizes=\"auto, (max-width: 768px) 100vw, 768px\" \/>\t\t<\/div>\n\t\t\n\t\t\t<div class=\"teft-card__content-wrapper\">\n\t\t\t\t<div class=\"teft-card__secondary\">\n\t\t\t\t\t\n\t\t\t\t\t\t\t\t<div class=\"teft-card__meta\">\n\t\t\t\t\t\t\t\t\t<span class=\"post-date\">23. apr 2026<\/span>\n\n\t\t\t\t\t\t\t\t\t\t\t\t\t\t\t\t\t<\/div>\n\t\t\t\t\t\t\t\t\t\t\t<\/div>\n\n\t\t\t\t<div class=\"teft-card__primary\">\n\t\t\t\t\t<h2 class=\"teft-card__title\">MDG-moralismen fornekter seg ikke&nbsp;<span class=\"teft-card__primary-title-append\"><\/span><\/h2>\t\t\t\t<\/div>\n\t\t\t<\/div>\n\t\t<\/a>\n\t<\/div>\n\n\t<\/div><div class=\"is-card-hoyre\">\n\t<div class=\"teft-card hoyre-teft-card post-teft-card\">\n\t\t<a href=\"https:\/\/hoyre.no\/oslo\/aktuelt\/raskere-og-enklere-a-bygge-boliger-og-skape-arbeidsplasser-i-oslo\/\" class=\"teft-card__primary-action\">\n\n\t\t\t\t\t<div class=\"teft-card__media teft-card__media--16-9\">\n\t\t\t\t\t\t<img loading=\"lazy\" decoding=\"async\" width=\"768\" height=\"576\" src=\"https:\/\/hoyre.no\/content\/uploads\/sites\/408\/2026\/04\/Eirik-Lae-Solberg-og-Anita-Leirvik-North-768x576.jpg\" class=\"attachment-medium_large size-medium_large\" alt=\"\" srcset=\"https:\/\/hoyre.no\/content\/uploads\/sites\/408\/2026\/04\/Eirik-Lae-Solberg-og-Anita-Leirvik-North-768x576.jpg 768w, https:\/\/hoyre.no\/content\/uploads\/sites\/408\/2026\/04\/Eirik-Lae-Solberg-og-Anita-Leirvik-North-300x225.jpg 300w, https:\/\/hoyre.no\/content\/uploads\/sites\/408\/2026\/04\/Eirik-Lae-Solberg-og-Anita-Leirvik-North.jpg 901w\" sizes=\"auto, (max-width: 768px) 100vw, 768px\" \/>\t\t<\/div>\n\t\t\n\t\t\t<div class=\"teft-card__content-wrapper\">\n\t\t\t\t<div class=\"teft-card__secondary\">\n\t\t\t\t\t\n\t\t\t\t\t\t\t\t<div class=\"teft-card__meta\">\n\t\t\t\t\t\t\t\t\t<span class=\"post-date\">14. apr 2026<\/span>\n\n\t\t\t\t\t\t\t\t\t<span class=\"post-category\">Har lagt frem ny KPA:<\/span>\t\t\t\t\t\t\t\t<\/div>\n\t\t\t\t\t\t\t\t\t\t\t<\/div>\n\n\t\t\t\t<div class=\"teft-card__primary\">\n\t\t\t\t\t<h2 class=\"teft-card__title\">Raskere og enklere \u00e5 bygge boliger og skape arbeidsplasser i Oslo&nbsp;<span class=\"teft-card__primary-title-append\"><\/span><\/h2>\t\t\t\t<\/div>\n\t\t\t<\/div>\n\t\t<\/a>\n\t<\/div>\n\n\t<\/div><div class=\"is-card-hoyre\">\n\t<div class=\"teft-card hoyre-teft-card post-teft-card\">\n\t\t<a href=\"https:\/\/hoyre.no\/oslo\/aktuelt\/bedre-elevresultater-og-en-skoleokonomi-i-balanse-med-blagront-byrad\/\" class=\"teft-card__primary-action\">\n\n\t\t\t\t\t<div class=\"teft-card__media teft-card__media--16-9\">\n\t\t\t\t\t\t<img loading=\"lazy\" decoding=\"async\" width=\"768\" height=\"512\" src=\"https:\/\/hoyre.no\/content\/uploads\/sites\/408\/2025\/05\/IMG_6440-768x512.jpeg\" class=\"attachment-medium_large size-medium_large\" alt=\"Julie Remen Midtgarden\" srcset=\"https:\/\/hoyre.no\/content\/uploads\/sites\/408\/2025\/05\/IMG_6440-768x512.jpeg 768w, https:\/\/hoyre.no\/content\/uploads\/sites\/408\/2025\/05\/IMG_6440-300x200.jpeg 300w, https:\/\/hoyre.no\/content\/uploads\/sites\/408\/2025\/05\/IMG_6440-1024x683.jpeg 1024w, https:\/\/hoyre.no\/content\/uploads\/sites\/408\/2025\/05\/IMG_6440-1536x1024.jpeg 1536w, https:\/\/hoyre.no\/content\/uploads\/sites\/408\/2025\/05\/IMG_6440-2048x1365.jpeg 2048w\" sizes=\"auto, (max-width: 768px) 100vw, 768px\" \/>\t\t<\/div>\n\t\t\n\t\t\t<div class=\"teft-card__content-wrapper\">\n\t\t\t\t<div class=\"teft-card__secondary\">\n\t\t\t\t\t\n\t\t\t\t\t\t\t\t<div class=\"teft-card__meta\">\n\t\t\t\t\t\t\t\t\t<span class=\"post-date\">26. mar 2026<\/span>\n\n\t\t\t\t\t\t\t\t\t\t\t\t\t\t\t\t\t<\/div>\n\t\t\t\t\t\t\t\t\t\t\t<\/div>\n\n\t\t\t\t<div class=\"teft-card__primary\">\n\t\t\t\t\t<h2 class=\"teft-card__title\">Bedre elevresultater og en skole\u00f8konomi i balanse med bl\u00e5gr\u00f8nt byr\u00e5d&nbsp;<span class=\"teft-card__primary-title-append\"><\/span><\/h2>\t\t\t\t<\/div>\n\t\t\t<\/div>\n\t\t<\/a>\n\t<\/div>\n\n\t<\/div><\/div>\t<\/div>\n<\/div>\n","protected":false},"excerpt":{"rendered":"","protected":false},"author":0,"featured_media":1673,"comment_status":"closed","ping_status":"closed","sticky":false,"template":"","format":"standard","meta":{"teft_cards_image_url":"","teft_cards_custom_pretitle":"","teft_cards_image_id":1673,"teft_cards_image_focal_point_x":0,"teft_cards_image_focal_point_y":0,"teft_cards_title":"","teft_cards_excerpt":"","teft_show_chapters":false,"author_display_name":"Oslo H\u00f8yre","footnotes":""},"category":[1],"post_tag":[],"hoyre-visibility":[],"article-type":[],"politician":[],"class_list":["post-1672","post","type-post","status-publish","format-standard","hentry","category-nyheter"],"yoast_head":"<!-- This site is optimized with the Yoast SEO Premium plugin v26.5 (Yoast SEO v26.6) - https:\/\/yoast.com\/wordpress\/plugins\/seo\/ -->\n<title>Nye velgergrupper: hvordan de kan vinnes - Oslo H\u00f8yre<\/title>\n<meta name=\"robots\" content=\"index, follow, max-snippet:-1, max-image-preview:large, max-video-preview:-1\" \/>\n<link rel=\"canonical\" href=\"https:\/\/hoyre.no\/oslo\/aktuelt\/nye-velgergrupper-hvordan-de-vinnes\/\" \/>\n<meta property=\"og:locale\" content=\"nb_NO\" \/>\n<meta property=\"og:type\" content=\"article\" \/>\n<meta property=\"og:title\" content=\"Nye velgergrupper: hvordan de kan vinnes\" \/>\n<meta property=\"og:url\" content=\"https:\/\/hoyre.no\/oslo\/aktuelt\/nye-velgergrupper-hvordan-de-vinnes\/\" \/>\n<meta property=\"og:site_name\" content=\"Oslo H\u00f8yre\" \/>\n<meta property=\"article:publisher\" content=\"https:\/\/www.facebook.com\/oslo.hoyre\" \/>\n<meta property=\"article:published_time\" content=\"2014-05-02T22:02:31+00:00\" \/>\n<meta property=\"article:modified_time\" content=\"2022-09-26T13:06:22+00:00\" \/>\n<meta property=\"og:image\" content=\"https:\/\/hoyre.no\/content\/uploads\/sites\/408\/2022\/09\/RS14_Mudassar.jpg\" \/>\n\t<meta property=\"og:image:width\" content=\"600\" \/>\n\t<meta property=\"og:image:height\" content=\"543\" \/>\n\t<meta property=\"og:image:type\" content=\"image\/jpeg\" \/>\n<meta name=\"twitter:card\" content=\"summary_large_image\" \/>\n<meta name=\"twitter:label1\" content=\"Ansl. lesetid\" \/>\n\t<meta name=\"twitter:data1\" content=\"4 minutter\" \/>\n<script type=\"application\/ld+json\" class=\"yoast-schema-graph\">{\"@context\":\"https:\/\/schema.org\",\"@graph\":[{\"@type\":\"Article\",\"@id\":\"https:\/\/hoyre.no\/oslo\/aktuelt\/nye-velgergrupper-hvordan-de-vinnes\/#article\",\"isPartOf\":{\"@id\":\"https:\/\/hoyre.no\/oslo\/aktuelt\/nye-velgergrupper-hvordan-de-vinnes\/\"},\"author\":{\"name\":\"\",\"@id\":\"\"},\"headline\":\"Nye velgergrupper: hvordan de kan vinnes\",\"datePublished\":\"2014-05-02T22:02:31+00:00\",\"dateModified\":\"2022-09-26T13:06:22+00:00\",\"mainEntityOfPage\":{\"@id\":\"https:\/\/hoyre.no\/oslo\/aktuelt\/nye-velgergrupper-hvordan-de-vinnes\/\"},\"wordCount\":869,\"publisher\":{\"@id\":\"https:\/\/hoyre.no\/oslo\/#organization\"},\"image\":{\"@id\":\"https:\/\/hoyre.no\/oslo\/aktuelt\/nye-velgergrupper-hvordan-de-vinnes\/#primaryimage\"},\"thumbnailUrl\":\"https:\/\/hoyre.no\/content\/uploads\/sites\/408\/2022\/09\/RS14_Mudassar.jpg\",\"articleSection\":[\"Nyheter\"],\"inLanguage\":\"nb-NO\"},{\"@type\":\"NewsArticle\",\"@id\":\"https:\/\/hoyre.no\/oslo\/aktuelt\/nye-velgergrupper-hvordan-de-vinnes\/\",\"url\":\"https:\/\/hoyre.no\/oslo\/aktuelt\/nye-velgergrupper-hvordan-de-vinnes\/\",\"name\":\"Nye velgergrupper: hvordan de kan vinnes - Oslo H\u00f8yre\",\"isPartOf\":{\"@id\":\"https:\/\/hoyre.no\/oslo\/#website\"},\"image\":{\"@id\":\"https:\/\/hoyre.no\/oslo\/aktuelt\/nye-velgergrupper-hvordan-de-vinnes\/#primaryimage\"},\"thumbnailUrl\":\"https:\/\/hoyre.no\/content\/uploads\/sites\/408\/2022\/09\/RS14_Mudassar.jpg\",\"datePublished\":\"2014-05-02T22:02:31+00:00\",\"dateModified\":\"2022-09-26T13:06:22+00:00\",\"breadcrumb\":{\"@id\":\"https:\/\/hoyre.no\/oslo\/aktuelt\/nye-velgergrupper-hvordan-de-vinnes\/#breadcrumb\"},\"inLanguage\":\"nb-NO\",\"potentialAction\":[{\"@type\":\"ReadAction\",\"target\":[\"https:\/\/hoyre.no\/oslo\/aktuelt\/nye-velgergrupper-hvordan-de-vinnes\/\"]}]},{\"@type\":\"ImageObject\",\"inLanguage\":\"nb-NO\",\"@id\":\"https:\/\/hoyre.no\/oslo\/aktuelt\/nye-velgergrupper-hvordan-de-vinnes\/#primaryimage\",\"url\":\"https:\/\/hoyre.no\/content\/uploads\/sites\/408\/2022\/09\/RS14_Mudassar.jpg\",\"contentUrl\":\"https:\/\/hoyre.no\/content\/uploads\/sites\/408\/2022\/09\/RS14_Mudassar.jpg\",\"width\":600,\"height\":543,\"caption\":\"Mudassar Kapur\"},{\"@type\":\"BreadcrumbList\",\"@id\":\"https:\/\/hoyre.no\/oslo\/aktuelt\/nye-velgergrupper-hvordan-de-vinnes\/#breadcrumb\",\"itemListElement\":[{\"@type\":\"ListItem\",\"position\":1,\"name\":\"Til hoyre.no\",\"item\":\"https:\/\/hoyre.no\"},{\"@type\":\"ListItem\",\"position\":2,\"name\":\"Hjem\",\"item\":\"https:\/\/hoyre.no\/oslo\/\"},{\"@type\":\"ListItem\",\"position\":3,\"name\":\"Nye velgergrupper: hvordan de kan vinnes\"}]},{\"@type\":\"WebSite\",\"@id\":\"https:\/\/hoyre.no\/oslo\/#website\",\"url\":\"https:\/\/hoyre.no\/oslo\/\",\"name\":\"Oslo H\u00f8yre\",\"description\":\"\",\"publisher\":{\"@id\":\"https:\/\/hoyre.no\/oslo\/#organization\"},\"inLanguage\":\"nb-NO\"},{\"@type\":\"Organization\",\"@id\":\"https:\/\/hoyre.no\/oslo\/#organization\",\"name\":\"Oslo H\u00f8yre\",\"url\":\"https:\/\/hoyre.no\/oslo\/\",\"logo\":{\"@type\":\"ImageObject\",\"inLanguage\":\"nb-NO\",\"@id\":\"https:\/\/hoyre.no\/oslo\/#\/schema\/logo\/image\/\",\"url\":\"https:\/\/hoyre.no\/content\/uploads\/sites\/408\/2022\/11\/Hoyres-logo.png\",\"contentUrl\":\"https:\/\/hoyre.no\/content\/uploads\/sites\/408\/2022\/11\/Hoyres-logo.png\",\"width\":1000,\"height\":1000,\"caption\":\"Oslo H\u00f8yre\"},\"image\":{\"@id\":\"https:\/\/hoyre.no\/oslo\/#\/schema\/logo\/image\/\"},\"sameAs\":[\"https:\/\/www.facebook.com\/oslo.hoyre\"]}]}<\/script>\n<!-- \/ Yoast SEO Premium plugin. -->","yoast_head_json":{"title":"Nye velgergrupper: hvordan de kan vinnes - Oslo H\u00f8yre","robots":{"index":"index","follow":"follow","max-snippet":"max-snippet:-1","max-image-preview":"max-image-preview:large","max-video-preview":"max-video-preview:-1"},"canonical":"https:\/\/hoyre.no\/oslo\/aktuelt\/nye-velgergrupper-hvordan-de-vinnes\/","og_locale":"nb_NO","og_type":"article","og_title":"Nye velgergrupper: hvordan de kan vinnes","og_url":"https:\/\/hoyre.no\/oslo\/aktuelt\/nye-velgergrupper-hvordan-de-vinnes\/","og_site_name":"Oslo H\u00f8yre","article_publisher":"https:\/\/www.facebook.com\/oslo.hoyre","article_published_time":"2014-05-02T22:02:31+00:00","article_modified_time":"2022-09-26T13:06:22+00:00","og_image":[{"width":600,"height":543,"url":"https:\/\/hoyre.no\/content\/uploads\/sites\/408\/2022\/09\/RS14_Mudassar.jpg","type":"image\/jpeg"}],"twitter_card":"summary_large_image","twitter_misc":{"Ansl. lesetid":"4 minutter"},"schema":{"@context":"https:\/\/schema.org","@graph":[{"@type":"Article","@id":"https:\/\/hoyre.no\/oslo\/aktuelt\/nye-velgergrupper-hvordan-de-vinnes\/#article","isPartOf":{"@id":"https:\/\/hoyre.no\/oslo\/aktuelt\/nye-velgergrupper-hvordan-de-vinnes\/"},"author":{"name":"","@id":""},"headline":"Nye velgergrupper: hvordan de kan vinnes","datePublished":"2014-05-02T22:02:31+00:00","dateModified":"2022-09-26T13:06:22+00:00","mainEntityOfPage":{"@id":"https:\/\/hoyre.no\/oslo\/aktuelt\/nye-velgergrupper-hvordan-de-vinnes\/"},"wordCount":869,"publisher":{"@id":"https:\/\/hoyre.no\/oslo\/#organization"},"image":{"@id":"https:\/\/hoyre.no\/oslo\/aktuelt\/nye-velgergrupper-hvordan-de-vinnes\/#primaryimage"},"thumbnailUrl":"https:\/\/hoyre.no\/content\/uploads\/sites\/408\/2022\/09\/RS14_Mudassar.jpg","articleSection":["Nyheter"],"inLanguage":"nb-NO"},{"@type":"NewsArticle","@id":"https:\/\/hoyre.no\/oslo\/aktuelt\/nye-velgergrupper-hvordan-de-vinnes\/","url":"https:\/\/hoyre.no\/oslo\/aktuelt\/nye-velgergrupper-hvordan-de-vinnes\/","name":"Nye velgergrupper: hvordan de kan vinnes - Oslo H\u00f8yre","isPartOf":{"@id":"https:\/\/hoyre.no\/oslo\/#website"},"image":{"@id":"https:\/\/hoyre.no\/oslo\/aktuelt\/nye-velgergrupper-hvordan-de-vinnes\/#primaryimage"},"thumbnailUrl":"https:\/\/hoyre.no\/content\/uploads\/sites\/408\/2022\/09\/RS14_Mudassar.jpg","datePublished":"2014-05-02T22:02:31+00:00","dateModified":"2022-09-26T13:06:22+00:00","breadcrumb":{"@id":"https:\/\/hoyre.no\/oslo\/aktuelt\/nye-velgergrupper-hvordan-de-vinnes\/#breadcrumb"},"inLanguage":"nb-NO","potentialAction":[{"@type":"ReadAction","target":["https:\/\/hoyre.no\/oslo\/aktuelt\/nye-velgergrupper-hvordan-de-vinnes\/"]}]},{"@type":"ImageObject","inLanguage":"nb-NO","@id":"https:\/\/hoyre.no\/oslo\/aktuelt\/nye-velgergrupper-hvordan-de-vinnes\/#primaryimage","url":"https:\/\/hoyre.no\/content\/uploads\/sites\/408\/2022\/09\/RS14_Mudassar.jpg","contentUrl":"https:\/\/hoyre.no\/content\/uploads\/sites\/408\/2022\/09\/RS14_Mudassar.jpg","width":600,"height":543,"caption":"Mudassar Kapur"},{"@type":"BreadcrumbList","@id":"https:\/\/hoyre.no\/oslo\/aktuelt\/nye-velgergrupper-hvordan-de-vinnes\/#breadcrumb","itemListElement":[{"@type":"ListItem","position":1,"name":"Til hoyre.no","item":"https:\/\/hoyre.no"},{"@type":"ListItem","position":2,"name":"Hjem","item":"https:\/\/hoyre.no\/oslo\/"},{"@type":"ListItem","position":3,"name":"Nye velgergrupper: hvordan de kan vinnes"}]},{"@type":"WebSite","@id":"https:\/\/hoyre.no\/oslo\/#website","url":"https:\/\/hoyre.no\/oslo\/","name":"Oslo H\u00f8yre","description":"","publisher":{"@id":"https:\/\/hoyre.no\/oslo\/#organization"},"inLanguage":"nb-NO"},{"@type":"Organization","@id":"https:\/\/hoyre.no\/oslo\/#organization","name":"Oslo H\u00f8yre","url":"https:\/\/hoyre.no\/oslo\/","logo":{"@type":"ImageObject","inLanguage":"nb-NO","@id":"https:\/\/hoyre.no\/oslo\/#\/schema\/logo\/image\/","url":"https:\/\/hoyre.no\/content\/uploads\/sites\/408\/2022\/11\/Hoyres-logo.png","contentUrl":"https:\/\/hoyre.no\/content\/uploads\/sites\/408\/2022\/11\/Hoyres-logo.png","width":1000,"height":1000,"caption":"Oslo H\u00f8yre"},"image":{"@id":"https:\/\/hoyre.no\/oslo\/#\/schema\/logo\/image\/"},"sameAs":["https:\/\/www.facebook.com\/oslo.hoyre"]}]}},"distributor_meta":false,"distributor_terms":false,"distributor_media":false,"distributor_original_site_name":"Oslo H\u00f8yre","distributor_original_site_url":"https:\/\/hoyre.no\/oslo","push-errors":false,"_links":{"self":[{"href":"https:\/\/hoyre.no\/oslo\/wp-json\/wp\/v2\/posts\/1672","targetHints":{"allow":["GET"]}}],"collection":[{"href":"https:\/\/hoyre.no\/oslo\/wp-json\/wp\/v2\/posts"}],"about":[{"href":"https:\/\/hoyre.no\/oslo\/wp-json\/wp\/v2\/types\/post"}],"replies":[{"embeddable":true,"href":"https:\/\/hoyre.no\/oslo\/wp-json\/wp\/v2\/comments?post=1672"}],"version-history":[{"count":1,"href":"https:\/\/hoyre.no\/oslo\/wp-json\/wp\/v2\/posts\/1672\/revisions"}],"predecessor-version":[{"id":2868,"href":"https:\/\/hoyre.no\/oslo\/wp-json\/wp\/v2\/posts\/1672\/revisions\/2868"}],"wp:featuredmedia":[{"embeddable":true,"href":"https:\/\/hoyre.no\/oslo\/wp-json\/wp\/v2\/media\/1673"}],"wp:attachment":[{"href":"https:\/\/hoyre.no\/oslo\/wp-json\/wp\/v2\/media?parent=1672"}],"wp:term":[{"taxonomy":"category","embeddable":true,"href":"https:\/\/hoyre.no\/oslo\/wp-json\/wp\/v2\/category?post=1672"},{"taxonomy":"post_tag","embeddable":true,"href":"https:\/\/hoyre.no\/oslo\/wp-json\/wp\/v2\/post_tag?post=1672"},{"taxonomy":"hoyre-visibility","embeddable":true,"href":"https:\/\/hoyre.no\/oslo\/wp-json\/wp\/v2\/hoyre-visibility?post=1672"},{"taxonomy":"article-type","embeddable":true,"href":"https:\/\/hoyre.no\/oslo\/wp-json\/wp\/v2\/article-type?post=1672"},{"taxonomy":"politician","embeddable":true,"href":"https:\/\/hoyre.no\/oslo\/wp-json\/wp\/v2\/politician?post=1672"}],"curies":[{"name":"wp","href":"https:\/\/api.w.org\/{rel}","templated":true}]}}