{"id":1675,"date":"2014-04-25T23:14:12","date_gmt":"2014-04-25T23:14:12","guid":{"rendered":"https:\/\/hoyre.no\/oslo\/aktuelt\/lordag-26-april-skal-fjordbyen-bli-enda-finere\/"},"modified":"2022-09-26T15:06:23","modified_gmt":"2022-09-26T13:06:23","slug":"lordag-26-april-skal-fjordbyen-bli-enda-finere","status":"publish","type":"post","link":"https:\/\/hoyre.no\/oslo\/aktuelt\/lordag-26-april-skal-fjordbyen-bli-enda-finere\/","title":{"rendered":"L\u00f8rdag 26. april skal Fjordbyen bli enda finere"},"content":{"rendered":"<figure class=\"hoyre-image-wrapper\"><div class=\"hoyre-image\"><img loading=\"lazy\" decoding=\"async\" width=\"600\" height=\"543\" src=\"https:\/\/hoyre.no\/content\/uploads\/sites\/408\/2022\/09\/RS14_Mudassar.jpg\" class=\"attachment-scaled size-scaled\" alt=\"Mudassar Kapur\" style=\"object-position: 50% 50%\" srcset=\"https:\/\/hoyre.no\/content\/uploads\/sites\/408\/2022\/09\/RS14_Mudassar.jpg 600w, https:\/\/hoyre.no\/content\/uploads\/sites\/408\/2022\/09\/RS14_Mudassar-300x272.jpg 300w\" sizes=\"auto, (max-width: 600px) 100vw, 600px\" \/><\/div><\/figure><div id=\"hoyre-old-article-content-wrapper\"><p><img decoding=\"async\" loading=\"lazy\" src=\"https:\/\/www.oslohoyre.no\/wp-content\/uploads\/2014\/04\/Screenshot-2014-04-25-23.34.34.jpg\" alt=\"Screenshot 2014-04-25 23.34.34\" width=\"559\" height=\"800\" \/><\/p><h3>\u00c5tte bydelsforeninger i Oslo H\u00f8yre har tatt p\u00e5 seg \u00e5 rydde hele strandsonen<\/h3><p><img decoding=\"async\" loading=\"lazy\" src=\"https:\/\/www.oslohoyre.no\/wp-content\/uploads\/2014\/04\/Screenshot-2014-04-26-00.50.03.jpg\" alt=\"Screenshot 2014-04-26 00.50.03\" width=\"281\" height=\"244\" \/><\/p><h3>Fra Nordstrand Bad i \u00f8st til Bestumkilen i vest vil du fra 10-1600 finne H\u00f8yrefolk som feier og plukker s\u00f8ppel.<\/h3><h2>Ballonger og og Solberg-saft<\/h2><p>P\u00e5 standene p\u00e5 Nordstrand Bad, i Frognerkilen, p\u00e5 Bygd\u00f8y Sj\u00f8bad og p\u00e5 Huk serverer vi dessuten deilig Solberg-saft! Og p\u00e5 Aker Brygge skal vi dele ut bl\u00e5 ballonger til sm\u00e5 og store barn.<\/p><p><img decoding=\"async\" loading=\"lazy\" src=\"https:\/\/www.oslohoyre.no\/wp-content\/uploads\/2014\/04\/bard.jpg\" alt=\"bard\" width=\"230\" height=\"346\" \/><\/p><h2>Har du lyst til \u00e5 m\u00f8te byr\u00e5d for byutvikling B\u00e5rd Folke Fredriksen?<\/h2><p>Klokken 1245 kan du m\u00f8te han p\u00e5 standen ved inngangen til Aker Brygge (ved trikkestoppet). Han svarer gjerne p\u00e5 sp\u00f8rsm\u00e5l om <a href=\"https:\/\/www.dropbox.com\/s\/vx6twk7t9gitar5\/Screenshot%202014-04-26%2000.50.03.png\">Fjordbyen<\/a> og <a href=\"http:\/\/www.prosjekt-fjordbyen.oslo.kommune.no\/havnepromenaden\/\">Havnepromonaden<\/a>.<\/p><h2>En renere og trivligere by<\/h2><p>Vi \u00f8nsker at Oslo skal bli en enda renere og triveligere by. Vi mener det er viktig at alle bryr seg om og tar vare p\u00e5 v\u00e5re felles uterom. Derfor har Ullerm, Nordstrand, Gr\u00fcnerl\u00f8kka, Vestre Aker, Sagene, St.Hanshaugem, \u00a0Gamle-Oslo og Frogner H\u00f8yre g\u00e5tt sammen om denne store aksjonen langs strandsonen i hele Oslo.<\/p><p>Vi har v\u00e6rt p\u00e5 rekognisering og desverre er det en god del fors\u00f8pling. Ved Nordstrand Bad var det spesielt ille og Ditt Oslo kunne i dag fortelle om tilstandene i Bestumkilen<\/p><h2>Popul\u00e6r aksjon<\/h2><p>Vi har allerede f\u00e5tt mange positive reaksjoner p\u00e5 dette initiativet. Vi tror at en slik aksjon ogs\u00e5 kan virke forebyggende. N\u00e5r folk ser at andre g\u00e5r og rydder opp, blir terskelen h\u00f8yrere n\u00e5r det gjelder \u00e5 kaste fra seg &#8211; h\u00e5per vi.<\/p><p>Onsdag fikk vi et hyggelig oppslag om aksjonen i Ditt Oslo.<\/p><p>Det at vi f\u00e5r presseoppmerksomhet f\u00f8r aksjonen er med \u00e5 gi den st\u00f8rre effekt og er viktg i seg selv.<\/p><h2>Lyst til \u00e5 bli med<\/h2><p>Det er ikke for sent \u00e5 melde seg som frivillig. Ring kampanjeleder i Frogner H\u00f8yre p\u00e5 9167833 om du har lyst til \u00e5 bidra.<\/p><p>&nbsp;<\/p>\n<\/div>\n<div class=\"tags\">\n\t<\/div>\n<div class=\"post-footer alignfull has-background block-editor-block-list__block\" data-align=full>\n\t<div class=\"post-footer-inner\">\n\t\t<h3>Relaterte artikler<\/h3>\n\t\t<div class=\"related-content\"><div class=\"is-card-hoyre\">\n\t<div class=\"teft-card hoyre-teft-card post-teft-card\">\n\t\t<a href=\"https:\/\/hoyre.no\/oslo\/aktuelt\/mdg-moralismen-fornekter-seg-ikke\/\" class=\"teft-card__primary-action\">\n\n\t\t\t\t\t<div class=\"teft-card__media teft-card__media--16-9\">\n\t\t\t\t\t\t<img loading=\"lazy\" decoding=\"async\" width=\"768\" height=\"512\" src=\"https:\/\/hoyre.no\/content\/uploads\/sites\/408\/2024\/01\/QZQlxtOC-768x512.jpeg\" class=\"attachment-medium_large size-medium_large\" alt=\"Merete Agerbak-Jensen\" srcset=\"https:\/\/hoyre.no\/content\/uploads\/sites\/408\/2024\/01\/QZQlxtOC-768x512.jpeg 768w, https:\/\/hoyre.no\/content\/uploads\/sites\/408\/2024\/01\/QZQlxtOC-300x200.jpeg 300w, https:\/\/hoyre.no\/content\/uploads\/sites\/408\/2024\/01\/QZQlxtOC-1024x683.jpeg 1024w, https:\/\/hoyre.no\/content\/uploads\/sites\/408\/2024\/01\/QZQlxtOC-1536x1024.jpeg 1536w, https:\/\/hoyre.no\/content\/uploads\/sites\/408\/2024\/01\/QZQlxtOC-2048x1365.jpeg 2048w\" sizes=\"auto, (max-width: 768px) 100vw, 768px\" \/>\t\t<\/div>\n\t\t\n\t\t\t<div class=\"teft-card__content-wrapper\">\n\t\t\t\t<div class=\"teft-card__secondary\">\n\t\t\t\t\t\n\t\t\t\t\t\t\t\t<div class=\"teft-card__meta\">\n\t\t\t\t\t\t\t\t\t<span class=\"post-date\">23. apr 2026<\/span>\n\n\t\t\t\t\t\t\t\t\t\t\t\t\t\t\t\t\t<\/div>\n\t\t\t\t\t\t\t\t\t\t\t<\/div>\n\n\t\t\t\t<div class=\"teft-card__primary\">\n\t\t\t\t\t<h2 class=\"teft-card__title\">MDG-moralismen fornekter seg ikke&nbsp;<span class=\"teft-card__primary-title-append\"><\/span><\/h2>\t\t\t\t<\/div>\n\t\t\t<\/div>\n\t\t<\/a>\n\t<\/div>\n\n\t<\/div><div class=\"is-card-hoyre\">\n\t<div class=\"teft-card hoyre-teft-card post-teft-card\">\n\t\t<a href=\"https:\/\/hoyre.no\/oslo\/aktuelt\/raskere-og-enklere-a-bygge-boliger-og-skape-arbeidsplasser-i-oslo\/\" class=\"teft-card__primary-action\">\n\n\t\t\t\t\t<div class=\"teft-card__media teft-card__media--16-9\">\n\t\t\t\t\t\t<img loading=\"lazy\" decoding=\"async\" width=\"768\" height=\"576\" src=\"https:\/\/hoyre.no\/content\/uploads\/sites\/408\/2026\/04\/Eirik-Lae-Solberg-og-Anita-Leirvik-North-768x576.jpg\" class=\"attachment-medium_large size-medium_large\" alt=\"\" srcset=\"https:\/\/hoyre.no\/content\/uploads\/sites\/408\/2026\/04\/Eirik-Lae-Solberg-og-Anita-Leirvik-North-768x576.jpg 768w, https:\/\/hoyre.no\/content\/uploads\/sites\/408\/2026\/04\/Eirik-Lae-Solberg-og-Anita-Leirvik-North-300x225.jpg 300w, https:\/\/hoyre.no\/content\/uploads\/sites\/408\/2026\/04\/Eirik-Lae-Solberg-og-Anita-Leirvik-North.jpg 901w\" sizes=\"auto, (max-width: 768px) 100vw, 768px\" \/>\t\t<\/div>\n\t\t\n\t\t\t<div class=\"teft-card__content-wrapper\">\n\t\t\t\t<div class=\"teft-card__secondary\">\n\t\t\t\t\t\n\t\t\t\t\t\t\t\t<div class=\"teft-card__meta\">\n\t\t\t\t\t\t\t\t\t<span class=\"post-date\">14. apr 2026<\/span>\n\n\t\t\t\t\t\t\t\t\t<span class=\"post-category\">Har lagt frem ny KPA:<\/span>\t\t\t\t\t\t\t\t<\/div>\n\t\t\t\t\t\t\t\t\t\t\t<\/div>\n\n\t\t\t\t<div class=\"teft-card__primary\">\n\t\t\t\t\t<h2 class=\"teft-card__title\">Raskere og enklere \u00e5 bygge boliger og skape arbeidsplasser i Oslo&nbsp;<span class=\"teft-card__primary-title-append\"><\/span><\/h2>\t\t\t\t<\/div>\n\t\t\t<\/div>\n\t\t<\/a>\n\t<\/div>\n\n\t<\/div><div class=\"is-card-hoyre\">\n\t<div class=\"teft-card hoyre-teft-card post-teft-card\">\n\t\t<a href=\"https:\/\/hoyre.no\/oslo\/aktuelt\/bedre-elevresultater-og-en-skoleokonomi-i-balanse-med-blagront-byrad\/\" class=\"teft-card__primary-action\">\n\n\t\t\t\t\t<div class=\"teft-card__media teft-card__media--16-9\">\n\t\t\t\t\t\t<img loading=\"lazy\" decoding=\"async\" width=\"768\" height=\"512\" src=\"https:\/\/hoyre.no\/content\/uploads\/sites\/408\/2025\/05\/IMG_6440-768x512.jpeg\" class=\"attachment-medium_large size-medium_large\" alt=\"Julie Remen Midtgarden\" srcset=\"https:\/\/hoyre.no\/content\/uploads\/sites\/408\/2025\/05\/IMG_6440-768x512.jpeg 768w, https:\/\/hoyre.no\/content\/uploads\/sites\/408\/2025\/05\/IMG_6440-300x200.jpeg 300w, https:\/\/hoyre.no\/content\/uploads\/sites\/408\/2025\/05\/IMG_6440-1024x683.jpeg 1024w, https:\/\/hoyre.no\/content\/uploads\/sites\/408\/2025\/05\/IMG_6440-1536x1024.jpeg 1536w, https:\/\/hoyre.no\/content\/uploads\/sites\/408\/2025\/05\/IMG_6440-2048x1365.jpeg 2048w\" sizes=\"auto, (max-width: 768px) 100vw, 768px\" \/>\t\t<\/div>\n\t\t\n\t\t\t<div class=\"teft-card__content-wrapper\">\n\t\t\t\t<div class=\"teft-card__secondary\">\n\t\t\t\t\t\n\t\t\t\t\t\t\t\t<div class=\"teft-card__meta\">\n\t\t\t\t\t\t\t\t\t<span class=\"post-date\">26. mar 2026<\/span>\n\n\t\t\t\t\t\t\t\t\t\t\t\t\t\t\t\t\t<\/div>\n\t\t\t\t\t\t\t\t\t\t\t<\/div>\n\n\t\t\t\t<div class=\"teft-card__primary\">\n\t\t\t\t\t<h2 class=\"teft-card__title\">Bedre elevresultater og en skole\u00f8konomi i balanse med bl\u00e5gr\u00f8nt byr\u00e5d&nbsp;<span class=\"teft-card__primary-title-append\"><\/span><\/h2>\t\t\t\t<\/div>\n\t\t\t<\/div>\n\t\t<\/a>\n\t<\/div>\n\n\t<\/div><\/div>\t<\/div>\n<\/div>\n","protected":false},"excerpt":{"rendered":"","protected":false},"author":0,"featured_media":0,"comment_status":"closed","ping_status":"closed","sticky":false,"template":"","format":"standard","meta":{"teft_cards_image_url":"","teft_cards_custom_pretitle":"","teft_cards_image_id":0,"teft_cards_image_focal_point_x":0,"teft_cards_image_focal_point_y":0,"teft_cards_title":"","teft_cards_excerpt":"","teft_show_chapters":false,"author_display_name":"Oslo H\u00f8yre","footnotes":""},"category":[1],"post_tag":[],"hoyre-visibility":[],"article-type":[],"politician":[],"class_list":["post-1675","post","type-post","status-publish","format-standard","hentry","category-nyheter"],"yoast_head":"<!-- This site is optimized with the Yoast SEO Premium plugin v26.5 (Yoast SEO v26.6) - https:\/\/yoast.com\/wordpress\/plugins\/seo\/ -->\n<title>L\u00f8rdag 26. april skal Fjordbyen bli enda finere - Oslo H\u00f8yre<\/title>\n<meta name=\"robots\" content=\"index, follow, max-snippet:-1, max-image-preview:large, max-video-preview:-1\" \/>\n<link rel=\"canonical\" href=\"https:\/\/hoyre.no\/oslo\/aktuelt\/lordag-26-april-skal-fjordbyen-bli-enda-finere\/\" \/>\n<meta property=\"og:locale\" content=\"nb_NO\" \/>\n<meta property=\"og:type\" content=\"article\" \/>\n<meta property=\"og:title\" content=\"L\u00f8rdag 26. april skal Fjordbyen bli enda finere\" \/>\n<meta property=\"og:url\" content=\"https:\/\/hoyre.no\/oslo\/aktuelt\/lordag-26-april-skal-fjordbyen-bli-enda-finere\/\" \/>\n<meta property=\"og:site_name\" content=\"Oslo H\u00f8yre\" \/>\n<meta property=\"article:publisher\" content=\"https:\/\/www.facebook.com\/oslo.hoyre\" \/>\n<meta property=\"article:published_time\" content=\"2014-04-25T23:14:12+00:00\" \/>\n<meta property=\"article:modified_time\" content=\"2022-09-26T13:06:23+00:00\" \/>\n<meta property=\"og:image\" content=\"https:\/\/www.oslohoyre.no\/wp-content\/uploads\/2014\/04\/Screenshot-2014-04-25-23.34.34.jpg\" \/>\n<meta name=\"twitter:card\" content=\"summary_large_image\" \/>\n<meta name=\"twitter:label1\" content=\"Ansl. lesetid\" \/>\n\t<meta name=\"twitter:data1\" content=\"2 minutter\" \/>\n<script type=\"application\/ld+json\" class=\"yoast-schema-graph\">{\"@context\":\"https:\/\/schema.org\",\"@graph\":[{\"@type\":\"Article\",\"@id\":\"https:\/\/hoyre.no\/oslo\/aktuelt\/lordag-26-april-skal-fjordbyen-bli-enda-finere\/#article\",\"isPartOf\":{\"@id\":\"https:\/\/hoyre.no\/oslo\/aktuelt\/lordag-26-april-skal-fjordbyen-bli-enda-finere\/\"},\"author\":{\"name\":\"\",\"@id\":\"\"},\"headline\":\"L\u00f8rdag 26. april skal Fjordbyen bli enda finere\",\"datePublished\":\"2014-04-25T23:14:12+00:00\",\"dateModified\":\"2022-09-26T13:06:23+00:00\",\"mainEntityOfPage\":{\"@id\":\"https:\/\/hoyre.no\/oslo\/aktuelt\/lordag-26-april-skal-fjordbyen-bli-enda-finere\/\"},\"wordCount\":343,\"publisher\":{\"@id\":\"https:\/\/hoyre.no\/oslo\/#organization\"},\"image\":{\"@id\":\"https:\/\/hoyre.no\/oslo\/aktuelt\/lordag-26-april-skal-fjordbyen-bli-enda-finere\/#primaryimage\"},\"thumbnailUrl\":\"https:\/\/www.oslohoyre.no\/wp-content\/uploads\/2014\/04\/Screenshot-2014-04-25-23.34.34.jpg\",\"articleSection\":[\"Nyheter\"],\"inLanguage\":\"nb-NO\"},{\"@type\":\"NewsArticle\",\"@id\":\"https:\/\/hoyre.no\/oslo\/aktuelt\/lordag-26-april-skal-fjordbyen-bli-enda-finere\/\",\"url\":\"https:\/\/hoyre.no\/oslo\/aktuelt\/lordag-26-april-skal-fjordbyen-bli-enda-finere\/\",\"name\":\"L\u00f8rdag 26. april skal Fjordbyen bli enda finere - Oslo H\u00f8yre\",\"isPartOf\":{\"@id\":\"https:\/\/hoyre.no\/oslo\/#website\"},\"image\":{\"@id\":\"https:\/\/hoyre.no\/oslo\/aktuelt\/lordag-26-april-skal-fjordbyen-bli-enda-finere\/#primaryimage\"},\"thumbnailUrl\":\"https:\/\/www.oslohoyre.no\/wp-content\/uploads\/2014\/04\/Screenshot-2014-04-25-23.34.34.jpg\",\"datePublished\":\"2014-04-25T23:14:12+00:00\",\"dateModified\":\"2022-09-26T13:06:23+00:00\",\"breadcrumb\":{\"@id\":\"https:\/\/hoyre.no\/oslo\/aktuelt\/lordag-26-april-skal-fjordbyen-bli-enda-finere\/#breadcrumb\"},\"inLanguage\":\"nb-NO\",\"potentialAction\":[{\"@type\":\"ReadAction\",\"target\":[\"https:\/\/hoyre.no\/oslo\/aktuelt\/lordag-26-april-skal-fjordbyen-bli-enda-finere\/\"]}]},{\"@type\":\"ImageObject\",\"inLanguage\":\"nb-NO\",\"@id\":\"https:\/\/hoyre.no\/oslo\/aktuelt\/lordag-26-april-skal-fjordbyen-bli-enda-finere\/#primaryimage\",\"url\":\"https:\/\/www.oslohoyre.no\/wp-content\/uploads\/2014\/04\/Screenshot-2014-04-25-23.34.34.jpg\",\"contentUrl\":\"https:\/\/www.oslohoyre.no\/wp-content\/uploads\/2014\/04\/Screenshot-2014-04-25-23.34.34.jpg\"},{\"@type\":\"BreadcrumbList\",\"@id\":\"https:\/\/hoyre.no\/oslo\/aktuelt\/lordag-26-april-skal-fjordbyen-bli-enda-finere\/#breadcrumb\",\"itemListElement\":[{\"@type\":\"ListItem\",\"position\":1,\"name\":\"Til hoyre.no\",\"item\":\"https:\/\/hoyre.no\"},{\"@type\":\"ListItem\",\"position\":2,\"name\":\"Hjem\",\"item\":\"https:\/\/hoyre.no\/oslo\/\"},{\"@type\":\"ListItem\",\"position\":3,\"name\":\"L\u00f8rdag 26. april skal Fjordbyen bli enda finere\"}]},{\"@type\":\"WebSite\",\"@id\":\"https:\/\/hoyre.no\/oslo\/#website\",\"url\":\"https:\/\/hoyre.no\/oslo\/\",\"name\":\"Oslo H\u00f8yre\",\"description\":\"\",\"publisher\":{\"@id\":\"https:\/\/hoyre.no\/oslo\/#organization\"},\"inLanguage\":\"nb-NO\"},{\"@type\":\"Organization\",\"@id\":\"https:\/\/hoyre.no\/oslo\/#organization\",\"name\":\"Oslo H\u00f8yre\",\"url\":\"https:\/\/hoyre.no\/oslo\/\",\"logo\":{\"@type\":\"ImageObject\",\"inLanguage\":\"nb-NO\",\"@id\":\"https:\/\/hoyre.no\/oslo\/#\/schema\/logo\/image\/\",\"url\":\"https:\/\/hoyre.no\/content\/uploads\/sites\/408\/2022\/11\/Hoyres-logo.png\",\"contentUrl\":\"https:\/\/hoyre.no\/content\/uploads\/sites\/408\/2022\/11\/Hoyres-logo.png\",\"width\":1000,\"height\":1000,\"caption\":\"Oslo H\u00f8yre\"},\"image\":{\"@id\":\"https:\/\/hoyre.no\/oslo\/#\/schema\/logo\/image\/\"},\"sameAs\":[\"https:\/\/www.facebook.com\/oslo.hoyre\"]}]}<\/script>\n<!-- \/ Yoast SEO Premium plugin. -->","yoast_head_json":{"title":"L\u00f8rdag 26. april skal Fjordbyen bli enda finere - Oslo H\u00f8yre","robots":{"index":"index","follow":"follow","max-snippet":"max-snippet:-1","max-image-preview":"max-image-preview:large","max-video-preview":"max-video-preview:-1"},"canonical":"https:\/\/hoyre.no\/oslo\/aktuelt\/lordag-26-april-skal-fjordbyen-bli-enda-finere\/","og_locale":"nb_NO","og_type":"article","og_title":"L\u00f8rdag 26. april skal Fjordbyen bli enda finere","og_url":"https:\/\/hoyre.no\/oslo\/aktuelt\/lordag-26-april-skal-fjordbyen-bli-enda-finere\/","og_site_name":"Oslo H\u00f8yre","article_publisher":"https:\/\/www.facebook.com\/oslo.hoyre","article_published_time":"2014-04-25T23:14:12+00:00","article_modified_time":"2022-09-26T13:06:23+00:00","og_image":[{"url":"https:\/\/www.oslohoyre.no\/wp-content\/uploads\/2014\/04\/Screenshot-2014-04-25-23.34.34.jpg","type":"","width":"","height":""}],"twitter_card":"summary_large_image","twitter_misc":{"Ansl. lesetid":"2 minutter"},"schema":{"@context":"https:\/\/schema.org","@graph":[{"@type":"Article","@id":"https:\/\/hoyre.no\/oslo\/aktuelt\/lordag-26-april-skal-fjordbyen-bli-enda-finere\/#article","isPartOf":{"@id":"https:\/\/hoyre.no\/oslo\/aktuelt\/lordag-26-april-skal-fjordbyen-bli-enda-finere\/"},"author":{"name":"","@id":""},"headline":"L\u00f8rdag 26. april skal Fjordbyen bli enda finere","datePublished":"2014-04-25T23:14:12+00:00","dateModified":"2022-09-26T13:06:23+00:00","mainEntityOfPage":{"@id":"https:\/\/hoyre.no\/oslo\/aktuelt\/lordag-26-april-skal-fjordbyen-bli-enda-finere\/"},"wordCount":343,"publisher":{"@id":"https:\/\/hoyre.no\/oslo\/#organization"},"image":{"@id":"https:\/\/hoyre.no\/oslo\/aktuelt\/lordag-26-april-skal-fjordbyen-bli-enda-finere\/#primaryimage"},"thumbnailUrl":"https:\/\/www.oslohoyre.no\/wp-content\/uploads\/2014\/04\/Screenshot-2014-04-25-23.34.34.jpg","articleSection":["Nyheter"],"inLanguage":"nb-NO"},{"@type":"NewsArticle","@id":"https:\/\/hoyre.no\/oslo\/aktuelt\/lordag-26-april-skal-fjordbyen-bli-enda-finere\/","url":"https:\/\/hoyre.no\/oslo\/aktuelt\/lordag-26-april-skal-fjordbyen-bli-enda-finere\/","name":"L\u00f8rdag 26. april skal Fjordbyen bli enda finere - Oslo H\u00f8yre","isPartOf":{"@id":"https:\/\/hoyre.no\/oslo\/#website"},"image":{"@id":"https:\/\/hoyre.no\/oslo\/aktuelt\/lordag-26-april-skal-fjordbyen-bli-enda-finere\/#primaryimage"},"thumbnailUrl":"https:\/\/www.oslohoyre.no\/wp-content\/uploads\/2014\/04\/Screenshot-2014-04-25-23.34.34.jpg","datePublished":"2014-04-25T23:14:12+00:00","dateModified":"2022-09-26T13:06:23+00:00","breadcrumb":{"@id":"https:\/\/hoyre.no\/oslo\/aktuelt\/lordag-26-april-skal-fjordbyen-bli-enda-finere\/#breadcrumb"},"inLanguage":"nb-NO","potentialAction":[{"@type":"ReadAction","target":["https:\/\/hoyre.no\/oslo\/aktuelt\/lordag-26-april-skal-fjordbyen-bli-enda-finere\/"]}]},{"@type":"ImageObject","inLanguage":"nb-NO","@id":"https:\/\/hoyre.no\/oslo\/aktuelt\/lordag-26-april-skal-fjordbyen-bli-enda-finere\/#primaryimage","url":"https:\/\/www.oslohoyre.no\/wp-content\/uploads\/2014\/04\/Screenshot-2014-04-25-23.34.34.jpg","contentUrl":"https:\/\/www.oslohoyre.no\/wp-content\/uploads\/2014\/04\/Screenshot-2014-04-25-23.34.34.jpg"},{"@type":"BreadcrumbList","@id":"https:\/\/hoyre.no\/oslo\/aktuelt\/lordag-26-april-skal-fjordbyen-bli-enda-finere\/#breadcrumb","itemListElement":[{"@type":"ListItem","position":1,"name":"Til hoyre.no","item":"https:\/\/hoyre.no"},{"@type":"ListItem","position":2,"name":"Hjem","item":"https:\/\/hoyre.no\/oslo\/"},{"@type":"ListItem","position":3,"name":"L\u00f8rdag 26. april skal Fjordbyen bli enda finere"}]},{"@type":"WebSite","@id":"https:\/\/hoyre.no\/oslo\/#website","url":"https:\/\/hoyre.no\/oslo\/","name":"Oslo H\u00f8yre","description":"","publisher":{"@id":"https:\/\/hoyre.no\/oslo\/#organization"},"inLanguage":"nb-NO"},{"@type":"Organization","@id":"https:\/\/hoyre.no\/oslo\/#organization","name":"Oslo H\u00f8yre","url":"https:\/\/hoyre.no\/oslo\/","logo":{"@type":"ImageObject","inLanguage":"nb-NO","@id":"https:\/\/hoyre.no\/oslo\/#\/schema\/logo\/image\/","url":"https:\/\/hoyre.no\/content\/uploads\/sites\/408\/2022\/11\/Hoyres-logo.png","contentUrl":"https:\/\/hoyre.no\/content\/uploads\/sites\/408\/2022\/11\/Hoyres-logo.png","width":1000,"height":1000,"caption":"Oslo H\u00f8yre"},"image":{"@id":"https:\/\/hoyre.no\/oslo\/#\/schema\/logo\/image\/"},"sameAs":["https:\/\/www.facebook.com\/oslo.hoyre"]}]}},"distributor_meta":false,"distributor_terms":false,"distributor_media":false,"distributor_original_site_name":"Oslo H\u00f8yre","distributor_original_site_url":"https:\/\/hoyre.no\/oslo","push-errors":false,"_links":{"self":[{"href":"https:\/\/hoyre.no\/oslo\/wp-json\/wp\/v2\/posts\/1675","targetHints":{"allow":["GET"]}}],"collection":[{"href":"https:\/\/hoyre.no\/oslo\/wp-json\/wp\/v2\/posts"}],"about":[{"href":"https:\/\/hoyre.no\/oslo\/wp-json\/wp\/v2\/types\/post"}],"replies":[{"embeddable":true,"href":"https:\/\/hoyre.no\/oslo\/wp-json\/wp\/v2\/comments?post=1675"}],"version-history":[{"count":1,"href":"https:\/\/hoyre.no\/oslo\/wp-json\/wp\/v2\/posts\/1675\/revisions"}],"predecessor-version":[{"id":2870,"href":"https:\/\/hoyre.no\/oslo\/wp-json\/wp\/v2\/posts\/1675\/revisions\/2870"}],"wp:attachment":[{"href":"https:\/\/hoyre.no\/oslo\/wp-json\/wp\/v2\/media?parent=1675"}],"wp:term":[{"taxonomy":"category","embeddable":true,"href":"https:\/\/hoyre.no\/oslo\/wp-json\/wp\/v2\/category?post=1675"},{"taxonomy":"post_tag","embeddable":true,"href":"https:\/\/hoyre.no\/oslo\/wp-json\/wp\/v2\/post_tag?post=1675"},{"taxonomy":"hoyre-visibility","embeddable":true,"href":"https:\/\/hoyre.no\/oslo\/wp-json\/wp\/v2\/hoyre-visibility?post=1675"},{"taxonomy":"article-type","embeddable":true,"href":"https:\/\/hoyre.no\/oslo\/wp-json\/wp\/v2\/article-type?post=1675"},{"taxonomy":"politician","embeddable":true,"href":"https:\/\/hoyre.no\/oslo\/wp-json\/wp\/v2\/politician?post=1675"}],"curies":[{"name":"wp","href":"https:\/\/api.w.org\/{rel}","templated":true}]}}