{"id":1676,"date":"2014-04-23T10:49:19","date_gmt":"2014-04-23T10:49:19","guid":{"rendered":"https:\/\/hoyre.no\/oslo\/aktuelt\/slik-blir-nye-deichman-hovedbibliotek\/"},"modified":"2022-09-26T15:06:23","modified_gmt":"2022-09-26T13:06:23","slug":"slik-blir-nye-deichman-hovedbibliotek","status":"publish","type":"post","link":"https:\/\/hoyre.no\/oslo\/aktuelt\/slik-blir-nye-deichman-hovedbibliotek\/","title":{"rendered":"Slik blir nye Deichman"},"content":{"rendered":"<figure class=\"hoyre-image-wrapper\"><div class=\"hoyre-image\"><img loading=\"lazy\" decoding=\"async\" width=\"1920\" height=\"1080\" src=\"https:\/\/hoyre.no\/content\/uploads\/sites\/408\/2022\/09\/deg-og-bjorvika_13-scaled-1.jpg\" class=\"attachment-scaled size-scaled\" alt=\"Nye Deichman\" style=\"object-position: 50% 50%\" srcset=\"https:\/\/hoyre.no\/content\/uploads\/sites\/408\/2022\/09\/deg-og-bjorvika_13-scaled-1.jpg 1920w, https:\/\/hoyre.no\/content\/uploads\/sites\/408\/2022\/09\/deg-og-bjorvika_13-scaled-1-300x169.jpg 300w, https:\/\/hoyre.no\/content\/uploads\/sites\/408\/2022\/09\/deg-og-bjorvika_13-scaled-1-1024x576.jpg 1024w, https:\/\/hoyre.no\/content\/uploads\/sites\/408\/2022\/09\/deg-og-bjorvika_13-scaled-1-768x432.jpg 768w, https:\/\/hoyre.no\/content\/uploads\/sites\/408\/2022\/09\/deg-og-bjorvika_13-scaled-1-1536x864.jpg 1536w\" sizes=\"auto, (max-width: 1920px) 100vw, 1920px\" \/><\/div><\/figure><div id=\"hoyre-old-article-content-wrapper\"><h2><strong>Oslos nye storstue &#8211; Et ordets opplevelsesenter<\/strong><\/h2><p>Spadestikket for det nye Deichmanske hovedbibliotek i Bj\u00f8rvika er tatt. Ordf\u00f8rer Fabian Stang og byr\u00e5dsleder Stian Berger R\u00f8sland gleder seg over fremtidens storstue for medier i Oslo.<\/p><p>\u2013 Nye Deichman i Bj\u00f8rvika blir ikke bare et bibliotek, men et nasjonalanlegg for kunnskap, sier de to H\u00f8yre-politikerne.<\/p><p>Byggingen av et nytt hovedbibliotek har startet for fullt og nysgjerrige forbipasserende f\u00e5r hver dag med seg endringene som skjer p\u00e5 den sentrale tomten mellom Oslo S og Operaen.<\/p><p>&#8211; Det nye hovedbiblioteket blir en sentral m\u00f8teplass for alle byens innbyggere ved Norges st\u00f8rste kollektiv knutepunkt. Biblioteket vil synliggj\u00f8re bes\u00f8kende fra hele landet og hele verden at Oslo er Norges kunnskapshovedstad, sier byr\u00e5dsleder Stian Berger R\u00f8sland.<\/p><h2>Fremtidsbiblioteket<\/h2><p>Ordf\u00f8rer Fabian Stang er en av de som har fulgt prosessen med det nye hovedbiblioteket n\u00f8ye.<\/p><p>&#8211; V\u00e5re folk har v\u00e6rt forutseende n\u00e5r de har planlagt dette fremtidsbiblioteket. Hadde vi bygget et tradisjonelt bibliotek, ville det v\u00e6rt et antikvariat i ungdommens \u00f8yne. Men dette vil de bli fristet til \u00e5 bruke, sier ordf\u00f8reren engasjert!<\/p><blockquote><p>Det nye hovedbiblioteket blir en sentral m\u00f8teplass for alle byens innbyggere.<\/p><\/blockquote><p>Han legger til; Ny teknologi vil gj\u00f8re at voksne innbyggere ogs\u00e5 vil \u00f8nske \u00e5 ta del.<\/p><p>Fabian Stang synes Deichmanske hovedbibliotek er et beskjedent navn.<\/p><p>&#8211; Det er et ordets opplevelsessenter \u2013 skriftlig som muntlig. Og det er et forum for l\u00e6ring og nye tanker om Oslos fremtid<\/p><p>Deichmanske bibliotek skal m\u00f8te nettopp fremtiden gjennom \u00e5 bevare det beste fra bibliotekets kjernetilbud samtidig som en ny kulturallmenning skal utvikles.<\/p><p>&#8211; Biblioteket skal inspirere til lesing, l\u00e6ring, opplevelser, debatt og egenproduksjon av media, sier byr\u00e5dsleder R\u00f8sland.<\/p><p>Det nye biblioteket skal bli en flerbruksarena for kunnskap, kompetanse og kulturopplevelser, med et lavterskeltilbud tilgjengelig for alle.<\/p><p>&#8211; Det blir nesten d\u00f8gn\u00e5pent og huset vil bli alt fra grendehus for Bj\u00f8rvika til et nasjonalt vekstsenter for kunnskap, legger ordf\u00f8rer Stang til.<\/p><p>I et samspill med Operaen og det kommende Munch-museet blir det en kulturell trekant som hele landet vil bli stolte av.<\/p><blockquote><p>Biblioteket skal inspirere til lesing, l\u00e6ring, opplevelser, debatt og egenproduksjon av media.<\/p><\/blockquote><p>&#8211; Jeg h\u00e5per de tre institusjonene vil trekke p\u00e5 hverandre, sier Fabian Stang, og legger til;<\/p><p>&#8211; Jeg er opptatt av at det ikke blir snobbete med h\u00f8y terskel, men med universell utforming i dobbel forstand; Ikke bare for rullestolbrukere, men ogs\u00e5 vi som trenger litt hjelp for \u00e5 bruke disse tilbudene. For meg var biblioteket et fristed da jeg var ung. Biblioteket har en form for trygghet over seg.<\/p><h2>En attraksjon i Bj\u00f8rvika<\/h2><p>Nye Deichmanske hovedbibliotek vil bidra til \u00e5 skape liv og publikumsaktivitet i den nye bydelen Bj\u00f8rvika. Hovedbiblioteket som kulturinstitusjon har en unik posisjon som samlingssted for byens befolkning. Plassert ved Norges st\u00f8rste kollektivknutepunkt Jernbanetorget og Oslo S, f\u00e5r det en sentral beliggenhet i byen.<\/p><p>&#8211; Bygget har et karakteristisk \u00e5pent inngangsparti, med et avkuttet hj\u00f8rne av kvartalet, som ogs\u00e5 tar vare p\u00e5 siktlinjen fra Jernbanetorget mot Operaen, sier byr\u00e5dsleder R\u00f8sland.<\/p><figure id=\"attachment_2817\" aria-describedby=\"caption-attachment-2817\"><a href=\"https:\/\/www.oslohoyre.no\/wp-content\/uploads\/2014\/04\/operaallmeningen.jpg\"><img decoding=\"async\" loading=\"lazy\" src=\"https:\/\/hoyre.no\/content\/uploads\/sites\/408\/2022\/09\/operaallmeningen.jpg\" alt=\"operaallmeningen\" width=\"585\" height=\"346\" \/><\/a><figcaption id=\"caption-attachment-2817\">Illustrasjon: Atelier Oslo og Lund Hagem Arkitekter<\/figcaption><\/figure><p>Huset st\u00e5r bokstavelig talt p\u00e5 egne ben \u2013 et hundretall p\u00e6ler sl\u00e5tt ned i fjell under det ustabile Bj\u00f8rvika \u2013 som fra gammelt av var et v\u00e5tmarksomr\u00e5de.<\/p><p>&#8211; Bygget er respektfullt tilpasset nabobygget Operaen p\u00e5 alle m\u00e5ter. Det blir fint utvendig, men det er det som er inni som er viktigst. Det blir innbydende og spennende, for folk m\u00e5 ha lyst til \u00e5 komme. Vi skal friste folk til \u00e5 komme, og drifte det s\u00e5 godt at de kommer tilbake, sier Fabian optimistisk.<\/p><h2>Ledende milj\u00f8bygg<\/h2><p>Nye Deichmanske hovedbibliotek blir det mest milj\u00f8vennlige kulturbygget i Norge, og prosjekteres med passivhusniv\u00e5. Bygningskropp, fasade, materialvalg, belysning og ventilasjon er planlagt for optimal energieffektivisering og redusert klimagassutslipp.<\/p><p>&#8211; Det er viktig for oss \u00e5 bygge et milj\u00f8vennlig bygg. Byr\u00e5det har et ambisi\u00f8st program for at Oslo skal bli kliman\u00f8ytal i 2050, og da m\u00e5 dette bygget selvsagt v\u00e6re et godt milj\u00f8fyrt\u00e5rn, sier Stian Berger R\u00f8sland.<\/p><p>Prosjektet inng\u00e5r som et forbildeprosjekt i FutureBuilt-programmet og har mottatt st\u00f8tte fra Enova SF for passivhustiltak og ny milj\u00f8teknologi.<\/p><figure id=\"attachment_2819\" aria-describedby=\"caption-attachment-2819\"><a href=\"https:\/\/www.oslohoyre.no\/wp-content\/uploads\/2014\/04\/DIAGONALE_InteriorRenderByLuxigon_LundHagem-AtelierOslo1.jpg\"><img decoding=\"async\" loading=\"lazy\" src=\"https:\/\/hoyre.no\/content\/uploads\/sites\/408\/2022\/09\/DIAGONALE_InteriorRenderByLuxigon_LundHagem-AtelierOslo1.jpg\" alt=\"Deichman\" width=\"585\" height=\"389\" \/><\/a><figcaption id=\"caption-attachment-2819\">\u00c5pent og lyst: Nye Deichmanske hovedbibliotek byr p\u00e5 noe for store og sm\u00e5.<br \/>Illustrasjon: Atelier Oslo og Lund Hagem Arkitekter<\/figcaption><\/figure><h2>Operaen er vellykket<\/h2><p>Mange flere g\u00e5r i Operaen n\u00e5 enn da den l\u00e5 i Folketeaterbygningen ved Youngstorget. Det var mange skeptikere f\u00f8r, men av de mange som gikk en tur opp\u00e5 Opaerataket var det en stor del som ogs\u00e5 gikk inn i bygningen og likte det de s\u00e5 og ikke minst h\u00f8rte, sier ordf\u00f8rer Stang, og legger til:<\/p><p>&#8211; Hvis vi klarer \u00e5 skape en lignende stemning, slik at ikke-brukere blir nysgjerrige og vil g\u00e5 inn, blir det bra!<\/p><p>Det nye Deichmanske hovedbibliotek \u00e5pner i 2017, og det forventes at biblioteket vil firedoble dagens bes\u00f8kstall, til to millioner bes\u00f8kende per \u00e5r.<\/p><p>&nbsp;<\/p><h1>FAKTA OM BIBLIOTEKET<\/h1><p><strong>INNHOLD OG TILBUD<br \/><\/strong>Publikumsarealene fordeler seg over fem etasjer og ett kjellerplan.<\/p><p><strong>FEMTE ETASJE<br \/><\/strong>Fordypning, lesesal og stille arbeidsplasser. Fagb\u00f8ker av alle kategorier og slektshistorie. Litteratur om Oslo og den opprinnelige Deichmansamlingen.<\/p><p><strong>FJERDE ETASJE<br \/><\/strong>Kunnskapsuniverset for alle entusiaster, samarbeidsplasser og kursrom. Eksperimentarium og fagstoff tilpasset alle kunnskapsniv\u00e5er.<\/p><p><strong>TREDJE ETASJE<br \/><\/strong>Levende og nye medier, film, dataspill og musikk, digitale verksted, tegneserier og eget omr\u00e5de for popul\u00e6rkultur.<\/p><p><strong>ANDRE ETASJE<br \/><\/strong>Fortellingen i sentrum. Skj\u00f8nnlitteratur fra hele verden, kaf\u00e9, uteservering og omr\u00e5de for barn med opplevelser i ulike former.<\/p><p><strong>F\u00d8RSTE ETASJE<br \/><\/strong>Torg og navigasjonspunkt med restaurant, lounge med magasiner og aviser. Smakebiter fra hele biblioteket, kulturinformasjon for hele Oslo og en biblioteksbutikk.<\/p><p><strong>UNDERETASJE<br \/><\/strong>Plenumsrom for arrangementer og opplevelser. Kinosal for 70 bes\u00f8kende, flerbrukssal for 250 personer og bar. Deichmans historiske boksamling tilgjengelig for selvbetjening.<\/p><p>&nbsp;<\/p><p><strong>Les mer om byggingen av det nye hovedbiblioteket p\u00e5: <\/strong>blogg.deichman.no\/nyedeichman<\/p>\n<\/div>\n<div class=\"tags\">\n\t<\/div>\n<div class=\"post-footer alignfull has-background block-editor-block-list__block\" data-align=full>\n\t<div class=\"post-footer-inner\">\n\t\t<h3>Relaterte artikler<\/h3>\n\t\t<div class=\"related-content\"><div class=\"is-card-hoyre\">\n\t<div class=\"teft-card hoyre-teft-card post-teft-card\">\n\t\t<a href=\"https:\/\/hoyre.no\/oslo\/aktuelt\/mdg-moralismen-fornekter-seg-ikke\/\" class=\"teft-card__primary-action\">\n\n\t\t\t\t\t<div class=\"teft-card__media teft-card__media--16-9\">\n\t\t\t\t\t\t<img loading=\"lazy\" decoding=\"async\" width=\"768\" height=\"512\" src=\"https:\/\/hoyre.no\/content\/uploads\/sites\/408\/2024\/01\/QZQlxtOC-768x512.jpeg\" class=\"attachment-medium_large size-medium_large\" alt=\"Merete Agerbak-Jensen\" srcset=\"https:\/\/hoyre.no\/content\/uploads\/sites\/408\/2024\/01\/QZQlxtOC-768x512.jpeg 768w, https:\/\/hoyre.no\/content\/uploads\/sites\/408\/2024\/01\/QZQlxtOC-300x200.jpeg 300w, https:\/\/hoyre.no\/content\/uploads\/sites\/408\/2024\/01\/QZQlxtOC-1024x683.jpeg 1024w, https:\/\/hoyre.no\/content\/uploads\/sites\/408\/2024\/01\/QZQlxtOC-1536x1024.jpeg 1536w, https:\/\/hoyre.no\/content\/uploads\/sites\/408\/2024\/01\/QZQlxtOC-2048x1365.jpeg 2048w\" sizes=\"auto, (max-width: 768px) 100vw, 768px\" \/>\t\t<\/div>\n\t\t\n\t\t\t<div class=\"teft-card__content-wrapper\">\n\t\t\t\t<div class=\"teft-card__secondary\">\n\t\t\t\t\t\n\t\t\t\t\t\t\t\t<div class=\"teft-card__meta\">\n\t\t\t\t\t\t\t\t\t<span class=\"post-date\">23. apr 2026<\/span>\n\n\t\t\t\t\t\t\t\t\t\t\t\t\t\t\t\t\t<\/div>\n\t\t\t\t\t\t\t\t\t\t\t<\/div>\n\n\t\t\t\t<div class=\"teft-card__primary\">\n\t\t\t\t\t<h2 class=\"teft-card__title\">MDG-moralismen fornekter seg ikke&nbsp;<span class=\"teft-card__primary-title-append\"><\/span><\/h2>\t\t\t\t<\/div>\n\t\t\t<\/div>\n\t\t<\/a>\n\t<\/div>\n\n\t<\/div><div class=\"is-card-hoyre\">\n\t<div class=\"teft-card hoyre-teft-card post-teft-card\">\n\t\t<a href=\"https:\/\/hoyre.no\/oslo\/aktuelt\/raskere-og-enklere-a-bygge-boliger-og-skape-arbeidsplasser-i-oslo\/\" class=\"teft-card__primary-action\">\n\n\t\t\t\t\t<div class=\"teft-card__media teft-card__media--16-9\">\n\t\t\t\t\t\t<img loading=\"lazy\" decoding=\"async\" width=\"768\" height=\"576\" src=\"https:\/\/hoyre.no\/content\/uploads\/sites\/408\/2026\/04\/Eirik-Lae-Solberg-og-Anita-Leirvik-North-768x576.jpg\" class=\"attachment-medium_large size-medium_large\" alt=\"\" srcset=\"https:\/\/hoyre.no\/content\/uploads\/sites\/408\/2026\/04\/Eirik-Lae-Solberg-og-Anita-Leirvik-North-768x576.jpg 768w, https:\/\/hoyre.no\/content\/uploads\/sites\/408\/2026\/04\/Eirik-Lae-Solberg-og-Anita-Leirvik-North-300x225.jpg 300w, https:\/\/hoyre.no\/content\/uploads\/sites\/408\/2026\/04\/Eirik-Lae-Solberg-og-Anita-Leirvik-North.jpg 901w\" sizes=\"auto, (max-width: 768px) 100vw, 768px\" \/>\t\t<\/div>\n\t\t\n\t\t\t<div class=\"teft-card__content-wrapper\">\n\t\t\t\t<div class=\"teft-card__secondary\">\n\t\t\t\t\t\n\t\t\t\t\t\t\t\t<div class=\"teft-card__meta\">\n\t\t\t\t\t\t\t\t\t<span class=\"post-date\">14. apr 2026<\/span>\n\n\t\t\t\t\t\t\t\t\t<span class=\"post-category\">Har lagt frem ny KPA:<\/span>\t\t\t\t\t\t\t\t<\/div>\n\t\t\t\t\t\t\t\t\t\t\t<\/div>\n\n\t\t\t\t<div class=\"teft-card__primary\">\n\t\t\t\t\t<h2 class=\"teft-card__title\">Raskere og enklere \u00e5 bygge boliger og skape arbeidsplasser i Oslo&nbsp;<span class=\"teft-card__primary-title-append\"><\/span><\/h2>\t\t\t\t<\/div>\n\t\t\t<\/div>\n\t\t<\/a>\n\t<\/div>\n\n\t<\/div><div class=\"is-card-hoyre\">\n\t<div class=\"teft-card hoyre-teft-card post-teft-card\">\n\t\t<a href=\"https:\/\/hoyre.no\/oslo\/aktuelt\/bedre-elevresultater-og-en-skoleokonomi-i-balanse-med-blagront-byrad\/\" class=\"teft-card__primary-action\">\n\n\t\t\t\t\t<div class=\"teft-card__media teft-card__media--16-9\">\n\t\t\t\t\t\t<img loading=\"lazy\" decoding=\"async\" width=\"768\" height=\"512\" src=\"https:\/\/hoyre.no\/content\/uploads\/sites\/408\/2025\/05\/IMG_6440-768x512.jpeg\" class=\"attachment-medium_large size-medium_large\" alt=\"Julie Remen Midtgarden\" srcset=\"https:\/\/hoyre.no\/content\/uploads\/sites\/408\/2025\/05\/IMG_6440-768x512.jpeg 768w, https:\/\/hoyre.no\/content\/uploads\/sites\/408\/2025\/05\/IMG_6440-300x200.jpeg 300w, https:\/\/hoyre.no\/content\/uploads\/sites\/408\/2025\/05\/IMG_6440-1024x683.jpeg 1024w, https:\/\/hoyre.no\/content\/uploads\/sites\/408\/2025\/05\/IMG_6440-1536x1024.jpeg 1536w, https:\/\/hoyre.no\/content\/uploads\/sites\/408\/2025\/05\/IMG_6440-2048x1365.jpeg 2048w\" sizes=\"auto, (max-width: 768px) 100vw, 768px\" \/>\t\t<\/div>\n\t\t\n\t\t\t<div class=\"teft-card__content-wrapper\">\n\t\t\t\t<div class=\"teft-card__secondary\">\n\t\t\t\t\t\n\t\t\t\t\t\t\t\t<div class=\"teft-card__meta\">\n\t\t\t\t\t\t\t\t\t<span class=\"post-date\">26. mar 2026<\/span>\n\n\t\t\t\t\t\t\t\t\t\t\t\t\t\t\t\t\t<\/div>\n\t\t\t\t\t\t\t\t\t\t\t<\/div>\n\n\t\t\t\t<div class=\"teft-card__primary\">\n\t\t\t\t\t<h2 class=\"teft-card__title\">Bedre elevresultater og en skole\u00f8konomi i balanse med bl\u00e5gr\u00f8nt byr\u00e5d&nbsp;<span class=\"teft-card__primary-title-append\"><\/span><\/h2>\t\t\t\t<\/div>\n\t\t\t<\/div>\n\t\t<\/a>\n\t<\/div>\n\n\t<\/div><\/div>\t<\/div>\n<\/div>\n","protected":false},"excerpt":{"rendered":"","protected":false},"author":0,"featured_media":1677,"comment_status":"closed","ping_status":"open","sticky":false,"template":"","format":"standard","meta":{"teft_cards_image_url":"","teft_cards_custom_pretitle":"","teft_cards_image_id":1677,"teft_cards_image_focal_point_x":0,"teft_cards_image_focal_point_y":0,"teft_cards_title":"","teft_cards_excerpt":"","teft_show_chapters":false,"author_display_name":"Oslo H\u00f8yre","footnotes":""},"category":[1],"post_tag":[],"hoyre-visibility":[],"article-type":[],"politician":[],"class_list":["post-1676","post","type-post","status-publish","format-standard","hentry","category-nyheter"],"yoast_head":"<!-- This site is optimized with the Yoast SEO Premium plugin v26.5 (Yoast SEO v26.6) - https:\/\/yoast.com\/wordpress\/plugins\/seo\/ -->\n<title>Slik blir nye Deichman - Oslo H\u00f8yre<\/title>\n<meta name=\"robots\" content=\"index, follow, max-snippet:-1, max-image-preview:large, max-video-preview:-1\" \/>\n<link rel=\"canonical\" href=\"https:\/\/hoyre.no\/oslo\/aktuelt\/slik-blir-nye-deichman-hovedbibliotek\/\" \/>\n<meta property=\"og:locale\" content=\"nb_NO\" \/>\n<meta property=\"og:type\" content=\"article\" \/>\n<meta property=\"og:title\" content=\"Slik blir nye Deichman\" \/>\n<meta property=\"og:url\" content=\"https:\/\/hoyre.no\/oslo\/aktuelt\/slik-blir-nye-deichman-hovedbibliotek\/\" \/>\n<meta property=\"og:site_name\" content=\"Oslo H\u00f8yre\" \/>\n<meta property=\"article:publisher\" content=\"https:\/\/www.facebook.com\/oslo.hoyre\" \/>\n<meta property=\"article:published_time\" content=\"2014-04-23T10:49:19+00:00\" \/>\n<meta property=\"article:modified_time\" content=\"2022-09-26T13:06:23+00:00\" \/>\n<meta property=\"og:image\" content=\"https:\/\/hoyre.no\/content\/uploads\/sites\/408\/2022\/09\/deg-og-bjorvika_13-scaled-1.jpg\" \/>\n\t<meta property=\"og:image:width\" content=\"1920\" \/>\n\t<meta property=\"og:image:height\" content=\"1080\" \/>\n\t<meta property=\"og:image:type\" content=\"image\/jpeg\" \/>\n<meta name=\"twitter:card\" content=\"summary_large_image\" \/>\n<meta name=\"twitter:label1\" content=\"Ansl. lesetid\" \/>\n\t<meta name=\"twitter:data1\" content=\"5 minutter\" \/>\n<script type=\"application\/ld+json\" class=\"yoast-schema-graph\">{\"@context\":\"https:\/\/schema.org\",\"@graph\":[{\"@type\":\"Article\",\"@id\":\"https:\/\/hoyre.no\/oslo\/aktuelt\/slik-blir-nye-deichman-hovedbibliotek\/#article\",\"isPartOf\":{\"@id\":\"https:\/\/hoyre.no\/oslo\/aktuelt\/slik-blir-nye-deichman-hovedbibliotek\/\"},\"author\":{\"name\":\"\",\"@id\":\"\"},\"headline\":\"Slik blir nye Deichman\",\"datePublished\":\"2014-04-23T10:49:19+00:00\",\"dateModified\":\"2022-09-26T13:06:23+00:00\",\"mainEntityOfPage\":{\"@id\":\"https:\/\/hoyre.no\/oslo\/aktuelt\/slik-blir-nye-deichman-hovedbibliotek\/\"},\"wordCount\":1000,\"publisher\":{\"@id\":\"https:\/\/hoyre.no\/oslo\/#organization\"},\"image\":{\"@id\":\"https:\/\/hoyre.no\/oslo\/aktuelt\/slik-blir-nye-deichman-hovedbibliotek\/#primaryimage\"},\"thumbnailUrl\":\"https:\/\/hoyre.no\/content\/uploads\/sites\/408\/2022\/09\/deg-og-bjorvika_13-scaled-1.jpg\",\"articleSection\":[\"Nyheter\"],\"inLanguage\":\"nb-NO\"},{\"@type\":\"NewsArticle\",\"@id\":\"https:\/\/hoyre.no\/oslo\/aktuelt\/slik-blir-nye-deichman-hovedbibliotek\/\",\"url\":\"https:\/\/hoyre.no\/oslo\/aktuelt\/slik-blir-nye-deichman-hovedbibliotek\/\",\"name\":\"Slik blir nye Deichman - Oslo H\u00f8yre\",\"isPartOf\":{\"@id\":\"https:\/\/hoyre.no\/oslo\/#website\"},\"image\":{\"@id\":\"https:\/\/hoyre.no\/oslo\/aktuelt\/slik-blir-nye-deichman-hovedbibliotek\/#primaryimage\"},\"thumbnailUrl\":\"https:\/\/hoyre.no\/content\/uploads\/sites\/408\/2022\/09\/deg-og-bjorvika_13-scaled-1.jpg\",\"datePublished\":\"2014-04-23T10:49:19+00:00\",\"dateModified\":\"2022-09-26T13:06:23+00:00\",\"breadcrumb\":{\"@id\":\"https:\/\/hoyre.no\/oslo\/aktuelt\/slik-blir-nye-deichman-hovedbibliotek\/#breadcrumb\"},\"inLanguage\":\"nb-NO\",\"potentialAction\":[{\"@type\":\"ReadAction\",\"target\":[\"https:\/\/hoyre.no\/oslo\/aktuelt\/slik-blir-nye-deichman-hovedbibliotek\/\"]}]},{\"@type\":\"ImageObject\",\"inLanguage\":\"nb-NO\",\"@id\":\"https:\/\/hoyre.no\/oslo\/aktuelt\/slik-blir-nye-deichman-hovedbibliotek\/#primaryimage\",\"url\":\"https:\/\/hoyre.no\/content\/uploads\/sites\/408\/2022\/09\/deg-og-bjorvika_13-scaled-1.jpg\",\"contentUrl\":\"https:\/\/hoyre.no\/content\/uploads\/sites\/408\/2022\/09\/deg-og-bjorvika_13-scaled-1.jpg\",\"width\":1920,\"height\":1080,\"caption\":\"Nye Deichman\"},{\"@type\":\"BreadcrumbList\",\"@id\":\"https:\/\/hoyre.no\/oslo\/aktuelt\/slik-blir-nye-deichman-hovedbibliotek\/#breadcrumb\",\"itemListElement\":[{\"@type\":\"ListItem\",\"position\":1,\"name\":\"Til hoyre.no\",\"item\":\"https:\/\/hoyre.no\"},{\"@type\":\"ListItem\",\"position\":2,\"name\":\"Hjem\",\"item\":\"https:\/\/hoyre.no\/oslo\/\"},{\"@type\":\"ListItem\",\"position\":3,\"name\":\"Slik blir nye Deichman\"}]},{\"@type\":\"WebSite\",\"@id\":\"https:\/\/hoyre.no\/oslo\/#website\",\"url\":\"https:\/\/hoyre.no\/oslo\/\",\"name\":\"Oslo H\u00f8yre\",\"description\":\"\",\"publisher\":{\"@id\":\"https:\/\/hoyre.no\/oslo\/#organization\"},\"inLanguage\":\"nb-NO\"},{\"@type\":\"Organization\",\"@id\":\"https:\/\/hoyre.no\/oslo\/#organization\",\"name\":\"Oslo H\u00f8yre\",\"url\":\"https:\/\/hoyre.no\/oslo\/\",\"logo\":{\"@type\":\"ImageObject\",\"inLanguage\":\"nb-NO\",\"@id\":\"https:\/\/hoyre.no\/oslo\/#\/schema\/logo\/image\/\",\"url\":\"https:\/\/hoyre.no\/content\/uploads\/sites\/408\/2022\/11\/Hoyres-logo.png\",\"contentUrl\":\"https:\/\/hoyre.no\/content\/uploads\/sites\/408\/2022\/11\/Hoyres-logo.png\",\"width\":1000,\"height\":1000,\"caption\":\"Oslo H\u00f8yre\"},\"image\":{\"@id\":\"https:\/\/hoyre.no\/oslo\/#\/schema\/logo\/image\/\"},\"sameAs\":[\"https:\/\/www.facebook.com\/oslo.hoyre\"]}]}<\/script>\n<!-- \/ Yoast SEO Premium plugin. -->","yoast_head_json":{"title":"Slik blir nye Deichman - Oslo H\u00f8yre","robots":{"index":"index","follow":"follow","max-snippet":"max-snippet:-1","max-image-preview":"max-image-preview:large","max-video-preview":"max-video-preview:-1"},"canonical":"https:\/\/hoyre.no\/oslo\/aktuelt\/slik-blir-nye-deichman-hovedbibliotek\/","og_locale":"nb_NO","og_type":"article","og_title":"Slik blir nye Deichman","og_url":"https:\/\/hoyre.no\/oslo\/aktuelt\/slik-blir-nye-deichman-hovedbibliotek\/","og_site_name":"Oslo H\u00f8yre","article_publisher":"https:\/\/www.facebook.com\/oslo.hoyre","article_published_time":"2014-04-23T10:49:19+00:00","article_modified_time":"2022-09-26T13:06:23+00:00","og_image":[{"width":1920,"height":1080,"url":"https:\/\/hoyre.no\/content\/uploads\/sites\/408\/2022\/09\/deg-og-bjorvika_13-scaled-1.jpg","type":"image\/jpeg"}],"twitter_card":"summary_large_image","twitter_misc":{"Ansl. lesetid":"5 minutter"},"schema":{"@context":"https:\/\/schema.org","@graph":[{"@type":"Article","@id":"https:\/\/hoyre.no\/oslo\/aktuelt\/slik-blir-nye-deichman-hovedbibliotek\/#article","isPartOf":{"@id":"https:\/\/hoyre.no\/oslo\/aktuelt\/slik-blir-nye-deichman-hovedbibliotek\/"},"author":{"name":"","@id":""},"headline":"Slik blir nye Deichman","datePublished":"2014-04-23T10:49:19+00:00","dateModified":"2022-09-26T13:06:23+00:00","mainEntityOfPage":{"@id":"https:\/\/hoyre.no\/oslo\/aktuelt\/slik-blir-nye-deichman-hovedbibliotek\/"},"wordCount":1000,"publisher":{"@id":"https:\/\/hoyre.no\/oslo\/#organization"},"image":{"@id":"https:\/\/hoyre.no\/oslo\/aktuelt\/slik-blir-nye-deichman-hovedbibliotek\/#primaryimage"},"thumbnailUrl":"https:\/\/hoyre.no\/content\/uploads\/sites\/408\/2022\/09\/deg-og-bjorvika_13-scaled-1.jpg","articleSection":["Nyheter"],"inLanguage":"nb-NO"},{"@type":"NewsArticle","@id":"https:\/\/hoyre.no\/oslo\/aktuelt\/slik-blir-nye-deichman-hovedbibliotek\/","url":"https:\/\/hoyre.no\/oslo\/aktuelt\/slik-blir-nye-deichman-hovedbibliotek\/","name":"Slik blir nye Deichman - Oslo H\u00f8yre","isPartOf":{"@id":"https:\/\/hoyre.no\/oslo\/#website"},"image":{"@id":"https:\/\/hoyre.no\/oslo\/aktuelt\/slik-blir-nye-deichman-hovedbibliotek\/#primaryimage"},"thumbnailUrl":"https:\/\/hoyre.no\/content\/uploads\/sites\/408\/2022\/09\/deg-og-bjorvika_13-scaled-1.jpg","datePublished":"2014-04-23T10:49:19+00:00","dateModified":"2022-09-26T13:06:23+00:00","breadcrumb":{"@id":"https:\/\/hoyre.no\/oslo\/aktuelt\/slik-blir-nye-deichman-hovedbibliotek\/#breadcrumb"},"inLanguage":"nb-NO","potentialAction":[{"@type":"ReadAction","target":["https:\/\/hoyre.no\/oslo\/aktuelt\/slik-blir-nye-deichman-hovedbibliotek\/"]}]},{"@type":"ImageObject","inLanguage":"nb-NO","@id":"https:\/\/hoyre.no\/oslo\/aktuelt\/slik-blir-nye-deichman-hovedbibliotek\/#primaryimage","url":"https:\/\/hoyre.no\/content\/uploads\/sites\/408\/2022\/09\/deg-og-bjorvika_13-scaled-1.jpg","contentUrl":"https:\/\/hoyre.no\/content\/uploads\/sites\/408\/2022\/09\/deg-og-bjorvika_13-scaled-1.jpg","width":1920,"height":1080,"caption":"Nye Deichman"},{"@type":"BreadcrumbList","@id":"https:\/\/hoyre.no\/oslo\/aktuelt\/slik-blir-nye-deichman-hovedbibliotek\/#breadcrumb","itemListElement":[{"@type":"ListItem","position":1,"name":"Til hoyre.no","item":"https:\/\/hoyre.no"},{"@type":"ListItem","position":2,"name":"Hjem","item":"https:\/\/hoyre.no\/oslo\/"},{"@type":"ListItem","position":3,"name":"Slik blir nye Deichman"}]},{"@type":"WebSite","@id":"https:\/\/hoyre.no\/oslo\/#website","url":"https:\/\/hoyre.no\/oslo\/","name":"Oslo H\u00f8yre","description":"","publisher":{"@id":"https:\/\/hoyre.no\/oslo\/#organization"},"inLanguage":"nb-NO"},{"@type":"Organization","@id":"https:\/\/hoyre.no\/oslo\/#organization","name":"Oslo H\u00f8yre","url":"https:\/\/hoyre.no\/oslo\/","logo":{"@type":"ImageObject","inLanguage":"nb-NO","@id":"https:\/\/hoyre.no\/oslo\/#\/schema\/logo\/image\/","url":"https:\/\/hoyre.no\/content\/uploads\/sites\/408\/2022\/11\/Hoyres-logo.png","contentUrl":"https:\/\/hoyre.no\/content\/uploads\/sites\/408\/2022\/11\/Hoyres-logo.png","width":1000,"height":1000,"caption":"Oslo H\u00f8yre"},"image":{"@id":"https:\/\/hoyre.no\/oslo\/#\/schema\/logo\/image\/"},"sameAs":["https:\/\/www.facebook.com\/oslo.hoyre"]}]}},"distributor_meta":false,"distributor_terms":false,"distributor_media":false,"distributor_original_site_name":"Oslo H\u00f8yre","distributor_original_site_url":"https:\/\/hoyre.no\/oslo","push-errors":false,"_links":{"self":[{"href":"https:\/\/hoyre.no\/oslo\/wp-json\/wp\/v2\/posts\/1676","targetHints":{"allow":["GET"]}}],"collection":[{"href":"https:\/\/hoyre.no\/oslo\/wp-json\/wp\/v2\/posts"}],"about":[{"href":"https:\/\/hoyre.no\/oslo\/wp-json\/wp\/v2\/types\/post"}],"replies":[{"embeddable":true,"href":"https:\/\/hoyre.no\/oslo\/wp-json\/wp\/v2\/comments?post=1676"}],"version-history":[{"count":1,"href":"https:\/\/hoyre.no\/oslo\/wp-json\/wp\/v2\/posts\/1676\/revisions"}],"predecessor-version":[{"id":2873,"href":"https:\/\/hoyre.no\/oslo\/wp-json\/wp\/v2\/posts\/1676\/revisions\/2873"}],"wp:featuredmedia":[{"embeddable":true,"href":"https:\/\/hoyre.no\/oslo\/wp-json\/wp\/v2\/media\/1677"}],"wp:attachment":[{"href":"https:\/\/hoyre.no\/oslo\/wp-json\/wp\/v2\/media?parent=1676"}],"wp:term":[{"taxonomy":"category","embeddable":true,"href":"https:\/\/hoyre.no\/oslo\/wp-json\/wp\/v2\/category?post=1676"},{"taxonomy":"post_tag","embeddable":true,"href":"https:\/\/hoyre.no\/oslo\/wp-json\/wp\/v2\/post_tag?post=1676"},{"taxonomy":"hoyre-visibility","embeddable":true,"href":"https:\/\/hoyre.no\/oslo\/wp-json\/wp\/v2\/hoyre-visibility?post=1676"},{"taxonomy":"article-type","embeddable":true,"href":"https:\/\/hoyre.no\/oslo\/wp-json\/wp\/v2\/article-type?post=1676"},{"taxonomy":"politician","embeddable":true,"href":"https:\/\/hoyre.no\/oslo\/wp-json\/wp\/v2\/politician?post=1676"}],"curies":[{"name":"wp","href":"https:\/\/api.w.org\/{rel}","templated":true}]}}