{"id":1680,"date":"2014-04-11T10:39:55","date_gmt":"2014-04-11T10:39:55","guid":{"rendered":"https:\/\/hoyre.no\/oslo\/aktuelt\/ol-trenger-norge\/"},"modified":"2022-09-26T15:06:24","modified_gmt":"2022-09-26T13:06:24","slug":"ol-trenger-norge","status":"publish","type":"post","link":"https:\/\/hoyre.no\/oslo\/aktuelt\/ol-trenger-norge\/","title":{"rendered":"OL trenger Norge"},"content":{"rendered":"<figure class=\"hoyre-image-wrapper\"><div class=\"hoyre-image\"><img loading=\"lazy\" decoding=\"async\" width=\"980\" height=\"653\" src=\"https:\/\/hoyre.no\/content\/uploads\/sites\/408\/2022\/09\/amfo1.jpg\" class=\"attachment-scaled size-scaled\" alt=\"\" style=\"object-position: 50% 50%\" srcset=\"https:\/\/hoyre.no\/content\/uploads\/sites\/408\/2022\/09\/amfo1.jpg 980w, https:\/\/hoyre.no\/content\/uploads\/sites\/408\/2022\/09\/amfo1-300x200.jpg 300w, https:\/\/hoyre.no\/content\/uploads\/sites\/408\/2022\/09\/amfo1-768x512.jpg 768w\" sizes=\"auto, (max-width: 980px) 100vw, 980px\" \/><\/div><\/figure><div id=\"hoyre-old-article-content-wrapper\"><h2>OL trenger Norge for \u00e5 finne tilbake til formen<\/h2><p>I juli 2015 bestemmer IOC hvor OL i 2022 skal arrangeres. Det er mye som skal p\u00e5 plass for at de velkjente ordene \u201cthe decision is\u2026\u201d da skal avsluttes med \u201cOslo\u201d, men konseptet \u201cGames in the City\u201d er tydelig, vi er en stormakt innen vintersport, og vi har en unik mulighet til \u00e5 p\u00e5virke OL i riktig retning.<\/p><p>\u2013 Jeg \u00f8nsker meg olympiske vinterleker i Oslo i 2022 som tar oss tilbake til r\u00f8ttene der sportsglede, folkefest og frivillighet st\u00e5r i sentrum, sier stortingsrepresentant og nestleder i Oslo H\u00f8yre Kristin Vinje.<\/p><figure id=\"attachment_2798\" aria-describedby=\"caption-attachment-2798\"><a href=\"https:\/\/www.oslohoyre.no\/wp-content\/uploads\/2014\/04\/kristin-vm2011.jpg\"><img decoding=\"async\" loading=\"lazy\" alt=\"Kristin Vinje\" src=\"https:\/\/hoyre.no\/content\/uploads\/sites\/408\/2022\/09\/kristin-vm2011-scaled-1.jpg\" width=\"585\" height=\"839\" \/><\/a><figcaption id=\"caption-attachment-2798\">Kristin Vinje<\/figcaption><\/figure><p>Ingen nasjoner har tatt flere medaljer i vinter-OL enn Norge. Vi sender v\u00e5re ut\u00f8vere verden rundt for \u00e5 delta n\u00e5r OL arrangeres, og vi gleder oss over norske prestasjoner og medaljer. Men Norge kan ikke bare delta n\u00e5r andre inviterer. Fra tid til annen b\u00f8r derfor Norge p\u00e5ta seg \u00e5 arrangere de st\u00f8rste vinteridrettsarrangementene. OL er det st\u00f8rste.<\/p><p>I 2022 er det 70 \u00e5r siden Oslo sist var vertskap for OL, og det vil v\u00e6re 28 \u00e5r siden OL p\u00e5 Lillehammer.<\/p><p>&#8211; N\u00e5 har vi muligheten til \u00e5 arrangere et vinter-OL slik vi mener det skal gj\u00f8res! Uten milliardoverskridelsene vi s\u00e5 i Sotsji, uten tomme tilskuerplasser vi har sett s\u00e5 mange ganger f\u00f8r. I Norge har vi topp stemning rundt \u00f8velsene og Kollen-br\u00f8l til alle som kommer mot m\u00e5l. Vi har tusenvis av glade tilskuere som gjerne vil overnatter ute i Nordmarka, slik vi s\u00e5 det sist under Ski-VM i 2011. OL m\u00e5 tilbake dit vintersporten har sin vugge, til Norge, sier Kristin Vinje entusiastisk.<\/p><p>Oslo er en av de raskest voksende storbyene i Europa. Byen fikk 15.000 nye innbyggere bare i 2013. OL ww og Paralympics (PL) til Oslo i 2022 vil bidra til at Oslo gj\u00f8r n\u00f8dvendige og viktige investeringer for fremtiden. Norge vil f\u00e5 mye igjen for \u00e5 ta p\u00e5 seg vertskapsansvaret for OL i 2022.<\/p><blockquote><p>Vi m\u00e5 g\u00e5 foran, og vise hvordan vi mener de olympiske verdiene skal tolkes.<\/p><\/blockquote><p>&#8211; Byen, landet og befolkningen kan f\u00e5 vist seg frem som et inkluderende vertskap, presentere landet som attraktivt for store arrangementer og ikke minst kan Oslo f\u00e5 vist seg frem som en ledende, internasjonal milj\u00f8by. Konseptet \u201dGames in the City\u201d viser at Oslo kan arrangere gode, kompakte og milj\u00f8vennlige vinterleker, sier Kristin Vinje.<\/p><h2>Norge m\u00e5 vise vei<\/h2><p>I mars sendte idretten og kommunene den f\u00f8rste delen av hoveds\u00f8knaden om \u00e5 arrangere OL i Oslo og Norge.<\/p><p>&#8211; Den s\u00f8knaden ble sendt fordi idretten og kommunene Oslo, Lillehammer, \u00d8yer, B\u00e6rum og L\u00f8renskog mener de har et godt konsept, de vil p\u00e5virke og de vil vinne! Vi kan ikke sitte selvgode med armene i kors og kritisere. Vi m\u00e5 g\u00e5 foran, og vise hvordan vi mener de olympiske verdiene skal tolkes, sier Vinje.<\/p><h2>Milj\u00f8 inn i OL<\/h2><p>I forkant av Lillehammer-OL var klima- og milj\u00f8debattene i startgropen. Verken IOC eller tidligere arrang\u00f8rer hadde lagt vekt p\u00e5 b\u00e6rekraft eller andre milj\u00f8prinsipper i forbindelse med OL. Da det var Norges tur til \u00e5 arrangere lekene la man vekt p\u00e5 milj\u00f8, og som en direkte konsekvens ble milj\u00f8aspektet tatt inn i det Olympiske Charteret.<\/p><h2>Delta for \u00e5 p\u00e5virke<\/h2><p>Et OL i Norge blir noe helt annet enn hva vi s\u00e5 i OL i Sotsji. Her vil befolkningen kreve \u00e5penhet, n\u00f8kternhet og at festen er for alle. Men det viktigste er muligheten til \u00e5 sette et varig stempel p\u00e5 den olympiske organisasjonen slik at OL blir bedre, mer n\u00f8kternt og mer tolerant.<\/p><p>&#8211; Den beste m\u00e5ten \u00e5 p\u00e5virke den olympiske bevegelsen p\u00e5 er \u00e5 v\u00e6re en del av den. Dette er v\u00e5r generasjons mulighet til \u00e5 arrangere og p\u00e5virke de olympiske lekene, en generasjon etter vinter-OL p\u00e5 Lillehammer i 1994 og to generasjoner etter OL i Oslo i 1952, avslutter Kristin Vinje.<\/p>\n<\/div>\n<div class=\"tags\">\n\t<\/div>\n<div class=\"post-footer alignfull has-background block-editor-block-list__block\" data-align=full>\n\t<div class=\"post-footer-inner\">\n\t\t<h3>Relaterte artikler<\/h3>\n\t\t<div class=\"related-content\"><div class=\"is-card-hoyre\">\n\t<div class=\"teft-card hoyre-teft-card post-teft-card\">\n\t\t<a href=\"https:\/\/hoyre.no\/oslo\/aktuelt\/mdg-moralismen-fornekter-seg-ikke\/\" class=\"teft-card__primary-action\">\n\n\t\t\t\t\t<div class=\"teft-card__media teft-card__media--16-9\">\n\t\t\t\t\t\t<img loading=\"lazy\" decoding=\"async\" width=\"768\" height=\"512\" src=\"https:\/\/hoyre.no\/content\/uploads\/sites\/408\/2024\/01\/QZQlxtOC-768x512.jpeg\" class=\"attachment-medium_large size-medium_large\" alt=\"Merete Agerbak-Jensen\" srcset=\"https:\/\/hoyre.no\/content\/uploads\/sites\/408\/2024\/01\/QZQlxtOC-768x512.jpeg 768w, https:\/\/hoyre.no\/content\/uploads\/sites\/408\/2024\/01\/QZQlxtOC-300x200.jpeg 300w, https:\/\/hoyre.no\/content\/uploads\/sites\/408\/2024\/01\/QZQlxtOC-1024x683.jpeg 1024w, https:\/\/hoyre.no\/content\/uploads\/sites\/408\/2024\/01\/QZQlxtOC-1536x1024.jpeg 1536w, https:\/\/hoyre.no\/content\/uploads\/sites\/408\/2024\/01\/QZQlxtOC-2048x1365.jpeg 2048w\" sizes=\"auto, (max-width: 768px) 100vw, 768px\" \/>\t\t<\/div>\n\t\t\n\t\t\t<div class=\"teft-card__content-wrapper\">\n\t\t\t\t<div class=\"teft-card__secondary\">\n\t\t\t\t\t\n\t\t\t\t\t\t\t\t<div class=\"teft-card__meta\">\n\t\t\t\t\t\t\t\t\t<span class=\"post-date\">23. apr 2026<\/span>\n\n\t\t\t\t\t\t\t\t\t\t\t\t\t\t\t\t\t<\/div>\n\t\t\t\t\t\t\t\t\t\t\t<\/div>\n\n\t\t\t\t<div class=\"teft-card__primary\">\n\t\t\t\t\t<h2 class=\"teft-card__title\">MDG-moralismen fornekter seg ikke&nbsp;<span class=\"teft-card__primary-title-append\"><\/span><\/h2>\t\t\t\t<\/div>\n\t\t\t<\/div>\n\t\t<\/a>\n\t<\/div>\n\n\t<\/div><div class=\"is-card-hoyre\">\n\t<div class=\"teft-card hoyre-teft-card post-teft-card\">\n\t\t<a href=\"https:\/\/hoyre.no\/oslo\/aktuelt\/raskere-og-enklere-a-bygge-boliger-og-skape-arbeidsplasser-i-oslo\/\" class=\"teft-card__primary-action\">\n\n\t\t\t\t\t<div class=\"teft-card__media teft-card__media--16-9\">\n\t\t\t\t\t\t<img loading=\"lazy\" decoding=\"async\" width=\"768\" height=\"576\" src=\"https:\/\/hoyre.no\/content\/uploads\/sites\/408\/2026\/04\/Eirik-Lae-Solberg-og-Anita-Leirvik-North-768x576.jpg\" class=\"attachment-medium_large size-medium_large\" alt=\"\" srcset=\"https:\/\/hoyre.no\/content\/uploads\/sites\/408\/2026\/04\/Eirik-Lae-Solberg-og-Anita-Leirvik-North-768x576.jpg 768w, https:\/\/hoyre.no\/content\/uploads\/sites\/408\/2026\/04\/Eirik-Lae-Solberg-og-Anita-Leirvik-North-300x225.jpg 300w, https:\/\/hoyre.no\/content\/uploads\/sites\/408\/2026\/04\/Eirik-Lae-Solberg-og-Anita-Leirvik-North.jpg 901w\" sizes=\"auto, (max-width: 768px) 100vw, 768px\" \/>\t\t<\/div>\n\t\t\n\t\t\t<div class=\"teft-card__content-wrapper\">\n\t\t\t\t<div class=\"teft-card__secondary\">\n\t\t\t\t\t\n\t\t\t\t\t\t\t\t<div class=\"teft-card__meta\">\n\t\t\t\t\t\t\t\t\t<span class=\"post-date\">14. apr 2026<\/span>\n\n\t\t\t\t\t\t\t\t\t<span class=\"post-category\">Har lagt frem ny KPA:<\/span>\t\t\t\t\t\t\t\t<\/div>\n\t\t\t\t\t\t\t\t\t\t\t<\/div>\n\n\t\t\t\t<div class=\"teft-card__primary\">\n\t\t\t\t\t<h2 class=\"teft-card__title\">Raskere og enklere \u00e5 bygge boliger og skape arbeidsplasser i Oslo&nbsp;<span class=\"teft-card__primary-title-append\"><\/span><\/h2>\t\t\t\t<\/div>\n\t\t\t<\/div>\n\t\t<\/a>\n\t<\/div>\n\n\t<\/div><div class=\"is-card-hoyre\">\n\t<div class=\"teft-card hoyre-teft-card post-teft-card\">\n\t\t<a href=\"https:\/\/hoyre.no\/oslo\/aktuelt\/bedre-elevresultater-og-en-skoleokonomi-i-balanse-med-blagront-byrad\/\" class=\"teft-card__primary-action\">\n\n\t\t\t\t\t<div class=\"teft-card__media teft-card__media--16-9\">\n\t\t\t\t\t\t<img loading=\"lazy\" decoding=\"async\" width=\"768\" height=\"512\" src=\"https:\/\/hoyre.no\/content\/uploads\/sites\/408\/2025\/05\/IMG_6440-768x512.jpeg\" class=\"attachment-medium_large size-medium_large\" alt=\"Julie Remen Midtgarden\" srcset=\"https:\/\/hoyre.no\/content\/uploads\/sites\/408\/2025\/05\/IMG_6440-768x512.jpeg 768w, https:\/\/hoyre.no\/content\/uploads\/sites\/408\/2025\/05\/IMG_6440-300x200.jpeg 300w, https:\/\/hoyre.no\/content\/uploads\/sites\/408\/2025\/05\/IMG_6440-1024x683.jpeg 1024w, https:\/\/hoyre.no\/content\/uploads\/sites\/408\/2025\/05\/IMG_6440-1536x1024.jpeg 1536w, https:\/\/hoyre.no\/content\/uploads\/sites\/408\/2025\/05\/IMG_6440-2048x1365.jpeg 2048w\" sizes=\"auto, (max-width: 768px) 100vw, 768px\" \/>\t\t<\/div>\n\t\t\n\t\t\t<div class=\"teft-card__content-wrapper\">\n\t\t\t\t<div class=\"teft-card__secondary\">\n\t\t\t\t\t\n\t\t\t\t\t\t\t\t<div class=\"teft-card__meta\">\n\t\t\t\t\t\t\t\t\t<span class=\"post-date\">26. mar 2026<\/span>\n\n\t\t\t\t\t\t\t\t\t\t\t\t\t\t\t\t\t<\/div>\n\t\t\t\t\t\t\t\t\t\t\t<\/div>\n\n\t\t\t\t<div class=\"teft-card__primary\">\n\t\t\t\t\t<h2 class=\"teft-card__title\">Bedre elevresultater og en skole\u00f8konomi i balanse med bl\u00e5gr\u00f8nt byr\u00e5d&nbsp;<span class=\"teft-card__primary-title-append\"><\/span><\/h2>\t\t\t\t<\/div>\n\t\t\t<\/div>\n\t\t<\/a>\n\t<\/div>\n\n\t<\/div><\/div>\t<\/div>\n<\/div>\n","protected":false},"excerpt":{"rendered":"","protected":false},"author":0,"featured_media":0,"comment_status":"closed","ping_status":"open","sticky":false,"template":"","format":"standard","meta":{"teft_cards_image_url":"","teft_cards_custom_pretitle":"","teft_cards_image_id":0,"teft_cards_image_focal_point_x":0,"teft_cards_image_focal_point_y":0,"teft_cards_title":"","teft_cards_excerpt":"","teft_show_chapters":false,"author_display_name":"Oslo H\u00f8yre","footnotes":""},"category":[1],"post_tag":[],"hoyre-visibility":[],"article-type":[],"politician":[],"class_list":["post-1680","post","type-post","status-publish","format-standard","hentry","category-nyheter"],"yoast_head":"<!-- This site is optimized with the Yoast SEO Premium plugin v26.5 (Yoast SEO v26.6) - https:\/\/yoast.com\/wordpress\/plugins\/seo\/ -->\n<title>OL trenger Norge - Oslo H\u00f8yre<\/title>\n<meta name=\"robots\" content=\"index, follow, max-snippet:-1, max-image-preview:large, max-video-preview:-1\" \/>\n<link rel=\"canonical\" href=\"https:\/\/hoyre.no\/oslo\/aktuelt\/ol-trenger-norge\/\" \/>\n<meta property=\"og:locale\" content=\"nb_NO\" \/>\n<meta property=\"og:type\" content=\"article\" \/>\n<meta property=\"og:title\" content=\"OL trenger Norge\" \/>\n<meta property=\"og:url\" content=\"https:\/\/hoyre.no\/oslo\/aktuelt\/ol-trenger-norge\/\" \/>\n<meta property=\"og:site_name\" content=\"Oslo H\u00f8yre\" \/>\n<meta property=\"article:publisher\" content=\"https:\/\/www.facebook.com\/oslo.hoyre\" \/>\n<meta property=\"article:published_time\" content=\"2014-04-11T10:39:55+00:00\" \/>\n<meta property=\"article:modified_time\" content=\"2022-09-26T13:06:24+00:00\" \/>\n<meta property=\"og:image\" content=\"https:\/\/hoyre.no\/content\/uploads\/sites\/408\/2022\/09\/kristin-vm2011-scaled-1.jpg\" \/>\n<meta name=\"twitter:card\" content=\"summary_large_image\" \/>\n<meta name=\"twitter:label1\" content=\"Ansl. lesetid\" \/>\n\t<meta name=\"twitter:data1\" content=\"3 minutter\" \/>\n<script type=\"application\/ld+json\" class=\"yoast-schema-graph\">{\"@context\":\"https:\/\/schema.org\",\"@graph\":[{\"@type\":\"Article\",\"@id\":\"https:\/\/hoyre.no\/oslo\/aktuelt\/ol-trenger-norge\/#article\",\"isPartOf\":{\"@id\":\"https:\/\/hoyre.no\/oslo\/aktuelt\/ol-trenger-norge\/\"},\"author\":{\"name\":\"\",\"@id\":\"\"},\"headline\":\"OL trenger Norge\",\"datePublished\":\"2014-04-11T10:39:55+00:00\",\"dateModified\":\"2022-09-26T13:06:24+00:00\",\"mainEntityOfPage\":{\"@id\":\"https:\/\/hoyre.no\/oslo\/aktuelt\/ol-trenger-norge\/\"},\"wordCount\":657,\"publisher\":{\"@id\":\"https:\/\/hoyre.no\/oslo\/#organization\"},\"image\":{\"@id\":\"https:\/\/hoyre.no\/oslo\/aktuelt\/ol-trenger-norge\/#primaryimage\"},\"thumbnailUrl\":\"https:\/\/hoyre.no\/content\/uploads\/sites\/408\/2022\/09\/kristin-vm2011-scaled-1.jpg\",\"articleSection\":[\"Nyheter\"],\"inLanguage\":\"nb-NO\"},{\"@type\":\"NewsArticle\",\"@id\":\"https:\/\/hoyre.no\/oslo\/aktuelt\/ol-trenger-norge\/\",\"url\":\"https:\/\/hoyre.no\/oslo\/aktuelt\/ol-trenger-norge\/\",\"name\":\"OL trenger Norge - Oslo H\u00f8yre\",\"isPartOf\":{\"@id\":\"https:\/\/hoyre.no\/oslo\/#website\"},\"image\":{\"@id\":\"https:\/\/hoyre.no\/oslo\/aktuelt\/ol-trenger-norge\/#primaryimage\"},\"thumbnailUrl\":\"https:\/\/hoyre.no\/content\/uploads\/sites\/408\/2022\/09\/kristin-vm2011-scaled-1.jpg\",\"datePublished\":\"2014-04-11T10:39:55+00:00\",\"dateModified\":\"2022-09-26T13:06:24+00:00\",\"breadcrumb\":{\"@id\":\"https:\/\/hoyre.no\/oslo\/aktuelt\/ol-trenger-norge\/#breadcrumb\"},\"inLanguage\":\"nb-NO\",\"potentialAction\":[{\"@type\":\"ReadAction\",\"target\":[\"https:\/\/hoyre.no\/oslo\/aktuelt\/ol-trenger-norge\/\"]}]},{\"@type\":\"ImageObject\",\"inLanguage\":\"nb-NO\",\"@id\":\"https:\/\/hoyre.no\/oslo\/aktuelt\/ol-trenger-norge\/#primaryimage\",\"url\":\"https:\/\/hoyre.no\/content\/uploads\/sites\/408\/2022\/09\/kristin-vm2011-scaled-1.jpg\",\"contentUrl\":\"https:\/\/hoyre.no\/content\/uploads\/sites\/408\/2022\/09\/kristin-vm2011-scaled-1.jpg\"},{\"@type\":\"BreadcrumbList\",\"@id\":\"https:\/\/hoyre.no\/oslo\/aktuelt\/ol-trenger-norge\/#breadcrumb\",\"itemListElement\":[{\"@type\":\"ListItem\",\"position\":1,\"name\":\"Til hoyre.no\",\"item\":\"https:\/\/hoyre.no\"},{\"@type\":\"ListItem\",\"position\":2,\"name\":\"Hjem\",\"item\":\"https:\/\/hoyre.no\/oslo\/\"},{\"@type\":\"ListItem\",\"position\":3,\"name\":\"OL trenger Norge\"}]},{\"@type\":\"WebSite\",\"@id\":\"https:\/\/hoyre.no\/oslo\/#website\",\"url\":\"https:\/\/hoyre.no\/oslo\/\",\"name\":\"Oslo H\u00f8yre\",\"description\":\"\",\"publisher\":{\"@id\":\"https:\/\/hoyre.no\/oslo\/#organization\"},\"inLanguage\":\"nb-NO\"},{\"@type\":\"Organization\",\"@id\":\"https:\/\/hoyre.no\/oslo\/#organization\",\"name\":\"Oslo H\u00f8yre\",\"url\":\"https:\/\/hoyre.no\/oslo\/\",\"logo\":{\"@type\":\"ImageObject\",\"inLanguage\":\"nb-NO\",\"@id\":\"https:\/\/hoyre.no\/oslo\/#\/schema\/logo\/image\/\",\"url\":\"https:\/\/hoyre.no\/content\/uploads\/sites\/408\/2022\/11\/Hoyres-logo.png\",\"contentUrl\":\"https:\/\/hoyre.no\/content\/uploads\/sites\/408\/2022\/11\/Hoyres-logo.png\",\"width\":1000,\"height\":1000,\"caption\":\"Oslo H\u00f8yre\"},\"image\":{\"@id\":\"https:\/\/hoyre.no\/oslo\/#\/schema\/logo\/image\/\"},\"sameAs\":[\"https:\/\/www.facebook.com\/oslo.hoyre\"]}]}<\/script>\n<!-- \/ Yoast SEO Premium plugin. -->","yoast_head_json":{"title":"OL trenger Norge - Oslo H\u00f8yre","robots":{"index":"index","follow":"follow","max-snippet":"max-snippet:-1","max-image-preview":"max-image-preview:large","max-video-preview":"max-video-preview:-1"},"canonical":"https:\/\/hoyre.no\/oslo\/aktuelt\/ol-trenger-norge\/","og_locale":"nb_NO","og_type":"article","og_title":"OL trenger Norge","og_url":"https:\/\/hoyre.no\/oslo\/aktuelt\/ol-trenger-norge\/","og_site_name":"Oslo H\u00f8yre","article_publisher":"https:\/\/www.facebook.com\/oslo.hoyre","article_published_time":"2014-04-11T10:39:55+00:00","article_modified_time":"2022-09-26T13:06:24+00:00","og_image":[{"url":"https:\/\/hoyre.no\/content\/uploads\/sites\/408\/2022\/09\/kristin-vm2011-scaled-1.jpg","type":"","width":"","height":""}],"twitter_card":"summary_large_image","twitter_misc":{"Ansl. lesetid":"3 minutter"},"schema":{"@context":"https:\/\/schema.org","@graph":[{"@type":"Article","@id":"https:\/\/hoyre.no\/oslo\/aktuelt\/ol-trenger-norge\/#article","isPartOf":{"@id":"https:\/\/hoyre.no\/oslo\/aktuelt\/ol-trenger-norge\/"},"author":{"name":"","@id":""},"headline":"OL trenger Norge","datePublished":"2014-04-11T10:39:55+00:00","dateModified":"2022-09-26T13:06:24+00:00","mainEntityOfPage":{"@id":"https:\/\/hoyre.no\/oslo\/aktuelt\/ol-trenger-norge\/"},"wordCount":657,"publisher":{"@id":"https:\/\/hoyre.no\/oslo\/#organization"},"image":{"@id":"https:\/\/hoyre.no\/oslo\/aktuelt\/ol-trenger-norge\/#primaryimage"},"thumbnailUrl":"https:\/\/hoyre.no\/content\/uploads\/sites\/408\/2022\/09\/kristin-vm2011-scaled-1.jpg","articleSection":["Nyheter"],"inLanguage":"nb-NO"},{"@type":"NewsArticle","@id":"https:\/\/hoyre.no\/oslo\/aktuelt\/ol-trenger-norge\/","url":"https:\/\/hoyre.no\/oslo\/aktuelt\/ol-trenger-norge\/","name":"OL trenger Norge - Oslo H\u00f8yre","isPartOf":{"@id":"https:\/\/hoyre.no\/oslo\/#website"},"image":{"@id":"https:\/\/hoyre.no\/oslo\/aktuelt\/ol-trenger-norge\/#primaryimage"},"thumbnailUrl":"https:\/\/hoyre.no\/content\/uploads\/sites\/408\/2022\/09\/kristin-vm2011-scaled-1.jpg","datePublished":"2014-04-11T10:39:55+00:00","dateModified":"2022-09-26T13:06:24+00:00","breadcrumb":{"@id":"https:\/\/hoyre.no\/oslo\/aktuelt\/ol-trenger-norge\/#breadcrumb"},"inLanguage":"nb-NO","potentialAction":[{"@type":"ReadAction","target":["https:\/\/hoyre.no\/oslo\/aktuelt\/ol-trenger-norge\/"]}]},{"@type":"ImageObject","inLanguage":"nb-NO","@id":"https:\/\/hoyre.no\/oslo\/aktuelt\/ol-trenger-norge\/#primaryimage","url":"https:\/\/hoyre.no\/content\/uploads\/sites\/408\/2022\/09\/kristin-vm2011-scaled-1.jpg","contentUrl":"https:\/\/hoyre.no\/content\/uploads\/sites\/408\/2022\/09\/kristin-vm2011-scaled-1.jpg"},{"@type":"BreadcrumbList","@id":"https:\/\/hoyre.no\/oslo\/aktuelt\/ol-trenger-norge\/#breadcrumb","itemListElement":[{"@type":"ListItem","position":1,"name":"Til hoyre.no","item":"https:\/\/hoyre.no"},{"@type":"ListItem","position":2,"name":"Hjem","item":"https:\/\/hoyre.no\/oslo\/"},{"@type":"ListItem","position":3,"name":"OL trenger Norge"}]},{"@type":"WebSite","@id":"https:\/\/hoyre.no\/oslo\/#website","url":"https:\/\/hoyre.no\/oslo\/","name":"Oslo H\u00f8yre","description":"","publisher":{"@id":"https:\/\/hoyre.no\/oslo\/#organization"},"inLanguage":"nb-NO"},{"@type":"Organization","@id":"https:\/\/hoyre.no\/oslo\/#organization","name":"Oslo H\u00f8yre","url":"https:\/\/hoyre.no\/oslo\/","logo":{"@type":"ImageObject","inLanguage":"nb-NO","@id":"https:\/\/hoyre.no\/oslo\/#\/schema\/logo\/image\/","url":"https:\/\/hoyre.no\/content\/uploads\/sites\/408\/2022\/11\/Hoyres-logo.png","contentUrl":"https:\/\/hoyre.no\/content\/uploads\/sites\/408\/2022\/11\/Hoyres-logo.png","width":1000,"height":1000,"caption":"Oslo H\u00f8yre"},"image":{"@id":"https:\/\/hoyre.no\/oslo\/#\/schema\/logo\/image\/"},"sameAs":["https:\/\/www.facebook.com\/oslo.hoyre"]}]}},"distributor_meta":false,"distributor_terms":false,"distributor_media":false,"distributor_original_site_name":"Oslo H\u00f8yre","distributor_original_site_url":"https:\/\/hoyre.no\/oslo","push-errors":false,"_links":{"self":[{"href":"https:\/\/hoyre.no\/oslo\/wp-json\/wp\/v2\/posts\/1680","targetHints":{"allow":["GET"]}}],"collection":[{"href":"https:\/\/hoyre.no\/oslo\/wp-json\/wp\/v2\/posts"}],"about":[{"href":"https:\/\/hoyre.no\/oslo\/wp-json\/wp\/v2\/types\/post"}],"replies":[{"embeddable":true,"href":"https:\/\/hoyre.no\/oslo\/wp-json\/wp\/v2\/comments?post=1680"}],"version-history":[{"count":1,"href":"https:\/\/hoyre.no\/oslo\/wp-json\/wp\/v2\/posts\/1680\/revisions"}],"predecessor-version":[{"id":2876,"href":"https:\/\/hoyre.no\/oslo\/wp-json\/wp\/v2\/posts\/1680\/revisions\/2876"}],"wp:attachment":[{"href":"https:\/\/hoyre.no\/oslo\/wp-json\/wp\/v2\/media?parent=1680"}],"wp:term":[{"taxonomy":"category","embeddable":true,"href":"https:\/\/hoyre.no\/oslo\/wp-json\/wp\/v2\/category?post=1680"},{"taxonomy":"post_tag","embeddable":true,"href":"https:\/\/hoyre.no\/oslo\/wp-json\/wp\/v2\/post_tag?post=1680"},{"taxonomy":"hoyre-visibility","embeddable":true,"href":"https:\/\/hoyre.no\/oslo\/wp-json\/wp\/v2\/hoyre-visibility?post=1680"},{"taxonomy":"article-type","embeddable":true,"href":"https:\/\/hoyre.no\/oslo\/wp-json\/wp\/v2\/article-type?post=1680"},{"taxonomy":"politician","embeddable":true,"href":"https:\/\/hoyre.no\/oslo\/wp-json\/wp\/v2\/politician?post=1680"}],"curies":[{"name":"wp","href":"https:\/\/api.w.org\/{rel}","templated":true}]}}