{"id":1684,"date":"2014-04-04T04:04:30","date_gmt":"2014-04-04T04:04:30","guid":{"rendered":"https:\/\/hoyre.no\/oslo\/aktuelt\/valgkampen-er-gang\/"},"modified":"2022-09-26T15:06:26","modified_gmt":"2022-09-26T13:06:26","slug":"valgkampen-er-gang","status":"publish","type":"post","link":"https:\/\/hoyre.no\/oslo\/aktuelt\/valgkampen-er-gang\/","title":{"rendered":"Valgkampen er i gang!"},"content":{"rendered":"<figure class=\"hoyre-image-wrapper\"><div class=\"hoyre-image\"><img loading=\"lazy\" decoding=\"async\" width=\"1024\" height=\"680\" src=\"https:\/\/hoyre.no\/content\/uploads\/sites\/408\/2022\/09\/DSC_0123-e1396611381729.jpg\" class=\"attachment-scaled size-scaled\" alt=\"Eirik Lae Solberg\" style=\"object-position: 50% 50%\" srcset=\"https:\/\/hoyre.no\/content\/uploads\/sites\/408\/2022\/09\/DSC_0123-e1396611381729.jpg 1024w, https:\/\/hoyre.no\/content\/uploads\/sites\/408\/2022\/09\/DSC_0123-e1396611381729-300x199.jpg 300w, https:\/\/hoyre.no\/content\/uploads\/sites\/408\/2022\/09\/DSC_0123-e1396611381729-768x510.jpg 768w\" sizes=\"auto, (max-width: 1024px) 100vw, 1024px\" \/><\/div><\/figure><div id=\"hoyre-old-article-content-wrapper\"><p><strong><em>Erna Solberg \u00f8nsket 350 kampanjearbeidere fra hele Norge velkommen til kampanjesamlingen 28-29- mars i Oslo<\/em><\/strong>. <em>Foto: Jens Christian Blix<\/em><\/p><h1>Valgkampen har offisielt startet<\/h1><p><strong>Om du tror det er lenge til neste valg, tar du feil! Siste helgen i mars m\u00f8ttes kampanjeledere fra hele Norge for \u00e5 f\u00e5 inspirasjon i arbeidet frem mot kommunevalget i 2015. N\u00e5 dreier det seg om \u00e5 m\u00f8te velgerne, invitere til innspill og \u00e5 skape ny politikk. Noe som m\u00e5 til om H\u00f8yre skal fortsette fremgangen, vinne lokalvalget i 2015 og f\u00e5 fornyet tillitt i regjering i 2017.<\/strong><\/p><p>Tekst: Lene Haug Foto: Jens Christian Blix<\/p><p>Helgen var spekket med faglig innhold og gode foredragsholdere. Det handlet om den lange valgkampen, som vi har gode erfaringer med. Mye skal skje i de lokale H\u00f8yreforeningene landet rundt. Programarbeidet er mange steder i full gang og snart starter nominasjonsprosessene.<\/p><p>Med H\u00f8yre i regjering og Erna Solberg som statsminister blir H\u00f8yre fulgt med argus\u00f8yne og valgkampen kommer til \u00e5 bli annerledes enn i 2013.<\/p><h2>Gjennomf\u00f8ringskraft<\/h2>\n[framed_box align=&raquo;right&raquo;]\n<h3><strong>Regjeringens satsingsomr\u00e5der:<\/strong><\/h3><ul><li>Konkurransekraft for norske arbeidsplasser<\/li><li>En enklere hverdag for folk flest<\/li><li>Kunnskap gir muligheter for alle<\/li><li>Regjerningen vil bygge landet<\/li><li>Trygghet i hverdagen og styrket beredskap<\/li><li>Et velferdsl\u00f8ft for eldre og syke<\/li><li>Et sterkere sosialt sikkerhetsnett<\/li><li>Levende lokaldemokrati<\/li><\/ul><p>Her kan du lese regjeringsplattformen [\/framed_box]\n<p>Erna Solberg snakket om hvor viktig det er at \u00a0regjerningen leverer det den har lovet i Sundvollenplattformen og at resultatene kommunisereres til velgerne.<\/p><p>Pressen vil ofte v\u00e6re mer opptatt av \u00e5 skrive negative ting om regjeringen og fungerer ikke som regjeringens taler\u00f8r.<\/p><p>Det er \u00a0stor grad opp til H\u00f8yres medlemmer, folke- og tillitsvalgte \u00e5 fortelle velgerne om regjerningens gode resultater.<\/p><blockquote><p>&#8211; Journalistene st\u00e5r ikke i k\u00f8 for \u00e5 skrive at regjeringen leverer p\u00e5 sine l\u00f8fter, sa Erna Solberg.<\/p><\/blockquote><h2>H\u00f8yre i posisjon<\/h2><p>H\u00f8yre er etter valgseieren 2015 og og gode lokalvalg i 2011 i en unik posisjon. H\u00f8yre har statsninisteren og leder den borgerlig regjeringen. Vi fikk 26.8 prosent av stemmene og 48 representanter p\u00e5 Stortinget.\u00a0H\u00f8yre fikk direkte mandater i alle landets fylker. \u00a0H\u00f8yre er ogs\u00e5 ordf\u00f8rerpartiet med 125 ordf\u00f8rere, 8 fylkesordf\u00f8rere og 3 byr\u00e5dsledere. En slik posisjon gir b\u00e5de muligheter og utfordringer. Det m\u00e5 leveres resultater og samtidig m\u00e5 partiet fortsette \u00e5 utvikle ny politikk og ikke g\u00e5 i den fellen det er \u00e5 bli et parti av systemforsvarere.<\/p><blockquote><p>Vi vinner ikke valg p\u00e5 \u00e5 levere det vi har lovet, men vi kan tape dersom vi ikke leverer, sa Erna Solberg<\/p><\/blockquote><p>Statsminister Erna Solberg \u00f8nsker at H\u00f8yre skal v\u00e6re et parti med stor takh\u00f8yde med rom for b\u00e5de innspill og utspill fra H\u00f8yrefolk i alle deler av partiet. Hun \u00f8nsker seg en livlig intern debatt og forslag til ny politikk. H\u00f8yre skal fortsette \u00e5 v\u00e6re partiet med nye id\u00e9er og bedre l\u00f8sninger. Tilbakemeldinger p\u00e5 hvordan politkken virker i praksis er ogs\u00e5 viktig.<\/p><blockquote><p>Vi skal snakke om virkelige l\u00f8sninger, p\u00e5 virkelige problemer for virkelige mennesker<\/p><\/blockquote><h2>Norges viktigste politiske verksted<\/h2><p>&nbsp;<\/p><p>Det var et tettpakket program p\u00e5 kampanjesamlingen p\u00e5 SAS-hotellet p\u00e5 Holdbergsplass. Ute skinte solen, men ingen av deltagerne \u00a0lot seg avspore av v\u00e5rv\u00e6ret. Et slikt engasjement lover godt. Mange av innlederne hadde fokus p\u00e5 hvor viktig det er at flest mulig deltar n\u00e5r det skal utvikles ny politikk.<\/p><p>Kampanjelederne ble oppfordret til \u00e5 invitere alle lag av befolkningen til \u00e5 bidra med innspill i det lokale programarbeidet.<\/p><p>H\u00f8yre har de siste \u00e5tte \u00e5rene arbeidet systematisk med politikkutvikling. I 2013 var det H\u00f8yres som hadde den nye politikken og det var H\u00f8yres politikk som ble diskutert, noe som bidro sterkt til valgseieren.<\/p><p>H\u00f8yre har satt ned en styringsgruppe, ledet av Oslo H\u00f8yres leder Nikolai Astrup,\u00a0som har ansvaret for at H\u00f8yre fortsetter \u00e5 fornye politikken.<\/p><a href=\"mailto:innspill@hoyre.no\" target=\"_self\" rel=\"noopener\"><\/a><p>&nbsp;<\/p><h2>V\u00e5rkampanjen 2014<\/h2><p>V\u00e5rkampanjen dreier seg om \u00e5 m\u00f8te velgerne p\u00e5 deres hjemmebane. Derfor er H\u00f8yre allerede i gang med valgkampen. Det er n\u00e5 programmene skal utformes og det er n\u00e5 vi kan invitere velgerne med.<\/p><h2>Fortsatt hjertesaker<\/h2><p>H\u00f8yre holder fast p\u00e5 sitt verdibudskap om &laquo;Muligheter for alle&raquo; og &laquo;Mennesker ikke milliarder&raquo;.<\/p><p>Derfor skal vi denne v\u00e5ren sp\u00f8rre ildsjelene i idrettslaget og den lokale velforeningen om hva de brenner for. Vi skal sp\u00f8rre folk i det lokale n\u00e6ringslivet, p\u00e5 eldresentrene og i barnehagene om hva som er deres hjertesaker. Vi skal g\u00e5 p\u00e5 husbes\u00f8k og st\u00e5 p\u00e5 stand og sp\u00f8rre om det samme.<\/p><p>Gjennom hele helgen ble faktisk Trygve Brattli sitert fra talerstolen:<\/p><blockquote><p>Vi forstod den tid vi levde i og ga svar menneskene de trodde p\u00e5, sa Trygve Brattli da han ble spurt om hvorfor Arbeiderpartiet dominerte norsk politikk i etterkrigstiden.<\/p><\/blockquote><p>Enklere kan det ikke sies og det er dette det dreier seg om.<\/p><h2>H\u00f8yre skal v\u00e6re best p\u00e5 kampanje og valgkamp<\/h2><p>Ingen ting kan erstatte direkte velgerkontakt. Dette er holdningen i H\u00f8yre, og den har ikke endret seg selv om vi n\u00e5 har oppn\u00e5dd regjeringsmakt. Velgerkontakten er snarere viktigere enn noen gang. Denne stratgien krever mange engasjerte medlemmer og en sterk kampanjeorganisasjon.<\/p><p>Deltagelse i sosiale medier var ogs\u00e5 et viktig tema under samlingen. Det er en viktig arena b\u00e5de for kampanje og ikke minst dialog.<\/p><h2>H\u00f8yre skal nominere 9000 kandidater<\/h2><p>Medlemmstallet i H\u00f8yre har \u00f8kt sterkt de siste \u00e5rene, fra 25.000 medlemmer i 2009 til nesten 36.000 i slutten av 2013. Dette er en historisk stor \u00f8kning. M\u00e5let er at H\u00f8yre skal ha 40.000 medlemmer i 2017. H\u00f8yres arbeid for \u00e5 verve, beholde og aktivisere medlemmer er m\u00e5lrettet og fokusert. Nominasjonsprosessene der 9000 kandidater skal nomineres er ypperlig en anledning til \u00e5 verve nye medlemmer.<\/p><a href=\"http:\/\/www.hoyre.no\/Politisk+verksted.d25-T2RfY0p.ips\" target=\"_self\" rel=\"noopener\"><\/a><h2>Stor stemning<\/h2><p>&nbsp;<\/p><p>Kampanjesamlingen skulle motivere til innsats og var en sosial begivenhet der H\u00f8yrefolk fra hele landet ble bedre kjent med hverandre. Under festmiddagen skapte Nordic Tenors liv og latter med sitt fantastiske show. Nye kontakter ble knyttet og synspunkter utvekslet mellom Ask\u00f8y, Sogndalen, Kristiansand og Frogner.<\/p><h2>Frogner H\u00f8yre er i gang<\/h2><p>Frogner H\u00f8yre hadde f\u00f8rste m\u00f8te i kampanjeutvalget allerede 12. februar og 19. mars inviterte vi kampanjearbeidere i de \u00f8vrige sentrumsforeningene p\u00e5 et samarbeidsm\u00f8te.<\/p><p>Frogner H\u00f8yres kampanjeutvalg best\u00e5r av hele 15 aktive medlemmer. Vi har som motto \u00e5 starte f\u00f8rst og holde ut lengst. (Her demonstrert ved kampanjearbeider Jens Christian Blix til h\u00f8yre som var den siste som forlot dansegulvet under kampanjesamlingen.)<\/p><p>Vi har mye aktivitet og setter oss ambisi\u00f8se m\u00e5l, noe vi opplever som b\u00e5de inspirerende og morsomt.\u00a0I mars hadde vi \u00a0for eksempel en stor vinteraksjon over tre dager der vi delte ut 250 liter &laquo;Solberg-Toddy&raquo;.<\/p><p><strong>Vi har planlagt en stor v\u00e5rkampanje som starter 26.april med V\u00e5raksjonen: Rene strender<br \/><\/strong>Aksjonen skal gjennomf\u00f8res i samarbeid med de \u00f8vrige sentrumsforeningene, Nordstrand og Ullern H\u00f8yre. Det blir hele ti stander og en v\u00e5rregj\u00f8ringsoffensiv langs hele Oslo havnepromonade for \u00e5 gj\u00f8re Fjordbyen v\u00e5rfin.<\/p><p><strong>Utover v\u00e5ren og frem mot sommeren blir det:<\/strong><br \/>\nStandaksjon p\u00e5 Karl Johan gate 9. mai<br \/>\nDeltagelse p\u00e5 Holmenkollstafetten 10. mai<br \/>\nEnkel stand ved Bislett 10.mai<br \/>\nStor stand under Markedsdagen i Bogstadveien 24. mai og mye mer!<br \/><strong>Se hele Frogner H\u00f8yres aktivitetsplan<\/strong><\/p><p><strong>Har DU lyst til \u00e5 bidra aktivt?<\/strong><\/p><a href=\"http:\/\/www.frognerhoyre.no\/kampanjeutvalget\/\" target=\"_self\" rel=\"noopener\"><\/a>\n\n<\/div>\n<div class=\"tags\">\n\t<\/div>\n<div class=\"post-footer alignfull has-background block-editor-block-list__block\" data-align=full>\n\t<div class=\"post-footer-inner\">\n\t\t<h3>Relaterte artikler<\/h3>\n\t\t<div class=\"related-content\"><div class=\"is-card-hoyre\">\n\t<div class=\"teft-card hoyre-teft-card post-teft-card\">\n\t\t<a href=\"https:\/\/hoyre.no\/oslo\/aktuelt\/mdg-moralismen-fornekter-seg-ikke\/\" class=\"teft-card__primary-action\">\n\n\t\t\t\t\t<div class=\"teft-card__media teft-card__media--16-9\">\n\t\t\t\t\t\t<img loading=\"lazy\" decoding=\"async\" width=\"768\" height=\"512\" src=\"https:\/\/hoyre.no\/content\/uploads\/sites\/408\/2024\/01\/QZQlxtOC-768x512.jpeg\" class=\"attachment-medium_large size-medium_large\" alt=\"Merete Agerbak-Jensen\" srcset=\"https:\/\/hoyre.no\/content\/uploads\/sites\/408\/2024\/01\/QZQlxtOC-768x512.jpeg 768w, https:\/\/hoyre.no\/content\/uploads\/sites\/408\/2024\/01\/QZQlxtOC-300x200.jpeg 300w, https:\/\/hoyre.no\/content\/uploads\/sites\/408\/2024\/01\/QZQlxtOC-1024x683.jpeg 1024w, https:\/\/hoyre.no\/content\/uploads\/sites\/408\/2024\/01\/QZQlxtOC-1536x1024.jpeg 1536w, https:\/\/hoyre.no\/content\/uploads\/sites\/408\/2024\/01\/QZQlxtOC-2048x1365.jpeg 2048w\" sizes=\"auto, (max-width: 768px) 100vw, 768px\" \/>\t\t<\/div>\n\t\t\n\t\t\t<div class=\"teft-card__content-wrapper\">\n\t\t\t\t<div class=\"teft-card__secondary\">\n\t\t\t\t\t\n\t\t\t\t\t\t\t\t<div class=\"teft-card__meta\">\n\t\t\t\t\t\t\t\t\t<span class=\"post-date\">23. apr 2026<\/span>\n\n\t\t\t\t\t\t\t\t\t\t\t\t\t\t\t\t\t<\/div>\n\t\t\t\t\t\t\t\t\t\t\t<\/div>\n\n\t\t\t\t<div class=\"teft-card__primary\">\n\t\t\t\t\t<h2 class=\"teft-card__title\">MDG-moralismen fornekter seg ikke&nbsp;<span class=\"teft-card__primary-title-append\"><\/span><\/h2>\t\t\t\t<\/div>\n\t\t\t<\/div>\n\t\t<\/a>\n\t<\/div>\n\n\t<\/div><div class=\"is-card-hoyre\">\n\t<div class=\"teft-card hoyre-teft-card post-teft-card\">\n\t\t<a href=\"https:\/\/hoyre.no\/oslo\/aktuelt\/raskere-og-enklere-a-bygge-boliger-og-skape-arbeidsplasser-i-oslo\/\" class=\"teft-card__primary-action\">\n\n\t\t\t\t\t<div class=\"teft-card__media teft-card__media--16-9\">\n\t\t\t\t\t\t<img loading=\"lazy\" decoding=\"async\" width=\"768\" height=\"576\" src=\"https:\/\/hoyre.no\/content\/uploads\/sites\/408\/2026\/04\/Eirik-Lae-Solberg-og-Anita-Leirvik-North-768x576.jpg\" class=\"attachment-medium_large size-medium_large\" alt=\"\" srcset=\"https:\/\/hoyre.no\/content\/uploads\/sites\/408\/2026\/04\/Eirik-Lae-Solberg-og-Anita-Leirvik-North-768x576.jpg 768w, https:\/\/hoyre.no\/content\/uploads\/sites\/408\/2026\/04\/Eirik-Lae-Solberg-og-Anita-Leirvik-North-300x225.jpg 300w, https:\/\/hoyre.no\/content\/uploads\/sites\/408\/2026\/04\/Eirik-Lae-Solberg-og-Anita-Leirvik-North.jpg 901w\" sizes=\"auto, (max-width: 768px) 100vw, 768px\" \/>\t\t<\/div>\n\t\t\n\t\t\t<div class=\"teft-card__content-wrapper\">\n\t\t\t\t<div class=\"teft-card__secondary\">\n\t\t\t\t\t\n\t\t\t\t\t\t\t\t<div class=\"teft-card__meta\">\n\t\t\t\t\t\t\t\t\t<span class=\"post-date\">14. apr 2026<\/span>\n\n\t\t\t\t\t\t\t\t\t<span class=\"post-category\">Har lagt frem ny KPA:<\/span>\t\t\t\t\t\t\t\t<\/div>\n\t\t\t\t\t\t\t\t\t\t\t<\/div>\n\n\t\t\t\t<div class=\"teft-card__primary\">\n\t\t\t\t\t<h2 class=\"teft-card__title\">Raskere og enklere \u00e5 bygge boliger og skape arbeidsplasser i Oslo&nbsp;<span class=\"teft-card__primary-title-append\"><\/span><\/h2>\t\t\t\t<\/div>\n\t\t\t<\/div>\n\t\t<\/a>\n\t<\/div>\n\n\t<\/div><div class=\"is-card-hoyre\">\n\t<div class=\"teft-card hoyre-teft-card post-teft-card\">\n\t\t<a href=\"https:\/\/hoyre.no\/oslo\/aktuelt\/bedre-elevresultater-og-en-skoleokonomi-i-balanse-med-blagront-byrad\/\" class=\"teft-card__primary-action\">\n\n\t\t\t\t\t<div class=\"teft-card__media teft-card__media--16-9\">\n\t\t\t\t\t\t<img loading=\"lazy\" decoding=\"async\" width=\"768\" height=\"512\" src=\"https:\/\/hoyre.no\/content\/uploads\/sites\/408\/2025\/05\/IMG_6440-768x512.jpeg\" class=\"attachment-medium_large size-medium_large\" alt=\"Julie Remen Midtgarden\" srcset=\"https:\/\/hoyre.no\/content\/uploads\/sites\/408\/2025\/05\/IMG_6440-768x512.jpeg 768w, https:\/\/hoyre.no\/content\/uploads\/sites\/408\/2025\/05\/IMG_6440-300x200.jpeg 300w, https:\/\/hoyre.no\/content\/uploads\/sites\/408\/2025\/05\/IMG_6440-1024x683.jpeg 1024w, https:\/\/hoyre.no\/content\/uploads\/sites\/408\/2025\/05\/IMG_6440-1536x1024.jpeg 1536w, https:\/\/hoyre.no\/content\/uploads\/sites\/408\/2025\/05\/IMG_6440-2048x1365.jpeg 2048w\" sizes=\"auto, (max-width: 768px) 100vw, 768px\" \/>\t\t<\/div>\n\t\t\n\t\t\t<div class=\"teft-card__content-wrapper\">\n\t\t\t\t<div class=\"teft-card__secondary\">\n\t\t\t\t\t\n\t\t\t\t\t\t\t\t<div class=\"teft-card__meta\">\n\t\t\t\t\t\t\t\t\t<span class=\"post-date\">26. mar 2026<\/span>\n\n\t\t\t\t\t\t\t\t\t\t\t\t\t\t\t\t\t<\/div>\n\t\t\t\t\t\t\t\t\t\t\t<\/div>\n\n\t\t\t\t<div class=\"teft-card__primary\">\n\t\t\t\t\t<h2 class=\"teft-card__title\">Bedre elevresultater og en skole\u00f8konomi i balanse med bl\u00e5gr\u00f8nt byr\u00e5d&nbsp;<span class=\"teft-card__primary-title-append\"><\/span><\/h2>\t\t\t\t<\/div>\n\t\t\t<\/div>\n\t\t<\/a>\n\t<\/div>\n\n\t<\/div><\/div>\t<\/div>\n<\/div>\n","protected":false},"excerpt":{"rendered":"","protected":false},"author":0,"featured_media":0,"comment_status":"closed","ping_status":"open","sticky":false,"template":"","format":"standard","meta":{"teft_cards_image_url":"","teft_cards_custom_pretitle":"","teft_cards_image_id":0,"teft_cards_image_focal_point_x":0,"teft_cards_image_focal_point_y":0,"teft_cards_title":"","teft_cards_excerpt":"","teft_show_chapters":false,"author_display_name":"Oslo H\u00f8yre","footnotes":""},"category":[1],"post_tag":[],"hoyre-visibility":[],"article-type":[],"politician":[],"class_list":["post-1684","post","type-post","status-publish","format-standard","hentry","category-nyheter"],"yoast_head":"<!-- This site is optimized with the Yoast SEO Premium plugin v26.5 (Yoast SEO v26.6) - https:\/\/yoast.com\/wordpress\/plugins\/seo\/ -->\n<title>Valgkampen er i gang! - Oslo H\u00f8yre<\/title>\n<meta name=\"robots\" content=\"index, follow, max-snippet:-1, max-image-preview:large, max-video-preview:-1\" \/>\n<link rel=\"canonical\" href=\"https:\/\/hoyre.no\/oslo\/aktuelt\/valgkampen-er-gang\/\" \/>\n<meta property=\"og:locale\" content=\"nb_NO\" \/>\n<meta property=\"og:type\" content=\"article\" \/>\n<meta property=\"og:title\" content=\"Valgkampen er i gang!\" \/>\n<meta property=\"og:url\" content=\"https:\/\/hoyre.no\/oslo\/aktuelt\/valgkampen-er-gang\/\" \/>\n<meta property=\"og:site_name\" content=\"Oslo H\u00f8yre\" \/>\n<meta property=\"article:publisher\" content=\"https:\/\/www.facebook.com\/oslo.hoyre\" \/>\n<meta property=\"article:published_time\" content=\"2014-04-04T04:04:30+00:00\" \/>\n<meta property=\"article:modified_time\" content=\"2022-09-26T13:06:26+00:00\" \/>\n<meta property=\"og:image\" content=\"https:\/\/hoyre.no\/content\/uploads\/sites\/408\/2022\/11\/Hoyres-logo.png\" \/>\n\t<meta property=\"og:image:width\" content=\"1000\" \/>\n\t<meta property=\"og:image:height\" content=\"1000\" \/>\n\t<meta property=\"og:image:type\" content=\"image\/png\" \/>\n<meta name=\"twitter:card\" content=\"summary_large_image\" \/>\n<meta name=\"twitter:label1\" content=\"Ansl. lesetid\" \/>\n\t<meta name=\"twitter:data1\" content=\"6 minutter\" \/>\n<script type=\"application\/ld+json\" class=\"yoast-schema-graph\">{\"@context\":\"https:\/\/schema.org\",\"@graph\":[{\"@type\":\"Article\",\"@id\":\"https:\/\/hoyre.no\/oslo\/aktuelt\/valgkampen-er-gang\/#article\",\"isPartOf\":{\"@id\":\"https:\/\/hoyre.no\/oslo\/aktuelt\/valgkampen-er-gang\/\"},\"author\":{\"name\":\"\",\"@id\":\"\"},\"headline\":\"Valgkampen er i gang!\",\"datePublished\":\"2014-04-04T04:04:30+00:00\",\"dateModified\":\"2022-09-26T13:06:26+00:00\",\"mainEntityOfPage\":{\"@id\":\"https:\/\/hoyre.no\/oslo\/aktuelt\/valgkampen-er-gang\/\"},\"wordCount\":1215,\"publisher\":{\"@id\":\"https:\/\/hoyre.no\/oslo\/#organization\"},\"articleSection\":[\"Nyheter\"],\"inLanguage\":\"nb-NO\"},{\"@type\":\"NewsArticle\",\"@id\":\"https:\/\/hoyre.no\/oslo\/aktuelt\/valgkampen-er-gang\/\",\"url\":\"https:\/\/hoyre.no\/oslo\/aktuelt\/valgkampen-er-gang\/\",\"name\":\"Valgkampen er i gang! - Oslo H\u00f8yre\",\"isPartOf\":{\"@id\":\"https:\/\/hoyre.no\/oslo\/#website\"},\"datePublished\":\"2014-04-04T04:04:30+00:00\",\"dateModified\":\"2022-09-26T13:06:26+00:00\",\"breadcrumb\":{\"@id\":\"https:\/\/hoyre.no\/oslo\/aktuelt\/valgkampen-er-gang\/#breadcrumb\"},\"inLanguage\":\"nb-NO\",\"potentialAction\":[{\"@type\":\"ReadAction\",\"target\":[\"https:\/\/hoyre.no\/oslo\/aktuelt\/valgkampen-er-gang\/\"]}]},{\"@type\":\"BreadcrumbList\",\"@id\":\"https:\/\/hoyre.no\/oslo\/aktuelt\/valgkampen-er-gang\/#breadcrumb\",\"itemListElement\":[{\"@type\":\"ListItem\",\"position\":1,\"name\":\"Til hoyre.no\",\"item\":\"https:\/\/hoyre.no\"},{\"@type\":\"ListItem\",\"position\":2,\"name\":\"Hjem\",\"item\":\"https:\/\/hoyre.no\/oslo\/\"},{\"@type\":\"ListItem\",\"position\":3,\"name\":\"Valgkampen er i gang!\"}]},{\"@type\":\"WebSite\",\"@id\":\"https:\/\/hoyre.no\/oslo\/#website\",\"url\":\"https:\/\/hoyre.no\/oslo\/\",\"name\":\"Oslo H\u00f8yre\",\"description\":\"\",\"publisher\":{\"@id\":\"https:\/\/hoyre.no\/oslo\/#organization\"},\"inLanguage\":\"nb-NO\"},{\"@type\":\"Organization\",\"@id\":\"https:\/\/hoyre.no\/oslo\/#organization\",\"name\":\"Oslo H\u00f8yre\",\"url\":\"https:\/\/hoyre.no\/oslo\/\",\"logo\":{\"@type\":\"ImageObject\",\"inLanguage\":\"nb-NO\",\"@id\":\"https:\/\/hoyre.no\/oslo\/#\/schema\/logo\/image\/\",\"url\":\"https:\/\/hoyre.no\/content\/uploads\/sites\/408\/2022\/11\/Hoyres-logo.png\",\"contentUrl\":\"https:\/\/hoyre.no\/content\/uploads\/sites\/408\/2022\/11\/Hoyres-logo.png\",\"width\":1000,\"height\":1000,\"caption\":\"Oslo H\u00f8yre\"},\"image\":{\"@id\":\"https:\/\/hoyre.no\/oslo\/#\/schema\/logo\/image\/\"},\"sameAs\":[\"https:\/\/www.facebook.com\/oslo.hoyre\"]}]}<\/script>\n<!-- \/ Yoast SEO Premium plugin. -->","yoast_head_json":{"title":"Valgkampen er i gang! - Oslo H\u00f8yre","robots":{"index":"index","follow":"follow","max-snippet":"max-snippet:-1","max-image-preview":"max-image-preview:large","max-video-preview":"max-video-preview:-1"},"canonical":"https:\/\/hoyre.no\/oslo\/aktuelt\/valgkampen-er-gang\/","og_locale":"nb_NO","og_type":"article","og_title":"Valgkampen er i gang!","og_url":"https:\/\/hoyre.no\/oslo\/aktuelt\/valgkampen-er-gang\/","og_site_name":"Oslo H\u00f8yre","article_publisher":"https:\/\/www.facebook.com\/oslo.hoyre","article_published_time":"2014-04-04T04:04:30+00:00","article_modified_time":"2022-09-26T13:06:26+00:00","og_image":[{"width":1000,"height":1000,"url":"https:\/\/hoyre.no\/content\/uploads\/sites\/408\/2022\/11\/Hoyres-logo.png","type":"image\/png"}],"twitter_card":"summary_large_image","twitter_misc":{"Ansl. lesetid":"6 minutter"},"schema":{"@context":"https:\/\/schema.org","@graph":[{"@type":"Article","@id":"https:\/\/hoyre.no\/oslo\/aktuelt\/valgkampen-er-gang\/#article","isPartOf":{"@id":"https:\/\/hoyre.no\/oslo\/aktuelt\/valgkampen-er-gang\/"},"author":{"name":"","@id":""},"headline":"Valgkampen er i gang!","datePublished":"2014-04-04T04:04:30+00:00","dateModified":"2022-09-26T13:06:26+00:00","mainEntityOfPage":{"@id":"https:\/\/hoyre.no\/oslo\/aktuelt\/valgkampen-er-gang\/"},"wordCount":1215,"publisher":{"@id":"https:\/\/hoyre.no\/oslo\/#organization"},"articleSection":["Nyheter"],"inLanguage":"nb-NO"},{"@type":"NewsArticle","@id":"https:\/\/hoyre.no\/oslo\/aktuelt\/valgkampen-er-gang\/","url":"https:\/\/hoyre.no\/oslo\/aktuelt\/valgkampen-er-gang\/","name":"Valgkampen er i gang! - Oslo H\u00f8yre","isPartOf":{"@id":"https:\/\/hoyre.no\/oslo\/#website"},"datePublished":"2014-04-04T04:04:30+00:00","dateModified":"2022-09-26T13:06:26+00:00","breadcrumb":{"@id":"https:\/\/hoyre.no\/oslo\/aktuelt\/valgkampen-er-gang\/#breadcrumb"},"inLanguage":"nb-NO","potentialAction":[{"@type":"ReadAction","target":["https:\/\/hoyre.no\/oslo\/aktuelt\/valgkampen-er-gang\/"]}]},{"@type":"BreadcrumbList","@id":"https:\/\/hoyre.no\/oslo\/aktuelt\/valgkampen-er-gang\/#breadcrumb","itemListElement":[{"@type":"ListItem","position":1,"name":"Til hoyre.no","item":"https:\/\/hoyre.no"},{"@type":"ListItem","position":2,"name":"Hjem","item":"https:\/\/hoyre.no\/oslo\/"},{"@type":"ListItem","position":3,"name":"Valgkampen er i gang!"}]},{"@type":"WebSite","@id":"https:\/\/hoyre.no\/oslo\/#website","url":"https:\/\/hoyre.no\/oslo\/","name":"Oslo H\u00f8yre","description":"","publisher":{"@id":"https:\/\/hoyre.no\/oslo\/#organization"},"inLanguage":"nb-NO"},{"@type":"Organization","@id":"https:\/\/hoyre.no\/oslo\/#organization","name":"Oslo H\u00f8yre","url":"https:\/\/hoyre.no\/oslo\/","logo":{"@type":"ImageObject","inLanguage":"nb-NO","@id":"https:\/\/hoyre.no\/oslo\/#\/schema\/logo\/image\/","url":"https:\/\/hoyre.no\/content\/uploads\/sites\/408\/2022\/11\/Hoyres-logo.png","contentUrl":"https:\/\/hoyre.no\/content\/uploads\/sites\/408\/2022\/11\/Hoyres-logo.png","width":1000,"height":1000,"caption":"Oslo H\u00f8yre"},"image":{"@id":"https:\/\/hoyre.no\/oslo\/#\/schema\/logo\/image\/"},"sameAs":["https:\/\/www.facebook.com\/oslo.hoyre"]}]}},"distributor_meta":false,"distributor_terms":false,"distributor_media":false,"distributor_original_site_name":"Oslo H\u00f8yre","distributor_original_site_url":"https:\/\/hoyre.no\/oslo","push-errors":false,"_links":{"self":[{"href":"https:\/\/hoyre.no\/oslo\/wp-json\/wp\/v2\/posts\/1684","targetHints":{"allow":["GET"]}}],"collection":[{"href":"https:\/\/hoyre.no\/oslo\/wp-json\/wp\/v2\/posts"}],"about":[{"href":"https:\/\/hoyre.no\/oslo\/wp-json\/wp\/v2\/types\/post"}],"replies":[{"embeddable":true,"href":"https:\/\/hoyre.no\/oslo\/wp-json\/wp\/v2\/comments?post=1684"}],"version-history":[{"count":1,"href":"https:\/\/hoyre.no\/oslo\/wp-json\/wp\/v2\/posts\/1684\/revisions"}],"predecessor-version":[{"id":2882,"href":"https:\/\/hoyre.no\/oslo\/wp-json\/wp\/v2\/posts\/1684\/revisions\/2882"}],"wp:attachment":[{"href":"https:\/\/hoyre.no\/oslo\/wp-json\/wp\/v2\/media?parent=1684"}],"wp:term":[{"taxonomy":"category","embeddable":true,"href":"https:\/\/hoyre.no\/oslo\/wp-json\/wp\/v2\/category?post=1684"},{"taxonomy":"post_tag","embeddable":true,"href":"https:\/\/hoyre.no\/oslo\/wp-json\/wp\/v2\/post_tag?post=1684"},{"taxonomy":"hoyre-visibility","embeddable":true,"href":"https:\/\/hoyre.no\/oslo\/wp-json\/wp\/v2\/hoyre-visibility?post=1684"},{"taxonomy":"article-type","embeddable":true,"href":"https:\/\/hoyre.no\/oslo\/wp-json\/wp\/v2\/article-type?post=1684"},{"taxonomy":"politician","embeddable":true,"href":"https:\/\/hoyre.no\/oslo\/wp-json\/wp\/v2\/politician?post=1684"}],"curies":[{"name":"wp","href":"https:\/\/api.w.org\/{rel}","templated":true}]}}