{"id":1689,"date":"2014-03-28T09:44:07","date_gmt":"2014-03-28T09:44:07","guid":{"rendered":"https:\/\/hoyre.no\/oslo\/aktuelt\/glemt-at-de-har-skoleplikt\/"},"modified":"2022-09-26T15:06:26","modified_gmt":"2022-09-26T13:06:26","slug":"glemt-at-de-har-skoleplikt","status":"publish","type":"post","link":"https:\/\/hoyre.no\/oslo\/aktuelt\/glemt-at-de-har-skoleplikt\/","title":{"rendered":"Glemt at de har skoleplikt?"},"content":{"rendered":"<figure class=\"hoyre-image-wrapper\"><div class=\"hoyre-image\"><img loading=\"lazy\" decoding=\"async\" width=\"1024\" height=\"522\" src=\"https:\/\/hoyre.no\/content\/uploads\/sites\/408\/2022\/09\/COLOURBOX7363378-e1396000922213.jpg\" class=\"attachment-scaled size-scaled\" alt=\"Studenter\" style=\"object-position: 50% 50%\" srcset=\"https:\/\/hoyre.no\/content\/uploads\/sites\/408\/2022\/09\/COLOURBOX7363378-e1396000922213.jpg 1024w, https:\/\/hoyre.no\/content\/uploads\/sites\/408\/2022\/09\/COLOURBOX7363378-e1396000922213-300x153.jpg 300w, https:\/\/hoyre.no\/content\/uploads\/sites\/408\/2022\/09\/COLOURBOX7363378-e1396000922213-768x392.jpg 768w\" sizes=\"auto, (max-width: 1024px) 100vw, 1024px\" \/><\/div><\/figure><div id=\"hoyre-old-article-content-wrapper\"><p>Frav\u00e6rsreglene i videreg\u00e5ende oppl\u00e6ring er veldig liberale. B\u00e5de i grunnskolen og i arbeidslivet er det i dag strengere tilstedev\u00e6relsesplikt enn i videreg\u00e5ende oppl\u00e6ring.<\/p><p><strong><em>Av Anniken Hauglie, byr\u00e5d for kunnskap og utdanning<\/em><\/strong><\/p><p>Mitt m\u00e5l for Oslo-skolen er at flere elever skal fullf\u00f8re og best\u00e5 det 13-\u00e5rige skolel\u00f8pet. Frav\u00e6ret i videreg\u00e5ende skole har \u00f8kt og n\u00e5r vi vet at det er en sammenheng mellom frav\u00e6r og frafall, m\u00e5 jeg som skolebyr\u00e5d ta denne utviklingen p\u00e5 det st\u00f8rste alvor. Tiden er n\u00e5 inne for \u00e5 g\u00e5 mer systematisk til verks.<\/p><blockquote><p>Det er sjelden elever plutselig slutter uten \u00e5 ha hatt et stadig \u00f8kende frav\u00e6r.<\/p><\/blockquote><h2>\u00d8kt frav\u00e6r<\/h2><p>Oslo er det fylket der flest elever fullf\u00f8rer og best\u00e5r videreg\u00e5ende oppl\u00e6ring, og det har v\u00e6rt fremgang de siste \u00e5rene. Samtidig har frav\u00e6ret \u00f8kt fra 8,5 til 10,5 prosent fra 2010 til 2013 dersom vi ser alle de videreg\u00e5ende skolene under ett. Men det er ogs\u00e5 viktig \u00e5 presisere at det er store forskjeller i frav\u00e6ret mellom skolene.<\/p><figure id=\"attachment_2712\" aria-describedby=\"caption-attachment-2712\"><a href=\"https:\/\/www.oslohoyre.no\/wp-content\/uploads\/2014\/03\/Anniken_Hauglie.jpg\"><img decoding=\"async\" loading=\"lazy\" alt=\"Anniken Hauglie\" src=\"https:\/\/hoyre.no\/content\/uploads\/sites\/408\/2022\/09\/Anniken_Hauglie.jpg\" width=\"250\" height=\"375\" srcset=\"https:\/\/hoyre.no\/content\/uploads\/sites\/408\/2022\/09\/Anniken_Hauglie.jpg 250w, https:\/\/www.oslohoyre.no\/wp-content\/uploads\/2014\/03\/Anniken_Hauglie-200x300.jpg 200w\" sizes=\"auto, (max-width: 250px) 100vw, 250px\" \/><\/a><figcaption id=\"caption-attachment-2712\">Anniken Hauglie<br \/>Foto: Nyebilder.no<\/figcaption><\/figure><p>Frav\u00e6rsreglene i videreg\u00e5ende oppl\u00e6ring er veldig liberale. B\u00e5de i grunnskolen og i arbeidslivet er det i dag strengere tilstedev\u00e6relsesplikt enn i videreg\u00e5ende oppl\u00e6ring, og dette selv om alderen mellom 16-19 \u00e5r regnes ogs\u00e5 som de friskeste i livet. Ungdommer i denne aldersgruppen kan selvf\u00f8lgelig ogs\u00e5 bli syke med forkj\u00f8lelse, influensa og omgangssyke, eller de kan ha kroniske sykdommer, men vi vet fra forskning at \u00e5rsakene til frav\u00e6r hos disse elevene ofte er sammensatte. Det er sjelden elever plutselig slutter uten \u00e5 ha hatt et stadig \u00f8kende frav\u00e6r.<\/p><p>For \u00e5 f\u00e5 \u00f8kt tilstedev\u00e6relse trenges holdningsendringer og muligens noen regelendringer. Undervisningen m\u00e5 samtidig v\u00e6re av s\u00e5 h\u00f8y kvalitet at elevene skj\u00f8nner at de m\u00e5 v\u00e6re p\u00e5 skolen for ikke \u00e5 g\u00e5 glipp av viktig undervisning.<\/p><h2>F\u00e5 muligheter<\/h2><p>Sanksjonsmulighetene i norsk skole er i dag begrenset. Det er adgang til \u00e5 gi anmerkninger for ikke dokumentert frav\u00e6r, skriftlig advarsel til eleven og skriftlig melding til foreldre dersom eleven er under 18 \u00e5r.<\/p><p>Fra Utdanningsdirektoratet er det ogs\u00e5 gitt uttrykk for at man kan benytte gjensitting (s\u00e5 lenge det st\u00e5r i ordensreglementet), krav om at elever som kommer for sent m\u00e5 g\u00e5 til kontoret og forklare seg f\u00f8r de f\u00f8lges til klassen. Dette g\u00e5r imidlertid ikke frem av gjeldende lov og forskrift og er ikke i s\u00e6rlig grad tatt i bruk. Dersom en fast maksimal frav\u00e6rsgrense kunne sikre et lavere frav\u00e6r ville jeg g\u00e5tt inn for det.<\/p><p>Jeg registrerer at kunnskapsministeren n\u00e5 \u00e5pner for \u00e5 innf\u00f8re et frav\u00e6rstak for elevene. Jeg vil gi statsr\u00e5den honn\u00f8r for \u00e5 ta dette problemet p\u00e5 alvor og komme med konkrete forslag. En frav\u00e6rsgrense kan v\u00e6re en effektiv pisk overfor dem som skulker, og kanskje et nyttig verkt\u00f8y for l\u00e6rere som etterlyser effektive sanksjoner. Men overfor elever som har h\u00f8yt frav\u00e6r av andre grunner kan et frav\u00e6rstak virke utst\u00f8tende-det motsatte av hensikten.<\/p><h2>Fors\u00f8ksordning<\/h2><p>I arbeidslivet vil ansatte aldri bli m\u00f8tt med en l\u00e5st d\u00f8r dersom de av en eller annen grunn har v\u00e6rt borte fra jobben &#8211; nei de vil bli m\u00f8tt med en forventning om \u00e5 snakke om problemet og finne l\u00f8sninger. Jeg st\u00f8tter likevel at en slik ordning pr\u00f8ves ut-gjerne i form av en nasjonal fors\u00f8ksordning. Det er da viktig at fors\u00f8ket f\u00f8lges tett av forskning p\u00e5 omr\u00e5det. Vi trenger langt mer kunnskap om \u00e5rsaker til frav\u00e6r og hvilke tiltak som virker, enn det vi har i dag.<\/p><p>Dessuten m\u00e5 en eventuell frav\u00e6rsgrense kombineres med systematisk elevoppf\u00f8lging av mer positivt ladet karakter. Det er viktig at skolen har et godt system for registrering, omsorg og oppf\u00f8lging av elever med frav\u00e6r-som aktiveres fra f\u00f8rste dag.<\/p><blockquote><p>I arbeidslivet vil ansatte aldri bli m\u00f8tt med en l\u00e5st d\u00f8r dersom de av en eller annen grunn har v\u00e6rt borte fra jobben.<\/p><\/blockquote><p>N\u00e5r det gjelder regler som b\u00f8r endres for \u00e5 snu frav\u00e6rssituasjonen, b\u00f8r kunnskapsministeren se n\u00e6rmere p\u00e5 bestemmelsene i forskriften til oppl\u00e6ringsloven som gjelder vurdering. B\u00f8r det ikke legges st\u00f8rre vekt p\u00e5 elevenes innsats underveis i skole\u00e5ret? Og b\u00f8r frav\u00e6r kunne inng\u00e5 i vurderingsgrunnlaget? Jeg tror dette ville styrke elevenes motivasjon for daglig tilstedev\u00e6relse i klasserommet.<\/p><h2>Helsetjeneste<\/h2><p>For de elevene som har frav\u00e6r av helsemessige eller sosiale grunner, er jeg opptatt av \u00e5 organisere en bedre og mer tilgjengelig skolehelsetjeneste. I budsjettet for 2014 har vi \u00f8kt bevilgningene til skolehelsetjenesten. Skolehelsetjenesten er en lavterskeltjeneste som kan spille en avgj\u00f8rende rolle for elever med slike utfordringer.<\/p><p><strong>Jeg \u00f8nsker \u00e5 f\u00f8lge opp frav\u00e6ret aktivt p\u00e5 flere m\u00e5ter:<\/strong><\/p><p>1.) Gjennomf\u00f8re fors\u00f8k med frav\u00e6rsgrenser. Om dette er faste prosentvise grenser eller en veiledende grense som tar h\u00f8yde for \u00e5rsaken til manglende n\u00e6rv\u00e6r, kan sikkert diskuteres. Her st\u00f8tter jeg kunnskapsministeren som tar til orde for \u00e5 vurdere mer tydelighet og sanksjoner.<\/p><p>2.) Lage skreddersydde oppf\u00f8lgingsplaner som har sammenheng med \u00e5rsaken til frav\u00e6ret. Stikkord her vil v\u00e6re omsorg, oppf\u00f8lging og kontroll.<\/p><p>3.) Tettere samarbeid med helsetjenesten. Oslo styrker denne tjenesten og det er viktig at disse midlene brukes etter intensjonen. For de elevene som har frav\u00e6r av helsemessige eller sosiale grunner, m\u00e5 vi organisere en bedre og mer tilgjengelig skolehelsetjeneste.<\/p><p>4.) F\u00e5 mer kunnskap om frav\u00e6ret og kartlegge ulike typer frav\u00e6r. I dag vet vi ikke nok om hvorfor elever uteblir fra skolen. For \u00e5 finne flere treffsikre tiltak mot frav\u00e6r i videreg\u00e5ende skole m\u00e5 vi samle kunnskap.<\/p><p>5.) Holdninger smitter. Jeg vil f\u00f8lge n\u00f8ye med p\u00e5 kvaliteten p\u00e5 undervisningen og hvordan skoleledelsen jobber i forhold til engasjerende undervisning, og s\u00f8rge for at skoler med gode resultater og tiltak kan dele erfaringene slik at skoler kan l\u00e6re av hverandre.<\/p><p><em>Dette innlegget stod i VG\u00a0 28.03.14<\/em><\/p>\n<\/div>\n<div class=\"tags\">\n\t<\/div>\n<div class=\"post-footer alignfull has-background block-editor-block-list__block\" data-align=full>\n\t<div class=\"post-footer-inner\">\n\t\t<h3>Relaterte artikler<\/h3>\n\t\t<div class=\"related-content\"><div class=\"is-card-hoyre\">\n\t<div class=\"teft-card hoyre-teft-card post-teft-card\">\n\t\t<a href=\"https:\/\/hoyre.no\/oslo\/aktuelt\/mdg-moralismen-fornekter-seg-ikke\/\" class=\"teft-card__primary-action\">\n\n\t\t\t\t\t<div class=\"teft-card__media teft-card__media--16-9\">\n\t\t\t\t\t\t<img loading=\"lazy\" decoding=\"async\" width=\"768\" height=\"512\" src=\"https:\/\/hoyre.no\/content\/uploads\/sites\/408\/2024\/01\/QZQlxtOC-768x512.jpeg\" class=\"attachment-medium_large size-medium_large\" alt=\"Merete Agerbak-Jensen\" srcset=\"https:\/\/hoyre.no\/content\/uploads\/sites\/408\/2024\/01\/QZQlxtOC-768x512.jpeg 768w, https:\/\/hoyre.no\/content\/uploads\/sites\/408\/2024\/01\/QZQlxtOC-300x200.jpeg 300w, https:\/\/hoyre.no\/content\/uploads\/sites\/408\/2024\/01\/QZQlxtOC-1024x683.jpeg 1024w, https:\/\/hoyre.no\/content\/uploads\/sites\/408\/2024\/01\/QZQlxtOC-1536x1024.jpeg 1536w, https:\/\/hoyre.no\/content\/uploads\/sites\/408\/2024\/01\/QZQlxtOC-2048x1365.jpeg 2048w\" sizes=\"auto, (max-width: 768px) 100vw, 768px\" \/>\t\t<\/div>\n\t\t\n\t\t\t<div class=\"teft-card__content-wrapper\">\n\t\t\t\t<div class=\"teft-card__secondary\">\n\t\t\t\t\t\n\t\t\t\t\t\t\t\t<div class=\"teft-card__meta\">\n\t\t\t\t\t\t\t\t\t<span class=\"post-date\">23. apr 2026<\/span>\n\n\t\t\t\t\t\t\t\t\t\t\t\t\t\t\t\t\t<\/div>\n\t\t\t\t\t\t\t\t\t\t\t<\/div>\n\n\t\t\t\t<div class=\"teft-card__primary\">\n\t\t\t\t\t<h2 class=\"teft-card__title\">MDG-moralismen fornekter seg ikke&nbsp;<span class=\"teft-card__primary-title-append\"><\/span><\/h2>\t\t\t\t<\/div>\n\t\t\t<\/div>\n\t\t<\/a>\n\t<\/div>\n\n\t<\/div><div class=\"is-card-hoyre\">\n\t<div class=\"teft-card hoyre-teft-card post-teft-card\">\n\t\t<a href=\"https:\/\/hoyre.no\/oslo\/aktuelt\/raskere-og-enklere-a-bygge-boliger-og-skape-arbeidsplasser-i-oslo\/\" class=\"teft-card__primary-action\">\n\n\t\t\t\t\t<div class=\"teft-card__media teft-card__media--16-9\">\n\t\t\t\t\t\t<img loading=\"lazy\" decoding=\"async\" width=\"768\" height=\"576\" src=\"https:\/\/hoyre.no\/content\/uploads\/sites\/408\/2026\/04\/Eirik-Lae-Solberg-og-Anita-Leirvik-North-768x576.jpg\" class=\"attachment-medium_large size-medium_large\" alt=\"\" srcset=\"https:\/\/hoyre.no\/content\/uploads\/sites\/408\/2026\/04\/Eirik-Lae-Solberg-og-Anita-Leirvik-North-768x576.jpg 768w, https:\/\/hoyre.no\/content\/uploads\/sites\/408\/2026\/04\/Eirik-Lae-Solberg-og-Anita-Leirvik-North-300x225.jpg 300w, https:\/\/hoyre.no\/content\/uploads\/sites\/408\/2026\/04\/Eirik-Lae-Solberg-og-Anita-Leirvik-North.jpg 901w\" sizes=\"auto, (max-width: 768px) 100vw, 768px\" \/>\t\t<\/div>\n\t\t\n\t\t\t<div class=\"teft-card__content-wrapper\">\n\t\t\t\t<div class=\"teft-card__secondary\">\n\t\t\t\t\t\n\t\t\t\t\t\t\t\t<div class=\"teft-card__meta\">\n\t\t\t\t\t\t\t\t\t<span class=\"post-date\">14. apr 2026<\/span>\n\n\t\t\t\t\t\t\t\t\t<span class=\"post-category\">Har lagt frem ny KPA:<\/span>\t\t\t\t\t\t\t\t<\/div>\n\t\t\t\t\t\t\t\t\t\t\t<\/div>\n\n\t\t\t\t<div class=\"teft-card__primary\">\n\t\t\t\t\t<h2 class=\"teft-card__title\">Raskere og enklere \u00e5 bygge boliger og skape arbeidsplasser i Oslo&nbsp;<span class=\"teft-card__primary-title-append\"><\/span><\/h2>\t\t\t\t<\/div>\n\t\t\t<\/div>\n\t\t<\/a>\n\t<\/div>\n\n\t<\/div><div class=\"is-card-hoyre\">\n\t<div class=\"teft-card hoyre-teft-card post-teft-card\">\n\t\t<a href=\"https:\/\/hoyre.no\/oslo\/aktuelt\/bedre-elevresultater-og-en-skoleokonomi-i-balanse-med-blagront-byrad\/\" class=\"teft-card__primary-action\">\n\n\t\t\t\t\t<div class=\"teft-card__media teft-card__media--16-9\">\n\t\t\t\t\t\t<img loading=\"lazy\" decoding=\"async\" width=\"768\" height=\"512\" src=\"https:\/\/hoyre.no\/content\/uploads\/sites\/408\/2025\/05\/IMG_6440-768x512.jpeg\" class=\"attachment-medium_large size-medium_large\" alt=\"Julie Remen Midtgarden\" srcset=\"https:\/\/hoyre.no\/content\/uploads\/sites\/408\/2025\/05\/IMG_6440-768x512.jpeg 768w, https:\/\/hoyre.no\/content\/uploads\/sites\/408\/2025\/05\/IMG_6440-300x200.jpeg 300w, https:\/\/hoyre.no\/content\/uploads\/sites\/408\/2025\/05\/IMG_6440-1024x683.jpeg 1024w, https:\/\/hoyre.no\/content\/uploads\/sites\/408\/2025\/05\/IMG_6440-1536x1024.jpeg 1536w, https:\/\/hoyre.no\/content\/uploads\/sites\/408\/2025\/05\/IMG_6440-2048x1365.jpeg 2048w\" sizes=\"auto, (max-width: 768px) 100vw, 768px\" \/>\t\t<\/div>\n\t\t\n\t\t\t<div class=\"teft-card__content-wrapper\">\n\t\t\t\t<div class=\"teft-card__secondary\">\n\t\t\t\t\t\n\t\t\t\t\t\t\t\t<div class=\"teft-card__meta\">\n\t\t\t\t\t\t\t\t\t<span class=\"post-date\">26. mar 2026<\/span>\n\n\t\t\t\t\t\t\t\t\t\t\t\t\t\t\t\t\t<\/div>\n\t\t\t\t\t\t\t\t\t\t\t<\/div>\n\n\t\t\t\t<div class=\"teft-card__primary\">\n\t\t\t\t\t<h2 class=\"teft-card__title\">Bedre elevresultater og en skole\u00f8konomi i balanse med bl\u00e5gr\u00f8nt byr\u00e5d&nbsp;<span class=\"teft-card__primary-title-append\"><\/span><\/h2>\t\t\t\t<\/div>\n\t\t\t<\/div>\n\t\t<\/a>\n\t<\/div>\n\n\t<\/div><\/div>\t<\/div>\n<\/div>\n","protected":false},"excerpt":{"rendered":"","protected":false},"author":0,"featured_media":1690,"comment_status":"closed","ping_status":"open","sticky":false,"template":"","format":"standard","meta":{"teft_cards_image_url":"","teft_cards_custom_pretitle":"","teft_cards_image_id":1690,"teft_cards_image_focal_point_x":0,"teft_cards_image_focal_point_y":0,"teft_cards_title":"","teft_cards_excerpt":"","teft_show_chapters":false,"author_display_name":"Oslo H\u00f8yre","footnotes":""},"category":[1],"post_tag":[],"hoyre-visibility":[],"article-type":[],"politician":[],"class_list":["post-1689","post","type-post","status-publish","format-standard","hentry","category-nyheter"],"yoast_head":"<!-- This site is optimized with the Yoast SEO Premium plugin v26.5 (Yoast SEO v26.6) - https:\/\/yoast.com\/wordpress\/plugins\/seo\/ -->\n<title>Glemt at de har skoleplikt? - Oslo H\u00f8yre<\/title>\n<meta name=\"robots\" content=\"index, follow, max-snippet:-1, max-image-preview:large, max-video-preview:-1\" \/>\n<link rel=\"canonical\" href=\"https:\/\/hoyre.no\/oslo\/aktuelt\/glemt-at-de-har-skoleplikt\/\" \/>\n<meta property=\"og:locale\" content=\"nb_NO\" \/>\n<meta property=\"og:type\" content=\"article\" \/>\n<meta property=\"og:title\" content=\"Glemt at de har skoleplikt?\" \/>\n<meta property=\"og:url\" content=\"https:\/\/hoyre.no\/oslo\/aktuelt\/glemt-at-de-har-skoleplikt\/\" \/>\n<meta property=\"og:site_name\" content=\"Oslo H\u00f8yre\" \/>\n<meta property=\"article:publisher\" content=\"https:\/\/www.facebook.com\/oslo.hoyre\" \/>\n<meta property=\"article:published_time\" content=\"2014-03-28T09:44:07+00:00\" \/>\n<meta property=\"article:modified_time\" content=\"2022-09-26T13:06:26+00:00\" \/>\n<meta property=\"og:image\" content=\"https:\/\/hoyre.no\/content\/uploads\/sites\/408\/2022\/09\/COLOURBOX7363378-e1396000922213.jpg\" \/>\n\t<meta property=\"og:image:width\" content=\"1024\" \/>\n\t<meta property=\"og:image:height\" content=\"522\" \/>\n\t<meta property=\"og:image:type\" content=\"image\/jpeg\" \/>\n<meta name=\"twitter:card\" content=\"summary_large_image\" \/>\n<meta name=\"twitter:label1\" content=\"Ansl. lesetid\" \/>\n\t<meta name=\"twitter:data1\" content=\"5 minutter\" \/>\n<script type=\"application\/ld+json\" class=\"yoast-schema-graph\">{\"@context\":\"https:\/\/schema.org\",\"@graph\":[{\"@type\":\"Article\",\"@id\":\"https:\/\/hoyre.no\/oslo\/aktuelt\/glemt-at-de-har-skoleplikt\/#article\",\"isPartOf\":{\"@id\":\"https:\/\/hoyre.no\/oslo\/aktuelt\/glemt-at-de-har-skoleplikt\/\"},\"author\":{\"name\":\"\",\"@id\":\"\"},\"headline\":\"Glemt at de har skoleplikt?\",\"datePublished\":\"2014-03-28T09:44:07+00:00\",\"dateModified\":\"2022-09-26T13:06:26+00:00\",\"mainEntityOfPage\":{\"@id\":\"https:\/\/hoyre.no\/oslo\/aktuelt\/glemt-at-de-har-skoleplikt\/\"},\"wordCount\":1030,\"publisher\":{\"@id\":\"https:\/\/hoyre.no\/oslo\/#organization\"},\"image\":{\"@id\":\"https:\/\/hoyre.no\/oslo\/aktuelt\/glemt-at-de-har-skoleplikt\/#primaryimage\"},\"thumbnailUrl\":\"https:\/\/hoyre.no\/content\/uploads\/sites\/408\/2022\/09\/COLOURBOX7363378-e1396000922213.jpg\",\"articleSection\":[\"Nyheter\"],\"inLanguage\":\"nb-NO\"},{\"@type\":\"NewsArticle\",\"@id\":\"https:\/\/hoyre.no\/oslo\/aktuelt\/glemt-at-de-har-skoleplikt\/\",\"url\":\"https:\/\/hoyre.no\/oslo\/aktuelt\/glemt-at-de-har-skoleplikt\/\",\"name\":\"Glemt at de har skoleplikt? - Oslo H\u00f8yre\",\"isPartOf\":{\"@id\":\"https:\/\/hoyre.no\/oslo\/#website\"},\"image\":{\"@id\":\"https:\/\/hoyre.no\/oslo\/aktuelt\/glemt-at-de-har-skoleplikt\/#primaryimage\"},\"thumbnailUrl\":\"https:\/\/hoyre.no\/content\/uploads\/sites\/408\/2022\/09\/COLOURBOX7363378-e1396000922213.jpg\",\"datePublished\":\"2014-03-28T09:44:07+00:00\",\"dateModified\":\"2022-09-26T13:06:26+00:00\",\"breadcrumb\":{\"@id\":\"https:\/\/hoyre.no\/oslo\/aktuelt\/glemt-at-de-har-skoleplikt\/#breadcrumb\"},\"inLanguage\":\"nb-NO\",\"potentialAction\":[{\"@type\":\"ReadAction\",\"target\":[\"https:\/\/hoyre.no\/oslo\/aktuelt\/glemt-at-de-har-skoleplikt\/\"]}]},{\"@type\":\"ImageObject\",\"inLanguage\":\"nb-NO\",\"@id\":\"https:\/\/hoyre.no\/oslo\/aktuelt\/glemt-at-de-har-skoleplikt\/#primaryimage\",\"url\":\"https:\/\/hoyre.no\/content\/uploads\/sites\/408\/2022\/09\/COLOURBOX7363378-e1396000922213.jpg\",\"contentUrl\":\"https:\/\/hoyre.no\/content\/uploads\/sites\/408\/2022\/09\/COLOURBOX7363378-e1396000922213.jpg\",\"width\":1024,\"height\":522,\"caption\":\"Studenter\"},{\"@type\":\"BreadcrumbList\",\"@id\":\"https:\/\/hoyre.no\/oslo\/aktuelt\/glemt-at-de-har-skoleplikt\/#breadcrumb\",\"itemListElement\":[{\"@type\":\"ListItem\",\"position\":1,\"name\":\"Til hoyre.no\",\"item\":\"https:\/\/hoyre.no\"},{\"@type\":\"ListItem\",\"position\":2,\"name\":\"Hjem\",\"item\":\"https:\/\/hoyre.no\/oslo\/\"},{\"@type\":\"ListItem\",\"position\":3,\"name\":\"Glemt at de har skoleplikt?\"}]},{\"@type\":\"WebSite\",\"@id\":\"https:\/\/hoyre.no\/oslo\/#website\",\"url\":\"https:\/\/hoyre.no\/oslo\/\",\"name\":\"Oslo H\u00f8yre\",\"description\":\"\",\"publisher\":{\"@id\":\"https:\/\/hoyre.no\/oslo\/#organization\"},\"inLanguage\":\"nb-NO\"},{\"@type\":\"Organization\",\"@id\":\"https:\/\/hoyre.no\/oslo\/#organization\",\"name\":\"Oslo H\u00f8yre\",\"url\":\"https:\/\/hoyre.no\/oslo\/\",\"logo\":{\"@type\":\"ImageObject\",\"inLanguage\":\"nb-NO\",\"@id\":\"https:\/\/hoyre.no\/oslo\/#\/schema\/logo\/image\/\",\"url\":\"https:\/\/hoyre.no\/content\/uploads\/sites\/408\/2022\/11\/Hoyres-logo.png\",\"contentUrl\":\"https:\/\/hoyre.no\/content\/uploads\/sites\/408\/2022\/11\/Hoyres-logo.png\",\"width\":1000,\"height\":1000,\"caption\":\"Oslo H\u00f8yre\"},\"image\":{\"@id\":\"https:\/\/hoyre.no\/oslo\/#\/schema\/logo\/image\/\"},\"sameAs\":[\"https:\/\/www.facebook.com\/oslo.hoyre\"]}]}<\/script>\n<!-- \/ Yoast SEO Premium plugin. -->","yoast_head_json":{"title":"Glemt at de har skoleplikt? - Oslo H\u00f8yre","robots":{"index":"index","follow":"follow","max-snippet":"max-snippet:-1","max-image-preview":"max-image-preview:large","max-video-preview":"max-video-preview:-1"},"canonical":"https:\/\/hoyre.no\/oslo\/aktuelt\/glemt-at-de-har-skoleplikt\/","og_locale":"nb_NO","og_type":"article","og_title":"Glemt at de har skoleplikt?","og_url":"https:\/\/hoyre.no\/oslo\/aktuelt\/glemt-at-de-har-skoleplikt\/","og_site_name":"Oslo H\u00f8yre","article_publisher":"https:\/\/www.facebook.com\/oslo.hoyre","article_published_time":"2014-03-28T09:44:07+00:00","article_modified_time":"2022-09-26T13:06:26+00:00","og_image":[{"width":1024,"height":522,"url":"https:\/\/hoyre.no\/content\/uploads\/sites\/408\/2022\/09\/COLOURBOX7363378-e1396000922213.jpg","type":"image\/jpeg"}],"twitter_card":"summary_large_image","twitter_misc":{"Ansl. lesetid":"5 minutter"},"schema":{"@context":"https:\/\/schema.org","@graph":[{"@type":"Article","@id":"https:\/\/hoyre.no\/oslo\/aktuelt\/glemt-at-de-har-skoleplikt\/#article","isPartOf":{"@id":"https:\/\/hoyre.no\/oslo\/aktuelt\/glemt-at-de-har-skoleplikt\/"},"author":{"name":"","@id":""},"headline":"Glemt at de har skoleplikt?","datePublished":"2014-03-28T09:44:07+00:00","dateModified":"2022-09-26T13:06:26+00:00","mainEntityOfPage":{"@id":"https:\/\/hoyre.no\/oslo\/aktuelt\/glemt-at-de-har-skoleplikt\/"},"wordCount":1030,"publisher":{"@id":"https:\/\/hoyre.no\/oslo\/#organization"},"image":{"@id":"https:\/\/hoyre.no\/oslo\/aktuelt\/glemt-at-de-har-skoleplikt\/#primaryimage"},"thumbnailUrl":"https:\/\/hoyre.no\/content\/uploads\/sites\/408\/2022\/09\/COLOURBOX7363378-e1396000922213.jpg","articleSection":["Nyheter"],"inLanguage":"nb-NO"},{"@type":"NewsArticle","@id":"https:\/\/hoyre.no\/oslo\/aktuelt\/glemt-at-de-har-skoleplikt\/","url":"https:\/\/hoyre.no\/oslo\/aktuelt\/glemt-at-de-har-skoleplikt\/","name":"Glemt at de har skoleplikt? - Oslo H\u00f8yre","isPartOf":{"@id":"https:\/\/hoyre.no\/oslo\/#website"},"image":{"@id":"https:\/\/hoyre.no\/oslo\/aktuelt\/glemt-at-de-har-skoleplikt\/#primaryimage"},"thumbnailUrl":"https:\/\/hoyre.no\/content\/uploads\/sites\/408\/2022\/09\/COLOURBOX7363378-e1396000922213.jpg","datePublished":"2014-03-28T09:44:07+00:00","dateModified":"2022-09-26T13:06:26+00:00","breadcrumb":{"@id":"https:\/\/hoyre.no\/oslo\/aktuelt\/glemt-at-de-har-skoleplikt\/#breadcrumb"},"inLanguage":"nb-NO","potentialAction":[{"@type":"ReadAction","target":["https:\/\/hoyre.no\/oslo\/aktuelt\/glemt-at-de-har-skoleplikt\/"]}]},{"@type":"ImageObject","inLanguage":"nb-NO","@id":"https:\/\/hoyre.no\/oslo\/aktuelt\/glemt-at-de-har-skoleplikt\/#primaryimage","url":"https:\/\/hoyre.no\/content\/uploads\/sites\/408\/2022\/09\/COLOURBOX7363378-e1396000922213.jpg","contentUrl":"https:\/\/hoyre.no\/content\/uploads\/sites\/408\/2022\/09\/COLOURBOX7363378-e1396000922213.jpg","width":1024,"height":522,"caption":"Studenter"},{"@type":"BreadcrumbList","@id":"https:\/\/hoyre.no\/oslo\/aktuelt\/glemt-at-de-har-skoleplikt\/#breadcrumb","itemListElement":[{"@type":"ListItem","position":1,"name":"Til hoyre.no","item":"https:\/\/hoyre.no"},{"@type":"ListItem","position":2,"name":"Hjem","item":"https:\/\/hoyre.no\/oslo\/"},{"@type":"ListItem","position":3,"name":"Glemt at de har skoleplikt?"}]},{"@type":"WebSite","@id":"https:\/\/hoyre.no\/oslo\/#website","url":"https:\/\/hoyre.no\/oslo\/","name":"Oslo H\u00f8yre","description":"","publisher":{"@id":"https:\/\/hoyre.no\/oslo\/#organization"},"inLanguage":"nb-NO"},{"@type":"Organization","@id":"https:\/\/hoyre.no\/oslo\/#organization","name":"Oslo H\u00f8yre","url":"https:\/\/hoyre.no\/oslo\/","logo":{"@type":"ImageObject","inLanguage":"nb-NO","@id":"https:\/\/hoyre.no\/oslo\/#\/schema\/logo\/image\/","url":"https:\/\/hoyre.no\/content\/uploads\/sites\/408\/2022\/11\/Hoyres-logo.png","contentUrl":"https:\/\/hoyre.no\/content\/uploads\/sites\/408\/2022\/11\/Hoyres-logo.png","width":1000,"height":1000,"caption":"Oslo H\u00f8yre"},"image":{"@id":"https:\/\/hoyre.no\/oslo\/#\/schema\/logo\/image\/"},"sameAs":["https:\/\/www.facebook.com\/oslo.hoyre"]}]}},"distributor_meta":false,"distributor_terms":false,"distributor_media":false,"distributor_original_site_name":"Oslo H\u00f8yre","distributor_original_site_url":"https:\/\/hoyre.no\/oslo","push-errors":false,"_links":{"self":[{"href":"https:\/\/hoyre.no\/oslo\/wp-json\/wp\/v2\/posts\/1689","targetHints":{"allow":["GET"]}}],"collection":[{"href":"https:\/\/hoyre.no\/oslo\/wp-json\/wp\/v2\/posts"}],"about":[{"href":"https:\/\/hoyre.no\/oslo\/wp-json\/wp\/v2\/types\/post"}],"replies":[{"embeddable":true,"href":"https:\/\/hoyre.no\/oslo\/wp-json\/wp\/v2\/comments?post=1689"}],"version-history":[{"count":1,"href":"https:\/\/hoyre.no\/oslo\/wp-json\/wp\/v2\/posts\/1689\/revisions"}],"predecessor-version":[{"id":2886,"href":"https:\/\/hoyre.no\/oslo\/wp-json\/wp\/v2\/posts\/1689\/revisions\/2886"}],"wp:featuredmedia":[{"embeddable":true,"href":"https:\/\/hoyre.no\/oslo\/wp-json\/wp\/v2\/media\/1690"}],"wp:attachment":[{"href":"https:\/\/hoyre.no\/oslo\/wp-json\/wp\/v2\/media?parent=1689"}],"wp:term":[{"taxonomy":"category","embeddable":true,"href":"https:\/\/hoyre.no\/oslo\/wp-json\/wp\/v2\/category?post=1689"},{"taxonomy":"post_tag","embeddable":true,"href":"https:\/\/hoyre.no\/oslo\/wp-json\/wp\/v2\/post_tag?post=1689"},{"taxonomy":"hoyre-visibility","embeddable":true,"href":"https:\/\/hoyre.no\/oslo\/wp-json\/wp\/v2\/hoyre-visibility?post=1689"},{"taxonomy":"article-type","embeddable":true,"href":"https:\/\/hoyre.no\/oslo\/wp-json\/wp\/v2\/article-type?post=1689"},{"taxonomy":"politician","embeddable":true,"href":"https:\/\/hoyre.no\/oslo\/wp-json\/wp\/v2\/politician?post=1689"}],"curies":[{"name":"wp","href":"https:\/\/api.w.org\/{rel}","templated":true}]}}