{"id":1691,"date":"2014-03-27T12:21:55","date_gmt":"2014-03-27T12:21:55","guid":{"rendered":"https:\/\/hoyre.no\/oslo\/aktuelt\/trikkeholdeplassen-bogstadveien\/"},"modified":"2022-09-26T15:06:27","modified_gmt":"2022-09-26T13:06:27","slug":"trikkeholdeplassen-bogstadveien","status":"publish","type":"post","link":"https:\/\/hoyre.no\/oslo\/aktuelt\/trikkeholdeplassen-bogstadveien\/","title":{"rendered":"Frogner H\u00f8yre: Trikkeholdeplassen b\u00f8r hete Bogstadveien"},"content":{"rendered":"<figure class=\"hoyre-image-wrapper\"><div class=\"hoyre-image\"><img loading=\"lazy\" decoding=\"async\" width=\"1024\" height=\"522\" src=\"https:\/\/hoyre.no\/content\/uploads\/sites\/408\/2022\/09\/COLOURBOX7363378-e1396000922213.jpg\" class=\"attachment-scaled size-scaled\" alt=\"Studenter\" style=\"object-position: 50% 50%\" srcset=\"https:\/\/hoyre.no\/content\/uploads\/sites\/408\/2022\/09\/COLOURBOX7363378-e1396000922213.jpg 1024w, https:\/\/hoyre.no\/content\/uploads\/sites\/408\/2022\/09\/COLOURBOX7363378-e1396000922213-300x153.jpg 300w, https:\/\/hoyre.no\/content\/uploads\/sites\/408\/2022\/09\/COLOURBOX7363378-e1396000922213-768x392.jpg 768w\" sizes=\"auto, (max-width: 1024px) 100vw, 1024px\" \/><\/div><\/figure><div id=\"hoyre-old-article-content-wrapper\"><h1>Frogner H\u00f8yre fikk fullt gjennomslag for Bogstadveien<\/h1><p><strong>Frogner H\u00f8yres leder, Ola Kvisgaard, var str\u00e5lende forn\u00f8yd dagen etter at bydelsutvalget\u00a0anbefalte &laquo;Bogstadveien&raquo; som navn p\u00e5 den nye trikkeholdeplassen som \u00e5pner i Bogstadveien 17.mai.\u00a0 <\/strong><\/p><p>Det var H\u00f8yre som stod bak initiativet om\u00a0\u00e5 uttale seg til Ruters ledergruppe om saken.\u00a0 For Frogner H\u00f8yre var det\u00a0selvf\u00f8lgelig en bonus\u00a0at alle partiene i BU stilte seg bak\u00a0forslaget.<\/p><p><strong>N\u00e5 h\u00e5per\u00a0vi Ruter lytter til\u00a0bydelsutvalget og H\u00f8yres\u00a0entydige anbefaling som\u00a0lyder:<\/strong><\/p><blockquote><p>Frogner bydelsutvalg er ikke invitert til \u00e5 uttale seg om navnsetting av den nye holdeplassen i Bogstadveien, men ber allikevel om at v\u00e5re vurderinger tillegges vekt n\u00e5r Ruter om kort navnsetter holdeplassen som skal erstatte de tidligere holdeplassene Schultz\u2019 gate og Rosenborg i Bogstadveien.<\/p><p>Bogstadveien starter ved Holtegaten og g\u00e5r til Kirkeveien som er en relativt kort strekning. Bogstadveien er nasjonalt kjent og oppfattes av de fleste som navn p\u00e5 et handelsomr\u00e5de i Oslo.\u00a0 B\u00e5de tilreisende og byens egne innbyggere vil forvente et stoppested som heter Bogstadveien n\u00e5r de skal finne kollektive transportmidler som tar dem til dette kjente omr\u00e5det av byen.\u00a0 P\u00e5 samme m\u00e5te som Homansbyen og Majorstuen er avgrensede handelsomr\u00e5der i Frogner bydel oppfattes Bogstadveien like mye som en definert del av bydelen som et gatenavn.\u00a0 Ettersom b\u00e5de det historiske navnet Balkeby og sidegatene Industrigaten og Vibes gate er langt mindre kjent enn Bogstadveien anbefaler bydelsutvalget at stoppestedet blir kalt Bogstadveien i tr\u00e5d med \u00f8nsket fra det lokale n\u00e6ringsliv.<\/p><\/blockquote><h3>Frogner H\u00f8yre mener at holdeplassen skal hete Bogstadveien<\/h3><p>Trikken kommer snart tilbake i Bogstadveien. Mange har gledet seg til det. Tidligere hadde trikken to holdeplasser i Bogstadveien, i Schultz\u2019 gate og Rosenborg. N\u00e5r trikkelinjen gjen\u00e5pnes blir det bare en holdeplass og p\u00e5 et nytt sted.<\/p><p>Den nye trikkeholdeplassen i Bogstadveien skal ligge i krysset Bogstadveien &#8211; Industrigaten.<\/p><p>Hva holdeplassen skal hete avgj\u00f8res i disse dager.<\/p><div><h3>Stort engasjement<\/h3><p>Navnsettingen av trikkeholdeplassen har skapt stort engasjement hos innbyggere, passasjerer og butikkeiere.<\/p><p><strong>Det st\u00e5r mellom fire navn:<\/strong><\/p><ol><li><strong>Bogstadveien<\/strong><br \/>\nDet er ikke vanlig \u00e5 kalle en holdeplass opp etter gaten den ligger i. Imidlertid mener tilhengerne at Bogstadveien er vel s\u00e5 mye \u00e5 betrakte som et omr\u00e5de som en gate. De mener at Bogstadveien er et praktisk og fornuftig navn for trikkepassasjerer og n\u00e6ringsdrivende. En samlet handelsstand i omr\u00e5det \u00f8nsker at trikkeholdeplassen skal hete Bogstadveien.<br \/><a href=\"http:\/\/bogstadveien.no\/\">Les mer om handelsstr\u00f8ket Bogstadveien<\/a><\/li><li><strong>Balkeby<\/strong><br \/>\nKvzrtalet der trikken stopper heter Balkeby. oppkalt atter Peder Balke som bygde treboliger utenfor bykjernen til arbeidere p\u00e5 i slutten av 1850. Gamle Balkeby brant ned 1879. \u00a0I v\u00e5re dager finnes et borettslag i omr\u00e5det med navnet Balkeby. Mange \u00f8nsker at holdeplassen skal hete Balkeby av historiske grunner.<br \/><a href=\"http:\/\/no.wikipedia.org\/wiki\/Balkeby\">Les mer om gamle Balkeby<\/a><\/li><li><strong>Industrigaten<\/strong><br \/>\nIndustrigaten krysser Bogstadveien rett ved stedet der den nye trikkeholdeplassen skal ligge. \u00c5 kalle holdeplassen Industrigaten er i tr\u00e5d med retningslinjene for navnsetting av holdeplasser.<br \/><a href=\"http:\/\/no.wikipedia.org\/wiki\/Industrigata_(Oslo)\">Industrigaten er en lang og gammel gate<\/a><\/li><li><strong>Vibes gate<\/strong><br \/>\nVibes gate ligger i umiddelbar n\u00e6rhet til holdplassen. Den krysser ikke Bogstadveien men g\u00e5r ned til Bogstadveien akkurat der holdeplassen skal ligge. Vibes gate fikk sitt navn i 1879 og\u00a0er oppkalt etter adelsmann, offiser og riksstattholder\u00a0<a href=\"http:\/\/no.wikipedia.org\/wiki\/Johan_Vibe\" title=\"Johan Vibe\">Johan Vibe<\/a>.<br \/><a href=\"http:\/\/www.arkitekturhistorie.no\/historisk\/oslo\/\">Vibes gate har mange karakteriske og arkitekturhistorisk interessante bygninger som du kan lese mer om her.<\/a><\/li><\/ol><p><a href=\"http:\/\/www.osloby.no\/nyheter\/Neste-stopp-Balkeby-7490329.html#.UzQgQ615OCF\">Hos Ditt Oslo foreg\u00e5r en avstemning som Ruter har sagt at de vil ta hensynt til ved navnsettingen. <\/a><\/p><\/div>\n<\/div>\n<div class=\"tags\">\n\t<\/div>\n<div class=\"post-footer alignfull has-background block-editor-block-list__block\" data-align=full>\n\t<div class=\"post-footer-inner\">\n\t\t<h3>Relaterte artikler<\/h3>\n\t\t<div class=\"related-content\"><div class=\"is-card-hoyre\">\n\t<div class=\"teft-card hoyre-teft-card post-teft-card\">\n\t\t<a href=\"https:\/\/hoyre.no\/oslo\/aktuelt\/mdg-moralismen-fornekter-seg-ikke\/\" class=\"teft-card__primary-action\">\n\n\t\t\t\t\t<div class=\"teft-card__media teft-card__media--16-9\">\n\t\t\t\t\t\t<img loading=\"lazy\" decoding=\"async\" width=\"768\" height=\"512\" src=\"https:\/\/hoyre.no\/content\/uploads\/sites\/408\/2024\/01\/QZQlxtOC-768x512.jpeg\" class=\"attachment-medium_large size-medium_large\" alt=\"Merete Agerbak-Jensen\" srcset=\"https:\/\/hoyre.no\/content\/uploads\/sites\/408\/2024\/01\/QZQlxtOC-768x512.jpeg 768w, https:\/\/hoyre.no\/content\/uploads\/sites\/408\/2024\/01\/QZQlxtOC-300x200.jpeg 300w, https:\/\/hoyre.no\/content\/uploads\/sites\/408\/2024\/01\/QZQlxtOC-1024x683.jpeg 1024w, https:\/\/hoyre.no\/content\/uploads\/sites\/408\/2024\/01\/QZQlxtOC-1536x1024.jpeg 1536w, https:\/\/hoyre.no\/content\/uploads\/sites\/408\/2024\/01\/QZQlxtOC-2048x1365.jpeg 2048w\" sizes=\"auto, (max-width: 768px) 100vw, 768px\" \/>\t\t<\/div>\n\t\t\n\t\t\t<div class=\"teft-card__content-wrapper\">\n\t\t\t\t<div class=\"teft-card__secondary\">\n\t\t\t\t\t\n\t\t\t\t\t\t\t\t<div class=\"teft-card__meta\">\n\t\t\t\t\t\t\t\t\t<span class=\"post-date\">23. apr 2026<\/span>\n\n\t\t\t\t\t\t\t\t\t\t\t\t\t\t\t\t\t<\/div>\n\t\t\t\t\t\t\t\t\t\t\t<\/div>\n\n\t\t\t\t<div class=\"teft-card__primary\">\n\t\t\t\t\t<h2 class=\"teft-card__title\">MDG-moralismen fornekter seg ikke&nbsp;<span class=\"teft-card__primary-title-append\"><\/span><\/h2>\t\t\t\t<\/div>\n\t\t\t<\/div>\n\t\t<\/a>\n\t<\/div>\n\n\t<\/div><div class=\"is-card-hoyre\">\n\t<div class=\"teft-card hoyre-teft-card post-teft-card\">\n\t\t<a href=\"https:\/\/hoyre.no\/oslo\/aktuelt\/raskere-og-enklere-a-bygge-boliger-og-skape-arbeidsplasser-i-oslo\/\" class=\"teft-card__primary-action\">\n\n\t\t\t\t\t<div class=\"teft-card__media teft-card__media--16-9\">\n\t\t\t\t\t\t<img loading=\"lazy\" decoding=\"async\" width=\"768\" height=\"576\" src=\"https:\/\/hoyre.no\/content\/uploads\/sites\/408\/2026\/04\/Eirik-Lae-Solberg-og-Anita-Leirvik-North-768x576.jpg\" class=\"attachment-medium_large size-medium_large\" alt=\"\" srcset=\"https:\/\/hoyre.no\/content\/uploads\/sites\/408\/2026\/04\/Eirik-Lae-Solberg-og-Anita-Leirvik-North-768x576.jpg 768w, https:\/\/hoyre.no\/content\/uploads\/sites\/408\/2026\/04\/Eirik-Lae-Solberg-og-Anita-Leirvik-North-300x225.jpg 300w, https:\/\/hoyre.no\/content\/uploads\/sites\/408\/2026\/04\/Eirik-Lae-Solberg-og-Anita-Leirvik-North.jpg 901w\" sizes=\"auto, (max-width: 768px) 100vw, 768px\" \/>\t\t<\/div>\n\t\t\n\t\t\t<div class=\"teft-card__content-wrapper\">\n\t\t\t\t<div class=\"teft-card__secondary\">\n\t\t\t\t\t\n\t\t\t\t\t\t\t\t<div class=\"teft-card__meta\">\n\t\t\t\t\t\t\t\t\t<span class=\"post-date\">14. apr 2026<\/span>\n\n\t\t\t\t\t\t\t\t\t<span class=\"post-category\">Har lagt frem ny KPA:<\/span>\t\t\t\t\t\t\t\t<\/div>\n\t\t\t\t\t\t\t\t\t\t\t<\/div>\n\n\t\t\t\t<div class=\"teft-card__primary\">\n\t\t\t\t\t<h2 class=\"teft-card__title\">Raskere og enklere \u00e5 bygge boliger og skape arbeidsplasser i Oslo&nbsp;<span class=\"teft-card__primary-title-append\"><\/span><\/h2>\t\t\t\t<\/div>\n\t\t\t<\/div>\n\t\t<\/a>\n\t<\/div>\n\n\t<\/div><div class=\"is-card-hoyre\">\n\t<div class=\"teft-card hoyre-teft-card post-teft-card\">\n\t\t<a href=\"https:\/\/hoyre.no\/oslo\/aktuelt\/bedre-elevresultater-og-en-skoleokonomi-i-balanse-med-blagront-byrad\/\" class=\"teft-card__primary-action\">\n\n\t\t\t\t\t<div class=\"teft-card__media teft-card__media--16-9\">\n\t\t\t\t\t\t<img loading=\"lazy\" decoding=\"async\" width=\"768\" height=\"512\" src=\"https:\/\/hoyre.no\/content\/uploads\/sites\/408\/2025\/05\/IMG_6440-768x512.jpeg\" class=\"attachment-medium_large size-medium_large\" alt=\"Julie Remen Midtgarden\" srcset=\"https:\/\/hoyre.no\/content\/uploads\/sites\/408\/2025\/05\/IMG_6440-768x512.jpeg 768w, https:\/\/hoyre.no\/content\/uploads\/sites\/408\/2025\/05\/IMG_6440-300x200.jpeg 300w, https:\/\/hoyre.no\/content\/uploads\/sites\/408\/2025\/05\/IMG_6440-1024x683.jpeg 1024w, https:\/\/hoyre.no\/content\/uploads\/sites\/408\/2025\/05\/IMG_6440-1536x1024.jpeg 1536w, https:\/\/hoyre.no\/content\/uploads\/sites\/408\/2025\/05\/IMG_6440-2048x1365.jpeg 2048w\" sizes=\"auto, (max-width: 768px) 100vw, 768px\" \/>\t\t<\/div>\n\t\t\n\t\t\t<div class=\"teft-card__content-wrapper\">\n\t\t\t\t<div class=\"teft-card__secondary\">\n\t\t\t\t\t\n\t\t\t\t\t\t\t\t<div class=\"teft-card__meta\">\n\t\t\t\t\t\t\t\t\t<span class=\"post-date\">26. mar 2026<\/span>\n\n\t\t\t\t\t\t\t\t\t\t\t\t\t\t\t\t\t<\/div>\n\t\t\t\t\t\t\t\t\t\t\t<\/div>\n\n\t\t\t\t<div class=\"teft-card__primary\">\n\t\t\t\t\t<h2 class=\"teft-card__title\">Bedre elevresultater og en skole\u00f8konomi i balanse med bl\u00e5gr\u00f8nt byr\u00e5d&nbsp;<span class=\"teft-card__primary-title-append\"><\/span><\/h2>\t\t\t\t<\/div>\n\t\t\t<\/div>\n\t\t<\/a>\n\t<\/div>\n\n\t<\/div><\/div>\t<\/div>\n<\/div>\n","protected":false},"excerpt":{"rendered":"","protected":false},"author":0,"featured_media":0,"comment_status":"closed","ping_status":"open","sticky":false,"template":"","format":"standard","meta":{"teft_cards_image_url":"","teft_cards_custom_pretitle":"","teft_cards_image_id":0,"teft_cards_image_focal_point_x":0,"teft_cards_image_focal_point_y":0,"teft_cards_title":"","teft_cards_excerpt":"","teft_show_chapters":false,"author_display_name":"Oslo H\u00f8yre","footnotes":""},"category":[1],"post_tag":[],"hoyre-visibility":[],"article-type":[],"politician":[],"class_list":["post-1691","post","type-post","status-publish","format-standard","hentry","category-nyheter"],"yoast_head":"<!-- This site is optimized with the Yoast SEO Premium plugin v26.5 (Yoast SEO v26.6) - https:\/\/yoast.com\/wordpress\/plugins\/seo\/ -->\n<title>Frogner H\u00f8yre: Trikkeholdeplassen b\u00f8r hete Bogstadveien - Oslo H\u00f8yre<\/title>\n<meta name=\"robots\" content=\"index, follow, max-snippet:-1, max-image-preview:large, max-video-preview:-1\" \/>\n<link rel=\"canonical\" href=\"https:\/\/hoyre.no\/oslo\/aktuelt\/trikkeholdeplassen-bogstadveien\/\" \/>\n<meta property=\"og:locale\" content=\"nb_NO\" \/>\n<meta property=\"og:type\" content=\"article\" \/>\n<meta property=\"og:title\" content=\"Frogner H\u00f8yre: Trikkeholdeplassen b\u00f8r hete Bogstadveien\" \/>\n<meta property=\"og:url\" content=\"https:\/\/hoyre.no\/oslo\/aktuelt\/trikkeholdeplassen-bogstadveien\/\" \/>\n<meta property=\"og:site_name\" content=\"Oslo H\u00f8yre\" \/>\n<meta property=\"article:publisher\" content=\"https:\/\/www.facebook.com\/oslo.hoyre\" \/>\n<meta property=\"article:published_time\" content=\"2014-03-27T12:21:55+00:00\" \/>\n<meta property=\"article:modified_time\" content=\"2022-09-26T13:06:27+00:00\" \/>\n<meta property=\"og:image\" content=\"https:\/\/hoyre.no\/content\/uploads\/sites\/408\/2022\/11\/Hoyres-logo.png\" \/>\n\t<meta property=\"og:image:width\" content=\"1000\" \/>\n\t<meta property=\"og:image:height\" content=\"1000\" \/>\n\t<meta property=\"og:image:type\" content=\"image\/png\" \/>\n<meta name=\"twitter:card\" content=\"summary_large_image\" \/>\n<meta name=\"twitter:label1\" content=\"Ansl. lesetid\" \/>\n\t<meta name=\"twitter:data1\" content=\"3 minutter\" \/>\n<script type=\"application\/ld+json\" class=\"yoast-schema-graph\">{\"@context\":\"https:\/\/schema.org\",\"@graph\":[{\"@type\":\"Article\",\"@id\":\"https:\/\/hoyre.no\/oslo\/aktuelt\/trikkeholdeplassen-bogstadveien\/#article\",\"isPartOf\":{\"@id\":\"https:\/\/hoyre.no\/oslo\/aktuelt\/trikkeholdeplassen-bogstadveien\/\"},\"author\":{\"name\":\"\",\"@id\":\"\"},\"headline\":\"Frogner H\u00f8yre: Trikkeholdeplassen b\u00f8r hete Bogstadveien\",\"datePublished\":\"2014-03-27T12:21:55+00:00\",\"dateModified\":\"2022-09-26T13:06:27+00:00\",\"mainEntityOfPage\":{\"@id\":\"https:\/\/hoyre.no\/oslo\/aktuelt\/trikkeholdeplassen-bogstadveien\/\"},\"wordCount\":599,\"publisher\":{\"@id\":\"https:\/\/hoyre.no\/oslo\/#organization\"},\"articleSection\":[\"Nyheter\"],\"inLanguage\":\"nb-NO\"},{\"@type\":\"NewsArticle\",\"@id\":\"https:\/\/hoyre.no\/oslo\/aktuelt\/trikkeholdeplassen-bogstadveien\/\",\"url\":\"https:\/\/hoyre.no\/oslo\/aktuelt\/trikkeholdeplassen-bogstadveien\/\",\"name\":\"Frogner H\u00f8yre: Trikkeholdeplassen b\u00f8r hete Bogstadveien - Oslo H\u00f8yre\",\"isPartOf\":{\"@id\":\"https:\/\/hoyre.no\/oslo\/#website\"},\"datePublished\":\"2014-03-27T12:21:55+00:00\",\"dateModified\":\"2022-09-26T13:06:27+00:00\",\"breadcrumb\":{\"@id\":\"https:\/\/hoyre.no\/oslo\/aktuelt\/trikkeholdeplassen-bogstadveien\/#breadcrumb\"},\"inLanguage\":\"nb-NO\",\"potentialAction\":[{\"@type\":\"ReadAction\",\"target\":[\"https:\/\/hoyre.no\/oslo\/aktuelt\/trikkeholdeplassen-bogstadveien\/\"]}]},{\"@type\":\"BreadcrumbList\",\"@id\":\"https:\/\/hoyre.no\/oslo\/aktuelt\/trikkeholdeplassen-bogstadveien\/#breadcrumb\",\"itemListElement\":[{\"@type\":\"ListItem\",\"position\":1,\"name\":\"Til hoyre.no\",\"item\":\"https:\/\/hoyre.no\"},{\"@type\":\"ListItem\",\"position\":2,\"name\":\"Hjem\",\"item\":\"https:\/\/hoyre.no\/oslo\/\"},{\"@type\":\"ListItem\",\"position\":3,\"name\":\"Frogner H\u00f8yre: Trikkeholdeplassen b\u00f8r hete Bogstadveien\"}]},{\"@type\":\"WebSite\",\"@id\":\"https:\/\/hoyre.no\/oslo\/#website\",\"url\":\"https:\/\/hoyre.no\/oslo\/\",\"name\":\"Oslo H\u00f8yre\",\"description\":\"\",\"publisher\":{\"@id\":\"https:\/\/hoyre.no\/oslo\/#organization\"},\"inLanguage\":\"nb-NO\"},{\"@type\":\"Organization\",\"@id\":\"https:\/\/hoyre.no\/oslo\/#organization\",\"name\":\"Oslo H\u00f8yre\",\"url\":\"https:\/\/hoyre.no\/oslo\/\",\"logo\":{\"@type\":\"ImageObject\",\"inLanguage\":\"nb-NO\",\"@id\":\"https:\/\/hoyre.no\/oslo\/#\/schema\/logo\/image\/\",\"url\":\"https:\/\/hoyre.no\/content\/uploads\/sites\/408\/2022\/11\/Hoyres-logo.png\",\"contentUrl\":\"https:\/\/hoyre.no\/content\/uploads\/sites\/408\/2022\/11\/Hoyres-logo.png\",\"width\":1000,\"height\":1000,\"caption\":\"Oslo H\u00f8yre\"},\"image\":{\"@id\":\"https:\/\/hoyre.no\/oslo\/#\/schema\/logo\/image\/\"},\"sameAs\":[\"https:\/\/www.facebook.com\/oslo.hoyre\"]}]}<\/script>\n<!-- \/ Yoast SEO Premium plugin. -->","yoast_head_json":{"title":"Frogner H\u00f8yre: Trikkeholdeplassen b\u00f8r hete Bogstadveien - Oslo H\u00f8yre","robots":{"index":"index","follow":"follow","max-snippet":"max-snippet:-1","max-image-preview":"max-image-preview:large","max-video-preview":"max-video-preview:-1"},"canonical":"https:\/\/hoyre.no\/oslo\/aktuelt\/trikkeholdeplassen-bogstadveien\/","og_locale":"nb_NO","og_type":"article","og_title":"Frogner H\u00f8yre: Trikkeholdeplassen b\u00f8r hete Bogstadveien","og_url":"https:\/\/hoyre.no\/oslo\/aktuelt\/trikkeholdeplassen-bogstadveien\/","og_site_name":"Oslo H\u00f8yre","article_publisher":"https:\/\/www.facebook.com\/oslo.hoyre","article_published_time":"2014-03-27T12:21:55+00:00","article_modified_time":"2022-09-26T13:06:27+00:00","og_image":[{"width":1000,"height":1000,"url":"https:\/\/hoyre.no\/content\/uploads\/sites\/408\/2022\/11\/Hoyres-logo.png","type":"image\/png"}],"twitter_card":"summary_large_image","twitter_misc":{"Ansl. lesetid":"3 minutter"},"schema":{"@context":"https:\/\/schema.org","@graph":[{"@type":"Article","@id":"https:\/\/hoyre.no\/oslo\/aktuelt\/trikkeholdeplassen-bogstadveien\/#article","isPartOf":{"@id":"https:\/\/hoyre.no\/oslo\/aktuelt\/trikkeholdeplassen-bogstadveien\/"},"author":{"name":"","@id":""},"headline":"Frogner H\u00f8yre: Trikkeholdeplassen b\u00f8r hete Bogstadveien","datePublished":"2014-03-27T12:21:55+00:00","dateModified":"2022-09-26T13:06:27+00:00","mainEntityOfPage":{"@id":"https:\/\/hoyre.no\/oslo\/aktuelt\/trikkeholdeplassen-bogstadveien\/"},"wordCount":599,"publisher":{"@id":"https:\/\/hoyre.no\/oslo\/#organization"},"articleSection":["Nyheter"],"inLanguage":"nb-NO"},{"@type":"NewsArticle","@id":"https:\/\/hoyre.no\/oslo\/aktuelt\/trikkeholdeplassen-bogstadveien\/","url":"https:\/\/hoyre.no\/oslo\/aktuelt\/trikkeholdeplassen-bogstadveien\/","name":"Frogner H\u00f8yre: Trikkeholdeplassen b\u00f8r hete Bogstadveien - Oslo H\u00f8yre","isPartOf":{"@id":"https:\/\/hoyre.no\/oslo\/#website"},"datePublished":"2014-03-27T12:21:55+00:00","dateModified":"2022-09-26T13:06:27+00:00","breadcrumb":{"@id":"https:\/\/hoyre.no\/oslo\/aktuelt\/trikkeholdeplassen-bogstadveien\/#breadcrumb"},"inLanguage":"nb-NO","potentialAction":[{"@type":"ReadAction","target":["https:\/\/hoyre.no\/oslo\/aktuelt\/trikkeholdeplassen-bogstadveien\/"]}]},{"@type":"BreadcrumbList","@id":"https:\/\/hoyre.no\/oslo\/aktuelt\/trikkeholdeplassen-bogstadveien\/#breadcrumb","itemListElement":[{"@type":"ListItem","position":1,"name":"Til hoyre.no","item":"https:\/\/hoyre.no"},{"@type":"ListItem","position":2,"name":"Hjem","item":"https:\/\/hoyre.no\/oslo\/"},{"@type":"ListItem","position":3,"name":"Frogner H\u00f8yre: Trikkeholdeplassen b\u00f8r hete Bogstadveien"}]},{"@type":"WebSite","@id":"https:\/\/hoyre.no\/oslo\/#website","url":"https:\/\/hoyre.no\/oslo\/","name":"Oslo H\u00f8yre","description":"","publisher":{"@id":"https:\/\/hoyre.no\/oslo\/#organization"},"inLanguage":"nb-NO"},{"@type":"Organization","@id":"https:\/\/hoyre.no\/oslo\/#organization","name":"Oslo H\u00f8yre","url":"https:\/\/hoyre.no\/oslo\/","logo":{"@type":"ImageObject","inLanguage":"nb-NO","@id":"https:\/\/hoyre.no\/oslo\/#\/schema\/logo\/image\/","url":"https:\/\/hoyre.no\/content\/uploads\/sites\/408\/2022\/11\/Hoyres-logo.png","contentUrl":"https:\/\/hoyre.no\/content\/uploads\/sites\/408\/2022\/11\/Hoyres-logo.png","width":1000,"height":1000,"caption":"Oslo H\u00f8yre"},"image":{"@id":"https:\/\/hoyre.no\/oslo\/#\/schema\/logo\/image\/"},"sameAs":["https:\/\/www.facebook.com\/oslo.hoyre"]}]}},"distributor_meta":false,"distributor_terms":false,"distributor_media":false,"distributor_original_site_name":"Oslo H\u00f8yre","distributor_original_site_url":"https:\/\/hoyre.no\/oslo","push-errors":false,"_links":{"self":[{"href":"https:\/\/hoyre.no\/oslo\/wp-json\/wp\/v2\/posts\/1691","targetHints":{"allow":["GET"]}}],"collection":[{"href":"https:\/\/hoyre.no\/oslo\/wp-json\/wp\/v2\/posts"}],"about":[{"href":"https:\/\/hoyre.no\/oslo\/wp-json\/wp\/v2\/types\/post"}],"replies":[{"embeddable":true,"href":"https:\/\/hoyre.no\/oslo\/wp-json\/wp\/v2\/comments?post=1691"}],"version-history":[{"count":1,"href":"https:\/\/hoyre.no\/oslo\/wp-json\/wp\/v2\/posts\/1691\/revisions"}],"predecessor-version":[{"id":2887,"href":"https:\/\/hoyre.no\/oslo\/wp-json\/wp\/v2\/posts\/1691\/revisions\/2887"}],"wp:attachment":[{"href":"https:\/\/hoyre.no\/oslo\/wp-json\/wp\/v2\/media?parent=1691"}],"wp:term":[{"taxonomy":"category","embeddable":true,"href":"https:\/\/hoyre.no\/oslo\/wp-json\/wp\/v2\/category?post=1691"},{"taxonomy":"post_tag","embeddable":true,"href":"https:\/\/hoyre.no\/oslo\/wp-json\/wp\/v2\/post_tag?post=1691"},{"taxonomy":"hoyre-visibility","embeddable":true,"href":"https:\/\/hoyre.no\/oslo\/wp-json\/wp\/v2\/hoyre-visibility?post=1691"},{"taxonomy":"article-type","embeddable":true,"href":"https:\/\/hoyre.no\/oslo\/wp-json\/wp\/v2\/article-type?post=1691"},{"taxonomy":"politician","embeddable":true,"href":"https:\/\/hoyre.no\/oslo\/wp-json\/wp\/v2\/politician?post=1691"}],"curies":[{"name":"wp","href":"https:\/\/api.w.org\/{rel}","templated":true}]}}