{"id":1692,"date":"2014-03-26T19:18:32","date_gmt":"2014-03-26T19:18:32","guid":{"rendered":"https:\/\/hoyre.no\/oslo\/aktuelt\/varaksjonen-rene-strender\/"},"modified":"2022-09-26T15:06:27","modified_gmt":"2022-09-26T13:06:27","slug":"varaksjonen-rene-strender","status":"publish","type":"post","link":"https:\/\/hoyre.no\/oslo\/aktuelt\/varaksjonen-rene-strender\/","title":{"rendered":"V\u00e5raksjonen: Rene strender 26. april"},"content":{"rendered":"<figure class=\"hoyre-image-wrapper\"><div class=\"hoyre-image\"><img loading=\"lazy\" decoding=\"async\" width=\"1024\" height=\"522\" src=\"https:\/\/hoyre.no\/content\/uploads\/sites\/408\/2022\/09\/COLOURBOX7363378-e1396000922213.jpg\" class=\"attachment-scaled size-scaled\" alt=\"Studenter\" style=\"object-position: 50% 50%\" srcset=\"https:\/\/hoyre.no\/content\/uploads\/sites\/408\/2022\/09\/COLOURBOX7363378-e1396000922213.jpg 1024w, https:\/\/hoyre.no\/content\/uploads\/sites\/408\/2022\/09\/COLOURBOX7363378-e1396000922213-300x153.jpg 300w, https:\/\/hoyre.no\/content\/uploads\/sites\/408\/2022\/09\/COLOURBOX7363378-e1396000922213-768x392.jpg 768w\" sizes=\"auto, (max-width: 1024px) 100vw, 1024px\" \/><\/div><\/figure><div id=\"hoyre-old-article-content-wrapper\"><p>Foto: <a href=\"http:\/\/www.flickr.com\/photos\/joranostom\/\">J\u00f8ran \u00d8stom<\/a> CC-lisens<\/p><h1>V\u00e5rpuss langs strendene<\/h1><p><strong>\u00a0<\/strong><strong>L\u00f8rdag 26. april feirer vi v\u00e5ren, Oslo og <a href=\"http:\/\/www.prosjekt-fjordbyen.oslo.kommune.no\/nyheter\/\">Fjordbyen<\/a>.<\/strong><\/p><p>H\u00f8yre i sentrum pluss Ullern, Nordstrand og Vestre Aker H\u00f8yre skal gi Fjordbyen en v\u00e5rpuss s\u00e5 den riktig skinner. Dette blir v\u00e5rens storaksjon med hele syv foreninger i sving.<\/p><p>Vi skal ha ti stander fra Nordstrand Bad til Huk. P\u00e5 standene deler vi ut informasjon om H\u00f8yre og Fjordbyen &#8211; samtidig sl\u00e5r vi et slag for en renere og triveligere by.<\/p><p>H\u00e5pet er at det melder seg s\u00e5 mange til \u00e5 rydde og \u00e5 st\u00e5 p\u00e5 stand at vi dekker hele <a href=\"http:\/\/www.prosjekt-fjordbyen.oslo.kommune.no\/havnepromenaden\/\">havnepromonaden<\/a> i Fjordbyen pluss Nordstrand Bad, Bygd\u00f8y og\u00a0Bestumkilen.<\/p><p>Aksjonen varer fra klokken 10-1600. Vi deler opp i to vakter en fra kl. 10-1300 og en fra kl. 1300-1600.<\/p><p><strong>Vi planlegger hele ti stander p\u00e5 f\u00f8lgende steder:<\/strong><\/p><p>1. <a href=\"http:\/\/www.oslofjorden.com\/badesteder\/oslo\/nordstrand_bad_badeplass_oslo.html\">Nordstrand Bad<br \/><\/a>2. <a href=\"http:\/\/no.wikipedia.org\/wiki\/S%C3%B8renga\">S\u00f8renga\/Middelalderparken<br \/><\/a>3. <a href=\"http:\/\/www.prosjekt-fjordbyen.oslo.kommune.no\/losartikler\/article152011-14298.html\">Ved Operaen<br \/><\/a>4. <a href=\"http:\/\/www.prosjekt-fjordbyen.oslo.kommune.no\/delomrader\/article18819-5743.html\">Vippetangen<br \/><\/a>5. <a href=\"http:\/\/www.prosjekt-fjordbyen.oslo.kommune.no\/delomrader\/article18818-5743.html\">Akershusstranda<br \/><\/a>6. <a href=\"http:\/\/www.prosjekt-fjordbyen.oslo.kommune.no\/delomrader\/article18817-5743.html\">R\u00e5dhuskaia<br \/><\/a>7. <a href=\"http:\/\/www.prosjekt-fjordbyen.oslo.kommune.no\/delomrader\/article18807-5743.html\">Frognerstranda<br \/><\/a>8. <a href=\"http:\/\/no.wikipedia.org\/wiki\/Bestumkilen\">Bestumkilen<br \/><\/a>9. <a href=\"http:\/\/www.oslofjorden.com\/badesteder\/oslo\/bygdoey_sjoebad.html\">Bygd\u00f8y Sj\u00f8bad<br \/><\/a>10. <a href=\"http:\/\/no.wikipedia.org\/wiki\/Huk\">Huk<\/a><\/p><a href=\"https:\/\/frogner.doodle.com\/c95u8vky27p52iae\" target=\"_self\" rel=\"noopener\"><\/a><p><strong>V\u00e5raksjonen: Rene strender\u00a0arrangeres av:<\/strong><br \/>\nNordstrand H\u00f8yre, <a href=\"https:\/\/www.facebook.com\/UllernHoyre\">Ullern H\u00f8yre<\/a>, <a href=\"https:\/\/www.facebook.com\/sthanshaugenhoyre\">St.hanshaugen H\u00f8yre<\/a>, <a href=\"https:\/\/www.facebook.com\/grunerlokkahoyre\">Gr\u00fcnerl\u00f8kka H\u00f8yre<\/a>, <a href=\"https:\/\/www.facebook.com\/pages\/Sagene-H%C3%B8yre\/24454137902\">Sagene H\u00f8yre<\/a>, <a href=\"https:\/\/www.facebook.com\/GamleOsloHoyre\">Gamle Oslo H\u00f8yre<\/a>, <a href=\"https:\/\/www.facebook.com\/VestreAkerHoyre\" target=\"_blank\" rel=\"noopener noreferrer\">Vestre Aker H\u00f8yre<\/a>\u00a0og Frogner H\u00f8yre i fellesskap.<\/p><p>&nbsp;<\/p>\n[framed_box bgColor=&raquo;#2d4768&#8243; textColor=&raquo;#ffffff&raquo; linkColor=&raquo;#ffffff&raquo;]\n<h2>NYHETER FRA KRETSENE<\/h2>\n[one_third]\n<h5>Frogner<\/h5>\n[recent_posts count=&raquo;5&#8243; thumbnail=&raquo;false&raquo; extra=&raquo;none&raquo; cat=&raquo;4&#8243;]\n[\/one_third] [one_third]\n<h5>Bygd\u00f8y<\/h5>\n[recent_posts count=&raquo;5&#8243; thumbnail=&raquo;false&raquo; extra=&raquo;none&raquo; cat=&raquo;5&#8243;]\n[\/one_third] [one_third_last]\n<h5>Majorstuen Uranienborg<\/h5>\n[recent_posts count=&raquo;5&#8243; thumbnail=&raquo;false&raquo; extra=&raquo;none&raquo; cat=&raquo;6&#8243;]\n[\/one_third_last]\n[\/framed_box]\n<\/div>\n<div class=\"tags\">\n\t<\/div>\n<div class=\"post-footer alignfull has-background block-editor-block-list__block\" data-align=full>\n\t<div class=\"post-footer-inner\">\n\t\t<h3>Relaterte artikler<\/h3>\n\t\t<div class=\"related-content\"><div class=\"is-card-hoyre\">\n\t<div class=\"teft-card hoyre-teft-card post-teft-card\">\n\t\t<a href=\"https:\/\/hoyre.no\/oslo\/aktuelt\/mdg-moralismen-fornekter-seg-ikke\/\" class=\"teft-card__primary-action\">\n\n\t\t\t\t\t<div class=\"teft-card__media teft-card__media--16-9\">\n\t\t\t\t\t\t<img loading=\"lazy\" decoding=\"async\" width=\"768\" height=\"512\" src=\"https:\/\/hoyre.no\/content\/uploads\/sites\/408\/2024\/01\/QZQlxtOC-768x512.jpeg\" class=\"attachment-medium_large size-medium_large\" alt=\"Merete Agerbak-Jensen\" srcset=\"https:\/\/hoyre.no\/content\/uploads\/sites\/408\/2024\/01\/QZQlxtOC-768x512.jpeg 768w, https:\/\/hoyre.no\/content\/uploads\/sites\/408\/2024\/01\/QZQlxtOC-300x200.jpeg 300w, https:\/\/hoyre.no\/content\/uploads\/sites\/408\/2024\/01\/QZQlxtOC-1024x683.jpeg 1024w, https:\/\/hoyre.no\/content\/uploads\/sites\/408\/2024\/01\/QZQlxtOC-1536x1024.jpeg 1536w, https:\/\/hoyre.no\/content\/uploads\/sites\/408\/2024\/01\/QZQlxtOC-2048x1365.jpeg 2048w\" sizes=\"auto, (max-width: 768px) 100vw, 768px\" \/>\t\t<\/div>\n\t\t\n\t\t\t<div class=\"teft-card__content-wrapper\">\n\t\t\t\t<div class=\"teft-card__secondary\">\n\t\t\t\t\t\n\t\t\t\t\t\t\t\t<div class=\"teft-card__meta\">\n\t\t\t\t\t\t\t\t\t<span class=\"post-date\">23. apr 2026<\/span>\n\n\t\t\t\t\t\t\t\t\t\t\t\t\t\t\t\t\t<\/div>\n\t\t\t\t\t\t\t\t\t\t\t<\/div>\n\n\t\t\t\t<div class=\"teft-card__primary\">\n\t\t\t\t\t<h2 class=\"teft-card__title\">MDG-moralismen fornekter seg ikke&nbsp;<span class=\"teft-card__primary-title-append\"><\/span><\/h2>\t\t\t\t<\/div>\n\t\t\t<\/div>\n\t\t<\/a>\n\t<\/div>\n\n\t<\/div><div class=\"is-card-hoyre\">\n\t<div class=\"teft-card hoyre-teft-card post-teft-card\">\n\t\t<a href=\"https:\/\/hoyre.no\/oslo\/aktuelt\/raskere-og-enklere-a-bygge-boliger-og-skape-arbeidsplasser-i-oslo\/\" class=\"teft-card__primary-action\">\n\n\t\t\t\t\t<div class=\"teft-card__media teft-card__media--16-9\">\n\t\t\t\t\t\t<img loading=\"lazy\" decoding=\"async\" width=\"768\" height=\"576\" src=\"https:\/\/hoyre.no\/content\/uploads\/sites\/408\/2026\/04\/Eirik-Lae-Solberg-og-Anita-Leirvik-North-768x576.jpg\" class=\"attachment-medium_large size-medium_large\" alt=\"\" srcset=\"https:\/\/hoyre.no\/content\/uploads\/sites\/408\/2026\/04\/Eirik-Lae-Solberg-og-Anita-Leirvik-North-768x576.jpg 768w, https:\/\/hoyre.no\/content\/uploads\/sites\/408\/2026\/04\/Eirik-Lae-Solberg-og-Anita-Leirvik-North-300x225.jpg 300w, https:\/\/hoyre.no\/content\/uploads\/sites\/408\/2026\/04\/Eirik-Lae-Solberg-og-Anita-Leirvik-North.jpg 901w\" sizes=\"auto, (max-width: 768px) 100vw, 768px\" \/>\t\t<\/div>\n\t\t\n\t\t\t<div class=\"teft-card__content-wrapper\">\n\t\t\t\t<div class=\"teft-card__secondary\">\n\t\t\t\t\t\n\t\t\t\t\t\t\t\t<div class=\"teft-card__meta\">\n\t\t\t\t\t\t\t\t\t<span class=\"post-date\">14. apr 2026<\/span>\n\n\t\t\t\t\t\t\t\t\t<span class=\"post-category\">Har lagt frem ny KPA:<\/span>\t\t\t\t\t\t\t\t<\/div>\n\t\t\t\t\t\t\t\t\t\t\t<\/div>\n\n\t\t\t\t<div class=\"teft-card__primary\">\n\t\t\t\t\t<h2 class=\"teft-card__title\">Raskere og enklere \u00e5 bygge boliger og skape arbeidsplasser i Oslo&nbsp;<span class=\"teft-card__primary-title-append\"><\/span><\/h2>\t\t\t\t<\/div>\n\t\t\t<\/div>\n\t\t<\/a>\n\t<\/div>\n\n\t<\/div><div class=\"is-card-hoyre\">\n\t<div class=\"teft-card hoyre-teft-card post-teft-card\">\n\t\t<a href=\"https:\/\/hoyre.no\/oslo\/aktuelt\/bedre-elevresultater-og-en-skoleokonomi-i-balanse-med-blagront-byrad\/\" class=\"teft-card__primary-action\">\n\n\t\t\t\t\t<div class=\"teft-card__media teft-card__media--16-9\">\n\t\t\t\t\t\t<img loading=\"lazy\" decoding=\"async\" width=\"768\" height=\"512\" src=\"https:\/\/hoyre.no\/content\/uploads\/sites\/408\/2025\/05\/IMG_6440-768x512.jpeg\" class=\"attachment-medium_large size-medium_large\" alt=\"Julie Remen Midtgarden\" srcset=\"https:\/\/hoyre.no\/content\/uploads\/sites\/408\/2025\/05\/IMG_6440-768x512.jpeg 768w, https:\/\/hoyre.no\/content\/uploads\/sites\/408\/2025\/05\/IMG_6440-300x200.jpeg 300w, https:\/\/hoyre.no\/content\/uploads\/sites\/408\/2025\/05\/IMG_6440-1024x683.jpeg 1024w, https:\/\/hoyre.no\/content\/uploads\/sites\/408\/2025\/05\/IMG_6440-1536x1024.jpeg 1536w, https:\/\/hoyre.no\/content\/uploads\/sites\/408\/2025\/05\/IMG_6440-2048x1365.jpeg 2048w\" sizes=\"auto, (max-width: 768px) 100vw, 768px\" \/>\t\t<\/div>\n\t\t\n\t\t\t<div class=\"teft-card__content-wrapper\">\n\t\t\t\t<div class=\"teft-card__secondary\">\n\t\t\t\t\t\n\t\t\t\t\t\t\t\t<div class=\"teft-card__meta\">\n\t\t\t\t\t\t\t\t\t<span class=\"post-date\">26. mar 2026<\/span>\n\n\t\t\t\t\t\t\t\t\t\t\t\t\t\t\t\t\t<\/div>\n\t\t\t\t\t\t\t\t\t\t\t<\/div>\n\n\t\t\t\t<div class=\"teft-card__primary\">\n\t\t\t\t\t<h2 class=\"teft-card__title\">Bedre elevresultater og en skole\u00f8konomi i balanse med bl\u00e5gr\u00f8nt byr\u00e5d&nbsp;<span class=\"teft-card__primary-title-append\"><\/span><\/h2>\t\t\t\t<\/div>\n\t\t\t<\/div>\n\t\t<\/a>\n\t<\/div>\n\n\t<\/div><\/div>\t<\/div>\n<\/div>\n","protected":false},"excerpt":{"rendered":"","protected":false},"author":0,"featured_media":0,"comment_status":"closed","ping_status":"open","sticky":false,"template":"","format":"standard","meta":{"teft_cards_image_url":"","teft_cards_custom_pretitle":"","teft_cards_image_id":0,"teft_cards_image_focal_point_x":0,"teft_cards_image_focal_point_y":0,"teft_cards_title":"","teft_cards_excerpt":"","teft_show_chapters":false,"author_display_name":"Oslo H\u00f8yre","footnotes":""},"category":[1],"post_tag":[],"hoyre-visibility":[],"article-type":[],"politician":[],"class_list":["post-1692","post","type-post","status-publish","format-standard","hentry","category-nyheter"],"yoast_head":"<!-- This site is optimized with the Yoast SEO Premium plugin v26.5 (Yoast SEO v26.6) - https:\/\/yoast.com\/wordpress\/plugins\/seo\/ -->\n<title>V\u00e5raksjonen: Rene strender 26. april - Oslo H\u00f8yre<\/title>\n<meta name=\"robots\" content=\"index, follow, max-snippet:-1, max-image-preview:large, max-video-preview:-1\" \/>\n<link rel=\"canonical\" href=\"https:\/\/hoyre.no\/oslo\/aktuelt\/varaksjonen-rene-strender\/\" \/>\n<meta property=\"og:locale\" content=\"nb_NO\" \/>\n<meta property=\"og:type\" content=\"article\" \/>\n<meta property=\"og:title\" content=\"V\u00e5raksjonen: Rene strender 26. april\" \/>\n<meta property=\"og:url\" content=\"https:\/\/hoyre.no\/oslo\/aktuelt\/varaksjonen-rene-strender\/\" \/>\n<meta property=\"og:site_name\" content=\"Oslo H\u00f8yre\" \/>\n<meta property=\"article:publisher\" content=\"https:\/\/www.facebook.com\/oslo.hoyre\" \/>\n<meta property=\"article:published_time\" content=\"2014-03-26T19:18:32+00:00\" \/>\n<meta property=\"article:modified_time\" content=\"2022-09-26T13:06:27+00:00\" \/>\n<meta property=\"og:image\" content=\"https:\/\/hoyre.no\/content\/uploads\/sites\/408\/2022\/11\/Hoyres-logo.png\" \/>\n\t<meta property=\"og:image:width\" content=\"1000\" \/>\n\t<meta property=\"og:image:height\" content=\"1000\" \/>\n\t<meta property=\"og:image:type\" content=\"image\/png\" \/>\n<meta name=\"twitter:card\" content=\"summary_large_image\" \/>\n<meta name=\"twitter:label1\" content=\"Ansl. lesetid\" \/>\n\t<meta name=\"twitter:data1\" content=\"1 minutt\" \/>\n<script type=\"application\/ld+json\" class=\"yoast-schema-graph\">{\"@context\":\"https:\/\/schema.org\",\"@graph\":[{\"@type\":\"Article\",\"@id\":\"https:\/\/hoyre.no\/oslo\/aktuelt\/varaksjonen-rene-strender\/#article\",\"isPartOf\":{\"@id\":\"https:\/\/hoyre.no\/oslo\/aktuelt\/varaksjonen-rene-strender\/\"},\"author\":{\"name\":\"\",\"@id\":\"\"},\"headline\":\"V\u00e5raksjonen: Rene strender 26. april\",\"datePublished\":\"2014-03-26T19:18:32+00:00\",\"dateModified\":\"2022-09-26T13:06:27+00:00\",\"mainEntityOfPage\":{\"@id\":\"https:\/\/hoyre.no\/oslo\/aktuelt\/varaksjonen-rene-strender\/\"},\"wordCount\":299,\"publisher\":{\"@id\":\"https:\/\/hoyre.no\/oslo\/#organization\"},\"articleSection\":[\"Nyheter\"],\"inLanguage\":\"nb-NO\"},{\"@type\":\"NewsArticle\",\"@id\":\"https:\/\/hoyre.no\/oslo\/aktuelt\/varaksjonen-rene-strender\/\",\"url\":\"https:\/\/hoyre.no\/oslo\/aktuelt\/varaksjonen-rene-strender\/\",\"name\":\"V\u00e5raksjonen: Rene strender 26. april - Oslo H\u00f8yre\",\"isPartOf\":{\"@id\":\"https:\/\/hoyre.no\/oslo\/#website\"},\"datePublished\":\"2014-03-26T19:18:32+00:00\",\"dateModified\":\"2022-09-26T13:06:27+00:00\",\"breadcrumb\":{\"@id\":\"https:\/\/hoyre.no\/oslo\/aktuelt\/varaksjonen-rene-strender\/#breadcrumb\"},\"inLanguage\":\"nb-NO\",\"potentialAction\":[{\"@type\":\"ReadAction\",\"target\":[\"https:\/\/hoyre.no\/oslo\/aktuelt\/varaksjonen-rene-strender\/\"]}]},{\"@type\":\"BreadcrumbList\",\"@id\":\"https:\/\/hoyre.no\/oslo\/aktuelt\/varaksjonen-rene-strender\/#breadcrumb\",\"itemListElement\":[{\"@type\":\"ListItem\",\"position\":1,\"name\":\"Til hoyre.no\",\"item\":\"https:\/\/hoyre.no\"},{\"@type\":\"ListItem\",\"position\":2,\"name\":\"Hjem\",\"item\":\"https:\/\/hoyre.no\/oslo\/\"},{\"@type\":\"ListItem\",\"position\":3,\"name\":\"V\u00e5raksjonen: Rene strender 26. april\"}]},{\"@type\":\"WebSite\",\"@id\":\"https:\/\/hoyre.no\/oslo\/#website\",\"url\":\"https:\/\/hoyre.no\/oslo\/\",\"name\":\"Oslo H\u00f8yre\",\"description\":\"\",\"publisher\":{\"@id\":\"https:\/\/hoyre.no\/oslo\/#organization\"},\"inLanguage\":\"nb-NO\"},{\"@type\":\"Organization\",\"@id\":\"https:\/\/hoyre.no\/oslo\/#organization\",\"name\":\"Oslo H\u00f8yre\",\"url\":\"https:\/\/hoyre.no\/oslo\/\",\"logo\":{\"@type\":\"ImageObject\",\"inLanguage\":\"nb-NO\",\"@id\":\"https:\/\/hoyre.no\/oslo\/#\/schema\/logo\/image\/\",\"url\":\"https:\/\/hoyre.no\/content\/uploads\/sites\/408\/2022\/11\/Hoyres-logo.png\",\"contentUrl\":\"https:\/\/hoyre.no\/content\/uploads\/sites\/408\/2022\/11\/Hoyres-logo.png\",\"width\":1000,\"height\":1000,\"caption\":\"Oslo H\u00f8yre\"},\"image\":{\"@id\":\"https:\/\/hoyre.no\/oslo\/#\/schema\/logo\/image\/\"},\"sameAs\":[\"https:\/\/www.facebook.com\/oslo.hoyre\"]}]}<\/script>\n<!-- \/ Yoast SEO Premium plugin. -->","yoast_head_json":{"title":"V\u00e5raksjonen: Rene strender 26. april - Oslo H\u00f8yre","robots":{"index":"index","follow":"follow","max-snippet":"max-snippet:-1","max-image-preview":"max-image-preview:large","max-video-preview":"max-video-preview:-1"},"canonical":"https:\/\/hoyre.no\/oslo\/aktuelt\/varaksjonen-rene-strender\/","og_locale":"nb_NO","og_type":"article","og_title":"V\u00e5raksjonen: Rene strender 26. april","og_url":"https:\/\/hoyre.no\/oslo\/aktuelt\/varaksjonen-rene-strender\/","og_site_name":"Oslo H\u00f8yre","article_publisher":"https:\/\/www.facebook.com\/oslo.hoyre","article_published_time":"2014-03-26T19:18:32+00:00","article_modified_time":"2022-09-26T13:06:27+00:00","og_image":[{"width":1000,"height":1000,"url":"https:\/\/hoyre.no\/content\/uploads\/sites\/408\/2022\/11\/Hoyres-logo.png","type":"image\/png"}],"twitter_card":"summary_large_image","twitter_misc":{"Ansl. lesetid":"1 minutt"},"schema":{"@context":"https:\/\/schema.org","@graph":[{"@type":"Article","@id":"https:\/\/hoyre.no\/oslo\/aktuelt\/varaksjonen-rene-strender\/#article","isPartOf":{"@id":"https:\/\/hoyre.no\/oslo\/aktuelt\/varaksjonen-rene-strender\/"},"author":{"name":"","@id":""},"headline":"V\u00e5raksjonen: Rene strender 26. april","datePublished":"2014-03-26T19:18:32+00:00","dateModified":"2022-09-26T13:06:27+00:00","mainEntityOfPage":{"@id":"https:\/\/hoyre.no\/oslo\/aktuelt\/varaksjonen-rene-strender\/"},"wordCount":299,"publisher":{"@id":"https:\/\/hoyre.no\/oslo\/#organization"},"articleSection":["Nyheter"],"inLanguage":"nb-NO"},{"@type":"NewsArticle","@id":"https:\/\/hoyre.no\/oslo\/aktuelt\/varaksjonen-rene-strender\/","url":"https:\/\/hoyre.no\/oslo\/aktuelt\/varaksjonen-rene-strender\/","name":"V\u00e5raksjonen: Rene strender 26. april - Oslo H\u00f8yre","isPartOf":{"@id":"https:\/\/hoyre.no\/oslo\/#website"},"datePublished":"2014-03-26T19:18:32+00:00","dateModified":"2022-09-26T13:06:27+00:00","breadcrumb":{"@id":"https:\/\/hoyre.no\/oslo\/aktuelt\/varaksjonen-rene-strender\/#breadcrumb"},"inLanguage":"nb-NO","potentialAction":[{"@type":"ReadAction","target":["https:\/\/hoyre.no\/oslo\/aktuelt\/varaksjonen-rene-strender\/"]}]},{"@type":"BreadcrumbList","@id":"https:\/\/hoyre.no\/oslo\/aktuelt\/varaksjonen-rene-strender\/#breadcrumb","itemListElement":[{"@type":"ListItem","position":1,"name":"Til hoyre.no","item":"https:\/\/hoyre.no"},{"@type":"ListItem","position":2,"name":"Hjem","item":"https:\/\/hoyre.no\/oslo\/"},{"@type":"ListItem","position":3,"name":"V\u00e5raksjonen: Rene strender 26. april"}]},{"@type":"WebSite","@id":"https:\/\/hoyre.no\/oslo\/#website","url":"https:\/\/hoyre.no\/oslo\/","name":"Oslo H\u00f8yre","description":"","publisher":{"@id":"https:\/\/hoyre.no\/oslo\/#organization"},"inLanguage":"nb-NO"},{"@type":"Organization","@id":"https:\/\/hoyre.no\/oslo\/#organization","name":"Oslo H\u00f8yre","url":"https:\/\/hoyre.no\/oslo\/","logo":{"@type":"ImageObject","inLanguage":"nb-NO","@id":"https:\/\/hoyre.no\/oslo\/#\/schema\/logo\/image\/","url":"https:\/\/hoyre.no\/content\/uploads\/sites\/408\/2022\/11\/Hoyres-logo.png","contentUrl":"https:\/\/hoyre.no\/content\/uploads\/sites\/408\/2022\/11\/Hoyres-logo.png","width":1000,"height":1000,"caption":"Oslo H\u00f8yre"},"image":{"@id":"https:\/\/hoyre.no\/oslo\/#\/schema\/logo\/image\/"},"sameAs":["https:\/\/www.facebook.com\/oslo.hoyre"]}]}},"distributor_meta":false,"distributor_terms":false,"distributor_media":false,"distributor_original_site_name":"Oslo H\u00f8yre","distributor_original_site_url":"https:\/\/hoyre.no\/oslo","push-errors":false,"_links":{"self":[{"href":"https:\/\/hoyre.no\/oslo\/wp-json\/wp\/v2\/posts\/1692","targetHints":{"allow":["GET"]}}],"collection":[{"href":"https:\/\/hoyre.no\/oslo\/wp-json\/wp\/v2\/posts"}],"about":[{"href":"https:\/\/hoyre.no\/oslo\/wp-json\/wp\/v2\/types\/post"}],"replies":[{"embeddable":true,"href":"https:\/\/hoyre.no\/oslo\/wp-json\/wp\/v2\/comments?post=1692"}],"version-history":[{"count":1,"href":"https:\/\/hoyre.no\/oslo\/wp-json\/wp\/v2\/posts\/1692\/revisions"}],"predecessor-version":[{"id":2888,"href":"https:\/\/hoyre.no\/oslo\/wp-json\/wp\/v2\/posts\/1692\/revisions\/2888"}],"wp:attachment":[{"href":"https:\/\/hoyre.no\/oslo\/wp-json\/wp\/v2\/media?parent=1692"}],"wp:term":[{"taxonomy":"category","embeddable":true,"href":"https:\/\/hoyre.no\/oslo\/wp-json\/wp\/v2\/category?post=1692"},{"taxonomy":"post_tag","embeddable":true,"href":"https:\/\/hoyre.no\/oslo\/wp-json\/wp\/v2\/post_tag?post=1692"},{"taxonomy":"hoyre-visibility","embeddable":true,"href":"https:\/\/hoyre.no\/oslo\/wp-json\/wp\/v2\/hoyre-visibility?post=1692"},{"taxonomy":"article-type","embeddable":true,"href":"https:\/\/hoyre.no\/oslo\/wp-json\/wp\/v2\/article-type?post=1692"},{"taxonomy":"politician","embeddable":true,"href":"https:\/\/hoyre.no\/oslo\/wp-json\/wp\/v2\/politician?post=1692"}],"curies":[{"name":"wp","href":"https:\/\/api.w.org\/{rel}","templated":true}]}}