{"id":1700,"date":"2014-03-10T09:18:32","date_gmt":"2014-03-10T09:18:32","guid":{"rendered":"https:\/\/hoyre.no\/oslo\/aktuelt\/barnehage-og-skole-ma-sees-i-sammenheng\/"},"modified":"2022-09-26T15:06:28","modified_gmt":"2022-09-26T13:06:28","slug":"barnehage-og-skole-ma-sees-i-sammenheng","status":"publish","type":"post","link":"https:\/\/hoyre.no\/oslo\/aktuelt\/barnehage-og-skole-ma-sees-i-sammenheng\/","title":{"rendered":"M\u00e5 sees i sammenheng"},"content":{"rendered":"<figure class=\"hoyre-image-wrapper\"><div class=\"hoyre-image\"><img loading=\"lazy\" decoding=\"async\" width=\"1024\" height=\"578\" src=\"https:\/\/hoyre.no\/content\/uploads\/sites\/408\/2022\/09\/3e6f2kpL4K0ogO-3zbtShA2L35jhpWdNllcVjtd55ANA-e1395325160310.jpg\" class=\"attachment-scaled size-scaled\" alt=\"Byr\u00e5det Oslo\" style=\"object-position: 50% 50%\" srcset=\"https:\/\/hoyre.no\/content\/uploads\/sites\/408\/2022\/09\/3e6f2kpL4K0ogO-3zbtShA2L35jhpWdNllcVjtd55ANA-e1395325160310.jpg 1024w, https:\/\/hoyre.no\/content\/uploads\/sites\/408\/2022\/09\/3e6f2kpL4K0ogO-3zbtShA2L35jhpWdNllcVjtd55ANA-e1395325160310-300x169.jpg 300w, https:\/\/hoyre.no\/content\/uploads\/sites\/408\/2022\/09\/3e6f2kpL4K0ogO-3zbtShA2L35jhpWdNllcVjtd55ANA-e1395325160310-768x434.jpg 768w\" sizes=\"auto, (max-width: 1024px) 100vw, 1024px\" \/><\/div><\/figure><div id=\"hoyre-old-article-content-wrapper\"><p>Bystyret vedtok Byr\u00e5dets strategimelding for sosial mobilitet gjennom barnehage og skole onsdag 5. mars 2014.<\/p><p>En rekke tiltak ble vedtatt for \u00e5 styrke barnehagens innhold.<\/p><p>H\u00f8yre mener Oslos barnehager og skoler skal ha h\u00f8ye ambisjoner p\u00e5 vegne av alle barn, og stille med de verkt\u00f8yene som trengs for \u00e5 sikre at alle barn og unge gis like muligheter til \u00e5 lykkes med utdanningsl\u00f8pet uavhengig av bakgrunn.<\/p><p>&#8211;\u00a0Byr\u00e5det har lagt frem en god og helhetlig strategimelding om sosial mobilitet gjennom barnehage og skole, sa Saida Begum i sitt innlegg.<\/p><p>Det var bred enighet om at alle barnehager b\u00f8r kartlegge spr\u00e5kmilj\u00f8et i barnehagen. Alle barn skal observeres av en pedagog, men det er kun barna pedagogene mener trenger spr\u00e5kst\u00f8tte som skal kartlegges ved hjelp av et egnet verkt\u00f8y. Dette m\u00e5 gj\u00f8res med at foresatte m\u00e5 involveres i prosessen og gi skriftlig samtykke f\u00f8r kartleggingen gjennomf\u00f8res.<\/p><p>Byr\u00e5dssaken bystyret behandlet tar utgangspunkt i f\u00f8lgende utfordringer: For mange elever g\u00e5r ut av grunnskolen med s\u00e5 d\u00e5rlige grunnleggende ferdigheter, at de vil f\u00e5 problemer med \u00e5 komme videre i utdanningsl\u00f8pet. Omtrent \u00bc av elevene som starter p\u00e5 1. trinn har ikke tilstrekkelige norskferdigheter til \u00e5 ha utbytte av ordin\u00e6r undervisning. andelen elever som fullf\u00f8rer og best\u00e5r oppl\u00e6ringen er for lav.<\/p><h2>Tiltakene i byr\u00e5dssaken:<\/h2><ul><li>Innf\u00f8re Intensivert spr\u00e5kprogram p\u00e5 1.-4. trinn<\/li><li>Igangsette et forskningsbasert fors\u00f8k med en standardisert organisering av skolehverdagen hvor det legges stor vekt p\u00e5 arbeid med grunnleggende ferdigheter i basisfagene<\/li><li>Utvikle og spre standarder for god praksis i skolen, blant annet p\u00e5 bakgrunn av erfaringene fra Fler\u00e5rig skoleutviklingsprosjekt<\/li><li>Innf\u00f8re stipend for elever som fullf\u00f8rer eksamenskurs p\u00e5 sommerskolen<\/li><li>Innf\u00f8re skolebidragsindikatorer\/value added som fast rapportering for grunnskoler og videreg\u00e5ende skoler<\/li><li>Gjennomg\u00e5 kvalitet og vurdere tiltak for \u00f8kt bruk av aktivitetsskoletilbudet p\u00e5 skoler hvor tilbudet er minst etterspurt, i lys av igangsatt fors\u00f8k p\u00e5 Mortensrud skole<\/li><li>Foreta en gjennomgang av kvalitet, innretning og m\u00e5lretting av leksehjelpstilbudet i Osloskolen<\/li><\/ul><p>&nbsp;<\/p><h2>Bystyrets vedtak:<\/h2><ol><li>Byra\u030adet utvikler en felles strategi og struktur for \u00f8kt rekruttering til Oslobarnehagen. Pa\u030a bakgrunn av evalueringene av gratis kjernetid sa\u030a b\u00f8r ordningen utvides og omfatte alle trea\u030aringer og utvides til flere bydeler.<\/li><li>Byra\u030adet bes legge frem en plan for a\u030a rekruttere og beholde flere barnehagel\u00e6rere og fagutdannede.<\/li><li>Byra\u030adet bes utarbeide et tilbud der ufagl\u00e6rte assistenter kan ta videreutdanning til barne- og ungdomsarbeidere.<\/li><li>Byra\u030adet bes foreta en vurdering av hvordan oppl\u00e6ringslovens paragraf 2.8 forsta\u030as og f\u00f8lges i Oslo-skolen, og hvilke konsekvenser dette har.<\/li><li>Det etableres ikke en egen kommunal styrerutdanning i Oslo. Midlene satt av til dette settes av til stipender for styrere som vil delta pa\u030a kompetansegivende styrerutdanning i h\u00f8yskolesystemet.<\/li><li>Bystyremelding nr 1\/2013 Byra\u030adets strategi for sosial mobilitet gjennom barnehage og skole tas for \u00f8vrig til orientering.<\/li><\/ol><p><em>Foto: colourbox.com<\/em><\/p><p>&nbsp;<\/p>\n<\/div>\n<div class=\"tags\">\n\t<\/div>\n<div class=\"post-footer alignfull has-background block-editor-block-list__block\" data-align=full>\n\t<div class=\"post-footer-inner\">\n\t\t<h3>Relaterte artikler<\/h3>\n\t\t<div class=\"related-content\"><div class=\"is-card-hoyre\">\n\t<div class=\"teft-card hoyre-teft-card post-teft-card\">\n\t\t<a href=\"https:\/\/hoyre.no\/oslo\/aktuelt\/mdg-moralismen-fornekter-seg-ikke\/\" class=\"teft-card__primary-action\">\n\n\t\t\t\t\t<div class=\"teft-card__media teft-card__media--16-9\">\n\t\t\t\t\t\t<img loading=\"lazy\" decoding=\"async\" width=\"768\" height=\"512\" src=\"https:\/\/hoyre.no\/content\/uploads\/sites\/408\/2024\/01\/QZQlxtOC-768x512.jpeg\" class=\"attachment-medium_large size-medium_large\" alt=\"Merete Agerbak-Jensen\" srcset=\"https:\/\/hoyre.no\/content\/uploads\/sites\/408\/2024\/01\/QZQlxtOC-768x512.jpeg 768w, https:\/\/hoyre.no\/content\/uploads\/sites\/408\/2024\/01\/QZQlxtOC-300x200.jpeg 300w, https:\/\/hoyre.no\/content\/uploads\/sites\/408\/2024\/01\/QZQlxtOC-1024x683.jpeg 1024w, https:\/\/hoyre.no\/content\/uploads\/sites\/408\/2024\/01\/QZQlxtOC-1536x1024.jpeg 1536w, https:\/\/hoyre.no\/content\/uploads\/sites\/408\/2024\/01\/QZQlxtOC-2048x1365.jpeg 2048w\" sizes=\"auto, (max-width: 768px) 100vw, 768px\" \/>\t\t<\/div>\n\t\t\n\t\t\t<div class=\"teft-card__content-wrapper\">\n\t\t\t\t<div class=\"teft-card__secondary\">\n\t\t\t\t\t\n\t\t\t\t\t\t\t\t<div class=\"teft-card__meta\">\n\t\t\t\t\t\t\t\t\t<span class=\"post-date\">23. apr 2026<\/span>\n\n\t\t\t\t\t\t\t\t\t\t\t\t\t\t\t\t\t<\/div>\n\t\t\t\t\t\t\t\t\t\t\t<\/div>\n\n\t\t\t\t<div class=\"teft-card__primary\">\n\t\t\t\t\t<h2 class=\"teft-card__title\">MDG-moralismen fornekter seg ikke&nbsp;<span class=\"teft-card__primary-title-append\"><\/span><\/h2>\t\t\t\t<\/div>\n\t\t\t<\/div>\n\t\t<\/a>\n\t<\/div>\n\n\t<\/div><div class=\"is-card-hoyre\">\n\t<div class=\"teft-card hoyre-teft-card post-teft-card\">\n\t\t<a href=\"https:\/\/hoyre.no\/oslo\/aktuelt\/raskere-og-enklere-a-bygge-boliger-og-skape-arbeidsplasser-i-oslo\/\" class=\"teft-card__primary-action\">\n\n\t\t\t\t\t<div class=\"teft-card__media teft-card__media--16-9\">\n\t\t\t\t\t\t<img loading=\"lazy\" decoding=\"async\" width=\"768\" height=\"576\" src=\"https:\/\/hoyre.no\/content\/uploads\/sites\/408\/2026\/04\/Eirik-Lae-Solberg-og-Anita-Leirvik-North-768x576.jpg\" class=\"attachment-medium_large size-medium_large\" alt=\"\" srcset=\"https:\/\/hoyre.no\/content\/uploads\/sites\/408\/2026\/04\/Eirik-Lae-Solberg-og-Anita-Leirvik-North-768x576.jpg 768w, https:\/\/hoyre.no\/content\/uploads\/sites\/408\/2026\/04\/Eirik-Lae-Solberg-og-Anita-Leirvik-North-300x225.jpg 300w, https:\/\/hoyre.no\/content\/uploads\/sites\/408\/2026\/04\/Eirik-Lae-Solberg-og-Anita-Leirvik-North.jpg 901w\" sizes=\"auto, (max-width: 768px) 100vw, 768px\" \/>\t\t<\/div>\n\t\t\n\t\t\t<div class=\"teft-card__content-wrapper\">\n\t\t\t\t<div class=\"teft-card__secondary\">\n\t\t\t\t\t\n\t\t\t\t\t\t\t\t<div class=\"teft-card__meta\">\n\t\t\t\t\t\t\t\t\t<span class=\"post-date\">14. apr 2026<\/span>\n\n\t\t\t\t\t\t\t\t\t<span class=\"post-category\">Har lagt frem ny KPA:<\/span>\t\t\t\t\t\t\t\t<\/div>\n\t\t\t\t\t\t\t\t\t\t\t<\/div>\n\n\t\t\t\t<div class=\"teft-card__primary\">\n\t\t\t\t\t<h2 class=\"teft-card__title\">Raskere og enklere \u00e5 bygge boliger og skape arbeidsplasser i Oslo&nbsp;<span class=\"teft-card__primary-title-append\"><\/span><\/h2>\t\t\t\t<\/div>\n\t\t\t<\/div>\n\t\t<\/a>\n\t<\/div>\n\n\t<\/div><div class=\"is-card-hoyre\">\n\t<div class=\"teft-card hoyre-teft-card post-teft-card\">\n\t\t<a href=\"https:\/\/hoyre.no\/oslo\/aktuelt\/bedre-elevresultater-og-en-skoleokonomi-i-balanse-med-blagront-byrad\/\" class=\"teft-card__primary-action\">\n\n\t\t\t\t\t<div class=\"teft-card__media teft-card__media--16-9\">\n\t\t\t\t\t\t<img loading=\"lazy\" decoding=\"async\" width=\"768\" height=\"512\" src=\"https:\/\/hoyre.no\/content\/uploads\/sites\/408\/2025\/05\/IMG_6440-768x512.jpeg\" class=\"attachment-medium_large size-medium_large\" alt=\"Julie Remen Midtgarden\" srcset=\"https:\/\/hoyre.no\/content\/uploads\/sites\/408\/2025\/05\/IMG_6440-768x512.jpeg 768w, https:\/\/hoyre.no\/content\/uploads\/sites\/408\/2025\/05\/IMG_6440-300x200.jpeg 300w, https:\/\/hoyre.no\/content\/uploads\/sites\/408\/2025\/05\/IMG_6440-1024x683.jpeg 1024w, https:\/\/hoyre.no\/content\/uploads\/sites\/408\/2025\/05\/IMG_6440-1536x1024.jpeg 1536w, https:\/\/hoyre.no\/content\/uploads\/sites\/408\/2025\/05\/IMG_6440-2048x1365.jpeg 2048w\" sizes=\"auto, (max-width: 768px) 100vw, 768px\" \/>\t\t<\/div>\n\t\t\n\t\t\t<div class=\"teft-card__content-wrapper\">\n\t\t\t\t<div class=\"teft-card__secondary\">\n\t\t\t\t\t\n\t\t\t\t\t\t\t\t<div class=\"teft-card__meta\">\n\t\t\t\t\t\t\t\t\t<span class=\"post-date\">26. mar 2026<\/span>\n\n\t\t\t\t\t\t\t\t\t\t\t\t\t\t\t\t\t<\/div>\n\t\t\t\t\t\t\t\t\t\t\t<\/div>\n\n\t\t\t\t<div class=\"teft-card__primary\">\n\t\t\t\t\t<h2 class=\"teft-card__title\">Bedre elevresultater og en skole\u00f8konomi i balanse med bl\u00e5gr\u00f8nt byr\u00e5d&nbsp;<span class=\"teft-card__primary-title-append\"><\/span><\/h2>\t\t\t\t<\/div>\n\t\t\t<\/div>\n\t\t<\/a>\n\t<\/div>\n\n\t<\/div><\/div>\t<\/div>\n<\/div>\n","protected":false},"excerpt":{"rendered":"","protected":false},"author":0,"featured_media":0,"comment_status":"closed","ping_status":"open","sticky":false,"template":"","format":"standard","meta":{"teft_cards_image_url":"","teft_cards_custom_pretitle":"","teft_cards_image_id":0,"teft_cards_image_focal_point_x":0,"teft_cards_image_focal_point_y":0,"teft_cards_title":"","teft_cards_excerpt":"","teft_show_chapters":false,"author_display_name":"Oslo H\u00f8yre","footnotes":""},"category":[1],"post_tag":[],"hoyre-visibility":[],"article-type":[],"politician":[],"class_list":["post-1700","post","type-post","status-publish","format-standard","hentry","category-nyheter"],"yoast_head":"<!-- This site is optimized with the Yoast SEO Premium plugin v26.5 (Yoast SEO v26.6) - https:\/\/yoast.com\/wordpress\/plugins\/seo\/ -->\n<title>M\u00e5 sees i sammenheng - Oslo H\u00f8yre<\/title>\n<meta name=\"robots\" content=\"index, follow, max-snippet:-1, max-image-preview:large, max-video-preview:-1\" \/>\n<link rel=\"canonical\" href=\"https:\/\/hoyre.no\/oslo\/aktuelt\/barnehage-og-skole-ma-sees-i-sammenheng\/\" \/>\n<meta property=\"og:locale\" content=\"nb_NO\" \/>\n<meta property=\"og:type\" content=\"article\" \/>\n<meta property=\"og:title\" content=\"M\u00e5 sees i sammenheng\" \/>\n<meta property=\"og:url\" content=\"https:\/\/hoyre.no\/oslo\/aktuelt\/barnehage-og-skole-ma-sees-i-sammenheng\/\" \/>\n<meta property=\"og:site_name\" content=\"Oslo H\u00f8yre\" \/>\n<meta property=\"article:publisher\" content=\"https:\/\/www.facebook.com\/oslo.hoyre\" \/>\n<meta property=\"article:published_time\" content=\"2014-03-10T09:18:32+00:00\" \/>\n<meta property=\"article:modified_time\" content=\"2022-09-26T13:06:28+00:00\" \/>\n<meta property=\"og:image\" content=\"https:\/\/hoyre.no\/content\/uploads\/sites\/408\/2022\/11\/Hoyres-logo.png\" \/>\n\t<meta property=\"og:image:width\" content=\"1000\" \/>\n\t<meta property=\"og:image:height\" content=\"1000\" \/>\n\t<meta property=\"og:image:type\" content=\"image\/png\" \/>\n<meta name=\"twitter:card\" content=\"summary_large_image\" \/>\n<meta name=\"twitter:label1\" content=\"Ansl. lesetid\" \/>\n\t<meta name=\"twitter:data1\" content=\"2 minutter\" \/>\n<script type=\"application\/ld+json\" class=\"yoast-schema-graph\">{\"@context\":\"https:\/\/schema.org\",\"@graph\":[{\"@type\":\"Article\",\"@id\":\"https:\/\/hoyre.no\/oslo\/aktuelt\/barnehage-og-skole-ma-sees-i-sammenheng\/#article\",\"isPartOf\":{\"@id\":\"https:\/\/hoyre.no\/oslo\/aktuelt\/barnehage-og-skole-ma-sees-i-sammenheng\/\"},\"author\":{\"name\":\"\",\"@id\":\"\"},\"headline\":\"M\u00e5 sees i sammenheng\",\"datePublished\":\"2014-03-10T09:18:32+00:00\",\"dateModified\":\"2022-09-26T13:06:28+00:00\",\"mainEntityOfPage\":{\"@id\":\"https:\/\/hoyre.no\/oslo\/aktuelt\/barnehage-og-skole-ma-sees-i-sammenheng\/\"},\"wordCount\":508,\"publisher\":{\"@id\":\"https:\/\/hoyre.no\/oslo\/#organization\"},\"articleSection\":[\"Nyheter\"],\"inLanguage\":\"nb-NO\"},{\"@type\":\"NewsArticle\",\"@id\":\"https:\/\/hoyre.no\/oslo\/aktuelt\/barnehage-og-skole-ma-sees-i-sammenheng\/\",\"url\":\"https:\/\/hoyre.no\/oslo\/aktuelt\/barnehage-og-skole-ma-sees-i-sammenheng\/\",\"name\":\"M\u00e5 sees i sammenheng - Oslo H\u00f8yre\",\"isPartOf\":{\"@id\":\"https:\/\/hoyre.no\/oslo\/#website\"},\"datePublished\":\"2014-03-10T09:18:32+00:00\",\"dateModified\":\"2022-09-26T13:06:28+00:00\",\"breadcrumb\":{\"@id\":\"https:\/\/hoyre.no\/oslo\/aktuelt\/barnehage-og-skole-ma-sees-i-sammenheng\/#breadcrumb\"},\"inLanguage\":\"nb-NO\",\"potentialAction\":[{\"@type\":\"ReadAction\",\"target\":[\"https:\/\/hoyre.no\/oslo\/aktuelt\/barnehage-og-skole-ma-sees-i-sammenheng\/\"]}]},{\"@type\":\"BreadcrumbList\",\"@id\":\"https:\/\/hoyre.no\/oslo\/aktuelt\/barnehage-og-skole-ma-sees-i-sammenheng\/#breadcrumb\",\"itemListElement\":[{\"@type\":\"ListItem\",\"position\":1,\"name\":\"Til hoyre.no\",\"item\":\"https:\/\/hoyre.no\"},{\"@type\":\"ListItem\",\"position\":2,\"name\":\"Hjem\",\"item\":\"https:\/\/hoyre.no\/oslo\/\"},{\"@type\":\"ListItem\",\"position\":3,\"name\":\"M\u00e5 sees i sammenheng\"}]},{\"@type\":\"WebSite\",\"@id\":\"https:\/\/hoyre.no\/oslo\/#website\",\"url\":\"https:\/\/hoyre.no\/oslo\/\",\"name\":\"Oslo H\u00f8yre\",\"description\":\"\",\"publisher\":{\"@id\":\"https:\/\/hoyre.no\/oslo\/#organization\"},\"inLanguage\":\"nb-NO\"},{\"@type\":\"Organization\",\"@id\":\"https:\/\/hoyre.no\/oslo\/#organization\",\"name\":\"Oslo H\u00f8yre\",\"url\":\"https:\/\/hoyre.no\/oslo\/\",\"logo\":{\"@type\":\"ImageObject\",\"inLanguage\":\"nb-NO\",\"@id\":\"https:\/\/hoyre.no\/oslo\/#\/schema\/logo\/image\/\",\"url\":\"https:\/\/hoyre.no\/content\/uploads\/sites\/408\/2022\/11\/Hoyres-logo.png\",\"contentUrl\":\"https:\/\/hoyre.no\/content\/uploads\/sites\/408\/2022\/11\/Hoyres-logo.png\",\"width\":1000,\"height\":1000,\"caption\":\"Oslo H\u00f8yre\"},\"image\":{\"@id\":\"https:\/\/hoyre.no\/oslo\/#\/schema\/logo\/image\/\"},\"sameAs\":[\"https:\/\/www.facebook.com\/oslo.hoyre\"]}]}<\/script>\n<!-- \/ Yoast SEO Premium plugin. -->","yoast_head_json":{"title":"M\u00e5 sees i sammenheng - Oslo H\u00f8yre","robots":{"index":"index","follow":"follow","max-snippet":"max-snippet:-1","max-image-preview":"max-image-preview:large","max-video-preview":"max-video-preview:-1"},"canonical":"https:\/\/hoyre.no\/oslo\/aktuelt\/barnehage-og-skole-ma-sees-i-sammenheng\/","og_locale":"nb_NO","og_type":"article","og_title":"M\u00e5 sees i sammenheng","og_url":"https:\/\/hoyre.no\/oslo\/aktuelt\/barnehage-og-skole-ma-sees-i-sammenheng\/","og_site_name":"Oslo H\u00f8yre","article_publisher":"https:\/\/www.facebook.com\/oslo.hoyre","article_published_time":"2014-03-10T09:18:32+00:00","article_modified_time":"2022-09-26T13:06:28+00:00","og_image":[{"width":1000,"height":1000,"url":"https:\/\/hoyre.no\/content\/uploads\/sites\/408\/2022\/11\/Hoyres-logo.png","type":"image\/png"}],"twitter_card":"summary_large_image","twitter_misc":{"Ansl. lesetid":"2 minutter"},"schema":{"@context":"https:\/\/schema.org","@graph":[{"@type":"Article","@id":"https:\/\/hoyre.no\/oslo\/aktuelt\/barnehage-og-skole-ma-sees-i-sammenheng\/#article","isPartOf":{"@id":"https:\/\/hoyre.no\/oslo\/aktuelt\/barnehage-og-skole-ma-sees-i-sammenheng\/"},"author":{"name":"","@id":""},"headline":"M\u00e5 sees i sammenheng","datePublished":"2014-03-10T09:18:32+00:00","dateModified":"2022-09-26T13:06:28+00:00","mainEntityOfPage":{"@id":"https:\/\/hoyre.no\/oslo\/aktuelt\/barnehage-og-skole-ma-sees-i-sammenheng\/"},"wordCount":508,"publisher":{"@id":"https:\/\/hoyre.no\/oslo\/#organization"},"articleSection":["Nyheter"],"inLanguage":"nb-NO"},{"@type":"NewsArticle","@id":"https:\/\/hoyre.no\/oslo\/aktuelt\/barnehage-og-skole-ma-sees-i-sammenheng\/","url":"https:\/\/hoyre.no\/oslo\/aktuelt\/barnehage-og-skole-ma-sees-i-sammenheng\/","name":"M\u00e5 sees i sammenheng - Oslo H\u00f8yre","isPartOf":{"@id":"https:\/\/hoyre.no\/oslo\/#website"},"datePublished":"2014-03-10T09:18:32+00:00","dateModified":"2022-09-26T13:06:28+00:00","breadcrumb":{"@id":"https:\/\/hoyre.no\/oslo\/aktuelt\/barnehage-og-skole-ma-sees-i-sammenheng\/#breadcrumb"},"inLanguage":"nb-NO","potentialAction":[{"@type":"ReadAction","target":["https:\/\/hoyre.no\/oslo\/aktuelt\/barnehage-og-skole-ma-sees-i-sammenheng\/"]}]},{"@type":"BreadcrumbList","@id":"https:\/\/hoyre.no\/oslo\/aktuelt\/barnehage-og-skole-ma-sees-i-sammenheng\/#breadcrumb","itemListElement":[{"@type":"ListItem","position":1,"name":"Til hoyre.no","item":"https:\/\/hoyre.no"},{"@type":"ListItem","position":2,"name":"Hjem","item":"https:\/\/hoyre.no\/oslo\/"},{"@type":"ListItem","position":3,"name":"M\u00e5 sees i sammenheng"}]},{"@type":"WebSite","@id":"https:\/\/hoyre.no\/oslo\/#website","url":"https:\/\/hoyre.no\/oslo\/","name":"Oslo H\u00f8yre","description":"","publisher":{"@id":"https:\/\/hoyre.no\/oslo\/#organization"},"inLanguage":"nb-NO"},{"@type":"Organization","@id":"https:\/\/hoyre.no\/oslo\/#organization","name":"Oslo H\u00f8yre","url":"https:\/\/hoyre.no\/oslo\/","logo":{"@type":"ImageObject","inLanguage":"nb-NO","@id":"https:\/\/hoyre.no\/oslo\/#\/schema\/logo\/image\/","url":"https:\/\/hoyre.no\/content\/uploads\/sites\/408\/2022\/11\/Hoyres-logo.png","contentUrl":"https:\/\/hoyre.no\/content\/uploads\/sites\/408\/2022\/11\/Hoyres-logo.png","width":1000,"height":1000,"caption":"Oslo H\u00f8yre"},"image":{"@id":"https:\/\/hoyre.no\/oslo\/#\/schema\/logo\/image\/"},"sameAs":["https:\/\/www.facebook.com\/oslo.hoyre"]}]}},"distributor_meta":false,"distributor_terms":false,"distributor_media":false,"distributor_original_site_name":"Oslo H\u00f8yre","distributor_original_site_url":"https:\/\/hoyre.no\/oslo","push-errors":false,"_links":{"self":[{"href":"https:\/\/hoyre.no\/oslo\/wp-json\/wp\/v2\/posts\/1700","targetHints":{"allow":["GET"]}}],"collection":[{"href":"https:\/\/hoyre.no\/oslo\/wp-json\/wp\/v2\/posts"}],"about":[{"href":"https:\/\/hoyre.no\/oslo\/wp-json\/wp\/v2\/types\/post"}],"replies":[{"embeddable":true,"href":"https:\/\/hoyre.no\/oslo\/wp-json\/wp\/v2\/comments?post=1700"}],"version-history":[{"count":1,"href":"https:\/\/hoyre.no\/oslo\/wp-json\/wp\/v2\/posts\/1700\/revisions"}],"predecessor-version":[{"id":2895,"href":"https:\/\/hoyre.no\/oslo\/wp-json\/wp\/v2\/posts\/1700\/revisions\/2895"}],"wp:attachment":[{"href":"https:\/\/hoyre.no\/oslo\/wp-json\/wp\/v2\/media?parent=1700"}],"wp:term":[{"taxonomy":"category","embeddable":true,"href":"https:\/\/hoyre.no\/oslo\/wp-json\/wp\/v2\/category?post=1700"},{"taxonomy":"post_tag","embeddable":true,"href":"https:\/\/hoyre.no\/oslo\/wp-json\/wp\/v2\/post_tag?post=1700"},{"taxonomy":"hoyre-visibility","embeddable":true,"href":"https:\/\/hoyre.no\/oslo\/wp-json\/wp\/v2\/hoyre-visibility?post=1700"},{"taxonomy":"article-type","embeddable":true,"href":"https:\/\/hoyre.no\/oslo\/wp-json\/wp\/v2\/article-type?post=1700"},{"taxonomy":"politician","embeddable":true,"href":"https:\/\/hoyre.no\/oslo\/wp-json\/wp\/v2\/politician?post=1700"}],"curies":[{"name":"wp","href":"https:\/\/api.w.org\/{rel}","templated":true}]}}