{"id":1705,"date":"2014-03-04T10:24:14","date_gmt":"2014-03-04T10:24:14","guid":{"rendered":"https:\/\/hoyre.no\/oslo\/aktuelt\/osloskolen-pa-rett-vei\/"},"modified":"2022-09-26T15:06:29","modified_gmt":"2022-09-26T13:06:29","slug":"osloskolen-pa-rett-vei","status":"publish","type":"post","link":"https:\/\/hoyre.no\/oslo\/aktuelt\/osloskolen-pa-rett-vei\/","title":{"rendered":"Osloskolen p\u00e5 rett vei"},"content":{"rendered":"<figure class=\"hoyre-image-wrapper\"><div class=\"hoyre-image\"><img loading=\"lazy\" decoding=\"async\" width=\"800\" height=\"529\" src=\"https:\/\/hoyre.no\/content\/uploads\/sites\/408\/2022\/09\/Frogner-hoyres-arsmote-2013-7.jpg\" class=\"attachment-scaled size-scaled\" alt=\"\" style=\"object-position: 50% 50%\" srcset=\"https:\/\/hoyre.no\/content\/uploads\/sites\/408\/2022\/09\/Frogner-hoyres-arsmote-2013-7.jpg 800w, https:\/\/hoyre.no\/content\/uploads\/sites\/408\/2022\/09\/Frogner-hoyres-arsmote-2013-7-300x198.jpg 300w, https:\/\/hoyre.no\/content\/uploads\/sites\/408\/2022\/09\/Frogner-hoyres-arsmote-2013-7-768x508.jpg 768w\" sizes=\"auto, (max-width: 800px) 100vw, 800px\" \/><\/div><\/figure><div id=\"hoyre-old-article-content-wrapper\"><p>Hvordan kom vi, verdens rikeste land, i den situasjon at 400.000 voksne mennesker har utfordringer med \u00e5 lese og regne?<\/p><p>Anniken Hauglie, skolebyr\u00e5d i Oslo (H)<\/p><p>Samme dag (18.02) som l\u00e6rer Anders Sveen skriver i Aftenposten om \u201dOsloskolen p\u00e5 ville veier\u201d, leser jeg i VG et stort oppslag om en ny OECD-rapport som viser at for mange unge rekrutteres til trygd og \u201dnaving\u201d p\u00e5 grunn av frafall i skolen og manglende ferdigheter i lesing og regning. Sveen kritiserer Osloskolens m\u00e5l om h\u00f8yere karaktersnitt, m\u00e5lstyring og ledelsessystemet.<\/p><p>OECD-rapporten viser at 400 000 voksne i Norge er p\u00e5 laveste ferdighetsniv\u00e5 i lesing eller regning. I tillegg er 14 pst av de i arbeidsf\u00f8r alder uf\u00f8retrygdet eller p\u00e5 arbeidsavklaringspenger og tilbakef\u00f8ringen fra trygd til arbeid er sv\u00e6rt lav i Norge sammenlignet med andre land. Rapporten viser ogs\u00e5 at ungdom mellom 16-24 \u00e5r som dropper ut av skolen og i neste omgang blir trygdemottakere, er vanskelig \u00e5 f\u00e5 tilbake i jobb. Hvordan kom vi, verdens rikeste land, i den situasjon at 400 000 voksne mennesker har utfordringer med \u00e5 lese og regne?<\/p><blockquote><p>OECD-rapporten viser at 400 000 voksne i Norge er p\u00e5 laveste ferdighetsniv\u00e5 i lesing eller regning.<\/p><\/blockquote><h2>For mange under radaren<\/h2><p>SSB har tidligere i \u00e5r presentert tall som viser at av 15 \u00e5ringene med karakteren 3 eller d\u00e5rligere i snitt fra det siste \u00e5ret p\u00e5 ungdomsskolen mottar en av fem en trygdeytelse som 24 \u00e5ring. Dette er alvorlig for den det gjelder, men ogs\u00e5 for samfunnet som helhet. Sp\u00f8rsm\u00e5let er om historien kunne ha endt annerledes. Hvordan kunne det g\u00e5tt med denne 15 \u00e5ringen dersom han \u2013 for det er oftest en han &#8211; hadde blitt fanget opp og hjulpet p\u00e5 rett vei tidligere?<\/p><p>Alt for mange elever har g\u00e5tt under radaren for lenge, med manglende ferdigheter, huller p\u00e5 vitnem\u00e5let og frafall fra skolen som konsekvens. Manglende, og kanskje feil, oppf\u00f8lging har skapt tapere av mennesker med et potensial til noe annet og bedre. Er problemet for mye m\u00e5lstyring og for h\u00f8ye karakterforventinger i skolen? Jeg mener svaret er nei.<\/p><h2>Tydelig ledelse og forventninger<\/h2><p>Mitt m\u00e5l for Osloskolen er at flere elever skal fullf\u00f8re og best\u00e5, at skolen s\u00f8rger for at elevene har tilegnet seg grunnleggende ferdigheter i l\u00f8pet av skolel\u00f8pet og at alle elever skal ha noe \u00e5 strekke seg etter. Disse m\u00e5lene styres Osloskolen etter, og alle tiltak skal ogs\u00e5 st\u00f8tte oppunder dette. Resultater fra nasjonale pr\u00f8ver viser at Osloskolen er i tet i landet. Etter min vurdering er de viktigste suksesskriteriene tydelig skoleledelse, tydelig klasseledelse og klare forventninger til elevene.<\/p><p>Resultatene i Osloskolene er menneskeskapt av de titusener av elever, l\u00e6rere og skoleledere som hver dag st\u00e5r p\u00e5. Dagens rektorer har god oversikt over hva som foreg\u00e5r i det enkelte klasserom og hvordan elevene ligger an. Sakker elever akterut, settes det inn tiltak i form av egne kurs i skoletiden og tilbud om leksehjelp. Elever ved 11 ungdomsskoler i Groruddalen velger ogs\u00e5 frivillig leksehjelp p\u00e5 l\u00f8rdager. Elevunders\u00f8kelsen viser at Osloelevene trives godt, er motiverte og etterlyser i tillegg st\u00f8rre faglige utfordringer.<\/p><h2>Dannelse og kunnskap samme sak<\/h2><p>Skolen skal ikke bare gi utdannelse men ogs\u00e5 dannelse. Jeg er derfor enig med Sveen i at skolen skal bidra til at eleven ogs\u00e5 blir gagns menneske, utvikle kreative og estetiske evner, og alt som ikke kan m\u00e5les med en karakter. Men jeg ser ingen motsetning mellom det, og at skolen ogs\u00e5 s\u00f8rger for at alle elevene g\u00e5r ut av skolen med ferdigheter og faglig ballast nok til at de kan st\u00e5 p\u00e5 egen ben n\u00e5r de g\u00e5r ut, f\u00e5 seg arbeid og fors\u00f8rge seg selv og sin familie n\u00e5r den tid kommer.<\/p><p><em>\u00a0Dette innlegget stod p\u00e5 trykk i Aftenposten 04. mars 2014<\/em><\/p><p><em>Foto: colourbox.com<\/em><\/p><p>&nbsp;<\/p>\n<\/div>\n<div class=\"tags\">\n\t<\/div>\n<div class=\"post-footer alignfull has-background block-editor-block-list__block\" data-align=full>\n\t<div class=\"post-footer-inner\">\n\t\t<h3>Relaterte artikler<\/h3>\n\t\t<div class=\"related-content\"><div class=\"is-card-hoyre\">\n\t<div class=\"teft-card hoyre-teft-card post-teft-card\">\n\t\t<a href=\"https:\/\/hoyre.no\/oslo\/aktuelt\/mdg-moralismen-fornekter-seg-ikke\/\" class=\"teft-card__primary-action\">\n\n\t\t\t\t\t<div class=\"teft-card__media teft-card__media--16-9\">\n\t\t\t\t\t\t<img loading=\"lazy\" decoding=\"async\" width=\"768\" height=\"512\" src=\"https:\/\/hoyre.no\/content\/uploads\/sites\/408\/2024\/01\/QZQlxtOC-768x512.jpeg\" class=\"attachment-medium_large size-medium_large\" alt=\"Merete Agerbak-Jensen\" srcset=\"https:\/\/hoyre.no\/content\/uploads\/sites\/408\/2024\/01\/QZQlxtOC-768x512.jpeg 768w, https:\/\/hoyre.no\/content\/uploads\/sites\/408\/2024\/01\/QZQlxtOC-300x200.jpeg 300w, https:\/\/hoyre.no\/content\/uploads\/sites\/408\/2024\/01\/QZQlxtOC-1024x683.jpeg 1024w, https:\/\/hoyre.no\/content\/uploads\/sites\/408\/2024\/01\/QZQlxtOC-1536x1024.jpeg 1536w, https:\/\/hoyre.no\/content\/uploads\/sites\/408\/2024\/01\/QZQlxtOC-2048x1365.jpeg 2048w\" sizes=\"auto, (max-width: 768px) 100vw, 768px\" \/>\t\t<\/div>\n\t\t\n\t\t\t<div class=\"teft-card__content-wrapper\">\n\t\t\t\t<div class=\"teft-card__secondary\">\n\t\t\t\t\t\n\t\t\t\t\t\t\t\t<div class=\"teft-card__meta\">\n\t\t\t\t\t\t\t\t\t<span class=\"post-date\">23. apr 2026<\/span>\n\n\t\t\t\t\t\t\t\t\t\t\t\t\t\t\t\t\t<\/div>\n\t\t\t\t\t\t\t\t\t\t\t<\/div>\n\n\t\t\t\t<div class=\"teft-card__primary\">\n\t\t\t\t\t<h2 class=\"teft-card__title\">MDG-moralismen fornekter seg ikke&nbsp;<span class=\"teft-card__primary-title-append\"><\/span><\/h2>\t\t\t\t<\/div>\n\t\t\t<\/div>\n\t\t<\/a>\n\t<\/div>\n\n\t<\/div><div class=\"is-card-hoyre\">\n\t<div class=\"teft-card hoyre-teft-card post-teft-card\">\n\t\t<a href=\"https:\/\/hoyre.no\/oslo\/aktuelt\/raskere-og-enklere-a-bygge-boliger-og-skape-arbeidsplasser-i-oslo\/\" class=\"teft-card__primary-action\">\n\n\t\t\t\t\t<div class=\"teft-card__media teft-card__media--16-9\">\n\t\t\t\t\t\t<img loading=\"lazy\" decoding=\"async\" width=\"768\" height=\"576\" src=\"https:\/\/hoyre.no\/content\/uploads\/sites\/408\/2026\/04\/Eirik-Lae-Solberg-og-Anita-Leirvik-North-768x576.jpg\" class=\"attachment-medium_large size-medium_large\" alt=\"\" srcset=\"https:\/\/hoyre.no\/content\/uploads\/sites\/408\/2026\/04\/Eirik-Lae-Solberg-og-Anita-Leirvik-North-768x576.jpg 768w, https:\/\/hoyre.no\/content\/uploads\/sites\/408\/2026\/04\/Eirik-Lae-Solberg-og-Anita-Leirvik-North-300x225.jpg 300w, https:\/\/hoyre.no\/content\/uploads\/sites\/408\/2026\/04\/Eirik-Lae-Solberg-og-Anita-Leirvik-North.jpg 901w\" sizes=\"auto, (max-width: 768px) 100vw, 768px\" \/>\t\t<\/div>\n\t\t\n\t\t\t<div class=\"teft-card__content-wrapper\">\n\t\t\t\t<div class=\"teft-card__secondary\">\n\t\t\t\t\t\n\t\t\t\t\t\t\t\t<div class=\"teft-card__meta\">\n\t\t\t\t\t\t\t\t\t<span class=\"post-date\">14. apr 2026<\/span>\n\n\t\t\t\t\t\t\t\t\t<span class=\"post-category\">Har lagt frem ny KPA:<\/span>\t\t\t\t\t\t\t\t<\/div>\n\t\t\t\t\t\t\t\t\t\t\t<\/div>\n\n\t\t\t\t<div class=\"teft-card__primary\">\n\t\t\t\t\t<h2 class=\"teft-card__title\">Raskere og enklere \u00e5 bygge boliger og skape arbeidsplasser i Oslo&nbsp;<span class=\"teft-card__primary-title-append\"><\/span><\/h2>\t\t\t\t<\/div>\n\t\t\t<\/div>\n\t\t<\/a>\n\t<\/div>\n\n\t<\/div><div class=\"is-card-hoyre\">\n\t<div class=\"teft-card hoyre-teft-card post-teft-card\">\n\t\t<a href=\"https:\/\/hoyre.no\/oslo\/aktuelt\/bedre-elevresultater-og-en-skoleokonomi-i-balanse-med-blagront-byrad\/\" class=\"teft-card__primary-action\">\n\n\t\t\t\t\t<div class=\"teft-card__media teft-card__media--16-9\">\n\t\t\t\t\t\t<img loading=\"lazy\" decoding=\"async\" width=\"768\" height=\"512\" src=\"https:\/\/hoyre.no\/content\/uploads\/sites\/408\/2025\/05\/IMG_6440-768x512.jpeg\" class=\"attachment-medium_large size-medium_large\" alt=\"Julie Remen Midtgarden\" srcset=\"https:\/\/hoyre.no\/content\/uploads\/sites\/408\/2025\/05\/IMG_6440-768x512.jpeg 768w, https:\/\/hoyre.no\/content\/uploads\/sites\/408\/2025\/05\/IMG_6440-300x200.jpeg 300w, https:\/\/hoyre.no\/content\/uploads\/sites\/408\/2025\/05\/IMG_6440-1024x683.jpeg 1024w, https:\/\/hoyre.no\/content\/uploads\/sites\/408\/2025\/05\/IMG_6440-1536x1024.jpeg 1536w, https:\/\/hoyre.no\/content\/uploads\/sites\/408\/2025\/05\/IMG_6440-2048x1365.jpeg 2048w\" sizes=\"auto, (max-width: 768px) 100vw, 768px\" \/>\t\t<\/div>\n\t\t\n\t\t\t<div class=\"teft-card__content-wrapper\">\n\t\t\t\t<div class=\"teft-card__secondary\">\n\t\t\t\t\t\n\t\t\t\t\t\t\t\t<div class=\"teft-card__meta\">\n\t\t\t\t\t\t\t\t\t<span class=\"post-date\">26. mar 2026<\/span>\n\n\t\t\t\t\t\t\t\t\t\t\t\t\t\t\t\t\t<\/div>\n\t\t\t\t\t\t\t\t\t\t\t<\/div>\n\n\t\t\t\t<div class=\"teft-card__primary\">\n\t\t\t\t\t<h2 class=\"teft-card__title\">Bedre elevresultater og en skole\u00f8konomi i balanse med bl\u00e5gr\u00f8nt byr\u00e5d&nbsp;<span class=\"teft-card__primary-title-append\"><\/span><\/h2>\t\t\t\t<\/div>\n\t\t\t<\/div>\n\t\t<\/a>\n\t<\/div>\n\n\t<\/div><\/div>\t<\/div>\n<\/div>\n","protected":false},"excerpt":{"rendered":"","protected":false},"author":0,"featured_media":0,"comment_status":"closed","ping_status":"open","sticky":false,"template":"","format":"standard","meta":{"teft_cards_image_url":"","teft_cards_custom_pretitle":"","teft_cards_image_id":0,"teft_cards_image_focal_point_x":0,"teft_cards_image_focal_point_y":0,"teft_cards_title":"","teft_cards_excerpt":"","teft_show_chapters":false,"author_display_name":"Oslo H\u00f8yre","footnotes":""},"category":[1],"post_tag":[],"hoyre-visibility":[],"article-type":[],"politician":[],"class_list":["post-1705","post","type-post","status-publish","format-standard","hentry","category-nyheter"],"yoast_head":"<!-- This site is optimized with the Yoast SEO Premium plugin v26.5 (Yoast SEO v26.6) - https:\/\/yoast.com\/wordpress\/plugins\/seo\/ -->\n<title>Osloskolen p\u00e5 rett vei - Oslo H\u00f8yre<\/title>\n<meta name=\"robots\" content=\"index, follow, max-snippet:-1, max-image-preview:large, max-video-preview:-1\" \/>\n<link rel=\"canonical\" href=\"https:\/\/hoyre.no\/oslo\/aktuelt\/osloskolen-pa-rett-vei\/\" \/>\n<meta property=\"og:locale\" content=\"nb_NO\" \/>\n<meta property=\"og:type\" content=\"article\" \/>\n<meta property=\"og:title\" content=\"Osloskolen p\u00e5 rett vei\" \/>\n<meta property=\"og:url\" content=\"https:\/\/hoyre.no\/oslo\/aktuelt\/osloskolen-pa-rett-vei\/\" \/>\n<meta property=\"og:site_name\" content=\"Oslo H\u00f8yre\" \/>\n<meta property=\"article:publisher\" content=\"https:\/\/www.facebook.com\/oslo.hoyre\" \/>\n<meta property=\"article:published_time\" content=\"2014-03-04T10:24:14+00:00\" \/>\n<meta property=\"article:modified_time\" content=\"2022-09-26T13:06:29+00:00\" \/>\n<meta property=\"og:image\" content=\"https:\/\/hoyre.no\/content\/uploads\/sites\/408\/2022\/11\/Hoyres-logo.png\" \/>\n\t<meta property=\"og:image:width\" content=\"1000\" \/>\n\t<meta property=\"og:image:height\" content=\"1000\" \/>\n\t<meta property=\"og:image:type\" content=\"image\/png\" \/>\n<meta name=\"twitter:card\" content=\"summary_large_image\" \/>\n<meta name=\"twitter:label1\" content=\"Ansl. lesetid\" \/>\n\t<meta name=\"twitter:data1\" content=\"3 minutter\" \/>\n<script type=\"application\/ld+json\" class=\"yoast-schema-graph\">{\"@context\":\"https:\/\/schema.org\",\"@graph\":[{\"@type\":\"Article\",\"@id\":\"https:\/\/hoyre.no\/oslo\/aktuelt\/osloskolen-pa-rett-vei\/#article\",\"isPartOf\":{\"@id\":\"https:\/\/hoyre.no\/oslo\/aktuelt\/osloskolen-pa-rett-vei\/\"},\"author\":{\"name\":\"\",\"@id\":\"\"},\"headline\":\"Osloskolen p\u00e5 rett vei\",\"datePublished\":\"2014-03-04T10:24:14+00:00\",\"dateModified\":\"2022-09-26T13:06:29+00:00\",\"mainEntityOfPage\":{\"@id\":\"https:\/\/hoyre.no\/oslo\/aktuelt\/osloskolen-pa-rett-vei\/\"},\"wordCount\":650,\"publisher\":{\"@id\":\"https:\/\/hoyre.no\/oslo\/#organization\"},\"articleSection\":[\"Nyheter\"],\"inLanguage\":\"nb-NO\"},{\"@type\":\"NewsArticle\",\"@id\":\"https:\/\/hoyre.no\/oslo\/aktuelt\/osloskolen-pa-rett-vei\/\",\"url\":\"https:\/\/hoyre.no\/oslo\/aktuelt\/osloskolen-pa-rett-vei\/\",\"name\":\"Osloskolen p\u00e5 rett vei - Oslo H\u00f8yre\",\"isPartOf\":{\"@id\":\"https:\/\/hoyre.no\/oslo\/#website\"},\"datePublished\":\"2014-03-04T10:24:14+00:00\",\"dateModified\":\"2022-09-26T13:06:29+00:00\",\"breadcrumb\":{\"@id\":\"https:\/\/hoyre.no\/oslo\/aktuelt\/osloskolen-pa-rett-vei\/#breadcrumb\"},\"inLanguage\":\"nb-NO\",\"potentialAction\":[{\"@type\":\"ReadAction\",\"target\":[\"https:\/\/hoyre.no\/oslo\/aktuelt\/osloskolen-pa-rett-vei\/\"]}]},{\"@type\":\"BreadcrumbList\",\"@id\":\"https:\/\/hoyre.no\/oslo\/aktuelt\/osloskolen-pa-rett-vei\/#breadcrumb\",\"itemListElement\":[{\"@type\":\"ListItem\",\"position\":1,\"name\":\"Til hoyre.no\",\"item\":\"https:\/\/hoyre.no\"},{\"@type\":\"ListItem\",\"position\":2,\"name\":\"Hjem\",\"item\":\"https:\/\/hoyre.no\/oslo\/\"},{\"@type\":\"ListItem\",\"position\":3,\"name\":\"Osloskolen p\u00e5 rett vei\"}]},{\"@type\":\"WebSite\",\"@id\":\"https:\/\/hoyre.no\/oslo\/#website\",\"url\":\"https:\/\/hoyre.no\/oslo\/\",\"name\":\"Oslo H\u00f8yre\",\"description\":\"\",\"publisher\":{\"@id\":\"https:\/\/hoyre.no\/oslo\/#organization\"},\"inLanguage\":\"nb-NO\"},{\"@type\":\"Organization\",\"@id\":\"https:\/\/hoyre.no\/oslo\/#organization\",\"name\":\"Oslo H\u00f8yre\",\"url\":\"https:\/\/hoyre.no\/oslo\/\",\"logo\":{\"@type\":\"ImageObject\",\"inLanguage\":\"nb-NO\",\"@id\":\"https:\/\/hoyre.no\/oslo\/#\/schema\/logo\/image\/\",\"url\":\"https:\/\/hoyre.no\/content\/uploads\/sites\/408\/2022\/11\/Hoyres-logo.png\",\"contentUrl\":\"https:\/\/hoyre.no\/content\/uploads\/sites\/408\/2022\/11\/Hoyres-logo.png\",\"width\":1000,\"height\":1000,\"caption\":\"Oslo H\u00f8yre\"},\"image\":{\"@id\":\"https:\/\/hoyre.no\/oslo\/#\/schema\/logo\/image\/\"},\"sameAs\":[\"https:\/\/www.facebook.com\/oslo.hoyre\"]}]}<\/script>\n<!-- \/ Yoast SEO Premium plugin. -->","yoast_head_json":{"title":"Osloskolen p\u00e5 rett vei - Oslo H\u00f8yre","robots":{"index":"index","follow":"follow","max-snippet":"max-snippet:-1","max-image-preview":"max-image-preview:large","max-video-preview":"max-video-preview:-1"},"canonical":"https:\/\/hoyre.no\/oslo\/aktuelt\/osloskolen-pa-rett-vei\/","og_locale":"nb_NO","og_type":"article","og_title":"Osloskolen p\u00e5 rett vei","og_url":"https:\/\/hoyre.no\/oslo\/aktuelt\/osloskolen-pa-rett-vei\/","og_site_name":"Oslo H\u00f8yre","article_publisher":"https:\/\/www.facebook.com\/oslo.hoyre","article_published_time":"2014-03-04T10:24:14+00:00","article_modified_time":"2022-09-26T13:06:29+00:00","og_image":[{"width":1000,"height":1000,"url":"https:\/\/hoyre.no\/content\/uploads\/sites\/408\/2022\/11\/Hoyres-logo.png","type":"image\/png"}],"twitter_card":"summary_large_image","twitter_misc":{"Ansl. lesetid":"3 minutter"},"schema":{"@context":"https:\/\/schema.org","@graph":[{"@type":"Article","@id":"https:\/\/hoyre.no\/oslo\/aktuelt\/osloskolen-pa-rett-vei\/#article","isPartOf":{"@id":"https:\/\/hoyre.no\/oslo\/aktuelt\/osloskolen-pa-rett-vei\/"},"author":{"name":"","@id":""},"headline":"Osloskolen p\u00e5 rett vei","datePublished":"2014-03-04T10:24:14+00:00","dateModified":"2022-09-26T13:06:29+00:00","mainEntityOfPage":{"@id":"https:\/\/hoyre.no\/oslo\/aktuelt\/osloskolen-pa-rett-vei\/"},"wordCount":650,"publisher":{"@id":"https:\/\/hoyre.no\/oslo\/#organization"},"articleSection":["Nyheter"],"inLanguage":"nb-NO"},{"@type":"NewsArticle","@id":"https:\/\/hoyre.no\/oslo\/aktuelt\/osloskolen-pa-rett-vei\/","url":"https:\/\/hoyre.no\/oslo\/aktuelt\/osloskolen-pa-rett-vei\/","name":"Osloskolen p\u00e5 rett vei - Oslo H\u00f8yre","isPartOf":{"@id":"https:\/\/hoyre.no\/oslo\/#website"},"datePublished":"2014-03-04T10:24:14+00:00","dateModified":"2022-09-26T13:06:29+00:00","breadcrumb":{"@id":"https:\/\/hoyre.no\/oslo\/aktuelt\/osloskolen-pa-rett-vei\/#breadcrumb"},"inLanguage":"nb-NO","potentialAction":[{"@type":"ReadAction","target":["https:\/\/hoyre.no\/oslo\/aktuelt\/osloskolen-pa-rett-vei\/"]}]},{"@type":"BreadcrumbList","@id":"https:\/\/hoyre.no\/oslo\/aktuelt\/osloskolen-pa-rett-vei\/#breadcrumb","itemListElement":[{"@type":"ListItem","position":1,"name":"Til hoyre.no","item":"https:\/\/hoyre.no"},{"@type":"ListItem","position":2,"name":"Hjem","item":"https:\/\/hoyre.no\/oslo\/"},{"@type":"ListItem","position":3,"name":"Osloskolen p\u00e5 rett vei"}]},{"@type":"WebSite","@id":"https:\/\/hoyre.no\/oslo\/#website","url":"https:\/\/hoyre.no\/oslo\/","name":"Oslo H\u00f8yre","description":"","publisher":{"@id":"https:\/\/hoyre.no\/oslo\/#organization"},"inLanguage":"nb-NO"},{"@type":"Organization","@id":"https:\/\/hoyre.no\/oslo\/#organization","name":"Oslo H\u00f8yre","url":"https:\/\/hoyre.no\/oslo\/","logo":{"@type":"ImageObject","inLanguage":"nb-NO","@id":"https:\/\/hoyre.no\/oslo\/#\/schema\/logo\/image\/","url":"https:\/\/hoyre.no\/content\/uploads\/sites\/408\/2022\/11\/Hoyres-logo.png","contentUrl":"https:\/\/hoyre.no\/content\/uploads\/sites\/408\/2022\/11\/Hoyres-logo.png","width":1000,"height":1000,"caption":"Oslo H\u00f8yre"},"image":{"@id":"https:\/\/hoyre.no\/oslo\/#\/schema\/logo\/image\/"},"sameAs":["https:\/\/www.facebook.com\/oslo.hoyre"]}]}},"distributor_meta":false,"distributor_terms":false,"distributor_media":false,"distributor_original_site_name":"Oslo H\u00f8yre","distributor_original_site_url":"https:\/\/hoyre.no\/oslo","push-errors":false,"_links":{"self":[{"href":"https:\/\/hoyre.no\/oslo\/wp-json\/wp\/v2\/posts\/1705","targetHints":{"allow":["GET"]}}],"collection":[{"href":"https:\/\/hoyre.no\/oslo\/wp-json\/wp\/v2\/posts"}],"about":[{"href":"https:\/\/hoyre.no\/oslo\/wp-json\/wp\/v2\/types\/post"}],"replies":[{"embeddable":true,"href":"https:\/\/hoyre.no\/oslo\/wp-json\/wp\/v2\/comments?post=1705"}],"version-history":[{"count":1,"href":"https:\/\/hoyre.no\/oslo\/wp-json\/wp\/v2\/posts\/1705\/revisions"}],"predecessor-version":[{"id":2900,"href":"https:\/\/hoyre.no\/oslo\/wp-json\/wp\/v2\/posts\/1705\/revisions\/2900"}],"wp:attachment":[{"href":"https:\/\/hoyre.no\/oslo\/wp-json\/wp\/v2\/media?parent=1705"}],"wp:term":[{"taxonomy":"category","embeddable":true,"href":"https:\/\/hoyre.no\/oslo\/wp-json\/wp\/v2\/category?post=1705"},{"taxonomy":"post_tag","embeddable":true,"href":"https:\/\/hoyre.no\/oslo\/wp-json\/wp\/v2\/post_tag?post=1705"},{"taxonomy":"hoyre-visibility","embeddable":true,"href":"https:\/\/hoyre.no\/oslo\/wp-json\/wp\/v2\/hoyre-visibility?post=1705"},{"taxonomy":"article-type","embeddable":true,"href":"https:\/\/hoyre.no\/oslo\/wp-json\/wp\/v2\/article-type?post=1705"},{"taxonomy":"politician","embeddable":true,"href":"https:\/\/hoyre.no\/oslo\/wp-json\/wp\/v2\/politician?post=1705"}],"curies":[{"name":"wp","href":"https:\/\/api.w.org\/{rel}","templated":true}]}}