{"id":1710,"date":"2014-02-28T14:28:52","date_gmt":"2014-02-28T14:28:52","guid":{"rendered":"https:\/\/hoyre.no\/oslo\/aktuelt\/trygghet-og-omsorg-for-barna-er-felles-mal\/"},"modified":"2022-09-26T15:06:30","modified_gmt":"2022-09-26T13:06:30","slug":"trygghet-og-omsorg-for-barna-er-felles-mal","status":"publish","type":"post","link":"https:\/\/hoyre.no\/oslo\/aktuelt\/trygghet-og-omsorg-for-barna-er-felles-mal\/","title":{"rendered":"Trygghet og omsorg er felles m\u00e5l"},"content":{"rendered":"<figure class=\"hoyre-image-wrapper\"><div class=\"hoyre-image\"><img loading=\"lazy\" decoding=\"async\" width=\"800\" height=\"588\" src=\"https:\/\/hoyre.no\/content\/uploads\/sites\/408\/2022\/09\/mette-live.jpg\" class=\"attachment-scaled size-scaled\" alt=\"Blide som solen og s\u00f8te som Solberg-Toddy\" style=\"object-position: 50% 50%\" srcset=\"https:\/\/hoyre.no\/content\/uploads\/sites\/408\/2022\/09\/mette-live.jpg 800w, https:\/\/hoyre.no\/content\/uploads\/sites\/408\/2022\/09\/mette-live-300x221.jpg 300w, https:\/\/hoyre.no\/content\/uploads\/sites\/408\/2022\/09\/mette-live-768x564.jpg 768w\" sizes=\"auto, (max-width: 800px) 100vw, 800px\" \/><\/div><\/figure><div id=\"hoyre-old-article-content-wrapper\"><p>Verdien av et trygt fang \u00e5 sitte p\u00e5 kan ikke m\u00e5les i kroner og \u00f8re.<\/p><p><em>Av Saida Begum og Eirik Koller\u00f8y, begge medlemmer av Kultur og utdanningskomiteen i Oslobystyre.<\/em><\/p><p>\u00ab\u00c5 la en ett\u00e5ring sitte p\u00e5 fanget er kanskje ikke \u00f8konomisk l\u00f8nnsomt, men barnet trenger det for \u00e5 f\u00f8le trygghet\u00bb, skriver Geir Kjetil Sandve og Lars Smith<a target=\"_blank\" href=\"http:\/\/www.aftenposten.no\/meninger\/debatt\/Verdien-av-et-fang-a-sitte-pa-7461835.html#.UxCbxV6d7Lk\" rel=\"noopener noreferrer\"> i et innlegg 7.2. i Aftenposten<\/a> velger \u00e5 illustrere innlegget med bildet av et gr\u00e5tkvalt barn, som forteller mer enn 1000 ord, &#8211; bevisst eller ubevisst? Bakgrunnen er Oslo kommunes konkurranseutsetting av syv barnehager.<\/p><p>Det finnes knapt en politiker som ikke vil v\u00e6re enige med artikkelforfatterne; Verdien av et trygt fang \u00e5 sitte p\u00e5 kan ikke m\u00e5les i kroner og \u00f8re.<\/p><p>Sandve og Smith legger stor vekt p\u00e5 at PricewaterhouseCoopers (PwC) har utarbeidet en rapport om konkurranseutsetting av barnehager i Oslo. Bystyret har ikke vedtatt at PwC-rapporten skal ligge til grunn for konkurranseutsettingen. PwC-rapporten er kun et fagdokument som skisserer muligheter, forutsetninger og utfordringer, og har fulgt som del av beslutningsgrunnlaget til bystyret slik det ofte er i mange saker.<\/p><p>Det er kravspesifikasjonene som er avgj\u00f8rende. I anbudsgrunnlaget er kvalitet vektlagt langt tyngre enn pris. Tilbydere m\u00e5 kunne dokumentere ordnede l\u00f8nns- og arbeidsvilk\u00e5r, og de m\u00e5 ha en plan for bemanning og kompetanse.<\/p><p>Det hevdes at mange ansatte vil slutte allerede lenge f\u00f8r man vet hva slags betingelser en ny arbeidsgiver stiller med. Alle de ber\u00f8rte ansatte har muligheten til \u00e5 vente og se hva en ny arbeidsgiver legger p\u00e5 bordet av l\u00f8nns og pensjonsvilk\u00e5r, og fortsatt ha muligheten til \u00e5 reservere seg mot \u00e5 bli overf\u00f8rt fra Oslo kommune, uten risiko for tap av egne \u00f8konomiske interesser.<\/p><blockquote><p>Krav til bemanning er nedfelt i barnehageloven, som m\u00e5 f\u00f8lges av alle som skal drive barnehage.<\/p><\/blockquote><p>Ny arbeidsgiver skal sikre ansattes rett til videre opptjening i en kollektiv pensjonsordning, og kan velge \u00e5 gj\u00f8re eksisterende pensjonsordning gjeldende for de overf\u00f8rte arbeidstakerne.<\/p><p>\u00abDet vi i det minste kan s\u00f8rge for er at barnehagene har god bemanning\u2026\u00bb skriver artikkelforfatterne. Det er vi enige i. Krav til bemanning er nedfelt i barnehageloven, som m\u00e5 f\u00f8lges av alle som skal drive barnehage. Den sl\u00e5r fast detaljerte bestemmelser om pedagtettheten og at assistentbemanningen skal v\u00e6re tilstrekkelig. Alle landets kommuner kommunale og private barnehager f\u00f8lger denne bestemmelsen.<\/p><p>Til sist er hva som er god bemanning i den enkelte barnehage et sp\u00f8rsm\u00e5l om foreldrene f\u00f8ler seg trygge p\u00e5 at deres barn har det bra. Bydelen vil f\u00f8re tilsyn med at krav til kvalitet og pedagogisk innhold f\u00f8lges opp.<\/p><p>Oslos barnehager skal gi barna trygghet, og et godt pedagogisk innhold. Den ambisjonen har H\u00f8yre i Oslo.<\/p><p><em>Foto: colourbox.com<\/em><\/p><p>&nbsp;<\/p><p>&nbsp;<\/p><p>&nbsp;<\/p>\n<\/div>\n<div class=\"tags\">\n\t<\/div>\n<div class=\"post-footer alignfull has-background block-editor-block-list__block\" data-align=full>\n\t<div class=\"post-footer-inner\">\n\t\t<h3>Relaterte artikler<\/h3>\n\t\t<div class=\"related-content\"><div class=\"is-card-hoyre\">\n\t<div class=\"teft-card hoyre-teft-card post-teft-card\">\n\t\t<a href=\"https:\/\/hoyre.no\/oslo\/aktuelt\/mdg-moralismen-fornekter-seg-ikke\/\" class=\"teft-card__primary-action\">\n\n\t\t\t\t\t<div class=\"teft-card__media teft-card__media--16-9\">\n\t\t\t\t\t\t<img loading=\"lazy\" decoding=\"async\" width=\"768\" height=\"512\" src=\"https:\/\/hoyre.no\/content\/uploads\/sites\/408\/2024\/01\/QZQlxtOC-768x512.jpeg\" class=\"attachment-medium_large size-medium_large\" alt=\"Merete Agerbak-Jensen\" srcset=\"https:\/\/hoyre.no\/content\/uploads\/sites\/408\/2024\/01\/QZQlxtOC-768x512.jpeg 768w, https:\/\/hoyre.no\/content\/uploads\/sites\/408\/2024\/01\/QZQlxtOC-300x200.jpeg 300w, https:\/\/hoyre.no\/content\/uploads\/sites\/408\/2024\/01\/QZQlxtOC-1024x683.jpeg 1024w, https:\/\/hoyre.no\/content\/uploads\/sites\/408\/2024\/01\/QZQlxtOC-1536x1024.jpeg 1536w, https:\/\/hoyre.no\/content\/uploads\/sites\/408\/2024\/01\/QZQlxtOC-2048x1365.jpeg 2048w\" sizes=\"auto, (max-width: 768px) 100vw, 768px\" \/>\t\t<\/div>\n\t\t\n\t\t\t<div class=\"teft-card__content-wrapper\">\n\t\t\t\t<div class=\"teft-card__secondary\">\n\t\t\t\t\t\n\t\t\t\t\t\t\t\t<div class=\"teft-card__meta\">\n\t\t\t\t\t\t\t\t\t<span class=\"post-date\">23. apr 2026<\/span>\n\n\t\t\t\t\t\t\t\t\t\t\t\t\t\t\t\t\t<\/div>\n\t\t\t\t\t\t\t\t\t\t\t<\/div>\n\n\t\t\t\t<div class=\"teft-card__primary\">\n\t\t\t\t\t<h2 class=\"teft-card__title\">MDG-moralismen fornekter seg ikke&nbsp;<span class=\"teft-card__primary-title-append\"><\/span><\/h2>\t\t\t\t<\/div>\n\t\t\t<\/div>\n\t\t<\/a>\n\t<\/div>\n\n\t<\/div><div class=\"is-card-hoyre\">\n\t<div class=\"teft-card hoyre-teft-card post-teft-card\">\n\t\t<a href=\"https:\/\/hoyre.no\/oslo\/aktuelt\/raskere-og-enklere-a-bygge-boliger-og-skape-arbeidsplasser-i-oslo\/\" class=\"teft-card__primary-action\">\n\n\t\t\t\t\t<div class=\"teft-card__media teft-card__media--16-9\">\n\t\t\t\t\t\t<img loading=\"lazy\" decoding=\"async\" width=\"768\" height=\"576\" src=\"https:\/\/hoyre.no\/content\/uploads\/sites\/408\/2026\/04\/Eirik-Lae-Solberg-og-Anita-Leirvik-North-768x576.jpg\" class=\"attachment-medium_large size-medium_large\" alt=\"\" srcset=\"https:\/\/hoyre.no\/content\/uploads\/sites\/408\/2026\/04\/Eirik-Lae-Solberg-og-Anita-Leirvik-North-768x576.jpg 768w, https:\/\/hoyre.no\/content\/uploads\/sites\/408\/2026\/04\/Eirik-Lae-Solberg-og-Anita-Leirvik-North-300x225.jpg 300w, https:\/\/hoyre.no\/content\/uploads\/sites\/408\/2026\/04\/Eirik-Lae-Solberg-og-Anita-Leirvik-North.jpg 901w\" sizes=\"auto, (max-width: 768px) 100vw, 768px\" \/>\t\t<\/div>\n\t\t\n\t\t\t<div class=\"teft-card__content-wrapper\">\n\t\t\t\t<div class=\"teft-card__secondary\">\n\t\t\t\t\t\n\t\t\t\t\t\t\t\t<div class=\"teft-card__meta\">\n\t\t\t\t\t\t\t\t\t<span class=\"post-date\">14. apr 2026<\/span>\n\n\t\t\t\t\t\t\t\t\t<span class=\"post-category\">Har lagt frem ny KPA:<\/span>\t\t\t\t\t\t\t\t<\/div>\n\t\t\t\t\t\t\t\t\t\t\t<\/div>\n\n\t\t\t\t<div class=\"teft-card__primary\">\n\t\t\t\t\t<h2 class=\"teft-card__title\">Raskere og enklere \u00e5 bygge boliger og skape arbeidsplasser i Oslo&nbsp;<span class=\"teft-card__primary-title-append\"><\/span><\/h2>\t\t\t\t<\/div>\n\t\t\t<\/div>\n\t\t<\/a>\n\t<\/div>\n\n\t<\/div><div class=\"is-card-hoyre\">\n\t<div class=\"teft-card hoyre-teft-card post-teft-card\">\n\t\t<a href=\"https:\/\/hoyre.no\/oslo\/aktuelt\/bedre-elevresultater-og-en-skoleokonomi-i-balanse-med-blagront-byrad\/\" class=\"teft-card__primary-action\">\n\n\t\t\t\t\t<div class=\"teft-card__media teft-card__media--16-9\">\n\t\t\t\t\t\t<img loading=\"lazy\" decoding=\"async\" width=\"768\" height=\"512\" src=\"https:\/\/hoyre.no\/content\/uploads\/sites\/408\/2025\/05\/IMG_6440-768x512.jpeg\" class=\"attachment-medium_large size-medium_large\" alt=\"Julie Remen Midtgarden\" srcset=\"https:\/\/hoyre.no\/content\/uploads\/sites\/408\/2025\/05\/IMG_6440-768x512.jpeg 768w, https:\/\/hoyre.no\/content\/uploads\/sites\/408\/2025\/05\/IMG_6440-300x200.jpeg 300w, https:\/\/hoyre.no\/content\/uploads\/sites\/408\/2025\/05\/IMG_6440-1024x683.jpeg 1024w, https:\/\/hoyre.no\/content\/uploads\/sites\/408\/2025\/05\/IMG_6440-1536x1024.jpeg 1536w, https:\/\/hoyre.no\/content\/uploads\/sites\/408\/2025\/05\/IMG_6440-2048x1365.jpeg 2048w\" sizes=\"auto, (max-width: 768px) 100vw, 768px\" \/>\t\t<\/div>\n\t\t\n\t\t\t<div class=\"teft-card__content-wrapper\">\n\t\t\t\t<div class=\"teft-card__secondary\">\n\t\t\t\t\t\n\t\t\t\t\t\t\t\t<div class=\"teft-card__meta\">\n\t\t\t\t\t\t\t\t\t<span class=\"post-date\">26. mar 2026<\/span>\n\n\t\t\t\t\t\t\t\t\t\t\t\t\t\t\t\t\t<\/div>\n\t\t\t\t\t\t\t\t\t\t\t<\/div>\n\n\t\t\t\t<div class=\"teft-card__primary\">\n\t\t\t\t\t<h2 class=\"teft-card__title\">Bedre elevresultater og en skole\u00f8konomi i balanse med bl\u00e5gr\u00f8nt byr\u00e5d&nbsp;<span class=\"teft-card__primary-title-append\"><\/span><\/h2>\t\t\t\t<\/div>\n\t\t\t<\/div>\n\t\t<\/a>\n\t<\/div>\n\n\t<\/div><\/div>\t<\/div>\n<\/div>\n","protected":false},"excerpt":{"rendered":"","protected":false},"author":0,"featured_media":0,"comment_status":"closed","ping_status":"open","sticky":false,"template":"","format":"standard","meta":{"teft_cards_image_url":"","teft_cards_custom_pretitle":"","teft_cards_image_id":0,"teft_cards_image_focal_point_x":0,"teft_cards_image_focal_point_y":0,"teft_cards_title":"","teft_cards_excerpt":"","teft_show_chapters":false,"author_display_name":"Oslo H\u00f8yre","footnotes":""},"category":[1],"post_tag":[],"hoyre-visibility":[],"article-type":[],"politician":[],"class_list":["post-1710","post","type-post","status-publish","format-standard","hentry","category-nyheter"],"yoast_head":"<!-- This site is optimized with the Yoast SEO Premium plugin v26.5 (Yoast SEO v26.6) - https:\/\/yoast.com\/wordpress\/plugins\/seo\/ -->\n<title>Trygghet og omsorg er felles m\u00e5l - Oslo H\u00f8yre<\/title>\n<meta name=\"robots\" content=\"index, follow, max-snippet:-1, max-image-preview:large, max-video-preview:-1\" \/>\n<link rel=\"canonical\" href=\"https:\/\/hoyre.no\/oslo\/aktuelt\/trygghet-og-omsorg-for-barna-er-felles-mal\/\" \/>\n<meta property=\"og:locale\" content=\"nb_NO\" \/>\n<meta property=\"og:type\" content=\"article\" \/>\n<meta property=\"og:title\" content=\"Trygghet og omsorg er felles m\u00e5l\" \/>\n<meta property=\"og:url\" content=\"https:\/\/hoyre.no\/oslo\/aktuelt\/trygghet-og-omsorg-for-barna-er-felles-mal\/\" \/>\n<meta property=\"og:site_name\" content=\"Oslo H\u00f8yre\" \/>\n<meta property=\"article:publisher\" content=\"https:\/\/www.facebook.com\/oslo.hoyre\" \/>\n<meta property=\"article:published_time\" content=\"2014-02-28T14:28:52+00:00\" \/>\n<meta property=\"article:modified_time\" content=\"2022-09-26T13:06:30+00:00\" \/>\n<meta property=\"og:image\" content=\"https:\/\/hoyre.no\/content\/uploads\/sites\/408\/2022\/11\/Hoyres-logo.png\" \/>\n\t<meta property=\"og:image:width\" content=\"1000\" \/>\n\t<meta property=\"og:image:height\" content=\"1000\" \/>\n\t<meta property=\"og:image:type\" content=\"image\/png\" \/>\n<meta name=\"twitter:card\" content=\"summary_large_image\" \/>\n<meta name=\"twitter:label1\" content=\"Ansl. lesetid\" \/>\n\t<meta name=\"twitter:data1\" content=\"2 minutter\" \/>\n<script type=\"application\/ld+json\" class=\"yoast-schema-graph\">{\"@context\":\"https:\/\/schema.org\",\"@graph\":[{\"@type\":\"Article\",\"@id\":\"https:\/\/hoyre.no\/oslo\/aktuelt\/trygghet-og-omsorg-for-barna-er-felles-mal\/#article\",\"isPartOf\":{\"@id\":\"https:\/\/hoyre.no\/oslo\/aktuelt\/trygghet-og-omsorg-for-barna-er-felles-mal\/\"},\"author\":{\"name\":\"\",\"@id\":\"\"},\"headline\":\"Trygghet og omsorg er felles m\u00e5l\",\"datePublished\":\"2014-02-28T14:28:52+00:00\",\"dateModified\":\"2022-09-26T13:06:30+00:00\",\"mainEntityOfPage\":{\"@id\":\"https:\/\/hoyre.no\/oslo\/aktuelt\/trygghet-og-omsorg-for-barna-er-felles-mal\/\"},\"wordCount\":477,\"publisher\":{\"@id\":\"https:\/\/hoyre.no\/oslo\/#organization\"},\"articleSection\":[\"Nyheter\"],\"inLanguage\":\"nb-NO\"},{\"@type\":\"NewsArticle\",\"@id\":\"https:\/\/hoyre.no\/oslo\/aktuelt\/trygghet-og-omsorg-for-barna-er-felles-mal\/\",\"url\":\"https:\/\/hoyre.no\/oslo\/aktuelt\/trygghet-og-omsorg-for-barna-er-felles-mal\/\",\"name\":\"Trygghet og omsorg er felles m\u00e5l - Oslo H\u00f8yre\",\"isPartOf\":{\"@id\":\"https:\/\/hoyre.no\/oslo\/#website\"},\"datePublished\":\"2014-02-28T14:28:52+00:00\",\"dateModified\":\"2022-09-26T13:06:30+00:00\",\"breadcrumb\":{\"@id\":\"https:\/\/hoyre.no\/oslo\/aktuelt\/trygghet-og-omsorg-for-barna-er-felles-mal\/#breadcrumb\"},\"inLanguage\":\"nb-NO\",\"potentialAction\":[{\"@type\":\"ReadAction\",\"target\":[\"https:\/\/hoyre.no\/oslo\/aktuelt\/trygghet-og-omsorg-for-barna-er-felles-mal\/\"]}]},{\"@type\":\"BreadcrumbList\",\"@id\":\"https:\/\/hoyre.no\/oslo\/aktuelt\/trygghet-og-omsorg-for-barna-er-felles-mal\/#breadcrumb\",\"itemListElement\":[{\"@type\":\"ListItem\",\"position\":1,\"name\":\"Til hoyre.no\",\"item\":\"https:\/\/hoyre.no\"},{\"@type\":\"ListItem\",\"position\":2,\"name\":\"Hjem\",\"item\":\"https:\/\/hoyre.no\/oslo\/\"},{\"@type\":\"ListItem\",\"position\":3,\"name\":\"Trygghet og omsorg er felles m\u00e5l\"}]},{\"@type\":\"WebSite\",\"@id\":\"https:\/\/hoyre.no\/oslo\/#website\",\"url\":\"https:\/\/hoyre.no\/oslo\/\",\"name\":\"Oslo H\u00f8yre\",\"description\":\"\",\"publisher\":{\"@id\":\"https:\/\/hoyre.no\/oslo\/#organization\"},\"inLanguage\":\"nb-NO\"},{\"@type\":\"Organization\",\"@id\":\"https:\/\/hoyre.no\/oslo\/#organization\",\"name\":\"Oslo H\u00f8yre\",\"url\":\"https:\/\/hoyre.no\/oslo\/\",\"logo\":{\"@type\":\"ImageObject\",\"inLanguage\":\"nb-NO\",\"@id\":\"https:\/\/hoyre.no\/oslo\/#\/schema\/logo\/image\/\",\"url\":\"https:\/\/hoyre.no\/content\/uploads\/sites\/408\/2022\/11\/Hoyres-logo.png\",\"contentUrl\":\"https:\/\/hoyre.no\/content\/uploads\/sites\/408\/2022\/11\/Hoyres-logo.png\",\"width\":1000,\"height\":1000,\"caption\":\"Oslo H\u00f8yre\"},\"image\":{\"@id\":\"https:\/\/hoyre.no\/oslo\/#\/schema\/logo\/image\/\"},\"sameAs\":[\"https:\/\/www.facebook.com\/oslo.hoyre\"]}]}<\/script>\n<!-- \/ Yoast SEO Premium plugin. -->","yoast_head_json":{"title":"Trygghet og omsorg er felles m\u00e5l - Oslo H\u00f8yre","robots":{"index":"index","follow":"follow","max-snippet":"max-snippet:-1","max-image-preview":"max-image-preview:large","max-video-preview":"max-video-preview:-1"},"canonical":"https:\/\/hoyre.no\/oslo\/aktuelt\/trygghet-og-omsorg-for-barna-er-felles-mal\/","og_locale":"nb_NO","og_type":"article","og_title":"Trygghet og omsorg er felles m\u00e5l","og_url":"https:\/\/hoyre.no\/oslo\/aktuelt\/trygghet-og-omsorg-for-barna-er-felles-mal\/","og_site_name":"Oslo H\u00f8yre","article_publisher":"https:\/\/www.facebook.com\/oslo.hoyre","article_published_time":"2014-02-28T14:28:52+00:00","article_modified_time":"2022-09-26T13:06:30+00:00","og_image":[{"width":1000,"height":1000,"url":"https:\/\/hoyre.no\/content\/uploads\/sites\/408\/2022\/11\/Hoyres-logo.png","type":"image\/png"}],"twitter_card":"summary_large_image","twitter_misc":{"Ansl. lesetid":"2 minutter"},"schema":{"@context":"https:\/\/schema.org","@graph":[{"@type":"Article","@id":"https:\/\/hoyre.no\/oslo\/aktuelt\/trygghet-og-omsorg-for-barna-er-felles-mal\/#article","isPartOf":{"@id":"https:\/\/hoyre.no\/oslo\/aktuelt\/trygghet-og-omsorg-for-barna-er-felles-mal\/"},"author":{"name":"","@id":""},"headline":"Trygghet og omsorg er felles m\u00e5l","datePublished":"2014-02-28T14:28:52+00:00","dateModified":"2022-09-26T13:06:30+00:00","mainEntityOfPage":{"@id":"https:\/\/hoyre.no\/oslo\/aktuelt\/trygghet-og-omsorg-for-barna-er-felles-mal\/"},"wordCount":477,"publisher":{"@id":"https:\/\/hoyre.no\/oslo\/#organization"},"articleSection":["Nyheter"],"inLanguage":"nb-NO"},{"@type":"NewsArticle","@id":"https:\/\/hoyre.no\/oslo\/aktuelt\/trygghet-og-omsorg-for-barna-er-felles-mal\/","url":"https:\/\/hoyre.no\/oslo\/aktuelt\/trygghet-og-omsorg-for-barna-er-felles-mal\/","name":"Trygghet og omsorg er felles m\u00e5l - Oslo H\u00f8yre","isPartOf":{"@id":"https:\/\/hoyre.no\/oslo\/#website"},"datePublished":"2014-02-28T14:28:52+00:00","dateModified":"2022-09-26T13:06:30+00:00","breadcrumb":{"@id":"https:\/\/hoyre.no\/oslo\/aktuelt\/trygghet-og-omsorg-for-barna-er-felles-mal\/#breadcrumb"},"inLanguage":"nb-NO","potentialAction":[{"@type":"ReadAction","target":["https:\/\/hoyre.no\/oslo\/aktuelt\/trygghet-og-omsorg-for-barna-er-felles-mal\/"]}]},{"@type":"BreadcrumbList","@id":"https:\/\/hoyre.no\/oslo\/aktuelt\/trygghet-og-omsorg-for-barna-er-felles-mal\/#breadcrumb","itemListElement":[{"@type":"ListItem","position":1,"name":"Til hoyre.no","item":"https:\/\/hoyre.no"},{"@type":"ListItem","position":2,"name":"Hjem","item":"https:\/\/hoyre.no\/oslo\/"},{"@type":"ListItem","position":3,"name":"Trygghet og omsorg er felles m\u00e5l"}]},{"@type":"WebSite","@id":"https:\/\/hoyre.no\/oslo\/#website","url":"https:\/\/hoyre.no\/oslo\/","name":"Oslo H\u00f8yre","description":"","publisher":{"@id":"https:\/\/hoyre.no\/oslo\/#organization"},"inLanguage":"nb-NO"},{"@type":"Organization","@id":"https:\/\/hoyre.no\/oslo\/#organization","name":"Oslo H\u00f8yre","url":"https:\/\/hoyre.no\/oslo\/","logo":{"@type":"ImageObject","inLanguage":"nb-NO","@id":"https:\/\/hoyre.no\/oslo\/#\/schema\/logo\/image\/","url":"https:\/\/hoyre.no\/content\/uploads\/sites\/408\/2022\/11\/Hoyres-logo.png","contentUrl":"https:\/\/hoyre.no\/content\/uploads\/sites\/408\/2022\/11\/Hoyres-logo.png","width":1000,"height":1000,"caption":"Oslo H\u00f8yre"},"image":{"@id":"https:\/\/hoyre.no\/oslo\/#\/schema\/logo\/image\/"},"sameAs":["https:\/\/www.facebook.com\/oslo.hoyre"]}]}},"distributor_meta":false,"distributor_terms":false,"distributor_media":false,"distributor_original_site_name":"Oslo H\u00f8yre","distributor_original_site_url":"https:\/\/hoyre.no\/oslo","push-errors":false,"_links":{"self":[{"href":"https:\/\/hoyre.no\/oslo\/wp-json\/wp\/v2\/posts\/1710","targetHints":{"allow":["GET"]}}],"collection":[{"href":"https:\/\/hoyre.no\/oslo\/wp-json\/wp\/v2\/posts"}],"about":[{"href":"https:\/\/hoyre.no\/oslo\/wp-json\/wp\/v2\/types\/post"}],"replies":[{"embeddable":true,"href":"https:\/\/hoyre.no\/oslo\/wp-json\/wp\/v2\/comments?post=1710"}],"version-history":[{"count":1,"href":"https:\/\/hoyre.no\/oslo\/wp-json\/wp\/v2\/posts\/1710\/revisions"}],"predecessor-version":[{"id":2903,"href":"https:\/\/hoyre.no\/oslo\/wp-json\/wp\/v2\/posts\/1710\/revisions\/2903"}],"wp:attachment":[{"href":"https:\/\/hoyre.no\/oslo\/wp-json\/wp\/v2\/media?parent=1710"}],"wp:term":[{"taxonomy":"category","embeddable":true,"href":"https:\/\/hoyre.no\/oslo\/wp-json\/wp\/v2\/category?post=1710"},{"taxonomy":"post_tag","embeddable":true,"href":"https:\/\/hoyre.no\/oslo\/wp-json\/wp\/v2\/post_tag?post=1710"},{"taxonomy":"hoyre-visibility","embeddable":true,"href":"https:\/\/hoyre.no\/oslo\/wp-json\/wp\/v2\/hoyre-visibility?post=1710"},{"taxonomy":"article-type","embeddable":true,"href":"https:\/\/hoyre.no\/oslo\/wp-json\/wp\/v2\/article-type?post=1710"},{"taxonomy":"politician","embeddable":true,"href":"https:\/\/hoyre.no\/oslo\/wp-json\/wp\/v2\/politician?post=1710"}],"curies":[{"name":"wp","href":"https:\/\/api.w.org\/{rel}","templated":true}]}}