{"id":1716,"date":"2014-02-23T02:01:43","date_gmt":"2014-02-23T02:01:43","guid":{"rendered":"https:\/\/hoyre.no\/oslo\/aktuelt\/trikken-kommer-tilbake-bogstadveien\/"},"modified":"2022-09-26T15:06:31","modified_gmt":"2022-09-26T13:06:31","slug":"trikken-kommer-tilbake-bogstadveien","status":"publish","type":"post","link":"https:\/\/hoyre.no\/oslo\/aktuelt\/trikken-kommer-tilbake-bogstadveien\/","title":{"rendered":"Trikken kommer tilbake i Bogstadveien"},"content":{"rendered":"<figure class=\"hoyre-image-wrapper\"><div class=\"hoyre-image\"><img loading=\"lazy\" decoding=\"async\" width=\"960\" height=\"542\" src=\"https:\/\/hoyre.no\/content\/uploads\/sites\/408\/2022\/09\/holmenkollsondag-21.jpg\" class=\"attachment-scaled size-scaled\" alt=\"\" style=\"object-position: 50% 50%\" srcset=\"https:\/\/hoyre.no\/content\/uploads\/sites\/408\/2022\/09\/holmenkollsondag-21.jpg 960w, https:\/\/hoyre.no\/content\/uploads\/sites\/408\/2022\/09\/holmenkollsondag-21-300x169.jpg 300w, https:\/\/hoyre.no\/content\/uploads\/sites\/408\/2022\/09\/holmenkollsondag-21-768x434.jpg 768w\" sizes=\"auto, (max-width: 960px) 100vw, 960px\" \/><\/div><\/figure><div id=\"hoyre-old-article-content-wrapper\"><h2>Gladnyhet til alle som er bruker 19 og 11-trikken<\/h2><p>&nbsp;<\/p><p><strong>Trikken skal v\u00e6re tilbake i Bogstadveien innen 17. mai. Samtidig blir Frogners paradegate \u00e5pnet for biltrafikk og finere enn noen gang f\u00f8r.<\/strong><\/p><p><em>Tekst: Lene Haug<\/em><\/p>\n[framed_box \u00a0align=&raquo;right&raquo;]\n<h3>Nye Bogstadveien<\/h3><p><strong>Nyttige om ombyggingen<\/strong><\/p><ul><li><a href=\"http:\/\/bogstadveien.no\/\">Bogstadveien.no<\/a><\/li><li><a href=\"https:\/\/www.facebook.com\/Bogstadveien.no\">F\u00f8lg Bogstadveien p\u00e5 Facebook<\/a><\/li><li><a href=\"http:\/\/www.flickr.com\/photos\/46959880@N07\/sets\/72157629472727056\/\">Masse bilder fra oppgraderingen p\u00e5 Flickr<\/a><\/li><li><a href=\"http:\/\/od2.pbe.oslo.kommune.no\/xkart\/planinnsyn\/#cp=596026,6644667,7\">Interaktivt plankart fra Oslo kommune<\/a><\/li><li><a href=\"http:\/\/www.bymiljoetaten.oslo.kommune.no\/prosjekter\/gateopprustning\/nyebogstadveien#aktuelt\">Statusoppdateringer p\u00e5 arbeidet<\/a><\/li><\/ul><p><strong>Prosjektledelse:<\/strong><br \/>\nProsjektleder\u00a0<a href=\"mailto:stale.berg@bym.oslo.kommune.no\">St\u00e5le Berg<\/a><br \/>\nMobil: 91 35 00 23<\/p><p>Byggeleder\u00a0<a href=\"mailto:knut.strand-andersen@bym.oslo.kommune.no\">Knut Strand-Andersen<\/a><br \/>\nMobil: 93 01 62 18<\/p><p>Byggeleder\u00a0<a href=\"mailto:bojan.delipara@bym.oslo.kommune.no\">Bojan Delipara<\/a><br \/>\nMobil: 95 11 84 47<\/p>\n[\/framed_box]\n<p>Mange vil glede seg stort over at trikken endelig kommer tilbake i Bogstadveien, ikke minst handelsstanden. Bogstadveien er en av Oslos viktigste handlegater. Gravearbeidene i Bogstadveien har foreg\u00e5tt lenge, og det har uten tvil v\u00e6rt belastende for butikkeierne i gaten. Fint blir det imidlertid n\u00e5r alt er ferdig. Bogstadveien er i ferd med \u00e5 f\u00e5 en hardt tiltrengt oppgardering.<\/p><h3>Store forsinkelser<\/h3><p>Arbeidet i gaten skulle ha v\u00e6rt ferdig i november 2013. \u00a0Arbeidene med fortau og nye byrom vil foreg\u00e5 til over sommeren 2014.<\/p><h3>Stort l\u00f8ft for Bogstadveien og omr\u00e5dene rundt<\/h3><p>Etter at alt blir ferdig vil Bogstaveien fremst\u00e5 som en enda bedre gate for alle. Nye Bogstadveien f\u00e5r stort et estetisk l\u00f8ft og blir universelt utformet. Det blir flere byrom, nye arkitettegnede benker og mye \u00e5 glede seg til.<\/p><p>Men f\u00f8rst kommer alts\u00e5 trikken tilbake!<br \/>\nDet er grunn til \u00e5 ta en trall slik som Ila Auto for mange.<\/p><h3>Trikken p\u00e5 Majorstuen og Frogner<\/h3><p><a href=\"https:\/\/www.oslohoyre.no\/wp-content\/uploads\/2014\/02\/Screenshot-2014-02-23-02.43.12.jpg\"><img decoding=\"async\" loading=\"lazy\" src=\"https:\/\/www.oslohoyre.no\/wp-content\/uploads\/2014\/02\/Screenshot-2014-02-23-02.43.12.jpg\" alt=\"Sporveien Trikken - ny logo for Trikken i Oslo i 2014\" width=\"250\" height=\"96\" \/><\/a>Trikk utgj\u00f8r sammen med T-bane og tog den skinneg\u00e5ende delen av kollektivtranporetne i Oslo. Oslo har 72 trikker som vedlikeholdes av <a href=\"http:\/\/www.trikken.no\/ikbViewer\/page\/inter\/omtrikken\">Sporveien Trikken AS<\/a>. Dette navnet er nytt i 2014. Sporveiens datterselskap Oslotrikken og Oslo T-banedrift bytter nemlig navn til henholdsvis Sporveien Trikken og Sporveien T-bane.<\/p><p>Ellers har Oslotrikken har mange navn og kalles ogs\u00e5 bytrikken eller bl\u00e5trikken. Disse navnene benyttes gjerne p\u00e5 for \u00e5 skille trikken fra T-banen. s\u00e6rlig i Oslo vest der T-banen for en stor del ikke g\u00e5r i tunnel og av mange kalles for trikken.<\/p><p>Trikken har lange tradisjoner i Oslo og ikke minst i Frogner bydel . Allerede i 1894 \u00e5pnet Kristiania Elektriske Sporveier den f\u00f8rste elektriske trikkelinjen i Skandianvia. Det var Briskebytrikken som gikk fra Majorstuen, ned Bogstadveien og over Briskeby til Jernbanetorget. Trikkelinjen hadde dessuten sidelinje til Skarpsno.<\/p><p>Trikken har i v\u00e5re dager rundt 40 millioner passasjerer i \u00e5ret og tar unna cirka 20 prosent av Ruters trafikk i Oslo.<\/p><p>&nbsp;<\/p><p>&nbsp;<\/p>\n<\/div>\n<div class=\"tags\">\n\t<\/div>\n<div class=\"post-footer alignfull has-background block-editor-block-list__block\" data-align=full>\n\t<div class=\"post-footer-inner\">\n\t\t<h3>Relaterte artikler<\/h3>\n\t\t<div class=\"related-content\"><div class=\"is-card-hoyre\">\n\t<div class=\"teft-card hoyre-teft-card post-teft-card\">\n\t\t<a href=\"https:\/\/hoyre.no\/oslo\/aktuelt\/mdg-moralismen-fornekter-seg-ikke\/\" class=\"teft-card__primary-action\">\n\n\t\t\t\t\t<div class=\"teft-card__media teft-card__media--16-9\">\n\t\t\t\t\t\t<img loading=\"lazy\" decoding=\"async\" width=\"768\" height=\"512\" src=\"https:\/\/hoyre.no\/content\/uploads\/sites\/408\/2024\/01\/QZQlxtOC-768x512.jpeg\" class=\"attachment-medium_large size-medium_large\" alt=\"Merete Agerbak-Jensen\" srcset=\"https:\/\/hoyre.no\/content\/uploads\/sites\/408\/2024\/01\/QZQlxtOC-768x512.jpeg 768w, https:\/\/hoyre.no\/content\/uploads\/sites\/408\/2024\/01\/QZQlxtOC-300x200.jpeg 300w, https:\/\/hoyre.no\/content\/uploads\/sites\/408\/2024\/01\/QZQlxtOC-1024x683.jpeg 1024w, https:\/\/hoyre.no\/content\/uploads\/sites\/408\/2024\/01\/QZQlxtOC-1536x1024.jpeg 1536w, https:\/\/hoyre.no\/content\/uploads\/sites\/408\/2024\/01\/QZQlxtOC-2048x1365.jpeg 2048w\" sizes=\"auto, (max-width: 768px) 100vw, 768px\" \/>\t\t<\/div>\n\t\t\n\t\t\t<div class=\"teft-card__content-wrapper\">\n\t\t\t\t<div class=\"teft-card__secondary\">\n\t\t\t\t\t\n\t\t\t\t\t\t\t\t<div class=\"teft-card__meta\">\n\t\t\t\t\t\t\t\t\t<span class=\"post-date\">23. apr 2026<\/span>\n\n\t\t\t\t\t\t\t\t\t\t\t\t\t\t\t\t\t<\/div>\n\t\t\t\t\t\t\t\t\t\t\t<\/div>\n\n\t\t\t\t<div class=\"teft-card__primary\">\n\t\t\t\t\t<h2 class=\"teft-card__title\">MDG-moralismen fornekter seg ikke&nbsp;<span class=\"teft-card__primary-title-append\"><\/span><\/h2>\t\t\t\t<\/div>\n\t\t\t<\/div>\n\t\t<\/a>\n\t<\/div>\n\n\t<\/div><div class=\"is-card-hoyre\">\n\t<div class=\"teft-card hoyre-teft-card post-teft-card\">\n\t\t<a href=\"https:\/\/hoyre.no\/oslo\/aktuelt\/raskere-og-enklere-a-bygge-boliger-og-skape-arbeidsplasser-i-oslo\/\" class=\"teft-card__primary-action\">\n\n\t\t\t\t\t<div class=\"teft-card__media teft-card__media--16-9\">\n\t\t\t\t\t\t<img loading=\"lazy\" decoding=\"async\" width=\"768\" height=\"576\" src=\"https:\/\/hoyre.no\/content\/uploads\/sites\/408\/2026\/04\/Eirik-Lae-Solberg-og-Anita-Leirvik-North-768x576.jpg\" class=\"attachment-medium_large size-medium_large\" alt=\"\" srcset=\"https:\/\/hoyre.no\/content\/uploads\/sites\/408\/2026\/04\/Eirik-Lae-Solberg-og-Anita-Leirvik-North-768x576.jpg 768w, https:\/\/hoyre.no\/content\/uploads\/sites\/408\/2026\/04\/Eirik-Lae-Solberg-og-Anita-Leirvik-North-300x225.jpg 300w, https:\/\/hoyre.no\/content\/uploads\/sites\/408\/2026\/04\/Eirik-Lae-Solberg-og-Anita-Leirvik-North.jpg 901w\" sizes=\"auto, (max-width: 768px) 100vw, 768px\" \/>\t\t<\/div>\n\t\t\n\t\t\t<div class=\"teft-card__content-wrapper\">\n\t\t\t\t<div class=\"teft-card__secondary\">\n\t\t\t\t\t\n\t\t\t\t\t\t\t\t<div class=\"teft-card__meta\">\n\t\t\t\t\t\t\t\t\t<span class=\"post-date\">14. apr 2026<\/span>\n\n\t\t\t\t\t\t\t\t\t<span class=\"post-category\">Har lagt frem ny KPA:<\/span>\t\t\t\t\t\t\t\t<\/div>\n\t\t\t\t\t\t\t\t\t\t\t<\/div>\n\n\t\t\t\t<div class=\"teft-card__primary\">\n\t\t\t\t\t<h2 class=\"teft-card__title\">Raskere og enklere \u00e5 bygge boliger og skape arbeidsplasser i Oslo&nbsp;<span class=\"teft-card__primary-title-append\"><\/span><\/h2>\t\t\t\t<\/div>\n\t\t\t<\/div>\n\t\t<\/a>\n\t<\/div>\n\n\t<\/div><div class=\"is-card-hoyre\">\n\t<div class=\"teft-card hoyre-teft-card post-teft-card\">\n\t\t<a href=\"https:\/\/hoyre.no\/oslo\/aktuelt\/bedre-elevresultater-og-en-skoleokonomi-i-balanse-med-blagront-byrad\/\" class=\"teft-card__primary-action\">\n\n\t\t\t\t\t<div class=\"teft-card__media teft-card__media--16-9\">\n\t\t\t\t\t\t<img loading=\"lazy\" decoding=\"async\" width=\"768\" height=\"512\" src=\"https:\/\/hoyre.no\/content\/uploads\/sites\/408\/2025\/05\/IMG_6440-768x512.jpeg\" class=\"attachment-medium_large size-medium_large\" alt=\"Julie Remen Midtgarden\" srcset=\"https:\/\/hoyre.no\/content\/uploads\/sites\/408\/2025\/05\/IMG_6440-768x512.jpeg 768w, https:\/\/hoyre.no\/content\/uploads\/sites\/408\/2025\/05\/IMG_6440-300x200.jpeg 300w, https:\/\/hoyre.no\/content\/uploads\/sites\/408\/2025\/05\/IMG_6440-1024x683.jpeg 1024w, https:\/\/hoyre.no\/content\/uploads\/sites\/408\/2025\/05\/IMG_6440-1536x1024.jpeg 1536w, https:\/\/hoyre.no\/content\/uploads\/sites\/408\/2025\/05\/IMG_6440-2048x1365.jpeg 2048w\" sizes=\"auto, (max-width: 768px) 100vw, 768px\" \/>\t\t<\/div>\n\t\t\n\t\t\t<div class=\"teft-card__content-wrapper\">\n\t\t\t\t<div class=\"teft-card__secondary\">\n\t\t\t\t\t\n\t\t\t\t\t\t\t\t<div class=\"teft-card__meta\">\n\t\t\t\t\t\t\t\t\t<span class=\"post-date\">26. mar 2026<\/span>\n\n\t\t\t\t\t\t\t\t\t\t\t\t\t\t\t\t\t<\/div>\n\t\t\t\t\t\t\t\t\t\t\t<\/div>\n\n\t\t\t\t<div class=\"teft-card__primary\">\n\t\t\t\t\t<h2 class=\"teft-card__title\">Bedre elevresultater og en skole\u00f8konomi i balanse med bl\u00e5gr\u00f8nt byr\u00e5d&nbsp;<span class=\"teft-card__primary-title-append\"><\/span><\/h2>\t\t\t\t<\/div>\n\t\t\t<\/div>\n\t\t<\/a>\n\t<\/div>\n\n\t<\/div><\/div>\t<\/div>\n<\/div>\n","protected":false},"excerpt":{"rendered":"","protected":false},"author":0,"featured_media":0,"comment_status":"closed","ping_status":"open","sticky":false,"template":"","format":"standard","meta":{"teft_cards_image_url":"","teft_cards_custom_pretitle":"","teft_cards_image_id":0,"teft_cards_image_focal_point_x":0,"teft_cards_image_focal_point_y":0,"teft_cards_title":"","teft_cards_excerpt":"","teft_show_chapters":false,"author_display_name":"Oslo H\u00f8yre","footnotes":""},"category":[1],"post_tag":[],"hoyre-visibility":[],"article-type":[],"politician":[],"class_list":["post-1716","post","type-post","status-publish","format-standard","hentry","category-nyheter"],"yoast_head":"<!-- This site is optimized with the Yoast SEO Premium plugin v26.5 (Yoast SEO v26.6) - https:\/\/yoast.com\/wordpress\/plugins\/seo\/ -->\n<title>Trikken kommer tilbake i Bogstadveien - Oslo H\u00f8yre<\/title>\n<meta name=\"robots\" content=\"index, follow, max-snippet:-1, max-image-preview:large, max-video-preview:-1\" \/>\n<link rel=\"canonical\" href=\"https:\/\/hoyre.no\/oslo\/aktuelt\/trikken-kommer-tilbake-bogstadveien\/\" \/>\n<meta property=\"og:locale\" content=\"nb_NO\" \/>\n<meta property=\"og:type\" content=\"article\" \/>\n<meta property=\"og:title\" content=\"Trikken kommer tilbake i Bogstadveien\" \/>\n<meta property=\"og:url\" content=\"https:\/\/hoyre.no\/oslo\/aktuelt\/trikken-kommer-tilbake-bogstadveien\/\" \/>\n<meta property=\"og:site_name\" content=\"Oslo H\u00f8yre\" \/>\n<meta property=\"article:publisher\" content=\"https:\/\/www.facebook.com\/oslo.hoyre\" \/>\n<meta property=\"article:published_time\" content=\"2014-02-23T02:01:43+00:00\" \/>\n<meta property=\"article:modified_time\" content=\"2022-09-26T13:06:31+00:00\" \/>\n<meta property=\"og:image\" content=\"https:\/\/www.oslohoyre.no\/wp-content\/uploads\/2014\/02\/Screenshot-2014-02-23-02.43.12.jpg\" \/>\n<meta name=\"twitter:card\" content=\"summary_large_image\" \/>\n<meta name=\"twitter:label1\" content=\"Ansl. lesetid\" \/>\n\t<meta name=\"twitter:data1\" content=\"2 minutter\" \/>\n<script type=\"application\/ld+json\" class=\"yoast-schema-graph\">{\"@context\":\"https:\/\/schema.org\",\"@graph\":[{\"@type\":\"Article\",\"@id\":\"https:\/\/hoyre.no\/oslo\/aktuelt\/trikken-kommer-tilbake-bogstadveien\/#article\",\"isPartOf\":{\"@id\":\"https:\/\/hoyre.no\/oslo\/aktuelt\/trikken-kommer-tilbake-bogstadveien\/\"},\"author\":{\"name\":\"\",\"@id\":\"\"},\"headline\":\"Trikken kommer tilbake i Bogstadveien\",\"datePublished\":\"2014-02-23T02:01:43+00:00\",\"dateModified\":\"2022-09-26T13:06:31+00:00\",\"mainEntityOfPage\":{\"@id\":\"https:\/\/hoyre.no\/oslo\/aktuelt\/trikken-kommer-tilbake-bogstadveien\/\"},\"wordCount\":419,\"publisher\":{\"@id\":\"https:\/\/hoyre.no\/oslo\/#organization\"},\"image\":{\"@id\":\"https:\/\/hoyre.no\/oslo\/aktuelt\/trikken-kommer-tilbake-bogstadveien\/#primaryimage\"},\"thumbnailUrl\":\"https:\/\/www.oslohoyre.no\/wp-content\/uploads\/2014\/02\/Screenshot-2014-02-23-02.43.12.jpg\",\"articleSection\":[\"Nyheter\"],\"inLanguage\":\"nb-NO\"},{\"@type\":\"NewsArticle\",\"@id\":\"https:\/\/hoyre.no\/oslo\/aktuelt\/trikken-kommer-tilbake-bogstadveien\/\",\"url\":\"https:\/\/hoyre.no\/oslo\/aktuelt\/trikken-kommer-tilbake-bogstadveien\/\",\"name\":\"Trikken kommer tilbake i Bogstadveien - Oslo H\u00f8yre\",\"isPartOf\":{\"@id\":\"https:\/\/hoyre.no\/oslo\/#website\"},\"image\":{\"@id\":\"https:\/\/hoyre.no\/oslo\/aktuelt\/trikken-kommer-tilbake-bogstadveien\/#primaryimage\"},\"thumbnailUrl\":\"https:\/\/www.oslohoyre.no\/wp-content\/uploads\/2014\/02\/Screenshot-2014-02-23-02.43.12.jpg\",\"datePublished\":\"2014-02-23T02:01:43+00:00\",\"dateModified\":\"2022-09-26T13:06:31+00:00\",\"breadcrumb\":{\"@id\":\"https:\/\/hoyre.no\/oslo\/aktuelt\/trikken-kommer-tilbake-bogstadveien\/#breadcrumb\"},\"inLanguage\":\"nb-NO\",\"potentialAction\":[{\"@type\":\"ReadAction\",\"target\":[\"https:\/\/hoyre.no\/oslo\/aktuelt\/trikken-kommer-tilbake-bogstadveien\/\"]}]},{\"@type\":\"ImageObject\",\"inLanguage\":\"nb-NO\",\"@id\":\"https:\/\/hoyre.no\/oslo\/aktuelt\/trikken-kommer-tilbake-bogstadveien\/#primaryimage\",\"url\":\"https:\/\/www.oslohoyre.no\/wp-content\/uploads\/2014\/02\/Screenshot-2014-02-23-02.43.12.jpg\",\"contentUrl\":\"https:\/\/www.oslohoyre.no\/wp-content\/uploads\/2014\/02\/Screenshot-2014-02-23-02.43.12.jpg\"},{\"@type\":\"BreadcrumbList\",\"@id\":\"https:\/\/hoyre.no\/oslo\/aktuelt\/trikken-kommer-tilbake-bogstadveien\/#breadcrumb\",\"itemListElement\":[{\"@type\":\"ListItem\",\"position\":1,\"name\":\"Til hoyre.no\",\"item\":\"https:\/\/hoyre.no\"},{\"@type\":\"ListItem\",\"position\":2,\"name\":\"Hjem\",\"item\":\"https:\/\/hoyre.no\/oslo\/\"},{\"@type\":\"ListItem\",\"position\":3,\"name\":\"Trikken kommer tilbake i Bogstadveien\"}]},{\"@type\":\"WebSite\",\"@id\":\"https:\/\/hoyre.no\/oslo\/#website\",\"url\":\"https:\/\/hoyre.no\/oslo\/\",\"name\":\"Oslo H\u00f8yre\",\"description\":\"\",\"publisher\":{\"@id\":\"https:\/\/hoyre.no\/oslo\/#organization\"},\"inLanguage\":\"nb-NO\"},{\"@type\":\"Organization\",\"@id\":\"https:\/\/hoyre.no\/oslo\/#organization\",\"name\":\"Oslo H\u00f8yre\",\"url\":\"https:\/\/hoyre.no\/oslo\/\",\"logo\":{\"@type\":\"ImageObject\",\"inLanguage\":\"nb-NO\",\"@id\":\"https:\/\/hoyre.no\/oslo\/#\/schema\/logo\/image\/\",\"url\":\"https:\/\/hoyre.no\/content\/uploads\/sites\/408\/2022\/11\/Hoyres-logo.png\",\"contentUrl\":\"https:\/\/hoyre.no\/content\/uploads\/sites\/408\/2022\/11\/Hoyres-logo.png\",\"width\":1000,\"height\":1000,\"caption\":\"Oslo H\u00f8yre\"},\"image\":{\"@id\":\"https:\/\/hoyre.no\/oslo\/#\/schema\/logo\/image\/\"},\"sameAs\":[\"https:\/\/www.facebook.com\/oslo.hoyre\"]}]}<\/script>\n<!-- \/ Yoast SEO Premium plugin. -->","yoast_head_json":{"title":"Trikken kommer tilbake i Bogstadveien - Oslo H\u00f8yre","robots":{"index":"index","follow":"follow","max-snippet":"max-snippet:-1","max-image-preview":"max-image-preview:large","max-video-preview":"max-video-preview:-1"},"canonical":"https:\/\/hoyre.no\/oslo\/aktuelt\/trikken-kommer-tilbake-bogstadveien\/","og_locale":"nb_NO","og_type":"article","og_title":"Trikken kommer tilbake i Bogstadveien","og_url":"https:\/\/hoyre.no\/oslo\/aktuelt\/trikken-kommer-tilbake-bogstadveien\/","og_site_name":"Oslo H\u00f8yre","article_publisher":"https:\/\/www.facebook.com\/oslo.hoyre","article_published_time":"2014-02-23T02:01:43+00:00","article_modified_time":"2022-09-26T13:06:31+00:00","og_image":[{"url":"https:\/\/www.oslohoyre.no\/wp-content\/uploads\/2014\/02\/Screenshot-2014-02-23-02.43.12.jpg","type":"","width":"","height":""}],"twitter_card":"summary_large_image","twitter_misc":{"Ansl. lesetid":"2 minutter"},"schema":{"@context":"https:\/\/schema.org","@graph":[{"@type":"Article","@id":"https:\/\/hoyre.no\/oslo\/aktuelt\/trikken-kommer-tilbake-bogstadveien\/#article","isPartOf":{"@id":"https:\/\/hoyre.no\/oslo\/aktuelt\/trikken-kommer-tilbake-bogstadveien\/"},"author":{"name":"","@id":""},"headline":"Trikken kommer tilbake i Bogstadveien","datePublished":"2014-02-23T02:01:43+00:00","dateModified":"2022-09-26T13:06:31+00:00","mainEntityOfPage":{"@id":"https:\/\/hoyre.no\/oslo\/aktuelt\/trikken-kommer-tilbake-bogstadveien\/"},"wordCount":419,"publisher":{"@id":"https:\/\/hoyre.no\/oslo\/#organization"},"image":{"@id":"https:\/\/hoyre.no\/oslo\/aktuelt\/trikken-kommer-tilbake-bogstadveien\/#primaryimage"},"thumbnailUrl":"https:\/\/www.oslohoyre.no\/wp-content\/uploads\/2014\/02\/Screenshot-2014-02-23-02.43.12.jpg","articleSection":["Nyheter"],"inLanguage":"nb-NO"},{"@type":"NewsArticle","@id":"https:\/\/hoyre.no\/oslo\/aktuelt\/trikken-kommer-tilbake-bogstadveien\/","url":"https:\/\/hoyre.no\/oslo\/aktuelt\/trikken-kommer-tilbake-bogstadveien\/","name":"Trikken kommer tilbake i Bogstadveien - Oslo H\u00f8yre","isPartOf":{"@id":"https:\/\/hoyre.no\/oslo\/#website"},"image":{"@id":"https:\/\/hoyre.no\/oslo\/aktuelt\/trikken-kommer-tilbake-bogstadveien\/#primaryimage"},"thumbnailUrl":"https:\/\/www.oslohoyre.no\/wp-content\/uploads\/2014\/02\/Screenshot-2014-02-23-02.43.12.jpg","datePublished":"2014-02-23T02:01:43+00:00","dateModified":"2022-09-26T13:06:31+00:00","breadcrumb":{"@id":"https:\/\/hoyre.no\/oslo\/aktuelt\/trikken-kommer-tilbake-bogstadveien\/#breadcrumb"},"inLanguage":"nb-NO","potentialAction":[{"@type":"ReadAction","target":["https:\/\/hoyre.no\/oslo\/aktuelt\/trikken-kommer-tilbake-bogstadveien\/"]}]},{"@type":"ImageObject","inLanguage":"nb-NO","@id":"https:\/\/hoyre.no\/oslo\/aktuelt\/trikken-kommer-tilbake-bogstadveien\/#primaryimage","url":"https:\/\/www.oslohoyre.no\/wp-content\/uploads\/2014\/02\/Screenshot-2014-02-23-02.43.12.jpg","contentUrl":"https:\/\/www.oslohoyre.no\/wp-content\/uploads\/2014\/02\/Screenshot-2014-02-23-02.43.12.jpg"},{"@type":"BreadcrumbList","@id":"https:\/\/hoyre.no\/oslo\/aktuelt\/trikken-kommer-tilbake-bogstadveien\/#breadcrumb","itemListElement":[{"@type":"ListItem","position":1,"name":"Til hoyre.no","item":"https:\/\/hoyre.no"},{"@type":"ListItem","position":2,"name":"Hjem","item":"https:\/\/hoyre.no\/oslo\/"},{"@type":"ListItem","position":3,"name":"Trikken kommer tilbake i Bogstadveien"}]},{"@type":"WebSite","@id":"https:\/\/hoyre.no\/oslo\/#website","url":"https:\/\/hoyre.no\/oslo\/","name":"Oslo H\u00f8yre","description":"","publisher":{"@id":"https:\/\/hoyre.no\/oslo\/#organization"},"inLanguage":"nb-NO"},{"@type":"Organization","@id":"https:\/\/hoyre.no\/oslo\/#organization","name":"Oslo H\u00f8yre","url":"https:\/\/hoyre.no\/oslo\/","logo":{"@type":"ImageObject","inLanguage":"nb-NO","@id":"https:\/\/hoyre.no\/oslo\/#\/schema\/logo\/image\/","url":"https:\/\/hoyre.no\/content\/uploads\/sites\/408\/2022\/11\/Hoyres-logo.png","contentUrl":"https:\/\/hoyre.no\/content\/uploads\/sites\/408\/2022\/11\/Hoyres-logo.png","width":1000,"height":1000,"caption":"Oslo H\u00f8yre"},"image":{"@id":"https:\/\/hoyre.no\/oslo\/#\/schema\/logo\/image\/"},"sameAs":["https:\/\/www.facebook.com\/oslo.hoyre"]}]}},"distributor_meta":false,"distributor_terms":false,"distributor_media":false,"distributor_original_site_name":"Oslo H\u00f8yre","distributor_original_site_url":"https:\/\/hoyre.no\/oslo","push-errors":false,"_links":{"self":[{"href":"https:\/\/hoyre.no\/oslo\/wp-json\/wp\/v2\/posts\/1716","targetHints":{"allow":["GET"]}}],"collection":[{"href":"https:\/\/hoyre.no\/oslo\/wp-json\/wp\/v2\/posts"}],"about":[{"href":"https:\/\/hoyre.no\/oslo\/wp-json\/wp\/v2\/types\/post"}],"replies":[{"embeddable":true,"href":"https:\/\/hoyre.no\/oslo\/wp-json\/wp\/v2\/comments?post=1716"}],"version-history":[{"count":1,"href":"https:\/\/hoyre.no\/oslo\/wp-json\/wp\/v2\/posts\/1716\/revisions"}],"predecessor-version":[{"id":2908,"href":"https:\/\/hoyre.no\/oslo\/wp-json\/wp\/v2\/posts\/1716\/revisions\/2908"}],"wp:attachment":[{"href":"https:\/\/hoyre.no\/oslo\/wp-json\/wp\/v2\/media?parent=1716"}],"wp:term":[{"taxonomy":"category","embeddable":true,"href":"https:\/\/hoyre.no\/oslo\/wp-json\/wp\/v2\/category?post=1716"},{"taxonomy":"post_tag","embeddable":true,"href":"https:\/\/hoyre.no\/oslo\/wp-json\/wp\/v2\/post_tag?post=1716"},{"taxonomy":"hoyre-visibility","embeddable":true,"href":"https:\/\/hoyre.no\/oslo\/wp-json\/wp\/v2\/hoyre-visibility?post=1716"},{"taxonomy":"article-type","embeddable":true,"href":"https:\/\/hoyre.no\/oslo\/wp-json\/wp\/v2\/article-type?post=1716"},{"taxonomy":"politician","embeddable":true,"href":"https:\/\/hoyre.no\/oslo\/wp-json\/wp\/v2\/politician?post=1716"}],"curies":[{"name":"wp","href":"https:\/\/api.w.org\/{rel}","templated":true}]}}