{"id":1718,"date":"2014-02-22T22:15:20","date_gmt":"2014-02-22T22:15:20","guid":{"rendered":"https:\/\/hoyre.no\/oslo\/aktuelt\/fornoyde_frogner_bydel\/"},"modified":"2022-09-26T15:06:32","modified_gmt":"2022-09-26T13:06:32","slug":"fornoyde_frogner_bydel","status":"publish","type":"post","link":"https:\/\/hoyre.no\/oslo\/aktuelt\/fornoyde_frogner_bydel\/","title":{"rendered":"Vil sikre at innbyggerene i Frogner Bydel er forn\u00f8yde"},"content":{"rendered":"<figure class=\"hoyre-image-wrapper\"><div class=\"hoyre-image\"><img loading=\"lazy\" decoding=\"async\" width=\"960\" height=\"542\" src=\"https:\/\/hoyre.no\/content\/uploads\/sites\/408\/2022\/09\/holmenkollsondag-21.jpg\" class=\"attachment-scaled size-scaled\" alt=\"\" style=\"object-position: 50% 50%\" srcset=\"https:\/\/hoyre.no\/content\/uploads\/sites\/408\/2022\/09\/holmenkollsondag-21.jpg 960w, https:\/\/hoyre.no\/content\/uploads\/sites\/408\/2022\/09\/holmenkollsondag-21-300x169.jpg 300w, https:\/\/hoyre.no\/content\/uploads\/sites\/408\/2022\/09\/holmenkollsondag-21-768x434.jpg 768w\" sizes=\"auto, (max-width: 960px) 100vw, 960px\" \/><\/div><\/figure><div id=\"hoyre-old-article-content-wrapper\"><h3>Bedre styring og kontroll i Frogner bydel<br \/>\n\u2013 med H\u00f8yre i spissen<\/h3><p><em>Tekst Beate Brovig Auke<\/em><\/p><p>H\u00f8yrepolitikere i Frogner bydel tenker stadig nytt for \u00e5 sikre gode tjenester til Frogners innbyggere. Det er veldig viktig for oss at vi forsikrer oss om at brukerne i lokalsamfunnet er forn\u00f8yd med kvaliteten p\u00e5 tjenestene som bydelen har ansvar for. Derfor er det n\u00e5 satt i gang et initiativ for \u00e5 gj\u00f8re oppf\u00f8lging og kontroll av tjenesteut\u00f8velsen enklere og mer effektiv, noe som vil gi et bedre beslutningsgrunnlag i sakene som fremlegges bydelsutvalget og som vil bidra til \u00e5 sikre enda bedre informasjon om styrker og svakheter i tjenesteut\u00f8velsen.<\/p><p>Lokalpolitikere som er valgt inn som representanter i et bydelsutvalg er lekmenn som hver m\u00e5ned behandler sm\u00e5 og store politiske saker som har betydning for bydelen. I tillegg har bydelsutvalget et betydeligtilsynsansvarfor tjenesteut\u00f8velsen i bydelen. Tilsyn omfatter i denne sammenheng all overv\u00e5king og oppf\u00f8lging av bydelens tjenesteproduksjon og politiske vedtak som er gjort tidligere. Dette er meget omfattende da det gjelder alle tjenestene bydelen produserer og administrerer.<\/p><p>Bydelsutvalgene utf\u00f8rer dette arbeidet i dag basert p\u00e5 forskjellige rapporter fra administrasjonen, brukerunders\u00f8kelser, muntlige redegj\u00f8relser, tilsynsrapporter fra lovp\u00e5lagte tilsynsutvalg utnevnt av bydelsutvalgene samt rapporter fra kommunerevisjonen etc. I tillegg har bydelsutvalget en ombudsrolle og skal lytte til innspill fra publikum (uten \u00e5 bli et klageorgan).<\/p><p><strong>Det er spesielt to behov vi har sett:<\/strong><\/p><ul><li>Behov for mer effektiv rapportering<\/li><li>Behov for uavhengige vurderinger som et supplement til normal rapportering<\/li><\/ul><p>H\u00f8yres forslag til nye\u00a0retningslinjer\u00a0for bydelsutvalgets tilsyn i Frogner bydel skal v\u00e6re med p\u00e5 \u00e5 gj\u00f8re nettopp denne tilsynsut\u00f8velsen mer profesjonell, tydelig og effektiv. Den skal angi hvordan bydelsutvalget skal utf\u00f8re oppf\u00f8lging\/tilsyn, hvordan dette skal organiseres og andre f\u00f8ringer som m\u00e5 ligge til grunn for en god styring og kontroll. Vi foresl\u00e5r for eksempel \u00e5 utvide tilsynsutvalgets rolle noe for \u00e5 kunne f\u00e5 uavhengige vurderinger ogs\u00e5 p\u00e5 seniorsentre.<\/p><p>Det \u00e5 bruke en risikobasert tiln\u00e6rming, det vil si \u00e5 kunne sile ut det som er mest kritisk og viktig \u00e5 f\u00f8lge opp, er en stor suksessfaktor for \u00e5 f\u00e5 til en effektiv kontroll. Dette vil ogs\u00e5 hjelpe bydelsutvalget da det er en god \u00f8velse for \u00e5 vurdere egne strategier\/vedtak og prioritere, i og med at man f\u00e5r et bedre inntrykk av \u201dhvor skoen trykker\u201d.<\/p><p>I tillegg er det behov for en \u00e5rlig\u00a0plan for rapportering, som angir hvilken type informasjon som skal fremlegges bydelsutvalget og n\u00e5r. Denne baseres p\u00e5 strategien til bydelen og skal fokusere p\u00e5 de mest kritiske\/viktige omr\u00e5dene. Tertialrapporten planlegges ogs\u00e5 \u00e5 suppleres med en one-pager som nettopp f\u00e5r frem de viktige momentene, slik at informasjonen ikke \u201ddrukner\u201d, da dagens rapportmaler mest er beregnet for statistikk og oppf\u00f8lging fra r\u00e5dhuset. V\u00e5r nye rapportering skal ha fokus p\u00e5 oppf\u00f8lging av strategier, m\u00e5l og kvalitet for bydelen, fremfor \u00f8konomiske parametre. Det er samtidig viktig \u00e5 tilf\u00f8re at vi er opptatt av at dette ikke skal f\u00f8re til noe s\u00e6rlig tidsbruk for administrasjonen da det hovedsakelig handler om informasjon som er lett tilgjengelig for dem og det er kun det viktigste som skal rapporteres (som uansett burde v\u00e6rt gjenstand for en muntlig redegj\u00f8relse).<\/p><p>Veien videre blir \u00e5 utforme et endelig forslag som kan fremlegges de andre partiene og bydelsadministrasjonen. Arbeidet vil bli vurdert l\u00f8pende, spesialtilpasses realitetene og strategien og endres ogs\u00e5 dermed underveis som dette endrer seg. Derfor passer denne tiln\u00e6rmingen seg ogs\u00e5 for andre bydeler, og vi h\u00e5per med dette \u00e5 kunne bidra til \u00e5 sette en ny standard for hvordan bydelsutvalgene effektivt kan utf\u00f8re sitt ansvar p\u00e5 en mer effektiv m\u00e5te.<\/p><p>Dokumentene skal formelt fremlegges bydelsutvalget for godkjenning ila februar\/mars.<\/p><p>&#8212;&#8212;-<\/p><p>Forslag til retningslinjer og plan vil bli lagt ut n\u00e5r Frogner H\u00f8yres endelige forslag er klart i l\u00f8pet av denne uken.<\/p>\n<\/div>\n<div class=\"tags\">\n\t<\/div>\n<div class=\"post-footer alignfull has-background block-editor-block-list__block\" data-align=full>\n\t<div class=\"post-footer-inner\">\n\t\t<h3>Relaterte artikler<\/h3>\n\t\t<div class=\"related-content\"><div class=\"is-card-hoyre\">\n\t<div class=\"teft-card hoyre-teft-card post-teft-card\">\n\t\t<a href=\"https:\/\/hoyre.no\/oslo\/aktuelt\/mdg-moralismen-fornekter-seg-ikke\/\" class=\"teft-card__primary-action\">\n\n\t\t\t\t\t<div class=\"teft-card__media teft-card__media--16-9\">\n\t\t\t\t\t\t<img loading=\"lazy\" decoding=\"async\" width=\"768\" height=\"512\" src=\"https:\/\/hoyre.no\/content\/uploads\/sites\/408\/2024\/01\/QZQlxtOC-768x512.jpeg\" class=\"attachment-medium_large size-medium_large\" alt=\"Merete Agerbak-Jensen\" srcset=\"https:\/\/hoyre.no\/content\/uploads\/sites\/408\/2024\/01\/QZQlxtOC-768x512.jpeg 768w, https:\/\/hoyre.no\/content\/uploads\/sites\/408\/2024\/01\/QZQlxtOC-300x200.jpeg 300w, https:\/\/hoyre.no\/content\/uploads\/sites\/408\/2024\/01\/QZQlxtOC-1024x683.jpeg 1024w, https:\/\/hoyre.no\/content\/uploads\/sites\/408\/2024\/01\/QZQlxtOC-1536x1024.jpeg 1536w, https:\/\/hoyre.no\/content\/uploads\/sites\/408\/2024\/01\/QZQlxtOC-2048x1365.jpeg 2048w\" sizes=\"auto, (max-width: 768px) 100vw, 768px\" \/>\t\t<\/div>\n\t\t\n\t\t\t<div class=\"teft-card__content-wrapper\">\n\t\t\t\t<div class=\"teft-card__secondary\">\n\t\t\t\t\t\n\t\t\t\t\t\t\t\t<div class=\"teft-card__meta\">\n\t\t\t\t\t\t\t\t\t<span class=\"post-date\">23. apr 2026<\/span>\n\n\t\t\t\t\t\t\t\t\t\t\t\t\t\t\t\t\t<\/div>\n\t\t\t\t\t\t\t\t\t\t\t<\/div>\n\n\t\t\t\t<div class=\"teft-card__primary\">\n\t\t\t\t\t<h2 class=\"teft-card__title\">MDG-moralismen fornekter seg ikke&nbsp;<span class=\"teft-card__primary-title-append\"><\/span><\/h2>\t\t\t\t<\/div>\n\t\t\t<\/div>\n\t\t<\/a>\n\t<\/div>\n\n\t<\/div><div class=\"is-card-hoyre\">\n\t<div class=\"teft-card hoyre-teft-card post-teft-card\">\n\t\t<a href=\"https:\/\/hoyre.no\/oslo\/aktuelt\/raskere-og-enklere-a-bygge-boliger-og-skape-arbeidsplasser-i-oslo\/\" class=\"teft-card__primary-action\">\n\n\t\t\t\t\t<div class=\"teft-card__media teft-card__media--16-9\">\n\t\t\t\t\t\t<img loading=\"lazy\" decoding=\"async\" width=\"768\" height=\"576\" src=\"https:\/\/hoyre.no\/content\/uploads\/sites\/408\/2026\/04\/Eirik-Lae-Solberg-og-Anita-Leirvik-North-768x576.jpg\" class=\"attachment-medium_large size-medium_large\" alt=\"\" srcset=\"https:\/\/hoyre.no\/content\/uploads\/sites\/408\/2026\/04\/Eirik-Lae-Solberg-og-Anita-Leirvik-North-768x576.jpg 768w, https:\/\/hoyre.no\/content\/uploads\/sites\/408\/2026\/04\/Eirik-Lae-Solberg-og-Anita-Leirvik-North-300x225.jpg 300w, https:\/\/hoyre.no\/content\/uploads\/sites\/408\/2026\/04\/Eirik-Lae-Solberg-og-Anita-Leirvik-North.jpg 901w\" sizes=\"auto, (max-width: 768px) 100vw, 768px\" \/>\t\t<\/div>\n\t\t\n\t\t\t<div class=\"teft-card__content-wrapper\">\n\t\t\t\t<div class=\"teft-card__secondary\">\n\t\t\t\t\t\n\t\t\t\t\t\t\t\t<div class=\"teft-card__meta\">\n\t\t\t\t\t\t\t\t\t<span class=\"post-date\">14. apr 2026<\/span>\n\n\t\t\t\t\t\t\t\t\t<span class=\"post-category\">Har lagt frem ny KPA:<\/span>\t\t\t\t\t\t\t\t<\/div>\n\t\t\t\t\t\t\t\t\t\t\t<\/div>\n\n\t\t\t\t<div class=\"teft-card__primary\">\n\t\t\t\t\t<h2 class=\"teft-card__title\">Raskere og enklere \u00e5 bygge boliger og skape arbeidsplasser i Oslo&nbsp;<span class=\"teft-card__primary-title-append\"><\/span><\/h2>\t\t\t\t<\/div>\n\t\t\t<\/div>\n\t\t<\/a>\n\t<\/div>\n\n\t<\/div><div class=\"is-card-hoyre\">\n\t<div class=\"teft-card hoyre-teft-card post-teft-card\">\n\t\t<a href=\"https:\/\/hoyre.no\/oslo\/aktuelt\/bedre-elevresultater-og-en-skoleokonomi-i-balanse-med-blagront-byrad\/\" class=\"teft-card__primary-action\">\n\n\t\t\t\t\t<div class=\"teft-card__media teft-card__media--16-9\">\n\t\t\t\t\t\t<img loading=\"lazy\" decoding=\"async\" width=\"768\" height=\"512\" src=\"https:\/\/hoyre.no\/content\/uploads\/sites\/408\/2025\/05\/IMG_6440-768x512.jpeg\" class=\"attachment-medium_large size-medium_large\" alt=\"Julie Remen Midtgarden\" srcset=\"https:\/\/hoyre.no\/content\/uploads\/sites\/408\/2025\/05\/IMG_6440-768x512.jpeg 768w, https:\/\/hoyre.no\/content\/uploads\/sites\/408\/2025\/05\/IMG_6440-300x200.jpeg 300w, https:\/\/hoyre.no\/content\/uploads\/sites\/408\/2025\/05\/IMG_6440-1024x683.jpeg 1024w, https:\/\/hoyre.no\/content\/uploads\/sites\/408\/2025\/05\/IMG_6440-1536x1024.jpeg 1536w, https:\/\/hoyre.no\/content\/uploads\/sites\/408\/2025\/05\/IMG_6440-2048x1365.jpeg 2048w\" sizes=\"auto, (max-width: 768px) 100vw, 768px\" \/>\t\t<\/div>\n\t\t\n\t\t\t<div class=\"teft-card__content-wrapper\">\n\t\t\t\t<div class=\"teft-card__secondary\">\n\t\t\t\t\t\n\t\t\t\t\t\t\t\t<div class=\"teft-card__meta\">\n\t\t\t\t\t\t\t\t\t<span class=\"post-date\">26. mar 2026<\/span>\n\n\t\t\t\t\t\t\t\t\t\t\t\t\t\t\t\t\t<\/div>\n\t\t\t\t\t\t\t\t\t\t\t<\/div>\n\n\t\t\t\t<div class=\"teft-card__primary\">\n\t\t\t\t\t<h2 class=\"teft-card__title\">Bedre elevresultater og en skole\u00f8konomi i balanse med bl\u00e5gr\u00f8nt byr\u00e5d&nbsp;<span class=\"teft-card__primary-title-append\"><\/span><\/h2>\t\t\t\t<\/div>\n\t\t\t<\/div>\n\t\t<\/a>\n\t<\/div>\n\n\t<\/div><\/div>\t<\/div>\n<\/div>\n","protected":false},"excerpt":{"rendered":"","protected":false},"author":0,"featured_media":0,"comment_status":"closed","ping_status":"open","sticky":false,"template":"","format":"standard","meta":{"teft_cards_image_url":"","teft_cards_custom_pretitle":"","teft_cards_image_id":0,"teft_cards_image_focal_point_x":0,"teft_cards_image_focal_point_y":0,"teft_cards_title":"","teft_cards_excerpt":"","teft_show_chapters":false,"author_display_name":"Oslo H\u00f8yre","footnotes":""},"category":[1],"post_tag":[],"hoyre-visibility":[],"article-type":[],"politician":[],"class_list":["post-1718","post","type-post","status-publish","format-standard","hentry","category-nyheter"],"yoast_head":"<!-- This site is optimized with the Yoast SEO Premium plugin v26.5 (Yoast SEO v26.6) - https:\/\/yoast.com\/wordpress\/plugins\/seo\/ -->\n<title>Vil sikre at innbyggerene i Frogner Bydel er forn\u00f8yde - Oslo H\u00f8yre<\/title>\n<meta name=\"robots\" content=\"index, follow, max-snippet:-1, max-image-preview:large, max-video-preview:-1\" \/>\n<link rel=\"canonical\" href=\"https:\/\/hoyre.no\/oslo\/aktuelt\/fornoyde_frogner_bydel\/\" \/>\n<meta property=\"og:locale\" content=\"nb_NO\" \/>\n<meta property=\"og:type\" content=\"article\" \/>\n<meta property=\"og:title\" content=\"Vil sikre at innbyggerene i Frogner Bydel er forn\u00f8yde\" \/>\n<meta property=\"og:url\" content=\"https:\/\/hoyre.no\/oslo\/aktuelt\/fornoyde_frogner_bydel\/\" \/>\n<meta property=\"og:site_name\" content=\"Oslo H\u00f8yre\" \/>\n<meta property=\"article:publisher\" content=\"https:\/\/www.facebook.com\/oslo.hoyre\" \/>\n<meta property=\"article:published_time\" content=\"2014-02-22T22:15:20+00:00\" \/>\n<meta property=\"article:modified_time\" content=\"2022-09-26T13:06:32+00:00\" \/>\n<meta property=\"og:image\" content=\"https:\/\/hoyre.no\/content\/uploads\/sites\/408\/2022\/11\/Hoyres-logo.png\" \/>\n\t<meta property=\"og:image:width\" content=\"1000\" \/>\n\t<meta property=\"og:image:height\" content=\"1000\" \/>\n\t<meta property=\"og:image:type\" content=\"image\/png\" \/>\n<meta name=\"twitter:card\" content=\"summary_large_image\" \/>\n<meta name=\"twitter:label1\" content=\"Ansl. lesetid\" \/>\n\t<meta name=\"twitter:data1\" content=\"3 minutter\" \/>\n<script type=\"application\/ld+json\" class=\"yoast-schema-graph\">{\"@context\":\"https:\/\/schema.org\",\"@graph\":[{\"@type\":\"Article\",\"@id\":\"https:\/\/hoyre.no\/oslo\/aktuelt\/fornoyde_frogner_bydel\/#article\",\"isPartOf\":{\"@id\":\"https:\/\/hoyre.no\/oslo\/aktuelt\/fornoyde_frogner_bydel\/\"},\"author\":{\"name\":\"\",\"@id\":\"\"},\"headline\":\"Vil sikre at innbyggerene i Frogner Bydel er forn\u00f8yde\",\"datePublished\":\"2014-02-22T22:15:20+00:00\",\"dateModified\":\"2022-09-26T13:06:32+00:00\",\"mainEntityOfPage\":{\"@id\":\"https:\/\/hoyre.no\/oslo\/aktuelt\/fornoyde_frogner_bydel\/\"},\"wordCount\":671,\"publisher\":{\"@id\":\"https:\/\/hoyre.no\/oslo\/#organization\"},\"articleSection\":[\"Nyheter\"],\"inLanguage\":\"nb-NO\"},{\"@type\":\"NewsArticle\",\"@id\":\"https:\/\/hoyre.no\/oslo\/aktuelt\/fornoyde_frogner_bydel\/\",\"url\":\"https:\/\/hoyre.no\/oslo\/aktuelt\/fornoyde_frogner_bydel\/\",\"name\":\"Vil sikre at innbyggerene i Frogner Bydel er forn\u00f8yde - Oslo H\u00f8yre\",\"isPartOf\":{\"@id\":\"https:\/\/hoyre.no\/oslo\/#website\"},\"datePublished\":\"2014-02-22T22:15:20+00:00\",\"dateModified\":\"2022-09-26T13:06:32+00:00\",\"breadcrumb\":{\"@id\":\"https:\/\/hoyre.no\/oslo\/aktuelt\/fornoyde_frogner_bydel\/#breadcrumb\"},\"inLanguage\":\"nb-NO\",\"potentialAction\":[{\"@type\":\"ReadAction\",\"target\":[\"https:\/\/hoyre.no\/oslo\/aktuelt\/fornoyde_frogner_bydel\/\"]}]},{\"@type\":\"BreadcrumbList\",\"@id\":\"https:\/\/hoyre.no\/oslo\/aktuelt\/fornoyde_frogner_bydel\/#breadcrumb\",\"itemListElement\":[{\"@type\":\"ListItem\",\"position\":1,\"name\":\"Til hoyre.no\",\"item\":\"https:\/\/hoyre.no\"},{\"@type\":\"ListItem\",\"position\":2,\"name\":\"Hjem\",\"item\":\"https:\/\/hoyre.no\/oslo\/\"},{\"@type\":\"ListItem\",\"position\":3,\"name\":\"Vil sikre at innbyggerene i Frogner Bydel er forn\u00f8yde\"}]},{\"@type\":\"WebSite\",\"@id\":\"https:\/\/hoyre.no\/oslo\/#website\",\"url\":\"https:\/\/hoyre.no\/oslo\/\",\"name\":\"Oslo H\u00f8yre\",\"description\":\"\",\"publisher\":{\"@id\":\"https:\/\/hoyre.no\/oslo\/#organization\"},\"inLanguage\":\"nb-NO\"},{\"@type\":\"Organization\",\"@id\":\"https:\/\/hoyre.no\/oslo\/#organization\",\"name\":\"Oslo H\u00f8yre\",\"url\":\"https:\/\/hoyre.no\/oslo\/\",\"logo\":{\"@type\":\"ImageObject\",\"inLanguage\":\"nb-NO\",\"@id\":\"https:\/\/hoyre.no\/oslo\/#\/schema\/logo\/image\/\",\"url\":\"https:\/\/hoyre.no\/content\/uploads\/sites\/408\/2022\/11\/Hoyres-logo.png\",\"contentUrl\":\"https:\/\/hoyre.no\/content\/uploads\/sites\/408\/2022\/11\/Hoyres-logo.png\",\"width\":1000,\"height\":1000,\"caption\":\"Oslo H\u00f8yre\"},\"image\":{\"@id\":\"https:\/\/hoyre.no\/oslo\/#\/schema\/logo\/image\/\"},\"sameAs\":[\"https:\/\/www.facebook.com\/oslo.hoyre\"]}]}<\/script>\n<!-- \/ Yoast SEO Premium plugin. -->","yoast_head_json":{"title":"Vil sikre at innbyggerene i Frogner Bydel er forn\u00f8yde - Oslo H\u00f8yre","robots":{"index":"index","follow":"follow","max-snippet":"max-snippet:-1","max-image-preview":"max-image-preview:large","max-video-preview":"max-video-preview:-1"},"canonical":"https:\/\/hoyre.no\/oslo\/aktuelt\/fornoyde_frogner_bydel\/","og_locale":"nb_NO","og_type":"article","og_title":"Vil sikre at innbyggerene i Frogner Bydel er forn\u00f8yde","og_url":"https:\/\/hoyre.no\/oslo\/aktuelt\/fornoyde_frogner_bydel\/","og_site_name":"Oslo H\u00f8yre","article_publisher":"https:\/\/www.facebook.com\/oslo.hoyre","article_published_time":"2014-02-22T22:15:20+00:00","article_modified_time":"2022-09-26T13:06:32+00:00","og_image":[{"width":1000,"height":1000,"url":"https:\/\/hoyre.no\/content\/uploads\/sites\/408\/2022\/11\/Hoyres-logo.png","type":"image\/png"}],"twitter_card":"summary_large_image","twitter_misc":{"Ansl. lesetid":"3 minutter"},"schema":{"@context":"https:\/\/schema.org","@graph":[{"@type":"Article","@id":"https:\/\/hoyre.no\/oslo\/aktuelt\/fornoyde_frogner_bydel\/#article","isPartOf":{"@id":"https:\/\/hoyre.no\/oslo\/aktuelt\/fornoyde_frogner_bydel\/"},"author":{"name":"","@id":""},"headline":"Vil sikre at innbyggerene i Frogner Bydel er forn\u00f8yde","datePublished":"2014-02-22T22:15:20+00:00","dateModified":"2022-09-26T13:06:32+00:00","mainEntityOfPage":{"@id":"https:\/\/hoyre.no\/oslo\/aktuelt\/fornoyde_frogner_bydel\/"},"wordCount":671,"publisher":{"@id":"https:\/\/hoyre.no\/oslo\/#organization"},"articleSection":["Nyheter"],"inLanguage":"nb-NO"},{"@type":"NewsArticle","@id":"https:\/\/hoyre.no\/oslo\/aktuelt\/fornoyde_frogner_bydel\/","url":"https:\/\/hoyre.no\/oslo\/aktuelt\/fornoyde_frogner_bydel\/","name":"Vil sikre at innbyggerene i Frogner Bydel er forn\u00f8yde - Oslo H\u00f8yre","isPartOf":{"@id":"https:\/\/hoyre.no\/oslo\/#website"},"datePublished":"2014-02-22T22:15:20+00:00","dateModified":"2022-09-26T13:06:32+00:00","breadcrumb":{"@id":"https:\/\/hoyre.no\/oslo\/aktuelt\/fornoyde_frogner_bydel\/#breadcrumb"},"inLanguage":"nb-NO","potentialAction":[{"@type":"ReadAction","target":["https:\/\/hoyre.no\/oslo\/aktuelt\/fornoyde_frogner_bydel\/"]}]},{"@type":"BreadcrumbList","@id":"https:\/\/hoyre.no\/oslo\/aktuelt\/fornoyde_frogner_bydel\/#breadcrumb","itemListElement":[{"@type":"ListItem","position":1,"name":"Til hoyre.no","item":"https:\/\/hoyre.no"},{"@type":"ListItem","position":2,"name":"Hjem","item":"https:\/\/hoyre.no\/oslo\/"},{"@type":"ListItem","position":3,"name":"Vil sikre at innbyggerene i Frogner Bydel er forn\u00f8yde"}]},{"@type":"WebSite","@id":"https:\/\/hoyre.no\/oslo\/#website","url":"https:\/\/hoyre.no\/oslo\/","name":"Oslo H\u00f8yre","description":"","publisher":{"@id":"https:\/\/hoyre.no\/oslo\/#organization"},"inLanguage":"nb-NO"},{"@type":"Organization","@id":"https:\/\/hoyre.no\/oslo\/#organization","name":"Oslo H\u00f8yre","url":"https:\/\/hoyre.no\/oslo\/","logo":{"@type":"ImageObject","inLanguage":"nb-NO","@id":"https:\/\/hoyre.no\/oslo\/#\/schema\/logo\/image\/","url":"https:\/\/hoyre.no\/content\/uploads\/sites\/408\/2022\/11\/Hoyres-logo.png","contentUrl":"https:\/\/hoyre.no\/content\/uploads\/sites\/408\/2022\/11\/Hoyres-logo.png","width":1000,"height":1000,"caption":"Oslo H\u00f8yre"},"image":{"@id":"https:\/\/hoyre.no\/oslo\/#\/schema\/logo\/image\/"},"sameAs":["https:\/\/www.facebook.com\/oslo.hoyre"]}]}},"distributor_meta":false,"distributor_terms":false,"distributor_media":false,"distributor_original_site_name":"Oslo H\u00f8yre","distributor_original_site_url":"https:\/\/hoyre.no\/oslo","push-errors":false,"_links":{"self":[{"href":"https:\/\/hoyre.no\/oslo\/wp-json\/wp\/v2\/posts\/1718","targetHints":{"allow":["GET"]}}],"collection":[{"href":"https:\/\/hoyre.no\/oslo\/wp-json\/wp\/v2\/posts"}],"about":[{"href":"https:\/\/hoyre.no\/oslo\/wp-json\/wp\/v2\/types\/post"}],"replies":[{"embeddable":true,"href":"https:\/\/hoyre.no\/oslo\/wp-json\/wp\/v2\/comments?post=1718"}],"version-history":[{"count":1,"href":"https:\/\/hoyre.no\/oslo\/wp-json\/wp\/v2\/posts\/1718\/revisions"}],"predecessor-version":[{"id":2910,"href":"https:\/\/hoyre.no\/oslo\/wp-json\/wp\/v2\/posts\/1718\/revisions\/2910"}],"wp:attachment":[{"href":"https:\/\/hoyre.no\/oslo\/wp-json\/wp\/v2\/media?parent=1718"}],"wp:term":[{"taxonomy":"category","embeddable":true,"href":"https:\/\/hoyre.no\/oslo\/wp-json\/wp\/v2\/category?post=1718"},{"taxonomy":"post_tag","embeddable":true,"href":"https:\/\/hoyre.no\/oslo\/wp-json\/wp\/v2\/post_tag?post=1718"},{"taxonomy":"hoyre-visibility","embeddable":true,"href":"https:\/\/hoyre.no\/oslo\/wp-json\/wp\/v2\/hoyre-visibility?post=1718"},{"taxonomy":"article-type","embeddable":true,"href":"https:\/\/hoyre.no\/oslo\/wp-json\/wp\/v2\/article-type?post=1718"},{"taxonomy":"politician","embeddable":true,"href":"https:\/\/hoyre.no\/oslo\/wp-json\/wp\/v2\/politician?post=1718"}],"curies":[{"name":"wp","href":"https:\/\/api.w.org\/{rel}","templated":true}]}}