{"id":1721,"date":"2014-02-17T01:10:06","date_gmt":"2014-02-17T01:10:06","guid":{"rendered":"https:\/\/hoyre.no\/oslo\/aktuelt\/setter-fokus-pa-forebygging-selvmord\/"},"modified":"2022-09-26T15:06:32","modified_gmt":"2022-09-26T13:06:32","slug":"setter-fokus-pa-forebygging-selvmord","status":"publish","type":"post","link":"https:\/\/hoyre.no\/oslo\/aktuelt\/setter-fokus-pa-forebygging-selvmord\/","title":{"rendered":"Setter fokus p\u00e5 forebygging av selvmord"},"content":{"rendered":"<figure class=\"hoyre-image-wrapper\"><div class=\"hoyre-image\"><img loading=\"lazy\" decoding=\"async\" width=\"960\" height=\"542\" src=\"https:\/\/hoyre.no\/content\/uploads\/sites\/408\/2022\/09\/holmenkollsondag-21.jpg\" class=\"attachment-scaled size-scaled\" alt=\"\" style=\"object-position: 50% 50%\" srcset=\"https:\/\/hoyre.no\/content\/uploads\/sites\/408\/2022\/09\/holmenkollsondag-21.jpg 960w, https:\/\/hoyre.no\/content\/uploads\/sites\/408\/2022\/09\/holmenkollsondag-21-300x169.jpg 300w, https:\/\/hoyre.no\/content\/uploads\/sites\/408\/2022\/09\/holmenkollsondag-21-768x434.jpg 768w\" sizes=\"auto, (max-width: 960px) 100vw, 960px\" \/><\/div><\/figure><div id=\"hoyre-old-article-content-wrapper\"><blockquote><p>Frogner H\u00f8yre mener at nullvisjon for selvmord blant barn og unge er en viktig politisk sak som b\u00f8r settes p\u00e5 dagsorden. I forkant av Oslo H\u00f8yres \u00e5rsm\u00f8te 24. januar har derfor bydelsforeningen levert inn et resolusjonsforslag med \u00f8nske om \u00e5 f\u00e5 det vedtatt av Oslo H\u00f8yre.<\/p><p>Tekst; Liis Kaskpeit<\/p><p>J\u00f8rn Lein-Mathisen er initiativtakeren til resolusjonen om nullvisjon for selvmord blant barn og unge. Resolusjonen fikk enstemmig st\u00f8tte fra styremedlemmene i Frogner H\u00f8yre, noe som viser at dette er en viktig sak som b\u00f8r belyses i st\u00f8rre grad enn det har blitt gjort hittil.<\/p><p><strong>Nullvisjon gir gode resultater<\/strong><\/p><p>\u2013 Selvmord dreier seg om sv\u00e6rt mange tapte leve\u00e5r hos unge mennesker \u2013 tap til en form for d\u00f8d som kan forebygges. Selvmordsstatistikken for eksempel for Oslo ligger i dag p\u00e5 niv\u00e5et med Miami, f\u00f8r nullvisjonen ble innf\u00f8rt der i 1988. I dag forekommer det kun 1-2 selvmord i Miami. De gode resultatene fra over Atlanteren viser at nullvisjonen er oppn\u00e5elig. Samtidig har vi sett at nullvisjon mot trafikkd\u00f8d i Norge ogs\u00e5 har gitt gode resultater. Dersom resolusjonen blir vedtatt av Oslo H\u00f8yre, kan dette bli en nasjonal politikk om f\u00e5 m\u00e5neder \u2013 noe som ville spart hundrevis av liv og millioner av kroner for samfunnet, p\u00e5peker Lein-Mathisen.<\/p><p><strong>Begrenset med midler til forebygging<\/strong><\/p><p>Selvmord utgj\u00f8r nemlig en uakseptabelt h\u00f8y andel av d\u00f8dsfall blant unge, cirka 25 prosent hos dem under 25 \u00e5r. I tillegg 500-600 tapte liv per \u00e5r koster hvert selvmord samfunnet 17,5 millioner kroner i indirekte kostnader som sykemelding blant de n\u00e6rmeste 10 p\u00e5r\u00f8rende. Likevel brukes det \u00e5rlig kun cirka 12-20 millioner kroner p\u00e5 selvmordsforebygging, det meste til ekspertsentre og veldig lite til personrettede tiltak.<\/p><p>Den avg\u00e5tte regjering lovte i \u00e5revis en handlingsplan mot selvmord blant barn og unge. Da H\u00f8yres Bent H\u00f8ie i interpellasjon i 2011 etterlyste tiltak, kom et nytt l\u00f8fte om handlingsplan, tidfestet til i 2013. Men Helsedirektoratets utkast ble lagt i skuffen, ogs\u00e5 i 2013. En ny regjering med H\u00f8yre i spissen har ikke bare satt fokus p\u00e5 psykisk helse generelt, men ogs\u00e5 tatt fram dette utkastet igjen. Men utkastet sies \u00e5 v\u00e6re generelt. N\u00e5 trengs tiltak med reell effekt \u2013 ut fra en helt entydig visjon, og Frogner H\u00f8yre er p\u00e5driveren for \u00e5 f\u00e5 igangsatt dette arbeidet.<\/p><p><strong>Frogner H\u00f8yre foresl\u00e5r \u00e5 gj\u00f8re f\u00f8lgende:<\/strong><\/p><ul><li>Regjeringen skal sette en nullvisjon for selvmord blant barn og unge.<\/li><li>L\u00e6rdom m\u00e5 overf\u00f8res fra det gode arbeidet med nullvisjon for trafikkd\u00f8d.<\/li><li>Regjeringen b\u00f8r som i Miami vurdere konkrete tiltak som et varslingssystem ved oppdagelse av risiko for selvmord. Dette kan inkludere \u00e5 gi lyttekompetanse til ulike offentlig ansatte som har med barn og unge \u00e5 gj\u00f8re slik at man vet n\u00e5r man skal melde fra \u2013 og til hvem.<\/li><li>Regjeringen b\u00f8r som i Miami vurdere et beredskapssystem som inkluderer klart definerte varslingskjede med tidsfrister. I Miami skal oppdageren varsle de to mest relevante instanser ut fra situasjonen. Disse skal ha truffet tiltak innen 48 timer.<\/li><\/ul><p><a href=\"http:\/\/www.hoyre.no\/?module=Files&#038;&#038;action=File.getFile&#038;&#038;ID=30272\">Les mer i det fullstendige resolusjonsforslaget<\/a><\/p><\/blockquote>\n<\/div>\n<div class=\"tags\">\n\t<\/div>\n<div class=\"post-footer alignfull has-background block-editor-block-list__block\" data-align=full>\n\t<div class=\"post-footer-inner\">\n\t\t<h3>Relaterte artikler<\/h3>\n\t\t<div class=\"related-content\"><div class=\"is-card-hoyre\">\n\t<div class=\"teft-card hoyre-teft-card post-teft-card\">\n\t\t<a href=\"https:\/\/hoyre.no\/oslo\/aktuelt\/mdg-moralismen-fornekter-seg-ikke\/\" class=\"teft-card__primary-action\">\n\n\t\t\t\t\t<div class=\"teft-card__media teft-card__media--16-9\">\n\t\t\t\t\t\t<img loading=\"lazy\" decoding=\"async\" width=\"768\" height=\"512\" src=\"https:\/\/hoyre.no\/content\/uploads\/sites\/408\/2024\/01\/QZQlxtOC-768x512.jpeg\" class=\"attachment-medium_large size-medium_large\" alt=\"Merete Agerbak-Jensen\" srcset=\"https:\/\/hoyre.no\/content\/uploads\/sites\/408\/2024\/01\/QZQlxtOC-768x512.jpeg 768w, https:\/\/hoyre.no\/content\/uploads\/sites\/408\/2024\/01\/QZQlxtOC-300x200.jpeg 300w, https:\/\/hoyre.no\/content\/uploads\/sites\/408\/2024\/01\/QZQlxtOC-1024x683.jpeg 1024w, https:\/\/hoyre.no\/content\/uploads\/sites\/408\/2024\/01\/QZQlxtOC-1536x1024.jpeg 1536w, https:\/\/hoyre.no\/content\/uploads\/sites\/408\/2024\/01\/QZQlxtOC-2048x1365.jpeg 2048w\" sizes=\"auto, (max-width: 768px) 100vw, 768px\" \/>\t\t<\/div>\n\t\t\n\t\t\t<div class=\"teft-card__content-wrapper\">\n\t\t\t\t<div class=\"teft-card__secondary\">\n\t\t\t\t\t\n\t\t\t\t\t\t\t\t<div class=\"teft-card__meta\">\n\t\t\t\t\t\t\t\t\t<span class=\"post-date\">23. apr 2026<\/span>\n\n\t\t\t\t\t\t\t\t\t\t\t\t\t\t\t\t\t<\/div>\n\t\t\t\t\t\t\t\t\t\t\t<\/div>\n\n\t\t\t\t<div class=\"teft-card__primary\">\n\t\t\t\t\t<h2 class=\"teft-card__title\">MDG-moralismen fornekter seg ikke&nbsp;<span class=\"teft-card__primary-title-append\"><\/span><\/h2>\t\t\t\t<\/div>\n\t\t\t<\/div>\n\t\t<\/a>\n\t<\/div>\n\n\t<\/div><div class=\"is-card-hoyre\">\n\t<div class=\"teft-card hoyre-teft-card post-teft-card\">\n\t\t<a href=\"https:\/\/hoyre.no\/oslo\/aktuelt\/raskere-og-enklere-a-bygge-boliger-og-skape-arbeidsplasser-i-oslo\/\" class=\"teft-card__primary-action\">\n\n\t\t\t\t\t<div class=\"teft-card__media teft-card__media--16-9\">\n\t\t\t\t\t\t<img loading=\"lazy\" decoding=\"async\" width=\"768\" height=\"576\" src=\"https:\/\/hoyre.no\/content\/uploads\/sites\/408\/2026\/04\/Eirik-Lae-Solberg-og-Anita-Leirvik-North-768x576.jpg\" class=\"attachment-medium_large size-medium_large\" alt=\"\" srcset=\"https:\/\/hoyre.no\/content\/uploads\/sites\/408\/2026\/04\/Eirik-Lae-Solberg-og-Anita-Leirvik-North-768x576.jpg 768w, https:\/\/hoyre.no\/content\/uploads\/sites\/408\/2026\/04\/Eirik-Lae-Solberg-og-Anita-Leirvik-North-300x225.jpg 300w, https:\/\/hoyre.no\/content\/uploads\/sites\/408\/2026\/04\/Eirik-Lae-Solberg-og-Anita-Leirvik-North.jpg 901w\" sizes=\"auto, (max-width: 768px) 100vw, 768px\" \/>\t\t<\/div>\n\t\t\n\t\t\t<div class=\"teft-card__content-wrapper\">\n\t\t\t\t<div class=\"teft-card__secondary\">\n\t\t\t\t\t\n\t\t\t\t\t\t\t\t<div class=\"teft-card__meta\">\n\t\t\t\t\t\t\t\t\t<span class=\"post-date\">14. apr 2026<\/span>\n\n\t\t\t\t\t\t\t\t\t<span class=\"post-category\">Har lagt frem ny KPA:<\/span>\t\t\t\t\t\t\t\t<\/div>\n\t\t\t\t\t\t\t\t\t\t\t<\/div>\n\n\t\t\t\t<div class=\"teft-card__primary\">\n\t\t\t\t\t<h2 class=\"teft-card__title\">Raskere og enklere \u00e5 bygge boliger og skape arbeidsplasser i Oslo&nbsp;<span class=\"teft-card__primary-title-append\"><\/span><\/h2>\t\t\t\t<\/div>\n\t\t\t<\/div>\n\t\t<\/a>\n\t<\/div>\n\n\t<\/div><div class=\"is-card-hoyre\">\n\t<div class=\"teft-card hoyre-teft-card post-teft-card\">\n\t\t<a href=\"https:\/\/hoyre.no\/oslo\/aktuelt\/bedre-elevresultater-og-en-skoleokonomi-i-balanse-med-blagront-byrad\/\" class=\"teft-card__primary-action\">\n\n\t\t\t\t\t<div class=\"teft-card__media teft-card__media--16-9\">\n\t\t\t\t\t\t<img loading=\"lazy\" decoding=\"async\" width=\"768\" height=\"512\" src=\"https:\/\/hoyre.no\/content\/uploads\/sites\/408\/2025\/05\/IMG_6440-768x512.jpeg\" class=\"attachment-medium_large size-medium_large\" alt=\"Julie Remen Midtgarden\" srcset=\"https:\/\/hoyre.no\/content\/uploads\/sites\/408\/2025\/05\/IMG_6440-768x512.jpeg 768w, https:\/\/hoyre.no\/content\/uploads\/sites\/408\/2025\/05\/IMG_6440-300x200.jpeg 300w, https:\/\/hoyre.no\/content\/uploads\/sites\/408\/2025\/05\/IMG_6440-1024x683.jpeg 1024w, https:\/\/hoyre.no\/content\/uploads\/sites\/408\/2025\/05\/IMG_6440-1536x1024.jpeg 1536w, https:\/\/hoyre.no\/content\/uploads\/sites\/408\/2025\/05\/IMG_6440-2048x1365.jpeg 2048w\" sizes=\"auto, (max-width: 768px) 100vw, 768px\" \/>\t\t<\/div>\n\t\t\n\t\t\t<div class=\"teft-card__content-wrapper\">\n\t\t\t\t<div class=\"teft-card__secondary\">\n\t\t\t\t\t\n\t\t\t\t\t\t\t\t<div class=\"teft-card__meta\">\n\t\t\t\t\t\t\t\t\t<span class=\"post-date\">26. mar 2026<\/span>\n\n\t\t\t\t\t\t\t\t\t\t\t\t\t\t\t\t\t<\/div>\n\t\t\t\t\t\t\t\t\t\t\t<\/div>\n\n\t\t\t\t<div class=\"teft-card__primary\">\n\t\t\t\t\t<h2 class=\"teft-card__title\">Bedre elevresultater og en skole\u00f8konomi i balanse med bl\u00e5gr\u00f8nt byr\u00e5d&nbsp;<span class=\"teft-card__primary-title-append\"><\/span><\/h2>\t\t\t\t<\/div>\n\t\t\t<\/div>\n\t\t<\/a>\n\t<\/div>\n\n\t<\/div><\/div>\t<\/div>\n<\/div>\n","protected":false},"excerpt":{"rendered":"","protected":false},"author":0,"featured_media":0,"comment_status":"closed","ping_status":"open","sticky":false,"template":"","format":"standard","meta":{"teft_cards_image_url":"","teft_cards_custom_pretitle":"","teft_cards_image_id":0,"teft_cards_image_focal_point_x":0,"teft_cards_image_focal_point_y":0,"teft_cards_title":"","teft_cards_excerpt":"","teft_show_chapters":false,"author_display_name":"Oslo H\u00f8yre","footnotes":""},"category":[1],"post_tag":[],"hoyre-visibility":[],"article-type":[],"politician":[],"class_list":["post-1721","post","type-post","status-publish","format-standard","hentry","category-nyheter"],"yoast_head":"<!-- This site is optimized with the Yoast SEO Premium plugin v26.5 (Yoast SEO v26.6) - https:\/\/yoast.com\/wordpress\/plugins\/seo\/ -->\n<title>Setter fokus p\u00e5 forebygging av selvmord - Oslo H\u00f8yre<\/title>\n<meta name=\"robots\" content=\"index, follow, max-snippet:-1, max-image-preview:large, max-video-preview:-1\" \/>\n<link rel=\"canonical\" href=\"https:\/\/hoyre.no\/oslo\/aktuelt\/setter-fokus-pa-forebygging-selvmord\/\" \/>\n<meta property=\"og:locale\" content=\"nb_NO\" \/>\n<meta property=\"og:type\" content=\"article\" \/>\n<meta property=\"og:title\" content=\"Setter fokus p\u00e5 forebygging av selvmord\" \/>\n<meta property=\"og:url\" content=\"https:\/\/hoyre.no\/oslo\/aktuelt\/setter-fokus-pa-forebygging-selvmord\/\" \/>\n<meta property=\"og:site_name\" content=\"Oslo H\u00f8yre\" \/>\n<meta property=\"article:publisher\" content=\"https:\/\/www.facebook.com\/oslo.hoyre\" \/>\n<meta property=\"article:published_time\" content=\"2014-02-17T01:10:06+00:00\" \/>\n<meta property=\"article:modified_time\" content=\"2022-09-26T13:06:32+00:00\" \/>\n<meta property=\"og:image\" content=\"https:\/\/hoyre.no\/content\/uploads\/sites\/408\/2022\/11\/Hoyres-logo.png\" \/>\n\t<meta property=\"og:image:width\" content=\"1000\" \/>\n\t<meta property=\"og:image:height\" content=\"1000\" \/>\n\t<meta property=\"og:image:type\" content=\"image\/png\" \/>\n<meta name=\"twitter:card\" content=\"summary_large_image\" \/>\n<meta name=\"twitter:label1\" content=\"Ansl. lesetid\" \/>\n\t<meta name=\"twitter:data1\" content=\"3 minutter\" \/>\n<script type=\"application\/ld+json\" class=\"yoast-schema-graph\">{\"@context\":\"https:\/\/schema.org\",\"@graph\":[{\"@type\":\"Article\",\"@id\":\"https:\/\/hoyre.no\/oslo\/aktuelt\/setter-fokus-pa-forebygging-selvmord\/#article\",\"isPartOf\":{\"@id\":\"https:\/\/hoyre.no\/oslo\/aktuelt\/setter-fokus-pa-forebygging-selvmord\/\"},\"author\":{\"name\":\"\",\"@id\":\"\"},\"headline\":\"Setter fokus p\u00e5 forebygging av selvmord\",\"datePublished\":\"2014-02-17T01:10:06+00:00\",\"dateModified\":\"2022-09-26T13:06:32+00:00\",\"mainEntityOfPage\":{\"@id\":\"https:\/\/hoyre.no\/oslo\/aktuelt\/setter-fokus-pa-forebygging-selvmord\/\"},\"wordCount\":534,\"publisher\":{\"@id\":\"https:\/\/hoyre.no\/oslo\/#organization\"},\"articleSection\":[\"Nyheter\"],\"inLanguage\":\"nb-NO\"},{\"@type\":\"NewsArticle\",\"@id\":\"https:\/\/hoyre.no\/oslo\/aktuelt\/setter-fokus-pa-forebygging-selvmord\/\",\"url\":\"https:\/\/hoyre.no\/oslo\/aktuelt\/setter-fokus-pa-forebygging-selvmord\/\",\"name\":\"Setter fokus p\u00e5 forebygging av selvmord - Oslo H\u00f8yre\",\"isPartOf\":{\"@id\":\"https:\/\/hoyre.no\/oslo\/#website\"},\"datePublished\":\"2014-02-17T01:10:06+00:00\",\"dateModified\":\"2022-09-26T13:06:32+00:00\",\"breadcrumb\":{\"@id\":\"https:\/\/hoyre.no\/oslo\/aktuelt\/setter-fokus-pa-forebygging-selvmord\/#breadcrumb\"},\"inLanguage\":\"nb-NO\",\"potentialAction\":[{\"@type\":\"ReadAction\",\"target\":[\"https:\/\/hoyre.no\/oslo\/aktuelt\/setter-fokus-pa-forebygging-selvmord\/\"]}]},{\"@type\":\"BreadcrumbList\",\"@id\":\"https:\/\/hoyre.no\/oslo\/aktuelt\/setter-fokus-pa-forebygging-selvmord\/#breadcrumb\",\"itemListElement\":[{\"@type\":\"ListItem\",\"position\":1,\"name\":\"Til hoyre.no\",\"item\":\"https:\/\/hoyre.no\"},{\"@type\":\"ListItem\",\"position\":2,\"name\":\"Hjem\",\"item\":\"https:\/\/hoyre.no\/oslo\/\"},{\"@type\":\"ListItem\",\"position\":3,\"name\":\"Setter fokus p\u00e5 forebygging av selvmord\"}]},{\"@type\":\"WebSite\",\"@id\":\"https:\/\/hoyre.no\/oslo\/#website\",\"url\":\"https:\/\/hoyre.no\/oslo\/\",\"name\":\"Oslo H\u00f8yre\",\"description\":\"\",\"publisher\":{\"@id\":\"https:\/\/hoyre.no\/oslo\/#organization\"},\"inLanguage\":\"nb-NO\"},{\"@type\":\"Organization\",\"@id\":\"https:\/\/hoyre.no\/oslo\/#organization\",\"name\":\"Oslo H\u00f8yre\",\"url\":\"https:\/\/hoyre.no\/oslo\/\",\"logo\":{\"@type\":\"ImageObject\",\"inLanguage\":\"nb-NO\",\"@id\":\"https:\/\/hoyre.no\/oslo\/#\/schema\/logo\/image\/\",\"url\":\"https:\/\/hoyre.no\/content\/uploads\/sites\/408\/2022\/11\/Hoyres-logo.png\",\"contentUrl\":\"https:\/\/hoyre.no\/content\/uploads\/sites\/408\/2022\/11\/Hoyres-logo.png\",\"width\":1000,\"height\":1000,\"caption\":\"Oslo H\u00f8yre\"},\"image\":{\"@id\":\"https:\/\/hoyre.no\/oslo\/#\/schema\/logo\/image\/\"},\"sameAs\":[\"https:\/\/www.facebook.com\/oslo.hoyre\"]}]}<\/script>\n<!-- \/ Yoast SEO Premium plugin. -->","yoast_head_json":{"title":"Setter fokus p\u00e5 forebygging av selvmord - Oslo H\u00f8yre","robots":{"index":"index","follow":"follow","max-snippet":"max-snippet:-1","max-image-preview":"max-image-preview:large","max-video-preview":"max-video-preview:-1"},"canonical":"https:\/\/hoyre.no\/oslo\/aktuelt\/setter-fokus-pa-forebygging-selvmord\/","og_locale":"nb_NO","og_type":"article","og_title":"Setter fokus p\u00e5 forebygging av selvmord","og_url":"https:\/\/hoyre.no\/oslo\/aktuelt\/setter-fokus-pa-forebygging-selvmord\/","og_site_name":"Oslo H\u00f8yre","article_publisher":"https:\/\/www.facebook.com\/oslo.hoyre","article_published_time":"2014-02-17T01:10:06+00:00","article_modified_time":"2022-09-26T13:06:32+00:00","og_image":[{"width":1000,"height":1000,"url":"https:\/\/hoyre.no\/content\/uploads\/sites\/408\/2022\/11\/Hoyres-logo.png","type":"image\/png"}],"twitter_card":"summary_large_image","twitter_misc":{"Ansl. lesetid":"3 minutter"},"schema":{"@context":"https:\/\/schema.org","@graph":[{"@type":"Article","@id":"https:\/\/hoyre.no\/oslo\/aktuelt\/setter-fokus-pa-forebygging-selvmord\/#article","isPartOf":{"@id":"https:\/\/hoyre.no\/oslo\/aktuelt\/setter-fokus-pa-forebygging-selvmord\/"},"author":{"name":"","@id":""},"headline":"Setter fokus p\u00e5 forebygging av selvmord","datePublished":"2014-02-17T01:10:06+00:00","dateModified":"2022-09-26T13:06:32+00:00","mainEntityOfPage":{"@id":"https:\/\/hoyre.no\/oslo\/aktuelt\/setter-fokus-pa-forebygging-selvmord\/"},"wordCount":534,"publisher":{"@id":"https:\/\/hoyre.no\/oslo\/#organization"},"articleSection":["Nyheter"],"inLanguage":"nb-NO"},{"@type":"NewsArticle","@id":"https:\/\/hoyre.no\/oslo\/aktuelt\/setter-fokus-pa-forebygging-selvmord\/","url":"https:\/\/hoyre.no\/oslo\/aktuelt\/setter-fokus-pa-forebygging-selvmord\/","name":"Setter fokus p\u00e5 forebygging av selvmord - Oslo H\u00f8yre","isPartOf":{"@id":"https:\/\/hoyre.no\/oslo\/#website"},"datePublished":"2014-02-17T01:10:06+00:00","dateModified":"2022-09-26T13:06:32+00:00","breadcrumb":{"@id":"https:\/\/hoyre.no\/oslo\/aktuelt\/setter-fokus-pa-forebygging-selvmord\/#breadcrumb"},"inLanguage":"nb-NO","potentialAction":[{"@type":"ReadAction","target":["https:\/\/hoyre.no\/oslo\/aktuelt\/setter-fokus-pa-forebygging-selvmord\/"]}]},{"@type":"BreadcrumbList","@id":"https:\/\/hoyre.no\/oslo\/aktuelt\/setter-fokus-pa-forebygging-selvmord\/#breadcrumb","itemListElement":[{"@type":"ListItem","position":1,"name":"Til hoyre.no","item":"https:\/\/hoyre.no"},{"@type":"ListItem","position":2,"name":"Hjem","item":"https:\/\/hoyre.no\/oslo\/"},{"@type":"ListItem","position":3,"name":"Setter fokus p\u00e5 forebygging av selvmord"}]},{"@type":"WebSite","@id":"https:\/\/hoyre.no\/oslo\/#website","url":"https:\/\/hoyre.no\/oslo\/","name":"Oslo H\u00f8yre","description":"","publisher":{"@id":"https:\/\/hoyre.no\/oslo\/#organization"},"inLanguage":"nb-NO"},{"@type":"Organization","@id":"https:\/\/hoyre.no\/oslo\/#organization","name":"Oslo H\u00f8yre","url":"https:\/\/hoyre.no\/oslo\/","logo":{"@type":"ImageObject","inLanguage":"nb-NO","@id":"https:\/\/hoyre.no\/oslo\/#\/schema\/logo\/image\/","url":"https:\/\/hoyre.no\/content\/uploads\/sites\/408\/2022\/11\/Hoyres-logo.png","contentUrl":"https:\/\/hoyre.no\/content\/uploads\/sites\/408\/2022\/11\/Hoyres-logo.png","width":1000,"height":1000,"caption":"Oslo H\u00f8yre"},"image":{"@id":"https:\/\/hoyre.no\/oslo\/#\/schema\/logo\/image\/"},"sameAs":["https:\/\/www.facebook.com\/oslo.hoyre"]}]}},"distributor_meta":false,"distributor_terms":false,"distributor_media":false,"distributor_original_site_name":"Oslo H\u00f8yre","distributor_original_site_url":"https:\/\/hoyre.no\/oslo","push-errors":false,"_links":{"self":[{"href":"https:\/\/hoyre.no\/oslo\/wp-json\/wp\/v2\/posts\/1721","targetHints":{"allow":["GET"]}}],"collection":[{"href":"https:\/\/hoyre.no\/oslo\/wp-json\/wp\/v2\/posts"}],"about":[{"href":"https:\/\/hoyre.no\/oslo\/wp-json\/wp\/v2\/types\/post"}],"replies":[{"embeddable":true,"href":"https:\/\/hoyre.no\/oslo\/wp-json\/wp\/v2\/comments?post=1721"}],"version-history":[{"count":1,"href":"https:\/\/hoyre.no\/oslo\/wp-json\/wp\/v2\/posts\/1721\/revisions"}],"predecessor-version":[{"id":2913,"href":"https:\/\/hoyre.no\/oslo\/wp-json\/wp\/v2\/posts\/1721\/revisions\/2913"}],"wp:attachment":[{"href":"https:\/\/hoyre.no\/oslo\/wp-json\/wp\/v2\/media?parent=1721"}],"wp:term":[{"taxonomy":"category","embeddable":true,"href":"https:\/\/hoyre.no\/oslo\/wp-json\/wp\/v2\/category?post=1721"},{"taxonomy":"post_tag","embeddable":true,"href":"https:\/\/hoyre.no\/oslo\/wp-json\/wp\/v2\/post_tag?post=1721"},{"taxonomy":"hoyre-visibility","embeddable":true,"href":"https:\/\/hoyre.no\/oslo\/wp-json\/wp\/v2\/hoyre-visibility?post=1721"},{"taxonomy":"article-type","embeddable":true,"href":"https:\/\/hoyre.no\/oslo\/wp-json\/wp\/v2\/article-type?post=1721"},{"taxonomy":"politician","embeddable":true,"href":"https:\/\/hoyre.no\/oslo\/wp-json\/wp\/v2\/politician?post=1721"}],"curies":[{"name":"wp","href":"https:\/\/api.w.org\/{rel}","templated":true}]}}