{"id":1723,"date":"2014-02-16T18:55:15","date_gmt":"2014-02-16T18:55:15","guid":{"rendered":"https:\/\/hoyre.no\/oslo\/aktuelt\/i-2015-skal-hoyre-vaere-det-naturlige-gronne-valget\/"},"modified":"2022-09-26T15:06:33","modified_gmt":"2022-09-26T13:06:33","slug":"i-2015-skal-hoyre-vaere-det-naturlige-gronne-valget","status":"publish","type":"post","link":"https:\/\/hoyre.no\/oslo\/aktuelt\/i-2015-skal-hoyre-vaere-det-naturlige-gronne-valget\/","title":{"rendered":"I 2015 skal H\u00f8yre v\u00e6re det naturlige gr\u00f8nne valget"},"content":{"rendered":"<figure class=\"hoyre-image-wrapper\"><div class=\"hoyre-image\"><img loading=\"lazy\" decoding=\"async\" width=\"960\" height=\"542\" src=\"https:\/\/hoyre.no\/content\/uploads\/sites\/408\/2022\/09\/holmenkollsondag-21.jpg\" class=\"attachment-scaled size-scaled\" alt=\"\" style=\"object-position: 50% 50%\" srcset=\"https:\/\/hoyre.no\/content\/uploads\/sites\/408\/2022\/09\/holmenkollsondag-21.jpg 960w, https:\/\/hoyre.no\/content\/uploads\/sites\/408\/2022\/09\/holmenkollsondag-21-300x169.jpg 300w, https:\/\/hoyre.no\/content\/uploads\/sites\/408\/2022\/09\/holmenkollsondag-21-768x434.jpg 768w\" sizes=\"auto, (max-width: 960px) 100vw, 960px\" \/><\/div><\/figure><div id=\"hoyre-old-article-content-wrapper\"><h3>Stian Berger R\u00f8sland med store visjoner for Oslo<\/h3><p>Tekst og foto: Elin Fest\u00f8y<\/p><p>Etter at H\u00f8yre har styrt Oslo i 17 \u00e5r, og forrige h\u00f8st ogs\u00e5 gjenvunnet regjeringsmakt, s\u00e5 er innsatsen i Oslo H\u00f8yere mer skjerpet enn noensinne. P\u00e5 \u00e5pningsinnleggene p\u00e5 \u00e5rsm\u00f8tet den 24. og 25. januar var hovedbudskapet at Oslo H\u00f8yre m\u00e5 sikre at det fungerer som en mest mulig effektiv tankesmie for utvikling av morgendagens politikk. B\u00e5de for videreutvikling av hovedstaden og for \u00e5 gi viktige innspill til regjeringen.<\/p><blockquote><p>&#8211; Vi m\u00e5 sette kursen for de neste \u00e5rene, understreket R\u00f8sland, og presenterte sine vyer for fremtidens hovedstad.<\/p><\/blockquote><blockquote><p>&#8211; Jeg mener vi b\u00f8r samle oss rundt fire begreper: gr\u00f8nn, skapende, trygg og smart, sa R\u00f8sland.<\/p><\/blockquote><h3>Gr\u00f8nn by<\/h3><blockquote><p>&#8211; Jeg mener at H\u00f8yre i 2015 m\u00e5 v\u00e6re det naturlige gr\u00f8nne valget, og gi en egen trygghet for et gr\u00f8nt skift, sa R\u00f8sland, og understreket at Oslo skal ta sin del av ansvaret for at Norges m\u00e5l om CO2-kutt n\u00e5s.<\/p><\/blockquote><blockquote><p>&#8211; Vi skal fase ut oljefyring, innfase lavutslippsbiler og \u00f8ke kollektivandelen, men vi er fortsatt ikke i m\u00e5l. S\u00e5 vi m\u00e5 sp\u00f8rre oss fremover hvilke virkemidler vi er villige til \u00e5 ta i bruk, sa han, men understreket ogs\u00e5 at forgr\u00f8nningen av Oslo ikke trenger \u00e5 v\u00e6re dyr. Smart teknologi kan gj\u00f8re mye av jobben.<\/p><\/blockquote><blockquote><p>&#8211; P\u00e5 \u00d8kern sykehjem har vi sett reduksjon p\u00e5 energibruk p\u00e5 68 prosent med smarte grep. Det sparte vi 1,7 millioner kroner i str\u00f8mutgifter p\u00e5. Og vi har kommunalt drevne 25 sykehjem. Et annet eksempel er dynamisk gatebelysning, som kan gi innsparing p\u00e5 70 prosent energi.<\/p><\/blockquote><p>R\u00f8sland nevnte ogs\u00e5 transportutfordringen, og at Ruter alt i dag har\u00a060 prosent av\u00a0alle kollektivreiser i Norge. Innen 2050 vil Oslo og Akershus ha to millioner mennesker.<\/p><blockquote><p>&#8211; Vi m\u00e5 s\u00f8rge for at en voksende befolkning f\u00e5r et voksende kollektivsystem. Vi er p\u00e5 rett vei &#8211; den prosentvise kollektiv-veksten er st\u00f8rre enn befolknings- og bilveksten. Men vi tror vi m\u00e5 \u00f8ke antall busser med 40 prosent innen 2030, sa han.<\/p><\/blockquote><h3>\nSkapende by<\/h3><p>R\u00f8sland betonet at dette m\u00e5 gj\u00f8res samtidig som vi sikrer at Oslo er en by for verdiskapning og innovasjon. I dag skjer\u00a050 prosent av\u00a0verdiskapningen i Norge i Oslo-regionen. Handel er Oslo-regionens st\u00f8rste n\u00e6ring, mens finansn\u00e6ringen kommer p\u00e5 andreplass. Over\u00a080 prosent av\u00a0verdiskapningen innen b\u00e5de finans og tele\/media\/it skjer i Oslo-regionen.<\/p><blockquote><p>\u00a0&#8211; Vi m\u00e5 s\u00f8rge for at v\u00e5r by og region fortsatt er et naturlig etableringssted for bedrifter, og ogs\u00e5 fortsette \u00e5 satse p\u00e5 den n\u00e6ringen hvor vi har naturlige, gitte forutsetninger, sa R\u00f8sland. Han viste til en internasjonal unders\u00f8kelse som plasserer Oslo som verdens nest viktigste maritime by etter Singapore. Oslo-regionen har blant annet\u00a050 prosent av\u00a0verdenshandelen innen subsea, og norsk maritim n\u00e6ring har 100.000 ansatte i Oslo.<\/p><\/blockquote><blockquote><p>&#8211; Hvordan s\u00f8rger vi for at vi er attraktive og for at n\u00e6ringslivet bidrar til aktivitet? Vi m\u00e5 leve av utvikling og v\u00e6re en skapende kommune, sier R\u00f8sland om sin andre utfordring til partiet, og han pekte igjen p\u00e5 teknologi.<\/p><\/blockquote><blockquote><p>&#8211; Se p\u00e5 Gardermoen, hvor passasjerer f\u00e5r stadig mer selvbetjening og opplever det som bedre service enn \u00e5 bli hjulpet av mennesker. Hvordan kan vi i Oslo bruke ny teknologi for \u00e5 bli mer innbyggervennlige?<\/p><\/blockquote><p>R\u00f8sland nevnte som eksempel id\u00e9en om helautomatisert bygges\u00f8knadsprosesser for enkle byggesaker.<\/p><blockquote><p>&#8211; Dette er diskusjoner vi m\u00e5 ta, sa han, og viste ogs\u00e5 til utfordringen Oslo m\u00f8ter med en stadig st\u00f8rre eldre befolkning.<\/p><\/blockquote><blockquote><p>&#8211; Jeg tror vi vil utvikle en politikk hvor eldre og omsorg skiller lag. Alle eldre trenger ikke omsorg. Vi vil se en eldre befolkning som er friskere, mer aktive og mer velst\u00e5ende enn noen foreldregenerasjon i v\u00e5r historie. Dette er mennesker som ikke kommer til \u00e5 finne seg i k\u00f8 eller at kommunene skal bestemme, sier R\u00f8sland.<\/p><\/blockquote><h3>Trygg by<\/h3><p>Selv om Oslo internasjonalt sett regnes som en trygg hovedstad og for eksempel ngdomskriminaliteten i Oslo har g\u00e5tt ned siden 2006, s\u00e5 nevnte R\u00f8sland ogs\u00e5 &laquo;trygg by&raquo; som ett av de fire begrepene for fremtidens politikk.<\/p><blockquote><p>&#8211; Trygghet er en kjerneegenskap. Vi kan ikke hvile p\u00e5 laurb\u00e6rene, men m\u00e5 jobbe videre for \u00e5 bli enda mer m\u00e5lrettede.<\/p><\/blockquote><h3>Smart by<\/h3><p>Det siste temaet R\u00f8sland trakk frem var kompetanse. Oslo er kunnskaps-hub&#8217;en i Norge, med de st\u00f8ste og fremste forskningsinstitusjonene. Men for \u00e5 videreutvikle dette omr\u00e5det m\u00e5 byen bli enda flinkere til \u00e5 ta vare p\u00e5 elevene i skolen.<\/p><blockquote><p>&#8211; Vi har to hovedutfordringer &#8211; spr\u00e5k og frafall, og de er gjerne i kombinasjon. P\u00e5 NHOs \u00e5rskonferanse fikk vi ogs\u00e5 sett tall fra SSB som viser sammenheng mellom ungdomsskolekarakterer og \u00f8konomisk utvikling senere i livet, sa R\u00f8sland. L\u00e6ringen m\u00e5 forsterkes og frafallet m\u00e5 minskes.<\/p><\/blockquote><blockquote><p>-Vi har en god utvikling, men det er fortsatt for mange som ikke fullf\u00f8rer. \u00a0V\u00e5r ambisjon er en fullf\u00f8ringsgrad p\u00e5 90 prosent, sa R\u00f8sland, og oppfordret Oslo H\u00f8yre til \u00e5 la seg inspirere til p\u00e5 politikkutvikling innen disse omr\u00e5dene.<\/p><\/blockquote>\n<\/div>\n<div class=\"tags\">\n\t<\/div>\n<div class=\"post-footer alignfull has-background block-editor-block-list__block\" data-align=full>\n\t<div class=\"post-footer-inner\">\n\t\t<h3>Relaterte artikler<\/h3>\n\t\t<div class=\"related-content\"><div class=\"is-card-hoyre\">\n\t<div class=\"teft-card hoyre-teft-card post-teft-card\">\n\t\t<a href=\"https:\/\/hoyre.no\/oslo\/aktuelt\/mdg-moralismen-fornekter-seg-ikke\/\" class=\"teft-card__primary-action\">\n\n\t\t\t\t\t<div class=\"teft-card__media teft-card__media--16-9\">\n\t\t\t\t\t\t<img loading=\"lazy\" decoding=\"async\" width=\"768\" height=\"512\" src=\"https:\/\/hoyre.no\/content\/uploads\/sites\/408\/2024\/01\/QZQlxtOC-768x512.jpeg\" class=\"attachment-medium_large size-medium_large\" alt=\"Merete Agerbak-Jensen\" srcset=\"https:\/\/hoyre.no\/content\/uploads\/sites\/408\/2024\/01\/QZQlxtOC-768x512.jpeg 768w, https:\/\/hoyre.no\/content\/uploads\/sites\/408\/2024\/01\/QZQlxtOC-300x200.jpeg 300w, https:\/\/hoyre.no\/content\/uploads\/sites\/408\/2024\/01\/QZQlxtOC-1024x683.jpeg 1024w, https:\/\/hoyre.no\/content\/uploads\/sites\/408\/2024\/01\/QZQlxtOC-1536x1024.jpeg 1536w, https:\/\/hoyre.no\/content\/uploads\/sites\/408\/2024\/01\/QZQlxtOC-2048x1365.jpeg 2048w\" sizes=\"auto, (max-width: 768px) 100vw, 768px\" \/>\t\t<\/div>\n\t\t\n\t\t\t<div class=\"teft-card__content-wrapper\">\n\t\t\t\t<div class=\"teft-card__secondary\">\n\t\t\t\t\t\n\t\t\t\t\t\t\t\t<div class=\"teft-card__meta\">\n\t\t\t\t\t\t\t\t\t<span class=\"post-date\">23. apr 2026<\/span>\n\n\t\t\t\t\t\t\t\t\t\t\t\t\t\t\t\t\t<\/div>\n\t\t\t\t\t\t\t\t\t\t\t<\/div>\n\n\t\t\t\t<div class=\"teft-card__primary\">\n\t\t\t\t\t<h2 class=\"teft-card__title\">MDG-moralismen fornekter seg ikke&nbsp;<span class=\"teft-card__primary-title-append\"><\/span><\/h2>\t\t\t\t<\/div>\n\t\t\t<\/div>\n\t\t<\/a>\n\t<\/div>\n\n\t<\/div><div class=\"is-card-hoyre\">\n\t<div class=\"teft-card hoyre-teft-card post-teft-card\">\n\t\t<a href=\"https:\/\/hoyre.no\/oslo\/aktuelt\/raskere-og-enklere-a-bygge-boliger-og-skape-arbeidsplasser-i-oslo\/\" class=\"teft-card__primary-action\">\n\n\t\t\t\t\t<div class=\"teft-card__media teft-card__media--16-9\">\n\t\t\t\t\t\t<img loading=\"lazy\" decoding=\"async\" width=\"768\" height=\"576\" src=\"https:\/\/hoyre.no\/content\/uploads\/sites\/408\/2026\/04\/Eirik-Lae-Solberg-og-Anita-Leirvik-North-768x576.jpg\" class=\"attachment-medium_large size-medium_large\" alt=\"\" srcset=\"https:\/\/hoyre.no\/content\/uploads\/sites\/408\/2026\/04\/Eirik-Lae-Solberg-og-Anita-Leirvik-North-768x576.jpg 768w, https:\/\/hoyre.no\/content\/uploads\/sites\/408\/2026\/04\/Eirik-Lae-Solberg-og-Anita-Leirvik-North-300x225.jpg 300w, https:\/\/hoyre.no\/content\/uploads\/sites\/408\/2026\/04\/Eirik-Lae-Solberg-og-Anita-Leirvik-North.jpg 901w\" sizes=\"auto, (max-width: 768px) 100vw, 768px\" \/>\t\t<\/div>\n\t\t\n\t\t\t<div class=\"teft-card__content-wrapper\">\n\t\t\t\t<div class=\"teft-card__secondary\">\n\t\t\t\t\t\n\t\t\t\t\t\t\t\t<div class=\"teft-card__meta\">\n\t\t\t\t\t\t\t\t\t<span class=\"post-date\">14. apr 2026<\/span>\n\n\t\t\t\t\t\t\t\t\t<span class=\"post-category\">Har lagt frem ny KPA:<\/span>\t\t\t\t\t\t\t\t<\/div>\n\t\t\t\t\t\t\t\t\t\t\t<\/div>\n\n\t\t\t\t<div class=\"teft-card__primary\">\n\t\t\t\t\t<h2 class=\"teft-card__title\">Raskere og enklere \u00e5 bygge boliger og skape arbeidsplasser i Oslo&nbsp;<span class=\"teft-card__primary-title-append\"><\/span><\/h2>\t\t\t\t<\/div>\n\t\t\t<\/div>\n\t\t<\/a>\n\t<\/div>\n\n\t<\/div><div class=\"is-card-hoyre\">\n\t<div class=\"teft-card hoyre-teft-card post-teft-card\">\n\t\t<a href=\"https:\/\/hoyre.no\/oslo\/aktuelt\/bedre-elevresultater-og-en-skoleokonomi-i-balanse-med-blagront-byrad\/\" class=\"teft-card__primary-action\">\n\n\t\t\t\t\t<div class=\"teft-card__media teft-card__media--16-9\">\n\t\t\t\t\t\t<img loading=\"lazy\" decoding=\"async\" width=\"768\" height=\"512\" src=\"https:\/\/hoyre.no\/content\/uploads\/sites\/408\/2025\/05\/IMG_6440-768x512.jpeg\" class=\"attachment-medium_large size-medium_large\" alt=\"Julie Remen Midtgarden\" srcset=\"https:\/\/hoyre.no\/content\/uploads\/sites\/408\/2025\/05\/IMG_6440-768x512.jpeg 768w, https:\/\/hoyre.no\/content\/uploads\/sites\/408\/2025\/05\/IMG_6440-300x200.jpeg 300w, https:\/\/hoyre.no\/content\/uploads\/sites\/408\/2025\/05\/IMG_6440-1024x683.jpeg 1024w, https:\/\/hoyre.no\/content\/uploads\/sites\/408\/2025\/05\/IMG_6440-1536x1024.jpeg 1536w, https:\/\/hoyre.no\/content\/uploads\/sites\/408\/2025\/05\/IMG_6440-2048x1365.jpeg 2048w\" sizes=\"auto, (max-width: 768px) 100vw, 768px\" \/>\t\t<\/div>\n\t\t\n\t\t\t<div class=\"teft-card__content-wrapper\">\n\t\t\t\t<div class=\"teft-card__secondary\">\n\t\t\t\t\t\n\t\t\t\t\t\t\t\t<div class=\"teft-card__meta\">\n\t\t\t\t\t\t\t\t\t<span class=\"post-date\">26. mar 2026<\/span>\n\n\t\t\t\t\t\t\t\t\t\t\t\t\t\t\t\t\t<\/div>\n\t\t\t\t\t\t\t\t\t\t\t<\/div>\n\n\t\t\t\t<div class=\"teft-card__primary\">\n\t\t\t\t\t<h2 class=\"teft-card__title\">Bedre elevresultater og en skole\u00f8konomi i balanse med bl\u00e5gr\u00f8nt byr\u00e5d&nbsp;<span class=\"teft-card__primary-title-append\"><\/span><\/h2>\t\t\t\t<\/div>\n\t\t\t<\/div>\n\t\t<\/a>\n\t<\/div>\n\n\t<\/div><\/div>\t<\/div>\n<\/div>\n","protected":false},"excerpt":{"rendered":"","protected":false},"author":0,"featured_media":0,"comment_status":"closed","ping_status":"open","sticky":false,"template":"","format":"standard","meta":{"teft_cards_image_url":"","teft_cards_custom_pretitle":"","teft_cards_image_id":0,"teft_cards_image_focal_point_x":0,"teft_cards_image_focal_point_y":0,"teft_cards_title":"","teft_cards_excerpt":"","teft_show_chapters":false,"author_display_name":"Oslo H\u00f8yre","footnotes":""},"category":[1],"post_tag":[],"hoyre-visibility":[],"article-type":[],"politician":[],"class_list":["post-1723","post","type-post","status-publish","format-standard","hentry","category-nyheter"],"yoast_head":"<!-- This site is optimized with the Yoast SEO Premium plugin v26.5 (Yoast SEO v26.6) - https:\/\/yoast.com\/wordpress\/plugins\/seo\/ -->\n<title>I 2015 skal H\u00f8yre v\u00e6re det naturlige gr\u00f8nne valget - Oslo H\u00f8yre<\/title>\n<meta name=\"robots\" content=\"index, follow, max-snippet:-1, max-image-preview:large, max-video-preview:-1\" \/>\n<link rel=\"canonical\" href=\"https:\/\/hoyre.no\/oslo\/aktuelt\/i-2015-skal-hoyre-vaere-det-naturlige-gronne-valget\/\" \/>\n<meta property=\"og:locale\" content=\"nb_NO\" \/>\n<meta property=\"og:type\" content=\"article\" \/>\n<meta property=\"og:title\" content=\"I 2015 skal H\u00f8yre v\u00e6re det naturlige gr\u00f8nne valget\" \/>\n<meta property=\"og:url\" content=\"https:\/\/hoyre.no\/oslo\/aktuelt\/i-2015-skal-hoyre-vaere-det-naturlige-gronne-valget\/\" \/>\n<meta property=\"og:site_name\" content=\"Oslo H\u00f8yre\" \/>\n<meta property=\"article:publisher\" content=\"https:\/\/www.facebook.com\/oslo.hoyre\" \/>\n<meta property=\"article:published_time\" content=\"2014-02-16T18:55:15+00:00\" \/>\n<meta property=\"article:modified_time\" content=\"2022-09-26T13:06:33+00:00\" \/>\n<meta property=\"og:image\" content=\"https:\/\/hoyre.no\/content\/uploads\/sites\/408\/2022\/11\/Hoyres-logo.png\" \/>\n\t<meta property=\"og:image:width\" content=\"1000\" \/>\n\t<meta property=\"og:image:height\" content=\"1000\" \/>\n\t<meta property=\"og:image:type\" content=\"image\/png\" \/>\n<meta name=\"twitter:card\" content=\"summary_large_image\" \/>\n<meta name=\"twitter:label1\" content=\"Ansl. lesetid\" \/>\n\t<meta name=\"twitter:data1\" content=\"4 minutter\" \/>\n<script type=\"application\/ld+json\" class=\"yoast-schema-graph\">{\"@context\":\"https:\/\/schema.org\",\"@graph\":[{\"@type\":\"Article\",\"@id\":\"https:\/\/hoyre.no\/oslo\/aktuelt\/i-2015-skal-hoyre-vaere-det-naturlige-gronne-valget\/#article\",\"isPartOf\":{\"@id\":\"https:\/\/hoyre.no\/oslo\/aktuelt\/i-2015-skal-hoyre-vaere-det-naturlige-gronne-valget\/\"},\"author\":{\"name\":\"\",\"@id\":\"\"},\"headline\":\"I 2015 skal H\u00f8yre v\u00e6re det naturlige gr\u00f8nne valget\",\"datePublished\":\"2014-02-16T18:55:15+00:00\",\"dateModified\":\"2022-09-26T13:06:33+00:00\",\"mainEntityOfPage\":{\"@id\":\"https:\/\/hoyre.no\/oslo\/aktuelt\/i-2015-skal-hoyre-vaere-det-naturlige-gronne-valget\/\"},\"wordCount\":862,\"publisher\":{\"@id\":\"https:\/\/hoyre.no\/oslo\/#organization\"},\"articleSection\":[\"Nyheter\"],\"inLanguage\":\"nb-NO\"},{\"@type\":\"NewsArticle\",\"@id\":\"https:\/\/hoyre.no\/oslo\/aktuelt\/i-2015-skal-hoyre-vaere-det-naturlige-gronne-valget\/\",\"url\":\"https:\/\/hoyre.no\/oslo\/aktuelt\/i-2015-skal-hoyre-vaere-det-naturlige-gronne-valget\/\",\"name\":\"I 2015 skal H\u00f8yre v\u00e6re det naturlige gr\u00f8nne valget - Oslo H\u00f8yre\",\"isPartOf\":{\"@id\":\"https:\/\/hoyre.no\/oslo\/#website\"},\"datePublished\":\"2014-02-16T18:55:15+00:00\",\"dateModified\":\"2022-09-26T13:06:33+00:00\",\"breadcrumb\":{\"@id\":\"https:\/\/hoyre.no\/oslo\/aktuelt\/i-2015-skal-hoyre-vaere-det-naturlige-gronne-valget\/#breadcrumb\"},\"inLanguage\":\"nb-NO\",\"potentialAction\":[{\"@type\":\"ReadAction\",\"target\":[\"https:\/\/hoyre.no\/oslo\/aktuelt\/i-2015-skal-hoyre-vaere-det-naturlige-gronne-valget\/\"]}]},{\"@type\":\"BreadcrumbList\",\"@id\":\"https:\/\/hoyre.no\/oslo\/aktuelt\/i-2015-skal-hoyre-vaere-det-naturlige-gronne-valget\/#breadcrumb\",\"itemListElement\":[{\"@type\":\"ListItem\",\"position\":1,\"name\":\"Til hoyre.no\",\"item\":\"https:\/\/hoyre.no\"},{\"@type\":\"ListItem\",\"position\":2,\"name\":\"Hjem\",\"item\":\"https:\/\/hoyre.no\/oslo\/\"},{\"@type\":\"ListItem\",\"position\":3,\"name\":\"I 2015 skal H\u00f8yre v\u00e6re det naturlige gr\u00f8nne valget\"}]},{\"@type\":\"WebSite\",\"@id\":\"https:\/\/hoyre.no\/oslo\/#website\",\"url\":\"https:\/\/hoyre.no\/oslo\/\",\"name\":\"Oslo H\u00f8yre\",\"description\":\"\",\"publisher\":{\"@id\":\"https:\/\/hoyre.no\/oslo\/#organization\"},\"inLanguage\":\"nb-NO\"},{\"@type\":\"Organization\",\"@id\":\"https:\/\/hoyre.no\/oslo\/#organization\",\"name\":\"Oslo H\u00f8yre\",\"url\":\"https:\/\/hoyre.no\/oslo\/\",\"logo\":{\"@type\":\"ImageObject\",\"inLanguage\":\"nb-NO\",\"@id\":\"https:\/\/hoyre.no\/oslo\/#\/schema\/logo\/image\/\",\"url\":\"https:\/\/hoyre.no\/content\/uploads\/sites\/408\/2022\/11\/Hoyres-logo.png\",\"contentUrl\":\"https:\/\/hoyre.no\/content\/uploads\/sites\/408\/2022\/11\/Hoyres-logo.png\",\"width\":1000,\"height\":1000,\"caption\":\"Oslo H\u00f8yre\"},\"image\":{\"@id\":\"https:\/\/hoyre.no\/oslo\/#\/schema\/logo\/image\/\"},\"sameAs\":[\"https:\/\/www.facebook.com\/oslo.hoyre\"]}]}<\/script>\n<!-- \/ Yoast SEO Premium plugin. -->","yoast_head_json":{"title":"I 2015 skal H\u00f8yre v\u00e6re det naturlige gr\u00f8nne valget - Oslo H\u00f8yre","robots":{"index":"index","follow":"follow","max-snippet":"max-snippet:-1","max-image-preview":"max-image-preview:large","max-video-preview":"max-video-preview:-1"},"canonical":"https:\/\/hoyre.no\/oslo\/aktuelt\/i-2015-skal-hoyre-vaere-det-naturlige-gronne-valget\/","og_locale":"nb_NO","og_type":"article","og_title":"I 2015 skal H\u00f8yre v\u00e6re det naturlige gr\u00f8nne valget","og_url":"https:\/\/hoyre.no\/oslo\/aktuelt\/i-2015-skal-hoyre-vaere-det-naturlige-gronne-valget\/","og_site_name":"Oslo H\u00f8yre","article_publisher":"https:\/\/www.facebook.com\/oslo.hoyre","article_published_time":"2014-02-16T18:55:15+00:00","article_modified_time":"2022-09-26T13:06:33+00:00","og_image":[{"width":1000,"height":1000,"url":"https:\/\/hoyre.no\/content\/uploads\/sites\/408\/2022\/11\/Hoyres-logo.png","type":"image\/png"}],"twitter_card":"summary_large_image","twitter_misc":{"Ansl. lesetid":"4 minutter"},"schema":{"@context":"https:\/\/schema.org","@graph":[{"@type":"Article","@id":"https:\/\/hoyre.no\/oslo\/aktuelt\/i-2015-skal-hoyre-vaere-det-naturlige-gronne-valget\/#article","isPartOf":{"@id":"https:\/\/hoyre.no\/oslo\/aktuelt\/i-2015-skal-hoyre-vaere-det-naturlige-gronne-valget\/"},"author":{"name":"","@id":""},"headline":"I 2015 skal H\u00f8yre v\u00e6re det naturlige gr\u00f8nne valget","datePublished":"2014-02-16T18:55:15+00:00","dateModified":"2022-09-26T13:06:33+00:00","mainEntityOfPage":{"@id":"https:\/\/hoyre.no\/oslo\/aktuelt\/i-2015-skal-hoyre-vaere-det-naturlige-gronne-valget\/"},"wordCount":862,"publisher":{"@id":"https:\/\/hoyre.no\/oslo\/#organization"},"articleSection":["Nyheter"],"inLanguage":"nb-NO"},{"@type":"NewsArticle","@id":"https:\/\/hoyre.no\/oslo\/aktuelt\/i-2015-skal-hoyre-vaere-det-naturlige-gronne-valget\/","url":"https:\/\/hoyre.no\/oslo\/aktuelt\/i-2015-skal-hoyre-vaere-det-naturlige-gronne-valget\/","name":"I 2015 skal H\u00f8yre v\u00e6re det naturlige gr\u00f8nne valget - Oslo H\u00f8yre","isPartOf":{"@id":"https:\/\/hoyre.no\/oslo\/#website"},"datePublished":"2014-02-16T18:55:15+00:00","dateModified":"2022-09-26T13:06:33+00:00","breadcrumb":{"@id":"https:\/\/hoyre.no\/oslo\/aktuelt\/i-2015-skal-hoyre-vaere-det-naturlige-gronne-valget\/#breadcrumb"},"inLanguage":"nb-NO","potentialAction":[{"@type":"ReadAction","target":["https:\/\/hoyre.no\/oslo\/aktuelt\/i-2015-skal-hoyre-vaere-det-naturlige-gronne-valget\/"]}]},{"@type":"BreadcrumbList","@id":"https:\/\/hoyre.no\/oslo\/aktuelt\/i-2015-skal-hoyre-vaere-det-naturlige-gronne-valget\/#breadcrumb","itemListElement":[{"@type":"ListItem","position":1,"name":"Til hoyre.no","item":"https:\/\/hoyre.no"},{"@type":"ListItem","position":2,"name":"Hjem","item":"https:\/\/hoyre.no\/oslo\/"},{"@type":"ListItem","position":3,"name":"I 2015 skal H\u00f8yre v\u00e6re det naturlige gr\u00f8nne valget"}]},{"@type":"WebSite","@id":"https:\/\/hoyre.no\/oslo\/#website","url":"https:\/\/hoyre.no\/oslo\/","name":"Oslo H\u00f8yre","description":"","publisher":{"@id":"https:\/\/hoyre.no\/oslo\/#organization"},"inLanguage":"nb-NO"},{"@type":"Organization","@id":"https:\/\/hoyre.no\/oslo\/#organization","name":"Oslo H\u00f8yre","url":"https:\/\/hoyre.no\/oslo\/","logo":{"@type":"ImageObject","inLanguage":"nb-NO","@id":"https:\/\/hoyre.no\/oslo\/#\/schema\/logo\/image\/","url":"https:\/\/hoyre.no\/content\/uploads\/sites\/408\/2022\/11\/Hoyres-logo.png","contentUrl":"https:\/\/hoyre.no\/content\/uploads\/sites\/408\/2022\/11\/Hoyres-logo.png","width":1000,"height":1000,"caption":"Oslo H\u00f8yre"},"image":{"@id":"https:\/\/hoyre.no\/oslo\/#\/schema\/logo\/image\/"},"sameAs":["https:\/\/www.facebook.com\/oslo.hoyre"]}]}},"distributor_meta":false,"distributor_terms":false,"distributor_media":false,"distributor_original_site_name":"Oslo H\u00f8yre","distributor_original_site_url":"https:\/\/hoyre.no\/oslo","push-errors":false,"_links":{"self":[{"href":"https:\/\/hoyre.no\/oslo\/wp-json\/wp\/v2\/posts\/1723","targetHints":{"allow":["GET"]}}],"collection":[{"href":"https:\/\/hoyre.no\/oslo\/wp-json\/wp\/v2\/posts"}],"about":[{"href":"https:\/\/hoyre.no\/oslo\/wp-json\/wp\/v2\/types\/post"}],"replies":[{"embeddable":true,"href":"https:\/\/hoyre.no\/oslo\/wp-json\/wp\/v2\/comments?post=1723"}],"version-history":[{"count":1,"href":"https:\/\/hoyre.no\/oslo\/wp-json\/wp\/v2\/posts\/1723\/revisions"}],"predecessor-version":[{"id":2915,"href":"https:\/\/hoyre.no\/oslo\/wp-json\/wp\/v2\/posts\/1723\/revisions\/2915"}],"wp:attachment":[{"href":"https:\/\/hoyre.no\/oslo\/wp-json\/wp\/v2\/media?parent=1723"}],"wp:term":[{"taxonomy":"category","embeddable":true,"href":"https:\/\/hoyre.no\/oslo\/wp-json\/wp\/v2\/category?post=1723"},{"taxonomy":"post_tag","embeddable":true,"href":"https:\/\/hoyre.no\/oslo\/wp-json\/wp\/v2\/post_tag?post=1723"},{"taxonomy":"hoyre-visibility","embeddable":true,"href":"https:\/\/hoyre.no\/oslo\/wp-json\/wp\/v2\/hoyre-visibility?post=1723"},{"taxonomy":"article-type","embeddable":true,"href":"https:\/\/hoyre.no\/oslo\/wp-json\/wp\/v2\/article-type?post=1723"},{"taxonomy":"politician","embeddable":true,"href":"https:\/\/hoyre.no\/oslo\/wp-json\/wp\/v2\/politician?post=1723"}],"curies":[{"name":"wp","href":"https:\/\/api.w.org\/{rel}","templated":true}]}}