{"id":1726,"date":"2014-02-14T12:16:16","date_gmt":"2014-02-14T12:16:16","guid":{"rendered":"https:\/\/hoyre.no\/oslo\/aktuelt\/trygge-og-gode-barnehager-er-felles-mal\/"},"modified":"2022-09-26T15:06:34","modified_gmt":"2022-09-26T13:06:34","slug":"trygge-og-gode-barnehager-er-felles-mal","status":"publish","type":"post","link":"https:\/\/hoyre.no\/oslo\/aktuelt\/trygge-og-gode-barnehager-er-felles-mal\/","title":{"rendered":"Trygge og gode barnehager er felles m\u00e5l"},"content":{"rendered":"<figure class=\"hoyre-image-wrapper\"><div class=\"hoyre-image\"><img loading=\"lazy\" decoding=\"async\" width=\"960\" height=\"542\" src=\"https:\/\/hoyre.no\/content\/uploads\/sites\/408\/2022\/09\/holmenkollsondag-21.jpg\" class=\"attachment-scaled size-scaled\" alt=\"\" style=\"object-position: 50% 50%\" srcset=\"https:\/\/hoyre.no\/content\/uploads\/sites\/408\/2022\/09\/holmenkollsondag-21.jpg 960w, https:\/\/hoyre.no\/content\/uploads\/sites\/408\/2022\/09\/holmenkollsondag-21-300x169.jpg 300w, https:\/\/hoyre.no\/content\/uploads\/sites\/408\/2022\/09\/holmenkollsondag-21-768x434.jpg 768w\" sizes=\"auto, (max-width: 960px) 100vw, 960px\" \/><\/div><\/figure><div id=\"hoyre-old-article-content-wrapper\"><p>Jannicke Valavuo Tyldum skriver i DittOslo at hun er frustrert og sint. Det er mye som b\u00f8r besvares i hennes innlegg.<\/p><p>Av \u00d8ystein Sundelin. Gruppeleder for Oslo H\u00f8yres bystyregruppe<\/p><p>La meg f\u00f8rst begynne med \u00e5 si at vi har stor forst\u00e5else for at endringer skaper usikkerhet og uvisshet. Vil mitt barn f\u00e5 det like bra i barnehagen med ny drifter? Hva skjer med de ansatte? Og hvordan vil barnehagen barnet mitt g\u00e5r i bli drevet? Slike sp\u00f8rsm\u00e5l forventet vi.<\/p><p>H\u00f8yre er opptatt av at de som skal overta driften av de aktuelle barnehagene skal f\u00f8lge strenge kvalitetskrav, og det er kun de beste som vil passere n\u00e5l\u00f8yet. I anbudsgrunnlaget er kvalitet vektlagt langt tyngre enn pris. De m\u00e5 kunne dokumentere ordnede l\u00f8nns- og arbeidsvilk\u00e5r, og de m\u00e5 ha en plan for bemanning og kompetanse og vise hvordan de skal jobbe med spr\u00e5kutvikling. Vi er opptatt av \u00e5 finne akt\u00f8rer som kan dokumentere god kvalitet.<\/p><h2><strong>Ingen ansatte mister jobben<\/strong><\/h2><p>Ingen ansatte mister sine jobber og pensjonsrettighetene de har opparbeidet seg beholdes. Ny arbeidsgiver skal sikre ansattes rett til videre opptjening i en kollektiv pensjonsordning, og kan velge \u00e5 gj\u00f8re eksisterende pensjonsordning gjeldende for de overf\u00f8rte arbeidstakerne. Det stilles krav om at tilbydere ikke m\u00e5 ha d\u00e5rligere pensjonsvilk\u00e5r enn det som f\u00f8lger av lov om obligatorisk tjenestepensjon. Barnehageloven og Rammeplan for barnehagens innhold og oppgaver skal f\u00f8lges av alle barnehager. Kommunale barnehager hvor driften konkurranseutsettes skal alts\u00e5 f\u00f8lge samme krav til kvalitet og innhold som andre kommunale barnehager i Oslo.<\/p><p>Det hevdes ogs\u00e5 at mange ansatte vil slutte allerede lenge f\u00f8r man vet hva slags betingelser en ny arbeidsgiver stiller med. Alle de ber\u00f8rte ansatte har muligheten til \u00e5 vente og se hva en ny arbeidsgiver legger p\u00e5 bordet av l\u00f8nns- og pensjonsvilk\u00e5r, og fortsatt ha muligheten til \u00e5 reservere seg mot \u00e5 bli overf\u00f8rt fra Oslo kommune. De ansatte kan alts\u00e5 uten risiko for eget \u00f8konomisk tap vente og se hva slags tilbud en ny arbeidsgiver legger p\u00e5 bordet f\u00f8r de bestemmer seg.<\/p><h2>Bemanningsnorm<\/h2><p>Det hevdes i debatten med bred pensel at siden en ny drifter ikke er p\u00e5lagt \u00e5 f\u00f8lge Oslo kommunes egne tariff-festede bemanningsnorm som setter mer detaljerte f\u00f8ringer til assistentbemanningen enn Barnehageloven, s\u00e5 blir bemanningen d\u00e5rlig.<\/p><p>For det f\u00f8rste s\u00e5 er krav til bemanning nedfelt i barnehageloven, som m\u00e5 f\u00f8lges av alle som skal drive barnehage. Den sl\u00e5r fast detaljerte bestemmelser om pedagtettheten og dernest at assistentbemanningen skal v\u00e6re tilstrekkelig. Alle landets kommuner med kommunale og private barnehager f\u00f8lger denne bestemmelsen. Til syvende sist er hva som er god bemanning i den enkelte barnehage et sp\u00f8rsm\u00e5l om foreldrene er forn\u00f8yd og f\u00f8ler seg trygge p\u00e5 at deres barn har det bra. En privat driver kan ikke leve med misforn\u00f8yde foreldre. Bydelen vil f\u00f8re tilsyn med at krav til kvalitet og pedagogisk innhold f\u00f8lges opp.<\/p><h2>Lang og god erfaring<\/h2><p>I Oslo og nasjonalt har vi gode erfaringer med private barnehager gjennom mange \u00e5r, og at de har minst like forn\u00f8yde brukere som de kommunale. I Oslo g\u00e5r 38 prosent av 36.000 barnehagebarn i en privat barnehage. Landets mange private barnehager har bidratt til \u00e5 sikre landet full barnehagedekning og bidrar daglig til innovasjon og utvikling av sektoren. Barnehagesektoren er en gjennomregulert sektor der private barnehager er underlagt de samme nasjonale krav til kvalitet som kommunale barnehager. Tross noe lavere offentlig finansiering er private barnehager, if\u00f8lge foreldrene, bedre enn kommunale barnehager. I den store brukerunders\u00f8kelsen for Oslo-barnehagene i 2013 scoret private bedre enn kommunale barnehager p\u00e5 samtlige 36 sp\u00f8rsm\u00e5l. P\u00e5 sp\u00f8rsm\u00e5l om samlet tilfredshet med barnehagen, oppn\u00e5r private barnehager et resultat p\u00e5 5,34, mot 5,02 i kommunale barnehager (1-6-skala). Av de 15 barnehagene som fikk best tilbakemeldinger fra foreldrene i m\u00e5lingene i 2013, var det to kommunale og 13 private barnehager.<\/p><h2>Manglende involvering<\/h2><p>Det har v\u00e6rt fremf\u00f8rt kritikk til prosessen og manglende involvering av samarbeidsutvalgene og foreldrer\u00e5dene. Byr\u00e5det har f\u00e5tt sp\u00f8rsm\u00e5l om tolkningen av barnehagelovens paragraf \u00a7 4 om foreldrer\u00e5d og samarbeidsutvalg. Det er viktig at foreldrene ogs\u00e5 kan f\u00e5 sagt sin mening skriftlig n\u00e5r det er uenighet om dette punktet og saken er n\u00e5 forelagt samarbeidsutvalgene og foreldrer\u00e5dene. Saken vil s\u00e5 bli behandlet p\u00e5 nytt med momenter fra samarbeidsutvalgene og foreldrer\u00e5dene.<\/p><p>H\u00f8yre \u00f8nsker en bra miks av kommunale og private barnehager \u2014 og de private barnehagene er mer enn et godt supplement. De har andre m\u00e5ter \u00e5 drive barnehager p\u00e5, og det er ofte de som bidrar til utvikling og nytenking. Det \u00f8nsker vi velkommen.<\/p><p>Men aller viktigst er det at vi alle har h\u00f8ye ambisjoner for at Oslos barnehager skal gi barna trygghet, forutsigbarhet og et godt pedagogisk innhold. Den ambisjonen har H\u00f8yre i Oslo.<\/p><p>&nbsp;<\/p><p><em>Foto: colourbox.com<\/em><\/p><p>&nbsp;<\/p>\n<\/div>\n<div class=\"tags\">\n\t<\/div>\n<div class=\"post-footer alignfull has-background block-editor-block-list__block\" data-align=full>\n\t<div class=\"post-footer-inner\">\n\t\t<h3>Relaterte artikler<\/h3>\n\t\t<div class=\"related-content\"><div class=\"is-card-hoyre\">\n\t<div class=\"teft-card hoyre-teft-card post-teft-card\">\n\t\t<a href=\"https:\/\/hoyre.no\/oslo\/aktuelt\/mdg-moralismen-fornekter-seg-ikke\/\" class=\"teft-card__primary-action\">\n\n\t\t\t\t\t<div class=\"teft-card__media teft-card__media--16-9\">\n\t\t\t\t\t\t<img loading=\"lazy\" decoding=\"async\" width=\"768\" height=\"512\" src=\"https:\/\/hoyre.no\/content\/uploads\/sites\/408\/2024\/01\/QZQlxtOC-768x512.jpeg\" class=\"attachment-medium_large size-medium_large\" alt=\"Merete Agerbak-Jensen\" srcset=\"https:\/\/hoyre.no\/content\/uploads\/sites\/408\/2024\/01\/QZQlxtOC-768x512.jpeg 768w, https:\/\/hoyre.no\/content\/uploads\/sites\/408\/2024\/01\/QZQlxtOC-300x200.jpeg 300w, https:\/\/hoyre.no\/content\/uploads\/sites\/408\/2024\/01\/QZQlxtOC-1024x683.jpeg 1024w, https:\/\/hoyre.no\/content\/uploads\/sites\/408\/2024\/01\/QZQlxtOC-1536x1024.jpeg 1536w, https:\/\/hoyre.no\/content\/uploads\/sites\/408\/2024\/01\/QZQlxtOC-2048x1365.jpeg 2048w\" sizes=\"auto, (max-width: 768px) 100vw, 768px\" \/>\t\t<\/div>\n\t\t\n\t\t\t<div class=\"teft-card__content-wrapper\">\n\t\t\t\t<div class=\"teft-card__secondary\">\n\t\t\t\t\t\n\t\t\t\t\t\t\t\t<div class=\"teft-card__meta\">\n\t\t\t\t\t\t\t\t\t<span class=\"post-date\">23. apr 2026<\/span>\n\n\t\t\t\t\t\t\t\t\t\t\t\t\t\t\t\t\t<\/div>\n\t\t\t\t\t\t\t\t\t\t\t<\/div>\n\n\t\t\t\t<div class=\"teft-card__primary\">\n\t\t\t\t\t<h2 class=\"teft-card__title\">MDG-moralismen fornekter seg ikke&nbsp;<span class=\"teft-card__primary-title-append\"><\/span><\/h2>\t\t\t\t<\/div>\n\t\t\t<\/div>\n\t\t<\/a>\n\t<\/div>\n\n\t<\/div><div class=\"is-card-hoyre\">\n\t<div class=\"teft-card hoyre-teft-card post-teft-card\">\n\t\t<a href=\"https:\/\/hoyre.no\/oslo\/aktuelt\/raskere-og-enklere-a-bygge-boliger-og-skape-arbeidsplasser-i-oslo\/\" class=\"teft-card__primary-action\">\n\n\t\t\t\t\t<div class=\"teft-card__media teft-card__media--16-9\">\n\t\t\t\t\t\t<img loading=\"lazy\" decoding=\"async\" width=\"768\" height=\"576\" src=\"https:\/\/hoyre.no\/content\/uploads\/sites\/408\/2026\/04\/Eirik-Lae-Solberg-og-Anita-Leirvik-North-768x576.jpg\" class=\"attachment-medium_large size-medium_large\" alt=\"\" srcset=\"https:\/\/hoyre.no\/content\/uploads\/sites\/408\/2026\/04\/Eirik-Lae-Solberg-og-Anita-Leirvik-North-768x576.jpg 768w, https:\/\/hoyre.no\/content\/uploads\/sites\/408\/2026\/04\/Eirik-Lae-Solberg-og-Anita-Leirvik-North-300x225.jpg 300w, https:\/\/hoyre.no\/content\/uploads\/sites\/408\/2026\/04\/Eirik-Lae-Solberg-og-Anita-Leirvik-North.jpg 901w\" sizes=\"auto, (max-width: 768px) 100vw, 768px\" \/>\t\t<\/div>\n\t\t\n\t\t\t<div class=\"teft-card__content-wrapper\">\n\t\t\t\t<div class=\"teft-card__secondary\">\n\t\t\t\t\t\n\t\t\t\t\t\t\t\t<div class=\"teft-card__meta\">\n\t\t\t\t\t\t\t\t\t<span class=\"post-date\">14. apr 2026<\/span>\n\n\t\t\t\t\t\t\t\t\t<span class=\"post-category\">Har lagt frem ny KPA:<\/span>\t\t\t\t\t\t\t\t<\/div>\n\t\t\t\t\t\t\t\t\t\t\t<\/div>\n\n\t\t\t\t<div class=\"teft-card__primary\">\n\t\t\t\t\t<h2 class=\"teft-card__title\">Raskere og enklere \u00e5 bygge boliger og skape arbeidsplasser i Oslo&nbsp;<span class=\"teft-card__primary-title-append\"><\/span><\/h2>\t\t\t\t<\/div>\n\t\t\t<\/div>\n\t\t<\/a>\n\t<\/div>\n\n\t<\/div><div class=\"is-card-hoyre\">\n\t<div class=\"teft-card hoyre-teft-card post-teft-card\">\n\t\t<a href=\"https:\/\/hoyre.no\/oslo\/aktuelt\/bedre-elevresultater-og-en-skoleokonomi-i-balanse-med-blagront-byrad\/\" class=\"teft-card__primary-action\">\n\n\t\t\t\t\t<div class=\"teft-card__media teft-card__media--16-9\">\n\t\t\t\t\t\t<img loading=\"lazy\" decoding=\"async\" width=\"768\" height=\"512\" src=\"https:\/\/hoyre.no\/content\/uploads\/sites\/408\/2025\/05\/IMG_6440-768x512.jpeg\" class=\"attachment-medium_large size-medium_large\" alt=\"Julie Remen Midtgarden\" srcset=\"https:\/\/hoyre.no\/content\/uploads\/sites\/408\/2025\/05\/IMG_6440-768x512.jpeg 768w, https:\/\/hoyre.no\/content\/uploads\/sites\/408\/2025\/05\/IMG_6440-300x200.jpeg 300w, https:\/\/hoyre.no\/content\/uploads\/sites\/408\/2025\/05\/IMG_6440-1024x683.jpeg 1024w, https:\/\/hoyre.no\/content\/uploads\/sites\/408\/2025\/05\/IMG_6440-1536x1024.jpeg 1536w, https:\/\/hoyre.no\/content\/uploads\/sites\/408\/2025\/05\/IMG_6440-2048x1365.jpeg 2048w\" sizes=\"auto, (max-width: 768px) 100vw, 768px\" \/>\t\t<\/div>\n\t\t\n\t\t\t<div class=\"teft-card__content-wrapper\">\n\t\t\t\t<div class=\"teft-card__secondary\">\n\t\t\t\t\t\n\t\t\t\t\t\t\t\t<div class=\"teft-card__meta\">\n\t\t\t\t\t\t\t\t\t<span class=\"post-date\">26. mar 2026<\/span>\n\n\t\t\t\t\t\t\t\t\t\t\t\t\t\t\t\t\t<\/div>\n\t\t\t\t\t\t\t\t\t\t\t<\/div>\n\n\t\t\t\t<div class=\"teft-card__primary\">\n\t\t\t\t\t<h2 class=\"teft-card__title\">Bedre elevresultater og en skole\u00f8konomi i balanse med bl\u00e5gr\u00f8nt byr\u00e5d&nbsp;<span class=\"teft-card__primary-title-append\"><\/span><\/h2>\t\t\t\t<\/div>\n\t\t\t<\/div>\n\t\t<\/a>\n\t<\/div>\n\n\t<\/div><\/div>\t<\/div>\n<\/div>\n","protected":false},"excerpt":{"rendered":"","protected":false},"author":0,"featured_media":0,"comment_status":"closed","ping_status":"open","sticky":false,"template":"","format":"standard","meta":{"teft_cards_image_url":"","teft_cards_custom_pretitle":"","teft_cards_image_id":0,"teft_cards_image_focal_point_x":0,"teft_cards_image_focal_point_y":0,"teft_cards_title":"","teft_cards_excerpt":"","teft_show_chapters":false,"author_display_name":"Oslo H\u00f8yre","footnotes":""},"category":[1],"post_tag":[],"hoyre-visibility":[],"article-type":[],"politician":[],"class_list":["post-1726","post","type-post","status-publish","format-standard","hentry","category-nyheter"],"yoast_head":"<!-- This site is optimized with the Yoast SEO Premium plugin v26.5 (Yoast SEO v26.6) - https:\/\/yoast.com\/wordpress\/plugins\/seo\/ -->\n<title>Trygge og gode barnehager er felles m\u00e5l - Oslo H\u00f8yre<\/title>\n<meta name=\"robots\" content=\"index, follow, max-snippet:-1, max-image-preview:large, max-video-preview:-1\" \/>\n<link rel=\"canonical\" href=\"https:\/\/hoyre.no\/oslo\/aktuelt\/trygge-og-gode-barnehager-er-felles-mal\/\" \/>\n<meta property=\"og:locale\" content=\"nb_NO\" \/>\n<meta property=\"og:type\" content=\"article\" \/>\n<meta property=\"og:title\" content=\"Trygge og gode barnehager er felles m\u00e5l\" \/>\n<meta property=\"og:url\" content=\"https:\/\/hoyre.no\/oslo\/aktuelt\/trygge-og-gode-barnehager-er-felles-mal\/\" \/>\n<meta property=\"og:site_name\" content=\"Oslo H\u00f8yre\" \/>\n<meta property=\"article:publisher\" content=\"https:\/\/www.facebook.com\/oslo.hoyre\" \/>\n<meta property=\"article:published_time\" content=\"2014-02-14T12:16:16+00:00\" \/>\n<meta property=\"article:modified_time\" content=\"2022-09-26T13:06:34+00:00\" \/>\n<meta property=\"og:image\" content=\"https:\/\/hoyre.no\/content\/uploads\/sites\/408\/2022\/11\/Hoyres-logo.png\" \/>\n\t<meta property=\"og:image:width\" content=\"1000\" \/>\n\t<meta property=\"og:image:height\" content=\"1000\" \/>\n\t<meta property=\"og:image:type\" content=\"image\/png\" \/>\n<meta name=\"twitter:card\" content=\"summary_large_image\" \/>\n<meta name=\"twitter:label1\" content=\"Ansl. lesetid\" \/>\n\t<meta name=\"twitter:data1\" content=\"4 minutter\" \/>\n<script type=\"application\/ld+json\" class=\"yoast-schema-graph\">{\"@context\":\"https:\/\/schema.org\",\"@graph\":[{\"@type\":\"Article\",\"@id\":\"https:\/\/hoyre.no\/oslo\/aktuelt\/trygge-og-gode-barnehager-er-felles-mal\/#article\",\"isPartOf\":{\"@id\":\"https:\/\/hoyre.no\/oslo\/aktuelt\/trygge-og-gode-barnehager-er-felles-mal\/\"},\"author\":{\"name\":\"\",\"@id\":\"\"},\"headline\":\"Trygge og gode barnehager er felles m\u00e5l\",\"datePublished\":\"2014-02-14T12:16:16+00:00\",\"dateModified\":\"2022-09-26T13:06:34+00:00\",\"mainEntityOfPage\":{\"@id\":\"https:\/\/hoyre.no\/oslo\/aktuelt\/trygge-og-gode-barnehager-er-felles-mal\/\"},\"wordCount\":843,\"publisher\":{\"@id\":\"https:\/\/hoyre.no\/oslo\/#organization\"},\"articleSection\":[\"Nyheter\"],\"inLanguage\":\"nb-NO\"},{\"@type\":\"NewsArticle\",\"@id\":\"https:\/\/hoyre.no\/oslo\/aktuelt\/trygge-og-gode-barnehager-er-felles-mal\/\",\"url\":\"https:\/\/hoyre.no\/oslo\/aktuelt\/trygge-og-gode-barnehager-er-felles-mal\/\",\"name\":\"Trygge og gode barnehager er felles m\u00e5l - Oslo H\u00f8yre\",\"isPartOf\":{\"@id\":\"https:\/\/hoyre.no\/oslo\/#website\"},\"datePublished\":\"2014-02-14T12:16:16+00:00\",\"dateModified\":\"2022-09-26T13:06:34+00:00\",\"breadcrumb\":{\"@id\":\"https:\/\/hoyre.no\/oslo\/aktuelt\/trygge-og-gode-barnehager-er-felles-mal\/#breadcrumb\"},\"inLanguage\":\"nb-NO\",\"potentialAction\":[{\"@type\":\"ReadAction\",\"target\":[\"https:\/\/hoyre.no\/oslo\/aktuelt\/trygge-og-gode-barnehager-er-felles-mal\/\"]}]},{\"@type\":\"BreadcrumbList\",\"@id\":\"https:\/\/hoyre.no\/oslo\/aktuelt\/trygge-og-gode-barnehager-er-felles-mal\/#breadcrumb\",\"itemListElement\":[{\"@type\":\"ListItem\",\"position\":1,\"name\":\"Til hoyre.no\",\"item\":\"https:\/\/hoyre.no\"},{\"@type\":\"ListItem\",\"position\":2,\"name\":\"Hjem\",\"item\":\"https:\/\/hoyre.no\/oslo\/\"},{\"@type\":\"ListItem\",\"position\":3,\"name\":\"Trygge og gode barnehager er felles m\u00e5l\"}]},{\"@type\":\"WebSite\",\"@id\":\"https:\/\/hoyre.no\/oslo\/#website\",\"url\":\"https:\/\/hoyre.no\/oslo\/\",\"name\":\"Oslo H\u00f8yre\",\"description\":\"\",\"publisher\":{\"@id\":\"https:\/\/hoyre.no\/oslo\/#organization\"},\"inLanguage\":\"nb-NO\"},{\"@type\":\"Organization\",\"@id\":\"https:\/\/hoyre.no\/oslo\/#organization\",\"name\":\"Oslo H\u00f8yre\",\"url\":\"https:\/\/hoyre.no\/oslo\/\",\"logo\":{\"@type\":\"ImageObject\",\"inLanguage\":\"nb-NO\",\"@id\":\"https:\/\/hoyre.no\/oslo\/#\/schema\/logo\/image\/\",\"url\":\"https:\/\/hoyre.no\/content\/uploads\/sites\/408\/2022\/11\/Hoyres-logo.png\",\"contentUrl\":\"https:\/\/hoyre.no\/content\/uploads\/sites\/408\/2022\/11\/Hoyres-logo.png\",\"width\":1000,\"height\":1000,\"caption\":\"Oslo H\u00f8yre\"},\"image\":{\"@id\":\"https:\/\/hoyre.no\/oslo\/#\/schema\/logo\/image\/\"},\"sameAs\":[\"https:\/\/www.facebook.com\/oslo.hoyre\"]}]}<\/script>\n<!-- \/ Yoast SEO Premium plugin. -->","yoast_head_json":{"title":"Trygge og gode barnehager er felles m\u00e5l - Oslo H\u00f8yre","robots":{"index":"index","follow":"follow","max-snippet":"max-snippet:-1","max-image-preview":"max-image-preview:large","max-video-preview":"max-video-preview:-1"},"canonical":"https:\/\/hoyre.no\/oslo\/aktuelt\/trygge-og-gode-barnehager-er-felles-mal\/","og_locale":"nb_NO","og_type":"article","og_title":"Trygge og gode barnehager er felles m\u00e5l","og_url":"https:\/\/hoyre.no\/oslo\/aktuelt\/trygge-og-gode-barnehager-er-felles-mal\/","og_site_name":"Oslo H\u00f8yre","article_publisher":"https:\/\/www.facebook.com\/oslo.hoyre","article_published_time":"2014-02-14T12:16:16+00:00","article_modified_time":"2022-09-26T13:06:34+00:00","og_image":[{"width":1000,"height":1000,"url":"https:\/\/hoyre.no\/content\/uploads\/sites\/408\/2022\/11\/Hoyres-logo.png","type":"image\/png"}],"twitter_card":"summary_large_image","twitter_misc":{"Ansl. lesetid":"4 minutter"},"schema":{"@context":"https:\/\/schema.org","@graph":[{"@type":"Article","@id":"https:\/\/hoyre.no\/oslo\/aktuelt\/trygge-og-gode-barnehager-er-felles-mal\/#article","isPartOf":{"@id":"https:\/\/hoyre.no\/oslo\/aktuelt\/trygge-og-gode-barnehager-er-felles-mal\/"},"author":{"name":"","@id":""},"headline":"Trygge og gode barnehager er felles m\u00e5l","datePublished":"2014-02-14T12:16:16+00:00","dateModified":"2022-09-26T13:06:34+00:00","mainEntityOfPage":{"@id":"https:\/\/hoyre.no\/oslo\/aktuelt\/trygge-og-gode-barnehager-er-felles-mal\/"},"wordCount":843,"publisher":{"@id":"https:\/\/hoyre.no\/oslo\/#organization"},"articleSection":["Nyheter"],"inLanguage":"nb-NO"},{"@type":"NewsArticle","@id":"https:\/\/hoyre.no\/oslo\/aktuelt\/trygge-og-gode-barnehager-er-felles-mal\/","url":"https:\/\/hoyre.no\/oslo\/aktuelt\/trygge-og-gode-barnehager-er-felles-mal\/","name":"Trygge og gode barnehager er felles m\u00e5l - Oslo H\u00f8yre","isPartOf":{"@id":"https:\/\/hoyre.no\/oslo\/#website"},"datePublished":"2014-02-14T12:16:16+00:00","dateModified":"2022-09-26T13:06:34+00:00","breadcrumb":{"@id":"https:\/\/hoyre.no\/oslo\/aktuelt\/trygge-og-gode-barnehager-er-felles-mal\/#breadcrumb"},"inLanguage":"nb-NO","potentialAction":[{"@type":"ReadAction","target":["https:\/\/hoyre.no\/oslo\/aktuelt\/trygge-og-gode-barnehager-er-felles-mal\/"]}]},{"@type":"BreadcrumbList","@id":"https:\/\/hoyre.no\/oslo\/aktuelt\/trygge-og-gode-barnehager-er-felles-mal\/#breadcrumb","itemListElement":[{"@type":"ListItem","position":1,"name":"Til hoyre.no","item":"https:\/\/hoyre.no"},{"@type":"ListItem","position":2,"name":"Hjem","item":"https:\/\/hoyre.no\/oslo\/"},{"@type":"ListItem","position":3,"name":"Trygge og gode barnehager er felles m\u00e5l"}]},{"@type":"WebSite","@id":"https:\/\/hoyre.no\/oslo\/#website","url":"https:\/\/hoyre.no\/oslo\/","name":"Oslo H\u00f8yre","description":"","publisher":{"@id":"https:\/\/hoyre.no\/oslo\/#organization"},"inLanguage":"nb-NO"},{"@type":"Organization","@id":"https:\/\/hoyre.no\/oslo\/#organization","name":"Oslo H\u00f8yre","url":"https:\/\/hoyre.no\/oslo\/","logo":{"@type":"ImageObject","inLanguage":"nb-NO","@id":"https:\/\/hoyre.no\/oslo\/#\/schema\/logo\/image\/","url":"https:\/\/hoyre.no\/content\/uploads\/sites\/408\/2022\/11\/Hoyres-logo.png","contentUrl":"https:\/\/hoyre.no\/content\/uploads\/sites\/408\/2022\/11\/Hoyres-logo.png","width":1000,"height":1000,"caption":"Oslo H\u00f8yre"},"image":{"@id":"https:\/\/hoyre.no\/oslo\/#\/schema\/logo\/image\/"},"sameAs":["https:\/\/www.facebook.com\/oslo.hoyre"]}]}},"distributor_meta":false,"distributor_terms":false,"distributor_media":false,"distributor_original_site_name":"Oslo H\u00f8yre","distributor_original_site_url":"https:\/\/hoyre.no\/oslo","push-errors":false,"_links":{"self":[{"href":"https:\/\/hoyre.no\/oslo\/wp-json\/wp\/v2\/posts\/1726","targetHints":{"allow":["GET"]}}],"collection":[{"href":"https:\/\/hoyre.no\/oslo\/wp-json\/wp\/v2\/posts"}],"about":[{"href":"https:\/\/hoyre.no\/oslo\/wp-json\/wp\/v2\/types\/post"}],"replies":[{"embeddable":true,"href":"https:\/\/hoyre.no\/oslo\/wp-json\/wp\/v2\/comments?post=1726"}],"version-history":[{"count":1,"href":"https:\/\/hoyre.no\/oslo\/wp-json\/wp\/v2\/posts\/1726\/revisions"}],"predecessor-version":[{"id":2918,"href":"https:\/\/hoyre.no\/oslo\/wp-json\/wp\/v2\/posts\/1726\/revisions\/2918"}],"wp:attachment":[{"href":"https:\/\/hoyre.no\/oslo\/wp-json\/wp\/v2\/media?parent=1726"}],"wp:term":[{"taxonomy":"category","embeddable":true,"href":"https:\/\/hoyre.no\/oslo\/wp-json\/wp\/v2\/category?post=1726"},{"taxonomy":"post_tag","embeddable":true,"href":"https:\/\/hoyre.no\/oslo\/wp-json\/wp\/v2\/post_tag?post=1726"},{"taxonomy":"hoyre-visibility","embeddable":true,"href":"https:\/\/hoyre.no\/oslo\/wp-json\/wp\/v2\/hoyre-visibility?post=1726"},{"taxonomy":"article-type","embeddable":true,"href":"https:\/\/hoyre.no\/oslo\/wp-json\/wp\/v2\/article-type?post=1726"},{"taxonomy":"politician","embeddable":true,"href":"https:\/\/hoyre.no\/oslo\/wp-json\/wp\/v2\/politician?post=1726"}],"curies":[{"name":"wp","href":"https:\/\/api.w.org\/{rel}","templated":true}]}}