{"id":1728,"date":"2014-02-05T21:04:11","date_gmt":"2014-02-05T21:04:11","guid":{"rendered":"https:\/\/hoyre.no\/oslo\/aktuelt\/sa-nei-til-utsettelse-av-konkurranseutsetting\/"},"modified":"2022-09-26T15:06:34","modified_gmt":"2022-09-26T13:06:34","slug":"sa-nei-til-utsettelse-av-konkurranseutsetting","status":"publish","type":"post","link":"https:\/\/hoyre.no\/oslo\/aktuelt\/sa-nei-til-utsettelse-av-konkurranseutsetting\/","title":{"rendered":"Sa nei til utsettelse"},"content":{"rendered":"<figure class=\"hoyre-image-wrapper\"><div class=\"hoyre-image\"><img loading=\"lazy\" decoding=\"async\" width=\"960\" height=\"542\" src=\"https:\/\/hoyre.no\/content\/uploads\/sites\/408\/2022\/09\/holmenkollsondag-21.jpg\" class=\"attachment-scaled size-scaled\" alt=\"\" style=\"object-position: 50% 50%\" srcset=\"https:\/\/hoyre.no\/content\/uploads\/sites\/408\/2022\/09\/holmenkollsondag-21.jpg 960w, https:\/\/hoyre.no\/content\/uploads\/sites\/408\/2022\/09\/holmenkollsondag-21-300x169.jpg 300w, https:\/\/hoyre.no\/content\/uploads\/sites\/408\/2022\/09\/holmenkollsondag-21-768x434.jpg 768w\" sizes=\"auto, (max-width: 960px) 100vw, 960px\" \/><\/div><\/figure><div id=\"hoyre-old-article-content-wrapper\"><p>Bystyrenytt fra Oslo bystyre 05. februar 2014.<\/p><p><strong>Konkurranseutsetting:<\/strong> AP, SV, MDG og R\u00f8dt fremmet onsdag kveld i bystyret forslag om \u00e5 stoppe konkurranseutsettingen av syv barnehager i Oslo. H\u00f8yre, Venstre, KrF og Frp sa nei til omkamp om et vedtak bystyret allerede i desember 2012 stemte for.<\/p><p>Det har i den senere tid v\u00e6rt mye offentlig debatt rundt byr\u00e5dets planlagte gjennomf\u00f8ring av konkurranseutsetting av syv barnehager i Oslo, som bystyret vedtok i desember 2012. Kritikken g\u00e5r dels p\u00e5 prosess og manglende medvirkning fra foreldrenes side, dels p\u00e5 frykten for \u00e5 miste ansatte i en overgangsfase f\u00f8r en ny drift overtar, og dels p\u00e5 mer generell politisk motstand mot konkurranseutsetting som virkemiddel for \u00e5 f\u00e5 et st\u00f8rre mangfold i barnehagetilbudet i Oslo.<\/p><p>H\u00f8yre i bystyret la vekt p\u00e5 at vi b\u00e5de i Oslo og nasjonalt har gode erfaringer med private barnehager gjennom mange \u00e5r, og at de har minst like forn\u00f8yde brukere som de kommunale. I Oslo g\u00e5r 38 prosent av 36.000 barnehagebarn i en privat barnehage. Landets mange private barnehager har bidratt til \u00e5 sikre landet full barnehagedekning og bidrar daglig til innovasjon og utvikling av sektoren. Barnehagesektoren er en gjennomregulert sektor der private barnehager er underlagt de samme nasjonale krav til kvalitet som kommunale barnehager. Tross noe lavere offentlig finansiering er private barnehager, if\u00f8lge foreldrene, bedre enn kommunale barnehager. I den store brukerunders\u00f8kelsen for Oslo-barnehagene i 2013 scoret private bedre enn kommunale barnehager p\u00e5 samtlige 36 sp\u00f8rsm\u00e5l.<\/p><p>P\u00e5 sp\u00f8rsm\u00e5l om samlet tilfredshet med barnehagen, oppn\u00e5r private barnehager et resultat p\u00e5 5,34, mot 5,02 i kommunale barnehager (1-6-skala). Av de 15 barnehagene som fikk best tilbakemeldinger fra foreldrene i m\u00e5lingene i 2013, var det to kommunale og 13 private barnehager.\u2028\u2028F\u00f8lgende syv barnehager fordelt p\u00e5 de tre bydelene Alna, S\u00f8ndre Nordstrand og Vestre Aker skal konkurranseutsettes: Frydenlund, Smedbakken og Ospa i bydel Alna, Bj\u00f8rn\u00e5sen og Asperud i S\u00f8ndre Nordstrand og R\u00f8nningen og Grindbakken barnehage i bydel Vestre Aker. Representanter for de ansattes fagforeninger har v\u00e6rt med i arbeidet med \u00e5 utforme kriterier for valg av bydeler.<\/p><p>&nbsp;<\/p><h2><strong>Fakta om konkurranseutsettingen av syv barnehager i Oslo:\u2028<\/strong><\/h2><ul><li>Alle barn som g\u00e5r i de syv barnehagene vil beholde barnehageplassen<\/li><li>Alle ansatte vil beholde jobben n\u00e5r en privat tilbyder overtar driften av barnehagen<\/li><li>Kommunen vil fremdeles eie barnehagen, men driften overtas av en privat akt\u00f8r<\/li><li>Kvalitetskrav, \u00e5pningstider og betaling vil ikke endres ved overtakelsen<\/li><li>Bydelene skal fortsatt f\u00f8re tilsyn med at krav til kvalitet og pedagogisk innhold f\u00f8lges opp<\/li><li>Ny arbeidsgiver skal sikre ansattes rett til videre opptjening i en kollektiv pensjonsordning, og kan velge \u00e5 gj\u00f8re eksisterende pensjonsordning gjeldende for de overf\u00f8rte arbeidstakerne.<\/li><li>Byr\u00e5det ser at det har v\u00e6rt reist sp\u00f8rsm\u00e5l om tolkningen av barnehagelovens paragraf \u00a74 om foreldrer\u00e5d og samarbeidsutvalg. Selv om byr\u00e5det mener loven er fulgt korrekt, er det viktig at foreldrene ogs\u00e5 kan f\u00e5 sagt sin mening skriftlig n\u00e5r det er uenighet om dette punktet. For \u00e5 sikre at byr\u00e5det har alle relevante opplysninger, vil saken p\u00e5 nytt bli forelagt med momenter fra samarbeidsutvalgene og foreldrer\u00e5dene.<\/li><\/ul><p>Samarbeidsutvalgene og foreldrene har frist til 14. februar med \u00e5 sende inn sine synspunkter.<\/p><h2>Tidsprosess:<\/h2><ul><li>Kunngj\u00f8ring av konkurransen ble lagt ut offentlig 18.12.2013<\/li><li>Befaring i bydelens barnehager ble gjennomf\u00f8rt januar 2014. Med p\u00e5 befaring var aktuelle tilbydere, Omsorgsbygg, Utvikling og kompetanseetaten, KOU og enhetsledere barnehager<\/li><li>Tilbudskonferanse for aktuelle tilbydere avholdt 20.1.2014<\/li><li>Tilbudsfrist er 27.2.2014<\/li><li>Kontrakt er planlagt skrevet med valgt leverand\u00f8r 7.5.2014<\/li><li>Overdragelse er planlagt 1.9.2014<\/li><\/ul><p>&nbsp;<\/p><p><em>Foto: colourbox.com<\/em><\/p><p>&nbsp;<\/p><p>&nbsp;<\/p>\n<\/div>\n<div class=\"tags\">\n\t<\/div>\n<div class=\"post-footer alignfull has-background block-editor-block-list__block\" data-align=full>\n\t<div class=\"post-footer-inner\">\n\t\t<h3>Relaterte artikler<\/h3>\n\t\t<div class=\"related-content\"><div class=\"is-card-hoyre\">\n\t<div class=\"teft-card hoyre-teft-card post-teft-card\">\n\t\t<a href=\"https:\/\/hoyre.no\/oslo\/aktuelt\/mdg-moralismen-fornekter-seg-ikke\/\" class=\"teft-card__primary-action\">\n\n\t\t\t\t\t<div class=\"teft-card__media teft-card__media--16-9\">\n\t\t\t\t\t\t<img loading=\"lazy\" decoding=\"async\" width=\"768\" height=\"512\" src=\"https:\/\/hoyre.no\/content\/uploads\/sites\/408\/2024\/01\/QZQlxtOC-768x512.jpeg\" class=\"attachment-medium_large size-medium_large\" alt=\"Merete Agerbak-Jensen\" srcset=\"https:\/\/hoyre.no\/content\/uploads\/sites\/408\/2024\/01\/QZQlxtOC-768x512.jpeg 768w, https:\/\/hoyre.no\/content\/uploads\/sites\/408\/2024\/01\/QZQlxtOC-300x200.jpeg 300w, https:\/\/hoyre.no\/content\/uploads\/sites\/408\/2024\/01\/QZQlxtOC-1024x683.jpeg 1024w, https:\/\/hoyre.no\/content\/uploads\/sites\/408\/2024\/01\/QZQlxtOC-1536x1024.jpeg 1536w, https:\/\/hoyre.no\/content\/uploads\/sites\/408\/2024\/01\/QZQlxtOC-2048x1365.jpeg 2048w\" sizes=\"auto, (max-width: 768px) 100vw, 768px\" \/>\t\t<\/div>\n\t\t\n\t\t\t<div class=\"teft-card__content-wrapper\">\n\t\t\t\t<div class=\"teft-card__secondary\">\n\t\t\t\t\t\n\t\t\t\t\t\t\t\t<div class=\"teft-card__meta\">\n\t\t\t\t\t\t\t\t\t<span class=\"post-date\">23. apr 2026<\/span>\n\n\t\t\t\t\t\t\t\t\t\t\t\t\t\t\t\t\t<\/div>\n\t\t\t\t\t\t\t\t\t\t\t<\/div>\n\n\t\t\t\t<div class=\"teft-card__primary\">\n\t\t\t\t\t<h2 class=\"teft-card__title\">MDG-moralismen fornekter seg ikke&nbsp;<span class=\"teft-card__primary-title-append\"><\/span><\/h2>\t\t\t\t<\/div>\n\t\t\t<\/div>\n\t\t<\/a>\n\t<\/div>\n\n\t<\/div><div class=\"is-card-hoyre\">\n\t<div class=\"teft-card hoyre-teft-card post-teft-card\">\n\t\t<a href=\"https:\/\/hoyre.no\/oslo\/aktuelt\/raskere-og-enklere-a-bygge-boliger-og-skape-arbeidsplasser-i-oslo\/\" class=\"teft-card__primary-action\">\n\n\t\t\t\t\t<div class=\"teft-card__media teft-card__media--16-9\">\n\t\t\t\t\t\t<img loading=\"lazy\" decoding=\"async\" width=\"768\" height=\"576\" src=\"https:\/\/hoyre.no\/content\/uploads\/sites\/408\/2026\/04\/Eirik-Lae-Solberg-og-Anita-Leirvik-North-768x576.jpg\" class=\"attachment-medium_large size-medium_large\" alt=\"\" srcset=\"https:\/\/hoyre.no\/content\/uploads\/sites\/408\/2026\/04\/Eirik-Lae-Solberg-og-Anita-Leirvik-North-768x576.jpg 768w, https:\/\/hoyre.no\/content\/uploads\/sites\/408\/2026\/04\/Eirik-Lae-Solberg-og-Anita-Leirvik-North-300x225.jpg 300w, https:\/\/hoyre.no\/content\/uploads\/sites\/408\/2026\/04\/Eirik-Lae-Solberg-og-Anita-Leirvik-North.jpg 901w\" sizes=\"auto, (max-width: 768px) 100vw, 768px\" \/>\t\t<\/div>\n\t\t\n\t\t\t<div class=\"teft-card__content-wrapper\">\n\t\t\t\t<div class=\"teft-card__secondary\">\n\t\t\t\t\t\n\t\t\t\t\t\t\t\t<div class=\"teft-card__meta\">\n\t\t\t\t\t\t\t\t\t<span class=\"post-date\">14. apr 2026<\/span>\n\n\t\t\t\t\t\t\t\t\t<span class=\"post-category\">Har lagt frem ny KPA:<\/span>\t\t\t\t\t\t\t\t<\/div>\n\t\t\t\t\t\t\t\t\t\t\t<\/div>\n\n\t\t\t\t<div class=\"teft-card__primary\">\n\t\t\t\t\t<h2 class=\"teft-card__title\">Raskere og enklere \u00e5 bygge boliger og skape arbeidsplasser i Oslo&nbsp;<span class=\"teft-card__primary-title-append\"><\/span><\/h2>\t\t\t\t<\/div>\n\t\t\t<\/div>\n\t\t<\/a>\n\t<\/div>\n\n\t<\/div><div class=\"is-card-hoyre\">\n\t<div class=\"teft-card hoyre-teft-card post-teft-card\">\n\t\t<a href=\"https:\/\/hoyre.no\/oslo\/aktuelt\/bedre-elevresultater-og-en-skoleokonomi-i-balanse-med-blagront-byrad\/\" class=\"teft-card__primary-action\">\n\n\t\t\t\t\t<div class=\"teft-card__media teft-card__media--16-9\">\n\t\t\t\t\t\t<img loading=\"lazy\" decoding=\"async\" width=\"768\" height=\"512\" src=\"https:\/\/hoyre.no\/content\/uploads\/sites\/408\/2025\/05\/IMG_6440-768x512.jpeg\" class=\"attachment-medium_large size-medium_large\" alt=\"Julie Remen Midtgarden\" srcset=\"https:\/\/hoyre.no\/content\/uploads\/sites\/408\/2025\/05\/IMG_6440-768x512.jpeg 768w, https:\/\/hoyre.no\/content\/uploads\/sites\/408\/2025\/05\/IMG_6440-300x200.jpeg 300w, https:\/\/hoyre.no\/content\/uploads\/sites\/408\/2025\/05\/IMG_6440-1024x683.jpeg 1024w, https:\/\/hoyre.no\/content\/uploads\/sites\/408\/2025\/05\/IMG_6440-1536x1024.jpeg 1536w, https:\/\/hoyre.no\/content\/uploads\/sites\/408\/2025\/05\/IMG_6440-2048x1365.jpeg 2048w\" sizes=\"auto, (max-width: 768px) 100vw, 768px\" \/>\t\t<\/div>\n\t\t\n\t\t\t<div class=\"teft-card__content-wrapper\">\n\t\t\t\t<div class=\"teft-card__secondary\">\n\t\t\t\t\t\n\t\t\t\t\t\t\t\t<div class=\"teft-card__meta\">\n\t\t\t\t\t\t\t\t\t<span class=\"post-date\">26. mar 2026<\/span>\n\n\t\t\t\t\t\t\t\t\t\t\t\t\t\t\t\t\t<\/div>\n\t\t\t\t\t\t\t\t\t\t\t<\/div>\n\n\t\t\t\t<div class=\"teft-card__primary\">\n\t\t\t\t\t<h2 class=\"teft-card__title\">Bedre elevresultater og en skole\u00f8konomi i balanse med bl\u00e5gr\u00f8nt byr\u00e5d&nbsp;<span class=\"teft-card__primary-title-append\"><\/span><\/h2>\t\t\t\t<\/div>\n\t\t\t<\/div>\n\t\t<\/a>\n\t<\/div>\n\n\t<\/div><\/div>\t<\/div>\n<\/div>\n","protected":false},"excerpt":{"rendered":"","protected":false},"author":0,"featured_media":0,"comment_status":"closed","ping_status":"open","sticky":false,"template":"","format":"standard","meta":{"teft_cards_image_url":"","teft_cards_custom_pretitle":"","teft_cards_image_id":0,"teft_cards_image_focal_point_x":0,"teft_cards_image_focal_point_y":0,"teft_cards_title":"","teft_cards_excerpt":"","teft_show_chapters":false,"author_display_name":"Oslo H\u00f8yre","footnotes":""},"category":[1],"post_tag":[],"hoyre-visibility":[],"article-type":[],"politician":[],"class_list":["post-1728","post","type-post","status-publish","format-standard","hentry","category-nyheter"],"yoast_head":"<!-- This site is optimized with the Yoast SEO Premium plugin v26.5 (Yoast SEO v26.6) - https:\/\/yoast.com\/wordpress\/plugins\/seo\/ -->\n<title>Sa nei til utsettelse - Oslo H\u00f8yre<\/title>\n<meta name=\"robots\" content=\"index, follow, max-snippet:-1, max-image-preview:large, max-video-preview:-1\" \/>\n<link rel=\"canonical\" href=\"https:\/\/hoyre.no\/oslo\/aktuelt\/sa-nei-til-utsettelse-av-konkurranseutsetting\/\" \/>\n<meta property=\"og:locale\" content=\"nb_NO\" \/>\n<meta property=\"og:type\" content=\"article\" \/>\n<meta property=\"og:title\" content=\"Sa nei til utsettelse\" \/>\n<meta property=\"og:url\" content=\"https:\/\/hoyre.no\/oslo\/aktuelt\/sa-nei-til-utsettelse-av-konkurranseutsetting\/\" \/>\n<meta property=\"og:site_name\" content=\"Oslo H\u00f8yre\" \/>\n<meta property=\"article:publisher\" content=\"https:\/\/www.facebook.com\/oslo.hoyre\" \/>\n<meta property=\"article:published_time\" content=\"2014-02-05T21:04:11+00:00\" \/>\n<meta property=\"article:modified_time\" content=\"2022-09-26T13:06:34+00:00\" \/>\n<meta property=\"og:image\" content=\"https:\/\/hoyre.no\/content\/uploads\/sites\/408\/2022\/11\/Hoyres-logo.png\" \/>\n\t<meta property=\"og:image:width\" content=\"1000\" \/>\n\t<meta property=\"og:image:height\" content=\"1000\" \/>\n\t<meta property=\"og:image:type\" content=\"image\/png\" \/>\n<meta name=\"twitter:card\" content=\"summary_large_image\" \/>\n<meta name=\"twitter:label1\" content=\"Ansl. lesetid\" \/>\n\t<meta name=\"twitter:data1\" content=\"3 minutter\" \/>\n<script type=\"application\/ld+json\" class=\"yoast-schema-graph\">{\"@context\":\"https:\/\/schema.org\",\"@graph\":[{\"@type\":\"Article\",\"@id\":\"https:\/\/hoyre.no\/oslo\/aktuelt\/sa-nei-til-utsettelse-av-konkurranseutsetting\/#article\",\"isPartOf\":{\"@id\":\"https:\/\/hoyre.no\/oslo\/aktuelt\/sa-nei-til-utsettelse-av-konkurranseutsetting\/\"},\"author\":{\"name\":\"\",\"@id\":\"\"},\"headline\":\"Sa nei til utsettelse\",\"datePublished\":\"2014-02-05T21:04:11+00:00\",\"dateModified\":\"2022-09-26T13:06:34+00:00\",\"mainEntityOfPage\":{\"@id\":\"https:\/\/hoyre.no\/oslo\/aktuelt\/sa-nei-til-utsettelse-av-konkurranseutsetting\/\"},\"wordCount\":604,\"publisher\":{\"@id\":\"https:\/\/hoyre.no\/oslo\/#organization\"},\"articleSection\":[\"Nyheter\"],\"inLanguage\":\"nb-NO\"},{\"@type\":\"NewsArticle\",\"@id\":\"https:\/\/hoyre.no\/oslo\/aktuelt\/sa-nei-til-utsettelse-av-konkurranseutsetting\/\",\"url\":\"https:\/\/hoyre.no\/oslo\/aktuelt\/sa-nei-til-utsettelse-av-konkurranseutsetting\/\",\"name\":\"Sa nei til utsettelse - Oslo H\u00f8yre\",\"isPartOf\":{\"@id\":\"https:\/\/hoyre.no\/oslo\/#website\"},\"datePublished\":\"2014-02-05T21:04:11+00:00\",\"dateModified\":\"2022-09-26T13:06:34+00:00\",\"breadcrumb\":{\"@id\":\"https:\/\/hoyre.no\/oslo\/aktuelt\/sa-nei-til-utsettelse-av-konkurranseutsetting\/#breadcrumb\"},\"inLanguage\":\"nb-NO\",\"potentialAction\":[{\"@type\":\"ReadAction\",\"target\":[\"https:\/\/hoyre.no\/oslo\/aktuelt\/sa-nei-til-utsettelse-av-konkurranseutsetting\/\"]}]},{\"@type\":\"BreadcrumbList\",\"@id\":\"https:\/\/hoyre.no\/oslo\/aktuelt\/sa-nei-til-utsettelse-av-konkurranseutsetting\/#breadcrumb\",\"itemListElement\":[{\"@type\":\"ListItem\",\"position\":1,\"name\":\"Til hoyre.no\",\"item\":\"https:\/\/hoyre.no\"},{\"@type\":\"ListItem\",\"position\":2,\"name\":\"Hjem\",\"item\":\"https:\/\/hoyre.no\/oslo\/\"},{\"@type\":\"ListItem\",\"position\":3,\"name\":\"Sa nei til utsettelse\"}]},{\"@type\":\"WebSite\",\"@id\":\"https:\/\/hoyre.no\/oslo\/#website\",\"url\":\"https:\/\/hoyre.no\/oslo\/\",\"name\":\"Oslo H\u00f8yre\",\"description\":\"\",\"publisher\":{\"@id\":\"https:\/\/hoyre.no\/oslo\/#organization\"},\"inLanguage\":\"nb-NO\"},{\"@type\":\"Organization\",\"@id\":\"https:\/\/hoyre.no\/oslo\/#organization\",\"name\":\"Oslo H\u00f8yre\",\"url\":\"https:\/\/hoyre.no\/oslo\/\",\"logo\":{\"@type\":\"ImageObject\",\"inLanguage\":\"nb-NO\",\"@id\":\"https:\/\/hoyre.no\/oslo\/#\/schema\/logo\/image\/\",\"url\":\"https:\/\/hoyre.no\/content\/uploads\/sites\/408\/2022\/11\/Hoyres-logo.png\",\"contentUrl\":\"https:\/\/hoyre.no\/content\/uploads\/sites\/408\/2022\/11\/Hoyres-logo.png\",\"width\":1000,\"height\":1000,\"caption\":\"Oslo H\u00f8yre\"},\"image\":{\"@id\":\"https:\/\/hoyre.no\/oslo\/#\/schema\/logo\/image\/\"},\"sameAs\":[\"https:\/\/www.facebook.com\/oslo.hoyre\"]}]}<\/script>\n<!-- \/ Yoast SEO Premium plugin. -->","yoast_head_json":{"title":"Sa nei til utsettelse - Oslo H\u00f8yre","robots":{"index":"index","follow":"follow","max-snippet":"max-snippet:-1","max-image-preview":"max-image-preview:large","max-video-preview":"max-video-preview:-1"},"canonical":"https:\/\/hoyre.no\/oslo\/aktuelt\/sa-nei-til-utsettelse-av-konkurranseutsetting\/","og_locale":"nb_NO","og_type":"article","og_title":"Sa nei til utsettelse","og_url":"https:\/\/hoyre.no\/oslo\/aktuelt\/sa-nei-til-utsettelse-av-konkurranseutsetting\/","og_site_name":"Oslo H\u00f8yre","article_publisher":"https:\/\/www.facebook.com\/oslo.hoyre","article_published_time":"2014-02-05T21:04:11+00:00","article_modified_time":"2022-09-26T13:06:34+00:00","og_image":[{"width":1000,"height":1000,"url":"https:\/\/hoyre.no\/content\/uploads\/sites\/408\/2022\/11\/Hoyres-logo.png","type":"image\/png"}],"twitter_card":"summary_large_image","twitter_misc":{"Ansl. lesetid":"3 minutter"},"schema":{"@context":"https:\/\/schema.org","@graph":[{"@type":"Article","@id":"https:\/\/hoyre.no\/oslo\/aktuelt\/sa-nei-til-utsettelse-av-konkurranseutsetting\/#article","isPartOf":{"@id":"https:\/\/hoyre.no\/oslo\/aktuelt\/sa-nei-til-utsettelse-av-konkurranseutsetting\/"},"author":{"name":"","@id":""},"headline":"Sa nei til utsettelse","datePublished":"2014-02-05T21:04:11+00:00","dateModified":"2022-09-26T13:06:34+00:00","mainEntityOfPage":{"@id":"https:\/\/hoyre.no\/oslo\/aktuelt\/sa-nei-til-utsettelse-av-konkurranseutsetting\/"},"wordCount":604,"publisher":{"@id":"https:\/\/hoyre.no\/oslo\/#organization"},"articleSection":["Nyheter"],"inLanguage":"nb-NO"},{"@type":"NewsArticle","@id":"https:\/\/hoyre.no\/oslo\/aktuelt\/sa-nei-til-utsettelse-av-konkurranseutsetting\/","url":"https:\/\/hoyre.no\/oslo\/aktuelt\/sa-nei-til-utsettelse-av-konkurranseutsetting\/","name":"Sa nei til utsettelse - Oslo H\u00f8yre","isPartOf":{"@id":"https:\/\/hoyre.no\/oslo\/#website"},"datePublished":"2014-02-05T21:04:11+00:00","dateModified":"2022-09-26T13:06:34+00:00","breadcrumb":{"@id":"https:\/\/hoyre.no\/oslo\/aktuelt\/sa-nei-til-utsettelse-av-konkurranseutsetting\/#breadcrumb"},"inLanguage":"nb-NO","potentialAction":[{"@type":"ReadAction","target":["https:\/\/hoyre.no\/oslo\/aktuelt\/sa-nei-til-utsettelse-av-konkurranseutsetting\/"]}]},{"@type":"BreadcrumbList","@id":"https:\/\/hoyre.no\/oslo\/aktuelt\/sa-nei-til-utsettelse-av-konkurranseutsetting\/#breadcrumb","itemListElement":[{"@type":"ListItem","position":1,"name":"Til hoyre.no","item":"https:\/\/hoyre.no"},{"@type":"ListItem","position":2,"name":"Hjem","item":"https:\/\/hoyre.no\/oslo\/"},{"@type":"ListItem","position":3,"name":"Sa nei til utsettelse"}]},{"@type":"WebSite","@id":"https:\/\/hoyre.no\/oslo\/#website","url":"https:\/\/hoyre.no\/oslo\/","name":"Oslo H\u00f8yre","description":"","publisher":{"@id":"https:\/\/hoyre.no\/oslo\/#organization"},"inLanguage":"nb-NO"},{"@type":"Organization","@id":"https:\/\/hoyre.no\/oslo\/#organization","name":"Oslo H\u00f8yre","url":"https:\/\/hoyre.no\/oslo\/","logo":{"@type":"ImageObject","inLanguage":"nb-NO","@id":"https:\/\/hoyre.no\/oslo\/#\/schema\/logo\/image\/","url":"https:\/\/hoyre.no\/content\/uploads\/sites\/408\/2022\/11\/Hoyres-logo.png","contentUrl":"https:\/\/hoyre.no\/content\/uploads\/sites\/408\/2022\/11\/Hoyres-logo.png","width":1000,"height":1000,"caption":"Oslo H\u00f8yre"},"image":{"@id":"https:\/\/hoyre.no\/oslo\/#\/schema\/logo\/image\/"},"sameAs":["https:\/\/www.facebook.com\/oslo.hoyre"]}]}},"distributor_meta":false,"distributor_terms":false,"distributor_media":false,"distributor_original_site_name":"Oslo H\u00f8yre","distributor_original_site_url":"https:\/\/hoyre.no\/oslo","push-errors":false,"_links":{"self":[{"href":"https:\/\/hoyre.no\/oslo\/wp-json\/wp\/v2\/posts\/1728","targetHints":{"allow":["GET"]}}],"collection":[{"href":"https:\/\/hoyre.no\/oslo\/wp-json\/wp\/v2\/posts"}],"about":[{"href":"https:\/\/hoyre.no\/oslo\/wp-json\/wp\/v2\/types\/post"}],"replies":[{"embeddable":true,"href":"https:\/\/hoyre.no\/oslo\/wp-json\/wp\/v2\/comments?post=1728"}],"version-history":[{"count":1,"href":"https:\/\/hoyre.no\/oslo\/wp-json\/wp\/v2\/posts\/1728\/revisions"}],"predecessor-version":[{"id":2920,"href":"https:\/\/hoyre.no\/oslo\/wp-json\/wp\/v2\/posts\/1728\/revisions\/2920"}],"wp:attachment":[{"href":"https:\/\/hoyre.no\/oslo\/wp-json\/wp\/v2\/media?parent=1728"}],"wp:term":[{"taxonomy":"category","embeddable":true,"href":"https:\/\/hoyre.no\/oslo\/wp-json\/wp\/v2\/category?post=1728"},{"taxonomy":"post_tag","embeddable":true,"href":"https:\/\/hoyre.no\/oslo\/wp-json\/wp\/v2\/post_tag?post=1728"},{"taxonomy":"hoyre-visibility","embeddable":true,"href":"https:\/\/hoyre.no\/oslo\/wp-json\/wp\/v2\/hoyre-visibility?post=1728"},{"taxonomy":"article-type","embeddable":true,"href":"https:\/\/hoyre.no\/oslo\/wp-json\/wp\/v2\/article-type?post=1728"},{"taxonomy":"politician","embeddable":true,"href":"https:\/\/hoyre.no\/oslo\/wp-json\/wp\/v2\/politician?post=1728"}],"curies":[{"name":"wp","href":"https:\/\/api.w.org\/{rel}","templated":true}]}}