{"id":1730,"date":"2014-01-29T12:59:08","date_gmt":"2014-01-29T12:59:08","guid":{"rendered":"https:\/\/hoyre.no\/oslo\/aktuelt\/byggingen-er-i-gang\/"},"modified":"2022-09-26T15:06:35","modified_gmt":"2022-09-26T13:06:35","slug":"byggingen-er-i-gang","status":"publish","type":"post","link":"https:\/\/hoyre.no\/oslo\/aktuelt\/byggingen-er-i-gang\/","title":{"rendered":"Byggingen er i gang"},"content":{"rendered":"<figure class=\"hoyre-image-wrapper\"><div class=\"hoyre-image\"><img loading=\"lazy\" decoding=\"async\" width=\"960\" height=\"542\" src=\"https:\/\/hoyre.no\/content\/uploads\/sites\/408\/2022\/09\/holmenkollsondag-21.jpg\" class=\"attachment-scaled size-scaled\" alt=\"\" style=\"object-position: 50% 50%\" srcset=\"https:\/\/hoyre.no\/content\/uploads\/sites\/408\/2022\/09\/holmenkollsondag-21.jpg 960w, https:\/\/hoyre.no\/content\/uploads\/sites\/408\/2022\/09\/holmenkollsondag-21-300x169.jpg 300w, https:\/\/hoyre.no\/content\/uploads\/sites\/408\/2022\/09\/holmenkollsondag-21-768x434.jpg 768w\" sizes=\"auto, (max-width: 960px) 100vw, 960px\" \/><\/div><\/figure><div id=\"hoyre-old-article-content-wrapper\"><p>Byggingen av nye Deichmanske hovedbibliotek og Diagonale startet onsdag 29. januar 2014.<\/p><p>&#8211; Byggingen av Diagonale og Oslos nye Deichmanske hovedbiblioteket startet n\u00e5, skriver H\u00f8yres gruppeleder, \u00d8ystein Sundelin p\u00e5 Instagram.<\/p><h2>Norsk n\u00e6ringsliv posisjonerer seg i Bj\u00f8rvika<\/h2><p>Diagonale blir ett av de viktige landemerkene i Bj\u00f8rvika. N\u00e6rmeste nabo blir Operaen og Deichmanske hovedbibliotek. Diagonale blir et fremtidsrettet kontorbygget med spennende arkitektoniske grep, som diagonale lyssjakter. Lysjaktene bidrar til et lyst og trivelig arbeidsmilj\u00f8 i signalbygget Diagonale.<\/p><figure id=\"attachment_2467\" aria-describedby=\"caption-attachment-2467\"><a href=\"https:\/\/www.oslohoyre.no\/wp-content\/uploads\/2014\/01\/bj_rvika_deichman.jpg\"><img decoding=\"async\" loading=\"lazy\" src=\"https:\/\/hoyre.no\/content\/uploads\/sites\/408\/2022\/09\/bj_rvika_deichman.jpg\" alt=\"Illustrasjon: Lund Hagem\" width=\"680\" height=\"423\" srcset=\"https:\/\/hoyre.no\/content\/uploads\/sites\/408\/2022\/09\/bj_rvika_deichman.jpg 1024w, https:\/\/www.oslohoyre.no\/wp-content\/uploads\/2014\/01\/bj_rvika_deichman-300x187.jpg 300w, https:\/\/www.oslohoyre.no\/wp-content\/uploads\/2014\/01\/bj_rvika_deichman-768x478.jpg 768w, https:\/\/www.oslohoyre.no\/wp-content\/uploads\/2014\/01\/bj_rvika_deichman.jpg 1454w\" sizes=\"auto, (max-width: 680px) 100vw, 680px\" \/><\/a><figcaption id=\"caption-attachment-2467\">Illustrasjon: Lund Hagem<\/figcaption><\/figure><p>Se <a target=\"_blank\" href=\"http:\/\/www.diagonale.no\/#\/diagonale1\" rel=\"noopener noreferrer\">Diagonale.no<\/a> for spennende illustrasjoner som gir deg f\u00f8lelsen av hvordan Bj\u00f8rvika skal se ut. Det beregnes innflytting i Diagonale i medio 2016.<\/p><h2>Nye Deichmanske hovedbibliotek<\/h2><p>Det nye Deichman-biblioteket i Bj\u00f8rvika blir et nasjonalanlegg for kultur og kunnskap. M\u00e5let er at det skal m\u00f8te fremtiden gjennom \u00e5 bevare det beste av bibliotekets kjernetilbud samtidig som en ny kulturallmenning skal utvikles.<\/p><figure id=\"attachment_2472\" aria-describedby=\"caption-attachment-2472\"><a href=\"https:\/\/www.oslohoyre.no\/wp-content\/uploads\/2014\/01\/deichmanlibrary_diagonale_by_lundhagemarkitekter_and_atelieroslo_north_facade.jpg\"><img decoding=\"async\" loading=\"lazy\" src=\"https:\/\/hoyre.no\/content\/uploads\/sites\/408\/2022\/09\/deichmanlibrary_diagonale_by_lundhagemarkitekter_and_atelieroslo_north_facade.jpg\" alt=\"Illustrasjon: Lund Hagem arkitekter\" width=\"1020\" height=\"765\" srcset=\"https:\/\/hoyre.no\/content\/uploads\/sites\/408\/2022\/09\/deichmanlibrary_diagonale_by_lundhagemarkitekter_and_atelieroslo_north_facade.jpg 1020w, https:\/\/www.oslohoyre.no\/wp-content\/uploads\/2014\/01\/deichmanlibrary_diagonale_by_lundhagemarkitekter_and_atelieroslo_north_facade-300x225.jpg 300w, https:\/\/www.oslohoyre.no\/wp-content\/uploads\/2014\/01\/deichmanlibrary_diagonale_by_lundhagemarkitekter_and_atelieroslo_north_facade-768x576.jpg 768w\" sizes=\"auto, (max-width: 1020px) 100vw, 1020px\" \/><\/a><figcaption id=\"caption-attachment-2472\">Illustrasjon: Lund Hagem arkitekter<\/figcaption><\/figure><p>Det nyskapende bibliotekskonseptet\u00a0 inneb\u00e6rer blant annet et omfattende IKT-system som legger til rette for digital formidling og h\u00f8yere grad av selvbetjening enn det vi har sett tidligere. Samtidig skal det bli et b\u00e6rekraftig og energieffektivt bygg.<\/p><h3>Milj\u00f8vennlig<\/h3><p>Nye Deichmanske hovedbibliotek blir det mest milj\u00f8vennlige kulturbygget i Norge, og prosjekteres med det som kalles passivhusniv\u00e5. Bygningskropp, fasade, materialvalg, belysning og ventilasjon er planlagt for optimal energieffektivisering. Prosjektet inng\u00e5r som et forbildeprosjekt i FutureBuilt-programmet og har i tillegg mottatt st\u00f8tte fra Enova for passivhustiltak og ny milj\u00f8teknologi.<\/p><figure id=\"attachment_2477\" aria-describedby=\"caption-attachment-2477\"><a href=\"https:\/\/www.oslohoyre.no\/wp-content\/uploads\/2014\/01\/deichmanlibrary_diagonale_by_lundhagemarkitekter_and_atelieroslo_interior3rd_floor.jpg\"><img decoding=\"async\" loading=\"lazy\" src=\"https:\/\/www.oslohoyre.no\/wp-content\/uploads\/2014\/01\/deichmanlibrary_diagonale_by_lundhagemarkitekter_and_atelieroslo_interior3rd_floor-768x1024.jpg\" alt=\"Illustrasjon: Lund Hagem arkitekter\" width=\"680\" height=\"906\" \/><\/a><figcaption id=\"caption-attachment-2477\">Illustrasjon: Lund Hagem arkitekter<\/figcaption><\/figure><p>Dette blir et viktig bygg for Bj\u00f8rvika og for Oslo. Hovedbiblioteket vil bidra til \u00e5 skape liv og publikumsaktivitet, og vil som kulturinstitusjon ha en unik posisjon som samlingssted for byens befolkning. Den er ogs\u00e5 sv\u00e6rt sentralt plassert: den skal ligge der motorveien og trafikkmaskinen i mange ti\u00e5r har tatt opp plass rett ved Norges st\u00f8rste kollektivknutepunkt Oslo S. N\u00e6rmeste nabo blir Operaen og det er ikke lange veien fra Jernbanetorget og Kvadraturen.<\/p><p>Det forventes at nye Deichman vil firedoble dagens bes\u00f8kstall, til hele to millioner bes\u00f8kende per \u00e5r. Dette kan bidra ytterligere til \u00e5 gj\u00f8re hovedstaden attraktiv for reiseglade mennesker verden over.<\/p><p>&nbsp;<\/p>\n<\/div>\n<div class=\"tags\">\n\t<\/div>\n<div class=\"post-footer alignfull has-background block-editor-block-list__block\" data-align=full>\n\t<div class=\"post-footer-inner\">\n\t\t<h3>Relaterte artikler<\/h3>\n\t\t<div class=\"related-content\"><div class=\"is-card-hoyre\">\n\t<div class=\"teft-card hoyre-teft-card post-teft-card\">\n\t\t<a href=\"https:\/\/hoyre.no\/oslo\/aktuelt\/mdg-moralismen-fornekter-seg-ikke\/\" class=\"teft-card__primary-action\">\n\n\t\t\t\t\t<div class=\"teft-card__media teft-card__media--16-9\">\n\t\t\t\t\t\t<img loading=\"lazy\" decoding=\"async\" width=\"768\" height=\"512\" src=\"https:\/\/hoyre.no\/content\/uploads\/sites\/408\/2024\/01\/QZQlxtOC-768x512.jpeg\" class=\"attachment-medium_large size-medium_large\" alt=\"Merete Agerbak-Jensen\" srcset=\"https:\/\/hoyre.no\/content\/uploads\/sites\/408\/2024\/01\/QZQlxtOC-768x512.jpeg 768w, https:\/\/hoyre.no\/content\/uploads\/sites\/408\/2024\/01\/QZQlxtOC-300x200.jpeg 300w, https:\/\/hoyre.no\/content\/uploads\/sites\/408\/2024\/01\/QZQlxtOC-1024x683.jpeg 1024w, https:\/\/hoyre.no\/content\/uploads\/sites\/408\/2024\/01\/QZQlxtOC-1536x1024.jpeg 1536w, https:\/\/hoyre.no\/content\/uploads\/sites\/408\/2024\/01\/QZQlxtOC-2048x1365.jpeg 2048w\" sizes=\"auto, (max-width: 768px) 100vw, 768px\" \/>\t\t<\/div>\n\t\t\n\t\t\t<div class=\"teft-card__content-wrapper\">\n\t\t\t\t<div class=\"teft-card__secondary\">\n\t\t\t\t\t\n\t\t\t\t\t\t\t\t<div class=\"teft-card__meta\">\n\t\t\t\t\t\t\t\t\t<span class=\"post-date\">23. apr 2026<\/span>\n\n\t\t\t\t\t\t\t\t\t\t\t\t\t\t\t\t\t<\/div>\n\t\t\t\t\t\t\t\t\t\t\t<\/div>\n\n\t\t\t\t<div class=\"teft-card__primary\">\n\t\t\t\t\t<h2 class=\"teft-card__title\">MDG-moralismen fornekter seg ikke&nbsp;<span class=\"teft-card__primary-title-append\"><\/span><\/h2>\t\t\t\t<\/div>\n\t\t\t<\/div>\n\t\t<\/a>\n\t<\/div>\n\n\t<\/div><div class=\"is-card-hoyre\">\n\t<div class=\"teft-card hoyre-teft-card post-teft-card\">\n\t\t<a href=\"https:\/\/hoyre.no\/oslo\/aktuelt\/raskere-og-enklere-a-bygge-boliger-og-skape-arbeidsplasser-i-oslo\/\" class=\"teft-card__primary-action\">\n\n\t\t\t\t\t<div class=\"teft-card__media teft-card__media--16-9\">\n\t\t\t\t\t\t<img loading=\"lazy\" decoding=\"async\" width=\"768\" height=\"576\" src=\"https:\/\/hoyre.no\/content\/uploads\/sites\/408\/2026\/04\/Eirik-Lae-Solberg-og-Anita-Leirvik-North-768x576.jpg\" class=\"attachment-medium_large size-medium_large\" alt=\"\" srcset=\"https:\/\/hoyre.no\/content\/uploads\/sites\/408\/2026\/04\/Eirik-Lae-Solberg-og-Anita-Leirvik-North-768x576.jpg 768w, https:\/\/hoyre.no\/content\/uploads\/sites\/408\/2026\/04\/Eirik-Lae-Solberg-og-Anita-Leirvik-North-300x225.jpg 300w, https:\/\/hoyre.no\/content\/uploads\/sites\/408\/2026\/04\/Eirik-Lae-Solberg-og-Anita-Leirvik-North.jpg 901w\" sizes=\"auto, (max-width: 768px) 100vw, 768px\" \/>\t\t<\/div>\n\t\t\n\t\t\t<div class=\"teft-card__content-wrapper\">\n\t\t\t\t<div class=\"teft-card__secondary\">\n\t\t\t\t\t\n\t\t\t\t\t\t\t\t<div class=\"teft-card__meta\">\n\t\t\t\t\t\t\t\t\t<span class=\"post-date\">14. apr 2026<\/span>\n\n\t\t\t\t\t\t\t\t\t<span class=\"post-category\">Har lagt frem ny KPA:<\/span>\t\t\t\t\t\t\t\t<\/div>\n\t\t\t\t\t\t\t\t\t\t\t<\/div>\n\n\t\t\t\t<div class=\"teft-card__primary\">\n\t\t\t\t\t<h2 class=\"teft-card__title\">Raskere og enklere \u00e5 bygge boliger og skape arbeidsplasser i Oslo&nbsp;<span class=\"teft-card__primary-title-append\"><\/span><\/h2>\t\t\t\t<\/div>\n\t\t\t<\/div>\n\t\t<\/a>\n\t<\/div>\n\n\t<\/div><div class=\"is-card-hoyre\">\n\t<div class=\"teft-card hoyre-teft-card post-teft-card\">\n\t\t<a href=\"https:\/\/hoyre.no\/oslo\/aktuelt\/bedre-elevresultater-og-en-skoleokonomi-i-balanse-med-blagront-byrad\/\" class=\"teft-card__primary-action\">\n\n\t\t\t\t\t<div class=\"teft-card__media teft-card__media--16-9\">\n\t\t\t\t\t\t<img loading=\"lazy\" decoding=\"async\" width=\"768\" height=\"512\" src=\"https:\/\/hoyre.no\/content\/uploads\/sites\/408\/2025\/05\/IMG_6440-768x512.jpeg\" class=\"attachment-medium_large size-medium_large\" alt=\"Julie Remen Midtgarden\" srcset=\"https:\/\/hoyre.no\/content\/uploads\/sites\/408\/2025\/05\/IMG_6440-768x512.jpeg 768w, https:\/\/hoyre.no\/content\/uploads\/sites\/408\/2025\/05\/IMG_6440-300x200.jpeg 300w, https:\/\/hoyre.no\/content\/uploads\/sites\/408\/2025\/05\/IMG_6440-1024x683.jpeg 1024w, https:\/\/hoyre.no\/content\/uploads\/sites\/408\/2025\/05\/IMG_6440-1536x1024.jpeg 1536w, https:\/\/hoyre.no\/content\/uploads\/sites\/408\/2025\/05\/IMG_6440-2048x1365.jpeg 2048w\" sizes=\"auto, (max-width: 768px) 100vw, 768px\" \/>\t\t<\/div>\n\t\t\n\t\t\t<div class=\"teft-card__content-wrapper\">\n\t\t\t\t<div class=\"teft-card__secondary\">\n\t\t\t\t\t\n\t\t\t\t\t\t\t\t<div class=\"teft-card__meta\">\n\t\t\t\t\t\t\t\t\t<span class=\"post-date\">26. mar 2026<\/span>\n\n\t\t\t\t\t\t\t\t\t\t\t\t\t\t\t\t\t<\/div>\n\t\t\t\t\t\t\t\t\t\t\t<\/div>\n\n\t\t\t\t<div class=\"teft-card__primary\">\n\t\t\t\t\t<h2 class=\"teft-card__title\">Bedre elevresultater og en skole\u00f8konomi i balanse med bl\u00e5gr\u00f8nt byr\u00e5d&nbsp;<span class=\"teft-card__primary-title-append\"><\/span><\/h2>\t\t\t\t<\/div>\n\t\t\t<\/div>\n\t\t<\/a>\n\t<\/div>\n\n\t<\/div><\/div>\t<\/div>\n<\/div>\n","protected":false},"excerpt":{"rendered":"","protected":false},"author":0,"featured_media":0,"comment_status":"closed","ping_status":"open","sticky":false,"template":"","format":"standard","meta":{"teft_cards_image_url":"","teft_cards_custom_pretitle":"","teft_cards_image_id":0,"teft_cards_image_focal_point_x":0,"teft_cards_image_focal_point_y":0,"teft_cards_title":"","teft_cards_excerpt":"","teft_show_chapters":false,"author_display_name":"Oslo H\u00f8yre","footnotes":""},"category":[1],"post_tag":[],"hoyre-visibility":[],"article-type":[],"politician":[],"class_list":["post-1730","post","type-post","status-publish","format-standard","hentry","category-nyheter"],"yoast_head":"<!-- This site is optimized with the Yoast SEO Premium plugin v26.5 (Yoast SEO v26.6) - https:\/\/yoast.com\/wordpress\/plugins\/seo\/ -->\n<title>Byggingen er i gang - Oslo H\u00f8yre<\/title>\n<meta name=\"robots\" content=\"index, follow, max-snippet:-1, max-image-preview:large, max-video-preview:-1\" \/>\n<link rel=\"canonical\" href=\"https:\/\/hoyre.no\/oslo\/aktuelt\/byggingen-er-i-gang\/\" \/>\n<meta property=\"og:locale\" content=\"nb_NO\" \/>\n<meta property=\"og:type\" content=\"article\" \/>\n<meta property=\"og:title\" content=\"Byggingen er i gang\" \/>\n<meta property=\"og:url\" content=\"https:\/\/hoyre.no\/oslo\/aktuelt\/byggingen-er-i-gang\/\" \/>\n<meta property=\"og:site_name\" content=\"Oslo H\u00f8yre\" \/>\n<meta property=\"article:publisher\" content=\"https:\/\/www.facebook.com\/oslo.hoyre\" \/>\n<meta property=\"article:published_time\" content=\"2014-01-29T12:59:08+00:00\" \/>\n<meta property=\"article:modified_time\" content=\"2022-09-26T13:06:35+00:00\" \/>\n<meta property=\"og:image\" content=\"https:\/\/hoyre.no\/content\/uploads\/sites\/408\/2022\/09\/bj_rvika_deichman.jpg\" \/>\n<meta name=\"twitter:card\" content=\"summary_large_image\" \/>\n<meta name=\"twitter:label1\" content=\"Ansl. lesetid\" \/>\n\t<meta name=\"twitter:data1\" content=\"2 minutter\" \/>\n<script type=\"application\/ld+json\" class=\"yoast-schema-graph\">{\"@context\":\"https:\/\/schema.org\",\"@graph\":[{\"@type\":\"Article\",\"@id\":\"https:\/\/hoyre.no\/oslo\/aktuelt\/byggingen-er-i-gang\/#article\",\"isPartOf\":{\"@id\":\"https:\/\/hoyre.no\/oslo\/aktuelt\/byggingen-er-i-gang\/\"},\"author\":{\"name\":\"\",\"@id\":\"\"},\"headline\":\"Byggingen er i gang\",\"datePublished\":\"2014-01-29T12:59:08+00:00\",\"dateModified\":\"2022-09-26T13:06:35+00:00\",\"mainEntityOfPage\":{\"@id\":\"https:\/\/hoyre.no\/oslo\/aktuelt\/byggingen-er-i-gang\/\"},\"wordCount\":373,\"publisher\":{\"@id\":\"https:\/\/hoyre.no\/oslo\/#organization\"},\"image\":{\"@id\":\"https:\/\/hoyre.no\/oslo\/aktuelt\/byggingen-er-i-gang\/#primaryimage\"},\"thumbnailUrl\":\"https:\/\/hoyre.no\/content\/uploads\/sites\/408\/2022\/09\/bj_rvika_deichman.jpg\",\"articleSection\":[\"Nyheter\"],\"inLanguage\":\"nb-NO\"},{\"@type\":\"NewsArticle\",\"@id\":\"https:\/\/hoyre.no\/oslo\/aktuelt\/byggingen-er-i-gang\/\",\"url\":\"https:\/\/hoyre.no\/oslo\/aktuelt\/byggingen-er-i-gang\/\",\"name\":\"Byggingen er i gang - Oslo H\u00f8yre\",\"isPartOf\":{\"@id\":\"https:\/\/hoyre.no\/oslo\/#website\"},\"image\":{\"@id\":\"https:\/\/hoyre.no\/oslo\/aktuelt\/byggingen-er-i-gang\/#primaryimage\"},\"thumbnailUrl\":\"https:\/\/hoyre.no\/content\/uploads\/sites\/408\/2022\/09\/bj_rvika_deichman.jpg\",\"datePublished\":\"2014-01-29T12:59:08+00:00\",\"dateModified\":\"2022-09-26T13:06:35+00:00\",\"breadcrumb\":{\"@id\":\"https:\/\/hoyre.no\/oslo\/aktuelt\/byggingen-er-i-gang\/#breadcrumb\"},\"inLanguage\":\"nb-NO\",\"potentialAction\":[{\"@type\":\"ReadAction\",\"target\":[\"https:\/\/hoyre.no\/oslo\/aktuelt\/byggingen-er-i-gang\/\"]}]},{\"@type\":\"ImageObject\",\"inLanguage\":\"nb-NO\",\"@id\":\"https:\/\/hoyre.no\/oslo\/aktuelt\/byggingen-er-i-gang\/#primaryimage\",\"url\":\"https:\/\/hoyre.no\/content\/uploads\/sites\/408\/2022\/09\/bj_rvika_deichman.jpg\",\"contentUrl\":\"https:\/\/hoyre.no\/content\/uploads\/sites\/408\/2022\/09\/bj_rvika_deichman.jpg\"},{\"@type\":\"BreadcrumbList\",\"@id\":\"https:\/\/hoyre.no\/oslo\/aktuelt\/byggingen-er-i-gang\/#breadcrumb\",\"itemListElement\":[{\"@type\":\"ListItem\",\"position\":1,\"name\":\"Til hoyre.no\",\"item\":\"https:\/\/hoyre.no\"},{\"@type\":\"ListItem\",\"position\":2,\"name\":\"Hjem\",\"item\":\"https:\/\/hoyre.no\/oslo\/\"},{\"@type\":\"ListItem\",\"position\":3,\"name\":\"Byggingen er i gang\"}]},{\"@type\":\"WebSite\",\"@id\":\"https:\/\/hoyre.no\/oslo\/#website\",\"url\":\"https:\/\/hoyre.no\/oslo\/\",\"name\":\"Oslo H\u00f8yre\",\"description\":\"\",\"publisher\":{\"@id\":\"https:\/\/hoyre.no\/oslo\/#organization\"},\"inLanguage\":\"nb-NO\"},{\"@type\":\"Organization\",\"@id\":\"https:\/\/hoyre.no\/oslo\/#organization\",\"name\":\"Oslo H\u00f8yre\",\"url\":\"https:\/\/hoyre.no\/oslo\/\",\"logo\":{\"@type\":\"ImageObject\",\"inLanguage\":\"nb-NO\",\"@id\":\"https:\/\/hoyre.no\/oslo\/#\/schema\/logo\/image\/\",\"url\":\"https:\/\/hoyre.no\/content\/uploads\/sites\/408\/2022\/11\/Hoyres-logo.png\",\"contentUrl\":\"https:\/\/hoyre.no\/content\/uploads\/sites\/408\/2022\/11\/Hoyres-logo.png\",\"width\":1000,\"height\":1000,\"caption\":\"Oslo H\u00f8yre\"},\"image\":{\"@id\":\"https:\/\/hoyre.no\/oslo\/#\/schema\/logo\/image\/\"},\"sameAs\":[\"https:\/\/www.facebook.com\/oslo.hoyre\"]}]}<\/script>\n<!-- \/ Yoast SEO Premium plugin. -->","yoast_head_json":{"title":"Byggingen er i gang - Oslo H\u00f8yre","robots":{"index":"index","follow":"follow","max-snippet":"max-snippet:-1","max-image-preview":"max-image-preview:large","max-video-preview":"max-video-preview:-1"},"canonical":"https:\/\/hoyre.no\/oslo\/aktuelt\/byggingen-er-i-gang\/","og_locale":"nb_NO","og_type":"article","og_title":"Byggingen er i gang","og_url":"https:\/\/hoyre.no\/oslo\/aktuelt\/byggingen-er-i-gang\/","og_site_name":"Oslo H\u00f8yre","article_publisher":"https:\/\/www.facebook.com\/oslo.hoyre","article_published_time":"2014-01-29T12:59:08+00:00","article_modified_time":"2022-09-26T13:06:35+00:00","og_image":[{"url":"https:\/\/hoyre.no\/content\/uploads\/sites\/408\/2022\/09\/bj_rvika_deichman.jpg","type":"","width":"","height":""}],"twitter_card":"summary_large_image","twitter_misc":{"Ansl. lesetid":"2 minutter"},"schema":{"@context":"https:\/\/schema.org","@graph":[{"@type":"Article","@id":"https:\/\/hoyre.no\/oslo\/aktuelt\/byggingen-er-i-gang\/#article","isPartOf":{"@id":"https:\/\/hoyre.no\/oslo\/aktuelt\/byggingen-er-i-gang\/"},"author":{"name":"","@id":""},"headline":"Byggingen er i gang","datePublished":"2014-01-29T12:59:08+00:00","dateModified":"2022-09-26T13:06:35+00:00","mainEntityOfPage":{"@id":"https:\/\/hoyre.no\/oslo\/aktuelt\/byggingen-er-i-gang\/"},"wordCount":373,"publisher":{"@id":"https:\/\/hoyre.no\/oslo\/#organization"},"image":{"@id":"https:\/\/hoyre.no\/oslo\/aktuelt\/byggingen-er-i-gang\/#primaryimage"},"thumbnailUrl":"https:\/\/hoyre.no\/content\/uploads\/sites\/408\/2022\/09\/bj_rvika_deichman.jpg","articleSection":["Nyheter"],"inLanguage":"nb-NO"},{"@type":"NewsArticle","@id":"https:\/\/hoyre.no\/oslo\/aktuelt\/byggingen-er-i-gang\/","url":"https:\/\/hoyre.no\/oslo\/aktuelt\/byggingen-er-i-gang\/","name":"Byggingen er i gang - Oslo H\u00f8yre","isPartOf":{"@id":"https:\/\/hoyre.no\/oslo\/#website"},"image":{"@id":"https:\/\/hoyre.no\/oslo\/aktuelt\/byggingen-er-i-gang\/#primaryimage"},"thumbnailUrl":"https:\/\/hoyre.no\/content\/uploads\/sites\/408\/2022\/09\/bj_rvika_deichman.jpg","datePublished":"2014-01-29T12:59:08+00:00","dateModified":"2022-09-26T13:06:35+00:00","breadcrumb":{"@id":"https:\/\/hoyre.no\/oslo\/aktuelt\/byggingen-er-i-gang\/#breadcrumb"},"inLanguage":"nb-NO","potentialAction":[{"@type":"ReadAction","target":["https:\/\/hoyre.no\/oslo\/aktuelt\/byggingen-er-i-gang\/"]}]},{"@type":"ImageObject","inLanguage":"nb-NO","@id":"https:\/\/hoyre.no\/oslo\/aktuelt\/byggingen-er-i-gang\/#primaryimage","url":"https:\/\/hoyre.no\/content\/uploads\/sites\/408\/2022\/09\/bj_rvika_deichman.jpg","contentUrl":"https:\/\/hoyre.no\/content\/uploads\/sites\/408\/2022\/09\/bj_rvika_deichman.jpg"},{"@type":"BreadcrumbList","@id":"https:\/\/hoyre.no\/oslo\/aktuelt\/byggingen-er-i-gang\/#breadcrumb","itemListElement":[{"@type":"ListItem","position":1,"name":"Til hoyre.no","item":"https:\/\/hoyre.no"},{"@type":"ListItem","position":2,"name":"Hjem","item":"https:\/\/hoyre.no\/oslo\/"},{"@type":"ListItem","position":3,"name":"Byggingen er i gang"}]},{"@type":"WebSite","@id":"https:\/\/hoyre.no\/oslo\/#website","url":"https:\/\/hoyre.no\/oslo\/","name":"Oslo H\u00f8yre","description":"","publisher":{"@id":"https:\/\/hoyre.no\/oslo\/#organization"},"inLanguage":"nb-NO"},{"@type":"Organization","@id":"https:\/\/hoyre.no\/oslo\/#organization","name":"Oslo H\u00f8yre","url":"https:\/\/hoyre.no\/oslo\/","logo":{"@type":"ImageObject","inLanguage":"nb-NO","@id":"https:\/\/hoyre.no\/oslo\/#\/schema\/logo\/image\/","url":"https:\/\/hoyre.no\/content\/uploads\/sites\/408\/2022\/11\/Hoyres-logo.png","contentUrl":"https:\/\/hoyre.no\/content\/uploads\/sites\/408\/2022\/11\/Hoyres-logo.png","width":1000,"height":1000,"caption":"Oslo H\u00f8yre"},"image":{"@id":"https:\/\/hoyre.no\/oslo\/#\/schema\/logo\/image\/"},"sameAs":["https:\/\/www.facebook.com\/oslo.hoyre"]}]}},"distributor_meta":false,"distributor_terms":false,"distributor_media":false,"distributor_original_site_name":"Oslo H\u00f8yre","distributor_original_site_url":"https:\/\/hoyre.no\/oslo","push-errors":false,"_links":{"self":[{"href":"https:\/\/hoyre.no\/oslo\/wp-json\/wp\/v2\/posts\/1730","targetHints":{"allow":["GET"]}}],"collection":[{"href":"https:\/\/hoyre.no\/oslo\/wp-json\/wp\/v2\/posts"}],"about":[{"href":"https:\/\/hoyre.no\/oslo\/wp-json\/wp\/v2\/types\/post"}],"replies":[{"embeddable":true,"href":"https:\/\/hoyre.no\/oslo\/wp-json\/wp\/v2\/comments?post=1730"}],"version-history":[{"count":1,"href":"https:\/\/hoyre.no\/oslo\/wp-json\/wp\/v2\/posts\/1730\/revisions"}],"predecessor-version":[{"id":2924,"href":"https:\/\/hoyre.no\/oslo\/wp-json\/wp\/v2\/posts\/1730\/revisions\/2924"}],"wp:attachment":[{"href":"https:\/\/hoyre.no\/oslo\/wp-json\/wp\/v2\/media?parent=1730"}],"wp:term":[{"taxonomy":"category","embeddable":true,"href":"https:\/\/hoyre.no\/oslo\/wp-json\/wp\/v2\/category?post=1730"},{"taxonomy":"post_tag","embeddable":true,"href":"https:\/\/hoyre.no\/oslo\/wp-json\/wp\/v2\/post_tag?post=1730"},{"taxonomy":"hoyre-visibility","embeddable":true,"href":"https:\/\/hoyre.no\/oslo\/wp-json\/wp\/v2\/hoyre-visibility?post=1730"},{"taxonomy":"article-type","embeddable":true,"href":"https:\/\/hoyre.no\/oslo\/wp-json\/wp\/v2\/article-type?post=1730"},{"taxonomy":"politician","embeddable":true,"href":"https:\/\/hoyre.no\/oslo\/wp-json\/wp\/v2\/politician?post=1730"}],"curies":[{"name":"wp","href":"https:\/\/api.w.org\/{rel}","templated":true}]}}