{"id":1734,"date":"2014-01-25T09:57:23","date_gmt":"2014-01-25T09:57:23","guid":{"rendered":"https:\/\/hoyre.no\/oslo\/aktuelt\/aktiv-forebygging-gir-mindre-kriminalitet\/"},"modified":"2022-09-26T15:06:36","modified_gmt":"2022-09-26T13:06:36","slug":"aktiv-forebygging-gir-mindre-kriminalitet","status":"publish","type":"post","link":"https:\/\/hoyre.no\/oslo\/aktuelt\/aktiv-forebygging-gir-mindre-kriminalitet\/","title":{"rendered":"Aktiv forebygging gir mindre kriminalitet"},"content":{"rendered":"<figure class=\"hoyre-image-wrapper\"><div class=\"hoyre-image\"><img loading=\"lazy\" decoding=\"async\" width=\"1024\" height=\"358\" src=\"https:\/\/hoyre.no\/content\/uploads\/sites\/408\/2022\/09\/Tbane-travelt.jpg\" class=\"attachment-scaled size-scaled\" alt=\"Tbane travelt\" style=\"object-position: 50% 50%\" srcset=\"https:\/\/hoyre.no\/content\/uploads\/sites\/408\/2022\/09\/Tbane-travelt.jpg 1024w, https:\/\/hoyre.no\/content\/uploads\/sites\/408\/2022\/09\/Tbane-travelt-300x105.jpg 300w, https:\/\/hoyre.no\/content\/uploads\/sites\/408\/2022\/09\/Tbane-travelt-768x269.jpg 768w\" sizes=\"auto, (max-width: 1024px) 100vw, 1024px\" \/><\/div><\/figure><div id=\"hoyre-old-article-content-wrapper\"><p>Oslo H\u00f8yres \u00e5rsm\u00f8te vedtok 25. januar 2014 resolusjonen om aktiv forebygging gir mindre kriminalitet.<\/p><p>De st\u00f8rste norske byene st\u00e5r overfor s\u00e6rskilte utfordringer knyttet til kriminalitet. Aktiv innsats rettet mot barn og unge i risikogruppen er avgj\u00f8rende for \u00e5 forebygge kriminalitet.<\/p><p>I Oslo har ungdomskriminaliteten falt 25 prosent siste \u00e5rene. Dette resultatet ville ikke v\u00e6rt mulig uten kommunens systematiske satsing p\u00e5 forebyggende ungdomsarbeid og et Oslo-politi som har jobbet m\u00e5lrettet med ungdom i risikogruppen for en kriminell karriere. Samtidig m\u00e5 det tas p\u00e5 alvor at innbyggerne f\u00f8ler seg utrygge i enkelte omr\u00e5der av byen.<\/p><p>I 2009 etablerte Oslo kommune og Oslo-politiet samarbeidet SaLTo, med m\u00e5lsettingen \u00e5 forebygge kriminalitet og rusmisbruk blant barn og unge. SaLTo-prosjektet inneb\u00e6rer at alle bydelene har en egen forebyggende koordinator som jobber med \u00e5 identifisere og f\u00f8lge opp ungdom som er i risikogruppen for \u00e5 starte en kriminell karriere.<\/p><p>Trygge byer starter med trygge n\u00e6rmilj\u00f8er. Det er en grunnleggende rettighet \u00e5 ferdes i sitt eget n\u00e6rmilj\u00f8 uten \u00e5 f\u00f8le frykt for liv og helse. Derfor er det viktig med mer synlig politi b\u00e5de i sentrumsgatene og i bydelene. I Oslo er Oslovaktene et nyttig tilskudd til sikkerheten i byen, men politiet har hovedansvaret for innbyggernes sikkerhet. Det er gledelig at Regjeringen i statsbudsjettet for 2014 bidrar med en styrking av politiets budsjetter og tiltak for \u00e5 frigj\u00f8re \u00e5rsverk til operativ politiinnsats. Det er samtidig n\u00f8dvendig at denne innsatsen f\u00f8lges opp og styrkes ytterligere i kommende budsjetter.<\/p><p>Erfaringer fra storbyer i utlandet viser at neglisjering av mindre problemer er med p\u00e5 \u00e5 skape grobunn for st\u00f8rre lovl\u00f8shet i et nabolag. Dersom knuste ruter ikke blir erstattet og nabolag fors\u00f8ples, gir dette uheldige signaler. \u00c5penlys narkotikaomsetning over tid gir inntrykk av at risikoen er liten for inngripen fra politi og p\u00e5talemyndigheter.<\/p><p>Oslo H\u00f8yre vil;<\/p><ul><li>at Oslo kommune b\u00f8r invitere omkringliggende kommuner med i SaLTo-prosjektet.<\/li><li>at politiets budsjetter m\u00e5 styrkes ytterligere, og flere \u00e5rsverk frigj\u00f8res til operativ innsats slik at antall patruljerende politi i gatene og i n\u00e6rmilj\u00f8ene kan \u00f8kes.<\/li><li>at det m\u00e5 praktiseres nulltoleranse overfor hverdagskriminalitet. Politivedtekter og regler for ro og orden m\u00e5 h\u00e5ndheves. Selv mindre lovbrudd skal p\u00e5tales og straffes.<\/li><li>at tiden fra lovbrudd beg\u00e5s til domfellelse og soning m\u00e5 v\u00e6re s\u00e5 kort som mulig. Det b\u00f8r opprettes en hurtigdomstol i Oslo Tingrett etter modell fra bl.a. Sandefjord, der gjengangere, unge lovbrytere og grove voldsforbrytelser prioriteres.<\/li><li>at det skal ikke finnes lovl\u00f8se rom der trusler og vold ikke tas p\u00e5 alvor.<\/li><li>bekjempelse av \u00e5penlys omsetning av narkotika skal prioriteres av politiet.<\/li><li>at byen m\u00e5 gj\u00f8res trygg og tilgjengelig der folk ferdes gjennom bedre belysning, \u00f8kt fremkommelighet og bedre renhold.<\/li><li>at m\u00e5ling av trygghet m\u00e5 gjennomf\u00f8res over tid for \u00e5 gi tilstrekkelig faktagrunnlag for \u00e5 gjennomf\u00f8re tiltak i omr\u00e5der hvor innbyggerne f\u00f8ler seg utrygge.<\/li><li>politiet m\u00e5 f\u00e5 mulighet til \u00e5 skrive ut gebyr\/forenklede forelegg ved hjelp av nettbrett eller b\u00e6rbare elektroniske terminaler.<\/li><li>kollektivtilbudet m\u00e5 styrkes med flere avganger p\u00e5 natten i helgene slik at folk kan komme seg trygt hjem.<\/li><li>Oslo H\u00f8yre vil at Oslo fengsel blir ett rent varetektsfengsel.<\/li><\/ul><p>&nbsp;<\/p>\n<\/div>\n<div class=\"tags\">\n\t<\/div>\n<div class=\"post-footer alignfull has-background block-editor-block-list__block\" data-align=full>\n\t<div class=\"post-footer-inner\">\n\t\t<h3>Relaterte artikler<\/h3>\n\t\t<div class=\"related-content\"><div class=\"is-card-hoyre\">\n\t<div class=\"teft-card hoyre-teft-card post-teft-card\">\n\t\t<a href=\"https:\/\/hoyre.no\/oslo\/aktuelt\/mdg-moralismen-fornekter-seg-ikke\/\" class=\"teft-card__primary-action\">\n\n\t\t\t\t\t<div class=\"teft-card__media teft-card__media--16-9\">\n\t\t\t\t\t\t<img loading=\"lazy\" decoding=\"async\" width=\"768\" height=\"512\" src=\"https:\/\/hoyre.no\/content\/uploads\/sites\/408\/2024\/01\/QZQlxtOC-768x512.jpeg\" class=\"attachment-medium_large size-medium_large\" alt=\"Merete Agerbak-Jensen\" srcset=\"https:\/\/hoyre.no\/content\/uploads\/sites\/408\/2024\/01\/QZQlxtOC-768x512.jpeg 768w, https:\/\/hoyre.no\/content\/uploads\/sites\/408\/2024\/01\/QZQlxtOC-300x200.jpeg 300w, https:\/\/hoyre.no\/content\/uploads\/sites\/408\/2024\/01\/QZQlxtOC-1024x683.jpeg 1024w, https:\/\/hoyre.no\/content\/uploads\/sites\/408\/2024\/01\/QZQlxtOC-1536x1024.jpeg 1536w, https:\/\/hoyre.no\/content\/uploads\/sites\/408\/2024\/01\/QZQlxtOC-2048x1365.jpeg 2048w\" sizes=\"auto, (max-width: 768px) 100vw, 768px\" \/>\t\t<\/div>\n\t\t\n\t\t\t<div class=\"teft-card__content-wrapper\">\n\t\t\t\t<div class=\"teft-card__secondary\">\n\t\t\t\t\t\n\t\t\t\t\t\t\t\t<div class=\"teft-card__meta\">\n\t\t\t\t\t\t\t\t\t<span class=\"post-date\">23. apr 2026<\/span>\n\n\t\t\t\t\t\t\t\t\t\t\t\t\t\t\t\t\t<\/div>\n\t\t\t\t\t\t\t\t\t\t\t<\/div>\n\n\t\t\t\t<div class=\"teft-card__primary\">\n\t\t\t\t\t<h2 class=\"teft-card__title\">MDG-moralismen fornekter seg ikke&nbsp;<span class=\"teft-card__primary-title-append\"><\/span><\/h2>\t\t\t\t<\/div>\n\t\t\t<\/div>\n\t\t<\/a>\n\t<\/div>\n\n\t<\/div><div class=\"is-card-hoyre\">\n\t<div class=\"teft-card hoyre-teft-card post-teft-card\">\n\t\t<a href=\"https:\/\/hoyre.no\/oslo\/aktuelt\/raskere-og-enklere-a-bygge-boliger-og-skape-arbeidsplasser-i-oslo\/\" class=\"teft-card__primary-action\">\n\n\t\t\t\t\t<div class=\"teft-card__media teft-card__media--16-9\">\n\t\t\t\t\t\t<img loading=\"lazy\" decoding=\"async\" width=\"768\" height=\"576\" src=\"https:\/\/hoyre.no\/content\/uploads\/sites\/408\/2026\/04\/Eirik-Lae-Solberg-og-Anita-Leirvik-North-768x576.jpg\" class=\"attachment-medium_large size-medium_large\" alt=\"\" srcset=\"https:\/\/hoyre.no\/content\/uploads\/sites\/408\/2026\/04\/Eirik-Lae-Solberg-og-Anita-Leirvik-North-768x576.jpg 768w, https:\/\/hoyre.no\/content\/uploads\/sites\/408\/2026\/04\/Eirik-Lae-Solberg-og-Anita-Leirvik-North-300x225.jpg 300w, https:\/\/hoyre.no\/content\/uploads\/sites\/408\/2026\/04\/Eirik-Lae-Solberg-og-Anita-Leirvik-North.jpg 901w\" sizes=\"auto, (max-width: 768px) 100vw, 768px\" \/>\t\t<\/div>\n\t\t\n\t\t\t<div class=\"teft-card__content-wrapper\">\n\t\t\t\t<div class=\"teft-card__secondary\">\n\t\t\t\t\t\n\t\t\t\t\t\t\t\t<div class=\"teft-card__meta\">\n\t\t\t\t\t\t\t\t\t<span class=\"post-date\">14. apr 2026<\/span>\n\n\t\t\t\t\t\t\t\t\t<span class=\"post-category\">Har lagt frem ny KPA:<\/span>\t\t\t\t\t\t\t\t<\/div>\n\t\t\t\t\t\t\t\t\t\t\t<\/div>\n\n\t\t\t\t<div class=\"teft-card__primary\">\n\t\t\t\t\t<h2 class=\"teft-card__title\">Raskere og enklere \u00e5 bygge boliger og skape arbeidsplasser i Oslo&nbsp;<span class=\"teft-card__primary-title-append\"><\/span><\/h2>\t\t\t\t<\/div>\n\t\t\t<\/div>\n\t\t<\/a>\n\t<\/div>\n\n\t<\/div><div class=\"is-card-hoyre\">\n\t<div class=\"teft-card hoyre-teft-card post-teft-card\">\n\t\t<a href=\"https:\/\/hoyre.no\/oslo\/aktuelt\/bedre-elevresultater-og-en-skoleokonomi-i-balanse-med-blagront-byrad\/\" class=\"teft-card__primary-action\">\n\n\t\t\t\t\t<div class=\"teft-card__media teft-card__media--16-9\">\n\t\t\t\t\t\t<img loading=\"lazy\" decoding=\"async\" width=\"768\" height=\"512\" src=\"https:\/\/hoyre.no\/content\/uploads\/sites\/408\/2025\/05\/IMG_6440-768x512.jpeg\" class=\"attachment-medium_large size-medium_large\" alt=\"Julie Remen Midtgarden\" srcset=\"https:\/\/hoyre.no\/content\/uploads\/sites\/408\/2025\/05\/IMG_6440-768x512.jpeg 768w, https:\/\/hoyre.no\/content\/uploads\/sites\/408\/2025\/05\/IMG_6440-300x200.jpeg 300w, https:\/\/hoyre.no\/content\/uploads\/sites\/408\/2025\/05\/IMG_6440-1024x683.jpeg 1024w, https:\/\/hoyre.no\/content\/uploads\/sites\/408\/2025\/05\/IMG_6440-1536x1024.jpeg 1536w, https:\/\/hoyre.no\/content\/uploads\/sites\/408\/2025\/05\/IMG_6440-2048x1365.jpeg 2048w\" sizes=\"auto, (max-width: 768px) 100vw, 768px\" \/>\t\t<\/div>\n\t\t\n\t\t\t<div class=\"teft-card__content-wrapper\">\n\t\t\t\t<div class=\"teft-card__secondary\">\n\t\t\t\t\t\n\t\t\t\t\t\t\t\t<div class=\"teft-card__meta\">\n\t\t\t\t\t\t\t\t\t<span class=\"post-date\">26. mar 2026<\/span>\n\n\t\t\t\t\t\t\t\t\t\t\t\t\t\t\t\t\t<\/div>\n\t\t\t\t\t\t\t\t\t\t\t<\/div>\n\n\t\t\t\t<div class=\"teft-card__primary\">\n\t\t\t\t\t<h2 class=\"teft-card__title\">Bedre elevresultater og en skole\u00f8konomi i balanse med bl\u00e5gr\u00f8nt byr\u00e5d&nbsp;<span class=\"teft-card__primary-title-append\"><\/span><\/h2>\t\t\t\t<\/div>\n\t\t\t<\/div>\n\t\t<\/a>\n\t<\/div>\n\n\t<\/div><\/div>\t<\/div>\n<\/div>\n","protected":false},"excerpt":{"rendered":"","protected":false},"author":0,"featured_media":0,"comment_status":"closed","ping_status":"open","sticky":false,"template":"","format":"standard","meta":{"teft_cards_image_url":"","teft_cards_custom_pretitle":"","teft_cards_image_id":0,"teft_cards_image_focal_point_x":0,"teft_cards_image_focal_point_y":0,"teft_cards_title":"","teft_cards_excerpt":"","teft_show_chapters":false,"author_display_name":"Oslo H\u00f8yre","footnotes":""},"category":[1],"post_tag":[],"hoyre-visibility":[],"article-type":[],"politician":[],"class_list":["post-1734","post","type-post","status-publish","format-standard","hentry","category-nyheter"],"yoast_head":"<!-- This site is optimized with the Yoast SEO Premium plugin v26.5 (Yoast SEO v26.6) - https:\/\/yoast.com\/wordpress\/plugins\/seo\/ -->\n<title>Aktiv forebygging gir mindre kriminalitet - Oslo H\u00f8yre<\/title>\n<meta name=\"robots\" content=\"index, follow, max-snippet:-1, max-image-preview:large, max-video-preview:-1\" \/>\n<link rel=\"canonical\" href=\"https:\/\/hoyre.no\/oslo\/aktuelt\/aktiv-forebygging-gir-mindre-kriminalitet\/\" \/>\n<meta property=\"og:locale\" content=\"nb_NO\" \/>\n<meta property=\"og:type\" content=\"article\" \/>\n<meta property=\"og:title\" content=\"Aktiv forebygging gir mindre kriminalitet\" \/>\n<meta property=\"og:url\" content=\"https:\/\/hoyre.no\/oslo\/aktuelt\/aktiv-forebygging-gir-mindre-kriminalitet\/\" \/>\n<meta property=\"og:site_name\" content=\"Oslo H\u00f8yre\" \/>\n<meta property=\"article:publisher\" content=\"https:\/\/www.facebook.com\/oslo.hoyre\" \/>\n<meta property=\"article:published_time\" content=\"2014-01-25T09:57:23+00:00\" \/>\n<meta property=\"article:modified_time\" content=\"2022-09-26T13:06:36+00:00\" \/>\n<meta property=\"og:image\" content=\"https:\/\/hoyre.no\/content\/uploads\/sites\/408\/2022\/11\/Hoyres-logo.png\" \/>\n\t<meta property=\"og:image:width\" content=\"1000\" \/>\n\t<meta property=\"og:image:height\" content=\"1000\" \/>\n\t<meta property=\"og:image:type\" content=\"image\/png\" \/>\n<meta name=\"twitter:card\" content=\"summary_large_image\" \/>\n<meta name=\"twitter:label1\" content=\"Ansl. lesetid\" \/>\n\t<meta name=\"twitter:data1\" content=\"3 minutter\" \/>\n<script type=\"application\/ld+json\" class=\"yoast-schema-graph\">{\"@context\":\"https:\/\/schema.org\",\"@graph\":[{\"@type\":\"Article\",\"@id\":\"https:\/\/hoyre.no\/oslo\/aktuelt\/aktiv-forebygging-gir-mindre-kriminalitet\/#article\",\"isPartOf\":{\"@id\":\"https:\/\/hoyre.no\/oslo\/aktuelt\/aktiv-forebygging-gir-mindre-kriminalitet\/\"},\"author\":{\"name\":\"\",\"@id\":\"\"},\"headline\":\"Aktiv forebygging gir mindre kriminalitet\",\"datePublished\":\"2014-01-25T09:57:23+00:00\",\"dateModified\":\"2022-09-26T13:06:36+00:00\",\"mainEntityOfPage\":{\"@id\":\"https:\/\/hoyre.no\/oslo\/aktuelt\/aktiv-forebygging-gir-mindre-kriminalitet\/\"},\"wordCount\":552,\"publisher\":{\"@id\":\"https:\/\/hoyre.no\/oslo\/#organization\"},\"articleSection\":[\"Nyheter\"],\"inLanguage\":\"nb-NO\"},{\"@type\":\"NewsArticle\",\"@id\":\"https:\/\/hoyre.no\/oslo\/aktuelt\/aktiv-forebygging-gir-mindre-kriminalitet\/\",\"url\":\"https:\/\/hoyre.no\/oslo\/aktuelt\/aktiv-forebygging-gir-mindre-kriminalitet\/\",\"name\":\"Aktiv forebygging gir mindre kriminalitet - Oslo H\u00f8yre\",\"isPartOf\":{\"@id\":\"https:\/\/hoyre.no\/oslo\/#website\"},\"datePublished\":\"2014-01-25T09:57:23+00:00\",\"dateModified\":\"2022-09-26T13:06:36+00:00\",\"breadcrumb\":{\"@id\":\"https:\/\/hoyre.no\/oslo\/aktuelt\/aktiv-forebygging-gir-mindre-kriminalitet\/#breadcrumb\"},\"inLanguage\":\"nb-NO\",\"potentialAction\":[{\"@type\":\"ReadAction\",\"target\":[\"https:\/\/hoyre.no\/oslo\/aktuelt\/aktiv-forebygging-gir-mindre-kriminalitet\/\"]}]},{\"@type\":\"BreadcrumbList\",\"@id\":\"https:\/\/hoyre.no\/oslo\/aktuelt\/aktiv-forebygging-gir-mindre-kriminalitet\/#breadcrumb\",\"itemListElement\":[{\"@type\":\"ListItem\",\"position\":1,\"name\":\"Til hoyre.no\",\"item\":\"https:\/\/hoyre.no\"},{\"@type\":\"ListItem\",\"position\":2,\"name\":\"Hjem\",\"item\":\"https:\/\/hoyre.no\/oslo\/\"},{\"@type\":\"ListItem\",\"position\":3,\"name\":\"Aktiv forebygging gir mindre kriminalitet\"}]},{\"@type\":\"WebSite\",\"@id\":\"https:\/\/hoyre.no\/oslo\/#website\",\"url\":\"https:\/\/hoyre.no\/oslo\/\",\"name\":\"Oslo H\u00f8yre\",\"description\":\"\",\"publisher\":{\"@id\":\"https:\/\/hoyre.no\/oslo\/#organization\"},\"inLanguage\":\"nb-NO\"},{\"@type\":\"Organization\",\"@id\":\"https:\/\/hoyre.no\/oslo\/#organization\",\"name\":\"Oslo H\u00f8yre\",\"url\":\"https:\/\/hoyre.no\/oslo\/\",\"logo\":{\"@type\":\"ImageObject\",\"inLanguage\":\"nb-NO\",\"@id\":\"https:\/\/hoyre.no\/oslo\/#\/schema\/logo\/image\/\",\"url\":\"https:\/\/hoyre.no\/content\/uploads\/sites\/408\/2022\/11\/Hoyres-logo.png\",\"contentUrl\":\"https:\/\/hoyre.no\/content\/uploads\/sites\/408\/2022\/11\/Hoyres-logo.png\",\"width\":1000,\"height\":1000,\"caption\":\"Oslo H\u00f8yre\"},\"image\":{\"@id\":\"https:\/\/hoyre.no\/oslo\/#\/schema\/logo\/image\/\"},\"sameAs\":[\"https:\/\/www.facebook.com\/oslo.hoyre\"]}]}<\/script>\n<!-- \/ Yoast SEO Premium plugin. -->","yoast_head_json":{"title":"Aktiv forebygging gir mindre kriminalitet - Oslo H\u00f8yre","robots":{"index":"index","follow":"follow","max-snippet":"max-snippet:-1","max-image-preview":"max-image-preview:large","max-video-preview":"max-video-preview:-1"},"canonical":"https:\/\/hoyre.no\/oslo\/aktuelt\/aktiv-forebygging-gir-mindre-kriminalitet\/","og_locale":"nb_NO","og_type":"article","og_title":"Aktiv forebygging gir mindre kriminalitet","og_url":"https:\/\/hoyre.no\/oslo\/aktuelt\/aktiv-forebygging-gir-mindre-kriminalitet\/","og_site_name":"Oslo H\u00f8yre","article_publisher":"https:\/\/www.facebook.com\/oslo.hoyre","article_published_time":"2014-01-25T09:57:23+00:00","article_modified_time":"2022-09-26T13:06:36+00:00","og_image":[{"width":1000,"height":1000,"url":"https:\/\/hoyre.no\/content\/uploads\/sites\/408\/2022\/11\/Hoyres-logo.png","type":"image\/png"}],"twitter_card":"summary_large_image","twitter_misc":{"Ansl. lesetid":"3 minutter"},"schema":{"@context":"https:\/\/schema.org","@graph":[{"@type":"Article","@id":"https:\/\/hoyre.no\/oslo\/aktuelt\/aktiv-forebygging-gir-mindre-kriminalitet\/#article","isPartOf":{"@id":"https:\/\/hoyre.no\/oslo\/aktuelt\/aktiv-forebygging-gir-mindre-kriminalitet\/"},"author":{"name":"","@id":""},"headline":"Aktiv forebygging gir mindre kriminalitet","datePublished":"2014-01-25T09:57:23+00:00","dateModified":"2022-09-26T13:06:36+00:00","mainEntityOfPage":{"@id":"https:\/\/hoyre.no\/oslo\/aktuelt\/aktiv-forebygging-gir-mindre-kriminalitet\/"},"wordCount":552,"publisher":{"@id":"https:\/\/hoyre.no\/oslo\/#organization"},"articleSection":["Nyheter"],"inLanguage":"nb-NO"},{"@type":"NewsArticle","@id":"https:\/\/hoyre.no\/oslo\/aktuelt\/aktiv-forebygging-gir-mindre-kriminalitet\/","url":"https:\/\/hoyre.no\/oslo\/aktuelt\/aktiv-forebygging-gir-mindre-kriminalitet\/","name":"Aktiv forebygging gir mindre kriminalitet - Oslo H\u00f8yre","isPartOf":{"@id":"https:\/\/hoyre.no\/oslo\/#website"},"datePublished":"2014-01-25T09:57:23+00:00","dateModified":"2022-09-26T13:06:36+00:00","breadcrumb":{"@id":"https:\/\/hoyre.no\/oslo\/aktuelt\/aktiv-forebygging-gir-mindre-kriminalitet\/#breadcrumb"},"inLanguage":"nb-NO","potentialAction":[{"@type":"ReadAction","target":["https:\/\/hoyre.no\/oslo\/aktuelt\/aktiv-forebygging-gir-mindre-kriminalitet\/"]}]},{"@type":"BreadcrumbList","@id":"https:\/\/hoyre.no\/oslo\/aktuelt\/aktiv-forebygging-gir-mindre-kriminalitet\/#breadcrumb","itemListElement":[{"@type":"ListItem","position":1,"name":"Til hoyre.no","item":"https:\/\/hoyre.no"},{"@type":"ListItem","position":2,"name":"Hjem","item":"https:\/\/hoyre.no\/oslo\/"},{"@type":"ListItem","position":3,"name":"Aktiv forebygging gir mindre kriminalitet"}]},{"@type":"WebSite","@id":"https:\/\/hoyre.no\/oslo\/#website","url":"https:\/\/hoyre.no\/oslo\/","name":"Oslo H\u00f8yre","description":"","publisher":{"@id":"https:\/\/hoyre.no\/oslo\/#organization"},"inLanguage":"nb-NO"},{"@type":"Organization","@id":"https:\/\/hoyre.no\/oslo\/#organization","name":"Oslo H\u00f8yre","url":"https:\/\/hoyre.no\/oslo\/","logo":{"@type":"ImageObject","inLanguage":"nb-NO","@id":"https:\/\/hoyre.no\/oslo\/#\/schema\/logo\/image\/","url":"https:\/\/hoyre.no\/content\/uploads\/sites\/408\/2022\/11\/Hoyres-logo.png","contentUrl":"https:\/\/hoyre.no\/content\/uploads\/sites\/408\/2022\/11\/Hoyres-logo.png","width":1000,"height":1000,"caption":"Oslo H\u00f8yre"},"image":{"@id":"https:\/\/hoyre.no\/oslo\/#\/schema\/logo\/image\/"},"sameAs":["https:\/\/www.facebook.com\/oslo.hoyre"]}]}},"distributor_meta":false,"distributor_terms":false,"distributor_media":false,"distributor_original_site_name":"Oslo H\u00f8yre","distributor_original_site_url":"https:\/\/hoyre.no\/oslo","push-errors":false,"_links":{"self":[{"href":"https:\/\/hoyre.no\/oslo\/wp-json\/wp\/v2\/posts\/1734","targetHints":{"allow":["GET"]}}],"collection":[{"href":"https:\/\/hoyre.no\/oslo\/wp-json\/wp\/v2\/posts"}],"about":[{"href":"https:\/\/hoyre.no\/oslo\/wp-json\/wp\/v2\/types\/post"}],"replies":[{"embeddable":true,"href":"https:\/\/hoyre.no\/oslo\/wp-json\/wp\/v2\/comments?post=1734"}],"version-history":[{"count":1,"href":"https:\/\/hoyre.no\/oslo\/wp-json\/wp\/v2\/posts\/1734\/revisions"}],"predecessor-version":[{"id":2928,"href":"https:\/\/hoyre.no\/oslo\/wp-json\/wp\/v2\/posts\/1734\/revisions\/2928"}],"wp:attachment":[{"href":"https:\/\/hoyre.no\/oslo\/wp-json\/wp\/v2\/media?parent=1734"}],"wp:term":[{"taxonomy":"category","embeddable":true,"href":"https:\/\/hoyre.no\/oslo\/wp-json\/wp\/v2\/category?post=1734"},{"taxonomy":"post_tag","embeddable":true,"href":"https:\/\/hoyre.no\/oslo\/wp-json\/wp\/v2\/post_tag?post=1734"},{"taxonomy":"hoyre-visibility","embeddable":true,"href":"https:\/\/hoyre.no\/oslo\/wp-json\/wp\/v2\/hoyre-visibility?post=1734"},{"taxonomy":"article-type","embeddable":true,"href":"https:\/\/hoyre.no\/oslo\/wp-json\/wp\/v2\/article-type?post=1734"},{"taxonomy":"politician","embeddable":true,"href":"https:\/\/hoyre.no\/oslo\/wp-json\/wp\/v2\/politician?post=1734"}],"curies":[{"name":"wp","href":"https:\/\/api.w.org\/{rel}","templated":true}]}}