{"id":1740,"date":"2014-01-17T14:12:09","date_gmt":"2014-01-17T14:12:09","guid":{"rendered":"https:\/\/hoyre.no\/oslo\/aktuelt\/drommelaereren\/"},"modified":"2022-09-26T15:06:37","modified_gmt":"2022-09-26T13:06:37","slug":"drommelaereren","status":"publish","type":"post","link":"https:\/\/hoyre.no\/oslo\/aktuelt\/drommelaereren\/","title":{"rendered":"Dr\u00f8mmel\u00e6reren"},"content":{"rendered":"<figure class=\"hoyre-image-wrapper\"><div class=\"hoyre-image\"><img loading=\"lazy\" decoding=\"async\" width=\"1024\" height=\"361\" src=\"https:\/\/hoyre.no\/content\/uploads\/sites\/408\/2022\/09\/Elever-klasserom.jpg\" class=\"attachment-scaled size-scaled\" alt=\"Elever\" style=\"object-position: 50% 50%\" srcset=\"https:\/\/hoyre.no\/content\/uploads\/sites\/408\/2022\/09\/Elever-klasserom.jpg 1024w, https:\/\/hoyre.no\/content\/uploads\/sites\/408\/2022\/09\/Elever-klasserom-300x106.jpg 300w, https:\/\/hoyre.no\/content\/uploads\/sites\/408\/2022\/09\/Elever-klasserom-768x271.jpg 768w\" sizes=\"auto, (max-width: 1024px) 100vw, 1024px\" \/><\/div><\/figure><div id=\"hoyre-old-article-content-wrapper\"><p>\u00abDr\u00f8mmel\u00e6reren\u00bb er den kompetente, engasjerte l\u00e6rer.<\/p><p><em>Av Anniken Hauglie, skolebyr\u00e5d i Oslo.<\/em><\/p><p><strong>Faglige resultater<\/strong> og gode l\u00e6ringsmilj\u00f8 kommer ikke av seg selv. Oppdaterte l\u00e6rere, godt arbeidsmilj\u00f8 og sosialt milj\u00f8 gj\u00f8r heller ikke det. Det kreves m\u00e5lrettet innsats og systematisk arbeid fra alle.<\/p><p><strong>Nylig arrangerte<\/strong> ungdomsskoleklassen min 25 \u00e5rs jubileum. L\u00e6reren, som fortsatt er l\u00e6rer, hadde b\u00f8rstet st\u00f8v av gamle klasseprotokoller og sto for h\u00f8ytlesning av tekst som aldri ble skrevet med tanke for h\u00f8ytlesning. Det var tid for latter og mimring fra timer og turer.<\/p><p><strong>Det slo meg<\/strong> at jeg alltid har v\u00e6rt heldig med l\u00e6reren. Flinke l\u00e6rere med engasjement for sine elever. Disse vil jeg ha enda flere av. Jeg er enig med Knut Hovland som i Utdanning nr. 1\/10 skriver at det ikke er nok bare \u00e5 snakke pent om l\u00e6rerne, vi m\u00e5 aktivt gj\u00f8re noe gjennom handling og initiativ.<\/p><p><strong>Resultater kommer ikke<\/strong> av seg selv. I l\u00f8pet av mine m\u00e5neder som skolebyr\u00e5d har jeg bes\u00f8kt flere skoler. De er ulike p\u00e5 mange m\u00e5ter, men noe er felles. Tydelig skoleledelse og klasseledelse, klare forventninger til elever, og tett oppf\u00f8lging av elever og l\u00e6rere. Skal skolen lykkes i sitt oppdrag, er dette grunnleggende forutsetninger. Faglige resultater og gode l\u00e6ringsmilj\u00f8 kommer ikke av seg selv. Oppdaterte l\u00e6rere, godt arbeidsmilj\u00f8 og sosialt milj\u00f8 gj\u00f8r heller ikke det. Det kreves m\u00e5lrettet innsats og systematisk arbeid fra alle.<\/p><p><strong>Jeg vil ha<\/strong> de beste og mest engasjerte skolelederne og l\u00e6rerne til Osloskolen, de som sikter h\u00f8yt b\u00e5de for seg selv og for sine elever. M\u00e5let er at alle skal v\u00e6re &laquo;heldige med l\u00e6reren&raquo;. Og vi trenger mange flere av dem. I dag har vi mer enn 80 000 elever. I l\u00f8pet av de neste ti \u00e5rene vil det v\u00e6re 18 000 flere elever enn i dag. Hver og en har rett til en utdanning som setter dem i stand til \u00e5 st\u00e5 p\u00e5 egne ben den dagen de g\u00e5r ut av skolen. Osloskolen har gode l\u00e6rere i dag, og jeg vil ha enda flere av dem i \u00e5rene fremover.<\/p><blockquote><p><strong>Jeg vil ha<\/strong> de beste og mest engasjerte skolelederne og l\u00e6rerne til Osloskolen.<\/p><\/blockquote><h3>Samfunn i miniatyr<\/h3><p><strong>Hver eneste skole<\/strong> er i realiteten store, komplekse virksomheter og den daglige arbeidsplassen til mange hundre elever og l\u00e6rere. Kompleksiteten hadde jeg reflektert lite over f\u00f8r jeg selv fikk skolebarn. Elever med ulike utgangspunkt og forutsetninger, b\u00e5de faglig og sosialt. Dette krever gode skoleledere og klasseledere med faglig tyngde og sosiale antenner. I Oslo tilbyr vi en egen skolelederutdanning til motiverte og talentfulle kandidater som skal bidra til nettopp det. Skolelederutdanningen er et viktig verkt\u00f8y for \u00e5 ruste lederne v\u00e5re til oppgaven. Samtidig stiller vi store krav til l\u00e6rerne. Derfor m\u00e5 vi tilby oppl\u00e6ring og veiledning som st\u00e5r i forhold til de kravene vi stiller, Ved enkelte skoler som er s\u00e6rlig krevende tilbys ekstra l\u00f8nn for nytilsatte l\u00e6rere, ekstra oppf\u00f8lging og veiledning og praktisk-pedagogisk utdanning betalt av arbeidsgiver. Det gir resultater. Flere dyktige l\u00e6rere \u00f8nsker seg til faglig krevende skoler. Det kan utgj\u00f8re en forskjell for elevene som er s\u00e6rlig utsatt.<\/p><p><strong>Faglig fordypning<\/strong> og veiledning. I Osloskolen f\u00e5r alle nyutdannete l\u00e6rere tilbud om et eget 50-timers kurs, i tillegg til veiledning p\u00e5 egen skole. Jeg tror f\u00e5 utenfor skolen er klar over den lederkompetansen som kreves av den som st\u00e5r i klasserommet hver eneste dag. Denne kompetansen skal vi sikre og videreutvikle. Enkelte av realfagsl\u00e6rerne f\u00f8lger et krevende utdanningsprogram som inkluderer intensiv oppl\u00e6ring i England, formell l\u00e6rerkvalifisering, kompetanseutvikling i regi av Statoil og tett oppf\u00f8lging av veiledere. Forsterket l\u00e6rerutdanning og videreutdanning skal bidra til \u00e5 sikre at de viktigste omr\u00e5der i Osloskolen blir prioritert. N\u00e5 ser vi ogs\u00e5 p\u00e5 andre opplegg som skal tilby l\u00e6rerne faglig fordyping, etter- og videreutdanning, som for eksempel et eget sommerakademi.<\/p><p><strong>Vi har mange<\/strong> dyktige l\u00e6rere i Osloskolen i dag. De vil jeg beholde. I tillegg \u00f8nsker jeg \u00e5 rekruttere enda flere for \u00e5 m\u00f8te de behovene byen v\u00e5r st\u00e5r overfor b\u00e5de faglig og sosialt. M\u00e5let er at vi klarer \u00e5 gi barna v\u00e5re et godt fundament \u00e5 st\u00e5 p\u00e5 den dagen de g\u00e5r ut i voksenlivet. Gode, motiverte l\u00e6rere er viktigst for \u00e5 n\u00e5 m\u00e5let.<\/p><p>&nbsp;<\/p><p><em>Foto: colourbox.com<\/em><\/p><p>&nbsp;<\/p>\n<\/div>\n<div class=\"tags\">\n\t<\/div>\n<div class=\"post-footer alignfull has-background block-editor-block-list__block\" data-align=full>\n\t<div class=\"post-footer-inner\">\n\t\t<h3>Relaterte artikler<\/h3>\n\t\t<div class=\"related-content\"><div class=\"is-card-hoyre\">\n\t<div class=\"teft-card hoyre-teft-card post-teft-card\">\n\t\t<a href=\"https:\/\/hoyre.no\/oslo\/aktuelt\/mdg-moralismen-fornekter-seg-ikke\/\" class=\"teft-card__primary-action\">\n\n\t\t\t\t\t<div class=\"teft-card__media teft-card__media--16-9\">\n\t\t\t\t\t\t<img loading=\"lazy\" decoding=\"async\" width=\"768\" height=\"512\" src=\"https:\/\/hoyre.no\/content\/uploads\/sites\/408\/2024\/01\/QZQlxtOC-768x512.jpeg\" class=\"attachment-medium_large size-medium_large\" alt=\"Merete Agerbak-Jensen\" srcset=\"https:\/\/hoyre.no\/content\/uploads\/sites\/408\/2024\/01\/QZQlxtOC-768x512.jpeg 768w, https:\/\/hoyre.no\/content\/uploads\/sites\/408\/2024\/01\/QZQlxtOC-300x200.jpeg 300w, https:\/\/hoyre.no\/content\/uploads\/sites\/408\/2024\/01\/QZQlxtOC-1024x683.jpeg 1024w, https:\/\/hoyre.no\/content\/uploads\/sites\/408\/2024\/01\/QZQlxtOC-1536x1024.jpeg 1536w, https:\/\/hoyre.no\/content\/uploads\/sites\/408\/2024\/01\/QZQlxtOC-2048x1365.jpeg 2048w\" sizes=\"auto, (max-width: 768px) 100vw, 768px\" \/>\t\t<\/div>\n\t\t\n\t\t\t<div class=\"teft-card__content-wrapper\">\n\t\t\t\t<div class=\"teft-card__secondary\">\n\t\t\t\t\t\n\t\t\t\t\t\t\t\t<div class=\"teft-card__meta\">\n\t\t\t\t\t\t\t\t\t<span class=\"post-date\">23. apr 2026<\/span>\n\n\t\t\t\t\t\t\t\t\t\t\t\t\t\t\t\t\t<\/div>\n\t\t\t\t\t\t\t\t\t\t\t<\/div>\n\n\t\t\t\t<div class=\"teft-card__primary\">\n\t\t\t\t\t<h2 class=\"teft-card__title\">MDG-moralismen fornekter seg ikke&nbsp;<span class=\"teft-card__primary-title-append\"><\/span><\/h2>\t\t\t\t<\/div>\n\t\t\t<\/div>\n\t\t<\/a>\n\t<\/div>\n\n\t<\/div><div class=\"is-card-hoyre\">\n\t<div class=\"teft-card hoyre-teft-card post-teft-card\">\n\t\t<a href=\"https:\/\/hoyre.no\/oslo\/aktuelt\/raskere-og-enklere-a-bygge-boliger-og-skape-arbeidsplasser-i-oslo\/\" class=\"teft-card__primary-action\">\n\n\t\t\t\t\t<div class=\"teft-card__media teft-card__media--16-9\">\n\t\t\t\t\t\t<img loading=\"lazy\" decoding=\"async\" width=\"768\" height=\"576\" src=\"https:\/\/hoyre.no\/content\/uploads\/sites\/408\/2026\/04\/Eirik-Lae-Solberg-og-Anita-Leirvik-North-768x576.jpg\" class=\"attachment-medium_large size-medium_large\" alt=\"\" srcset=\"https:\/\/hoyre.no\/content\/uploads\/sites\/408\/2026\/04\/Eirik-Lae-Solberg-og-Anita-Leirvik-North-768x576.jpg 768w, https:\/\/hoyre.no\/content\/uploads\/sites\/408\/2026\/04\/Eirik-Lae-Solberg-og-Anita-Leirvik-North-300x225.jpg 300w, https:\/\/hoyre.no\/content\/uploads\/sites\/408\/2026\/04\/Eirik-Lae-Solberg-og-Anita-Leirvik-North.jpg 901w\" sizes=\"auto, (max-width: 768px) 100vw, 768px\" \/>\t\t<\/div>\n\t\t\n\t\t\t<div class=\"teft-card__content-wrapper\">\n\t\t\t\t<div class=\"teft-card__secondary\">\n\t\t\t\t\t\n\t\t\t\t\t\t\t\t<div class=\"teft-card__meta\">\n\t\t\t\t\t\t\t\t\t<span class=\"post-date\">14. apr 2026<\/span>\n\n\t\t\t\t\t\t\t\t\t<span class=\"post-category\">Har lagt frem ny KPA:<\/span>\t\t\t\t\t\t\t\t<\/div>\n\t\t\t\t\t\t\t\t\t\t\t<\/div>\n\n\t\t\t\t<div class=\"teft-card__primary\">\n\t\t\t\t\t<h2 class=\"teft-card__title\">Raskere og enklere \u00e5 bygge boliger og skape arbeidsplasser i Oslo&nbsp;<span class=\"teft-card__primary-title-append\"><\/span><\/h2>\t\t\t\t<\/div>\n\t\t\t<\/div>\n\t\t<\/a>\n\t<\/div>\n\n\t<\/div><div class=\"is-card-hoyre\">\n\t<div class=\"teft-card hoyre-teft-card post-teft-card\">\n\t\t<a href=\"https:\/\/hoyre.no\/oslo\/aktuelt\/bedre-elevresultater-og-en-skoleokonomi-i-balanse-med-blagront-byrad\/\" class=\"teft-card__primary-action\">\n\n\t\t\t\t\t<div class=\"teft-card__media teft-card__media--16-9\">\n\t\t\t\t\t\t<img loading=\"lazy\" decoding=\"async\" width=\"768\" height=\"512\" src=\"https:\/\/hoyre.no\/content\/uploads\/sites\/408\/2025\/05\/IMG_6440-768x512.jpeg\" class=\"attachment-medium_large size-medium_large\" alt=\"Julie Remen Midtgarden\" srcset=\"https:\/\/hoyre.no\/content\/uploads\/sites\/408\/2025\/05\/IMG_6440-768x512.jpeg 768w, https:\/\/hoyre.no\/content\/uploads\/sites\/408\/2025\/05\/IMG_6440-300x200.jpeg 300w, https:\/\/hoyre.no\/content\/uploads\/sites\/408\/2025\/05\/IMG_6440-1024x683.jpeg 1024w, https:\/\/hoyre.no\/content\/uploads\/sites\/408\/2025\/05\/IMG_6440-1536x1024.jpeg 1536w, https:\/\/hoyre.no\/content\/uploads\/sites\/408\/2025\/05\/IMG_6440-2048x1365.jpeg 2048w\" sizes=\"auto, (max-width: 768px) 100vw, 768px\" \/>\t\t<\/div>\n\t\t\n\t\t\t<div class=\"teft-card__content-wrapper\">\n\t\t\t\t<div class=\"teft-card__secondary\">\n\t\t\t\t\t\n\t\t\t\t\t\t\t\t<div class=\"teft-card__meta\">\n\t\t\t\t\t\t\t\t\t<span class=\"post-date\">26. mar 2026<\/span>\n\n\t\t\t\t\t\t\t\t\t\t\t\t\t\t\t\t\t<\/div>\n\t\t\t\t\t\t\t\t\t\t\t<\/div>\n\n\t\t\t\t<div class=\"teft-card__primary\">\n\t\t\t\t\t<h2 class=\"teft-card__title\">Bedre elevresultater og en skole\u00f8konomi i balanse med bl\u00e5gr\u00f8nt byr\u00e5d&nbsp;<span class=\"teft-card__primary-title-append\"><\/span><\/h2>\t\t\t\t<\/div>\n\t\t\t<\/div>\n\t\t<\/a>\n\t<\/div>\n\n\t<\/div><\/div>\t<\/div>\n<\/div>\n","protected":false},"excerpt":{"rendered":"","protected":false},"author":0,"featured_media":1526,"comment_status":"closed","ping_status":"open","sticky":false,"template":"","format":"standard","meta":{"teft_cards_image_url":"","teft_cards_custom_pretitle":"","teft_cards_image_id":1526,"teft_cards_image_focal_point_x":0,"teft_cards_image_focal_point_y":0,"teft_cards_title":"","teft_cards_excerpt":"","teft_show_chapters":false,"author_display_name":"Oslo H\u00f8yre","footnotes":""},"category":[1],"post_tag":[],"hoyre-visibility":[],"article-type":[],"politician":[],"class_list":["post-1740","post","type-post","status-publish","format-standard","hentry","category-nyheter"],"yoast_head":"<!-- This site is optimized with the Yoast SEO Premium plugin v26.5 (Yoast SEO v26.6) - https:\/\/yoast.com\/wordpress\/plugins\/seo\/ -->\n<title>Dr\u00f8mmel\u00e6reren - Oslo H\u00f8yre<\/title>\n<meta name=\"robots\" content=\"index, follow, max-snippet:-1, max-image-preview:large, max-video-preview:-1\" \/>\n<link rel=\"canonical\" href=\"https:\/\/hoyre.no\/oslo\/aktuelt\/drommelaereren\/\" \/>\n<meta property=\"og:locale\" content=\"nb_NO\" \/>\n<meta property=\"og:type\" content=\"article\" \/>\n<meta property=\"og:title\" content=\"Dr\u00f8mmel\u00e6reren\" \/>\n<meta property=\"og:url\" content=\"https:\/\/hoyre.no\/oslo\/aktuelt\/drommelaereren\/\" \/>\n<meta property=\"og:site_name\" content=\"Oslo H\u00f8yre\" \/>\n<meta property=\"article:publisher\" content=\"https:\/\/www.facebook.com\/oslo.hoyre\" \/>\n<meta property=\"article:published_time\" content=\"2014-01-17T14:12:09+00:00\" \/>\n<meta property=\"article:modified_time\" content=\"2022-09-26T13:06:37+00:00\" \/>\n<meta property=\"og:image\" content=\"https:\/\/hoyre.no\/content\/uploads\/sites\/408\/2022\/09\/Elever-klasserom.jpg\" \/>\n\t<meta property=\"og:image:width\" content=\"1024\" \/>\n\t<meta property=\"og:image:height\" content=\"361\" \/>\n\t<meta property=\"og:image:type\" content=\"image\/jpeg\" \/>\n<meta name=\"twitter:card\" content=\"summary_large_image\" \/>\n<meta name=\"twitter:label1\" content=\"Ansl. lesetid\" \/>\n\t<meta name=\"twitter:data1\" content=\"4 minutter\" \/>\n<script type=\"application\/ld+json\" class=\"yoast-schema-graph\">{\"@context\":\"https:\/\/schema.org\",\"@graph\":[{\"@type\":\"Article\",\"@id\":\"https:\/\/hoyre.no\/oslo\/aktuelt\/drommelaereren\/#article\",\"isPartOf\":{\"@id\":\"https:\/\/hoyre.no\/oslo\/aktuelt\/drommelaereren\/\"},\"author\":{\"name\":\"\",\"@id\":\"\"},\"headline\":\"Dr\u00f8mmel\u00e6reren\",\"datePublished\":\"2014-01-17T14:12:09+00:00\",\"dateModified\":\"2022-09-26T13:06:37+00:00\",\"mainEntityOfPage\":{\"@id\":\"https:\/\/hoyre.no\/oslo\/aktuelt\/drommelaereren\/\"},\"wordCount\":768,\"publisher\":{\"@id\":\"https:\/\/hoyre.no\/oslo\/#organization\"},\"image\":{\"@id\":\"https:\/\/hoyre.no\/oslo\/aktuelt\/drommelaereren\/#primaryimage\"},\"thumbnailUrl\":\"https:\/\/hoyre.no\/content\/uploads\/sites\/408\/2022\/09\/Elever-klasserom.jpg\",\"articleSection\":[\"Nyheter\"],\"inLanguage\":\"nb-NO\"},{\"@type\":\"NewsArticle\",\"@id\":\"https:\/\/hoyre.no\/oslo\/aktuelt\/drommelaereren\/\",\"url\":\"https:\/\/hoyre.no\/oslo\/aktuelt\/drommelaereren\/\",\"name\":\"Dr\u00f8mmel\u00e6reren - Oslo H\u00f8yre\",\"isPartOf\":{\"@id\":\"https:\/\/hoyre.no\/oslo\/#website\"},\"image\":{\"@id\":\"https:\/\/hoyre.no\/oslo\/aktuelt\/drommelaereren\/#primaryimage\"},\"thumbnailUrl\":\"https:\/\/hoyre.no\/content\/uploads\/sites\/408\/2022\/09\/Elever-klasserom.jpg\",\"datePublished\":\"2014-01-17T14:12:09+00:00\",\"dateModified\":\"2022-09-26T13:06:37+00:00\",\"breadcrumb\":{\"@id\":\"https:\/\/hoyre.no\/oslo\/aktuelt\/drommelaereren\/#breadcrumb\"},\"inLanguage\":\"nb-NO\",\"potentialAction\":[{\"@type\":\"ReadAction\",\"target\":[\"https:\/\/hoyre.no\/oslo\/aktuelt\/drommelaereren\/\"]}]},{\"@type\":\"ImageObject\",\"inLanguage\":\"nb-NO\",\"@id\":\"https:\/\/hoyre.no\/oslo\/aktuelt\/drommelaereren\/#primaryimage\",\"url\":\"https:\/\/hoyre.no\/content\/uploads\/sites\/408\/2022\/09\/Elever-klasserom.jpg\",\"contentUrl\":\"https:\/\/hoyre.no\/content\/uploads\/sites\/408\/2022\/09\/Elever-klasserom.jpg\",\"width\":1024,\"height\":361,\"caption\":\"Elever\"},{\"@type\":\"BreadcrumbList\",\"@id\":\"https:\/\/hoyre.no\/oslo\/aktuelt\/drommelaereren\/#breadcrumb\",\"itemListElement\":[{\"@type\":\"ListItem\",\"position\":1,\"name\":\"Til hoyre.no\",\"item\":\"https:\/\/hoyre.no\"},{\"@type\":\"ListItem\",\"position\":2,\"name\":\"Hjem\",\"item\":\"https:\/\/hoyre.no\/oslo\/\"},{\"@type\":\"ListItem\",\"position\":3,\"name\":\"Dr\u00f8mmel\u00e6reren\"}]},{\"@type\":\"WebSite\",\"@id\":\"https:\/\/hoyre.no\/oslo\/#website\",\"url\":\"https:\/\/hoyre.no\/oslo\/\",\"name\":\"Oslo H\u00f8yre\",\"description\":\"\",\"publisher\":{\"@id\":\"https:\/\/hoyre.no\/oslo\/#organization\"},\"inLanguage\":\"nb-NO\"},{\"@type\":\"Organization\",\"@id\":\"https:\/\/hoyre.no\/oslo\/#organization\",\"name\":\"Oslo H\u00f8yre\",\"url\":\"https:\/\/hoyre.no\/oslo\/\",\"logo\":{\"@type\":\"ImageObject\",\"inLanguage\":\"nb-NO\",\"@id\":\"https:\/\/hoyre.no\/oslo\/#\/schema\/logo\/image\/\",\"url\":\"https:\/\/hoyre.no\/content\/uploads\/sites\/408\/2022\/11\/Hoyres-logo.png\",\"contentUrl\":\"https:\/\/hoyre.no\/content\/uploads\/sites\/408\/2022\/11\/Hoyres-logo.png\",\"width\":1000,\"height\":1000,\"caption\":\"Oslo H\u00f8yre\"},\"image\":{\"@id\":\"https:\/\/hoyre.no\/oslo\/#\/schema\/logo\/image\/\"},\"sameAs\":[\"https:\/\/www.facebook.com\/oslo.hoyre\"]}]}<\/script>\n<!-- \/ Yoast SEO Premium plugin. -->","yoast_head_json":{"title":"Dr\u00f8mmel\u00e6reren - Oslo H\u00f8yre","robots":{"index":"index","follow":"follow","max-snippet":"max-snippet:-1","max-image-preview":"max-image-preview:large","max-video-preview":"max-video-preview:-1"},"canonical":"https:\/\/hoyre.no\/oslo\/aktuelt\/drommelaereren\/","og_locale":"nb_NO","og_type":"article","og_title":"Dr\u00f8mmel\u00e6reren","og_url":"https:\/\/hoyre.no\/oslo\/aktuelt\/drommelaereren\/","og_site_name":"Oslo H\u00f8yre","article_publisher":"https:\/\/www.facebook.com\/oslo.hoyre","article_published_time":"2014-01-17T14:12:09+00:00","article_modified_time":"2022-09-26T13:06:37+00:00","og_image":[{"width":1024,"height":361,"url":"https:\/\/hoyre.no\/content\/uploads\/sites\/408\/2022\/09\/Elever-klasserom.jpg","type":"image\/jpeg"}],"twitter_card":"summary_large_image","twitter_misc":{"Ansl. lesetid":"4 minutter"},"schema":{"@context":"https:\/\/schema.org","@graph":[{"@type":"Article","@id":"https:\/\/hoyre.no\/oslo\/aktuelt\/drommelaereren\/#article","isPartOf":{"@id":"https:\/\/hoyre.no\/oslo\/aktuelt\/drommelaereren\/"},"author":{"name":"","@id":""},"headline":"Dr\u00f8mmel\u00e6reren","datePublished":"2014-01-17T14:12:09+00:00","dateModified":"2022-09-26T13:06:37+00:00","mainEntityOfPage":{"@id":"https:\/\/hoyre.no\/oslo\/aktuelt\/drommelaereren\/"},"wordCount":768,"publisher":{"@id":"https:\/\/hoyre.no\/oslo\/#organization"},"image":{"@id":"https:\/\/hoyre.no\/oslo\/aktuelt\/drommelaereren\/#primaryimage"},"thumbnailUrl":"https:\/\/hoyre.no\/content\/uploads\/sites\/408\/2022\/09\/Elever-klasserom.jpg","articleSection":["Nyheter"],"inLanguage":"nb-NO"},{"@type":"NewsArticle","@id":"https:\/\/hoyre.no\/oslo\/aktuelt\/drommelaereren\/","url":"https:\/\/hoyre.no\/oslo\/aktuelt\/drommelaereren\/","name":"Dr\u00f8mmel\u00e6reren - Oslo H\u00f8yre","isPartOf":{"@id":"https:\/\/hoyre.no\/oslo\/#website"},"image":{"@id":"https:\/\/hoyre.no\/oslo\/aktuelt\/drommelaereren\/#primaryimage"},"thumbnailUrl":"https:\/\/hoyre.no\/content\/uploads\/sites\/408\/2022\/09\/Elever-klasserom.jpg","datePublished":"2014-01-17T14:12:09+00:00","dateModified":"2022-09-26T13:06:37+00:00","breadcrumb":{"@id":"https:\/\/hoyre.no\/oslo\/aktuelt\/drommelaereren\/#breadcrumb"},"inLanguage":"nb-NO","potentialAction":[{"@type":"ReadAction","target":["https:\/\/hoyre.no\/oslo\/aktuelt\/drommelaereren\/"]}]},{"@type":"ImageObject","inLanguage":"nb-NO","@id":"https:\/\/hoyre.no\/oslo\/aktuelt\/drommelaereren\/#primaryimage","url":"https:\/\/hoyre.no\/content\/uploads\/sites\/408\/2022\/09\/Elever-klasserom.jpg","contentUrl":"https:\/\/hoyre.no\/content\/uploads\/sites\/408\/2022\/09\/Elever-klasserom.jpg","width":1024,"height":361,"caption":"Elever"},{"@type":"BreadcrumbList","@id":"https:\/\/hoyre.no\/oslo\/aktuelt\/drommelaereren\/#breadcrumb","itemListElement":[{"@type":"ListItem","position":1,"name":"Til hoyre.no","item":"https:\/\/hoyre.no"},{"@type":"ListItem","position":2,"name":"Hjem","item":"https:\/\/hoyre.no\/oslo\/"},{"@type":"ListItem","position":3,"name":"Dr\u00f8mmel\u00e6reren"}]},{"@type":"WebSite","@id":"https:\/\/hoyre.no\/oslo\/#website","url":"https:\/\/hoyre.no\/oslo\/","name":"Oslo H\u00f8yre","description":"","publisher":{"@id":"https:\/\/hoyre.no\/oslo\/#organization"},"inLanguage":"nb-NO"},{"@type":"Organization","@id":"https:\/\/hoyre.no\/oslo\/#organization","name":"Oslo H\u00f8yre","url":"https:\/\/hoyre.no\/oslo\/","logo":{"@type":"ImageObject","inLanguage":"nb-NO","@id":"https:\/\/hoyre.no\/oslo\/#\/schema\/logo\/image\/","url":"https:\/\/hoyre.no\/content\/uploads\/sites\/408\/2022\/11\/Hoyres-logo.png","contentUrl":"https:\/\/hoyre.no\/content\/uploads\/sites\/408\/2022\/11\/Hoyres-logo.png","width":1000,"height":1000,"caption":"Oslo H\u00f8yre"},"image":{"@id":"https:\/\/hoyre.no\/oslo\/#\/schema\/logo\/image\/"},"sameAs":["https:\/\/www.facebook.com\/oslo.hoyre"]}]}},"distributor_meta":false,"distributor_terms":false,"distributor_media":false,"distributor_original_site_name":"Oslo H\u00f8yre","distributor_original_site_url":"https:\/\/hoyre.no\/oslo","push-errors":false,"_links":{"self":[{"href":"https:\/\/hoyre.no\/oslo\/wp-json\/wp\/v2\/posts\/1740","targetHints":{"allow":["GET"]}}],"collection":[{"href":"https:\/\/hoyre.no\/oslo\/wp-json\/wp\/v2\/posts"}],"about":[{"href":"https:\/\/hoyre.no\/oslo\/wp-json\/wp\/v2\/types\/post"}],"replies":[{"embeddable":true,"href":"https:\/\/hoyre.no\/oslo\/wp-json\/wp\/v2\/comments?post=1740"}],"version-history":[{"count":1,"href":"https:\/\/hoyre.no\/oslo\/wp-json\/wp\/v2\/posts\/1740\/revisions"}],"predecessor-version":[{"id":2933,"href":"https:\/\/hoyre.no\/oslo\/wp-json\/wp\/v2\/posts\/1740\/revisions\/2933"}],"wp:featuredmedia":[{"embeddable":true,"href":"https:\/\/hoyre.no\/oslo\/wp-json\/wp\/v2\/media\/1526"}],"wp:attachment":[{"href":"https:\/\/hoyre.no\/oslo\/wp-json\/wp\/v2\/media?parent=1740"}],"wp:term":[{"taxonomy":"category","embeddable":true,"href":"https:\/\/hoyre.no\/oslo\/wp-json\/wp\/v2\/category?post=1740"},{"taxonomy":"post_tag","embeddable":true,"href":"https:\/\/hoyre.no\/oslo\/wp-json\/wp\/v2\/post_tag?post=1740"},{"taxonomy":"hoyre-visibility","embeddable":true,"href":"https:\/\/hoyre.no\/oslo\/wp-json\/wp\/v2\/hoyre-visibility?post=1740"},{"taxonomy":"article-type","embeddable":true,"href":"https:\/\/hoyre.no\/oslo\/wp-json\/wp\/v2\/article-type?post=1740"},{"taxonomy":"politician","embeddable":true,"href":"https:\/\/hoyre.no\/oslo\/wp-json\/wp\/v2\/politician?post=1740"}],"curies":[{"name":"wp","href":"https:\/\/api.w.org\/{rel}","templated":true}]}}