{"id":1746,"date":"2013-12-20T11:45:16","date_gmt":"2013-12-20T11:45:16","guid":{"rendered":"https:\/\/hoyre.no\/oslo\/aktuelt\/ol-2022\/"},"modified":"2022-09-26T15:06:38","modified_gmt":"2022-09-26T13:06:38","slug":"ol-2022","status":"publish","type":"post","link":"https:\/\/hoyre.no\/oslo\/aktuelt\/ol-2022\/","title":{"rendered":"Positiv til OL 2022"},"content":{"rendered":"<figure class=\"hoyre-image-wrapper\"><div class=\"hoyre-image\"><img loading=\"lazy\" decoding=\"async\" width=\"1024\" height=\"361\" src=\"https:\/\/hoyre.no\/content\/uploads\/sites\/408\/2022\/09\/Nikolai-Astrup.jpg\" class=\"attachment-scaled size-scaled\" alt=\"Nikolai Astrup\" style=\"object-position: 50% 50%\" srcset=\"https:\/\/hoyre.no\/content\/uploads\/sites\/408\/2022\/09\/Nikolai-Astrup.jpg 1024w, https:\/\/hoyre.no\/content\/uploads\/sites\/408\/2022\/09\/Nikolai-Astrup-300x106.jpg 300w, https:\/\/hoyre.no\/content\/uploads\/sites\/408\/2022\/09\/Nikolai-Astrup-768x271.jpg 768w\" sizes=\"auto, (max-width: 1024px) 100vw, 1024px\" \/><\/div><\/figure><div id=\"hoyre-old-article-content-wrapper\"><p>Positiv kvalitetssikring av OL-s\u00f8knaden<\/p><p><em>Pressemelding fra Oslo kommune og Norges Idrettsforbund, 20. desember 2013<\/em><\/p><p>S\u00f8knad om statstilskudd og statsgaranti for De olympiske og paralympiske leker i Oslo i 2022 er n\u00f8ktern, robust, gjennomf\u00f8rbar, og uten vesentlige svakheter. Det er godt samsvar mellom s\u00f8knaden og kvalitetssikrers rapport. Planene legger vekt p\u00e5 arrangement, idrett og ut\u00f8vere.<\/p><h2>S\u00f8knaden st\u00e5r st\u00f8tt<\/h2><p>\u2013 Vi er godt forn\u00f8yde med at statens eksterne kvalitetssikrer st\u00f8tter opp under og bekrefter beregningene og utredningene i s\u00f8knaden. N\u00e5 har eksterne fagmilj\u00f8er kikket oss i kortene ved to anledninger. Begge gangene har OL-s\u00f8knaden st\u00e5tt st\u00f8tt. Vi har utarbeidet en OL-s\u00f8knad som reflekterer at vi er opptatte av \u00e5 gj\u00f8re de investeringene det er behov for, og gjenbruke det vi kan. Vi skal by p\u00e5 store, gode opplevelser og idretts\u00f8yeblikk, sier byr\u00e5dsleder og leder av s\u00f8kerkomiteen Stian Berger R\u00f8sland.<\/p><h2>N\u00f8ktern, robust, gjennomf\u00f8rbar<\/h2><p>Rapporten beskriver s\u00f8knaden som godt bearbeidet. Den er n\u00f8ktern, robust, gjennomf\u00f8rbar og uten vesentlige svakheter.<\/p><p>Samtidig peker kvalitetssikrer p\u00e5 noen utfordringer som det vil arbeides videre med. Det kan bli flere deltagere enn ansl\u00e5tt, og det er behov for \u00e5 jobbe videre med etterbruk for mediesenteret. S\u00f8knaden ansl\u00e5r offentlige kostnader til 20 &#8211; 23 milliarder. Kvalitetssikrer bekrefter i stor grad disse tallene, men ansl\u00e5r tallene til \u00e5 v\u00e6re fem prosent h\u00f8yere.<\/p><p>B\u00e6rekraftige l\u00f8sninger Oslo kommune har det siste halvannet \u00e5r forberedt seg godt og gjennomf\u00f8rt et grundig og kvalitetssikret utredningsarbeid i forbindelse med s\u00f8knadsprosessen. Med konseptet \u00abGames in the City\u00bb vil Oslo skape kompakte og urbane vinterleker, der alle \u00f8velser med f\u00e5 unntak skal skje i selve byen. De alpine \u00f8velsene samt \u00f8velser for bob, ake og skeleton skal foreg\u00e5 i Lillehammer-regionen. Sentralt for konseptet er enkel tilgjengelighet og skinneg\u00e5ende transport for publikum.<\/p><p>\u2013 Oslo 2022 er et konsept bygget p\u00e5 norsk n\u00f8kternhet, gjenbruk og b\u00e6rekraftige l\u00f8sninger. Kvalitetssikringen viser at det er et konsept som er gjennomf\u00f8rbart \u2013 jeg tror det er et vinnerkonsept. Vinterleker i Norge vil bli en folkefest basert p\u00e5 dugnad, frivillighet, samarbeid og n\u00f8ktern standard. Vi blir ikke med p\u00e5 noen kostnadsspiral, sier OL-byr\u00e5d Hallstein Bjercke.<\/p><p>Sammen med samarbeidskommunene Ringebu, \u00d8yer, Lillehammer, L\u00f8renskog og B\u00e6rum, overleverte Norges idrettsforbund og Oslo kommune 16. juni 2013 s\u00f8knad om statsgaranti og tilskudd for \u00e5 kunne arrangere De olympiske og paralympiske leker i 2022 til Kulturdepartementet. Samtidig gikk startskuddet for den statlige, eksterne kvalitetssikringsarbeidet, gjennomf\u00f8rt av Det Norske Veritas, Advansia og SNF, p\u00e5 oppdrag fra regjeringen ved Kulturdepartementet.<\/p><p>Forn\u00f8yd idrettsbevegelse Oslo kommune og Norges idrettsforbund arbeider i disse dager med Candidature Acceptance Procedure (CAP), den f\u00f8rste s\u00f8knaden som sendes IOC 14. mars 2014., P\u00e5 bakgrunn av denne s\u00f8knaden velger IOC normalt ut tre til fire byer som gis status som \u00abCandidate Cities\u00bb, f\u00f8r det endelige valget kunngj\u00f8res 31. juli 2015 p\u00e5 IOCs kongress i Kuala Lumpur.<\/p><p>\u2013 Vi kan sl\u00e5 fast at regjeringen n\u00e5 har f\u00e5tt det best tenkelige grunnlag for sine vurderinger om Oslo skal f\u00e5 v\u00e6re vertsby for OL og Paralympics i 2022. Hele norsk idrett er glade for dagens fremleggelse. Den gir oss trygghet til \u00e5 vite at regjering og Storting vil fatte sin endelige beslutning om statstilskudd og statsgaranti p\u00e5 et solid faglig fundert grunnlag \u2013 etterpr\u00f8vd av staten selv. Lekene vil gi oppl\u00e6ring og inspirasjon til en ny generasjon frivillige, sier idrettspresident og nestleder i s\u00f8kerkomiteen, B\u00f8rre Rognlien.<\/p><p>En nasjonal begivenhet OL er et av verdens aller st\u00f8rste og mest kompliserte arrangementer. Oslo, som etter 14. november ble formell s\u00f8kerby til De olympiske og paralympiske vinterleker i 2022, vil involvere hele landet i det som kan bli de tredje olympiske leker p\u00e5 norsk jord. I tillegg til investeringene i idrettsanlegg og infrastruktur, skal det investeres i varer og tjenester fra leverand\u00f8rer over hele landet for om lag 15 milliarder kroner.<\/p><p>&#8211; Dette er v\u00e5r tids mulighet til \u00e5 arrangere olympiske og paralympiske leker i Norge, og griper vi muligheten sammen kan det bli et nasjonalt n\u00e6ringslivsl\u00f8ft. Med Oslo 2022 kan vi forme og vise frem fremtidens Norge, sier byr\u00e5dsleder Stian Berger R\u00f8sland.<\/p><h2>Prosessen fremover<\/h2><ul><li>S\u00f8knad til IOC om \u00e5 bli kandidatby: 14. mars 2014<\/li><li>IOC velger kandidatbyer til neste s\u00f8kerrunde: Sommer 2014<\/li><li>Stortinget tar stilling til Oslos s\u00f8knad om statsgaranti: H\u00f8st 2014<\/li><li>Kandidatbyene leverer endelig s\u00f8knad til IOC: Januar 2015<\/li><li>IOC kunngj\u00f8r arrang\u00f8rby for OL og PL 2022 i Kuala Lumpur: 31. juli 2015<\/li><\/ul><p>&nbsp;<\/p><p>&nbsp;<\/p><p><em>Foto: Oslo2022<\/em><\/p>\n<\/div>\n<div class=\"tags\">\n\t<\/div>\n<div class=\"post-footer alignfull has-background block-editor-block-list__block\" data-align=full>\n\t<div class=\"post-footer-inner\">\n\t\t<h3>Relaterte artikler<\/h3>\n\t\t<div class=\"related-content\"><div class=\"is-card-hoyre\">\n\t<div class=\"teft-card hoyre-teft-card post-teft-card\">\n\t\t<a href=\"https:\/\/hoyre.no\/oslo\/aktuelt\/mdg-moralismen-fornekter-seg-ikke\/\" class=\"teft-card__primary-action\">\n\n\t\t\t\t\t<div class=\"teft-card__media teft-card__media--16-9\">\n\t\t\t\t\t\t<img loading=\"lazy\" decoding=\"async\" width=\"768\" height=\"512\" src=\"https:\/\/hoyre.no\/content\/uploads\/sites\/408\/2024\/01\/QZQlxtOC-768x512.jpeg\" class=\"attachment-medium_large size-medium_large\" alt=\"Merete Agerbak-Jensen\" srcset=\"https:\/\/hoyre.no\/content\/uploads\/sites\/408\/2024\/01\/QZQlxtOC-768x512.jpeg 768w, https:\/\/hoyre.no\/content\/uploads\/sites\/408\/2024\/01\/QZQlxtOC-300x200.jpeg 300w, https:\/\/hoyre.no\/content\/uploads\/sites\/408\/2024\/01\/QZQlxtOC-1024x683.jpeg 1024w, https:\/\/hoyre.no\/content\/uploads\/sites\/408\/2024\/01\/QZQlxtOC-1536x1024.jpeg 1536w, https:\/\/hoyre.no\/content\/uploads\/sites\/408\/2024\/01\/QZQlxtOC-2048x1365.jpeg 2048w\" sizes=\"auto, (max-width: 768px) 100vw, 768px\" \/>\t\t<\/div>\n\t\t\n\t\t\t<div class=\"teft-card__content-wrapper\">\n\t\t\t\t<div class=\"teft-card__secondary\">\n\t\t\t\t\t\n\t\t\t\t\t\t\t\t<div class=\"teft-card__meta\">\n\t\t\t\t\t\t\t\t\t<span class=\"post-date\">23. apr 2026<\/span>\n\n\t\t\t\t\t\t\t\t\t\t\t\t\t\t\t\t\t<\/div>\n\t\t\t\t\t\t\t\t\t\t\t<\/div>\n\n\t\t\t\t<div class=\"teft-card__primary\">\n\t\t\t\t\t<h2 class=\"teft-card__title\">MDG-moralismen fornekter seg ikke&nbsp;<span class=\"teft-card__primary-title-append\"><\/span><\/h2>\t\t\t\t<\/div>\n\t\t\t<\/div>\n\t\t<\/a>\n\t<\/div>\n\n\t<\/div><div class=\"is-card-hoyre\">\n\t<div class=\"teft-card hoyre-teft-card post-teft-card\">\n\t\t<a href=\"https:\/\/hoyre.no\/oslo\/aktuelt\/raskere-og-enklere-a-bygge-boliger-og-skape-arbeidsplasser-i-oslo\/\" class=\"teft-card__primary-action\">\n\n\t\t\t\t\t<div class=\"teft-card__media teft-card__media--16-9\">\n\t\t\t\t\t\t<img loading=\"lazy\" decoding=\"async\" width=\"768\" height=\"576\" src=\"https:\/\/hoyre.no\/content\/uploads\/sites\/408\/2026\/04\/Eirik-Lae-Solberg-og-Anita-Leirvik-North-768x576.jpg\" class=\"attachment-medium_large size-medium_large\" alt=\"\" srcset=\"https:\/\/hoyre.no\/content\/uploads\/sites\/408\/2026\/04\/Eirik-Lae-Solberg-og-Anita-Leirvik-North-768x576.jpg 768w, https:\/\/hoyre.no\/content\/uploads\/sites\/408\/2026\/04\/Eirik-Lae-Solberg-og-Anita-Leirvik-North-300x225.jpg 300w, https:\/\/hoyre.no\/content\/uploads\/sites\/408\/2026\/04\/Eirik-Lae-Solberg-og-Anita-Leirvik-North.jpg 901w\" sizes=\"auto, (max-width: 768px) 100vw, 768px\" \/>\t\t<\/div>\n\t\t\n\t\t\t<div class=\"teft-card__content-wrapper\">\n\t\t\t\t<div class=\"teft-card__secondary\">\n\t\t\t\t\t\n\t\t\t\t\t\t\t\t<div class=\"teft-card__meta\">\n\t\t\t\t\t\t\t\t\t<span class=\"post-date\">14. apr 2026<\/span>\n\n\t\t\t\t\t\t\t\t\t<span class=\"post-category\">Har lagt frem ny KPA:<\/span>\t\t\t\t\t\t\t\t<\/div>\n\t\t\t\t\t\t\t\t\t\t\t<\/div>\n\n\t\t\t\t<div class=\"teft-card__primary\">\n\t\t\t\t\t<h2 class=\"teft-card__title\">Raskere og enklere \u00e5 bygge boliger og skape arbeidsplasser i Oslo&nbsp;<span class=\"teft-card__primary-title-append\"><\/span><\/h2>\t\t\t\t<\/div>\n\t\t\t<\/div>\n\t\t<\/a>\n\t<\/div>\n\n\t<\/div><div class=\"is-card-hoyre\">\n\t<div class=\"teft-card hoyre-teft-card post-teft-card\">\n\t\t<a href=\"https:\/\/hoyre.no\/oslo\/aktuelt\/bedre-elevresultater-og-en-skoleokonomi-i-balanse-med-blagront-byrad\/\" class=\"teft-card__primary-action\">\n\n\t\t\t\t\t<div class=\"teft-card__media teft-card__media--16-9\">\n\t\t\t\t\t\t<img loading=\"lazy\" decoding=\"async\" width=\"768\" height=\"512\" src=\"https:\/\/hoyre.no\/content\/uploads\/sites\/408\/2025\/05\/IMG_6440-768x512.jpeg\" class=\"attachment-medium_large size-medium_large\" alt=\"Julie Remen Midtgarden\" srcset=\"https:\/\/hoyre.no\/content\/uploads\/sites\/408\/2025\/05\/IMG_6440-768x512.jpeg 768w, https:\/\/hoyre.no\/content\/uploads\/sites\/408\/2025\/05\/IMG_6440-300x200.jpeg 300w, https:\/\/hoyre.no\/content\/uploads\/sites\/408\/2025\/05\/IMG_6440-1024x683.jpeg 1024w, https:\/\/hoyre.no\/content\/uploads\/sites\/408\/2025\/05\/IMG_6440-1536x1024.jpeg 1536w, https:\/\/hoyre.no\/content\/uploads\/sites\/408\/2025\/05\/IMG_6440-2048x1365.jpeg 2048w\" sizes=\"auto, (max-width: 768px) 100vw, 768px\" \/>\t\t<\/div>\n\t\t\n\t\t\t<div class=\"teft-card__content-wrapper\">\n\t\t\t\t<div class=\"teft-card__secondary\">\n\t\t\t\t\t\n\t\t\t\t\t\t\t\t<div class=\"teft-card__meta\">\n\t\t\t\t\t\t\t\t\t<span class=\"post-date\">26. mar 2026<\/span>\n\n\t\t\t\t\t\t\t\t\t\t\t\t\t\t\t\t\t<\/div>\n\t\t\t\t\t\t\t\t\t\t\t<\/div>\n\n\t\t\t\t<div class=\"teft-card__primary\">\n\t\t\t\t\t<h2 class=\"teft-card__title\">Bedre elevresultater og en skole\u00f8konomi i balanse med bl\u00e5gr\u00f8nt byr\u00e5d&nbsp;<span class=\"teft-card__primary-title-append\"><\/span><\/h2>\t\t\t\t<\/div>\n\t\t\t<\/div>\n\t\t<\/a>\n\t<\/div>\n\n\t<\/div><\/div>\t<\/div>\n<\/div>\n","protected":false},"excerpt":{"rendered":"","protected":false},"author":0,"featured_media":0,"comment_status":"closed","ping_status":"open","sticky":false,"template":"","format":"standard","meta":{"teft_cards_image_url":"","teft_cards_custom_pretitle":"","teft_cards_image_id":0,"teft_cards_image_focal_point_x":0,"teft_cards_image_focal_point_y":0,"teft_cards_title":"","teft_cards_excerpt":"","teft_show_chapters":false,"author_display_name":"Oslo H\u00f8yre","footnotes":""},"category":[1],"post_tag":[],"hoyre-visibility":[],"article-type":[],"politician":[],"class_list":["post-1746","post","type-post","status-publish","format-standard","hentry","category-nyheter"],"yoast_head":"<!-- This site is optimized with the Yoast SEO Premium plugin v26.5 (Yoast SEO v26.6) - https:\/\/yoast.com\/wordpress\/plugins\/seo\/ -->\n<title>Positiv til OL 2022 - Oslo H\u00f8yre<\/title>\n<meta name=\"robots\" content=\"index, follow, max-snippet:-1, max-image-preview:large, max-video-preview:-1\" \/>\n<link rel=\"canonical\" href=\"https:\/\/hoyre.no\/oslo\/aktuelt\/ol-2022\/\" \/>\n<meta property=\"og:locale\" content=\"nb_NO\" \/>\n<meta property=\"og:type\" content=\"article\" \/>\n<meta property=\"og:title\" content=\"Positiv til OL 2022\" \/>\n<meta property=\"og:url\" content=\"https:\/\/hoyre.no\/oslo\/aktuelt\/ol-2022\/\" \/>\n<meta property=\"og:site_name\" content=\"Oslo H\u00f8yre\" \/>\n<meta property=\"article:publisher\" content=\"https:\/\/www.facebook.com\/oslo.hoyre\" \/>\n<meta property=\"article:published_time\" content=\"2013-12-20T11:45:16+00:00\" \/>\n<meta property=\"article:modified_time\" content=\"2022-09-26T13:06:38+00:00\" \/>\n<meta property=\"og:image\" content=\"https:\/\/hoyre.no\/content\/uploads\/sites\/408\/2022\/11\/Hoyres-logo.png\" \/>\n\t<meta property=\"og:image:width\" content=\"1000\" \/>\n\t<meta property=\"og:image:height\" content=\"1000\" \/>\n\t<meta property=\"og:image:type\" content=\"image\/png\" \/>\n<meta name=\"twitter:card\" content=\"summary_large_image\" \/>\n<meta name=\"twitter:label1\" content=\"Ansl. lesetid\" \/>\n\t<meta name=\"twitter:data1\" content=\"4 minutter\" \/>\n<script type=\"application\/ld+json\" class=\"yoast-schema-graph\">{\"@context\":\"https:\/\/schema.org\",\"@graph\":[{\"@type\":\"Article\",\"@id\":\"https:\/\/hoyre.no\/oslo\/aktuelt\/ol-2022\/#article\",\"isPartOf\":{\"@id\":\"https:\/\/hoyre.no\/oslo\/aktuelt\/ol-2022\/\"},\"author\":{\"name\":\"\",\"@id\":\"\"},\"headline\":\"Positiv til OL 2022\",\"datePublished\":\"2013-12-20T11:45:16+00:00\",\"dateModified\":\"2022-09-26T13:06:38+00:00\",\"mainEntityOfPage\":{\"@id\":\"https:\/\/hoyre.no\/oslo\/aktuelt\/ol-2022\/\"},\"wordCount\":765,\"publisher\":{\"@id\":\"https:\/\/hoyre.no\/oslo\/#organization\"},\"articleSection\":[\"Nyheter\"],\"inLanguage\":\"nb-NO\"},{\"@type\":\"NewsArticle\",\"@id\":\"https:\/\/hoyre.no\/oslo\/aktuelt\/ol-2022\/\",\"url\":\"https:\/\/hoyre.no\/oslo\/aktuelt\/ol-2022\/\",\"name\":\"Positiv til OL 2022 - Oslo H\u00f8yre\",\"isPartOf\":{\"@id\":\"https:\/\/hoyre.no\/oslo\/#website\"},\"datePublished\":\"2013-12-20T11:45:16+00:00\",\"dateModified\":\"2022-09-26T13:06:38+00:00\",\"breadcrumb\":{\"@id\":\"https:\/\/hoyre.no\/oslo\/aktuelt\/ol-2022\/#breadcrumb\"},\"inLanguage\":\"nb-NO\",\"potentialAction\":[{\"@type\":\"ReadAction\",\"target\":[\"https:\/\/hoyre.no\/oslo\/aktuelt\/ol-2022\/\"]}]},{\"@type\":\"BreadcrumbList\",\"@id\":\"https:\/\/hoyre.no\/oslo\/aktuelt\/ol-2022\/#breadcrumb\",\"itemListElement\":[{\"@type\":\"ListItem\",\"position\":1,\"name\":\"Til hoyre.no\",\"item\":\"https:\/\/hoyre.no\"},{\"@type\":\"ListItem\",\"position\":2,\"name\":\"Hjem\",\"item\":\"https:\/\/hoyre.no\/oslo\/\"},{\"@type\":\"ListItem\",\"position\":3,\"name\":\"Positiv til OL 2022\"}]},{\"@type\":\"WebSite\",\"@id\":\"https:\/\/hoyre.no\/oslo\/#website\",\"url\":\"https:\/\/hoyre.no\/oslo\/\",\"name\":\"Oslo H\u00f8yre\",\"description\":\"\",\"publisher\":{\"@id\":\"https:\/\/hoyre.no\/oslo\/#organization\"},\"inLanguage\":\"nb-NO\"},{\"@type\":\"Organization\",\"@id\":\"https:\/\/hoyre.no\/oslo\/#organization\",\"name\":\"Oslo H\u00f8yre\",\"url\":\"https:\/\/hoyre.no\/oslo\/\",\"logo\":{\"@type\":\"ImageObject\",\"inLanguage\":\"nb-NO\",\"@id\":\"https:\/\/hoyre.no\/oslo\/#\/schema\/logo\/image\/\",\"url\":\"https:\/\/hoyre.no\/content\/uploads\/sites\/408\/2022\/11\/Hoyres-logo.png\",\"contentUrl\":\"https:\/\/hoyre.no\/content\/uploads\/sites\/408\/2022\/11\/Hoyres-logo.png\",\"width\":1000,\"height\":1000,\"caption\":\"Oslo H\u00f8yre\"},\"image\":{\"@id\":\"https:\/\/hoyre.no\/oslo\/#\/schema\/logo\/image\/\"},\"sameAs\":[\"https:\/\/www.facebook.com\/oslo.hoyre\"]}]}<\/script>\n<!-- \/ Yoast SEO Premium plugin. -->","yoast_head_json":{"title":"Positiv til OL 2022 - Oslo H\u00f8yre","robots":{"index":"index","follow":"follow","max-snippet":"max-snippet:-1","max-image-preview":"max-image-preview:large","max-video-preview":"max-video-preview:-1"},"canonical":"https:\/\/hoyre.no\/oslo\/aktuelt\/ol-2022\/","og_locale":"nb_NO","og_type":"article","og_title":"Positiv til OL 2022","og_url":"https:\/\/hoyre.no\/oslo\/aktuelt\/ol-2022\/","og_site_name":"Oslo H\u00f8yre","article_publisher":"https:\/\/www.facebook.com\/oslo.hoyre","article_published_time":"2013-12-20T11:45:16+00:00","article_modified_time":"2022-09-26T13:06:38+00:00","og_image":[{"width":1000,"height":1000,"url":"https:\/\/hoyre.no\/content\/uploads\/sites\/408\/2022\/11\/Hoyres-logo.png","type":"image\/png"}],"twitter_card":"summary_large_image","twitter_misc":{"Ansl. lesetid":"4 minutter"},"schema":{"@context":"https:\/\/schema.org","@graph":[{"@type":"Article","@id":"https:\/\/hoyre.no\/oslo\/aktuelt\/ol-2022\/#article","isPartOf":{"@id":"https:\/\/hoyre.no\/oslo\/aktuelt\/ol-2022\/"},"author":{"name":"","@id":""},"headline":"Positiv til OL 2022","datePublished":"2013-12-20T11:45:16+00:00","dateModified":"2022-09-26T13:06:38+00:00","mainEntityOfPage":{"@id":"https:\/\/hoyre.no\/oslo\/aktuelt\/ol-2022\/"},"wordCount":765,"publisher":{"@id":"https:\/\/hoyre.no\/oslo\/#organization"},"articleSection":["Nyheter"],"inLanguage":"nb-NO"},{"@type":"NewsArticle","@id":"https:\/\/hoyre.no\/oslo\/aktuelt\/ol-2022\/","url":"https:\/\/hoyre.no\/oslo\/aktuelt\/ol-2022\/","name":"Positiv til OL 2022 - Oslo H\u00f8yre","isPartOf":{"@id":"https:\/\/hoyre.no\/oslo\/#website"},"datePublished":"2013-12-20T11:45:16+00:00","dateModified":"2022-09-26T13:06:38+00:00","breadcrumb":{"@id":"https:\/\/hoyre.no\/oslo\/aktuelt\/ol-2022\/#breadcrumb"},"inLanguage":"nb-NO","potentialAction":[{"@type":"ReadAction","target":["https:\/\/hoyre.no\/oslo\/aktuelt\/ol-2022\/"]}]},{"@type":"BreadcrumbList","@id":"https:\/\/hoyre.no\/oslo\/aktuelt\/ol-2022\/#breadcrumb","itemListElement":[{"@type":"ListItem","position":1,"name":"Til hoyre.no","item":"https:\/\/hoyre.no"},{"@type":"ListItem","position":2,"name":"Hjem","item":"https:\/\/hoyre.no\/oslo\/"},{"@type":"ListItem","position":3,"name":"Positiv til OL 2022"}]},{"@type":"WebSite","@id":"https:\/\/hoyre.no\/oslo\/#website","url":"https:\/\/hoyre.no\/oslo\/","name":"Oslo H\u00f8yre","description":"","publisher":{"@id":"https:\/\/hoyre.no\/oslo\/#organization"},"inLanguage":"nb-NO"},{"@type":"Organization","@id":"https:\/\/hoyre.no\/oslo\/#organization","name":"Oslo H\u00f8yre","url":"https:\/\/hoyre.no\/oslo\/","logo":{"@type":"ImageObject","inLanguage":"nb-NO","@id":"https:\/\/hoyre.no\/oslo\/#\/schema\/logo\/image\/","url":"https:\/\/hoyre.no\/content\/uploads\/sites\/408\/2022\/11\/Hoyres-logo.png","contentUrl":"https:\/\/hoyre.no\/content\/uploads\/sites\/408\/2022\/11\/Hoyres-logo.png","width":1000,"height":1000,"caption":"Oslo H\u00f8yre"},"image":{"@id":"https:\/\/hoyre.no\/oslo\/#\/schema\/logo\/image\/"},"sameAs":["https:\/\/www.facebook.com\/oslo.hoyre"]}]}},"distributor_meta":false,"distributor_terms":false,"distributor_media":false,"distributor_original_site_name":"Oslo H\u00f8yre","distributor_original_site_url":"https:\/\/hoyre.no\/oslo","push-errors":false,"_links":{"self":[{"href":"https:\/\/hoyre.no\/oslo\/wp-json\/wp\/v2\/posts\/1746","targetHints":{"allow":["GET"]}}],"collection":[{"href":"https:\/\/hoyre.no\/oslo\/wp-json\/wp\/v2\/posts"}],"about":[{"href":"https:\/\/hoyre.no\/oslo\/wp-json\/wp\/v2\/types\/post"}],"replies":[{"embeddable":true,"href":"https:\/\/hoyre.no\/oslo\/wp-json\/wp\/v2\/comments?post=1746"}],"version-history":[{"count":1,"href":"https:\/\/hoyre.no\/oslo\/wp-json\/wp\/v2\/posts\/1746\/revisions"}],"predecessor-version":[{"id":2938,"href":"https:\/\/hoyre.no\/oslo\/wp-json\/wp\/v2\/posts\/1746\/revisions\/2938"}],"wp:attachment":[{"href":"https:\/\/hoyre.no\/oslo\/wp-json\/wp\/v2\/media?parent=1746"}],"wp:term":[{"taxonomy":"category","embeddable":true,"href":"https:\/\/hoyre.no\/oslo\/wp-json\/wp\/v2\/category?post=1746"},{"taxonomy":"post_tag","embeddable":true,"href":"https:\/\/hoyre.no\/oslo\/wp-json\/wp\/v2\/post_tag?post=1746"},{"taxonomy":"hoyre-visibility","embeddable":true,"href":"https:\/\/hoyre.no\/oslo\/wp-json\/wp\/v2\/hoyre-visibility?post=1746"},{"taxonomy":"article-type","embeddable":true,"href":"https:\/\/hoyre.no\/oslo\/wp-json\/wp\/v2\/article-type?post=1746"},{"taxonomy":"politician","embeddable":true,"href":"https:\/\/hoyre.no\/oslo\/wp-json\/wp\/v2\/politician?post=1746"}],"curies":[{"name":"wp","href":"https:\/\/api.w.org\/{rel}","templated":true}]}}