{"id":1748,"date":"2013-12-18T17:34:35","date_gmt":"2013-12-18T17:34:35","guid":{"rendered":"https:\/\/hoyre.no\/oslo\/aktuelt\/skolebehovsplanen\/"},"modified":"2022-09-26T15:06:39","modified_gmt":"2022-09-26T13:06:39","slug":"skolebehovsplanen","status":"publish","type":"post","link":"https:\/\/hoyre.no\/oslo\/aktuelt\/skolebehovsplanen\/","title":{"rendered":"Skolebehovsplanen"},"content":{"rendered":"<figure class=\"hoyre-image-wrapper\"><div class=\"hoyre-image\"><img loading=\"lazy\" decoding=\"async\" width=\"1024\" height=\"361\" src=\"https:\/\/hoyre.no\/content\/uploads\/sites\/408\/2022\/09\/Nikolai-Astrup.jpg\" class=\"attachment-scaled size-scaled\" alt=\"Nikolai Astrup\" style=\"object-position: 50% 50%\" srcset=\"https:\/\/hoyre.no\/content\/uploads\/sites\/408\/2022\/09\/Nikolai-Astrup.jpg 1024w, https:\/\/hoyre.no\/content\/uploads\/sites\/408\/2022\/09\/Nikolai-Astrup-300x106.jpg 300w, https:\/\/hoyre.no\/content\/uploads\/sites\/408\/2022\/09\/Nikolai-Astrup-768x271.jpg 768w\" sizes=\"auto, (max-width: 1024px) 100vw, 1024px\" \/><\/div><\/figure><div id=\"hoyre-old-article-content-wrapper\"><p>Bystyrenytt:\u00a0Skolebehovsplan 2014-2024 er vedtatt.<\/p><p>Bystyret vedtok skolebehovsplanen 2014-2024 onsdag ettermiddag. Byr\u00e5dets helhetlige plan ble vedtatt med noen tillegg fra opposisjonen.\u00a0Skolebehovsplanen 2014-2024 gir en oversikt over forventet behov for skoleplasser i planperioden b\u00e5de for grunnskolen og den videreg\u00e5ende skolen.<\/p><h2>Stadig flere elever<\/h2><p>Oslo er i den gledelige situasjonen der det er flere og flere foreldre og foresatte som \u00f8nsker at barna deres skal g\u00e5 p\u00e5 landets beste skole, Oslo-skolen. H\u00f8yre har i arbeidet med skolebehovsplanen v\u00e6rt opptatt av \u00e5 formidle at planen er et overordnet og langsiktig verkt\u00f8y for \u00e5 v\u00e6re forberedt p\u00e5 fremtidens skoleutfordringer. Oslo er ogs\u00e5 s\u00e5 heldige at det ikke snakkes om skolenedleggelser fordi man mangler elever, men om hvor og n\u00e5r det skal bygges og utvides f\u00f8rst rundt i Oslo n\u00e5r man f\u00e5r mange nye elever. Skoler m\u00e5 rustes opp, skoler m\u00e5 endres og nye skoler m\u00e5 komme til.<\/p><p>&#8211; Oslos skolebehovsplan for perioden 2014-2024 er et av de aller viktigste dokumentene bystyret behandler, og arbeidet med fremtidige skolebehovsplaner er allerede i gang p\u00e5 administrativt niv\u00e5, sa H\u00f8yres Carl Henrik Bastiansen i bystyredebatten.<\/p><h2>Ingen perfekte l\u00f8sninger<\/h2><p>-Barna som skal begynne p\u00e5 skolen i slutten av planperioden er enn\u00e5 ikke unnfanget, f\u00f8dt, og kanskje ikke p\u00e5tenkt. Da er det vanskelig \u00e5 si noe konkret om hvordan elevtallet blir p\u00e5 den enkelte skole i fremtiden. Tallfesting blir derfor en kalkulert risiko hvor f\u00f8dselsrater, barnehagetall, skoleinnskrivningstall og flyttem\u00f8nster gj\u00f8r en perfekt og optimal l\u00f8sning n\u00e6r umulig \u00e5 finne sa Bastiansen.<\/p><p>Han understreket at bakgrunnstallene kan svinge s\u00e5pass mye i l\u00f8pet av f\u00e5 \u00e5r at det er n\u00f8dvendig \u00e5 ha planer for skoler som ikke ligger inne i planen p\u00e5 dette tidspunktet, men som kanskje har ligget inne tidligere eller akkurat faller utenfor ved denne korsvei. Derfor er det viktig \u00e5 ligge i forkant, slik at eventuelle forsinkelser unng\u00e5s dersom behovet skulle bli gjeldende i n\u00e6r fremtid poengterte H\u00f8yres representanter i debatten.<\/p><h2>Ishall p\u00e5 Frogner<\/h2><p>Som en del av budsjettforliket mellom H\u00f8yre, Venstre, Kristelig folkeparti og Fremskrittspartiet er det enighet om b\u00e5de ishall og flerbrukshall ved Frogner stadion.<\/p><p>H\u00f8yre ser derfor ikke gode nok grunner til \u00e5 gjennomf\u00f8re nye utredninger om en flerbrukshall p\u00e5 Uranienborg som uansett vil bli sv\u00e6rt dyr, ettersom hallen m\u00e5 graves ned i bakken. En flerbrukshall i prisklassen 150-250 millioner for bare Uranienborg kan ikke H\u00f8yre forsvare, spesielt n\u00e5r det er behov flere steder og n\u00e5r man kan bygge minst fem flerbrukshaller i Oslo for prisen av denne ene. Bystyret har vedtatt \u00e5 opprettholde Uranienborg som 1-10 skole, og H\u00f8yre mener man m\u00e5 finne gode l\u00f8sninger for at elevene skal ha tilgang p\u00e5 arealer egnet for fysisk aktivitet. En ny ishall\/flerbrukshall p\u00e5 Frogner Stadion b\u00f8r kunne tjene elevene ved skolen og mange andre brukere.<\/p><h2>Ny ungdomsskole i Ullern bydel<\/h2><p>Opposisjonen \u00f8nsket \u00e5 komme i gang med etablering av en ny ungdomsskole i Ullern bydel hvor den tyske og franske skolen innlemmes, og fremmet forslag om dette. Imidlertid er det ikke per i dag noe tilstrekkelig elevgrunnlag for \u00e5 bygge en slik skole p\u00e5 Ullern. H\u00f8yre valgte i stedet \u00e5 fremme et forslag sammen med Venstre og KrF om at byr\u00e5det fortl\u00f8pende vurdere det fremtidige skolebehovet i Ullern\/Sk\u00f8yenomr\u00e5det, herunder ogs\u00e5 behov for tomtekj\u00f8p.<\/p><h2>Bygd\u00f8y, Ullev\u00e5l, Hasle og Marienlyst<\/h2><p>Bystyret var enige om viktigheten av at kommende og \u00f8kende behov for gymsal eller flerbrukshall i forbindelse med Ullev\u00e5l skole og Berg skole blir l\u00f8st p\u00e5 raskest mulig og billigst mulig m\u00e5te. Alle var ogs\u00e5 enige om at det er viktig \u00e5 fortsette arbeidet med planer for utvidelse av Bygd\u00f8y skole, slik at man er beredt den dagen det er et behov. En eventuell forsinkelse utover 2016 vil v\u00e6re problematisk dersom elevtallet allerede i 2015 viser at skolens kapasitet er full. Bystyret ba ogs\u00e5 byr\u00e5det \u00e5 f\u00f8lge situasjonen p\u00e5 Hasle skole n\u00f8ye slik at n\u00f8dvendige behov blir dekket. Et flertall vedtok ogs\u00e5 \u00e5 se n\u00e6rmere p\u00e5 utvidelser ved Marienlyst skole.\u00a0Alle var ogs\u00e5 enige om at det er viktig \u00e5 fortsette arbeidet med planer for utvidelse av Bygd\u00f8y skole slik at man ikke mister muligheten for \u00e5 ferdigstille et tilbygg i 2016.<\/p><h2>Fakta om skolebehovsplanen:<\/h2><ul><li>Skolebehovsplanen 2014-2024 gir en oversikt over forventet behov for skoleplasser i planperioden b\u00e5de for grunnskolen og den videreg\u00e5ende skolen.<\/li><li>Skolebehovsplanen, som rulleres hvert annet \u00e5r, viser Oslos behov for skoleplasser for de neste ti \u00e5rene og foresl\u00e5r hvordan dette behovet skal m\u00f8tes.<\/li><li>Elevtallsfremskrivningene, som bygger p\u00e5 Oslo kommunes befolkningsframskrivinger for de enkelte skoleinntaksomr\u00e5dene, viser en samlet elevtalls\u00f8kning i Oslo p\u00e5 rundt 14 700 elever frem mot 2024: 11 650 i grunnskolen og 3 050 i den videreg\u00e5ende skolen. Dette er en noe lavere vekst enn fremskrivningene fra de tre foreg\u00e5ende \u00e5rene har vist.<\/li><\/ul><h2>F\u00f8lgende vedtak ble gjort av bystyret til skolebehovsplanen:<\/h2><p><em>H\u00f8yre st\u00f8ttet forslagene 1-5 og 9.<\/em><\/p><ol><li>Bystyret ber byr\u00e5det fortl\u00f8pende vurdere det fremtidige skolebehovet i Ullern\/Sk\u00f8yenomr\u00e5det, herunder ogs\u00e5 behov for tomtekj\u00f8p.<\/li><li>Bystyret ber byr\u00e5det vurdere tiltak for \u00e5 unng\u00e5 hyppige endringer av skolegrenser. Det b\u00f8r etterstrebes mest mulig forutsigbarhet, og at informasjonen til ber\u00f8rte elever og foresatte m\u00e5 v\u00e6re god.<\/li><li>Bystyret ber byr\u00e5det sikre at skolenes funksjon som lokale kulturhus ivaretas i\u00a0framtidige skolebehovsplaner, og at det tilrettelegges for dette i et tidlig stadium n\u00e5rnye skoler planlegges og st\u00f8rre rehabiliteringer skal gjennomf\u00f8res.<\/li><li>Bystyret ber byr\u00e5det i hver enkelt utbygging vurdere bygging av flerbrukshall fremfor gymsal.<\/li><li>Bystyret ber byr\u00e5det sikre trygge skoleveier i utbygging av skoler.<\/li><li>Byr\u00e5det bes sikre at det ved utbygging og planer for kapasitetsutnyttelse skal sikres arealer som ivaretar retten til \u00e5 g\u00e5 p\u00e5 n\u00e6rskolen for elever med s\u00e6rskilte behov, slik som autisme, multifunksjonshemming og psykisk utviklingshemming.<\/li><li>Prosjekteringen av Hasle skole gj\u00f8res ferdig, og byr\u00e5det bes legge fram sak om behovet for utvidelse og rehabilitering av skolen.<\/li><li>Bystyret ber byr\u00e5det om \u00e5 vurdere tomteervervelse for en ny skole i Sagene.<\/li><li>Byr\u00e5det bes vurdere behovet for b\u00e5de utvidelse og rehabilitering ved Slemdal skole. Byr\u00e5det bes spesielt vurdere utvidelsen av skolen som er utarbeidet p\u00e5 vegne av FAU ved skolen.<\/li><li>Byr\u00e5det bes utrede mulighetene for et samarbeid med den tyske og\/eller franske skolen om et skoleprosjekt i Sk\u00f8yenomr\u00e5det.<\/li><li>Bystyret ber byr\u00e5det sikre prosjektering av flerbrukshall tilknyttet Tokerud skole, L\u00f8ren skole, \u00c5rvoll skole, Vollebekk skole og Refstad skole.<\/li><li>Det utredes om og hvordan den tidligere Rektorboligen kan tas i bruk for \u00e5 utvide kapasiteten ved Abilds\u00f8 skole.<\/li><li>Bystyret ber byr\u00e5det utrede hvordan kapasiteten p\u00e5 barnetrinnet ved Marienlyst skole kan \u00f8kes slik at skolen forblir midtpunktet i et naturlig lokalmilj\u00f8 med trygg skolevei. Utredningen skal inkludere, men ikke begrenses til, f\u00f8lgende muligheter for \u00e5 \u00f8ke kapasiteten. Utnytte tomten til Blindernveien skole som skal flyttes. Flytte deler av ungdomstrinnene ved Marienlyst til nye Fagerborg ungdomsskole n\u00e5r den st\u00e5r ferdig i 2015. Flytte barnehagen i eksisterende skolebygg slik at anlegget kan utnyttes fullt ut til skoleform\u00e5l.<\/li><li>Bystyret ber byr\u00e5det vurdere hvordan kapasiteten ved Marienlyst skole kan \u00f8kes allerede fra skolestart 2014, eksempelvis ved midlertidig paviljong.<\/li><li>Bystyret ber byr\u00e5det vurdere de forslag som skolens FAU har fremmet for utbygging av Uranienborg skole og fremlegge notat om dette for bystyret.<\/li><\/ol><p>&nbsp;<\/p><p><em>Foto: colourbox.com<\/em><\/p>\n<\/div>\n<div class=\"tags\">\n\t<\/div>\n<div class=\"post-footer alignfull has-background block-editor-block-list__block\" data-align=full>\n\t<div class=\"post-footer-inner\">\n\t\t<h3>Relaterte artikler<\/h3>\n\t\t<div class=\"related-content\"><div class=\"is-card-hoyre\">\n\t<div class=\"teft-card hoyre-teft-card post-teft-card\">\n\t\t<a href=\"https:\/\/hoyre.no\/oslo\/aktuelt\/mdg-moralismen-fornekter-seg-ikke\/\" class=\"teft-card__primary-action\">\n\n\t\t\t\t\t<div class=\"teft-card__media teft-card__media--16-9\">\n\t\t\t\t\t\t<img loading=\"lazy\" decoding=\"async\" width=\"768\" height=\"512\" src=\"https:\/\/hoyre.no\/content\/uploads\/sites\/408\/2024\/01\/QZQlxtOC-768x512.jpeg\" class=\"attachment-medium_large size-medium_large\" alt=\"Merete Agerbak-Jensen\" srcset=\"https:\/\/hoyre.no\/content\/uploads\/sites\/408\/2024\/01\/QZQlxtOC-768x512.jpeg 768w, https:\/\/hoyre.no\/content\/uploads\/sites\/408\/2024\/01\/QZQlxtOC-300x200.jpeg 300w, https:\/\/hoyre.no\/content\/uploads\/sites\/408\/2024\/01\/QZQlxtOC-1024x683.jpeg 1024w, https:\/\/hoyre.no\/content\/uploads\/sites\/408\/2024\/01\/QZQlxtOC-1536x1024.jpeg 1536w, https:\/\/hoyre.no\/content\/uploads\/sites\/408\/2024\/01\/QZQlxtOC-2048x1365.jpeg 2048w\" sizes=\"auto, (max-width: 768px) 100vw, 768px\" \/>\t\t<\/div>\n\t\t\n\t\t\t<div class=\"teft-card__content-wrapper\">\n\t\t\t\t<div class=\"teft-card__secondary\">\n\t\t\t\t\t\n\t\t\t\t\t\t\t\t<div class=\"teft-card__meta\">\n\t\t\t\t\t\t\t\t\t<span class=\"post-date\">23. apr 2026<\/span>\n\n\t\t\t\t\t\t\t\t\t\t\t\t\t\t\t\t\t<\/div>\n\t\t\t\t\t\t\t\t\t\t\t<\/div>\n\n\t\t\t\t<div class=\"teft-card__primary\">\n\t\t\t\t\t<h2 class=\"teft-card__title\">MDG-moralismen fornekter seg ikke&nbsp;<span class=\"teft-card__primary-title-append\"><\/span><\/h2>\t\t\t\t<\/div>\n\t\t\t<\/div>\n\t\t<\/a>\n\t<\/div>\n\n\t<\/div><div class=\"is-card-hoyre\">\n\t<div class=\"teft-card hoyre-teft-card post-teft-card\">\n\t\t<a href=\"https:\/\/hoyre.no\/oslo\/aktuelt\/raskere-og-enklere-a-bygge-boliger-og-skape-arbeidsplasser-i-oslo\/\" class=\"teft-card__primary-action\">\n\n\t\t\t\t\t<div class=\"teft-card__media teft-card__media--16-9\">\n\t\t\t\t\t\t<img loading=\"lazy\" decoding=\"async\" width=\"768\" height=\"576\" src=\"https:\/\/hoyre.no\/content\/uploads\/sites\/408\/2026\/04\/Eirik-Lae-Solberg-og-Anita-Leirvik-North-768x576.jpg\" class=\"attachment-medium_large size-medium_large\" alt=\"\" srcset=\"https:\/\/hoyre.no\/content\/uploads\/sites\/408\/2026\/04\/Eirik-Lae-Solberg-og-Anita-Leirvik-North-768x576.jpg 768w, https:\/\/hoyre.no\/content\/uploads\/sites\/408\/2026\/04\/Eirik-Lae-Solberg-og-Anita-Leirvik-North-300x225.jpg 300w, https:\/\/hoyre.no\/content\/uploads\/sites\/408\/2026\/04\/Eirik-Lae-Solberg-og-Anita-Leirvik-North.jpg 901w\" sizes=\"auto, (max-width: 768px) 100vw, 768px\" \/>\t\t<\/div>\n\t\t\n\t\t\t<div class=\"teft-card__content-wrapper\">\n\t\t\t\t<div class=\"teft-card__secondary\">\n\t\t\t\t\t\n\t\t\t\t\t\t\t\t<div class=\"teft-card__meta\">\n\t\t\t\t\t\t\t\t\t<span class=\"post-date\">14. apr 2026<\/span>\n\n\t\t\t\t\t\t\t\t\t<span class=\"post-category\">Har lagt frem ny KPA:<\/span>\t\t\t\t\t\t\t\t<\/div>\n\t\t\t\t\t\t\t\t\t\t\t<\/div>\n\n\t\t\t\t<div class=\"teft-card__primary\">\n\t\t\t\t\t<h2 class=\"teft-card__title\">Raskere og enklere \u00e5 bygge boliger og skape arbeidsplasser i Oslo&nbsp;<span class=\"teft-card__primary-title-append\"><\/span><\/h2>\t\t\t\t<\/div>\n\t\t\t<\/div>\n\t\t<\/a>\n\t<\/div>\n\n\t<\/div><div class=\"is-card-hoyre\">\n\t<div class=\"teft-card hoyre-teft-card post-teft-card\">\n\t\t<a href=\"https:\/\/hoyre.no\/oslo\/aktuelt\/bedre-elevresultater-og-en-skoleokonomi-i-balanse-med-blagront-byrad\/\" class=\"teft-card__primary-action\">\n\n\t\t\t\t\t<div class=\"teft-card__media teft-card__media--16-9\">\n\t\t\t\t\t\t<img loading=\"lazy\" decoding=\"async\" width=\"768\" height=\"512\" src=\"https:\/\/hoyre.no\/content\/uploads\/sites\/408\/2025\/05\/IMG_6440-768x512.jpeg\" class=\"attachment-medium_large size-medium_large\" alt=\"Julie Remen Midtgarden\" srcset=\"https:\/\/hoyre.no\/content\/uploads\/sites\/408\/2025\/05\/IMG_6440-768x512.jpeg 768w, https:\/\/hoyre.no\/content\/uploads\/sites\/408\/2025\/05\/IMG_6440-300x200.jpeg 300w, https:\/\/hoyre.no\/content\/uploads\/sites\/408\/2025\/05\/IMG_6440-1024x683.jpeg 1024w, https:\/\/hoyre.no\/content\/uploads\/sites\/408\/2025\/05\/IMG_6440-1536x1024.jpeg 1536w, https:\/\/hoyre.no\/content\/uploads\/sites\/408\/2025\/05\/IMG_6440-2048x1365.jpeg 2048w\" sizes=\"auto, (max-width: 768px) 100vw, 768px\" \/>\t\t<\/div>\n\t\t\n\t\t\t<div class=\"teft-card__content-wrapper\">\n\t\t\t\t<div class=\"teft-card__secondary\">\n\t\t\t\t\t\n\t\t\t\t\t\t\t\t<div class=\"teft-card__meta\">\n\t\t\t\t\t\t\t\t\t<span class=\"post-date\">26. mar 2026<\/span>\n\n\t\t\t\t\t\t\t\t\t\t\t\t\t\t\t\t\t<\/div>\n\t\t\t\t\t\t\t\t\t\t\t<\/div>\n\n\t\t\t\t<div class=\"teft-card__primary\">\n\t\t\t\t\t<h2 class=\"teft-card__title\">Bedre elevresultater og en skole\u00f8konomi i balanse med bl\u00e5gr\u00f8nt byr\u00e5d&nbsp;<span class=\"teft-card__primary-title-append\"><\/span><\/h2>\t\t\t\t<\/div>\n\t\t\t<\/div>\n\t\t<\/a>\n\t<\/div>\n\n\t<\/div><\/div>\t<\/div>\n<\/div>\n","protected":false},"excerpt":{"rendered":"","protected":false},"author":0,"featured_media":0,"comment_status":"closed","ping_status":"open","sticky":false,"template":"","format":"standard","meta":{"teft_cards_image_url":"","teft_cards_custom_pretitle":"","teft_cards_image_id":0,"teft_cards_image_focal_point_x":0,"teft_cards_image_focal_point_y":0,"teft_cards_title":"","teft_cards_excerpt":"","teft_show_chapters":false,"author_display_name":"Oslo H\u00f8yre","footnotes":""},"category":[1],"post_tag":[],"hoyre-visibility":[],"article-type":[],"politician":[],"class_list":["post-1748","post","type-post","status-publish","format-standard","hentry","category-nyheter"],"yoast_head":"<!-- This site is optimized with the Yoast SEO Premium plugin v26.5 (Yoast SEO v26.6) - https:\/\/yoast.com\/wordpress\/plugins\/seo\/ -->\n<title>Skolebehovsplanen - Oslo H\u00f8yre<\/title>\n<meta name=\"robots\" content=\"index, follow, max-snippet:-1, max-image-preview:large, max-video-preview:-1\" \/>\n<link rel=\"canonical\" href=\"https:\/\/hoyre.no\/oslo\/aktuelt\/skolebehovsplanen\/\" \/>\n<meta property=\"og:locale\" content=\"nb_NO\" \/>\n<meta property=\"og:type\" content=\"article\" \/>\n<meta property=\"og:title\" content=\"Skolebehovsplanen\" \/>\n<meta property=\"og:url\" content=\"https:\/\/hoyre.no\/oslo\/aktuelt\/skolebehovsplanen\/\" \/>\n<meta property=\"og:site_name\" content=\"Oslo H\u00f8yre\" \/>\n<meta property=\"article:publisher\" content=\"https:\/\/www.facebook.com\/oslo.hoyre\" \/>\n<meta property=\"article:published_time\" content=\"2013-12-18T17:34:35+00:00\" \/>\n<meta property=\"article:modified_time\" content=\"2022-09-26T13:06:39+00:00\" \/>\n<meta property=\"og:image\" content=\"https:\/\/hoyre.no\/content\/uploads\/sites\/408\/2022\/11\/Hoyres-logo.png\" \/>\n\t<meta property=\"og:image:width\" content=\"1000\" \/>\n\t<meta property=\"og:image:height\" content=\"1000\" \/>\n\t<meta property=\"og:image:type\" content=\"image\/png\" \/>\n<meta name=\"twitter:card\" content=\"summary_large_image\" \/>\n<meta name=\"twitter:label1\" content=\"Ansl. lesetid\" \/>\n\t<meta name=\"twitter:data1\" content=\"6 minutter\" \/>\n<script type=\"application\/ld+json\" class=\"yoast-schema-graph\">{\"@context\":\"https:\/\/schema.org\",\"@graph\":[{\"@type\":\"Article\",\"@id\":\"https:\/\/hoyre.no\/oslo\/aktuelt\/skolebehovsplanen\/#article\",\"isPartOf\":{\"@id\":\"https:\/\/hoyre.no\/oslo\/aktuelt\/skolebehovsplanen\/\"},\"author\":{\"name\":\"\",\"@id\":\"\"},\"headline\":\"Skolebehovsplanen\",\"datePublished\":\"2013-12-18T17:34:35+00:00\",\"dateModified\":\"2022-09-26T13:06:39+00:00\",\"mainEntityOfPage\":{\"@id\":\"https:\/\/hoyre.no\/oslo\/aktuelt\/skolebehovsplanen\/\"},\"wordCount\":1243,\"publisher\":{\"@id\":\"https:\/\/hoyre.no\/oslo\/#organization\"},\"articleSection\":[\"Nyheter\"],\"inLanguage\":\"nb-NO\"},{\"@type\":\"NewsArticle\",\"@id\":\"https:\/\/hoyre.no\/oslo\/aktuelt\/skolebehovsplanen\/\",\"url\":\"https:\/\/hoyre.no\/oslo\/aktuelt\/skolebehovsplanen\/\",\"name\":\"Skolebehovsplanen - Oslo H\u00f8yre\",\"isPartOf\":{\"@id\":\"https:\/\/hoyre.no\/oslo\/#website\"},\"datePublished\":\"2013-12-18T17:34:35+00:00\",\"dateModified\":\"2022-09-26T13:06:39+00:00\",\"breadcrumb\":{\"@id\":\"https:\/\/hoyre.no\/oslo\/aktuelt\/skolebehovsplanen\/#breadcrumb\"},\"inLanguage\":\"nb-NO\",\"potentialAction\":[{\"@type\":\"ReadAction\",\"target\":[\"https:\/\/hoyre.no\/oslo\/aktuelt\/skolebehovsplanen\/\"]}]},{\"@type\":\"BreadcrumbList\",\"@id\":\"https:\/\/hoyre.no\/oslo\/aktuelt\/skolebehovsplanen\/#breadcrumb\",\"itemListElement\":[{\"@type\":\"ListItem\",\"position\":1,\"name\":\"Til hoyre.no\",\"item\":\"https:\/\/hoyre.no\"},{\"@type\":\"ListItem\",\"position\":2,\"name\":\"Hjem\",\"item\":\"https:\/\/hoyre.no\/oslo\/\"},{\"@type\":\"ListItem\",\"position\":3,\"name\":\"Skolebehovsplanen\"}]},{\"@type\":\"WebSite\",\"@id\":\"https:\/\/hoyre.no\/oslo\/#website\",\"url\":\"https:\/\/hoyre.no\/oslo\/\",\"name\":\"Oslo H\u00f8yre\",\"description\":\"\",\"publisher\":{\"@id\":\"https:\/\/hoyre.no\/oslo\/#organization\"},\"inLanguage\":\"nb-NO\"},{\"@type\":\"Organization\",\"@id\":\"https:\/\/hoyre.no\/oslo\/#organization\",\"name\":\"Oslo H\u00f8yre\",\"url\":\"https:\/\/hoyre.no\/oslo\/\",\"logo\":{\"@type\":\"ImageObject\",\"inLanguage\":\"nb-NO\",\"@id\":\"https:\/\/hoyre.no\/oslo\/#\/schema\/logo\/image\/\",\"url\":\"https:\/\/hoyre.no\/content\/uploads\/sites\/408\/2022\/11\/Hoyres-logo.png\",\"contentUrl\":\"https:\/\/hoyre.no\/content\/uploads\/sites\/408\/2022\/11\/Hoyres-logo.png\",\"width\":1000,\"height\":1000,\"caption\":\"Oslo H\u00f8yre\"},\"image\":{\"@id\":\"https:\/\/hoyre.no\/oslo\/#\/schema\/logo\/image\/\"},\"sameAs\":[\"https:\/\/www.facebook.com\/oslo.hoyre\"]}]}<\/script>\n<!-- \/ Yoast SEO Premium plugin. -->","yoast_head_json":{"title":"Skolebehovsplanen - Oslo H\u00f8yre","robots":{"index":"index","follow":"follow","max-snippet":"max-snippet:-1","max-image-preview":"max-image-preview:large","max-video-preview":"max-video-preview:-1"},"canonical":"https:\/\/hoyre.no\/oslo\/aktuelt\/skolebehovsplanen\/","og_locale":"nb_NO","og_type":"article","og_title":"Skolebehovsplanen","og_url":"https:\/\/hoyre.no\/oslo\/aktuelt\/skolebehovsplanen\/","og_site_name":"Oslo H\u00f8yre","article_publisher":"https:\/\/www.facebook.com\/oslo.hoyre","article_published_time":"2013-12-18T17:34:35+00:00","article_modified_time":"2022-09-26T13:06:39+00:00","og_image":[{"width":1000,"height":1000,"url":"https:\/\/hoyre.no\/content\/uploads\/sites\/408\/2022\/11\/Hoyres-logo.png","type":"image\/png"}],"twitter_card":"summary_large_image","twitter_misc":{"Ansl. lesetid":"6 minutter"},"schema":{"@context":"https:\/\/schema.org","@graph":[{"@type":"Article","@id":"https:\/\/hoyre.no\/oslo\/aktuelt\/skolebehovsplanen\/#article","isPartOf":{"@id":"https:\/\/hoyre.no\/oslo\/aktuelt\/skolebehovsplanen\/"},"author":{"name":"","@id":""},"headline":"Skolebehovsplanen","datePublished":"2013-12-18T17:34:35+00:00","dateModified":"2022-09-26T13:06:39+00:00","mainEntityOfPage":{"@id":"https:\/\/hoyre.no\/oslo\/aktuelt\/skolebehovsplanen\/"},"wordCount":1243,"publisher":{"@id":"https:\/\/hoyre.no\/oslo\/#organization"},"articleSection":["Nyheter"],"inLanguage":"nb-NO"},{"@type":"NewsArticle","@id":"https:\/\/hoyre.no\/oslo\/aktuelt\/skolebehovsplanen\/","url":"https:\/\/hoyre.no\/oslo\/aktuelt\/skolebehovsplanen\/","name":"Skolebehovsplanen - Oslo H\u00f8yre","isPartOf":{"@id":"https:\/\/hoyre.no\/oslo\/#website"},"datePublished":"2013-12-18T17:34:35+00:00","dateModified":"2022-09-26T13:06:39+00:00","breadcrumb":{"@id":"https:\/\/hoyre.no\/oslo\/aktuelt\/skolebehovsplanen\/#breadcrumb"},"inLanguage":"nb-NO","potentialAction":[{"@type":"ReadAction","target":["https:\/\/hoyre.no\/oslo\/aktuelt\/skolebehovsplanen\/"]}]},{"@type":"BreadcrumbList","@id":"https:\/\/hoyre.no\/oslo\/aktuelt\/skolebehovsplanen\/#breadcrumb","itemListElement":[{"@type":"ListItem","position":1,"name":"Til hoyre.no","item":"https:\/\/hoyre.no"},{"@type":"ListItem","position":2,"name":"Hjem","item":"https:\/\/hoyre.no\/oslo\/"},{"@type":"ListItem","position":3,"name":"Skolebehovsplanen"}]},{"@type":"WebSite","@id":"https:\/\/hoyre.no\/oslo\/#website","url":"https:\/\/hoyre.no\/oslo\/","name":"Oslo H\u00f8yre","description":"","publisher":{"@id":"https:\/\/hoyre.no\/oslo\/#organization"},"inLanguage":"nb-NO"},{"@type":"Organization","@id":"https:\/\/hoyre.no\/oslo\/#organization","name":"Oslo H\u00f8yre","url":"https:\/\/hoyre.no\/oslo\/","logo":{"@type":"ImageObject","inLanguage":"nb-NO","@id":"https:\/\/hoyre.no\/oslo\/#\/schema\/logo\/image\/","url":"https:\/\/hoyre.no\/content\/uploads\/sites\/408\/2022\/11\/Hoyres-logo.png","contentUrl":"https:\/\/hoyre.no\/content\/uploads\/sites\/408\/2022\/11\/Hoyres-logo.png","width":1000,"height":1000,"caption":"Oslo H\u00f8yre"},"image":{"@id":"https:\/\/hoyre.no\/oslo\/#\/schema\/logo\/image\/"},"sameAs":["https:\/\/www.facebook.com\/oslo.hoyre"]}]}},"distributor_meta":false,"distributor_terms":false,"distributor_media":false,"distributor_original_site_name":"Oslo H\u00f8yre","distributor_original_site_url":"https:\/\/hoyre.no\/oslo","push-errors":false,"_links":{"self":[{"href":"https:\/\/hoyre.no\/oslo\/wp-json\/wp\/v2\/posts\/1748","targetHints":{"allow":["GET"]}}],"collection":[{"href":"https:\/\/hoyre.no\/oslo\/wp-json\/wp\/v2\/posts"}],"about":[{"href":"https:\/\/hoyre.no\/oslo\/wp-json\/wp\/v2\/types\/post"}],"replies":[{"embeddable":true,"href":"https:\/\/hoyre.no\/oslo\/wp-json\/wp\/v2\/comments?post=1748"}],"version-history":[{"count":1,"href":"https:\/\/hoyre.no\/oslo\/wp-json\/wp\/v2\/posts\/1748\/revisions"}],"predecessor-version":[{"id":2940,"href":"https:\/\/hoyre.no\/oslo\/wp-json\/wp\/v2\/posts\/1748\/revisions\/2940"}],"wp:attachment":[{"href":"https:\/\/hoyre.no\/oslo\/wp-json\/wp\/v2\/media?parent=1748"}],"wp:term":[{"taxonomy":"category","embeddable":true,"href":"https:\/\/hoyre.no\/oslo\/wp-json\/wp\/v2\/category?post=1748"},{"taxonomy":"post_tag","embeddable":true,"href":"https:\/\/hoyre.no\/oslo\/wp-json\/wp\/v2\/post_tag?post=1748"},{"taxonomy":"hoyre-visibility","embeddable":true,"href":"https:\/\/hoyre.no\/oslo\/wp-json\/wp\/v2\/hoyre-visibility?post=1748"},{"taxonomy":"article-type","embeddable":true,"href":"https:\/\/hoyre.no\/oslo\/wp-json\/wp\/v2\/article-type?post=1748"},{"taxonomy":"politician","embeddable":true,"href":"https:\/\/hoyre.no\/oslo\/wp-json\/wp\/v2\/politician?post=1748"}],"curies":[{"name":"wp","href":"https:\/\/api.w.org\/{rel}","templated":true}]}}