{"id":1749,"date":"2013-12-13T13:34:27","date_gmt":"2013-12-13T13:34:27","guid":{"rendered":"https:\/\/hoyre.no\/oslo\/aktuelt\/det-satses-pa-barn-og-unge-i-oslo\/"},"modified":"2022-09-26T15:06:39","modified_gmt":"2022-09-26T13:06:39","slug":"det-satses-pa-barn-og-unge-i-oslo","status":"publish","type":"post","link":"https:\/\/hoyre.no\/oslo\/aktuelt\/det-satses-pa-barn-og-unge-i-oslo\/","title":{"rendered":"Det satses p\u00e5 barn og unge i Oslo"},"content":{"rendered":"<figure class=\"hoyre-image-wrapper\"><div class=\"hoyre-image\"><img loading=\"lazy\" decoding=\"async\" width=\"1024\" height=\"361\" src=\"https:\/\/hoyre.no\/content\/uploads\/sites\/408\/2022\/09\/Nikolai-Astrup.jpg\" class=\"attachment-scaled size-scaled\" alt=\"Nikolai Astrup\" style=\"object-position: 50% 50%\" srcset=\"https:\/\/hoyre.no\/content\/uploads\/sites\/408\/2022\/09\/Nikolai-Astrup.jpg 1024w, https:\/\/hoyre.no\/content\/uploads\/sites\/408\/2022\/09\/Nikolai-Astrup-300x106.jpg 300w, https:\/\/hoyre.no\/content\/uploads\/sites\/408\/2022\/09\/Nikolai-Astrup-768x271.jpg 768w\" sizes=\"auto, (max-width: 1024px) 100vw, 1024px\" \/><\/div><\/figure><div id=\"hoyre-old-article-content-wrapper\"><p>Oslo kommune svarer Don Martin.<\/p><p><em>Av \u00d8ystein S\u00f8reide sosialbyr\u00e5d i Oslo og \u00d8ystein Sundelin H\u00f8yres gruppeleder i Oslo bystyre.<\/em><\/p><p>Oslos budsjett prioriterer investeringer for de oppvoksende generasjoner. Oslo er i den gode situasjon at det er stor vekst i barnebefolkningen, spesielt i indre by. Til tross for dette har Oslo klart \u00e5 tilby plass til stadig flere, alle som har rett p\u00e5 plass f\u00e5r tilbud, og 44 prosent av ett\u00e5ringene uten lovfestet rett har barnehageplass.<\/p><h2>Barnehage og skole er h\u00f8yt prioritert<\/h2><p>Det etableres ca. 1250 nye plasser i 2014. Oslo kommune vil i 2014 investere 483 millioner i nybygg og rehabilitering. Byr\u00e5det satser ogs\u00e5 p\u00e5 kvalitet i barnehagene. Voksentettheten er bedre enn snittet i Norge og bedre enn i de andre store byene.<\/p><blockquote><p>Skole er H\u00f8yres viktigste satsingsomr\u00e5de.<\/p><\/blockquote><p>Manglende norskferdigheter er en hovedutfordring, derfor satser byr\u00e5det 60 millioner over 4 \u00e5r p\u00e5 et spr\u00e5kl\u00f8ft. I 2014 skal 4000 ansatte f\u00e5 gratis oppl\u00e6ring i barns spr\u00e5kutvikling. Oslo tar ogs\u00e5 ansvaret for \u00e5 utdanne flere pedagoger, selv om det er en statlig oppgave.<\/p><p>Skole er H\u00f8yres viktigste satsingsomr\u00e5de. Osloskolen er fremst i landet, senest bekreftet denne uken. \u00c5 legge til rette for et vellykket skolel\u00f8p er det viktigste vi kan gj\u00f8re for v\u00e5r unge: Det reduserer sjansen for at ungdom faller utenfor.<\/p><h2>Det kriminalitetsforebyggende arbeidet virker<\/h2><p>Artisten Don Martin er i <a title=\"aftenposten\" href=\"http:\/\/www.osloby.no\/nyheter\/A-rane-barn-gir-barneran-7401894.html#.Uqmw\" target=\"_blank\" rel=\"noopener noreferrer\">Aftenposten 11. desember<\/a> opptatt av det kriminalitetsforebyggende arbeidet i Oslo. Det er vi ogs\u00e5. Byr\u00e5det i Oslo har gjennom lang tid arbeidet for \u00e5 styrke forebyggende arbeid, s\u00e6rlig blant barn og unge. Dette har gitt gode resultater. Den registrerte barne- og ungdomskriminaliteten har hatt en nedgang p\u00e5 20\u201325 prosent fra 2006 til 2012. Dette gjelder b\u00e5de for antall unge lovbrytere og antall straffbare forhold.<\/p><p>I 2006 ble det opprettet et samarbeid mellom kommunen og politiet. Sammen Lager vi et Tryggere Oslo (SaLTo) ble startet fordi vi ville at byen skulle ha en samordnet oppf\u00f8lging av ungdom i faresonen. Dette har prosjektet lykkes med.<\/p><p>Ungdommer st\u00e5r i dag for 5,2 prosent av alle registrerte straffbare forhold i Oslo mot 6,7 prosent i 2006.<\/p><p>Ungdommene som registreres for flere lovbrudd forsvinner ut av statistikken med tett oppf\u00f8lging. Samtidig som barne- og ungdomskullene \u00f8ker s\u00e5 synker den registrerte barne- og ungdomskriminaliteten. Andelen har sunket hvert \u00e5r siden SaLTo ble etablert i 2006. I samarbeidet er det ogs\u00e5 rutiner som sikrer at ut\u00f8vere og ofre f\u00e5r god oppf\u00f8lging. Den nyetablerte Oslostandarden for samarbeidsavtaler mellom barnevern og skolene, og barnevernet og barnehagene gir tydelige retningslinjer for oppf\u00f8lgingen av barn og familier, som har behov for hjelp og st\u00f8tte fra barnevernet.<\/p><h2>OL er en generasjonsinvestering<\/h2><p>Noen r\u00f8ster knytter OL-prosjektet til andre omr\u00e5der i Oslos tjenestetilbud. Denne koblingen blir feil. OL 2022 har et sterkt generasjons- og byutviklingsperspektiv. Prosjektet har blitt utviklet med utgangspunkt i det behovet som allerede er for nye arenaer og revitalisering av nye deler av byen. Et OL i Oslo vil s\u00e6rlig komme barn og unge til gode, fordi dette vil bety investeringer i idrettstilbud over hele byen, s\u00e6rlig i \u00f8st.<\/p><blockquote><p>Et OL i Oslo vil s\u00e6rlig komme barn og unge til gode.<\/p><\/blockquote><p>Forebyggende arbeid er mer enn fritidsklubber og musikktilbud. Det blir derfor helt feil \u00e5 sette OL opp mot barneran eller fritidsklubber. Oslo har i mange \u00e5r hatt et godt nett av fritidsklubber over hele byen. Det har v\u00e6rt en \u00f8kning i antall kommunale fritidsklubbtilbud i Oslo fra 45 i 2011 til 74 i 2012. Det konkrete forslaget Martin nevner om nedleggelse av Jordal fritidsklubb kommer fra bydelsadministrasjonen i Gamle Oslo. Om dette tilbudet blir nedlagt bestemmer venstresidens politiske flertall i den bydelen.<\/p><blockquote><p>Forebyggende arbeid er mer enn fritidsklubber og musikktilbud. Det blir derfor helt feil \u00e5 sette OL opp mot barneran eller fritidsklubber.<\/p><\/blockquote><p>Det nylig vedtatte budsjettet gir \u00f8kte rammer til bydelene, og vi har tillit til at bydelene prioriterer godt og fornuftig ogs\u00e5 p\u00e5 dette omr\u00e5det.<\/p><p>Oslo H\u00f8yre er opptatt av at kommunen skal tilby v\u00e5re barn og barnebarn et godt og trygt oppvekstmilj\u00f8, med god kvalitet i barnehage-, skole- og fritidstilbud. Vi er stolte av alt det gode arbeidet som gj\u00f8res i byen v\u00e5r.<\/p><p><em>Dette innlegget stod p\u00e5 trykk i Aftenposten 12. desember 2013<\/em><\/p><p>&nbsp;<\/p><p><em>Foto: colourbox.com<\/em><\/p>\n<\/div>\n<div class=\"tags\">\n\t<\/div>\n<div class=\"post-footer alignfull has-background block-editor-block-list__block\" data-align=full>\n\t<div class=\"post-footer-inner\">\n\t\t<h3>Relaterte artikler<\/h3>\n\t\t<div class=\"related-content\"><div class=\"is-card-hoyre\">\n\t<div class=\"teft-card hoyre-teft-card post-teft-card\">\n\t\t<a href=\"https:\/\/hoyre.no\/oslo\/aktuelt\/mdg-moralismen-fornekter-seg-ikke\/\" class=\"teft-card__primary-action\">\n\n\t\t\t\t\t<div class=\"teft-card__media teft-card__media--16-9\">\n\t\t\t\t\t\t<img loading=\"lazy\" decoding=\"async\" width=\"768\" height=\"512\" src=\"https:\/\/hoyre.no\/content\/uploads\/sites\/408\/2024\/01\/QZQlxtOC-768x512.jpeg\" class=\"attachment-medium_large size-medium_large\" alt=\"Merete Agerbak-Jensen\" srcset=\"https:\/\/hoyre.no\/content\/uploads\/sites\/408\/2024\/01\/QZQlxtOC-768x512.jpeg 768w, https:\/\/hoyre.no\/content\/uploads\/sites\/408\/2024\/01\/QZQlxtOC-300x200.jpeg 300w, https:\/\/hoyre.no\/content\/uploads\/sites\/408\/2024\/01\/QZQlxtOC-1024x683.jpeg 1024w, https:\/\/hoyre.no\/content\/uploads\/sites\/408\/2024\/01\/QZQlxtOC-1536x1024.jpeg 1536w, https:\/\/hoyre.no\/content\/uploads\/sites\/408\/2024\/01\/QZQlxtOC-2048x1365.jpeg 2048w\" sizes=\"auto, (max-width: 768px) 100vw, 768px\" \/>\t\t<\/div>\n\t\t\n\t\t\t<div class=\"teft-card__content-wrapper\">\n\t\t\t\t<div class=\"teft-card__secondary\">\n\t\t\t\t\t\n\t\t\t\t\t\t\t\t<div class=\"teft-card__meta\">\n\t\t\t\t\t\t\t\t\t<span class=\"post-date\">23. apr 2026<\/span>\n\n\t\t\t\t\t\t\t\t\t\t\t\t\t\t\t\t\t<\/div>\n\t\t\t\t\t\t\t\t\t\t\t<\/div>\n\n\t\t\t\t<div class=\"teft-card__primary\">\n\t\t\t\t\t<h2 class=\"teft-card__title\">MDG-moralismen fornekter seg ikke&nbsp;<span class=\"teft-card__primary-title-append\"><\/span><\/h2>\t\t\t\t<\/div>\n\t\t\t<\/div>\n\t\t<\/a>\n\t<\/div>\n\n\t<\/div><div class=\"is-card-hoyre\">\n\t<div class=\"teft-card hoyre-teft-card post-teft-card\">\n\t\t<a href=\"https:\/\/hoyre.no\/oslo\/aktuelt\/raskere-og-enklere-a-bygge-boliger-og-skape-arbeidsplasser-i-oslo\/\" class=\"teft-card__primary-action\">\n\n\t\t\t\t\t<div class=\"teft-card__media teft-card__media--16-9\">\n\t\t\t\t\t\t<img loading=\"lazy\" decoding=\"async\" width=\"768\" height=\"576\" src=\"https:\/\/hoyre.no\/content\/uploads\/sites\/408\/2026\/04\/Eirik-Lae-Solberg-og-Anita-Leirvik-North-768x576.jpg\" class=\"attachment-medium_large size-medium_large\" alt=\"\" srcset=\"https:\/\/hoyre.no\/content\/uploads\/sites\/408\/2026\/04\/Eirik-Lae-Solberg-og-Anita-Leirvik-North-768x576.jpg 768w, https:\/\/hoyre.no\/content\/uploads\/sites\/408\/2026\/04\/Eirik-Lae-Solberg-og-Anita-Leirvik-North-300x225.jpg 300w, https:\/\/hoyre.no\/content\/uploads\/sites\/408\/2026\/04\/Eirik-Lae-Solberg-og-Anita-Leirvik-North.jpg 901w\" sizes=\"auto, (max-width: 768px) 100vw, 768px\" \/>\t\t<\/div>\n\t\t\n\t\t\t<div class=\"teft-card__content-wrapper\">\n\t\t\t\t<div class=\"teft-card__secondary\">\n\t\t\t\t\t\n\t\t\t\t\t\t\t\t<div class=\"teft-card__meta\">\n\t\t\t\t\t\t\t\t\t<span class=\"post-date\">14. apr 2026<\/span>\n\n\t\t\t\t\t\t\t\t\t<span class=\"post-category\">Har lagt frem ny KPA:<\/span>\t\t\t\t\t\t\t\t<\/div>\n\t\t\t\t\t\t\t\t\t\t\t<\/div>\n\n\t\t\t\t<div class=\"teft-card__primary\">\n\t\t\t\t\t<h2 class=\"teft-card__title\">Raskere og enklere \u00e5 bygge boliger og skape arbeidsplasser i Oslo&nbsp;<span class=\"teft-card__primary-title-append\"><\/span><\/h2>\t\t\t\t<\/div>\n\t\t\t<\/div>\n\t\t<\/a>\n\t<\/div>\n\n\t<\/div><div class=\"is-card-hoyre\">\n\t<div class=\"teft-card hoyre-teft-card post-teft-card\">\n\t\t<a href=\"https:\/\/hoyre.no\/oslo\/aktuelt\/bedre-elevresultater-og-en-skoleokonomi-i-balanse-med-blagront-byrad\/\" class=\"teft-card__primary-action\">\n\n\t\t\t\t\t<div class=\"teft-card__media teft-card__media--16-9\">\n\t\t\t\t\t\t<img loading=\"lazy\" decoding=\"async\" width=\"768\" height=\"512\" src=\"https:\/\/hoyre.no\/content\/uploads\/sites\/408\/2025\/05\/IMG_6440-768x512.jpeg\" class=\"attachment-medium_large size-medium_large\" alt=\"Julie Remen Midtgarden\" srcset=\"https:\/\/hoyre.no\/content\/uploads\/sites\/408\/2025\/05\/IMG_6440-768x512.jpeg 768w, https:\/\/hoyre.no\/content\/uploads\/sites\/408\/2025\/05\/IMG_6440-300x200.jpeg 300w, https:\/\/hoyre.no\/content\/uploads\/sites\/408\/2025\/05\/IMG_6440-1024x683.jpeg 1024w, https:\/\/hoyre.no\/content\/uploads\/sites\/408\/2025\/05\/IMG_6440-1536x1024.jpeg 1536w, https:\/\/hoyre.no\/content\/uploads\/sites\/408\/2025\/05\/IMG_6440-2048x1365.jpeg 2048w\" sizes=\"auto, (max-width: 768px) 100vw, 768px\" \/>\t\t<\/div>\n\t\t\n\t\t\t<div class=\"teft-card__content-wrapper\">\n\t\t\t\t<div class=\"teft-card__secondary\">\n\t\t\t\t\t\n\t\t\t\t\t\t\t\t<div class=\"teft-card__meta\">\n\t\t\t\t\t\t\t\t\t<span class=\"post-date\">26. mar 2026<\/span>\n\n\t\t\t\t\t\t\t\t\t\t\t\t\t\t\t\t\t<\/div>\n\t\t\t\t\t\t\t\t\t\t\t<\/div>\n\n\t\t\t\t<div class=\"teft-card__primary\">\n\t\t\t\t\t<h2 class=\"teft-card__title\">Bedre elevresultater og en skole\u00f8konomi i balanse med bl\u00e5gr\u00f8nt byr\u00e5d&nbsp;<span class=\"teft-card__primary-title-append\"><\/span><\/h2>\t\t\t\t<\/div>\n\t\t\t<\/div>\n\t\t<\/a>\n\t<\/div>\n\n\t<\/div><\/div>\t<\/div>\n<\/div>\n","protected":false},"excerpt":{"rendered":"","protected":false},"author":0,"featured_media":0,"comment_status":"closed","ping_status":"open","sticky":false,"template":"","format":"standard","meta":{"teft_cards_image_url":"","teft_cards_custom_pretitle":"","teft_cards_image_id":0,"teft_cards_image_focal_point_x":0,"teft_cards_image_focal_point_y":0,"teft_cards_title":"","teft_cards_excerpt":"","teft_show_chapters":false,"author_display_name":"Oslo H\u00f8yre","footnotes":""},"category":[1],"post_tag":[],"hoyre-visibility":[],"article-type":[],"politician":[],"class_list":["post-1749","post","type-post","status-publish","format-standard","hentry","category-nyheter"],"yoast_head":"<!-- This site is optimized with the Yoast SEO Premium plugin v26.5 (Yoast SEO v26.6) - https:\/\/yoast.com\/wordpress\/plugins\/seo\/ -->\n<title>Det satses p\u00e5 barn og unge i Oslo - Oslo H\u00f8yre<\/title>\n<meta name=\"robots\" content=\"index, follow, max-snippet:-1, max-image-preview:large, max-video-preview:-1\" \/>\n<link rel=\"canonical\" href=\"https:\/\/hoyre.no\/oslo\/aktuelt\/det-satses-pa-barn-og-unge-i-oslo\/\" \/>\n<meta property=\"og:locale\" content=\"nb_NO\" \/>\n<meta property=\"og:type\" content=\"article\" \/>\n<meta property=\"og:title\" content=\"Det satses p\u00e5 barn og unge i Oslo\" \/>\n<meta property=\"og:url\" content=\"https:\/\/hoyre.no\/oslo\/aktuelt\/det-satses-pa-barn-og-unge-i-oslo\/\" \/>\n<meta property=\"og:site_name\" content=\"Oslo H\u00f8yre\" \/>\n<meta property=\"article:publisher\" content=\"https:\/\/www.facebook.com\/oslo.hoyre\" \/>\n<meta property=\"article:published_time\" content=\"2013-12-13T13:34:27+00:00\" \/>\n<meta property=\"article:modified_time\" content=\"2022-09-26T13:06:39+00:00\" \/>\n<meta property=\"og:image\" content=\"https:\/\/hoyre.no\/content\/uploads\/sites\/408\/2022\/11\/Hoyres-logo.png\" \/>\n\t<meta property=\"og:image:width\" content=\"1000\" \/>\n\t<meta property=\"og:image:height\" content=\"1000\" \/>\n\t<meta property=\"og:image:type\" content=\"image\/png\" \/>\n<meta name=\"twitter:card\" content=\"summary_large_image\" \/>\n<meta name=\"twitter:label1\" content=\"Ansl. lesetid\" \/>\n\t<meta name=\"twitter:data1\" content=\"4 minutter\" \/>\n<script type=\"application\/ld+json\" class=\"yoast-schema-graph\">{\"@context\":\"https:\/\/schema.org\",\"@graph\":[{\"@type\":\"Article\",\"@id\":\"https:\/\/hoyre.no\/oslo\/aktuelt\/det-satses-pa-barn-og-unge-i-oslo\/#article\",\"isPartOf\":{\"@id\":\"https:\/\/hoyre.no\/oslo\/aktuelt\/det-satses-pa-barn-og-unge-i-oslo\/\"},\"author\":{\"name\":\"\",\"@id\":\"\"},\"headline\":\"Det satses p\u00e5 barn og unge i Oslo\",\"datePublished\":\"2013-12-13T13:34:27+00:00\",\"dateModified\":\"2022-09-26T13:06:39+00:00\",\"mainEntityOfPage\":{\"@id\":\"https:\/\/hoyre.no\/oslo\/aktuelt\/det-satses-pa-barn-og-unge-i-oslo\/\"},\"wordCount\":721,\"publisher\":{\"@id\":\"https:\/\/hoyre.no\/oslo\/#organization\"},\"articleSection\":[\"Nyheter\"],\"inLanguage\":\"nb-NO\"},{\"@type\":\"NewsArticle\",\"@id\":\"https:\/\/hoyre.no\/oslo\/aktuelt\/det-satses-pa-barn-og-unge-i-oslo\/\",\"url\":\"https:\/\/hoyre.no\/oslo\/aktuelt\/det-satses-pa-barn-og-unge-i-oslo\/\",\"name\":\"Det satses p\u00e5 barn og unge i Oslo - Oslo H\u00f8yre\",\"isPartOf\":{\"@id\":\"https:\/\/hoyre.no\/oslo\/#website\"},\"datePublished\":\"2013-12-13T13:34:27+00:00\",\"dateModified\":\"2022-09-26T13:06:39+00:00\",\"breadcrumb\":{\"@id\":\"https:\/\/hoyre.no\/oslo\/aktuelt\/det-satses-pa-barn-og-unge-i-oslo\/#breadcrumb\"},\"inLanguage\":\"nb-NO\",\"potentialAction\":[{\"@type\":\"ReadAction\",\"target\":[\"https:\/\/hoyre.no\/oslo\/aktuelt\/det-satses-pa-barn-og-unge-i-oslo\/\"]}]},{\"@type\":\"BreadcrumbList\",\"@id\":\"https:\/\/hoyre.no\/oslo\/aktuelt\/det-satses-pa-barn-og-unge-i-oslo\/#breadcrumb\",\"itemListElement\":[{\"@type\":\"ListItem\",\"position\":1,\"name\":\"Til hoyre.no\",\"item\":\"https:\/\/hoyre.no\"},{\"@type\":\"ListItem\",\"position\":2,\"name\":\"Hjem\",\"item\":\"https:\/\/hoyre.no\/oslo\/\"},{\"@type\":\"ListItem\",\"position\":3,\"name\":\"Det satses p\u00e5 barn og unge i Oslo\"}]},{\"@type\":\"WebSite\",\"@id\":\"https:\/\/hoyre.no\/oslo\/#website\",\"url\":\"https:\/\/hoyre.no\/oslo\/\",\"name\":\"Oslo H\u00f8yre\",\"description\":\"\",\"publisher\":{\"@id\":\"https:\/\/hoyre.no\/oslo\/#organization\"},\"inLanguage\":\"nb-NO\"},{\"@type\":\"Organization\",\"@id\":\"https:\/\/hoyre.no\/oslo\/#organization\",\"name\":\"Oslo H\u00f8yre\",\"url\":\"https:\/\/hoyre.no\/oslo\/\",\"logo\":{\"@type\":\"ImageObject\",\"inLanguage\":\"nb-NO\",\"@id\":\"https:\/\/hoyre.no\/oslo\/#\/schema\/logo\/image\/\",\"url\":\"https:\/\/hoyre.no\/content\/uploads\/sites\/408\/2022\/11\/Hoyres-logo.png\",\"contentUrl\":\"https:\/\/hoyre.no\/content\/uploads\/sites\/408\/2022\/11\/Hoyres-logo.png\",\"width\":1000,\"height\":1000,\"caption\":\"Oslo H\u00f8yre\"},\"image\":{\"@id\":\"https:\/\/hoyre.no\/oslo\/#\/schema\/logo\/image\/\"},\"sameAs\":[\"https:\/\/www.facebook.com\/oslo.hoyre\"]}]}<\/script>\n<!-- \/ Yoast SEO Premium plugin. -->","yoast_head_json":{"title":"Det satses p\u00e5 barn og unge i Oslo - Oslo H\u00f8yre","robots":{"index":"index","follow":"follow","max-snippet":"max-snippet:-1","max-image-preview":"max-image-preview:large","max-video-preview":"max-video-preview:-1"},"canonical":"https:\/\/hoyre.no\/oslo\/aktuelt\/det-satses-pa-barn-og-unge-i-oslo\/","og_locale":"nb_NO","og_type":"article","og_title":"Det satses p\u00e5 barn og unge i Oslo","og_url":"https:\/\/hoyre.no\/oslo\/aktuelt\/det-satses-pa-barn-og-unge-i-oslo\/","og_site_name":"Oslo H\u00f8yre","article_publisher":"https:\/\/www.facebook.com\/oslo.hoyre","article_published_time":"2013-12-13T13:34:27+00:00","article_modified_time":"2022-09-26T13:06:39+00:00","og_image":[{"width":1000,"height":1000,"url":"https:\/\/hoyre.no\/content\/uploads\/sites\/408\/2022\/11\/Hoyres-logo.png","type":"image\/png"}],"twitter_card":"summary_large_image","twitter_misc":{"Ansl. lesetid":"4 minutter"},"schema":{"@context":"https:\/\/schema.org","@graph":[{"@type":"Article","@id":"https:\/\/hoyre.no\/oslo\/aktuelt\/det-satses-pa-barn-og-unge-i-oslo\/#article","isPartOf":{"@id":"https:\/\/hoyre.no\/oslo\/aktuelt\/det-satses-pa-barn-og-unge-i-oslo\/"},"author":{"name":"","@id":""},"headline":"Det satses p\u00e5 barn og unge i Oslo","datePublished":"2013-12-13T13:34:27+00:00","dateModified":"2022-09-26T13:06:39+00:00","mainEntityOfPage":{"@id":"https:\/\/hoyre.no\/oslo\/aktuelt\/det-satses-pa-barn-og-unge-i-oslo\/"},"wordCount":721,"publisher":{"@id":"https:\/\/hoyre.no\/oslo\/#organization"},"articleSection":["Nyheter"],"inLanguage":"nb-NO"},{"@type":"NewsArticle","@id":"https:\/\/hoyre.no\/oslo\/aktuelt\/det-satses-pa-barn-og-unge-i-oslo\/","url":"https:\/\/hoyre.no\/oslo\/aktuelt\/det-satses-pa-barn-og-unge-i-oslo\/","name":"Det satses p\u00e5 barn og unge i Oslo - Oslo H\u00f8yre","isPartOf":{"@id":"https:\/\/hoyre.no\/oslo\/#website"},"datePublished":"2013-12-13T13:34:27+00:00","dateModified":"2022-09-26T13:06:39+00:00","breadcrumb":{"@id":"https:\/\/hoyre.no\/oslo\/aktuelt\/det-satses-pa-barn-og-unge-i-oslo\/#breadcrumb"},"inLanguage":"nb-NO","potentialAction":[{"@type":"ReadAction","target":["https:\/\/hoyre.no\/oslo\/aktuelt\/det-satses-pa-barn-og-unge-i-oslo\/"]}]},{"@type":"BreadcrumbList","@id":"https:\/\/hoyre.no\/oslo\/aktuelt\/det-satses-pa-barn-og-unge-i-oslo\/#breadcrumb","itemListElement":[{"@type":"ListItem","position":1,"name":"Til hoyre.no","item":"https:\/\/hoyre.no"},{"@type":"ListItem","position":2,"name":"Hjem","item":"https:\/\/hoyre.no\/oslo\/"},{"@type":"ListItem","position":3,"name":"Det satses p\u00e5 barn og unge i Oslo"}]},{"@type":"WebSite","@id":"https:\/\/hoyre.no\/oslo\/#website","url":"https:\/\/hoyre.no\/oslo\/","name":"Oslo H\u00f8yre","description":"","publisher":{"@id":"https:\/\/hoyre.no\/oslo\/#organization"},"inLanguage":"nb-NO"},{"@type":"Organization","@id":"https:\/\/hoyre.no\/oslo\/#organization","name":"Oslo H\u00f8yre","url":"https:\/\/hoyre.no\/oslo\/","logo":{"@type":"ImageObject","inLanguage":"nb-NO","@id":"https:\/\/hoyre.no\/oslo\/#\/schema\/logo\/image\/","url":"https:\/\/hoyre.no\/content\/uploads\/sites\/408\/2022\/11\/Hoyres-logo.png","contentUrl":"https:\/\/hoyre.no\/content\/uploads\/sites\/408\/2022\/11\/Hoyres-logo.png","width":1000,"height":1000,"caption":"Oslo H\u00f8yre"},"image":{"@id":"https:\/\/hoyre.no\/oslo\/#\/schema\/logo\/image\/"},"sameAs":["https:\/\/www.facebook.com\/oslo.hoyre"]}]}},"distributor_meta":false,"distributor_terms":false,"distributor_media":false,"distributor_original_site_name":"Oslo H\u00f8yre","distributor_original_site_url":"https:\/\/hoyre.no\/oslo","push-errors":false,"_links":{"self":[{"href":"https:\/\/hoyre.no\/oslo\/wp-json\/wp\/v2\/posts\/1749","targetHints":{"allow":["GET"]}}],"collection":[{"href":"https:\/\/hoyre.no\/oslo\/wp-json\/wp\/v2\/posts"}],"about":[{"href":"https:\/\/hoyre.no\/oslo\/wp-json\/wp\/v2\/types\/post"}],"replies":[{"embeddable":true,"href":"https:\/\/hoyre.no\/oslo\/wp-json\/wp\/v2\/comments?post=1749"}],"version-history":[{"count":1,"href":"https:\/\/hoyre.no\/oslo\/wp-json\/wp\/v2\/posts\/1749\/revisions"}],"predecessor-version":[{"id":2941,"href":"https:\/\/hoyre.no\/oslo\/wp-json\/wp\/v2\/posts\/1749\/revisions\/2941"}],"wp:attachment":[{"href":"https:\/\/hoyre.no\/oslo\/wp-json\/wp\/v2\/media?parent=1749"}],"wp:term":[{"taxonomy":"category","embeddable":true,"href":"https:\/\/hoyre.no\/oslo\/wp-json\/wp\/v2\/category?post=1749"},{"taxonomy":"post_tag","embeddable":true,"href":"https:\/\/hoyre.no\/oslo\/wp-json\/wp\/v2\/post_tag?post=1749"},{"taxonomy":"hoyre-visibility","embeddable":true,"href":"https:\/\/hoyre.no\/oslo\/wp-json\/wp\/v2\/hoyre-visibility?post=1749"},{"taxonomy":"article-type","embeddable":true,"href":"https:\/\/hoyre.no\/oslo\/wp-json\/wp\/v2\/article-type?post=1749"},{"taxonomy":"politician","embeddable":true,"href":"https:\/\/hoyre.no\/oslo\/wp-json\/wp\/v2\/politician?post=1749"}],"curies":[{"name":"wp","href":"https:\/\/api.w.org\/{rel}","templated":true}]}}