{"id":1795,"date":"2013-09-06T08:36:42","date_gmt":"2013-09-06T06:36:42","guid":{"rendered":"https:\/\/hoyre.no\/oslo\/aktuelt\/innovasjonspolitikk-for-fremtiden\/"},"modified":"2022-09-26T15:06:47","modified_gmt":"2022-09-26T13:06:47","slug":"innovasjonspolitikk-for-fremtiden","status":"publish","type":"post","link":"https:\/\/hoyre.no\/oslo\/aktuelt\/innovasjonspolitikk-for-fremtiden\/","title":{"rendered":"Innovasjonspolitikk for fremtiden"},"content":{"rendered":"<figure class=\"hoyre-image-wrapper\"><div class=\"hoyre-image\"><img loading=\"lazy\" decoding=\"async\" width=\"1024\" height=\"361\" src=\"https:\/\/hoyre.no\/content\/uploads\/sites\/408\/2022\/09\/Innovasjon.jpg\" class=\"attachment-scaled size-scaled\" alt=\"Innovasjon\" style=\"object-position: 50% 50%\" srcset=\"https:\/\/hoyre.no\/content\/uploads\/sites\/408\/2022\/09\/Innovasjon.jpg 1024w, https:\/\/hoyre.no\/content\/uploads\/sites\/408\/2022\/09\/Innovasjon-300x106.jpg 300w, https:\/\/hoyre.no\/content\/uploads\/sites\/408\/2022\/09\/Innovasjon-768x271.jpg 768w\" sizes=\"auto, (max-width: 1024px) 100vw, 1024px\" \/><\/div><\/figure><div id=\"hoyre-old-article-content-wrapper\"><p>Den internasjonalt anerkjente m\u00e5lingen \u00abGlobal Innovation Index\u00bb ble nylig offentliggjort.<\/p><p><strong>Sveriges utenriksminister<\/strong> Carl Bildt kunne forn\u00f8yd tvitre om Sveriges imponerende 2. plass. Norges 16. plass, bak alle v\u00e5re skandinaviske naboland, ble forbig\u00e5tt i stillhet av Trond Giske. Taushet er ikke alltid gull.<\/p><p><strong>H\u00f8yre og de andre<\/strong> borgerlige partiene har en offensiv tiln\u00e6rming til innovasjon og gr\u00fcnderskap. I fjor stod de borgerlige sammen om et forslag i Stortinget som inneholdt 34 tiltak om forenklinger for n\u00e6ringslivet. H\u00f8yre er helt klare p\u00e5 at vi vil gj\u00f8re det lettere \u00e5 v\u00e6re gr\u00fcnder og sm\u00e5bedriftsleder. Fremtidenes arbeidsplasser blir skapt av enkeltmennesker som t\u00f8r og vil satse, og H\u00f8yre mener det m\u00e5 l\u00f8nne seg \u00e5 lykkes. Trolig er dette noe av grunnen til at 43 prosent av medlemmene i Norges ingeni\u00f8r og teknologiorganisasjon sier de vil stemme H\u00f8yre i \u00e5r.<\/p><p><strong>De sm\u00e5 bedriftene<\/strong> er viktige b\u00e5de for norsk \u00f8konomi og som arbeidsgiver for veldig mange arbeidstakere. Hele 99,5 prosent av alle bedrifter i Norge har f\u00e6rre enn 100 ansatte, samtidig som de sm\u00e5 og mellomstore bedriftene st\u00e5r for brorparten av sysselsettingen i Norge \u2013 1,1 millioner eller nesten 2\/3 av alle ansatte i privat sektor jobber i sm\u00e5 og mellomstore bedrifter. Skal Norge lykkes i fremtiden, m\u00e5 denne delen av \u00f8konomien blomstre.<\/p><p><strong>H\u00f8yre vil at<\/strong> det skal bli lettere for gr\u00fcndere \u00e5 f\u00e5 tilgang p\u00e5 kapital og relevant informasjon i oppstartsfasen. Vi \u00f8ker bevilgningene til etablerertilskudd og vi styrker s\u00e5kornordningene og Innovasjon Norges innovasjonsl\u00e5neordninger. Samtidig vil vi i perioden 2013 \u2013 2017 redusere formuesskatten betydelig gjennom \u00e5 \u00f8ke bunnfradraget til 20-25 millioner og halvere satsen til 0,5 pst. Det gj\u00f8r at 99 pst av de mellom 600 000 og 700 000 nordmenn som i dag betaler skatten slipper. Dette er spesielt viktig for sm\u00e5 og mellomstore bedrifter og gr\u00fcndere, fordi kombinasjonen av lang inkubasjonstid, formuesskatt og negativ kontantstr\u00f8m gj\u00f8r risikoen ved innovasjon og knoppskyting for stor for mange. Vi m\u00e5 ha et skattesystem som gj\u00f8r det mulig \u00e5 satse &#8211; og feile. Grensesprengende ideer tar ofte tid \u00e5 utvikle, og for hver gode ide som blir til vil det alltid v\u00e6re mange ideer som mislykkes.<\/p><p><strong>Verdiene som skapes<\/strong> i norsk n\u00e6ringsliv, er med p\u00e5 \u00e5 bestemme niv\u00e5et p\u00e5 landets velferd. Innovasjon er ogs\u00e5 uunnv\u00e6rlig for \u00e5 kunne kompensere for de h\u00f8ye l\u00f8nnskostnadene i det norske arbeidsmarkedet. Derfor er det avgj\u00f8rende at forholdene legges til rette slik at b\u00e5de gr\u00fcndere og bedrifter kan skape st\u00f8rst mulige verdier. Mye av innovasjonen i Norge foreg\u00e5r i de store selskapene, eller i milj\u00f8er som springer ut av de store selskapene. H\u00f8yre vil derfor utvide SkatteFunn-ordningen for \u00e5 sikre at det l\u00f8nner seg for de store selskapene \u00e5 drive med innovasjon og teknologiutvikling. I tillegg vil vi satse langt sterkere p\u00e5 utvikling og implementering av milj\u00f8teknologi, som b\u00e5de kan bidra til \u00e5 redusere utslippene og styrke konkurranseevnen og innovasjonsevnen i norske industribedrifter.<\/p><p><strong>Skal innovasjon<\/strong> vokse nedenfra, m\u00e5 man ha et helhetlig blikk p\u00e5 innovasjon. Gr\u00fcnderskap m\u00e5 oppmuntres tidlig, og skolen er vesentlig. Det er derfor H\u00f8yre i Oslo utvikler flere skoler i n\u00e6rt samarbeid med n\u00e6ringsliv og akademia. Oslo Cancer Cluster Innovation park er et slikt prosjekt. Her skal Ullern videreg\u00e5ende f\u00e5 lokaler vegg i vegg med forskning, n\u00e6ringsliv og sykehus. Dette gir skolen mulighet til \u00e5 utnytte tilgangen til kunnskap og kompetanse p\u00e5 en m\u00e5te som er unik i b\u00e5de norsk og internasjonal sammenheng. Ny\u00e5pnede Kuben yrkesarena er et annet godt eksempel, med tett samarbeid med n\u00e6ringslivet og tilgang p\u00e5 ekstern kompetanse. Innovasjon er ikke bare akademisk; p\u00e5 Kuben vil for eksempel mekanikerelevene samarbeide med Toyota, et av de mest innovative bilselskapene i verden. H\u00f8yre legger ogs\u00e5 opp til at entrepren\u00f8rskap skal v\u00e6re en del av utdanningsl\u00f8pet ogs\u00e5 innenfor de tradisjonelle offentlige omsorgsyrkene.<\/p><p><strong>Etter 7 \u00e5r<\/strong> med r\u00f8dgr\u00f8nn regjering ble det tilslutt tilsatt en \u00abforenklingssjef\u00bb i N\u00e6rings- og handelsdepartementet. M\u00e5let var if\u00f8lge Finansavisen \u00e5 spare inn ti milliarder innen utgangen av 2014. N\u00e6rings- og Handelsdepartementet ansl\u00e5r selv at bedriftenes samlede administrative kostnader knyttet til etterlevelsen av offentlige krav og regler bel\u00f8per seg til rundt 60 milliarder kroner \u00e5rlig. Det er derfor H\u00f8yre legger opp til en \u00e5rlig melding om status for forenklingsarbeidet og vil trekke n\u00e6ringsdrivende inn i arbeidet med \u00e5 forenkle offentlig sektor. Med H\u00f8yre i regjering f\u00e5r Norge en innovasjonspolitikk for fremtiden.<\/p><p><em>Dette innlegget stod p\u00e5 trykk i Finansavisen 6. 09.13<\/em><\/p><p><em>Foto: colourbox.com<\/em><\/p>\n<\/div>\n<div class=\"tags\">\n\t<\/div>\n<div class=\"post-footer alignfull has-background block-editor-block-list__block\" data-align=full>\n\t<div class=\"post-footer-inner\">\n\t\t<h3>Relaterte artikler<\/h3>\n\t\t<div class=\"related-content\"><div class=\"is-card-hoyre\">\n\t<div class=\"teft-card hoyre-teft-card post-teft-card\">\n\t\t<a href=\"https:\/\/hoyre.no\/oslo\/aktuelt\/mdg-moralismen-fornekter-seg-ikke\/\" class=\"teft-card__primary-action\">\n\n\t\t\t\t\t<div class=\"teft-card__media teft-card__media--16-9\">\n\t\t\t\t\t\t<img loading=\"lazy\" decoding=\"async\" width=\"768\" height=\"512\" src=\"https:\/\/hoyre.no\/content\/uploads\/sites\/408\/2024\/01\/QZQlxtOC-768x512.jpeg\" class=\"attachment-medium_large size-medium_large\" alt=\"Merete Agerbak-Jensen\" srcset=\"https:\/\/hoyre.no\/content\/uploads\/sites\/408\/2024\/01\/QZQlxtOC-768x512.jpeg 768w, https:\/\/hoyre.no\/content\/uploads\/sites\/408\/2024\/01\/QZQlxtOC-300x200.jpeg 300w, https:\/\/hoyre.no\/content\/uploads\/sites\/408\/2024\/01\/QZQlxtOC-1024x683.jpeg 1024w, https:\/\/hoyre.no\/content\/uploads\/sites\/408\/2024\/01\/QZQlxtOC-1536x1024.jpeg 1536w, https:\/\/hoyre.no\/content\/uploads\/sites\/408\/2024\/01\/QZQlxtOC-2048x1365.jpeg 2048w\" sizes=\"auto, (max-width: 768px) 100vw, 768px\" \/>\t\t<\/div>\n\t\t\n\t\t\t<div class=\"teft-card__content-wrapper\">\n\t\t\t\t<div class=\"teft-card__secondary\">\n\t\t\t\t\t\n\t\t\t\t\t\t\t\t<div class=\"teft-card__meta\">\n\t\t\t\t\t\t\t\t\t<span class=\"post-date\">23. apr 2026<\/span>\n\n\t\t\t\t\t\t\t\t\t\t\t\t\t\t\t\t\t<\/div>\n\t\t\t\t\t\t\t\t\t\t\t<\/div>\n\n\t\t\t\t<div class=\"teft-card__primary\">\n\t\t\t\t\t<h2 class=\"teft-card__title\">MDG-moralismen fornekter seg ikke&nbsp;<span class=\"teft-card__primary-title-append\"><\/span><\/h2>\t\t\t\t<\/div>\n\t\t\t<\/div>\n\t\t<\/a>\n\t<\/div>\n\n\t<\/div><div class=\"is-card-hoyre\">\n\t<div class=\"teft-card hoyre-teft-card post-teft-card\">\n\t\t<a href=\"https:\/\/hoyre.no\/oslo\/aktuelt\/raskere-og-enklere-a-bygge-boliger-og-skape-arbeidsplasser-i-oslo\/\" class=\"teft-card__primary-action\">\n\n\t\t\t\t\t<div class=\"teft-card__media teft-card__media--16-9\">\n\t\t\t\t\t\t<img loading=\"lazy\" decoding=\"async\" width=\"768\" height=\"576\" src=\"https:\/\/hoyre.no\/content\/uploads\/sites\/408\/2026\/04\/Eirik-Lae-Solberg-og-Anita-Leirvik-North-768x576.jpg\" class=\"attachment-medium_large size-medium_large\" alt=\"\" srcset=\"https:\/\/hoyre.no\/content\/uploads\/sites\/408\/2026\/04\/Eirik-Lae-Solberg-og-Anita-Leirvik-North-768x576.jpg 768w, https:\/\/hoyre.no\/content\/uploads\/sites\/408\/2026\/04\/Eirik-Lae-Solberg-og-Anita-Leirvik-North-300x225.jpg 300w, https:\/\/hoyre.no\/content\/uploads\/sites\/408\/2026\/04\/Eirik-Lae-Solberg-og-Anita-Leirvik-North.jpg 901w\" sizes=\"auto, (max-width: 768px) 100vw, 768px\" \/>\t\t<\/div>\n\t\t\n\t\t\t<div class=\"teft-card__content-wrapper\">\n\t\t\t\t<div class=\"teft-card__secondary\">\n\t\t\t\t\t\n\t\t\t\t\t\t\t\t<div class=\"teft-card__meta\">\n\t\t\t\t\t\t\t\t\t<span class=\"post-date\">14. apr 2026<\/span>\n\n\t\t\t\t\t\t\t\t\t<span class=\"post-category\">Har lagt frem ny KPA:<\/span>\t\t\t\t\t\t\t\t<\/div>\n\t\t\t\t\t\t\t\t\t\t\t<\/div>\n\n\t\t\t\t<div class=\"teft-card__primary\">\n\t\t\t\t\t<h2 class=\"teft-card__title\">Raskere og enklere \u00e5 bygge boliger og skape arbeidsplasser i Oslo&nbsp;<span class=\"teft-card__primary-title-append\"><\/span><\/h2>\t\t\t\t<\/div>\n\t\t\t<\/div>\n\t\t<\/a>\n\t<\/div>\n\n\t<\/div><div class=\"is-card-hoyre\">\n\t<div class=\"teft-card hoyre-teft-card post-teft-card\">\n\t\t<a href=\"https:\/\/hoyre.no\/oslo\/aktuelt\/bedre-elevresultater-og-en-skoleokonomi-i-balanse-med-blagront-byrad\/\" class=\"teft-card__primary-action\">\n\n\t\t\t\t\t<div class=\"teft-card__media teft-card__media--16-9\">\n\t\t\t\t\t\t<img loading=\"lazy\" decoding=\"async\" width=\"768\" height=\"512\" src=\"https:\/\/hoyre.no\/content\/uploads\/sites\/408\/2025\/05\/IMG_6440-768x512.jpeg\" class=\"attachment-medium_large size-medium_large\" alt=\"Julie Remen Midtgarden\" srcset=\"https:\/\/hoyre.no\/content\/uploads\/sites\/408\/2025\/05\/IMG_6440-768x512.jpeg 768w, https:\/\/hoyre.no\/content\/uploads\/sites\/408\/2025\/05\/IMG_6440-300x200.jpeg 300w, https:\/\/hoyre.no\/content\/uploads\/sites\/408\/2025\/05\/IMG_6440-1024x683.jpeg 1024w, https:\/\/hoyre.no\/content\/uploads\/sites\/408\/2025\/05\/IMG_6440-1536x1024.jpeg 1536w, https:\/\/hoyre.no\/content\/uploads\/sites\/408\/2025\/05\/IMG_6440-2048x1365.jpeg 2048w\" sizes=\"auto, (max-width: 768px) 100vw, 768px\" \/>\t\t<\/div>\n\t\t\n\t\t\t<div class=\"teft-card__content-wrapper\">\n\t\t\t\t<div class=\"teft-card__secondary\">\n\t\t\t\t\t\n\t\t\t\t\t\t\t\t<div class=\"teft-card__meta\">\n\t\t\t\t\t\t\t\t\t<span class=\"post-date\">26. mar 2026<\/span>\n\n\t\t\t\t\t\t\t\t\t\t\t\t\t\t\t\t\t<\/div>\n\t\t\t\t\t\t\t\t\t\t\t<\/div>\n\n\t\t\t\t<div class=\"teft-card__primary\">\n\t\t\t\t\t<h2 class=\"teft-card__title\">Bedre elevresultater og en skole\u00f8konomi i balanse med bl\u00e5gr\u00f8nt byr\u00e5d&nbsp;<span class=\"teft-card__primary-title-append\"><\/span><\/h2>\t\t\t\t<\/div>\n\t\t\t<\/div>\n\t\t<\/a>\n\t<\/div>\n\n\t<\/div><\/div>\t<\/div>\n<\/div>\n","protected":false},"excerpt":{"rendered":"","protected":false},"author":0,"featured_media":1796,"comment_status":"closed","ping_status":"open","sticky":false,"template":"","format":"standard","meta":{"teft_cards_image_url":"","teft_cards_custom_pretitle":"","teft_cards_image_id":1796,"teft_cards_image_focal_point_x":0,"teft_cards_image_focal_point_y":0,"teft_cards_title":"","teft_cards_excerpt":"","teft_show_chapters":false,"author_display_name":"Oslo H\u00f8yre","footnotes":""},"category":[1],"post_tag":[],"hoyre-visibility":[],"article-type":[],"politician":[],"class_list":["post-1795","post","type-post","status-publish","format-standard","hentry","category-nyheter"],"yoast_head":"<!-- This site is optimized with the Yoast SEO Premium plugin v26.5 (Yoast SEO v26.6) - https:\/\/yoast.com\/wordpress\/plugins\/seo\/ -->\n<title>Innovasjonspolitikk for fremtiden - Oslo H\u00f8yre<\/title>\n<meta name=\"robots\" content=\"index, follow, max-snippet:-1, max-image-preview:large, max-video-preview:-1\" \/>\n<link rel=\"canonical\" href=\"https:\/\/hoyre.no\/oslo\/aktuelt\/innovasjonspolitikk-for-fremtiden\/\" \/>\n<meta property=\"og:locale\" content=\"nb_NO\" \/>\n<meta property=\"og:type\" content=\"article\" \/>\n<meta property=\"og:title\" content=\"Innovasjonspolitikk for fremtiden\" \/>\n<meta property=\"og:url\" content=\"https:\/\/hoyre.no\/oslo\/aktuelt\/innovasjonspolitikk-for-fremtiden\/\" \/>\n<meta property=\"og:site_name\" content=\"Oslo H\u00f8yre\" \/>\n<meta property=\"article:publisher\" content=\"https:\/\/www.facebook.com\/oslo.hoyre\" \/>\n<meta property=\"article:published_time\" content=\"2013-09-06T06:36:42+00:00\" \/>\n<meta property=\"article:modified_time\" content=\"2022-09-26T13:06:47+00:00\" \/>\n<meta property=\"og:image\" content=\"https:\/\/hoyre.no\/content\/uploads\/sites\/408\/2022\/09\/Innovasjon.jpg\" \/>\n\t<meta property=\"og:image:width\" content=\"1024\" \/>\n\t<meta property=\"og:image:height\" content=\"361\" \/>\n\t<meta property=\"og:image:type\" content=\"image\/jpeg\" \/>\n<meta name=\"twitter:card\" content=\"summary_large_image\" \/>\n<meta name=\"twitter:label1\" content=\"Ansl. lesetid\" \/>\n\t<meta name=\"twitter:data1\" content=\"4 minutter\" \/>\n<script type=\"application\/ld+json\" class=\"yoast-schema-graph\">{\"@context\":\"https:\/\/schema.org\",\"@graph\":[{\"@type\":\"Article\",\"@id\":\"https:\/\/hoyre.no\/oslo\/aktuelt\/innovasjonspolitikk-for-fremtiden\/#article\",\"isPartOf\":{\"@id\":\"https:\/\/hoyre.no\/oslo\/aktuelt\/innovasjonspolitikk-for-fremtiden\/\"},\"author\":{\"name\":\"\",\"@id\":\"\"},\"headline\":\"Innovasjonspolitikk for fremtiden\",\"datePublished\":\"2013-09-06T06:36:42+00:00\",\"dateModified\":\"2022-09-26T13:06:47+00:00\",\"mainEntityOfPage\":{\"@id\":\"https:\/\/hoyre.no\/oslo\/aktuelt\/innovasjonspolitikk-for-fremtiden\/\"},\"wordCount\":768,\"publisher\":{\"@id\":\"https:\/\/hoyre.no\/oslo\/#organization\"},\"image\":{\"@id\":\"https:\/\/hoyre.no\/oslo\/aktuelt\/innovasjonspolitikk-for-fremtiden\/#primaryimage\"},\"thumbnailUrl\":\"https:\/\/hoyre.no\/content\/uploads\/sites\/408\/2022\/09\/Innovasjon.jpg\",\"articleSection\":[\"Nyheter\"],\"inLanguage\":\"nb-NO\"},{\"@type\":\"NewsArticle\",\"@id\":\"https:\/\/hoyre.no\/oslo\/aktuelt\/innovasjonspolitikk-for-fremtiden\/\",\"url\":\"https:\/\/hoyre.no\/oslo\/aktuelt\/innovasjonspolitikk-for-fremtiden\/\",\"name\":\"Innovasjonspolitikk for fremtiden - Oslo H\u00f8yre\",\"isPartOf\":{\"@id\":\"https:\/\/hoyre.no\/oslo\/#website\"},\"image\":{\"@id\":\"https:\/\/hoyre.no\/oslo\/aktuelt\/innovasjonspolitikk-for-fremtiden\/#primaryimage\"},\"thumbnailUrl\":\"https:\/\/hoyre.no\/content\/uploads\/sites\/408\/2022\/09\/Innovasjon.jpg\",\"datePublished\":\"2013-09-06T06:36:42+00:00\",\"dateModified\":\"2022-09-26T13:06:47+00:00\",\"breadcrumb\":{\"@id\":\"https:\/\/hoyre.no\/oslo\/aktuelt\/innovasjonspolitikk-for-fremtiden\/#breadcrumb\"},\"inLanguage\":\"nb-NO\",\"potentialAction\":[{\"@type\":\"ReadAction\",\"target\":[\"https:\/\/hoyre.no\/oslo\/aktuelt\/innovasjonspolitikk-for-fremtiden\/\"]}]},{\"@type\":\"ImageObject\",\"inLanguage\":\"nb-NO\",\"@id\":\"https:\/\/hoyre.no\/oslo\/aktuelt\/innovasjonspolitikk-for-fremtiden\/#primaryimage\",\"url\":\"https:\/\/hoyre.no\/content\/uploads\/sites\/408\/2022\/09\/Innovasjon.jpg\",\"contentUrl\":\"https:\/\/hoyre.no\/content\/uploads\/sites\/408\/2022\/09\/Innovasjon.jpg\",\"width\":1024,\"height\":361,\"caption\":\"Innovasjon\"},{\"@type\":\"BreadcrumbList\",\"@id\":\"https:\/\/hoyre.no\/oslo\/aktuelt\/innovasjonspolitikk-for-fremtiden\/#breadcrumb\",\"itemListElement\":[{\"@type\":\"ListItem\",\"position\":1,\"name\":\"Til hoyre.no\",\"item\":\"https:\/\/hoyre.no\"},{\"@type\":\"ListItem\",\"position\":2,\"name\":\"Hjem\",\"item\":\"https:\/\/hoyre.no\/oslo\/\"},{\"@type\":\"ListItem\",\"position\":3,\"name\":\"Innovasjonspolitikk for fremtiden\"}]},{\"@type\":\"WebSite\",\"@id\":\"https:\/\/hoyre.no\/oslo\/#website\",\"url\":\"https:\/\/hoyre.no\/oslo\/\",\"name\":\"Oslo H\u00f8yre\",\"description\":\"\",\"publisher\":{\"@id\":\"https:\/\/hoyre.no\/oslo\/#organization\"},\"inLanguage\":\"nb-NO\"},{\"@type\":\"Organization\",\"@id\":\"https:\/\/hoyre.no\/oslo\/#organization\",\"name\":\"Oslo H\u00f8yre\",\"url\":\"https:\/\/hoyre.no\/oslo\/\",\"logo\":{\"@type\":\"ImageObject\",\"inLanguage\":\"nb-NO\",\"@id\":\"https:\/\/hoyre.no\/oslo\/#\/schema\/logo\/image\/\",\"url\":\"https:\/\/hoyre.no\/content\/uploads\/sites\/408\/2022\/11\/Hoyres-logo.png\",\"contentUrl\":\"https:\/\/hoyre.no\/content\/uploads\/sites\/408\/2022\/11\/Hoyres-logo.png\",\"width\":1000,\"height\":1000,\"caption\":\"Oslo H\u00f8yre\"},\"image\":{\"@id\":\"https:\/\/hoyre.no\/oslo\/#\/schema\/logo\/image\/\"},\"sameAs\":[\"https:\/\/www.facebook.com\/oslo.hoyre\"]}]}<\/script>\n<!-- \/ Yoast SEO Premium plugin. -->","yoast_head_json":{"title":"Innovasjonspolitikk for fremtiden - Oslo H\u00f8yre","robots":{"index":"index","follow":"follow","max-snippet":"max-snippet:-1","max-image-preview":"max-image-preview:large","max-video-preview":"max-video-preview:-1"},"canonical":"https:\/\/hoyre.no\/oslo\/aktuelt\/innovasjonspolitikk-for-fremtiden\/","og_locale":"nb_NO","og_type":"article","og_title":"Innovasjonspolitikk for fremtiden","og_url":"https:\/\/hoyre.no\/oslo\/aktuelt\/innovasjonspolitikk-for-fremtiden\/","og_site_name":"Oslo H\u00f8yre","article_publisher":"https:\/\/www.facebook.com\/oslo.hoyre","article_published_time":"2013-09-06T06:36:42+00:00","article_modified_time":"2022-09-26T13:06:47+00:00","og_image":[{"width":1024,"height":361,"url":"https:\/\/hoyre.no\/content\/uploads\/sites\/408\/2022\/09\/Innovasjon.jpg","type":"image\/jpeg"}],"twitter_card":"summary_large_image","twitter_misc":{"Ansl. lesetid":"4 minutter"},"schema":{"@context":"https:\/\/schema.org","@graph":[{"@type":"Article","@id":"https:\/\/hoyre.no\/oslo\/aktuelt\/innovasjonspolitikk-for-fremtiden\/#article","isPartOf":{"@id":"https:\/\/hoyre.no\/oslo\/aktuelt\/innovasjonspolitikk-for-fremtiden\/"},"author":{"name":"","@id":""},"headline":"Innovasjonspolitikk for fremtiden","datePublished":"2013-09-06T06:36:42+00:00","dateModified":"2022-09-26T13:06:47+00:00","mainEntityOfPage":{"@id":"https:\/\/hoyre.no\/oslo\/aktuelt\/innovasjonspolitikk-for-fremtiden\/"},"wordCount":768,"publisher":{"@id":"https:\/\/hoyre.no\/oslo\/#organization"},"image":{"@id":"https:\/\/hoyre.no\/oslo\/aktuelt\/innovasjonspolitikk-for-fremtiden\/#primaryimage"},"thumbnailUrl":"https:\/\/hoyre.no\/content\/uploads\/sites\/408\/2022\/09\/Innovasjon.jpg","articleSection":["Nyheter"],"inLanguage":"nb-NO"},{"@type":"NewsArticle","@id":"https:\/\/hoyre.no\/oslo\/aktuelt\/innovasjonspolitikk-for-fremtiden\/","url":"https:\/\/hoyre.no\/oslo\/aktuelt\/innovasjonspolitikk-for-fremtiden\/","name":"Innovasjonspolitikk for fremtiden - Oslo H\u00f8yre","isPartOf":{"@id":"https:\/\/hoyre.no\/oslo\/#website"},"image":{"@id":"https:\/\/hoyre.no\/oslo\/aktuelt\/innovasjonspolitikk-for-fremtiden\/#primaryimage"},"thumbnailUrl":"https:\/\/hoyre.no\/content\/uploads\/sites\/408\/2022\/09\/Innovasjon.jpg","datePublished":"2013-09-06T06:36:42+00:00","dateModified":"2022-09-26T13:06:47+00:00","breadcrumb":{"@id":"https:\/\/hoyre.no\/oslo\/aktuelt\/innovasjonspolitikk-for-fremtiden\/#breadcrumb"},"inLanguage":"nb-NO","potentialAction":[{"@type":"ReadAction","target":["https:\/\/hoyre.no\/oslo\/aktuelt\/innovasjonspolitikk-for-fremtiden\/"]}]},{"@type":"ImageObject","inLanguage":"nb-NO","@id":"https:\/\/hoyre.no\/oslo\/aktuelt\/innovasjonspolitikk-for-fremtiden\/#primaryimage","url":"https:\/\/hoyre.no\/content\/uploads\/sites\/408\/2022\/09\/Innovasjon.jpg","contentUrl":"https:\/\/hoyre.no\/content\/uploads\/sites\/408\/2022\/09\/Innovasjon.jpg","width":1024,"height":361,"caption":"Innovasjon"},{"@type":"BreadcrumbList","@id":"https:\/\/hoyre.no\/oslo\/aktuelt\/innovasjonspolitikk-for-fremtiden\/#breadcrumb","itemListElement":[{"@type":"ListItem","position":1,"name":"Til hoyre.no","item":"https:\/\/hoyre.no"},{"@type":"ListItem","position":2,"name":"Hjem","item":"https:\/\/hoyre.no\/oslo\/"},{"@type":"ListItem","position":3,"name":"Innovasjonspolitikk for fremtiden"}]},{"@type":"WebSite","@id":"https:\/\/hoyre.no\/oslo\/#website","url":"https:\/\/hoyre.no\/oslo\/","name":"Oslo H\u00f8yre","description":"","publisher":{"@id":"https:\/\/hoyre.no\/oslo\/#organization"},"inLanguage":"nb-NO"},{"@type":"Organization","@id":"https:\/\/hoyre.no\/oslo\/#organization","name":"Oslo H\u00f8yre","url":"https:\/\/hoyre.no\/oslo\/","logo":{"@type":"ImageObject","inLanguage":"nb-NO","@id":"https:\/\/hoyre.no\/oslo\/#\/schema\/logo\/image\/","url":"https:\/\/hoyre.no\/content\/uploads\/sites\/408\/2022\/11\/Hoyres-logo.png","contentUrl":"https:\/\/hoyre.no\/content\/uploads\/sites\/408\/2022\/11\/Hoyres-logo.png","width":1000,"height":1000,"caption":"Oslo H\u00f8yre"},"image":{"@id":"https:\/\/hoyre.no\/oslo\/#\/schema\/logo\/image\/"},"sameAs":["https:\/\/www.facebook.com\/oslo.hoyre"]}]}},"distributor_meta":false,"distributor_terms":false,"distributor_media":false,"distributor_original_site_name":"Oslo H\u00f8yre","distributor_original_site_url":"https:\/\/hoyre.no\/oslo","push-errors":false,"_links":{"self":[{"href":"https:\/\/hoyre.no\/oslo\/wp-json\/wp\/v2\/posts\/1795","targetHints":{"allow":["GET"]}}],"collection":[{"href":"https:\/\/hoyre.no\/oslo\/wp-json\/wp\/v2\/posts"}],"about":[{"href":"https:\/\/hoyre.no\/oslo\/wp-json\/wp\/v2\/types\/post"}],"replies":[{"embeddable":true,"href":"https:\/\/hoyre.no\/oslo\/wp-json\/wp\/v2\/comments?post=1795"}],"version-history":[{"count":1,"href":"https:\/\/hoyre.no\/oslo\/wp-json\/wp\/v2\/posts\/1795\/revisions"}],"predecessor-version":[{"id":2977,"href":"https:\/\/hoyre.no\/oslo\/wp-json\/wp\/v2\/posts\/1795\/revisions\/2977"}],"wp:featuredmedia":[{"embeddable":true,"href":"https:\/\/hoyre.no\/oslo\/wp-json\/wp\/v2\/media\/1796"}],"wp:attachment":[{"href":"https:\/\/hoyre.no\/oslo\/wp-json\/wp\/v2\/media?parent=1795"}],"wp:term":[{"taxonomy":"category","embeddable":true,"href":"https:\/\/hoyre.no\/oslo\/wp-json\/wp\/v2\/category?post=1795"},{"taxonomy":"post_tag","embeddable":true,"href":"https:\/\/hoyre.no\/oslo\/wp-json\/wp\/v2\/post_tag?post=1795"},{"taxonomy":"hoyre-visibility","embeddable":true,"href":"https:\/\/hoyre.no\/oslo\/wp-json\/wp\/v2\/hoyre-visibility?post=1795"},{"taxonomy":"article-type","embeddable":true,"href":"https:\/\/hoyre.no\/oslo\/wp-json\/wp\/v2\/article-type?post=1795"},{"taxonomy":"politician","embeddable":true,"href":"https:\/\/hoyre.no\/oslo\/wp-json\/wp\/v2\/politician?post=1795"}],"curies":[{"name":"wp","href":"https:\/\/api.w.org\/{rel}","templated":true}]}}