{"id":1800,"date":"2013-09-04T13:20:22","date_gmt":"2013-09-04T13:20:22","guid":{"rendered":"https:\/\/hoyre.no\/oslo\/aktuelt\/rodgronn-kunnskapspolitikk-for-fall\/"},"modified":"2022-09-26T15:06:47","modified_gmt":"2022-09-26T13:06:47","slug":"rodgronn-kunnskapspolitikk-for-fall","status":"publish","type":"post","link":"https:\/\/hoyre.no\/oslo\/aktuelt\/rodgronn-kunnskapspolitikk-for-fall\/","title":{"rendered":"R\u00f8dgr\u00f8nn kunnskapspolitikk for fall"},"content":{"rendered":"<figure class=\"hoyre-image-wrapper\"><div class=\"hoyre-image\"><img loading=\"lazy\" decoding=\"async\" width=\"1024\" height=\"361\" src=\"https:\/\/hoyre.no\/content\/uploads\/sites\/408\/2022\/09\/100-timer.jpg\" class=\"attachment-scaled size-scaled\" alt=\"100 timer\" style=\"object-position: 50% 50%\" srcset=\"https:\/\/hoyre.no\/content\/uploads\/sites\/408\/2022\/09\/100-timer.jpg 1024w, https:\/\/hoyre.no\/content\/uploads\/sites\/408\/2022\/09\/100-timer-300x106.jpg 300w, https:\/\/hoyre.no\/content\/uploads\/sites\/408\/2022\/09\/100-timer-768x271.jpg 768w\" sizes=\"auto, (max-width: 1024px) 100vw, 1024px\" \/><\/div><\/figure><div id=\"hoyre-old-article-content-wrapper\"><p>H\u00f8yre har ambisjoner om \u00e5 bygge kunnskapsnasjonen.<\/p><p><em>Skrevet sammen med <a title=\"Ine Eriksen S\u00f8reide\" href=\"https:\/\/www.oslohoyre.no\/kandidater\/ine-eriksen-soreide\/\" target=\"_blank\" rel=\"noopener noreferrer\">Ine Eriksen S\u00f8reide<\/a>.<\/em><\/p><h2>Skuslet bort<\/h2><p>R\u00f8dgr\u00f8nn kunnskapspolitikk: Vi har en unik mulighet til \u00e5 investere systematisk og m\u00e5lrettet i kunnskap for \u00e5 sikre verdiskaping og fremtidig velferd &#8211; en mulighet den r\u00f8dgr\u00f8nne regjeringen har skuslet bort.<\/p><p>Den r\u00f8dgr\u00f8nne Regjeringen har i l\u00f8pet av sine \u00e5tte \u00e5r i regjering prioritert \u00e5 lovfeste noe av det minst viktige i skolen: Frukt og gr\u00f8nt, frivillig leksehjelp fra 1.-4. klasse og en kulturskoletime i SFO. H\u00f8yre satser p\u00e5 det som er det viktigste for elevenes l\u00e6ring, nemlig gode l\u00e6rere. V\u00e5rt m\u00e5l er at alle elever skal m\u00f8te en dyktig l\u00e6rer n\u00e5r de begynner p\u00e5 skolen. Derfor har vi sagt at etter- og videreutdanning av l\u00e6rere er det f\u00f8rste vi vil g\u00e5 i gang med etter h\u00f8stens valg er et l\u00e6rerl\u00f8ft.<\/p><h2>R\u00f8mmer fra SV<\/h2><p>I Dagbladet 9. august leser vi at <a title=\"R\u00f8mmer fra SV\" href=\"http:\/\/www.dagbladet.no\/2013\/08\/09\/nyheter\/samfunn\/valg13\/28609667\/\" target=\"_blank\" rel=\"noopener noreferrer\">h\u00f8yt utdannede velgere r\u00f8mmer fra SV<\/a>. Og skal vi tro de siste meningsm\u00e5lingene risikerer partiet \u00e5 falle ut av Stortinget. Velgerne er \u00e5penbart ikke tilfreds med regjeringens manglende prioritering av h\u00f8yere utdanning og forskning.<\/p><p>H\u00f8yre har ambisjoner om at Norge skal bli et av verdens mest innovative land hvor det skal v\u00e6re attraktivt \u00e5 etablere seg. Vi har en unik mulighet til \u00e5 investere i kunnskap for \u00e5 sikre verdiskaping og fremtidig velferd. Da m\u00e5 vi satse systematisk og m\u00e5lrettet p\u00e5 kunnskap og kompetanse i utdannings- og arbeidsliv.<\/p><blockquote><p>H\u00f8yre satser p\u00e5 det som er det viktigste for elevenes l\u00e6ring, nemlig gode l\u00e6rere.<\/p><\/blockquote><h2>Kunnskap i skolen<\/h2><p>I Oslo har det borgerlige byr\u00e5det f\u00f8rt en offensiv skolepolitikk med vekt p\u00e5 at flest mulig skal prestere best mulig. Det betyr at det legges til rette for at alle oppmuntres til \u00e5 strekke seg for \u00e5 kunne realisere sine egne muligheter i livet. Dette har gitt resultater: Osloelevene er best i landet etter \u00e5revis medsystematisk arbeid for \u00e5 sikre flest mulig elever grunnleggende ferdigheter. Det dreier seg om dokumentasjon og kartlegging av hva eleven presterer, \u00e5penhet rundt resultatene, f\u00e5 og tydelige m\u00e5l, tett oppf\u00f8lging av den enkelte elev og sist, men ikke minst; fokus p\u00e5 h\u00f8yt l\u00e6ringstrykk og grunnleggende ferdigheter.<\/p><h2>H\u00f8yere utdanning<\/h2><p>H\u00f8yre er opptatt av \u00e5 styrke kvaliteten i norsk h\u00f8yere utdanning og etterlyser en mer strategisk styring av sektoren. Vi har gjentatte ganger foresl\u00e5tt \u00e5 styrke grunnbevilgningene til universiteter og h\u00f8yskoler. Tanken er at \u00f8kte bevilgninger til universiteter og h\u00f8gskoler skal deles mellom en generell \u00f8kning av grunnfinansieringen til sektoren, og en m\u00e5lrettet bevilgning med form\u00e5l \u00e5 styrke kvaliteten i h\u00f8yere utdanning.<\/p><p>Norge har kompetansemilj\u00f8er b\u00e5de i n\u00e6ringslivet og akademia som er verdensledende innenfor sine felt. Disse trenger h\u00f8yt kvalifisert arbeidskraft, og vi trenger institusjoner og fagmilj\u00f8er i Norge som kan utdanne denne arbeidskraften og drive innovasjon og utvikling videre framover. Dette er ogs\u00e5 en av grunnene til at det m\u00e5 utarbeides en strategisk plan med ambisjoner for h\u00f8yere utdanning generelt og for fremragende milj\u00f8er spesielt.<\/p><p>Vi har allerede flere milj\u00f8er i verdenstoppen innen sine fagfelt, og disse m\u00e5 f\u00e5 utviklingsmuligheter. En satsing p\u00e5 universitets- og h\u00f8yskolemilj\u00f8er i verdenstoppen handler ogs\u00e5 om strategisk markedsf\u00f8ring og profilering av v\u00e5re fremste milj\u00f8er i den internasjonale konkurransen om studenter, unge forskere og forelesere.<\/p><h2>Forskning<\/h2><p>F\u00f8r H\u00f8yre forlot regjeringskontorene i 2005 ble det lagt frem en ambisi\u00f8s forskningsmelding med en like ambisi\u00f8s opptrappingsplan for forskning. Det f\u00f8rste den r\u00f8dgr\u00f8nne regjeringen gjorde da de overtok, var \u00e5 kutte den planlagte \u00f8kningen i Forskningsfondet med 25 mrd. kroner. N\u00e5 har regjeringen lagt ned hele Forskningsfondet \u2013 et fond som p\u00e5 en forutsigbar m\u00e5te sikret forskningsfinansiering \u00e5r framover i tid. Siden har regjeringen heller ikke klart \u00e5 \u00f8ke forskningsinnsatsen som andel av det totale statsbudsjettet, til tross for at de har hatt en historisk \u00f8konomisk mulighet.<\/p><p>Forskningsinnsatsen i 2013 er p\u00e5 3,7 %, og det utgj\u00f8r dermed akkurat den samme andel av statsbudsjettet som i 2006. Det fleste husker kuttet p\u00e5 275 mill. kr. i basisbevilgningene til universiteter og h\u00f8yskoler fra et \u00e5r til det neste. Kuttet satt sektoren tilbake, og den brukte mange \u00e5r bare p\u00e5 \u00e5 komme tilbake \u00abi null\u00bb.<\/p><p>De offentlige utgiftene har \u00f8kt kraftig gjennom de siste \u00e5tte \u00e5rene. I 2013 er statsbudsjettet p\u00e5 over 1000 milliarder, mot omlag 600 milliarder i 2005. Regjeringen skuffer n\u00e5r den ikke evner \u00e5 bruke det \u00f8kte handlingsrommet til \u00e5 satse mer p\u00e5 h\u00f8yere utdanning, forskning og innovasjon. Realveksten til forskning i innev\u00e6rende \u00e5rs budsjett er p\u00e5 2,2 prosent, mens veksten i statsbudsjettet er p\u00e5 2,4 prosent.<\/p><h2>Manglende vilje<\/h2><p>Dette kommer p\u00e5 toppen av flere \u00e5r preget av nullvekst. Regjeringens manglende vilje og evne til \u00e5 satse p\u00e5 forskning er urovekkende for v\u00e5r konkurransekraft. Regjeringen har svekket forutsigbarheten i forskningen ved \u00e5 avvikle forskningsfondet, og har vinglet i sp\u00f8rsm\u00e5let om en \u00f8nsker en gaveforsterkningsordning, ved \u00e5 f\u00f8rst avvikle den for deretter \u00e5 ta til orde for at man vil gjeninnf\u00f8re den.<\/p><p>Regjeringens forskningsmelding svarer ikke til de viktigste utfordringene norsk forskning st\u00e5r overfor, og det er uforst\u00e5elig at meldingen ikke inneholder noen tiltak for \u00e5 styrke n\u00e6ringslivets forskningsinnsats.<\/p><p>Da Jens Stoltenberg i januar 2013 annonserte at regjeringen skal \u00f8ke innsatsen for forskning kommenterte H\u00e5vard Therkelsen i Dagsavisen f\u00f8lgende:<\/p><p>\u201dI 2007 tok de r\u00f8dgr\u00f8nne et \u00abhvileskj\u00e6r\u00bb i forskningsbevilgningene, i f\u00f8lge tidligere kunnskapsminister \u00d8ystein Djupedal (SV). Dette kan igjen bli et problem for regjeringen i valget. L\u00f8ftene som statsministeren kom med i g\u00e5r, er mindre konkrete enn H\u00f8yres forskningssatsing. I sitt alternative budsjett satte H\u00f8yre av hele 2,5 milliarder kroner mer enn de r\u00f8dgr\u00f8nne til kunnskap og forskning.\u00bb<\/p><p>Klarere kan det neppe sies. V\u00e5rt samfunn er avhengig at vi skaper et godt fundament for kunnskap. Da m\u00e5 skolen styrkes, kvaliteten i h\u00f8yere utdanning m\u00e5 heves og forskningsinnsatsen m\u00e5 opp p\u00e5 et niv\u00e5 som gj\u00f8r at vi kan sikre v\u00e5r konkurransekraft.<\/p><p>La det ikke v\u00e6re noen tvil; H\u00f8yre har h\u00f8ye ambisjoner for kunnskapsnasjonen Norge.<\/p><p><em>Foto: colourbox.com<\/em><\/p>\n<\/div>\n<div class=\"tags\">\n\t<\/div>\n<div class=\"post-footer alignfull has-background block-editor-block-list__block\" data-align=full>\n\t<div class=\"post-footer-inner\">\n\t\t<h3>Relaterte artikler<\/h3>\n\t\t<div class=\"related-content\"><div class=\"is-card-hoyre\">\n\t<div class=\"teft-card hoyre-teft-card post-teft-card\">\n\t\t<a href=\"https:\/\/hoyre.no\/oslo\/aktuelt\/mdg-moralismen-fornekter-seg-ikke\/\" class=\"teft-card__primary-action\">\n\n\t\t\t\t\t<div class=\"teft-card__media teft-card__media--16-9\">\n\t\t\t\t\t\t<img loading=\"lazy\" decoding=\"async\" width=\"768\" height=\"512\" src=\"https:\/\/hoyre.no\/content\/uploads\/sites\/408\/2024\/01\/QZQlxtOC-768x512.jpeg\" class=\"attachment-medium_large size-medium_large\" alt=\"Merete Agerbak-Jensen\" srcset=\"https:\/\/hoyre.no\/content\/uploads\/sites\/408\/2024\/01\/QZQlxtOC-768x512.jpeg 768w, https:\/\/hoyre.no\/content\/uploads\/sites\/408\/2024\/01\/QZQlxtOC-300x200.jpeg 300w, https:\/\/hoyre.no\/content\/uploads\/sites\/408\/2024\/01\/QZQlxtOC-1024x683.jpeg 1024w, https:\/\/hoyre.no\/content\/uploads\/sites\/408\/2024\/01\/QZQlxtOC-1536x1024.jpeg 1536w, https:\/\/hoyre.no\/content\/uploads\/sites\/408\/2024\/01\/QZQlxtOC-2048x1365.jpeg 2048w\" sizes=\"auto, (max-width: 768px) 100vw, 768px\" \/>\t\t<\/div>\n\t\t\n\t\t\t<div class=\"teft-card__content-wrapper\">\n\t\t\t\t<div class=\"teft-card__secondary\">\n\t\t\t\t\t\n\t\t\t\t\t\t\t\t<div class=\"teft-card__meta\">\n\t\t\t\t\t\t\t\t\t<span class=\"post-date\">23. apr 2026<\/span>\n\n\t\t\t\t\t\t\t\t\t\t\t\t\t\t\t\t\t<\/div>\n\t\t\t\t\t\t\t\t\t\t\t<\/div>\n\n\t\t\t\t<div class=\"teft-card__primary\">\n\t\t\t\t\t<h2 class=\"teft-card__title\">MDG-moralismen fornekter seg ikke&nbsp;<span class=\"teft-card__primary-title-append\"><\/span><\/h2>\t\t\t\t<\/div>\n\t\t\t<\/div>\n\t\t<\/a>\n\t<\/div>\n\n\t<\/div><div class=\"is-card-hoyre\">\n\t<div class=\"teft-card hoyre-teft-card post-teft-card\">\n\t\t<a href=\"https:\/\/hoyre.no\/oslo\/aktuelt\/raskere-og-enklere-a-bygge-boliger-og-skape-arbeidsplasser-i-oslo\/\" class=\"teft-card__primary-action\">\n\n\t\t\t\t\t<div class=\"teft-card__media teft-card__media--16-9\">\n\t\t\t\t\t\t<img loading=\"lazy\" decoding=\"async\" width=\"768\" height=\"576\" src=\"https:\/\/hoyre.no\/content\/uploads\/sites\/408\/2026\/04\/Eirik-Lae-Solberg-og-Anita-Leirvik-North-768x576.jpg\" class=\"attachment-medium_large size-medium_large\" alt=\"\" srcset=\"https:\/\/hoyre.no\/content\/uploads\/sites\/408\/2026\/04\/Eirik-Lae-Solberg-og-Anita-Leirvik-North-768x576.jpg 768w, https:\/\/hoyre.no\/content\/uploads\/sites\/408\/2026\/04\/Eirik-Lae-Solberg-og-Anita-Leirvik-North-300x225.jpg 300w, https:\/\/hoyre.no\/content\/uploads\/sites\/408\/2026\/04\/Eirik-Lae-Solberg-og-Anita-Leirvik-North.jpg 901w\" sizes=\"auto, (max-width: 768px) 100vw, 768px\" \/>\t\t<\/div>\n\t\t\n\t\t\t<div class=\"teft-card__content-wrapper\">\n\t\t\t\t<div class=\"teft-card__secondary\">\n\t\t\t\t\t\n\t\t\t\t\t\t\t\t<div class=\"teft-card__meta\">\n\t\t\t\t\t\t\t\t\t<span class=\"post-date\">14. apr 2026<\/span>\n\n\t\t\t\t\t\t\t\t\t<span class=\"post-category\">Har lagt frem ny KPA:<\/span>\t\t\t\t\t\t\t\t<\/div>\n\t\t\t\t\t\t\t\t\t\t\t<\/div>\n\n\t\t\t\t<div class=\"teft-card__primary\">\n\t\t\t\t\t<h2 class=\"teft-card__title\">Raskere og enklere \u00e5 bygge boliger og skape arbeidsplasser i Oslo&nbsp;<span class=\"teft-card__primary-title-append\"><\/span><\/h2>\t\t\t\t<\/div>\n\t\t\t<\/div>\n\t\t<\/a>\n\t<\/div>\n\n\t<\/div><div class=\"is-card-hoyre\">\n\t<div class=\"teft-card hoyre-teft-card post-teft-card\">\n\t\t<a href=\"https:\/\/hoyre.no\/oslo\/aktuelt\/bedre-elevresultater-og-en-skoleokonomi-i-balanse-med-blagront-byrad\/\" class=\"teft-card__primary-action\">\n\n\t\t\t\t\t<div class=\"teft-card__media teft-card__media--16-9\">\n\t\t\t\t\t\t<img loading=\"lazy\" decoding=\"async\" width=\"768\" height=\"512\" src=\"https:\/\/hoyre.no\/content\/uploads\/sites\/408\/2025\/05\/IMG_6440-768x512.jpeg\" class=\"attachment-medium_large size-medium_large\" alt=\"Julie Remen Midtgarden\" srcset=\"https:\/\/hoyre.no\/content\/uploads\/sites\/408\/2025\/05\/IMG_6440-768x512.jpeg 768w, https:\/\/hoyre.no\/content\/uploads\/sites\/408\/2025\/05\/IMG_6440-300x200.jpeg 300w, https:\/\/hoyre.no\/content\/uploads\/sites\/408\/2025\/05\/IMG_6440-1024x683.jpeg 1024w, https:\/\/hoyre.no\/content\/uploads\/sites\/408\/2025\/05\/IMG_6440-1536x1024.jpeg 1536w, https:\/\/hoyre.no\/content\/uploads\/sites\/408\/2025\/05\/IMG_6440-2048x1365.jpeg 2048w\" sizes=\"auto, (max-width: 768px) 100vw, 768px\" \/>\t\t<\/div>\n\t\t\n\t\t\t<div class=\"teft-card__content-wrapper\">\n\t\t\t\t<div class=\"teft-card__secondary\">\n\t\t\t\t\t\n\t\t\t\t\t\t\t\t<div class=\"teft-card__meta\">\n\t\t\t\t\t\t\t\t\t<span class=\"post-date\">26. mar 2026<\/span>\n\n\t\t\t\t\t\t\t\t\t\t\t\t\t\t\t\t\t<\/div>\n\t\t\t\t\t\t\t\t\t\t\t<\/div>\n\n\t\t\t\t<div class=\"teft-card__primary\">\n\t\t\t\t\t<h2 class=\"teft-card__title\">Bedre elevresultater og en skole\u00f8konomi i balanse med bl\u00e5gr\u00f8nt byr\u00e5d&nbsp;<span class=\"teft-card__primary-title-append\"><\/span><\/h2>\t\t\t\t<\/div>\n\t\t\t<\/div>\n\t\t<\/a>\n\t<\/div>\n\n\t<\/div><\/div>\t<\/div>\n<\/div>\n","protected":false},"excerpt":{"rendered":"","protected":false},"author":0,"featured_media":0,"comment_status":"closed","ping_status":"open","sticky":false,"template":"","format":"standard","meta":{"teft_cards_image_url":"","teft_cards_custom_pretitle":"","teft_cards_image_id":0,"teft_cards_image_focal_point_x":0,"teft_cards_image_focal_point_y":0,"teft_cards_title":"","teft_cards_excerpt":"","teft_show_chapters":false,"author_display_name":"Oslo H\u00f8yre","footnotes":""},"category":[1],"post_tag":[],"hoyre-visibility":[],"article-type":[],"politician":[],"class_list":["post-1800","post","type-post","status-publish","format-standard","hentry","category-nyheter"],"yoast_head":"<!-- This site is optimized with the Yoast SEO Premium plugin v26.5 (Yoast SEO v26.6) - https:\/\/yoast.com\/wordpress\/plugins\/seo\/ -->\n<title>R\u00f8dgr\u00f8nn kunnskapspolitikk for fall - Oslo H\u00f8yre<\/title>\n<meta name=\"robots\" content=\"index, follow, max-snippet:-1, max-image-preview:large, max-video-preview:-1\" \/>\n<link rel=\"canonical\" href=\"https:\/\/hoyre.no\/oslo\/aktuelt\/rodgronn-kunnskapspolitikk-for-fall\/\" \/>\n<meta property=\"og:locale\" content=\"nb_NO\" \/>\n<meta property=\"og:type\" content=\"article\" \/>\n<meta property=\"og:title\" content=\"R\u00f8dgr\u00f8nn kunnskapspolitikk for fall\" \/>\n<meta property=\"og:url\" content=\"https:\/\/hoyre.no\/oslo\/aktuelt\/rodgronn-kunnskapspolitikk-for-fall\/\" \/>\n<meta property=\"og:site_name\" content=\"Oslo H\u00f8yre\" \/>\n<meta property=\"article:publisher\" content=\"https:\/\/www.facebook.com\/oslo.hoyre\" \/>\n<meta property=\"article:published_time\" content=\"2013-09-04T13:20:22+00:00\" \/>\n<meta property=\"article:modified_time\" content=\"2022-09-26T13:06:47+00:00\" \/>\n<meta property=\"og:image\" content=\"https:\/\/hoyre.no\/content\/uploads\/sites\/408\/2022\/11\/Hoyres-logo.png\" \/>\n\t<meta property=\"og:image:width\" content=\"1000\" \/>\n\t<meta property=\"og:image:height\" content=\"1000\" \/>\n\t<meta property=\"og:image:type\" content=\"image\/png\" \/>\n<meta name=\"twitter:card\" content=\"summary_large_image\" \/>\n<meta name=\"twitter:label1\" content=\"Ansl. lesetid\" \/>\n\t<meta name=\"twitter:data1\" content=\"5 minutter\" \/>\n<script type=\"application\/ld+json\" class=\"yoast-schema-graph\">{\"@context\":\"https:\/\/schema.org\",\"@graph\":[{\"@type\":\"Article\",\"@id\":\"https:\/\/hoyre.no\/oslo\/aktuelt\/rodgronn-kunnskapspolitikk-for-fall\/#article\",\"isPartOf\":{\"@id\":\"https:\/\/hoyre.no\/oslo\/aktuelt\/rodgronn-kunnskapspolitikk-for-fall\/\"},\"author\":{\"name\":\"\",\"@id\":\"\"},\"headline\":\"R\u00f8dgr\u00f8nn kunnskapspolitikk for fall\",\"datePublished\":\"2013-09-04T13:20:22+00:00\",\"dateModified\":\"2022-09-26T13:06:47+00:00\",\"mainEntityOfPage\":{\"@id\":\"https:\/\/hoyre.no\/oslo\/aktuelt\/rodgronn-kunnskapspolitikk-for-fall\/\"},\"wordCount\":1041,\"publisher\":{\"@id\":\"https:\/\/hoyre.no\/oslo\/#organization\"},\"articleSection\":[\"Nyheter\"],\"inLanguage\":\"nb-NO\"},{\"@type\":\"NewsArticle\",\"@id\":\"https:\/\/hoyre.no\/oslo\/aktuelt\/rodgronn-kunnskapspolitikk-for-fall\/\",\"url\":\"https:\/\/hoyre.no\/oslo\/aktuelt\/rodgronn-kunnskapspolitikk-for-fall\/\",\"name\":\"R\u00f8dgr\u00f8nn kunnskapspolitikk for fall - Oslo H\u00f8yre\",\"isPartOf\":{\"@id\":\"https:\/\/hoyre.no\/oslo\/#website\"},\"datePublished\":\"2013-09-04T13:20:22+00:00\",\"dateModified\":\"2022-09-26T13:06:47+00:00\",\"breadcrumb\":{\"@id\":\"https:\/\/hoyre.no\/oslo\/aktuelt\/rodgronn-kunnskapspolitikk-for-fall\/#breadcrumb\"},\"inLanguage\":\"nb-NO\",\"potentialAction\":[{\"@type\":\"ReadAction\",\"target\":[\"https:\/\/hoyre.no\/oslo\/aktuelt\/rodgronn-kunnskapspolitikk-for-fall\/\"]}]},{\"@type\":\"BreadcrumbList\",\"@id\":\"https:\/\/hoyre.no\/oslo\/aktuelt\/rodgronn-kunnskapspolitikk-for-fall\/#breadcrumb\",\"itemListElement\":[{\"@type\":\"ListItem\",\"position\":1,\"name\":\"Til hoyre.no\",\"item\":\"https:\/\/hoyre.no\"},{\"@type\":\"ListItem\",\"position\":2,\"name\":\"Hjem\",\"item\":\"https:\/\/hoyre.no\/oslo\/\"},{\"@type\":\"ListItem\",\"position\":3,\"name\":\"R\u00f8dgr\u00f8nn kunnskapspolitikk for fall\"}]},{\"@type\":\"WebSite\",\"@id\":\"https:\/\/hoyre.no\/oslo\/#website\",\"url\":\"https:\/\/hoyre.no\/oslo\/\",\"name\":\"Oslo H\u00f8yre\",\"description\":\"\",\"publisher\":{\"@id\":\"https:\/\/hoyre.no\/oslo\/#organization\"},\"inLanguage\":\"nb-NO\"},{\"@type\":\"Organization\",\"@id\":\"https:\/\/hoyre.no\/oslo\/#organization\",\"name\":\"Oslo H\u00f8yre\",\"url\":\"https:\/\/hoyre.no\/oslo\/\",\"logo\":{\"@type\":\"ImageObject\",\"inLanguage\":\"nb-NO\",\"@id\":\"https:\/\/hoyre.no\/oslo\/#\/schema\/logo\/image\/\",\"url\":\"https:\/\/hoyre.no\/content\/uploads\/sites\/408\/2022\/11\/Hoyres-logo.png\",\"contentUrl\":\"https:\/\/hoyre.no\/content\/uploads\/sites\/408\/2022\/11\/Hoyres-logo.png\",\"width\":1000,\"height\":1000,\"caption\":\"Oslo H\u00f8yre\"},\"image\":{\"@id\":\"https:\/\/hoyre.no\/oslo\/#\/schema\/logo\/image\/\"},\"sameAs\":[\"https:\/\/www.facebook.com\/oslo.hoyre\"]}]}<\/script>\n<!-- \/ Yoast SEO Premium plugin. -->","yoast_head_json":{"title":"R\u00f8dgr\u00f8nn kunnskapspolitikk for fall - Oslo H\u00f8yre","robots":{"index":"index","follow":"follow","max-snippet":"max-snippet:-1","max-image-preview":"max-image-preview:large","max-video-preview":"max-video-preview:-1"},"canonical":"https:\/\/hoyre.no\/oslo\/aktuelt\/rodgronn-kunnskapspolitikk-for-fall\/","og_locale":"nb_NO","og_type":"article","og_title":"R\u00f8dgr\u00f8nn kunnskapspolitikk for fall","og_url":"https:\/\/hoyre.no\/oslo\/aktuelt\/rodgronn-kunnskapspolitikk-for-fall\/","og_site_name":"Oslo H\u00f8yre","article_publisher":"https:\/\/www.facebook.com\/oslo.hoyre","article_published_time":"2013-09-04T13:20:22+00:00","article_modified_time":"2022-09-26T13:06:47+00:00","og_image":[{"width":1000,"height":1000,"url":"https:\/\/hoyre.no\/content\/uploads\/sites\/408\/2022\/11\/Hoyres-logo.png","type":"image\/png"}],"twitter_card":"summary_large_image","twitter_misc":{"Ansl. lesetid":"5 minutter"},"schema":{"@context":"https:\/\/schema.org","@graph":[{"@type":"Article","@id":"https:\/\/hoyre.no\/oslo\/aktuelt\/rodgronn-kunnskapspolitikk-for-fall\/#article","isPartOf":{"@id":"https:\/\/hoyre.no\/oslo\/aktuelt\/rodgronn-kunnskapspolitikk-for-fall\/"},"author":{"name":"","@id":""},"headline":"R\u00f8dgr\u00f8nn kunnskapspolitikk for fall","datePublished":"2013-09-04T13:20:22+00:00","dateModified":"2022-09-26T13:06:47+00:00","mainEntityOfPage":{"@id":"https:\/\/hoyre.no\/oslo\/aktuelt\/rodgronn-kunnskapspolitikk-for-fall\/"},"wordCount":1041,"publisher":{"@id":"https:\/\/hoyre.no\/oslo\/#organization"},"articleSection":["Nyheter"],"inLanguage":"nb-NO"},{"@type":"NewsArticle","@id":"https:\/\/hoyre.no\/oslo\/aktuelt\/rodgronn-kunnskapspolitikk-for-fall\/","url":"https:\/\/hoyre.no\/oslo\/aktuelt\/rodgronn-kunnskapspolitikk-for-fall\/","name":"R\u00f8dgr\u00f8nn kunnskapspolitikk for fall - Oslo H\u00f8yre","isPartOf":{"@id":"https:\/\/hoyre.no\/oslo\/#website"},"datePublished":"2013-09-04T13:20:22+00:00","dateModified":"2022-09-26T13:06:47+00:00","breadcrumb":{"@id":"https:\/\/hoyre.no\/oslo\/aktuelt\/rodgronn-kunnskapspolitikk-for-fall\/#breadcrumb"},"inLanguage":"nb-NO","potentialAction":[{"@type":"ReadAction","target":["https:\/\/hoyre.no\/oslo\/aktuelt\/rodgronn-kunnskapspolitikk-for-fall\/"]}]},{"@type":"BreadcrumbList","@id":"https:\/\/hoyre.no\/oslo\/aktuelt\/rodgronn-kunnskapspolitikk-for-fall\/#breadcrumb","itemListElement":[{"@type":"ListItem","position":1,"name":"Til hoyre.no","item":"https:\/\/hoyre.no"},{"@type":"ListItem","position":2,"name":"Hjem","item":"https:\/\/hoyre.no\/oslo\/"},{"@type":"ListItem","position":3,"name":"R\u00f8dgr\u00f8nn kunnskapspolitikk for fall"}]},{"@type":"WebSite","@id":"https:\/\/hoyre.no\/oslo\/#website","url":"https:\/\/hoyre.no\/oslo\/","name":"Oslo H\u00f8yre","description":"","publisher":{"@id":"https:\/\/hoyre.no\/oslo\/#organization"},"inLanguage":"nb-NO"},{"@type":"Organization","@id":"https:\/\/hoyre.no\/oslo\/#organization","name":"Oslo H\u00f8yre","url":"https:\/\/hoyre.no\/oslo\/","logo":{"@type":"ImageObject","inLanguage":"nb-NO","@id":"https:\/\/hoyre.no\/oslo\/#\/schema\/logo\/image\/","url":"https:\/\/hoyre.no\/content\/uploads\/sites\/408\/2022\/11\/Hoyres-logo.png","contentUrl":"https:\/\/hoyre.no\/content\/uploads\/sites\/408\/2022\/11\/Hoyres-logo.png","width":1000,"height":1000,"caption":"Oslo H\u00f8yre"},"image":{"@id":"https:\/\/hoyre.no\/oslo\/#\/schema\/logo\/image\/"},"sameAs":["https:\/\/www.facebook.com\/oslo.hoyre"]}]}},"distributor_meta":false,"distributor_terms":false,"distributor_media":false,"distributor_original_site_name":"Oslo H\u00f8yre","distributor_original_site_url":"https:\/\/hoyre.no\/oslo","push-errors":false,"_links":{"self":[{"href":"https:\/\/hoyre.no\/oslo\/wp-json\/wp\/v2\/posts\/1800","targetHints":{"allow":["GET"]}}],"collection":[{"href":"https:\/\/hoyre.no\/oslo\/wp-json\/wp\/v2\/posts"}],"about":[{"href":"https:\/\/hoyre.no\/oslo\/wp-json\/wp\/v2\/types\/post"}],"replies":[{"embeddable":true,"href":"https:\/\/hoyre.no\/oslo\/wp-json\/wp\/v2\/comments?post=1800"}],"version-history":[{"count":1,"href":"https:\/\/hoyre.no\/oslo\/wp-json\/wp\/v2\/posts\/1800\/revisions"}],"predecessor-version":[{"id":2980,"href":"https:\/\/hoyre.no\/oslo\/wp-json\/wp\/v2\/posts\/1800\/revisions\/2980"}],"wp:attachment":[{"href":"https:\/\/hoyre.no\/oslo\/wp-json\/wp\/v2\/media?parent=1800"}],"wp:term":[{"taxonomy":"category","embeddable":true,"href":"https:\/\/hoyre.no\/oslo\/wp-json\/wp\/v2\/category?post=1800"},{"taxonomy":"post_tag","embeddable":true,"href":"https:\/\/hoyre.no\/oslo\/wp-json\/wp\/v2\/post_tag?post=1800"},{"taxonomy":"hoyre-visibility","embeddable":true,"href":"https:\/\/hoyre.no\/oslo\/wp-json\/wp\/v2\/hoyre-visibility?post=1800"},{"taxonomy":"article-type","embeddable":true,"href":"https:\/\/hoyre.no\/oslo\/wp-json\/wp\/v2\/article-type?post=1800"},{"taxonomy":"politician","embeddable":true,"href":"https:\/\/hoyre.no\/oslo\/wp-json\/wp\/v2\/politician?post=1800"}],"curies":[{"name":"wp","href":"https:\/\/api.w.org\/{rel}","templated":true}]}}