{"id":1804,"date":"2013-09-03T15:04:01","date_gmt":"2013-09-03T15:04:01","guid":{"rendered":"https:\/\/hoyre.no\/oslo\/aktuelt\/en-helhetlig-miljosatsning\/"},"modified":"2022-09-26T15:06:49","modified_gmt":"2022-09-26T13:06:49","slug":"en-helhetlig-miljosatsning","status":"publish","type":"post","link":"https:\/\/hoyre.no\/oslo\/aktuelt\/en-helhetlig-miljosatsning\/","title":{"rendered":"En helhetlig milj\u00f8satsning"},"content":{"rendered":"<figure class=\"hoyre-image-wrapper\"><div class=\"hoyre-image\"><img loading=\"lazy\" decoding=\"async\" width=\"1024\" height=\"315\" src=\"https:\/\/hoyre.no\/content\/uploads\/sites\/408\/2022\/09\/Skolevalg.jpg\" class=\"attachment-scaled size-scaled\" alt=\"Skolevalg\" style=\"object-position: 50% 50%\" srcset=\"https:\/\/hoyre.no\/content\/uploads\/sites\/408\/2022\/09\/Skolevalg.jpg 1024w, https:\/\/hoyre.no\/content\/uploads\/sites\/408\/2022\/09\/Skolevalg-300x92.jpg 300w, https:\/\/hoyre.no\/content\/uploads\/sites\/408\/2022\/09\/Skolevalg-768x236.jpg 768w\" sizes=\"auto, (max-width: 1024px) 100vw, 1024px\" \/><\/div><\/figure><div id=\"hoyre-old-article-content-wrapper\"><p>Baard Ole Amundsen har et <a title=\"Ditt Oslo\" href=\"http:\/\/dittoslo.no\/meninger\/spalte-kan-sykkelen-vise-vei-1.8042331\" target=\"_blank\" rel=\"noopener noreferrer\">engasjert innlegg for sykkelen <\/a>p\u00e5 trykk i dittOslo 29.august. Jeg mener vi trenger en helhetlig milj\u00f8satsning.<\/p><p><strong>Jeg er<\/strong> helt enig med han i at sykling gj\u00f8r mennesker gladere, sunnere og sprekere, og at det har en gunstig effekt p\u00e5 klima. Men han gj\u00f8r det litt for enkelt for seg n\u00e5r han hevder at satsning p\u00e5 moderne teknologi egentlig bedrives for \u00ab\u00e5 redde v\u00e5r grensel\u00f8se forbrukerkultur fra de valgene vi burde ha tatt\u00bb.<\/p><p><strong>For det om<\/strong> det er noe et kapitalsterkt land som Norge kan bidra med, s\u00e5 er det ny teknologi. I en verden der stadig flere mennesker skal dele p\u00e5 stadig knappere ressurser, m\u00e5 vi f\u00e5 mer ut av mindre. Slik kan vi kombinere v\u00e5r levestandard med lave utslipp, og s\u00f8rge for at veksten i verden blir b\u00e6rekraftig.<\/p><blockquote><p>Prinsippet om at det alltid skal l\u00f8nne seg \u00e5 velge milj\u00f8vennlig m\u00e5 imidlertid st\u00e5 fast ogs\u00e5 etter 2017.<\/p><\/blockquote><p><strong>Et samfunn uten<\/strong> teknologiske nyvinninger vil faktisk stagnere b\u00e5de \u00f8konomisk og milj\u00f8messig. De grelleste eksemplene p\u00e5 forurensning finner vi gjerne i gamle Sovjet-staters utdaterte fabrikker og kullkraftverk. Gammel teknologi forurenser mer og uten ny teknologi mister vi muligheten til \u00e5 omstille oss til et lavutslippssamfunn.<\/p><p><strong>Amundsens kritikk<\/strong> av norsk el-bilpolitikk m\u00e5 vurderes i en st\u00f8rre sammenheng. P\u00e5 grunn av h\u00f8ye avgifter p\u00e5 konvensjonelle kj\u00f8ret\u00f8y og fossilt drivstoff er Norge meget godt egnet som testmarked for kj\u00f8ret\u00f8y som g\u00e5r p\u00e5 str\u00f8m, men ogs\u00e5 hydrogen, bioetanol, biogass og andre milj\u00f8vennlige alternativer.<\/p><p><strong>Det Norge n\u00e5 gj\u00f8r<\/strong> bidrar til \u00e5 utvikle et marked og en verdikjede for nullutslippsbiler som kan f\u00e5 stor betydning ogs\u00e5 utenfor Norges grenser. Noen m\u00e5 ta kostnaden ved teknologiutvikling, og dette er en m\u00e5te et kapitalsterkt land som Norge kan bidra til et gr\u00f8nt paradigmeskifte i transportsektoren. Det er i det perspektivet politikken m\u00e5 vurderes.<\/p><p><strong>Nullutslippsbiler har<\/strong> ogs\u00e5 en sv\u00e6rt god lokalmilj\u00f8effekt som m\u00e5 tas med i betraktning n\u00e5r man vurderer avgiftsfordelene. Det kan ikke kompenseres gjennom kvotekj\u00f8p. Det blir f\u00e6rre og f\u00e6rre grunner til \u00e5 kj\u00f8pe fossilbil n\u00e5r vi ser at bilfabrikantene lanserer stadig nye milj\u00f8alternativer med rekkevidde og ytelser som holder for de fleste av oss, samtidig som det kommer hurtigladestasjoner for de lengre bilturene.<\/p><p><strong>Snart kommer<\/strong> for eksempel publikumsfavoritten Golf som elbil. Hva en bilpark best\u00e5ende av en overvekt av elbiler ville betydd for Oslos luftkvalitet, skj\u00f8nner de fleste.<\/p><p><strong>H\u00f8yre har ikke<\/strong> tatt stilling til avgiftsregimet for el-biler etter 2017, men vi \u00f8nsker \u00e5 videref\u00f8re avgiftsfritaket for milj\u00f8vennlig drivstoff som biogass og bioetanol til 2020. Det er helt \u00e5penbart at de fordelene vi har n\u00e5 skal v\u00e6re en hjertestarter, ikke en pacemaker. Prinsippet om at det alltid skal l\u00f8nne seg \u00e5 velge milj\u00f8vennlig m\u00e5 imidlertid st\u00e5 fast ogs\u00e5 etter 2017.<\/p><p><strong>Det g\u00e5r an \u00e5 ha<\/strong> to tanker i hodet p\u00e5 en gang. Vi kan fortsatt bruke penger p\u00e5 CO2-rensing og elbiler samtidig som vi bygger sykkelveier. Oslos byr\u00e5d skal for eksempel bruke 554 millioner kroner p\u00e5 sykkelveier i Oslo fra 2013-2016 samtidig som Oslos busser m\u00e5 tilfredsstille de strengeste krav til utslipp.<\/p><p><strong>Men uansett hvor bra<\/strong> det er at folk sykler, kan vi ikke basere politikken v\u00e5r p\u00e5 at alle skal til slutt skal sykle i vinterlandet Norge. Derfor vil H\u00f8yre jobbe for at Oslo fortsatt skal ha Norges beste kollektivtilbud, og med en borgerlig regjering med st\u00f8rre forst\u00e5else for utfordringene i de store byene vil utbyggingen g\u00e5 raskere.<\/p><p><strong>V\u00e5rt samfunn har<\/strong> ogs\u00e5 behov for raskere kommunikasjon enn det et par pedaler kan fremskaffe. H\u00f8yre lover \u00e5 s\u00f8rge for at ogs\u00e5 samferdselen blir mest mulig milj\u00f8vennlig og tilgjengelig for alle.<\/p><p>&nbsp;<\/p><p><em>Foto: colourbox.com<\/em><\/p>\n<\/div>\n<div class=\"tags\">\n\t<\/div>\n<div class=\"post-footer alignfull has-background block-editor-block-list__block\" data-align=full>\n\t<div class=\"post-footer-inner\">\n\t\t<h3>Relaterte artikler<\/h3>\n\t\t<div class=\"related-content\"><div class=\"is-card-hoyre\">\n\t<div class=\"teft-card hoyre-teft-card post-teft-card\">\n\t\t<a href=\"https:\/\/hoyre.no\/oslo\/aktuelt\/mdg-moralismen-fornekter-seg-ikke\/\" class=\"teft-card__primary-action\">\n\n\t\t\t\t\t<div class=\"teft-card__media teft-card__media--16-9\">\n\t\t\t\t\t\t<img loading=\"lazy\" decoding=\"async\" width=\"768\" height=\"512\" src=\"https:\/\/hoyre.no\/content\/uploads\/sites\/408\/2024\/01\/QZQlxtOC-768x512.jpeg\" class=\"attachment-medium_large size-medium_large\" alt=\"Merete Agerbak-Jensen\" srcset=\"https:\/\/hoyre.no\/content\/uploads\/sites\/408\/2024\/01\/QZQlxtOC-768x512.jpeg 768w, https:\/\/hoyre.no\/content\/uploads\/sites\/408\/2024\/01\/QZQlxtOC-300x200.jpeg 300w, https:\/\/hoyre.no\/content\/uploads\/sites\/408\/2024\/01\/QZQlxtOC-1024x683.jpeg 1024w, https:\/\/hoyre.no\/content\/uploads\/sites\/408\/2024\/01\/QZQlxtOC-1536x1024.jpeg 1536w, https:\/\/hoyre.no\/content\/uploads\/sites\/408\/2024\/01\/QZQlxtOC-2048x1365.jpeg 2048w\" sizes=\"auto, (max-width: 768px) 100vw, 768px\" \/>\t\t<\/div>\n\t\t\n\t\t\t<div class=\"teft-card__content-wrapper\">\n\t\t\t\t<div class=\"teft-card__secondary\">\n\t\t\t\t\t\n\t\t\t\t\t\t\t\t<div class=\"teft-card__meta\">\n\t\t\t\t\t\t\t\t\t<span class=\"post-date\">23. apr 2026<\/span>\n\n\t\t\t\t\t\t\t\t\t\t\t\t\t\t\t\t\t<\/div>\n\t\t\t\t\t\t\t\t\t\t\t<\/div>\n\n\t\t\t\t<div class=\"teft-card__primary\">\n\t\t\t\t\t<h2 class=\"teft-card__title\">MDG-moralismen fornekter seg ikke&nbsp;<span class=\"teft-card__primary-title-append\"><\/span><\/h2>\t\t\t\t<\/div>\n\t\t\t<\/div>\n\t\t<\/a>\n\t<\/div>\n\n\t<\/div><div class=\"is-card-hoyre\">\n\t<div class=\"teft-card hoyre-teft-card post-teft-card\">\n\t\t<a href=\"https:\/\/hoyre.no\/oslo\/aktuelt\/raskere-og-enklere-a-bygge-boliger-og-skape-arbeidsplasser-i-oslo\/\" class=\"teft-card__primary-action\">\n\n\t\t\t\t\t<div class=\"teft-card__media teft-card__media--16-9\">\n\t\t\t\t\t\t<img loading=\"lazy\" decoding=\"async\" width=\"768\" height=\"576\" src=\"https:\/\/hoyre.no\/content\/uploads\/sites\/408\/2026\/04\/Eirik-Lae-Solberg-og-Anita-Leirvik-North-768x576.jpg\" class=\"attachment-medium_large size-medium_large\" alt=\"\" srcset=\"https:\/\/hoyre.no\/content\/uploads\/sites\/408\/2026\/04\/Eirik-Lae-Solberg-og-Anita-Leirvik-North-768x576.jpg 768w, https:\/\/hoyre.no\/content\/uploads\/sites\/408\/2026\/04\/Eirik-Lae-Solberg-og-Anita-Leirvik-North-300x225.jpg 300w, https:\/\/hoyre.no\/content\/uploads\/sites\/408\/2026\/04\/Eirik-Lae-Solberg-og-Anita-Leirvik-North.jpg 901w\" sizes=\"auto, (max-width: 768px) 100vw, 768px\" \/>\t\t<\/div>\n\t\t\n\t\t\t<div class=\"teft-card__content-wrapper\">\n\t\t\t\t<div class=\"teft-card__secondary\">\n\t\t\t\t\t\n\t\t\t\t\t\t\t\t<div class=\"teft-card__meta\">\n\t\t\t\t\t\t\t\t\t<span class=\"post-date\">14. apr 2026<\/span>\n\n\t\t\t\t\t\t\t\t\t<span class=\"post-category\">Har lagt frem ny KPA:<\/span>\t\t\t\t\t\t\t\t<\/div>\n\t\t\t\t\t\t\t\t\t\t\t<\/div>\n\n\t\t\t\t<div class=\"teft-card__primary\">\n\t\t\t\t\t<h2 class=\"teft-card__title\">Raskere og enklere \u00e5 bygge boliger og skape arbeidsplasser i Oslo&nbsp;<span class=\"teft-card__primary-title-append\"><\/span><\/h2>\t\t\t\t<\/div>\n\t\t\t<\/div>\n\t\t<\/a>\n\t<\/div>\n\n\t<\/div><div class=\"is-card-hoyre\">\n\t<div class=\"teft-card hoyre-teft-card post-teft-card\">\n\t\t<a href=\"https:\/\/hoyre.no\/oslo\/aktuelt\/bedre-elevresultater-og-en-skoleokonomi-i-balanse-med-blagront-byrad\/\" class=\"teft-card__primary-action\">\n\n\t\t\t\t\t<div class=\"teft-card__media teft-card__media--16-9\">\n\t\t\t\t\t\t<img loading=\"lazy\" decoding=\"async\" width=\"768\" height=\"512\" src=\"https:\/\/hoyre.no\/content\/uploads\/sites\/408\/2025\/05\/IMG_6440-768x512.jpeg\" class=\"attachment-medium_large size-medium_large\" alt=\"Julie Remen Midtgarden\" srcset=\"https:\/\/hoyre.no\/content\/uploads\/sites\/408\/2025\/05\/IMG_6440-768x512.jpeg 768w, https:\/\/hoyre.no\/content\/uploads\/sites\/408\/2025\/05\/IMG_6440-300x200.jpeg 300w, https:\/\/hoyre.no\/content\/uploads\/sites\/408\/2025\/05\/IMG_6440-1024x683.jpeg 1024w, https:\/\/hoyre.no\/content\/uploads\/sites\/408\/2025\/05\/IMG_6440-1536x1024.jpeg 1536w, https:\/\/hoyre.no\/content\/uploads\/sites\/408\/2025\/05\/IMG_6440-2048x1365.jpeg 2048w\" sizes=\"auto, (max-width: 768px) 100vw, 768px\" \/>\t\t<\/div>\n\t\t\n\t\t\t<div class=\"teft-card__content-wrapper\">\n\t\t\t\t<div class=\"teft-card__secondary\">\n\t\t\t\t\t\n\t\t\t\t\t\t\t\t<div class=\"teft-card__meta\">\n\t\t\t\t\t\t\t\t\t<span class=\"post-date\">26. mar 2026<\/span>\n\n\t\t\t\t\t\t\t\t\t\t\t\t\t\t\t\t\t<\/div>\n\t\t\t\t\t\t\t\t\t\t\t<\/div>\n\n\t\t\t\t<div class=\"teft-card__primary\">\n\t\t\t\t\t<h2 class=\"teft-card__title\">Bedre elevresultater og en skole\u00f8konomi i balanse med bl\u00e5gr\u00f8nt byr\u00e5d&nbsp;<span class=\"teft-card__primary-title-append\"><\/span><\/h2>\t\t\t\t<\/div>\n\t\t\t<\/div>\n\t\t<\/a>\n\t<\/div>\n\n\t<\/div><\/div>\t<\/div>\n<\/div>\n","protected":false},"excerpt":{"rendered":"","protected":false},"author":0,"featured_media":0,"comment_status":"closed","ping_status":"open","sticky":false,"template":"","format":"standard","meta":{"teft_cards_image_url":"","teft_cards_custom_pretitle":"","teft_cards_image_id":0,"teft_cards_image_focal_point_x":0,"teft_cards_image_focal_point_y":0,"teft_cards_title":"","teft_cards_excerpt":"","teft_show_chapters":false,"author_display_name":"Oslo H\u00f8yre","footnotes":""},"category":[1],"post_tag":[],"hoyre-visibility":[],"article-type":[],"politician":[],"class_list":["post-1804","post","type-post","status-publish","format-standard","hentry","category-nyheter"],"yoast_head":"<!-- This site is optimized with the Yoast SEO Premium plugin v26.5 (Yoast SEO v26.6) - https:\/\/yoast.com\/wordpress\/plugins\/seo\/ -->\n<title>En helhetlig milj\u00f8satsning - Oslo H\u00f8yre<\/title>\n<meta name=\"robots\" content=\"index, follow, max-snippet:-1, max-image-preview:large, max-video-preview:-1\" \/>\n<link rel=\"canonical\" href=\"https:\/\/hoyre.no\/oslo\/aktuelt\/en-helhetlig-miljosatsning\/\" \/>\n<meta property=\"og:locale\" content=\"nb_NO\" \/>\n<meta property=\"og:type\" content=\"article\" \/>\n<meta property=\"og:title\" content=\"En helhetlig milj\u00f8satsning\" \/>\n<meta property=\"og:url\" content=\"https:\/\/hoyre.no\/oslo\/aktuelt\/en-helhetlig-miljosatsning\/\" \/>\n<meta property=\"og:site_name\" content=\"Oslo H\u00f8yre\" \/>\n<meta property=\"article:publisher\" content=\"https:\/\/www.facebook.com\/oslo.hoyre\" \/>\n<meta property=\"article:published_time\" content=\"2013-09-03T15:04:01+00:00\" \/>\n<meta property=\"article:modified_time\" content=\"2022-09-26T13:06:49+00:00\" \/>\n<meta property=\"og:image\" content=\"https:\/\/hoyre.no\/content\/uploads\/sites\/408\/2022\/11\/Hoyres-logo.png\" \/>\n\t<meta property=\"og:image:width\" content=\"1000\" \/>\n\t<meta property=\"og:image:height\" content=\"1000\" \/>\n\t<meta property=\"og:image:type\" content=\"image\/png\" \/>\n<meta name=\"twitter:card\" content=\"summary_large_image\" \/>\n<meta name=\"twitter:label1\" content=\"Ansl. lesetid\" \/>\n\t<meta name=\"twitter:data1\" content=\"3 minutter\" \/>\n<script type=\"application\/ld+json\" class=\"yoast-schema-graph\">{\"@context\":\"https:\/\/schema.org\",\"@graph\":[{\"@type\":\"Article\",\"@id\":\"https:\/\/hoyre.no\/oslo\/aktuelt\/en-helhetlig-miljosatsning\/#article\",\"isPartOf\":{\"@id\":\"https:\/\/hoyre.no\/oslo\/aktuelt\/en-helhetlig-miljosatsning\/\"},\"author\":{\"name\":\"\",\"@id\":\"\"},\"headline\":\"En helhetlig milj\u00f8satsning\",\"datePublished\":\"2013-09-03T15:04:01+00:00\",\"dateModified\":\"2022-09-26T13:06:49+00:00\",\"mainEntityOfPage\":{\"@id\":\"https:\/\/hoyre.no\/oslo\/aktuelt\/en-helhetlig-miljosatsning\/\"},\"wordCount\":646,\"publisher\":{\"@id\":\"https:\/\/hoyre.no\/oslo\/#organization\"},\"articleSection\":[\"Nyheter\"],\"inLanguage\":\"nb-NO\"},{\"@type\":\"NewsArticle\",\"@id\":\"https:\/\/hoyre.no\/oslo\/aktuelt\/en-helhetlig-miljosatsning\/\",\"url\":\"https:\/\/hoyre.no\/oslo\/aktuelt\/en-helhetlig-miljosatsning\/\",\"name\":\"En helhetlig milj\u00f8satsning - Oslo H\u00f8yre\",\"isPartOf\":{\"@id\":\"https:\/\/hoyre.no\/oslo\/#website\"},\"datePublished\":\"2013-09-03T15:04:01+00:00\",\"dateModified\":\"2022-09-26T13:06:49+00:00\",\"breadcrumb\":{\"@id\":\"https:\/\/hoyre.no\/oslo\/aktuelt\/en-helhetlig-miljosatsning\/#breadcrumb\"},\"inLanguage\":\"nb-NO\",\"potentialAction\":[{\"@type\":\"ReadAction\",\"target\":[\"https:\/\/hoyre.no\/oslo\/aktuelt\/en-helhetlig-miljosatsning\/\"]}]},{\"@type\":\"BreadcrumbList\",\"@id\":\"https:\/\/hoyre.no\/oslo\/aktuelt\/en-helhetlig-miljosatsning\/#breadcrumb\",\"itemListElement\":[{\"@type\":\"ListItem\",\"position\":1,\"name\":\"Til hoyre.no\",\"item\":\"https:\/\/hoyre.no\"},{\"@type\":\"ListItem\",\"position\":2,\"name\":\"Hjem\",\"item\":\"https:\/\/hoyre.no\/oslo\/\"},{\"@type\":\"ListItem\",\"position\":3,\"name\":\"En helhetlig milj\u00f8satsning\"}]},{\"@type\":\"WebSite\",\"@id\":\"https:\/\/hoyre.no\/oslo\/#website\",\"url\":\"https:\/\/hoyre.no\/oslo\/\",\"name\":\"Oslo H\u00f8yre\",\"description\":\"\",\"publisher\":{\"@id\":\"https:\/\/hoyre.no\/oslo\/#organization\"},\"inLanguage\":\"nb-NO\"},{\"@type\":\"Organization\",\"@id\":\"https:\/\/hoyre.no\/oslo\/#organization\",\"name\":\"Oslo H\u00f8yre\",\"url\":\"https:\/\/hoyre.no\/oslo\/\",\"logo\":{\"@type\":\"ImageObject\",\"inLanguage\":\"nb-NO\",\"@id\":\"https:\/\/hoyre.no\/oslo\/#\/schema\/logo\/image\/\",\"url\":\"https:\/\/hoyre.no\/content\/uploads\/sites\/408\/2022\/11\/Hoyres-logo.png\",\"contentUrl\":\"https:\/\/hoyre.no\/content\/uploads\/sites\/408\/2022\/11\/Hoyres-logo.png\",\"width\":1000,\"height\":1000,\"caption\":\"Oslo H\u00f8yre\"},\"image\":{\"@id\":\"https:\/\/hoyre.no\/oslo\/#\/schema\/logo\/image\/\"},\"sameAs\":[\"https:\/\/www.facebook.com\/oslo.hoyre\"]}]}<\/script>\n<!-- \/ Yoast SEO Premium plugin. -->","yoast_head_json":{"title":"En helhetlig milj\u00f8satsning - Oslo H\u00f8yre","robots":{"index":"index","follow":"follow","max-snippet":"max-snippet:-1","max-image-preview":"max-image-preview:large","max-video-preview":"max-video-preview:-1"},"canonical":"https:\/\/hoyre.no\/oslo\/aktuelt\/en-helhetlig-miljosatsning\/","og_locale":"nb_NO","og_type":"article","og_title":"En helhetlig milj\u00f8satsning","og_url":"https:\/\/hoyre.no\/oslo\/aktuelt\/en-helhetlig-miljosatsning\/","og_site_name":"Oslo H\u00f8yre","article_publisher":"https:\/\/www.facebook.com\/oslo.hoyre","article_published_time":"2013-09-03T15:04:01+00:00","article_modified_time":"2022-09-26T13:06:49+00:00","og_image":[{"width":1000,"height":1000,"url":"https:\/\/hoyre.no\/content\/uploads\/sites\/408\/2022\/11\/Hoyres-logo.png","type":"image\/png"}],"twitter_card":"summary_large_image","twitter_misc":{"Ansl. lesetid":"3 minutter"},"schema":{"@context":"https:\/\/schema.org","@graph":[{"@type":"Article","@id":"https:\/\/hoyre.no\/oslo\/aktuelt\/en-helhetlig-miljosatsning\/#article","isPartOf":{"@id":"https:\/\/hoyre.no\/oslo\/aktuelt\/en-helhetlig-miljosatsning\/"},"author":{"name":"","@id":""},"headline":"En helhetlig milj\u00f8satsning","datePublished":"2013-09-03T15:04:01+00:00","dateModified":"2022-09-26T13:06:49+00:00","mainEntityOfPage":{"@id":"https:\/\/hoyre.no\/oslo\/aktuelt\/en-helhetlig-miljosatsning\/"},"wordCount":646,"publisher":{"@id":"https:\/\/hoyre.no\/oslo\/#organization"},"articleSection":["Nyheter"],"inLanguage":"nb-NO"},{"@type":"NewsArticle","@id":"https:\/\/hoyre.no\/oslo\/aktuelt\/en-helhetlig-miljosatsning\/","url":"https:\/\/hoyre.no\/oslo\/aktuelt\/en-helhetlig-miljosatsning\/","name":"En helhetlig milj\u00f8satsning - Oslo H\u00f8yre","isPartOf":{"@id":"https:\/\/hoyre.no\/oslo\/#website"},"datePublished":"2013-09-03T15:04:01+00:00","dateModified":"2022-09-26T13:06:49+00:00","breadcrumb":{"@id":"https:\/\/hoyre.no\/oslo\/aktuelt\/en-helhetlig-miljosatsning\/#breadcrumb"},"inLanguage":"nb-NO","potentialAction":[{"@type":"ReadAction","target":["https:\/\/hoyre.no\/oslo\/aktuelt\/en-helhetlig-miljosatsning\/"]}]},{"@type":"BreadcrumbList","@id":"https:\/\/hoyre.no\/oslo\/aktuelt\/en-helhetlig-miljosatsning\/#breadcrumb","itemListElement":[{"@type":"ListItem","position":1,"name":"Til hoyre.no","item":"https:\/\/hoyre.no"},{"@type":"ListItem","position":2,"name":"Hjem","item":"https:\/\/hoyre.no\/oslo\/"},{"@type":"ListItem","position":3,"name":"En helhetlig milj\u00f8satsning"}]},{"@type":"WebSite","@id":"https:\/\/hoyre.no\/oslo\/#website","url":"https:\/\/hoyre.no\/oslo\/","name":"Oslo H\u00f8yre","description":"","publisher":{"@id":"https:\/\/hoyre.no\/oslo\/#organization"},"inLanguage":"nb-NO"},{"@type":"Organization","@id":"https:\/\/hoyre.no\/oslo\/#organization","name":"Oslo H\u00f8yre","url":"https:\/\/hoyre.no\/oslo\/","logo":{"@type":"ImageObject","inLanguage":"nb-NO","@id":"https:\/\/hoyre.no\/oslo\/#\/schema\/logo\/image\/","url":"https:\/\/hoyre.no\/content\/uploads\/sites\/408\/2022\/11\/Hoyres-logo.png","contentUrl":"https:\/\/hoyre.no\/content\/uploads\/sites\/408\/2022\/11\/Hoyres-logo.png","width":1000,"height":1000,"caption":"Oslo H\u00f8yre"},"image":{"@id":"https:\/\/hoyre.no\/oslo\/#\/schema\/logo\/image\/"},"sameAs":["https:\/\/www.facebook.com\/oslo.hoyre"]}]}},"distributor_meta":false,"distributor_terms":false,"distributor_media":false,"distributor_original_site_name":"Oslo H\u00f8yre","distributor_original_site_url":"https:\/\/hoyre.no\/oslo","push-errors":false,"_links":{"self":[{"href":"https:\/\/hoyre.no\/oslo\/wp-json\/wp\/v2\/posts\/1804","targetHints":{"allow":["GET"]}}],"collection":[{"href":"https:\/\/hoyre.no\/oslo\/wp-json\/wp\/v2\/posts"}],"about":[{"href":"https:\/\/hoyre.no\/oslo\/wp-json\/wp\/v2\/types\/post"}],"replies":[{"embeddable":true,"href":"https:\/\/hoyre.no\/oslo\/wp-json\/wp\/v2\/comments?post=1804"}],"version-history":[{"count":1,"href":"https:\/\/hoyre.no\/oslo\/wp-json\/wp\/v2\/posts\/1804\/revisions"}],"predecessor-version":[{"id":2984,"href":"https:\/\/hoyre.no\/oslo\/wp-json\/wp\/v2\/posts\/1804\/revisions\/2984"}],"wp:attachment":[{"href":"https:\/\/hoyre.no\/oslo\/wp-json\/wp\/v2\/media?parent=1804"}],"wp:term":[{"taxonomy":"category","embeddable":true,"href":"https:\/\/hoyre.no\/oslo\/wp-json\/wp\/v2\/category?post=1804"},{"taxonomy":"post_tag","embeddable":true,"href":"https:\/\/hoyre.no\/oslo\/wp-json\/wp\/v2\/post_tag?post=1804"},{"taxonomy":"hoyre-visibility","embeddable":true,"href":"https:\/\/hoyre.no\/oslo\/wp-json\/wp\/v2\/hoyre-visibility?post=1804"},{"taxonomy":"article-type","embeddable":true,"href":"https:\/\/hoyre.no\/oslo\/wp-json\/wp\/v2\/article-type?post=1804"},{"taxonomy":"politician","embeddable":true,"href":"https:\/\/hoyre.no\/oslo\/wp-json\/wp\/v2\/politician?post=1804"}],"curies":[{"name":"wp","href":"https:\/\/api.w.org\/{rel}","templated":true}]}}