{"id":1807,"date":"2013-09-03T11:35:18","date_gmt":"2013-09-03T11:35:18","guid":{"rendered":"https:\/\/hoyre.no\/oslo\/aktuelt\/mattetalenter-skal-bli-laerere\/"},"modified":"2022-09-26T15:06:49","modified_gmt":"2022-09-26T13:06:49","slug":"mattetalenter-skal-bli-laerere","status":"publish","type":"post","link":"https:\/\/hoyre.no\/oslo\/aktuelt\/mattetalenter-skal-bli-laerere\/","title":{"rendered":"Mattetalenter skal bli l\u00e6rere!"},"content":{"rendered":"<figure class=\"hoyre-image-wrapper\"><div class=\"hoyre-image\"><img loading=\"lazy\" decoding=\"async\" width=\"1024\" height=\"361\" src=\"https:\/\/hoyre.no\/content\/uploads\/sites\/408\/2022\/09\/Kristin-og-Ine.jpg\" class=\"attachment-scaled size-scaled\" alt=\"Ine Eriksen S\u00f8reide og Kristin Vinje\" style=\"object-position: 50% 50%\" srcset=\"https:\/\/hoyre.no\/content\/uploads\/sites\/408\/2022\/09\/Kristin-og-Ine.jpg 1024w, https:\/\/hoyre.no\/content\/uploads\/sites\/408\/2022\/09\/Kristin-og-Ine-300x106.jpg 300w, https:\/\/hoyre.no\/content\/uploads\/sites\/408\/2022\/09\/Kristin-og-Ine-768x271.jpg 768w\" sizes=\"auto, (max-width: 1024px) 100vw, 1024px\" \/><\/div><\/figure><div id=\"hoyre-old-article-content-wrapper\"><p>N\u00e5 vil Universitetet i Oslo utvikle <a title=\"Dagsavisen\" href=\"http:\/\/www.dagsavisen.no\/tema\/arbeidsliv-og-utdanning\/ny-storsatsing-pa-realfagslerere\/?fb_action_ids=10201481513216506&#038;&#038;fb_action_types=og.recommends&#038;&#038;fb_source=other_multiline&#038;&#038;action_object_map={%2210201481513216506%22%3A360010797464162}&#038;&#038;action_type_map={%2210201481513216506%22%3A%22og.recommends%22}&#038;&#038;action_ref_map=[]\" target=\"_blank\" rel=\"noopener noreferrer\">Norges beste realfagsl\u00e6rerutdanning<\/a>.<\/p><h2>Ville bli l\u00e6rer<\/h2><p>Finansbyr\u00e5d i Oslo, Kristin Vinje har selv erfart lysten til \u00e5 bli l\u00e6rer. Men det ble aldri noe av. Sammen med Stortingsrepresentant Ine Eriksen S\u00f8reide dro hun til Universitet i Oslo forrige uke for \u00e5 snakke om nye tiltak for \u00e5 rekruttere studenter til realfag og l\u00e6reryrket.<\/p><p>&#8211; Da jeg begynte p\u00e5 realfag p\u00e5 Universitet i Oslo, \u00f8nsket jeg \u00e5 bli l\u00e6rer. Men jeg ble ikke oppfordret underveis til \u00e5 ta pedagogikk og satse p\u00e5 en karrierevei innenfor den norske skolen, sier Kristin Vinje.<\/p><p>&#8211; 63 % av grunnskoleelever fikk karakteren 3 eller lavere p\u00e5 matematikkeksamen i fjor. Snittkarakteren p\u00e5 avsluttende matematikkeksamen p\u00e5 videreg\u00e5ende skole l\u00e5 p\u00e5 2, 5. Selv om Osloskolen gj\u00f8r det bedre enn det nasjonale snittet, har vi fortsatt store utfordringer hvis vi \u00f8nsker \u00e5 bli en kunnskapsnasjon. Jeg tror n\u00f8kkelen er \u00e5 satse p\u00e5 realfagsl\u00e6reren, sier Kristin Vinje.<\/p><h2>Starter i skolen<\/h2><p>Ine Eriksen S\u00f8reide, tidligere leder av kirke, utdanning og forskningskomiteen p\u00e5 Stortinget, er enig.<\/p><p>&#8211; Realfagsutfordringen starter i skolen, b\u00e5de med tanke p\u00e5 motivasjon, kvalifikasjoner og rekruttering. H\u00f8yre har sagt at 10 000 l\u00e6rere i grunnskolen skal f\u00e5 tilbud om etterutdanning i matematikk i l\u00f8pet av fem \u00e5r. Det er storsatsning p\u00e5 l\u00e6reryrket! Men i dag er gjennomsnittsalderen for lektorer innen realfag i den videreg\u00e5ende skole n\u00e6rmere 60 \u00e5r. Svak ny-rekruttering av realfagsl\u00e6rere er derfor en viktig utfordring. Vi trenger \u00e5 samarbeide med fagmilj\u00f8er for \u00e5 rekruttere og utvikle engasjerte og kompetente l\u00e6rere innen realfag.<\/p><h2>Ser til Finland<\/h2><p>De trekker begge frem l\u00e6rerutdanningen i Finland som ett suksesseksempel. I Finland er det kun 10 % av s\u00f8kere som kommer inn p\u00e5 den popul\u00e6re l\u00e6rerutdanningen, og de lykkes i \u00e5 rekruttere de aller flinkeste mattetalentene.<\/p><p>&#8211; En av \u00e5rsakene til at l\u00e6rerutdanningen i Finland nyter stor respekt er fordi universitetene utdanner l\u00e6rere og fagfolk p\u00e5 universitetet bestemmer innholdet i l\u00e6rerutdanningen ut i fra forskningsbasert kunnskap. Dette skal vi l\u00e6re av. Vi b\u00f8r kreve karakteren 4 eller bedre i norsk, matematikk og engelsk for opptak til l\u00e6rerutdanningen og vi b\u00f8r gj\u00f8re om l\u00e6rerutdanningen til en fem\u00e5rig mastergradsutdanning, sier S\u00f8reide.<\/p><h2>L\u00e6rerutdanningen m\u00e5 heves<\/h2><p>Morten D\u00e6hlen, leder av Det matematisk-naturvitenskapelige fakultet ved Universitet i Oslo, er enig i at statusen for l\u00e6rerutdanningen m\u00e5 heves. I m\u00f8tet med Ine Eriksen S\u00f8reide og Krisitn Vinje presenterte han 5 konkrete tiltak som han mener vil bidra til en storstilt satsning p\u00e5 l\u00e6rerutdanningen. M\u00e5let er \u00e5 legge om undervisningsformen i realfagsutdanningen og lektorutdanningen, slik at det blir mer attraktivt for realister \u00e5 velge \u00e5 bli l\u00e6rere.<\/p><p><strong>Han trekker frem 5 konkrete tiltak som vil bidra til \u00e5 heve statusen til l\u00e6reryrket:<\/strong><\/p><ol><li>Det skal bli lettere \u00e5 hoppe over fra realfagsprogrammer til l\u00e6rerprogrammet ved Universitet i Oslo.<\/li><li>UiO skal bygge in lektor- og realfagsutdanningen i prosjektet &laquo;Computing in Science Education&raquo; (CSE). Det er et unikt utdanningsprosjekt som har f\u00e5tt stor internasjonal oppmerksomhet.<\/li><li>UiO vil modernisere og utvide det realfaglige innholdet i lektorprogrammet.<\/li><li>UiO vil ta ansvar for etter- og videreutdanning av l\u00e6rere, spesielt innen matematikk.<\/li><li>UiO vil samarbeide med andre akt\u00f8rer i samfunnet, blant annet videreg\u00e5ende skoler, for \u00e5 gj\u00f8re realfagsundervisningen mer spennende.<\/li><\/ol><p>Kristin Vinje er overbevist om at satsningen til Universitet i Oslo vil kunne bidra til \u00e5 \u00f8ke rekrutteringen av de flinkeste realfagselevene til l\u00e6reryrket.<\/p><p>&#8211; Universitet i Oslo er Norges klart st\u00f8rste utdanningsinstitusjon for l\u00e6rere til den videreg\u00e5ende skolen. Det er veldig positivt at de stiller alle sine ressurser til disposisjon for \u00e5 utvikle fremtidens l\u00e6rerutdanning. Sammen skal vi styrke norske elevers realfagskompetanse.<\/p><p><em>Les mer om denne saken i <a title=\"Dagsavisen\" href=\"http:\/\/www.dagsavisen.no\/tema\/arbeidsliv-og-utdanning\/ny-storsatsing-pa-realfagslerere\/?fb_action_ids=10201481513216506&#038;&#038;fb_action_types=og.recommends&#038;&#038;fb_source=other_multiline&#038;&#038;action_object_map={%2210201481513216506%22%3A360010797464162}&#038;&#038;action_type_map={%2210201481513216506%22%3A%22og.recommends%22}&#038;&#038;action_ref_map=[]\" target=\"_blank\" rel=\"noopener noreferrer\">Dagsavisen tirsdag 3.09.13<\/a><\/em><\/p><p>&nbsp;<\/p>\n<\/div>\n<div class=\"tags\">\n\t<\/div>\n<div class=\"post-footer alignfull has-background block-editor-block-list__block\" data-align=full>\n\t<div class=\"post-footer-inner\">\n\t\t<h3>Relaterte artikler<\/h3>\n\t\t<div class=\"related-content\"><div class=\"is-card-hoyre\">\n\t<div class=\"teft-card hoyre-teft-card post-teft-card\">\n\t\t<a href=\"https:\/\/hoyre.no\/oslo\/aktuelt\/mdg-moralismen-fornekter-seg-ikke\/\" class=\"teft-card__primary-action\">\n\n\t\t\t\t\t<div class=\"teft-card__media teft-card__media--16-9\">\n\t\t\t\t\t\t<img loading=\"lazy\" decoding=\"async\" width=\"768\" height=\"512\" src=\"https:\/\/hoyre.no\/content\/uploads\/sites\/408\/2024\/01\/QZQlxtOC-768x512.jpeg\" class=\"attachment-medium_large size-medium_large\" alt=\"Merete Agerbak-Jensen\" srcset=\"https:\/\/hoyre.no\/content\/uploads\/sites\/408\/2024\/01\/QZQlxtOC-768x512.jpeg 768w, https:\/\/hoyre.no\/content\/uploads\/sites\/408\/2024\/01\/QZQlxtOC-300x200.jpeg 300w, https:\/\/hoyre.no\/content\/uploads\/sites\/408\/2024\/01\/QZQlxtOC-1024x683.jpeg 1024w, https:\/\/hoyre.no\/content\/uploads\/sites\/408\/2024\/01\/QZQlxtOC-1536x1024.jpeg 1536w, https:\/\/hoyre.no\/content\/uploads\/sites\/408\/2024\/01\/QZQlxtOC-2048x1365.jpeg 2048w\" sizes=\"auto, (max-width: 768px) 100vw, 768px\" \/>\t\t<\/div>\n\t\t\n\t\t\t<div class=\"teft-card__content-wrapper\">\n\t\t\t\t<div class=\"teft-card__secondary\">\n\t\t\t\t\t\n\t\t\t\t\t\t\t\t<div class=\"teft-card__meta\">\n\t\t\t\t\t\t\t\t\t<span class=\"post-date\">23. apr 2026<\/span>\n\n\t\t\t\t\t\t\t\t\t\t\t\t\t\t\t\t\t<\/div>\n\t\t\t\t\t\t\t\t\t\t\t<\/div>\n\n\t\t\t\t<div class=\"teft-card__primary\">\n\t\t\t\t\t<h2 class=\"teft-card__title\">MDG-moralismen fornekter seg ikke&nbsp;<span class=\"teft-card__primary-title-append\"><\/span><\/h2>\t\t\t\t<\/div>\n\t\t\t<\/div>\n\t\t<\/a>\n\t<\/div>\n\n\t<\/div><div class=\"is-card-hoyre\">\n\t<div class=\"teft-card hoyre-teft-card post-teft-card\">\n\t\t<a href=\"https:\/\/hoyre.no\/oslo\/aktuelt\/raskere-og-enklere-a-bygge-boliger-og-skape-arbeidsplasser-i-oslo\/\" class=\"teft-card__primary-action\">\n\n\t\t\t\t\t<div class=\"teft-card__media teft-card__media--16-9\">\n\t\t\t\t\t\t<img loading=\"lazy\" decoding=\"async\" width=\"768\" height=\"576\" src=\"https:\/\/hoyre.no\/content\/uploads\/sites\/408\/2026\/04\/Eirik-Lae-Solberg-og-Anita-Leirvik-North-768x576.jpg\" class=\"attachment-medium_large size-medium_large\" alt=\"\" srcset=\"https:\/\/hoyre.no\/content\/uploads\/sites\/408\/2026\/04\/Eirik-Lae-Solberg-og-Anita-Leirvik-North-768x576.jpg 768w, https:\/\/hoyre.no\/content\/uploads\/sites\/408\/2026\/04\/Eirik-Lae-Solberg-og-Anita-Leirvik-North-300x225.jpg 300w, https:\/\/hoyre.no\/content\/uploads\/sites\/408\/2026\/04\/Eirik-Lae-Solberg-og-Anita-Leirvik-North.jpg 901w\" sizes=\"auto, (max-width: 768px) 100vw, 768px\" \/>\t\t<\/div>\n\t\t\n\t\t\t<div class=\"teft-card__content-wrapper\">\n\t\t\t\t<div class=\"teft-card__secondary\">\n\t\t\t\t\t\n\t\t\t\t\t\t\t\t<div class=\"teft-card__meta\">\n\t\t\t\t\t\t\t\t\t<span class=\"post-date\">14. apr 2026<\/span>\n\n\t\t\t\t\t\t\t\t\t<span class=\"post-category\">Har lagt frem ny KPA:<\/span>\t\t\t\t\t\t\t\t<\/div>\n\t\t\t\t\t\t\t\t\t\t\t<\/div>\n\n\t\t\t\t<div class=\"teft-card__primary\">\n\t\t\t\t\t<h2 class=\"teft-card__title\">Raskere og enklere \u00e5 bygge boliger og skape arbeidsplasser i Oslo&nbsp;<span class=\"teft-card__primary-title-append\"><\/span><\/h2>\t\t\t\t<\/div>\n\t\t\t<\/div>\n\t\t<\/a>\n\t<\/div>\n\n\t<\/div><div class=\"is-card-hoyre\">\n\t<div class=\"teft-card hoyre-teft-card post-teft-card\">\n\t\t<a href=\"https:\/\/hoyre.no\/oslo\/aktuelt\/bedre-elevresultater-og-en-skoleokonomi-i-balanse-med-blagront-byrad\/\" class=\"teft-card__primary-action\">\n\n\t\t\t\t\t<div class=\"teft-card__media teft-card__media--16-9\">\n\t\t\t\t\t\t<img loading=\"lazy\" decoding=\"async\" width=\"768\" height=\"512\" src=\"https:\/\/hoyre.no\/content\/uploads\/sites\/408\/2025\/05\/IMG_6440-768x512.jpeg\" class=\"attachment-medium_large size-medium_large\" alt=\"Julie Remen Midtgarden\" srcset=\"https:\/\/hoyre.no\/content\/uploads\/sites\/408\/2025\/05\/IMG_6440-768x512.jpeg 768w, https:\/\/hoyre.no\/content\/uploads\/sites\/408\/2025\/05\/IMG_6440-300x200.jpeg 300w, https:\/\/hoyre.no\/content\/uploads\/sites\/408\/2025\/05\/IMG_6440-1024x683.jpeg 1024w, https:\/\/hoyre.no\/content\/uploads\/sites\/408\/2025\/05\/IMG_6440-1536x1024.jpeg 1536w, https:\/\/hoyre.no\/content\/uploads\/sites\/408\/2025\/05\/IMG_6440-2048x1365.jpeg 2048w\" sizes=\"auto, (max-width: 768px) 100vw, 768px\" \/>\t\t<\/div>\n\t\t\n\t\t\t<div class=\"teft-card__content-wrapper\">\n\t\t\t\t<div class=\"teft-card__secondary\">\n\t\t\t\t\t\n\t\t\t\t\t\t\t\t<div class=\"teft-card__meta\">\n\t\t\t\t\t\t\t\t\t<span class=\"post-date\">26. mar 2026<\/span>\n\n\t\t\t\t\t\t\t\t\t\t\t\t\t\t\t\t\t<\/div>\n\t\t\t\t\t\t\t\t\t\t\t<\/div>\n\n\t\t\t\t<div class=\"teft-card__primary\">\n\t\t\t\t\t<h2 class=\"teft-card__title\">Bedre elevresultater og en skole\u00f8konomi i balanse med bl\u00e5gr\u00f8nt byr\u00e5d&nbsp;<span class=\"teft-card__primary-title-append\"><\/span><\/h2>\t\t\t\t<\/div>\n\t\t\t<\/div>\n\t\t<\/a>\n\t<\/div>\n\n\t<\/div><\/div>\t<\/div>\n<\/div>\n","protected":false},"excerpt":{"rendered":"","protected":false},"author":0,"featured_media":1808,"comment_status":"closed","ping_status":"open","sticky":false,"template":"","format":"standard","meta":{"teft_cards_image_url":"","teft_cards_custom_pretitle":"","teft_cards_image_id":1808,"teft_cards_image_focal_point_x":0,"teft_cards_image_focal_point_y":0,"teft_cards_title":"","teft_cards_excerpt":"","teft_show_chapters":false,"author_display_name":"Oslo H\u00f8yre","footnotes":""},"category":[1],"post_tag":[],"hoyre-visibility":[],"article-type":[],"politician":[],"class_list":["post-1807","post","type-post","status-publish","format-standard","hentry","category-nyheter"],"yoast_head":"<!-- This site is optimized with the Yoast SEO Premium plugin v26.5 (Yoast SEO v26.6) - https:\/\/yoast.com\/wordpress\/plugins\/seo\/ -->\n<title>Mattetalenter skal bli l\u00e6rere! - Oslo H\u00f8yre<\/title>\n<meta name=\"robots\" content=\"index, follow, max-snippet:-1, max-image-preview:large, max-video-preview:-1\" \/>\n<link rel=\"canonical\" href=\"https:\/\/hoyre.no\/oslo\/aktuelt\/mattetalenter-skal-bli-laerere\/\" \/>\n<meta property=\"og:locale\" content=\"nb_NO\" \/>\n<meta property=\"og:type\" content=\"article\" \/>\n<meta property=\"og:title\" content=\"Mattetalenter skal bli l\u00e6rere!\" \/>\n<meta property=\"og:url\" content=\"https:\/\/hoyre.no\/oslo\/aktuelt\/mattetalenter-skal-bli-laerere\/\" \/>\n<meta property=\"og:site_name\" content=\"Oslo H\u00f8yre\" \/>\n<meta property=\"article:publisher\" content=\"https:\/\/www.facebook.com\/oslo.hoyre\" \/>\n<meta property=\"article:published_time\" content=\"2013-09-03T11:35:18+00:00\" \/>\n<meta property=\"article:modified_time\" content=\"2022-09-26T13:06:49+00:00\" \/>\n<meta property=\"og:image\" content=\"https:\/\/hoyre.no\/content\/uploads\/sites\/408\/2022\/09\/Kristin-og-Ine.jpg\" \/>\n\t<meta property=\"og:image:width\" content=\"1024\" \/>\n\t<meta property=\"og:image:height\" content=\"361\" \/>\n\t<meta property=\"og:image:type\" content=\"image\/jpeg\" \/>\n<meta name=\"twitter:card\" content=\"summary_large_image\" \/>\n<meta name=\"twitter:label1\" content=\"Ansl. lesetid\" \/>\n\t<meta name=\"twitter:data1\" content=\"3 minutter\" \/>\n<script type=\"application\/ld+json\" class=\"yoast-schema-graph\">{\"@context\":\"https:\/\/schema.org\",\"@graph\":[{\"@type\":\"Article\",\"@id\":\"https:\/\/hoyre.no\/oslo\/aktuelt\/mattetalenter-skal-bli-laerere\/#article\",\"isPartOf\":{\"@id\":\"https:\/\/hoyre.no\/oslo\/aktuelt\/mattetalenter-skal-bli-laerere\/\"},\"author\":{\"name\":\"\",\"@id\":\"\"},\"headline\":\"Mattetalenter skal bli l\u00e6rere!\",\"datePublished\":\"2013-09-03T11:35:18+00:00\",\"dateModified\":\"2022-09-26T13:06:49+00:00\",\"mainEntityOfPage\":{\"@id\":\"https:\/\/hoyre.no\/oslo\/aktuelt\/mattetalenter-skal-bli-laerere\/\"},\"wordCount\":635,\"publisher\":{\"@id\":\"https:\/\/hoyre.no\/oslo\/#organization\"},\"image\":{\"@id\":\"https:\/\/hoyre.no\/oslo\/aktuelt\/mattetalenter-skal-bli-laerere\/#primaryimage\"},\"thumbnailUrl\":\"https:\/\/hoyre.no\/content\/uploads\/sites\/408\/2022\/09\/Kristin-og-Ine.jpg\",\"articleSection\":[\"Nyheter\"],\"inLanguage\":\"nb-NO\"},{\"@type\":\"NewsArticle\",\"@id\":\"https:\/\/hoyre.no\/oslo\/aktuelt\/mattetalenter-skal-bli-laerere\/\",\"url\":\"https:\/\/hoyre.no\/oslo\/aktuelt\/mattetalenter-skal-bli-laerere\/\",\"name\":\"Mattetalenter skal bli l\u00e6rere! - Oslo H\u00f8yre\",\"isPartOf\":{\"@id\":\"https:\/\/hoyre.no\/oslo\/#website\"},\"image\":{\"@id\":\"https:\/\/hoyre.no\/oslo\/aktuelt\/mattetalenter-skal-bli-laerere\/#primaryimage\"},\"thumbnailUrl\":\"https:\/\/hoyre.no\/content\/uploads\/sites\/408\/2022\/09\/Kristin-og-Ine.jpg\",\"datePublished\":\"2013-09-03T11:35:18+00:00\",\"dateModified\":\"2022-09-26T13:06:49+00:00\",\"breadcrumb\":{\"@id\":\"https:\/\/hoyre.no\/oslo\/aktuelt\/mattetalenter-skal-bli-laerere\/#breadcrumb\"},\"inLanguage\":\"nb-NO\",\"potentialAction\":[{\"@type\":\"ReadAction\",\"target\":[\"https:\/\/hoyre.no\/oslo\/aktuelt\/mattetalenter-skal-bli-laerere\/\"]}]},{\"@type\":\"ImageObject\",\"inLanguage\":\"nb-NO\",\"@id\":\"https:\/\/hoyre.no\/oslo\/aktuelt\/mattetalenter-skal-bli-laerere\/#primaryimage\",\"url\":\"https:\/\/hoyre.no\/content\/uploads\/sites\/408\/2022\/09\/Kristin-og-Ine.jpg\",\"contentUrl\":\"https:\/\/hoyre.no\/content\/uploads\/sites\/408\/2022\/09\/Kristin-og-Ine.jpg\",\"width\":1024,\"height\":361,\"caption\":\"Ine Eriksen S\u00f8reide og Kristin Vinje\"},{\"@type\":\"BreadcrumbList\",\"@id\":\"https:\/\/hoyre.no\/oslo\/aktuelt\/mattetalenter-skal-bli-laerere\/#breadcrumb\",\"itemListElement\":[{\"@type\":\"ListItem\",\"position\":1,\"name\":\"Til hoyre.no\",\"item\":\"https:\/\/hoyre.no\"},{\"@type\":\"ListItem\",\"position\":2,\"name\":\"Hjem\",\"item\":\"https:\/\/hoyre.no\/oslo\/\"},{\"@type\":\"ListItem\",\"position\":3,\"name\":\"Mattetalenter skal bli l\u00e6rere!\"}]},{\"@type\":\"WebSite\",\"@id\":\"https:\/\/hoyre.no\/oslo\/#website\",\"url\":\"https:\/\/hoyre.no\/oslo\/\",\"name\":\"Oslo H\u00f8yre\",\"description\":\"\",\"publisher\":{\"@id\":\"https:\/\/hoyre.no\/oslo\/#organization\"},\"inLanguage\":\"nb-NO\"},{\"@type\":\"Organization\",\"@id\":\"https:\/\/hoyre.no\/oslo\/#organization\",\"name\":\"Oslo H\u00f8yre\",\"url\":\"https:\/\/hoyre.no\/oslo\/\",\"logo\":{\"@type\":\"ImageObject\",\"inLanguage\":\"nb-NO\",\"@id\":\"https:\/\/hoyre.no\/oslo\/#\/schema\/logo\/image\/\",\"url\":\"https:\/\/hoyre.no\/content\/uploads\/sites\/408\/2022\/11\/Hoyres-logo.png\",\"contentUrl\":\"https:\/\/hoyre.no\/content\/uploads\/sites\/408\/2022\/11\/Hoyres-logo.png\",\"width\":1000,\"height\":1000,\"caption\":\"Oslo H\u00f8yre\"},\"image\":{\"@id\":\"https:\/\/hoyre.no\/oslo\/#\/schema\/logo\/image\/\"},\"sameAs\":[\"https:\/\/www.facebook.com\/oslo.hoyre\"]}]}<\/script>\n<!-- \/ Yoast SEO Premium plugin. -->","yoast_head_json":{"title":"Mattetalenter skal bli l\u00e6rere! - Oslo H\u00f8yre","robots":{"index":"index","follow":"follow","max-snippet":"max-snippet:-1","max-image-preview":"max-image-preview:large","max-video-preview":"max-video-preview:-1"},"canonical":"https:\/\/hoyre.no\/oslo\/aktuelt\/mattetalenter-skal-bli-laerere\/","og_locale":"nb_NO","og_type":"article","og_title":"Mattetalenter skal bli l\u00e6rere!","og_url":"https:\/\/hoyre.no\/oslo\/aktuelt\/mattetalenter-skal-bli-laerere\/","og_site_name":"Oslo H\u00f8yre","article_publisher":"https:\/\/www.facebook.com\/oslo.hoyre","article_published_time":"2013-09-03T11:35:18+00:00","article_modified_time":"2022-09-26T13:06:49+00:00","og_image":[{"width":1024,"height":361,"url":"https:\/\/hoyre.no\/content\/uploads\/sites\/408\/2022\/09\/Kristin-og-Ine.jpg","type":"image\/jpeg"}],"twitter_card":"summary_large_image","twitter_misc":{"Ansl. lesetid":"3 minutter"},"schema":{"@context":"https:\/\/schema.org","@graph":[{"@type":"Article","@id":"https:\/\/hoyre.no\/oslo\/aktuelt\/mattetalenter-skal-bli-laerere\/#article","isPartOf":{"@id":"https:\/\/hoyre.no\/oslo\/aktuelt\/mattetalenter-skal-bli-laerere\/"},"author":{"name":"","@id":""},"headline":"Mattetalenter skal bli l\u00e6rere!","datePublished":"2013-09-03T11:35:18+00:00","dateModified":"2022-09-26T13:06:49+00:00","mainEntityOfPage":{"@id":"https:\/\/hoyre.no\/oslo\/aktuelt\/mattetalenter-skal-bli-laerere\/"},"wordCount":635,"publisher":{"@id":"https:\/\/hoyre.no\/oslo\/#organization"},"image":{"@id":"https:\/\/hoyre.no\/oslo\/aktuelt\/mattetalenter-skal-bli-laerere\/#primaryimage"},"thumbnailUrl":"https:\/\/hoyre.no\/content\/uploads\/sites\/408\/2022\/09\/Kristin-og-Ine.jpg","articleSection":["Nyheter"],"inLanguage":"nb-NO"},{"@type":"NewsArticle","@id":"https:\/\/hoyre.no\/oslo\/aktuelt\/mattetalenter-skal-bli-laerere\/","url":"https:\/\/hoyre.no\/oslo\/aktuelt\/mattetalenter-skal-bli-laerere\/","name":"Mattetalenter skal bli l\u00e6rere! - Oslo H\u00f8yre","isPartOf":{"@id":"https:\/\/hoyre.no\/oslo\/#website"},"image":{"@id":"https:\/\/hoyre.no\/oslo\/aktuelt\/mattetalenter-skal-bli-laerere\/#primaryimage"},"thumbnailUrl":"https:\/\/hoyre.no\/content\/uploads\/sites\/408\/2022\/09\/Kristin-og-Ine.jpg","datePublished":"2013-09-03T11:35:18+00:00","dateModified":"2022-09-26T13:06:49+00:00","breadcrumb":{"@id":"https:\/\/hoyre.no\/oslo\/aktuelt\/mattetalenter-skal-bli-laerere\/#breadcrumb"},"inLanguage":"nb-NO","potentialAction":[{"@type":"ReadAction","target":["https:\/\/hoyre.no\/oslo\/aktuelt\/mattetalenter-skal-bli-laerere\/"]}]},{"@type":"ImageObject","inLanguage":"nb-NO","@id":"https:\/\/hoyre.no\/oslo\/aktuelt\/mattetalenter-skal-bli-laerere\/#primaryimage","url":"https:\/\/hoyre.no\/content\/uploads\/sites\/408\/2022\/09\/Kristin-og-Ine.jpg","contentUrl":"https:\/\/hoyre.no\/content\/uploads\/sites\/408\/2022\/09\/Kristin-og-Ine.jpg","width":1024,"height":361,"caption":"Ine Eriksen S\u00f8reide og Kristin Vinje"},{"@type":"BreadcrumbList","@id":"https:\/\/hoyre.no\/oslo\/aktuelt\/mattetalenter-skal-bli-laerere\/#breadcrumb","itemListElement":[{"@type":"ListItem","position":1,"name":"Til hoyre.no","item":"https:\/\/hoyre.no"},{"@type":"ListItem","position":2,"name":"Hjem","item":"https:\/\/hoyre.no\/oslo\/"},{"@type":"ListItem","position":3,"name":"Mattetalenter skal bli l\u00e6rere!"}]},{"@type":"WebSite","@id":"https:\/\/hoyre.no\/oslo\/#website","url":"https:\/\/hoyre.no\/oslo\/","name":"Oslo H\u00f8yre","description":"","publisher":{"@id":"https:\/\/hoyre.no\/oslo\/#organization"},"inLanguage":"nb-NO"},{"@type":"Organization","@id":"https:\/\/hoyre.no\/oslo\/#organization","name":"Oslo H\u00f8yre","url":"https:\/\/hoyre.no\/oslo\/","logo":{"@type":"ImageObject","inLanguage":"nb-NO","@id":"https:\/\/hoyre.no\/oslo\/#\/schema\/logo\/image\/","url":"https:\/\/hoyre.no\/content\/uploads\/sites\/408\/2022\/11\/Hoyres-logo.png","contentUrl":"https:\/\/hoyre.no\/content\/uploads\/sites\/408\/2022\/11\/Hoyres-logo.png","width":1000,"height":1000,"caption":"Oslo H\u00f8yre"},"image":{"@id":"https:\/\/hoyre.no\/oslo\/#\/schema\/logo\/image\/"},"sameAs":["https:\/\/www.facebook.com\/oslo.hoyre"]}]}},"distributor_meta":false,"distributor_terms":false,"distributor_media":false,"distributor_original_site_name":"Oslo H\u00f8yre","distributor_original_site_url":"https:\/\/hoyre.no\/oslo","push-errors":false,"_links":{"self":[{"href":"https:\/\/hoyre.no\/oslo\/wp-json\/wp\/v2\/posts\/1807","targetHints":{"allow":["GET"]}}],"collection":[{"href":"https:\/\/hoyre.no\/oslo\/wp-json\/wp\/v2\/posts"}],"about":[{"href":"https:\/\/hoyre.no\/oslo\/wp-json\/wp\/v2\/types\/post"}],"replies":[{"embeddable":true,"href":"https:\/\/hoyre.no\/oslo\/wp-json\/wp\/v2\/comments?post=1807"}],"version-history":[{"count":1,"href":"https:\/\/hoyre.no\/oslo\/wp-json\/wp\/v2\/posts\/1807\/revisions"}],"predecessor-version":[{"id":2987,"href":"https:\/\/hoyre.no\/oslo\/wp-json\/wp\/v2\/posts\/1807\/revisions\/2987"}],"wp:featuredmedia":[{"embeddable":true,"href":"https:\/\/hoyre.no\/oslo\/wp-json\/wp\/v2\/media\/1808"}],"wp:attachment":[{"href":"https:\/\/hoyre.no\/oslo\/wp-json\/wp\/v2\/media?parent=1807"}],"wp:term":[{"taxonomy":"category","embeddable":true,"href":"https:\/\/hoyre.no\/oslo\/wp-json\/wp\/v2\/category?post=1807"},{"taxonomy":"post_tag","embeddable":true,"href":"https:\/\/hoyre.no\/oslo\/wp-json\/wp\/v2\/post_tag?post=1807"},{"taxonomy":"hoyre-visibility","embeddable":true,"href":"https:\/\/hoyre.no\/oslo\/wp-json\/wp\/v2\/hoyre-visibility?post=1807"},{"taxonomy":"article-type","embeddable":true,"href":"https:\/\/hoyre.no\/oslo\/wp-json\/wp\/v2\/article-type?post=1807"},{"taxonomy":"politician","embeddable":true,"href":"https:\/\/hoyre.no\/oslo\/wp-json\/wp\/v2\/politician?post=1807"}],"curies":[{"name":"wp","href":"https:\/\/api.w.org\/{rel}","templated":true}]}}