{"id":1810,"date":"2013-09-03T08:13:43","date_gmt":"2013-09-03T08:13:43","guid":{"rendered":"https:\/\/hoyre.no\/oslo\/aktuelt\/bloffen-om-kommuneokonomien\/"},"modified":"2022-09-26T15:06:49","modified_gmt":"2022-09-26T13:06:49","slug":"bloffen-om-kommuneokonomien","status":"publish","type":"post","link":"https:\/\/hoyre.no\/oslo\/aktuelt\/bloffen-om-kommuneokonomien\/","title":{"rendered":"Bl\u00f8ffen om kommune\u00f8konomien"},"content":{"rendered":"<figure class=\"hoyre-image-wrapper\"><div class=\"hoyre-image\"><img loading=\"lazy\" decoding=\"async\" width=\"1024\" height=\"361\" src=\"https:\/\/hoyre.no\/content\/uploads\/sites\/408\/2022\/09\/Kristin-Vinje-saksbilde.jpg\" class=\"attachment-scaled size-scaled\" alt=\"Kristin Vinje\" style=\"object-position: 50% 50%\" srcset=\"https:\/\/hoyre.no\/content\/uploads\/sites\/408\/2022\/09\/Kristin-Vinje-saksbilde.jpg 1024w, https:\/\/hoyre.no\/content\/uploads\/sites\/408\/2022\/09\/Kristin-Vinje-saksbilde-300x106.jpg 300w, https:\/\/hoyre.no\/content\/uploads\/sites\/408\/2022\/09\/Kristin-Vinje-saksbilde-768x271.jpg 768w\" sizes=\"auto, (max-width: 1024px) 100vw, 1024px\" \/><\/div><\/figure><div id=\"hoyre-old-article-content-wrapper\"><p>Til tross for at Oslo vokser med mer enn 10.000 innbyggere i \u00e5ret, f\u00e5r Oslo kommune ingenting\u00a0 i veksttilskudd fra staten.<\/p><p>\u2013 N\u00e5r regjeringen hevder at vekstkommunene f\u00e5r dekket utgiftene flere innbyggere f\u00f8rer med seg, er det feil, sier Oslos finansbyr\u00e5d Kristin Vinje fra H\u00f8yre.<\/p><p><em>Les ogs\u00e5 <a title=\"Nrk\" href=\"http:\/\/www.nrk.no\/ostlandssendingen\/_--oslo-far-ikke-fem-ore-1.11216931\" target=\"_blank\" rel=\"noopener noreferrer\">Oslo f\u00e5r ikke fem \u00f8re<\/a>.<\/em><\/p><p><strong>Norge styres nedenfra!<\/strong><\/p><p>Det er i de sm\u00e5 fellesskapene velferden skapes. Enten det er i klasserommet med medelever, p\u00e5 idrettsbanen i nabolaget eller rundt lunsjbordet med jobbkollegaer. Spredning av politisk makt og p\u00e5virkningskraft er derfor ikke bare n\u00f8dvendig, men det er b\u00e6rebjelken i det norske velferdssamfunnet.<\/p><blockquote><p>Regjeringen og statsbyr\u00e5krater har glemt at Norge styres nedenfra.<\/p><\/blockquote><p>Gjennom de siste \u00e5tte \u00e5rene med den r\u00f8dgr\u00f8nne regjeringen har dette blitt glemt. Regjeringen og statsbyr\u00e5krater har glemt at Norge styres nedenfra; av lokalsamfunn, bydeler og folkevalgte. Resultatet har v\u00e6rt redusert handlingsrom for kommunene og \u00f8kende statlig byr\u00e5krati.<\/p><p><strong>R\u00f8dgr\u00f8nne bl\u00f8ffen<\/strong><\/p><p>Siden 2005 har den r\u00f8dgr\u00f8nne Regjeringen erkl\u00e6rt store nasjonale reformer, som for eksempel 12 000 sykehjemsplasser innen 2015. Disse l\u00f8ftene har skapt enorme forventninger ute i kommunene, uten at staten har bidratt med tilsvarende dekning \u00f8konomisk.<\/p><blockquote><p>Kommunene har n\u00e5 har mindre lokal frihet til \u00e5 foreta reelle lokale prioriteringer.<\/p><\/blockquote><p>P\u00e5 grunn av forventninger og statlig p\u00e5legg har Norges kommuner derfor \u00f8kt sin gjeldsbelastning kraftig. Samlet brutto gjeld er n\u00e5 120 milliarder kroner mer enn i 2005 og l\u00e5negjeld per norske innbygger har mer enn doblet seg siden 2003.<\/p><p>Denne ekstreme \u00f8kningen i kommunalgjelden forteller oss mye. Den forteller oss at kommunene har n\u00e5 har mindre lokal frihet til \u00e5 foreta reelle lokale prioriteringer. Og den forteller oss at for mye makt og penger har blitt flyttet fra robuste og selvstendige kommuner til statlig byr\u00e5krati og kontroll. Dette er kroneksempelet p\u00e5 den r\u00f8dgr\u00f8nne bl\u00f8ffen om kommune\u00f8konomien.<\/p><p><strong>Redusert handlingsrom<\/strong><\/p><p>Pensjonskostnadene i Oslo kommune er en annen viktig del av dette regnestykket. Fra 2007 til 2013 har kostnadene \u00f8kt fra 7 % til ca. 11 % av kommunens frie inntekter. Det betyr at handlingsrommet til Oslos folkevalgte politikere er redusert, og lokaldemokratiet ytterligere svekket. Det er klart at det skapes stor frustrasjon for lokalpolitikere n\u00e5r de \u00f8konomiske rammene blir strammere, samtidig som at regjeringen skryter av eventyrlig kommunevekst.<\/p><blockquote><p>En stor del av Oslos inntekter tas av Staten for \u00e5 gis til andre kommuner.<\/p><\/blockquote><p>Men problemet er ikke bare det at mer og mer av Oslos inntekter forsvinner til politiske m\u00e5l som staten har bestemt. Problemet er ogs\u00e5 det at en stor del av Oslos inntekter tas av Staten for \u00e5 gis til andre.<\/p><p>Oslo borgere bidro gjennom en skatteutjevningsordning i 2012 med 3,7 milliarder kroner til andre kommuner og fylkeskommuner. Dette er en ordning som Oslo taper mye penger p\u00e5 hvert eneste \u00e5r. Penger som heller kunne ha blitt investert i utbyggingen av en hovedstat som er i kraftig vekst.<\/p><p>M\u00e5let om at en st\u00f8rre del av lokale skatteinntekter skal tilfalle lokalsamfunnet er ikke bare \u00f8konomisk viktig, men det styrker ogs\u00e5 koblingen mellom de som betaler skatt, de lokale beslutningstakerne i bydelene og de som bruker offentlige tjenester i Oslo.<\/p><blockquote><p>Oslo borgere bidro gjennom en skatteutjevningsordning i 2012 med 3,7 milliarder kroner til andre kommuner og fylkeskommuner.<\/p><\/blockquote><p>Oslo vokser ogs\u00e5 med mer enn 10. 000 innbyggere i \u00e5ret. Allikevel f\u00e5r ikke kommunen veksttilskudd gjennom dagens inntektssystem. Det er et stort problem at Oslo kommune m\u00e5 investere mellom 7 og 8 milliarder kroner hvert eneste \u00e5r i nye skoler og barnehager, uten at det blir tilstrekkelig kompensert for. Oslo m\u00e5 ha \u00f8konomisk evne til \u00e5 gi et godt kvalitetstilbud til alle i byen og vi skal ikke straffes for \u00e5 legge til rette for en positiv og fremtidsrettet n\u00e6ringsutvikling.<\/p><p><strong>Endring er n\u00f8dvendig<\/strong><\/p><p>En ny regjering m\u00e5 derfor foreta en helhetlig gjennomgang av inntektssystemet for kommunene. Vi m\u00e5 ha ett enkelt og rettferdig system der Oslo er mindre avhengig av statlig overf\u00f8ringer og f\u00e5r beholde en st\u00f8rre del av skatten fra n\u00e6ringslivet og egne innbyggere. M\u00e5let b\u00f8r v\u00e6re at Oslo skal kunne finansiere 50 % av egne utgifter med egne inntekter.<\/p><p>Staten m\u00e5 ogs\u00e5 forpliktes til \u00e5 dekke de reelle kostnadene ved gjennomf\u00f8ring av st\u00f8rre reformer. En ny Regjering m\u00e5 ha lover, forskrifter og finansiering p\u00e5 plass f\u00f8r de erkl\u00e6rer store valgl\u00f8fter fra den nasjonale scenen. Dette er n\u00f8dvendig for at Oslo og resten av kommune-Norge skal ha forutsigbare \u00f8konomiske rammer og \u00f8kt selvr\u00e5derett.<\/p><p>Vi trenger en ny regjering som flytter makten tilbake til kommune og tar lokaldemokratiet p\u00e5 alvor. De siste \u00e5tte \u00e5rene har vist at de r\u00f8dgr\u00f8nne ikke klarer \u00e5 levere p\u00e5 dette omr\u00e5det.<\/p>\n<\/div>\n<div class=\"tags\">\n\t<\/div>\n<div class=\"post-footer alignfull has-background block-editor-block-list__block\" data-align=full>\n\t<div class=\"post-footer-inner\">\n\t\t<h3>Relaterte artikler<\/h3>\n\t\t<div class=\"related-content\"><div class=\"is-card-hoyre\">\n\t<div class=\"teft-card hoyre-teft-card post-teft-card\">\n\t\t<a href=\"https:\/\/hoyre.no\/oslo\/aktuelt\/mdg-moralismen-fornekter-seg-ikke\/\" class=\"teft-card__primary-action\">\n\n\t\t\t\t\t<div class=\"teft-card__media teft-card__media--16-9\">\n\t\t\t\t\t\t<img loading=\"lazy\" decoding=\"async\" width=\"768\" height=\"512\" src=\"https:\/\/hoyre.no\/content\/uploads\/sites\/408\/2024\/01\/QZQlxtOC-768x512.jpeg\" class=\"attachment-medium_large size-medium_large\" alt=\"Merete Agerbak-Jensen\" srcset=\"https:\/\/hoyre.no\/content\/uploads\/sites\/408\/2024\/01\/QZQlxtOC-768x512.jpeg 768w, https:\/\/hoyre.no\/content\/uploads\/sites\/408\/2024\/01\/QZQlxtOC-300x200.jpeg 300w, https:\/\/hoyre.no\/content\/uploads\/sites\/408\/2024\/01\/QZQlxtOC-1024x683.jpeg 1024w, https:\/\/hoyre.no\/content\/uploads\/sites\/408\/2024\/01\/QZQlxtOC-1536x1024.jpeg 1536w, https:\/\/hoyre.no\/content\/uploads\/sites\/408\/2024\/01\/QZQlxtOC-2048x1365.jpeg 2048w\" sizes=\"auto, (max-width: 768px) 100vw, 768px\" \/>\t\t<\/div>\n\t\t\n\t\t\t<div class=\"teft-card__content-wrapper\">\n\t\t\t\t<div class=\"teft-card__secondary\">\n\t\t\t\t\t\n\t\t\t\t\t\t\t\t<div class=\"teft-card__meta\">\n\t\t\t\t\t\t\t\t\t<span class=\"post-date\">23. apr 2026<\/span>\n\n\t\t\t\t\t\t\t\t\t\t\t\t\t\t\t\t\t<\/div>\n\t\t\t\t\t\t\t\t\t\t\t<\/div>\n\n\t\t\t\t<div class=\"teft-card__primary\">\n\t\t\t\t\t<h2 class=\"teft-card__title\">MDG-moralismen fornekter seg ikke&nbsp;<span class=\"teft-card__primary-title-append\"><\/span><\/h2>\t\t\t\t<\/div>\n\t\t\t<\/div>\n\t\t<\/a>\n\t<\/div>\n\n\t<\/div><div class=\"is-card-hoyre\">\n\t<div class=\"teft-card hoyre-teft-card post-teft-card\">\n\t\t<a href=\"https:\/\/hoyre.no\/oslo\/aktuelt\/raskere-og-enklere-a-bygge-boliger-og-skape-arbeidsplasser-i-oslo\/\" class=\"teft-card__primary-action\">\n\n\t\t\t\t\t<div class=\"teft-card__media teft-card__media--16-9\">\n\t\t\t\t\t\t<img loading=\"lazy\" decoding=\"async\" width=\"768\" height=\"576\" src=\"https:\/\/hoyre.no\/content\/uploads\/sites\/408\/2026\/04\/Eirik-Lae-Solberg-og-Anita-Leirvik-North-768x576.jpg\" class=\"attachment-medium_large size-medium_large\" alt=\"\" srcset=\"https:\/\/hoyre.no\/content\/uploads\/sites\/408\/2026\/04\/Eirik-Lae-Solberg-og-Anita-Leirvik-North-768x576.jpg 768w, https:\/\/hoyre.no\/content\/uploads\/sites\/408\/2026\/04\/Eirik-Lae-Solberg-og-Anita-Leirvik-North-300x225.jpg 300w, https:\/\/hoyre.no\/content\/uploads\/sites\/408\/2026\/04\/Eirik-Lae-Solberg-og-Anita-Leirvik-North.jpg 901w\" sizes=\"auto, (max-width: 768px) 100vw, 768px\" \/>\t\t<\/div>\n\t\t\n\t\t\t<div class=\"teft-card__content-wrapper\">\n\t\t\t\t<div class=\"teft-card__secondary\">\n\t\t\t\t\t\n\t\t\t\t\t\t\t\t<div class=\"teft-card__meta\">\n\t\t\t\t\t\t\t\t\t<span class=\"post-date\">14. apr 2026<\/span>\n\n\t\t\t\t\t\t\t\t\t<span class=\"post-category\">Har lagt frem ny KPA:<\/span>\t\t\t\t\t\t\t\t<\/div>\n\t\t\t\t\t\t\t\t\t\t\t<\/div>\n\n\t\t\t\t<div class=\"teft-card__primary\">\n\t\t\t\t\t<h2 class=\"teft-card__title\">Raskere og enklere \u00e5 bygge boliger og skape arbeidsplasser i Oslo&nbsp;<span class=\"teft-card__primary-title-append\"><\/span><\/h2>\t\t\t\t<\/div>\n\t\t\t<\/div>\n\t\t<\/a>\n\t<\/div>\n\n\t<\/div><div class=\"is-card-hoyre\">\n\t<div class=\"teft-card hoyre-teft-card post-teft-card\">\n\t\t<a href=\"https:\/\/hoyre.no\/oslo\/aktuelt\/bedre-elevresultater-og-en-skoleokonomi-i-balanse-med-blagront-byrad\/\" class=\"teft-card__primary-action\">\n\n\t\t\t\t\t<div class=\"teft-card__media teft-card__media--16-9\">\n\t\t\t\t\t\t<img loading=\"lazy\" decoding=\"async\" width=\"768\" height=\"512\" src=\"https:\/\/hoyre.no\/content\/uploads\/sites\/408\/2025\/05\/IMG_6440-768x512.jpeg\" class=\"attachment-medium_large size-medium_large\" alt=\"Julie Remen Midtgarden\" srcset=\"https:\/\/hoyre.no\/content\/uploads\/sites\/408\/2025\/05\/IMG_6440-768x512.jpeg 768w, https:\/\/hoyre.no\/content\/uploads\/sites\/408\/2025\/05\/IMG_6440-300x200.jpeg 300w, https:\/\/hoyre.no\/content\/uploads\/sites\/408\/2025\/05\/IMG_6440-1024x683.jpeg 1024w, https:\/\/hoyre.no\/content\/uploads\/sites\/408\/2025\/05\/IMG_6440-1536x1024.jpeg 1536w, https:\/\/hoyre.no\/content\/uploads\/sites\/408\/2025\/05\/IMG_6440-2048x1365.jpeg 2048w\" sizes=\"auto, (max-width: 768px) 100vw, 768px\" \/>\t\t<\/div>\n\t\t\n\t\t\t<div class=\"teft-card__content-wrapper\">\n\t\t\t\t<div class=\"teft-card__secondary\">\n\t\t\t\t\t\n\t\t\t\t\t\t\t\t<div class=\"teft-card__meta\">\n\t\t\t\t\t\t\t\t\t<span class=\"post-date\">26. mar 2026<\/span>\n\n\t\t\t\t\t\t\t\t\t\t\t\t\t\t\t\t\t<\/div>\n\t\t\t\t\t\t\t\t\t\t\t<\/div>\n\n\t\t\t\t<div class=\"teft-card__primary\">\n\t\t\t\t\t<h2 class=\"teft-card__title\">Bedre elevresultater og en skole\u00f8konomi i balanse med bl\u00e5gr\u00f8nt byr\u00e5d&nbsp;<span class=\"teft-card__primary-title-append\"><\/span><\/h2>\t\t\t\t<\/div>\n\t\t\t<\/div>\n\t\t<\/a>\n\t<\/div>\n\n\t<\/div><\/div>\t<\/div>\n<\/div>\n","protected":false},"excerpt":{"rendered":"","protected":false},"author":0,"featured_media":1811,"comment_status":"closed","ping_status":"open","sticky":false,"template":"","format":"standard","meta":{"teft_cards_image_url":"","teft_cards_custom_pretitle":"","teft_cards_image_id":1811,"teft_cards_image_focal_point_x":0,"teft_cards_image_focal_point_y":0,"teft_cards_title":"","teft_cards_excerpt":"","teft_show_chapters":false,"author_display_name":"Oslo H\u00f8yre","footnotes":""},"category":[1],"post_tag":[],"hoyre-visibility":[],"article-type":[],"politician":[],"class_list":["post-1810","post","type-post","status-publish","format-standard","hentry","category-nyheter"],"yoast_head":"<!-- This site is optimized with the Yoast SEO Premium plugin v26.5 (Yoast SEO v26.6) - https:\/\/yoast.com\/wordpress\/plugins\/seo\/ -->\n<title>Bl\u00f8ffen om kommune\u00f8konomien - Oslo H\u00f8yre<\/title>\n<meta name=\"robots\" content=\"index, follow, max-snippet:-1, max-image-preview:large, max-video-preview:-1\" \/>\n<link rel=\"canonical\" href=\"https:\/\/hoyre.no\/oslo\/aktuelt\/bloffen-om-kommuneokonomien\/\" \/>\n<meta property=\"og:locale\" content=\"nb_NO\" \/>\n<meta property=\"og:type\" content=\"article\" \/>\n<meta property=\"og:title\" content=\"Bl\u00f8ffen om kommune\u00f8konomien\" \/>\n<meta property=\"og:url\" content=\"https:\/\/hoyre.no\/oslo\/aktuelt\/bloffen-om-kommuneokonomien\/\" \/>\n<meta property=\"og:site_name\" content=\"Oslo H\u00f8yre\" \/>\n<meta property=\"article:publisher\" content=\"https:\/\/www.facebook.com\/oslo.hoyre\" \/>\n<meta property=\"article:published_time\" content=\"2013-09-03T08:13:43+00:00\" \/>\n<meta property=\"article:modified_time\" content=\"2022-09-26T13:06:49+00:00\" \/>\n<meta property=\"og:image\" content=\"https:\/\/hoyre.no\/content\/uploads\/sites\/408\/2022\/09\/Kristin-Vinje-saksbilde.jpg\" \/>\n\t<meta property=\"og:image:width\" content=\"1024\" \/>\n\t<meta property=\"og:image:height\" content=\"361\" \/>\n\t<meta property=\"og:image:type\" content=\"image\/jpeg\" \/>\n<meta name=\"twitter:card\" content=\"summary_large_image\" \/>\n<meta name=\"twitter:label1\" content=\"Ansl. lesetid\" \/>\n\t<meta name=\"twitter:data1\" content=\"4 minutter\" \/>\n<script type=\"application\/ld+json\" class=\"yoast-schema-graph\">{\"@context\":\"https:\/\/schema.org\",\"@graph\":[{\"@type\":\"Article\",\"@id\":\"https:\/\/hoyre.no\/oslo\/aktuelt\/bloffen-om-kommuneokonomien\/#article\",\"isPartOf\":{\"@id\":\"https:\/\/hoyre.no\/oslo\/aktuelt\/bloffen-om-kommuneokonomien\/\"},\"author\":{\"name\":\"\",\"@id\":\"\"},\"headline\":\"Bl\u00f8ffen om kommune\u00f8konomien\",\"datePublished\":\"2013-09-03T08:13:43+00:00\",\"dateModified\":\"2022-09-26T13:06:49+00:00\",\"mainEntityOfPage\":{\"@id\":\"https:\/\/hoyre.no\/oslo\/aktuelt\/bloffen-om-kommuneokonomien\/\"},\"wordCount\":788,\"publisher\":{\"@id\":\"https:\/\/hoyre.no\/oslo\/#organization\"},\"image\":{\"@id\":\"https:\/\/hoyre.no\/oslo\/aktuelt\/bloffen-om-kommuneokonomien\/#primaryimage\"},\"thumbnailUrl\":\"https:\/\/hoyre.no\/content\/uploads\/sites\/408\/2022\/09\/Kristin-Vinje-saksbilde.jpg\",\"articleSection\":[\"Nyheter\"],\"inLanguage\":\"nb-NO\"},{\"@type\":\"NewsArticle\",\"@id\":\"https:\/\/hoyre.no\/oslo\/aktuelt\/bloffen-om-kommuneokonomien\/\",\"url\":\"https:\/\/hoyre.no\/oslo\/aktuelt\/bloffen-om-kommuneokonomien\/\",\"name\":\"Bl\u00f8ffen om kommune\u00f8konomien - Oslo H\u00f8yre\",\"isPartOf\":{\"@id\":\"https:\/\/hoyre.no\/oslo\/#website\"},\"image\":{\"@id\":\"https:\/\/hoyre.no\/oslo\/aktuelt\/bloffen-om-kommuneokonomien\/#primaryimage\"},\"thumbnailUrl\":\"https:\/\/hoyre.no\/content\/uploads\/sites\/408\/2022\/09\/Kristin-Vinje-saksbilde.jpg\",\"datePublished\":\"2013-09-03T08:13:43+00:00\",\"dateModified\":\"2022-09-26T13:06:49+00:00\",\"breadcrumb\":{\"@id\":\"https:\/\/hoyre.no\/oslo\/aktuelt\/bloffen-om-kommuneokonomien\/#breadcrumb\"},\"inLanguage\":\"nb-NO\",\"potentialAction\":[{\"@type\":\"ReadAction\",\"target\":[\"https:\/\/hoyre.no\/oslo\/aktuelt\/bloffen-om-kommuneokonomien\/\"]}]},{\"@type\":\"ImageObject\",\"inLanguage\":\"nb-NO\",\"@id\":\"https:\/\/hoyre.no\/oslo\/aktuelt\/bloffen-om-kommuneokonomien\/#primaryimage\",\"url\":\"https:\/\/hoyre.no\/content\/uploads\/sites\/408\/2022\/09\/Kristin-Vinje-saksbilde.jpg\",\"contentUrl\":\"https:\/\/hoyre.no\/content\/uploads\/sites\/408\/2022\/09\/Kristin-Vinje-saksbilde.jpg\",\"width\":1024,\"height\":361,\"caption\":\"Kristin Vinje\"},{\"@type\":\"BreadcrumbList\",\"@id\":\"https:\/\/hoyre.no\/oslo\/aktuelt\/bloffen-om-kommuneokonomien\/#breadcrumb\",\"itemListElement\":[{\"@type\":\"ListItem\",\"position\":1,\"name\":\"Til hoyre.no\",\"item\":\"https:\/\/hoyre.no\"},{\"@type\":\"ListItem\",\"position\":2,\"name\":\"Hjem\",\"item\":\"https:\/\/hoyre.no\/oslo\/\"},{\"@type\":\"ListItem\",\"position\":3,\"name\":\"Bl\u00f8ffen om kommune\u00f8konomien\"}]},{\"@type\":\"WebSite\",\"@id\":\"https:\/\/hoyre.no\/oslo\/#website\",\"url\":\"https:\/\/hoyre.no\/oslo\/\",\"name\":\"Oslo H\u00f8yre\",\"description\":\"\",\"publisher\":{\"@id\":\"https:\/\/hoyre.no\/oslo\/#organization\"},\"inLanguage\":\"nb-NO\"},{\"@type\":\"Organization\",\"@id\":\"https:\/\/hoyre.no\/oslo\/#organization\",\"name\":\"Oslo H\u00f8yre\",\"url\":\"https:\/\/hoyre.no\/oslo\/\",\"logo\":{\"@type\":\"ImageObject\",\"inLanguage\":\"nb-NO\",\"@id\":\"https:\/\/hoyre.no\/oslo\/#\/schema\/logo\/image\/\",\"url\":\"https:\/\/hoyre.no\/content\/uploads\/sites\/408\/2022\/11\/Hoyres-logo.png\",\"contentUrl\":\"https:\/\/hoyre.no\/content\/uploads\/sites\/408\/2022\/11\/Hoyres-logo.png\",\"width\":1000,\"height\":1000,\"caption\":\"Oslo H\u00f8yre\"},\"image\":{\"@id\":\"https:\/\/hoyre.no\/oslo\/#\/schema\/logo\/image\/\"},\"sameAs\":[\"https:\/\/www.facebook.com\/oslo.hoyre\"]}]}<\/script>\n<!-- \/ Yoast SEO Premium plugin. -->","yoast_head_json":{"title":"Bl\u00f8ffen om kommune\u00f8konomien - Oslo H\u00f8yre","robots":{"index":"index","follow":"follow","max-snippet":"max-snippet:-1","max-image-preview":"max-image-preview:large","max-video-preview":"max-video-preview:-1"},"canonical":"https:\/\/hoyre.no\/oslo\/aktuelt\/bloffen-om-kommuneokonomien\/","og_locale":"nb_NO","og_type":"article","og_title":"Bl\u00f8ffen om kommune\u00f8konomien","og_url":"https:\/\/hoyre.no\/oslo\/aktuelt\/bloffen-om-kommuneokonomien\/","og_site_name":"Oslo H\u00f8yre","article_publisher":"https:\/\/www.facebook.com\/oslo.hoyre","article_published_time":"2013-09-03T08:13:43+00:00","article_modified_time":"2022-09-26T13:06:49+00:00","og_image":[{"width":1024,"height":361,"url":"https:\/\/hoyre.no\/content\/uploads\/sites\/408\/2022\/09\/Kristin-Vinje-saksbilde.jpg","type":"image\/jpeg"}],"twitter_card":"summary_large_image","twitter_misc":{"Ansl. lesetid":"4 minutter"},"schema":{"@context":"https:\/\/schema.org","@graph":[{"@type":"Article","@id":"https:\/\/hoyre.no\/oslo\/aktuelt\/bloffen-om-kommuneokonomien\/#article","isPartOf":{"@id":"https:\/\/hoyre.no\/oslo\/aktuelt\/bloffen-om-kommuneokonomien\/"},"author":{"name":"","@id":""},"headline":"Bl\u00f8ffen om kommune\u00f8konomien","datePublished":"2013-09-03T08:13:43+00:00","dateModified":"2022-09-26T13:06:49+00:00","mainEntityOfPage":{"@id":"https:\/\/hoyre.no\/oslo\/aktuelt\/bloffen-om-kommuneokonomien\/"},"wordCount":788,"publisher":{"@id":"https:\/\/hoyre.no\/oslo\/#organization"},"image":{"@id":"https:\/\/hoyre.no\/oslo\/aktuelt\/bloffen-om-kommuneokonomien\/#primaryimage"},"thumbnailUrl":"https:\/\/hoyre.no\/content\/uploads\/sites\/408\/2022\/09\/Kristin-Vinje-saksbilde.jpg","articleSection":["Nyheter"],"inLanguage":"nb-NO"},{"@type":"NewsArticle","@id":"https:\/\/hoyre.no\/oslo\/aktuelt\/bloffen-om-kommuneokonomien\/","url":"https:\/\/hoyre.no\/oslo\/aktuelt\/bloffen-om-kommuneokonomien\/","name":"Bl\u00f8ffen om kommune\u00f8konomien - Oslo H\u00f8yre","isPartOf":{"@id":"https:\/\/hoyre.no\/oslo\/#website"},"image":{"@id":"https:\/\/hoyre.no\/oslo\/aktuelt\/bloffen-om-kommuneokonomien\/#primaryimage"},"thumbnailUrl":"https:\/\/hoyre.no\/content\/uploads\/sites\/408\/2022\/09\/Kristin-Vinje-saksbilde.jpg","datePublished":"2013-09-03T08:13:43+00:00","dateModified":"2022-09-26T13:06:49+00:00","breadcrumb":{"@id":"https:\/\/hoyre.no\/oslo\/aktuelt\/bloffen-om-kommuneokonomien\/#breadcrumb"},"inLanguage":"nb-NO","potentialAction":[{"@type":"ReadAction","target":["https:\/\/hoyre.no\/oslo\/aktuelt\/bloffen-om-kommuneokonomien\/"]}]},{"@type":"ImageObject","inLanguage":"nb-NO","@id":"https:\/\/hoyre.no\/oslo\/aktuelt\/bloffen-om-kommuneokonomien\/#primaryimage","url":"https:\/\/hoyre.no\/content\/uploads\/sites\/408\/2022\/09\/Kristin-Vinje-saksbilde.jpg","contentUrl":"https:\/\/hoyre.no\/content\/uploads\/sites\/408\/2022\/09\/Kristin-Vinje-saksbilde.jpg","width":1024,"height":361,"caption":"Kristin Vinje"},{"@type":"BreadcrumbList","@id":"https:\/\/hoyre.no\/oslo\/aktuelt\/bloffen-om-kommuneokonomien\/#breadcrumb","itemListElement":[{"@type":"ListItem","position":1,"name":"Til hoyre.no","item":"https:\/\/hoyre.no"},{"@type":"ListItem","position":2,"name":"Hjem","item":"https:\/\/hoyre.no\/oslo\/"},{"@type":"ListItem","position":3,"name":"Bl\u00f8ffen om kommune\u00f8konomien"}]},{"@type":"WebSite","@id":"https:\/\/hoyre.no\/oslo\/#website","url":"https:\/\/hoyre.no\/oslo\/","name":"Oslo H\u00f8yre","description":"","publisher":{"@id":"https:\/\/hoyre.no\/oslo\/#organization"},"inLanguage":"nb-NO"},{"@type":"Organization","@id":"https:\/\/hoyre.no\/oslo\/#organization","name":"Oslo H\u00f8yre","url":"https:\/\/hoyre.no\/oslo\/","logo":{"@type":"ImageObject","inLanguage":"nb-NO","@id":"https:\/\/hoyre.no\/oslo\/#\/schema\/logo\/image\/","url":"https:\/\/hoyre.no\/content\/uploads\/sites\/408\/2022\/11\/Hoyres-logo.png","contentUrl":"https:\/\/hoyre.no\/content\/uploads\/sites\/408\/2022\/11\/Hoyres-logo.png","width":1000,"height":1000,"caption":"Oslo H\u00f8yre"},"image":{"@id":"https:\/\/hoyre.no\/oslo\/#\/schema\/logo\/image\/"},"sameAs":["https:\/\/www.facebook.com\/oslo.hoyre"]}]}},"distributor_meta":false,"distributor_terms":false,"distributor_media":false,"distributor_original_site_name":"Oslo H\u00f8yre","distributor_original_site_url":"https:\/\/hoyre.no\/oslo","push-errors":false,"_links":{"self":[{"href":"https:\/\/hoyre.no\/oslo\/wp-json\/wp\/v2\/posts\/1810","targetHints":{"allow":["GET"]}}],"collection":[{"href":"https:\/\/hoyre.no\/oslo\/wp-json\/wp\/v2\/posts"}],"about":[{"href":"https:\/\/hoyre.no\/oslo\/wp-json\/wp\/v2\/types\/post"}],"replies":[{"embeddable":true,"href":"https:\/\/hoyre.no\/oslo\/wp-json\/wp\/v2\/comments?post=1810"}],"version-history":[{"count":1,"href":"https:\/\/hoyre.no\/oslo\/wp-json\/wp\/v2\/posts\/1810\/revisions"}],"predecessor-version":[{"id":2989,"href":"https:\/\/hoyre.no\/oslo\/wp-json\/wp\/v2\/posts\/1810\/revisions\/2989"}],"wp:featuredmedia":[{"embeddable":true,"href":"https:\/\/hoyre.no\/oslo\/wp-json\/wp\/v2\/media\/1811"}],"wp:attachment":[{"href":"https:\/\/hoyre.no\/oslo\/wp-json\/wp\/v2\/media?parent=1810"}],"wp:term":[{"taxonomy":"category","embeddable":true,"href":"https:\/\/hoyre.no\/oslo\/wp-json\/wp\/v2\/category?post=1810"},{"taxonomy":"post_tag","embeddable":true,"href":"https:\/\/hoyre.no\/oslo\/wp-json\/wp\/v2\/post_tag?post=1810"},{"taxonomy":"hoyre-visibility","embeddable":true,"href":"https:\/\/hoyre.no\/oslo\/wp-json\/wp\/v2\/hoyre-visibility?post=1810"},{"taxonomy":"article-type","embeddable":true,"href":"https:\/\/hoyre.no\/oslo\/wp-json\/wp\/v2\/article-type?post=1810"},{"taxonomy":"politician","embeddable":true,"href":"https:\/\/hoyre.no\/oslo\/wp-json\/wp\/v2\/politician?post=1810"}],"curies":[{"name":"wp","href":"https:\/\/api.w.org\/{rel}","templated":true}]}}