{"id":1812,"date":"2013-09-02T12:53:17","date_gmt":"2013-09-02T12:53:17","guid":{"rendered":"https:\/\/hoyre.no\/oslo\/aktuelt\/fem-grunner-til-a-stemme-hoyre\/"},"modified":"2022-09-26T15:06:51","modified_gmt":"2022-09-26T13:06:51","slug":"fem-grunner-til-a-stemme-hoyre","status":"publish","type":"post","link":"https:\/\/hoyre.no\/oslo\/aktuelt\/fem-grunner-til-a-stemme-hoyre\/","title":{"rendered":"Fem grunner til \u00e5 stemme H\u00f8yre"},"content":{"rendered":"<figure class=\"hoyre-image-wrapper\"><div class=\"hoyre-image\"><img loading=\"lazy\" decoding=\"async\" width=\"1024\" height=\"361\" src=\"https:\/\/hoyre.no\/content\/uploads\/sites\/408\/2022\/09\/Erna-og-Fabian-Stang.jpg\" class=\"attachment-scaled size-scaled\" alt=\"Erna og Fabian\" style=\"object-position: 50% 50%\" srcset=\"https:\/\/hoyre.no\/content\/uploads\/sites\/408\/2022\/09\/Erna-og-Fabian-Stang.jpg 1024w, https:\/\/hoyre.no\/content\/uploads\/sites\/408\/2022\/09\/Erna-og-Fabian-Stang-300x106.jpg 300w, https:\/\/hoyre.no\/content\/uploads\/sites\/408\/2022\/09\/Erna-og-Fabian-Stang-768x271.jpg 768w\" sizes=\"auto, (max-width: 1024px) 100vw, 1024px\" \/><\/div><\/figure><div id=\"hoyre-old-article-content-wrapper\"><p>Fem gode grunner til at du b\u00f8r stemme H\u00f8yre.<\/p><h2>1) Bedre skole<\/h2><p>Norske barn har h\u00f8ye forventninger og er kunnskapst\u00f8rste n\u00e5r de begynner p\u00e5 skolen. Likevel er det slik at mange elever ikke m\u00f8ter nok utfordringer eller l\u00e6rer nok i l\u00f8pet av grunnskolen. Elevene i H\u00f8yre-styrte Oslo har syv \u00e5r p\u00e5 rad blitt k\u00e5ret til landets beste. Vi tror den samme skolepolitikken kan l\u00f8fte elever over hele landet.<\/p><blockquote><p>L\u00e6reren er n\u00f8kkelen til en bedre skole.<\/p><\/blockquote><figure id=\"attachment_1488\" aria-describedby=\"caption-attachment-1488\"><a href=\"https:\/\/www.oslohoyre.no\/wp-content\/uploads\/2013\/08\/Karakterer-i-barneskolen.jpg\"><img decoding=\"async\" loading=\"lazy\" alt=\"Karakterer i barneskolen\" src=\"https:\/\/www.oslohoyre.no\/wp-content\/uploads\/2013\/08\/Karakterer-i-barneskolen.jpg\" width=\"1024\" height=\"361\" \/><\/a><figcaption id=\"caption-attachment-1488\">H\u00f8yre vil ha en bedre skole gjennom \u00e5 satse p\u00e5 l\u00e6reren. Foto: colourbox.com<\/figcaption><\/figure><p><strong>H\u00f8yre vil:<\/strong><\/p><ul><li>ha en bedre skole som er tilpasset hver enkelt elev<\/li><li>s\u00f8rge for at vi har verdens beste l\u00e6rere ved \u00e5 gj\u00f8re om l\u00e6rerutdanningen til en fem\u00e5rig masterutdanning, heve inntakskravene og \u00f8ke etter- og videreutdanningen<\/li><li>tillate differensiert undervisning n\u00e5r det er pedagogisk begrunnet, men elevene skal ikke deles inn permanent etter faglig niv\u00e5.<\/li><\/ul><p>&nbsp;<\/p><h2><\/h2><h2>2) Bedre kollektivtrafikk og veier<\/h2><p>H\u00f8yre vil sastse mest der det bor flest. Ikke bare bor st\u00f8rstedelen av landets befolkning i Osloregionen, men person- og varetrafikken til og fra resten av landet passerer ogs\u00e5 her. Derfor trenger vi en rask og omfattende utbygging av vei og jernbane i og rundt hovedstaden. Vi trenger ogs\u00e5 \u00e5 satse enda mer p\u00e5 bedre kollektivtrafikk p\u00e5 grunn av befolkningsveksten.<\/p><blockquote><p>H\u00f8yre vil ha T-bane til Fornebu og ny T-banetunnel i sentrum.<\/p><\/blockquote><figure id=\"attachment_1473\" aria-describedby=\"caption-attachment-1473\"><a href=\"https:\/\/www.oslohoyre.no\/wp-content\/uploads\/2013\/08\/Bedre-kollektivtrafikk.jpg\"><img decoding=\"async\" loading=\"lazy\" alt=\"Bedre kollektivtrafikk\" src=\"https:\/\/hoyre.no\/content\/uploads\/sites\/408\/2022\/09\/Bedre-kollektivtrafikk.jpg\" width=\"1024\" height=\"361\" srcset=\"https:\/\/hoyre.no\/content\/uploads\/sites\/408\/2022\/09\/Bedre-kollektivtrafikk.jpg 1024w, https:\/\/www.oslohoyre.no\/wp-content\/uploads\/2013\/08\/Bedre-kollektivtrafikk-300x106.jpg 300w, https:\/\/www.oslohoyre.no\/wp-content\/uploads\/2013\/08\/Bedre-kollektivtrafikk-768x271.jpg 768w\" sizes=\"auto, (max-width: 1024px) 100vw, 1024px\" \/><\/a><figcaption id=\"caption-attachment-1473\">H\u00f8yre vil ha enda bedre kollektivtrafikk.<\/figcaption><\/figure><p><strong>H\u00f8yre vil:<\/strong><\/p><ul><li>oppruste jernbanen til Inter-City standard p\u00e5 \u00d8stlandet<\/li><li>se boligutbygging og kollektivtransport i sammenheng ved planlegging og byutvikling<\/li><li>50 prosent statlig medfinansiering av kollektivprosjekter rundt de st\u00f8rste byene<\/li><li>ha T-bane til Fornebu<\/li><li>samarbeide med private for \u00e5 bygge vei raskere og mer helhetlig enn i dag<\/li><li>fortsette prioriteringene i Oslopakke 3-forliket med ny E18 vestover, Fossumdiagonalen i Groruddalen, Manglerudtunnelen og R\u00f8atunnelen.<\/li><\/ul><h2><\/h2><h2>3) Trygg by<\/h2><p>Uten trygghet har man heller ikke frihet. Derfor vil H\u00f8yre ha flere politifolk i gatene, og mer av godt, gammeldags politiarbeid. Hovedstaden har helt spesielle utfordringer og merker innreisekriminaliteten i st\u00f8rre grad enn de fleste andre steder i landet. Vi vil gj\u00f8re Oslo-politiet i bedre stand til \u00e5 gj\u00f8re jobben sin.<\/p><blockquote><p>H\u00f8yre vil ha mer synlig politi i gatene.<\/p><\/blockquote><figure id=\"attachment_805\" aria-describedby=\"caption-attachment-805\"><a href=\"https:\/\/www.oslohoyre.no\/wp-content\/uploads\/2013\/05\/Politibil-stortinget.jpg\"><img decoding=\"async\" loading=\"lazy\" alt=\"Politibil stortinget\" src=\"https:\/\/hoyre.no\/content\/uploads\/sites\/408\/2022\/09\/Politibil-stortinget.jpg\" width=\"1024\" height=\"361\" srcset=\"https:\/\/hoyre.no\/content\/uploads\/sites\/408\/2022\/09\/Politibil-stortinget.jpg 1024w, https:\/\/www.oslohoyre.no\/wp-content\/uploads\/2013\/05\/Politibil-stortinget-300x106.jpg 300w, https:\/\/www.oslohoyre.no\/wp-content\/uploads\/2013\/05\/Politibil-stortinget-768x271.jpg 768w\" sizes=\"auto, (max-width: 1024px) 100vw, 1024px\" \/><\/a><figcaption id=\"caption-attachment-805\">H\u00f8yre vil ha en tryggere by og mer politi i gatene.<\/figcaption><\/figure><p><strong>H\u00f8yre vil:<\/strong><\/p><ul><li>styrke bemanningen i politiet, og f\u00e5 mer synlig politi i gatene<\/li><li>gjeninnf\u00f8re forbudet mot tigging for \u00e5 bekjempe menneskehandel og organisert kriminalitet<\/li><li>utstyre politiet med moderne teknologi og IKT-systemer<\/li><li>vurdere behov for etter- og videreutdanning av politiet.<\/li><\/ul><p>&nbsp;<\/p><h2>4) Flere i arbeid<\/h2><p>For H\u00f8yre er m\u00e5let at alle som kan arbeide f\u00e5r anledning til det. Arbeid er grunnlaget for velferd, trygghet, selvstendighet og verdighet. En solid og nyskapende n\u00e6ringspolitikk er et avgj\u00f8rende virkemiddel for \u00e5 trygge jobber og \u00e5 sikre dem som st\u00e5r utenfor arbeidslivet, en ny sjangse til \u00e5 komme i arbeid.<\/p><blockquote><p>H\u00f8yre vil ha flere tilbake i arbeid.<\/p><\/blockquote><figure id=\"attachment_1495\" aria-describedby=\"caption-attachment-1495\"><a href=\"https:\/\/www.oslohoyre.no\/wp-content\/uploads\/2013\/08\/Eldre-i-arbeid.jpg\"><img decoding=\"async\" loading=\"lazy\" alt=\"Eldre i arbeid\" src=\"https:\/\/www.oslohoyre.no\/wp-content\/uploads\/2013\/08\/Eldre-i-arbeid.jpg\" width=\"1024\" height=\"361\" \/><\/a><figcaption id=\"caption-attachment-1495\">H\u00f8yre vil at det skal l\u00f8nne seg \u00e5 jobbe. Foto: colourbox.com<\/figcaption><\/figure><p><strong>H\u00f8yre vil:<\/strong><\/p><ul><li>f\u00f8re en politikk som sikrer at det l\u00f8nner seg \u00e5 jobbe<\/li><li>\u00f8ke innsatsen for \u00e5 f\u00e5 flere funksjonshemmede inn i arbeidslivet, blant annet gjennom ordningene med funksjonsassistanse og jobbreiser<\/li><li>sikre at flere kan komme raskere tilbake til jobb gjennom en forbedret \u00abRaskere tilbake\u00bb-ordning<\/li><li>senke skatten p\u00e5 lave og middels inntekter for \u00e5 sikre at det blir mer l\u00f8nnsomt \u00e5 jobbe.<\/li><\/ul><p>&nbsp;<\/p><h2>5) Bedre helse<\/h2><p>H\u00f8yre vil gi pasientene mer makt og \u00f8kt valgfrihet. De som har behov for behandling eller rehabilitering, skal f\u00e5 hjelp n\u00e5r de trenger det. H\u00f8yre vil ta alle gode krefter i bruk &#8211; vi m\u00e5 slippe private og frivillige til. H\u00f8yre vil ha mer \u00e5penhet om kvalitet i helsevesenet, slik at du selv kan ta en velinformert beslutning om hvor du \u00f8nsker \u00e5 bli behandlet.<\/p><blockquote><p>H\u00f8yre vil ha raskere behandlig og kortere helsek\u00f8.<\/p><\/blockquote><figure id=\"attachment_1840\" aria-describedby=\"caption-attachment-1840\"><a href=\"https:\/\/www.oslohoyre.no\/wp-content\/uploads\/2013\/09\/hender.jpg\"><img decoding=\"async\" loading=\"lazy\" alt=\"Hender\" src=\"https:\/\/www.oslohoyre.no\/wp-content\/uploads\/2013\/09\/hender.jpg\" width=\"1024\" height=\"361\" \/><\/a><figcaption id=\"caption-attachment-1840\">H\u00f8yre vil redusere helsek\u00f8ene. Foto: colourbox.com<\/figcaption><\/figure><p><strong>H\u00f8yre vil:<\/strong><\/p><ul><li>innf\u00f8re fritt behandlingsvalg p\u00e5 det offentliges regning, slik at pasientene f\u00e5r et alternativ til \u00e5 st\u00e5 i helsek\u00f8<\/li><li>praktisere \u00e5penhet om resultatene p\u00e5 det enkelte sykehus<\/li><li>styrke behandlingstilbudet innen rus, psykiatri og rehabilitering<\/li><li>etablere en 48-timers frist for oppstart av diagnostikk ved mistanke om kreftsykdom.<\/li><\/ul><p>&nbsp;<\/p><p>Dette var fem gode grunner til \u00e5 stemme H\u00f8yre. Del gjerne artikkelen med dine venner p\u00e5 Facebook.<\/p><p>&nbsp;<\/p><p><em>Foto: CF-Wesenberg\/kolonihaven.no<\/em><\/p>\n<\/div>\n<div class=\"tags\">\n\t<\/div>\n<div class=\"post-footer alignfull has-background block-editor-block-list__block\" data-align=full>\n\t<div class=\"post-footer-inner\">\n\t\t<h3>Relaterte artikler<\/h3>\n\t\t<div class=\"related-content\"><div class=\"is-card-hoyre\">\n\t<div class=\"teft-card hoyre-teft-card post-teft-card\">\n\t\t<a href=\"https:\/\/hoyre.no\/oslo\/aktuelt\/mdg-moralismen-fornekter-seg-ikke\/\" class=\"teft-card__primary-action\">\n\n\t\t\t\t\t<div class=\"teft-card__media teft-card__media--16-9\">\n\t\t\t\t\t\t<img loading=\"lazy\" decoding=\"async\" width=\"768\" height=\"512\" src=\"https:\/\/hoyre.no\/content\/uploads\/sites\/408\/2024\/01\/QZQlxtOC-768x512.jpeg\" class=\"attachment-medium_large size-medium_large\" alt=\"Merete Agerbak-Jensen\" srcset=\"https:\/\/hoyre.no\/content\/uploads\/sites\/408\/2024\/01\/QZQlxtOC-768x512.jpeg 768w, https:\/\/hoyre.no\/content\/uploads\/sites\/408\/2024\/01\/QZQlxtOC-300x200.jpeg 300w, https:\/\/hoyre.no\/content\/uploads\/sites\/408\/2024\/01\/QZQlxtOC-1024x683.jpeg 1024w, https:\/\/hoyre.no\/content\/uploads\/sites\/408\/2024\/01\/QZQlxtOC-1536x1024.jpeg 1536w, https:\/\/hoyre.no\/content\/uploads\/sites\/408\/2024\/01\/QZQlxtOC-2048x1365.jpeg 2048w\" sizes=\"auto, (max-width: 768px) 100vw, 768px\" \/>\t\t<\/div>\n\t\t\n\t\t\t<div class=\"teft-card__content-wrapper\">\n\t\t\t\t<div class=\"teft-card__secondary\">\n\t\t\t\t\t\n\t\t\t\t\t\t\t\t<div class=\"teft-card__meta\">\n\t\t\t\t\t\t\t\t\t<span class=\"post-date\">23. apr 2026<\/span>\n\n\t\t\t\t\t\t\t\t\t\t\t\t\t\t\t\t\t<\/div>\n\t\t\t\t\t\t\t\t\t\t\t<\/div>\n\n\t\t\t\t<div class=\"teft-card__primary\">\n\t\t\t\t\t<h2 class=\"teft-card__title\">MDG-moralismen fornekter seg ikke&nbsp;<span class=\"teft-card__primary-title-append\"><\/span><\/h2>\t\t\t\t<\/div>\n\t\t\t<\/div>\n\t\t<\/a>\n\t<\/div>\n\n\t<\/div><div class=\"is-card-hoyre\">\n\t<div class=\"teft-card hoyre-teft-card post-teft-card\">\n\t\t<a href=\"https:\/\/hoyre.no\/oslo\/aktuelt\/raskere-og-enklere-a-bygge-boliger-og-skape-arbeidsplasser-i-oslo\/\" class=\"teft-card__primary-action\">\n\n\t\t\t\t\t<div class=\"teft-card__media teft-card__media--16-9\">\n\t\t\t\t\t\t<img loading=\"lazy\" decoding=\"async\" width=\"768\" height=\"576\" src=\"https:\/\/hoyre.no\/content\/uploads\/sites\/408\/2026\/04\/Eirik-Lae-Solberg-og-Anita-Leirvik-North-768x576.jpg\" class=\"attachment-medium_large size-medium_large\" alt=\"\" srcset=\"https:\/\/hoyre.no\/content\/uploads\/sites\/408\/2026\/04\/Eirik-Lae-Solberg-og-Anita-Leirvik-North-768x576.jpg 768w, https:\/\/hoyre.no\/content\/uploads\/sites\/408\/2026\/04\/Eirik-Lae-Solberg-og-Anita-Leirvik-North-300x225.jpg 300w, https:\/\/hoyre.no\/content\/uploads\/sites\/408\/2026\/04\/Eirik-Lae-Solberg-og-Anita-Leirvik-North.jpg 901w\" sizes=\"auto, (max-width: 768px) 100vw, 768px\" \/>\t\t<\/div>\n\t\t\n\t\t\t<div class=\"teft-card__content-wrapper\">\n\t\t\t\t<div class=\"teft-card__secondary\">\n\t\t\t\t\t\n\t\t\t\t\t\t\t\t<div class=\"teft-card__meta\">\n\t\t\t\t\t\t\t\t\t<span class=\"post-date\">14. apr 2026<\/span>\n\n\t\t\t\t\t\t\t\t\t<span class=\"post-category\">Har lagt frem ny KPA:<\/span>\t\t\t\t\t\t\t\t<\/div>\n\t\t\t\t\t\t\t\t\t\t\t<\/div>\n\n\t\t\t\t<div class=\"teft-card__primary\">\n\t\t\t\t\t<h2 class=\"teft-card__title\">Raskere og enklere \u00e5 bygge boliger og skape arbeidsplasser i Oslo&nbsp;<span class=\"teft-card__primary-title-append\"><\/span><\/h2>\t\t\t\t<\/div>\n\t\t\t<\/div>\n\t\t<\/a>\n\t<\/div>\n\n\t<\/div><div class=\"is-card-hoyre\">\n\t<div class=\"teft-card hoyre-teft-card post-teft-card\">\n\t\t<a href=\"https:\/\/hoyre.no\/oslo\/aktuelt\/bedre-elevresultater-og-en-skoleokonomi-i-balanse-med-blagront-byrad\/\" class=\"teft-card__primary-action\">\n\n\t\t\t\t\t<div class=\"teft-card__media teft-card__media--16-9\">\n\t\t\t\t\t\t<img loading=\"lazy\" decoding=\"async\" width=\"768\" height=\"512\" src=\"https:\/\/hoyre.no\/content\/uploads\/sites\/408\/2025\/05\/IMG_6440-768x512.jpeg\" class=\"attachment-medium_large size-medium_large\" alt=\"Julie Remen Midtgarden\" srcset=\"https:\/\/hoyre.no\/content\/uploads\/sites\/408\/2025\/05\/IMG_6440-768x512.jpeg 768w, https:\/\/hoyre.no\/content\/uploads\/sites\/408\/2025\/05\/IMG_6440-300x200.jpeg 300w, https:\/\/hoyre.no\/content\/uploads\/sites\/408\/2025\/05\/IMG_6440-1024x683.jpeg 1024w, https:\/\/hoyre.no\/content\/uploads\/sites\/408\/2025\/05\/IMG_6440-1536x1024.jpeg 1536w, https:\/\/hoyre.no\/content\/uploads\/sites\/408\/2025\/05\/IMG_6440-2048x1365.jpeg 2048w\" sizes=\"auto, (max-width: 768px) 100vw, 768px\" \/>\t\t<\/div>\n\t\t\n\t\t\t<div class=\"teft-card__content-wrapper\">\n\t\t\t\t<div class=\"teft-card__secondary\">\n\t\t\t\t\t\n\t\t\t\t\t\t\t\t<div class=\"teft-card__meta\">\n\t\t\t\t\t\t\t\t\t<span class=\"post-date\">26. mar 2026<\/span>\n\n\t\t\t\t\t\t\t\t\t\t\t\t\t\t\t\t\t<\/div>\n\t\t\t\t\t\t\t\t\t\t\t<\/div>\n\n\t\t\t\t<div class=\"teft-card__primary\">\n\t\t\t\t\t<h2 class=\"teft-card__title\">Bedre elevresultater og en skole\u00f8konomi i balanse med bl\u00e5gr\u00f8nt byr\u00e5d&nbsp;<span class=\"teft-card__primary-title-append\"><\/span><\/h2>\t\t\t\t<\/div>\n\t\t\t<\/div>\n\t\t<\/a>\n\t<\/div>\n\n\t<\/div><\/div>\t<\/div>\n<\/div>\n","protected":false},"excerpt":{"rendered":"","protected":false},"author":0,"featured_media":1813,"comment_status":"closed","ping_status":"open","sticky":false,"template":"","format":"standard","meta":{"teft_cards_image_url":"","teft_cards_custom_pretitle":"","teft_cards_image_id":1813,"teft_cards_image_focal_point_x":0,"teft_cards_image_focal_point_y":0,"teft_cards_title":"","teft_cards_excerpt":"","teft_show_chapters":false,"author_display_name":"Oslo H\u00f8yre","footnotes":""},"category":[1],"post_tag":[],"hoyre-visibility":[],"article-type":[],"politician":[],"class_list":["post-1812","post","type-post","status-publish","format-standard","hentry","category-nyheter"],"yoast_head":"<!-- This site is optimized with the Yoast SEO Premium plugin v26.5 (Yoast SEO v26.6) - https:\/\/yoast.com\/wordpress\/plugins\/seo\/ -->\n<title>Fem grunner til \u00e5 stemme H\u00f8yre - Oslo H\u00f8yre<\/title>\n<meta name=\"robots\" content=\"index, follow, max-snippet:-1, max-image-preview:large, max-video-preview:-1\" \/>\n<link rel=\"canonical\" href=\"https:\/\/hoyre.no\/oslo\/aktuelt\/fem-grunner-til-a-stemme-hoyre\/\" \/>\n<meta property=\"og:locale\" content=\"nb_NO\" \/>\n<meta property=\"og:type\" content=\"article\" \/>\n<meta property=\"og:title\" content=\"Fem grunner til \u00e5 stemme H\u00f8yre\" \/>\n<meta property=\"og:url\" content=\"https:\/\/hoyre.no\/oslo\/aktuelt\/fem-grunner-til-a-stemme-hoyre\/\" \/>\n<meta property=\"og:site_name\" content=\"Oslo H\u00f8yre\" \/>\n<meta property=\"article:publisher\" content=\"https:\/\/www.facebook.com\/oslo.hoyre\" \/>\n<meta property=\"article:published_time\" content=\"2013-09-02T12:53:17+00:00\" \/>\n<meta property=\"article:modified_time\" content=\"2022-09-26T13:06:51+00:00\" \/>\n<meta property=\"og:image\" content=\"https:\/\/hoyre.no\/content\/uploads\/sites\/408\/2022\/09\/Erna-og-Fabian-Stang.jpg\" \/>\n\t<meta property=\"og:image:width\" content=\"1024\" \/>\n\t<meta property=\"og:image:height\" content=\"361\" \/>\n\t<meta property=\"og:image:type\" content=\"image\/jpeg\" \/>\n<meta name=\"twitter:card\" content=\"summary_large_image\" \/>\n<meta name=\"twitter:label1\" content=\"Ansl. lesetid\" \/>\n\t<meta name=\"twitter:data1\" content=\"4 minutter\" \/>\n<script type=\"application\/ld+json\" class=\"yoast-schema-graph\">{\"@context\":\"https:\/\/schema.org\",\"@graph\":[{\"@type\":\"Article\",\"@id\":\"https:\/\/hoyre.no\/oslo\/aktuelt\/fem-grunner-til-a-stemme-hoyre\/#article\",\"isPartOf\":{\"@id\":\"https:\/\/hoyre.no\/oslo\/aktuelt\/fem-grunner-til-a-stemme-hoyre\/\"},\"author\":{\"name\":\"\",\"@id\":\"\"},\"headline\":\"Fem grunner til \u00e5 stemme H\u00f8yre\",\"datePublished\":\"2013-09-02T12:53:17+00:00\",\"dateModified\":\"2022-09-26T13:06:51+00:00\",\"mainEntityOfPage\":{\"@id\":\"https:\/\/hoyre.no\/oslo\/aktuelt\/fem-grunner-til-a-stemme-hoyre\/\"},\"wordCount\":749,\"publisher\":{\"@id\":\"https:\/\/hoyre.no\/oslo\/#organization\"},\"image\":{\"@id\":\"https:\/\/hoyre.no\/oslo\/aktuelt\/fem-grunner-til-a-stemme-hoyre\/#primaryimage\"},\"thumbnailUrl\":\"https:\/\/hoyre.no\/content\/uploads\/sites\/408\/2022\/09\/Erna-og-Fabian-Stang.jpg\",\"articleSection\":[\"Nyheter\"],\"inLanguage\":\"nb-NO\"},{\"@type\":\"NewsArticle\",\"@id\":\"https:\/\/hoyre.no\/oslo\/aktuelt\/fem-grunner-til-a-stemme-hoyre\/\",\"url\":\"https:\/\/hoyre.no\/oslo\/aktuelt\/fem-grunner-til-a-stemme-hoyre\/\",\"name\":\"Fem grunner til \u00e5 stemme H\u00f8yre - Oslo H\u00f8yre\",\"isPartOf\":{\"@id\":\"https:\/\/hoyre.no\/oslo\/#website\"},\"image\":{\"@id\":\"https:\/\/hoyre.no\/oslo\/aktuelt\/fem-grunner-til-a-stemme-hoyre\/#primaryimage\"},\"thumbnailUrl\":\"https:\/\/hoyre.no\/content\/uploads\/sites\/408\/2022\/09\/Erna-og-Fabian-Stang.jpg\",\"datePublished\":\"2013-09-02T12:53:17+00:00\",\"dateModified\":\"2022-09-26T13:06:51+00:00\",\"breadcrumb\":{\"@id\":\"https:\/\/hoyre.no\/oslo\/aktuelt\/fem-grunner-til-a-stemme-hoyre\/#breadcrumb\"},\"inLanguage\":\"nb-NO\",\"potentialAction\":[{\"@type\":\"ReadAction\",\"target\":[\"https:\/\/hoyre.no\/oslo\/aktuelt\/fem-grunner-til-a-stemme-hoyre\/\"]}]},{\"@type\":\"ImageObject\",\"inLanguage\":\"nb-NO\",\"@id\":\"https:\/\/hoyre.no\/oslo\/aktuelt\/fem-grunner-til-a-stemme-hoyre\/#primaryimage\",\"url\":\"https:\/\/hoyre.no\/content\/uploads\/sites\/408\/2022\/09\/Erna-og-Fabian-Stang.jpg\",\"contentUrl\":\"https:\/\/hoyre.no\/content\/uploads\/sites\/408\/2022\/09\/Erna-og-Fabian-Stang.jpg\",\"width\":1024,\"height\":361,\"caption\":\"Erna og Fabian\"},{\"@type\":\"BreadcrumbList\",\"@id\":\"https:\/\/hoyre.no\/oslo\/aktuelt\/fem-grunner-til-a-stemme-hoyre\/#breadcrumb\",\"itemListElement\":[{\"@type\":\"ListItem\",\"position\":1,\"name\":\"Til hoyre.no\",\"item\":\"https:\/\/hoyre.no\"},{\"@type\":\"ListItem\",\"position\":2,\"name\":\"Hjem\",\"item\":\"https:\/\/hoyre.no\/oslo\/\"},{\"@type\":\"ListItem\",\"position\":3,\"name\":\"Fem grunner til \u00e5 stemme H\u00f8yre\"}]},{\"@type\":\"WebSite\",\"@id\":\"https:\/\/hoyre.no\/oslo\/#website\",\"url\":\"https:\/\/hoyre.no\/oslo\/\",\"name\":\"Oslo H\u00f8yre\",\"description\":\"\",\"publisher\":{\"@id\":\"https:\/\/hoyre.no\/oslo\/#organization\"},\"inLanguage\":\"nb-NO\"},{\"@type\":\"Organization\",\"@id\":\"https:\/\/hoyre.no\/oslo\/#organization\",\"name\":\"Oslo H\u00f8yre\",\"url\":\"https:\/\/hoyre.no\/oslo\/\",\"logo\":{\"@type\":\"ImageObject\",\"inLanguage\":\"nb-NO\",\"@id\":\"https:\/\/hoyre.no\/oslo\/#\/schema\/logo\/image\/\",\"url\":\"https:\/\/hoyre.no\/content\/uploads\/sites\/408\/2022\/11\/Hoyres-logo.png\",\"contentUrl\":\"https:\/\/hoyre.no\/content\/uploads\/sites\/408\/2022\/11\/Hoyres-logo.png\",\"width\":1000,\"height\":1000,\"caption\":\"Oslo H\u00f8yre\"},\"image\":{\"@id\":\"https:\/\/hoyre.no\/oslo\/#\/schema\/logo\/image\/\"},\"sameAs\":[\"https:\/\/www.facebook.com\/oslo.hoyre\"]}]}<\/script>\n<!-- \/ Yoast SEO Premium plugin. -->","yoast_head_json":{"title":"Fem grunner til \u00e5 stemme H\u00f8yre - Oslo H\u00f8yre","robots":{"index":"index","follow":"follow","max-snippet":"max-snippet:-1","max-image-preview":"max-image-preview:large","max-video-preview":"max-video-preview:-1"},"canonical":"https:\/\/hoyre.no\/oslo\/aktuelt\/fem-grunner-til-a-stemme-hoyre\/","og_locale":"nb_NO","og_type":"article","og_title":"Fem grunner til \u00e5 stemme H\u00f8yre","og_url":"https:\/\/hoyre.no\/oslo\/aktuelt\/fem-grunner-til-a-stemme-hoyre\/","og_site_name":"Oslo H\u00f8yre","article_publisher":"https:\/\/www.facebook.com\/oslo.hoyre","article_published_time":"2013-09-02T12:53:17+00:00","article_modified_time":"2022-09-26T13:06:51+00:00","og_image":[{"width":1024,"height":361,"url":"https:\/\/hoyre.no\/content\/uploads\/sites\/408\/2022\/09\/Erna-og-Fabian-Stang.jpg","type":"image\/jpeg"}],"twitter_card":"summary_large_image","twitter_misc":{"Ansl. lesetid":"4 minutter"},"schema":{"@context":"https:\/\/schema.org","@graph":[{"@type":"Article","@id":"https:\/\/hoyre.no\/oslo\/aktuelt\/fem-grunner-til-a-stemme-hoyre\/#article","isPartOf":{"@id":"https:\/\/hoyre.no\/oslo\/aktuelt\/fem-grunner-til-a-stemme-hoyre\/"},"author":{"name":"","@id":""},"headline":"Fem grunner til \u00e5 stemme H\u00f8yre","datePublished":"2013-09-02T12:53:17+00:00","dateModified":"2022-09-26T13:06:51+00:00","mainEntityOfPage":{"@id":"https:\/\/hoyre.no\/oslo\/aktuelt\/fem-grunner-til-a-stemme-hoyre\/"},"wordCount":749,"publisher":{"@id":"https:\/\/hoyre.no\/oslo\/#organization"},"image":{"@id":"https:\/\/hoyre.no\/oslo\/aktuelt\/fem-grunner-til-a-stemme-hoyre\/#primaryimage"},"thumbnailUrl":"https:\/\/hoyre.no\/content\/uploads\/sites\/408\/2022\/09\/Erna-og-Fabian-Stang.jpg","articleSection":["Nyheter"],"inLanguage":"nb-NO"},{"@type":"NewsArticle","@id":"https:\/\/hoyre.no\/oslo\/aktuelt\/fem-grunner-til-a-stemme-hoyre\/","url":"https:\/\/hoyre.no\/oslo\/aktuelt\/fem-grunner-til-a-stemme-hoyre\/","name":"Fem grunner til \u00e5 stemme H\u00f8yre - Oslo H\u00f8yre","isPartOf":{"@id":"https:\/\/hoyre.no\/oslo\/#website"},"image":{"@id":"https:\/\/hoyre.no\/oslo\/aktuelt\/fem-grunner-til-a-stemme-hoyre\/#primaryimage"},"thumbnailUrl":"https:\/\/hoyre.no\/content\/uploads\/sites\/408\/2022\/09\/Erna-og-Fabian-Stang.jpg","datePublished":"2013-09-02T12:53:17+00:00","dateModified":"2022-09-26T13:06:51+00:00","breadcrumb":{"@id":"https:\/\/hoyre.no\/oslo\/aktuelt\/fem-grunner-til-a-stemme-hoyre\/#breadcrumb"},"inLanguage":"nb-NO","potentialAction":[{"@type":"ReadAction","target":["https:\/\/hoyre.no\/oslo\/aktuelt\/fem-grunner-til-a-stemme-hoyre\/"]}]},{"@type":"ImageObject","inLanguage":"nb-NO","@id":"https:\/\/hoyre.no\/oslo\/aktuelt\/fem-grunner-til-a-stemme-hoyre\/#primaryimage","url":"https:\/\/hoyre.no\/content\/uploads\/sites\/408\/2022\/09\/Erna-og-Fabian-Stang.jpg","contentUrl":"https:\/\/hoyre.no\/content\/uploads\/sites\/408\/2022\/09\/Erna-og-Fabian-Stang.jpg","width":1024,"height":361,"caption":"Erna og Fabian"},{"@type":"BreadcrumbList","@id":"https:\/\/hoyre.no\/oslo\/aktuelt\/fem-grunner-til-a-stemme-hoyre\/#breadcrumb","itemListElement":[{"@type":"ListItem","position":1,"name":"Til hoyre.no","item":"https:\/\/hoyre.no"},{"@type":"ListItem","position":2,"name":"Hjem","item":"https:\/\/hoyre.no\/oslo\/"},{"@type":"ListItem","position":3,"name":"Fem grunner til \u00e5 stemme H\u00f8yre"}]},{"@type":"WebSite","@id":"https:\/\/hoyre.no\/oslo\/#website","url":"https:\/\/hoyre.no\/oslo\/","name":"Oslo H\u00f8yre","description":"","publisher":{"@id":"https:\/\/hoyre.no\/oslo\/#organization"},"inLanguage":"nb-NO"},{"@type":"Organization","@id":"https:\/\/hoyre.no\/oslo\/#organization","name":"Oslo H\u00f8yre","url":"https:\/\/hoyre.no\/oslo\/","logo":{"@type":"ImageObject","inLanguage":"nb-NO","@id":"https:\/\/hoyre.no\/oslo\/#\/schema\/logo\/image\/","url":"https:\/\/hoyre.no\/content\/uploads\/sites\/408\/2022\/11\/Hoyres-logo.png","contentUrl":"https:\/\/hoyre.no\/content\/uploads\/sites\/408\/2022\/11\/Hoyres-logo.png","width":1000,"height":1000,"caption":"Oslo H\u00f8yre"},"image":{"@id":"https:\/\/hoyre.no\/oslo\/#\/schema\/logo\/image\/"},"sameAs":["https:\/\/www.facebook.com\/oslo.hoyre"]}]}},"distributor_meta":false,"distributor_terms":false,"distributor_media":false,"distributor_original_site_name":"Oslo H\u00f8yre","distributor_original_site_url":"https:\/\/hoyre.no\/oslo","push-errors":false,"_links":{"self":[{"href":"https:\/\/hoyre.no\/oslo\/wp-json\/wp\/v2\/posts\/1812","targetHints":{"allow":["GET"]}}],"collection":[{"href":"https:\/\/hoyre.no\/oslo\/wp-json\/wp\/v2\/posts"}],"about":[{"href":"https:\/\/hoyre.no\/oslo\/wp-json\/wp\/v2\/types\/post"}],"replies":[{"embeddable":true,"href":"https:\/\/hoyre.no\/oslo\/wp-json\/wp\/v2\/comments?post=1812"}],"version-history":[{"count":1,"href":"https:\/\/hoyre.no\/oslo\/wp-json\/wp\/v2\/posts\/1812\/revisions"}],"predecessor-version":[{"id":2990,"href":"https:\/\/hoyre.no\/oslo\/wp-json\/wp\/v2\/posts\/1812\/revisions\/2990"}],"wp:featuredmedia":[{"embeddable":true,"href":"https:\/\/hoyre.no\/oslo\/wp-json\/wp\/v2\/media\/1813"}],"wp:attachment":[{"href":"https:\/\/hoyre.no\/oslo\/wp-json\/wp\/v2\/media?parent=1812"}],"wp:term":[{"taxonomy":"category","embeddable":true,"href":"https:\/\/hoyre.no\/oslo\/wp-json\/wp\/v2\/category?post=1812"},{"taxonomy":"post_tag","embeddable":true,"href":"https:\/\/hoyre.no\/oslo\/wp-json\/wp\/v2\/post_tag?post=1812"},{"taxonomy":"hoyre-visibility","embeddable":true,"href":"https:\/\/hoyre.no\/oslo\/wp-json\/wp\/v2\/hoyre-visibility?post=1812"},{"taxonomy":"article-type","embeddable":true,"href":"https:\/\/hoyre.no\/oslo\/wp-json\/wp\/v2\/article-type?post=1812"},{"taxonomy":"politician","embeddable":true,"href":"https:\/\/hoyre.no\/oslo\/wp-json\/wp\/v2\/politician?post=1812"}],"curies":[{"name":"wp","href":"https:\/\/api.w.org\/{rel}","templated":true}]}}