{"id":1814,"date":"2013-08-31T12:44:34","date_gmt":"2013-08-31T12:44:34","guid":{"rendered":"https:\/\/hoyre.no\/oslo\/aktuelt\/krever-handling\/"},"modified":"2022-09-26T15:06:51","modified_gmt":"2022-09-26T13:06:51","slug":"krever-handling","status":"publish","type":"post","link":"https:\/\/hoyre.no\/oslo\/aktuelt\/krever-handling\/","title":{"rendered":"Krever handling"},"content":{"rendered":"<figure class=\"hoyre-image-wrapper\"><div class=\"hoyre-image\"><img loading=\"lazy\" decoding=\"async\" width=\"1024\" height=\"361\" src=\"https:\/\/hoyre.no\/content\/uploads\/sites\/408\/2022\/09\/Michael-Tetzschner.jpg\" class=\"attachment-scaled size-scaled\" alt=\"Michael Tetzschner\" style=\"object-position: 50% 50%\" srcset=\"https:\/\/hoyre.no\/content\/uploads\/sites\/408\/2022\/09\/Michael-Tetzschner.jpg 1024w, https:\/\/hoyre.no\/content\/uploads\/sites\/408\/2022\/09\/Michael-Tetzschner-300x106.jpg 300w, https:\/\/hoyre.no\/content\/uploads\/sites\/408\/2022\/09\/Michael-Tetzschner-768x271.jpg 768w\" sizes=\"auto, (max-width: 1024px) 100vw, 1024px\" \/><\/div><\/figure><div id=\"hoyre-old-article-content-wrapper\"><p>\u00c5tte \u00e5r etter at Stoltenberg-regjeringen inntok regjeringskontorene har kun 13 av 354 polititjenestesteder d\u00f8gn\u00e5pent hele uken, og bare 5000 av 11 500 politiansatte jobber med regul\u00e6re politioppgaver.<\/p><p>&#8211; Trygghet mot kriminalitet er selve fundamentet for et sivilisert samfunn, sier stortingskandidat Michael Tetzschner. \u2013 Jeg blir derfor ganske forarget over denne tafattheten n\u00e5r b\u00e5de Gj\u00f8rv-rapporten og den siste politianalysen viser at norsk politi ikke har levd opp til endringene i kriminalitetsbildet.<\/p><h2><strong>Matcher ikke<\/strong><\/h2><p>Politin\u00e6rv\u00e6ret er p\u00e5 sitt laveste p\u00e5 de tidene av d\u00f8gnet hvor det beg\u00e5s mest kriminalitet. Og til tross for at 90 prosent av all kriminalitet i landet skjer i 10 kommuner, drifter norsk politi 354 tjenestesteder. Uten \u00e5 si noe skr\u00e5sikkert om hva som er \u201criktig\u201d antall tjenestesteder, illustrerer dette mangelen p\u00e5 forsterket innsats der behovet er st\u00f8rst.<\/p><p>&#8211; Politianalysen som kom i juni viser at flere av lensmannskontorene, hvorav flere holder \u00e5pent for publikum i kun to til fire timer i uken, knapt etterforsker eller oppklarer straffbare handlingler, sier han.<\/p><p>Men politiets arbeidstider er utvilsomt viktig i storbyene ogs\u00e5. Den 300 sider lange Politianalyserapporten starter med \u00e5 peke p\u00e5 problemene knyttet til internasjonal kriminalitet: \u201dFremtidens politi m\u00e5 kunne m\u00f8te den kompliserte, alvorlige og grenseoverskridende kriminaliteten og samtidig levere en god polititjeneste der befolkningen bor.\u201d<\/p><h2><strong>Grensekontroll p\u00e5 Oslo S<\/strong><\/h2><p>Der hvor vi tidligere hadde grensekontroll ved Svinesund, fors\u00f8ker n\u00e5 Oslo-politiet \u00e5 holde oversikten p\u00e5 de tusener av reisende som hver dag ankommer Oslo Sentralbanestasjon, hvor det meste av innreisetrafikken til Norge har sin ankomst. P\u00e5 ti \u00e5r har tallet p\u00e5 utenlandske fanger i norske fengsler tredoblet seg. 1 av 3 innsatte i norske fengsler har ikke norsk pass, og i Oslo fengsel er flere enn 7 av 10 innsatte fra andre land enn Norge.<\/p><p>&#8211; For meg er det viktig at politiet er ute i felten n\u00e5r de kriminelle er det, sier Tetzschner. \u2013 Det virker noe underlig \u00e5 m\u00e5tte understreke et s\u00e5pass \u00e5penbart poeng, men jeg mener det er oppsiktsvekkende at det er minst politi p\u00e5 jobb natt til l\u00f8rdag og s\u00f8ndag, akkurat da vi vet at behovet og p\u00e5gangen fra vanlige borgere er st\u00f8rst.<\/p><h2>D\u00e5rlig ressursutnyttelse<\/h2><p>Om vi sammenlikner norsk politi med politiet i v\u00e5re nordiske naboland, viser det seg at svenskene, finnene og danskene utnytter sine politiressurser opptil 30-40 prosent bedre. For \u00e5 betjene en tjenestestilling d\u00f8gnet rundt, klarer finnene seg med 6,4 \u00e5rsverk. I Norge, p\u00e5 grunn av v\u00e5rt politis arbeidstidsordninger, m\u00e5 vi bruke 9 \u00e5rsverk p\u00e5 samme tjenestestilling.<\/p><p>Politianalyseutvalget beskriver hvordan det sl\u00f8ses med penger. Blant annet stilles det sp\u00f8rsm\u00e5l til de 354 tjenestestedene som binder opp midler til husleie og administrasjon. Det er ogs\u00e5 store forskjeller mellom hvordan landets 27 politimestre bruker pengene: Politidirektoratets ressursanalyse over politidistriktenes pengebruk viser blant annet hvordan ett politidistrikt, som for\u00f8vrig har landets desidert beste politidekning, samtidig er dem som bruker mest p\u00e5 overtid til sine ansatte: 70 000 per ansatt. Det er betydelige variasjoner i materiellbruk og bilhold som ikke kan forklares av forskjell i st\u00f8rrelsen p\u00e5 distriktene.<\/p><h2>Sofageneraler<\/h2><p>&#8211; Det er ogs\u00e5 grunn til \u00e5 se om Politi-direktoratet, slik det er ledet i disse \u00e5rene, har utviklet seg til en st\u00f8tte for den operative virksomheten som finner sted i politidistriktene, eller om den i for sterk grad er influert av en departementskultur med mange sofageneraler, hvis fremste oppgave er \u00e5 avlaste den politiske ledelse i justisdepartementet for ansvar, og i det hele tatt skjerme justisministeren overfor ubehagelige realiteter, sier Tetzschner.<\/p><p>Tetzschner har i flere \u00e5r arbeidet som privatpraktiserende advokat, og sier at han ser betydningen av et godt tilrettelagt etterforskningsarbeid, et effektivt straffesaks-forl\u00f8p og ikke minst rettstapet som oppst\u00e5r for offeret n\u00e5r det ikke skjer.<\/p><h2>Arkeologi<\/h2><p>&#8211; Vi har et samfunn hvor du kan f\u00e5 levert pizza p\u00e5 d\u00f8ren innen 30 minutter med varmegaranti. Da b\u00f8r politiet ogs\u00e5 kunne etterforske innbrudd p\u00e5 grunnlag av ferske spor og opplysninger, sier Tetzschner. &#8211; Hvis ikke, likner jo etterforskningsarbeidet mer p\u00e5 arkeologi enn politiarbeid n\u00e5r de endelig kommer.<\/p><p>&#8211; De r\u00f8dgr\u00f8nne har hittil i valgkampen fors\u00f8kt \u00e5 skremme velgerne med at det vil bli s\u00e5 store forskjeller i Norge dersom det blir regjeringsskifte etter valget, sier Tetzschner f\u00f8r han fortsetter:<\/p><p>&#8211; Det trenger de ikke \u00e5 gj\u00f8re. Forskjellene er her allerede, de er store og de er i offentlig sektor.<\/p><p>&#8211; Jeg tror det hersker liten tvil om at norsk politi kan ledes og drives langt bedre enn i dag, sier han. En av hovedbegrunnelsene for \u00e5 ha en stat, er \u00e5 s\u00f8rge for innbyggernes trygghet. Da b\u00f8r vi heller bruke pengene p\u00e5 \u00e5 etterforske organisert, internasjonal kriminalitet og ikke minst p\u00e5 \u00e5 ha nok politifolk tilgjengelig til de tider da det foreg\u00e5r mest lovbrudd. Men det krever en tydelig politisk ledelse, med klare krav til resultater. Og jeg har ingen tro p\u00e5 at fire \u00e5r til med de r\u00f8dgr\u00f8nne vil gj\u00f8re landet tryggere, sier han.<\/p>\n<\/div>\n<div class=\"tags\">\n\t<\/div>\n<div class=\"post-footer alignfull has-background block-editor-block-list__block\" data-align=full>\n\t<div class=\"post-footer-inner\">\n\t\t<h3>Relaterte artikler<\/h3>\n\t\t<div class=\"related-content\"><div class=\"is-card-hoyre\">\n\t<div class=\"teft-card hoyre-teft-card post-teft-card\">\n\t\t<a href=\"https:\/\/hoyre.no\/oslo\/aktuelt\/mdg-moralismen-fornekter-seg-ikke\/\" class=\"teft-card__primary-action\">\n\n\t\t\t\t\t<div class=\"teft-card__media teft-card__media--16-9\">\n\t\t\t\t\t\t<img loading=\"lazy\" decoding=\"async\" width=\"768\" height=\"512\" src=\"https:\/\/hoyre.no\/content\/uploads\/sites\/408\/2024\/01\/QZQlxtOC-768x512.jpeg\" class=\"attachment-medium_large size-medium_large\" alt=\"Merete Agerbak-Jensen\" srcset=\"https:\/\/hoyre.no\/content\/uploads\/sites\/408\/2024\/01\/QZQlxtOC-768x512.jpeg 768w, https:\/\/hoyre.no\/content\/uploads\/sites\/408\/2024\/01\/QZQlxtOC-300x200.jpeg 300w, https:\/\/hoyre.no\/content\/uploads\/sites\/408\/2024\/01\/QZQlxtOC-1024x683.jpeg 1024w, https:\/\/hoyre.no\/content\/uploads\/sites\/408\/2024\/01\/QZQlxtOC-1536x1024.jpeg 1536w, https:\/\/hoyre.no\/content\/uploads\/sites\/408\/2024\/01\/QZQlxtOC-2048x1365.jpeg 2048w\" sizes=\"auto, (max-width: 768px) 100vw, 768px\" \/>\t\t<\/div>\n\t\t\n\t\t\t<div class=\"teft-card__content-wrapper\">\n\t\t\t\t<div class=\"teft-card__secondary\">\n\t\t\t\t\t\n\t\t\t\t\t\t\t\t<div class=\"teft-card__meta\">\n\t\t\t\t\t\t\t\t\t<span class=\"post-date\">23. apr 2026<\/span>\n\n\t\t\t\t\t\t\t\t\t\t\t\t\t\t\t\t\t<\/div>\n\t\t\t\t\t\t\t\t\t\t\t<\/div>\n\n\t\t\t\t<div class=\"teft-card__primary\">\n\t\t\t\t\t<h2 class=\"teft-card__title\">MDG-moralismen fornekter seg ikke&nbsp;<span class=\"teft-card__primary-title-append\"><\/span><\/h2>\t\t\t\t<\/div>\n\t\t\t<\/div>\n\t\t<\/a>\n\t<\/div>\n\n\t<\/div><div class=\"is-card-hoyre\">\n\t<div class=\"teft-card hoyre-teft-card post-teft-card\">\n\t\t<a href=\"https:\/\/hoyre.no\/oslo\/aktuelt\/raskere-og-enklere-a-bygge-boliger-og-skape-arbeidsplasser-i-oslo\/\" class=\"teft-card__primary-action\">\n\n\t\t\t\t\t<div class=\"teft-card__media teft-card__media--16-9\">\n\t\t\t\t\t\t<img loading=\"lazy\" decoding=\"async\" width=\"768\" height=\"576\" src=\"https:\/\/hoyre.no\/content\/uploads\/sites\/408\/2026\/04\/Eirik-Lae-Solberg-og-Anita-Leirvik-North-768x576.jpg\" class=\"attachment-medium_large size-medium_large\" alt=\"\" srcset=\"https:\/\/hoyre.no\/content\/uploads\/sites\/408\/2026\/04\/Eirik-Lae-Solberg-og-Anita-Leirvik-North-768x576.jpg 768w, https:\/\/hoyre.no\/content\/uploads\/sites\/408\/2026\/04\/Eirik-Lae-Solberg-og-Anita-Leirvik-North-300x225.jpg 300w, https:\/\/hoyre.no\/content\/uploads\/sites\/408\/2026\/04\/Eirik-Lae-Solberg-og-Anita-Leirvik-North.jpg 901w\" sizes=\"auto, (max-width: 768px) 100vw, 768px\" \/>\t\t<\/div>\n\t\t\n\t\t\t<div class=\"teft-card__content-wrapper\">\n\t\t\t\t<div class=\"teft-card__secondary\">\n\t\t\t\t\t\n\t\t\t\t\t\t\t\t<div class=\"teft-card__meta\">\n\t\t\t\t\t\t\t\t\t<span class=\"post-date\">14. apr 2026<\/span>\n\n\t\t\t\t\t\t\t\t\t<span class=\"post-category\">Har lagt frem ny KPA:<\/span>\t\t\t\t\t\t\t\t<\/div>\n\t\t\t\t\t\t\t\t\t\t\t<\/div>\n\n\t\t\t\t<div class=\"teft-card__primary\">\n\t\t\t\t\t<h2 class=\"teft-card__title\">Raskere og enklere \u00e5 bygge boliger og skape arbeidsplasser i Oslo&nbsp;<span class=\"teft-card__primary-title-append\"><\/span><\/h2>\t\t\t\t<\/div>\n\t\t\t<\/div>\n\t\t<\/a>\n\t<\/div>\n\n\t<\/div><div class=\"is-card-hoyre\">\n\t<div class=\"teft-card hoyre-teft-card post-teft-card\">\n\t\t<a href=\"https:\/\/hoyre.no\/oslo\/aktuelt\/bedre-elevresultater-og-en-skoleokonomi-i-balanse-med-blagront-byrad\/\" class=\"teft-card__primary-action\">\n\n\t\t\t\t\t<div class=\"teft-card__media teft-card__media--16-9\">\n\t\t\t\t\t\t<img loading=\"lazy\" decoding=\"async\" width=\"768\" height=\"512\" src=\"https:\/\/hoyre.no\/content\/uploads\/sites\/408\/2025\/05\/IMG_6440-768x512.jpeg\" class=\"attachment-medium_large size-medium_large\" alt=\"Julie Remen Midtgarden\" srcset=\"https:\/\/hoyre.no\/content\/uploads\/sites\/408\/2025\/05\/IMG_6440-768x512.jpeg 768w, https:\/\/hoyre.no\/content\/uploads\/sites\/408\/2025\/05\/IMG_6440-300x200.jpeg 300w, https:\/\/hoyre.no\/content\/uploads\/sites\/408\/2025\/05\/IMG_6440-1024x683.jpeg 1024w, https:\/\/hoyre.no\/content\/uploads\/sites\/408\/2025\/05\/IMG_6440-1536x1024.jpeg 1536w, https:\/\/hoyre.no\/content\/uploads\/sites\/408\/2025\/05\/IMG_6440-2048x1365.jpeg 2048w\" sizes=\"auto, (max-width: 768px) 100vw, 768px\" \/>\t\t<\/div>\n\t\t\n\t\t\t<div class=\"teft-card__content-wrapper\">\n\t\t\t\t<div class=\"teft-card__secondary\">\n\t\t\t\t\t\n\t\t\t\t\t\t\t\t<div class=\"teft-card__meta\">\n\t\t\t\t\t\t\t\t\t<span class=\"post-date\">26. mar 2026<\/span>\n\n\t\t\t\t\t\t\t\t\t\t\t\t\t\t\t\t\t<\/div>\n\t\t\t\t\t\t\t\t\t\t\t<\/div>\n\n\t\t\t\t<div class=\"teft-card__primary\">\n\t\t\t\t\t<h2 class=\"teft-card__title\">Bedre elevresultater og en skole\u00f8konomi i balanse med bl\u00e5gr\u00f8nt byr\u00e5d&nbsp;<span class=\"teft-card__primary-title-append\"><\/span><\/h2>\t\t\t\t<\/div>\n\t\t\t<\/div>\n\t\t<\/a>\n\t<\/div>\n\n\t<\/div><\/div>\t<\/div>\n<\/div>\n","protected":false},"excerpt":{"rendered":"","protected":false},"author":0,"featured_media":1482,"comment_status":"closed","ping_status":"open","sticky":false,"template":"","format":"standard","meta":{"teft_cards_image_url":"","teft_cards_custom_pretitle":"","teft_cards_image_id":1482,"teft_cards_image_focal_point_x":0,"teft_cards_image_focal_point_y":0,"teft_cards_title":"","teft_cards_excerpt":"","teft_show_chapters":false,"author_display_name":"Oslo H\u00f8yre","footnotes":""},"category":[1],"post_tag":[],"hoyre-visibility":[],"article-type":[],"politician":[],"class_list":["post-1814","post","type-post","status-publish","format-standard","hentry","category-nyheter"],"yoast_head":"<!-- This site is optimized with the Yoast SEO Premium plugin v26.5 (Yoast SEO v26.6) - https:\/\/yoast.com\/wordpress\/plugins\/seo\/ -->\n<title>Krever handling - Oslo H\u00f8yre<\/title>\n<meta name=\"robots\" content=\"index, follow, max-snippet:-1, max-image-preview:large, max-video-preview:-1\" \/>\n<link rel=\"canonical\" href=\"https:\/\/hoyre.no\/oslo\/aktuelt\/krever-handling\/\" \/>\n<meta property=\"og:locale\" content=\"nb_NO\" \/>\n<meta property=\"og:type\" content=\"article\" \/>\n<meta property=\"og:title\" content=\"Krever handling\" \/>\n<meta property=\"og:url\" content=\"https:\/\/hoyre.no\/oslo\/aktuelt\/krever-handling\/\" \/>\n<meta property=\"og:site_name\" content=\"Oslo H\u00f8yre\" \/>\n<meta property=\"article:publisher\" content=\"https:\/\/www.facebook.com\/oslo.hoyre\" \/>\n<meta property=\"article:published_time\" content=\"2013-08-31T12:44:34+00:00\" \/>\n<meta property=\"article:modified_time\" content=\"2022-09-26T13:06:51+00:00\" \/>\n<meta property=\"og:image\" content=\"https:\/\/hoyre.no\/content\/uploads\/sites\/408\/2022\/09\/Michael-Tetzschner.jpg\" \/>\n\t<meta property=\"og:image:width\" content=\"1024\" \/>\n\t<meta property=\"og:image:height\" content=\"361\" \/>\n\t<meta property=\"og:image:type\" content=\"image\/jpeg\" \/>\n<meta name=\"twitter:card\" content=\"summary_large_image\" \/>\n<meta name=\"twitter:label1\" content=\"Ansl. lesetid\" \/>\n\t<meta name=\"twitter:data1\" content=\"4 minutter\" \/>\n<script type=\"application\/ld+json\" class=\"yoast-schema-graph\">{\"@context\":\"https:\/\/schema.org\",\"@graph\":[{\"@type\":\"Article\",\"@id\":\"https:\/\/hoyre.no\/oslo\/aktuelt\/krever-handling\/#article\",\"isPartOf\":{\"@id\":\"https:\/\/hoyre.no\/oslo\/aktuelt\/krever-handling\/\"},\"author\":{\"name\":\"\",\"@id\":\"\"},\"headline\":\"Krever handling\",\"datePublished\":\"2013-08-31T12:44:34+00:00\",\"dateModified\":\"2022-09-26T13:06:51+00:00\",\"mainEntityOfPage\":{\"@id\":\"https:\/\/hoyre.no\/oslo\/aktuelt\/krever-handling\/\"},\"wordCount\":818,\"publisher\":{\"@id\":\"https:\/\/hoyre.no\/oslo\/#organization\"},\"image\":{\"@id\":\"https:\/\/hoyre.no\/oslo\/aktuelt\/krever-handling\/#primaryimage\"},\"thumbnailUrl\":\"https:\/\/hoyre.no\/content\/uploads\/sites\/408\/2022\/09\/Michael-Tetzschner.jpg\",\"articleSection\":[\"Nyheter\"],\"inLanguage\":\"nb-NO\"},{\"@type\":\"NewsArticle\",\"@id\":\"https:\/\/hoyre.no\/oslo\/aktuelt\/krever-handling\/\",\"url\":\"https:\/\/hoyre.no\/oslo\/aktuelt\/krever-handling\/\",\"name\":\"Krever handling - Oslo H\u00f8yre\",\"isPartOf\":{\"@id\":\"https:\/\/hoyre.no\/oslo\/#website\"},\"image\":{\"@id\":\"https:\/\/hoyre.no\/oslo\/aktuelt\/krever-handling\/#primaryimage\"},\"thumbnailUrl\":\"https:\/\/hoyre.no\/content\/uploads\/sites\/408\/2022\/09\/Michael-Tetzschner.jpg\",\"datePublished\":\"2013-08-31T12:44:34+00:00\",\"dateModified\":\"2022-09-26T13:06:51+00:00\",\"breadcrumb\":{\"@id\":\"https:\/\/hoyre.no\/oslo\/aktuelt\/krever-handling\/#breadcrumb\"},\"inLanguage\":\"nb-NO\",\"potentialAction\":[{\"@type\":\"ReadAction\",\"target\":[\"https:\/\/hoyre.no\/oslo\/aktuelt\/krever-handling\/\"]}]},{\"@type\":\"ImageObject\",\"inLanguage\":\"nb-NO\",\"@id\":\"https:\/\/hoyre.no\/oslo\/aktuelt\/krever-handling\/#primaryimage\",\"url\":\"https:\/\/hoyre.no\/content\/uploads\/sites\/408\/2022\/09\/Michael-Tetzschner.jpg\",\"contentUrl\":\"https:\/\/hoyre.no\/content\/uploads\/sites\/408\/2022\/09\/Michael-Tetzschner.jpg\",\"width\":1024,\"height\":361,\"caption\":\"Michael Tetzschner\"},{\"@type\":\"BreadcrumbList\",\"@id\":\"https:\/\/hoyre.no\/oslo\/aktuelt\/krever-handling\/#breadcrumb\",\"itemListElement\":[{\"@type\":\"ListItem\",\"position\":1,\"name\":\"Til hoyre.no\",\"item\":\"https:\/\/hoyre.no\"},{\"@type\":\"ListItem\",\"position\":2,\"name\":\"Hjem\",\"item\":\"https:\/\/hoyre.no\/oslo\/\"},{\"@type\":\"ListItem\",\"position\":3,\"name\":\"Krever handling\"}]},{\"@type\":\"WebSite\",\"@id\":\"https:\/\/hoyre.no\/oslo\/#website\",\"url\":\"https:\/\/hoyre.no\/oslo\/\",\"name\":\"Oslo H\u00f8yre\",\"description\":\"\",\"publisher\":{\"@id\":\"https:\/\/hoyre.no\/oslo\/#organization\"},\"inLanguage\":\"nb-NO\"},{\"@type\":\"Organization\",\"@id\":\"https:\/\/hoyre.no\/oslo\/#organization\",\"name\":\"Oslo H\u00f8yre\",\"url\":\"https:\/\/hoyre.no\/oslo\/\",\"logo\":{\"@type\":\"ImageObject\",\"inLanguage\":\"nb-NO\",\"@id\":\"https:\/\/hoyre.no\/oslo\/#\/schema\/logo\/image\/\",\"url\":\"https:\/\/hoyre.no\/content\/uploads\/sites\/408\/2022\/11\/Hoyres-logo.png\",\"contentUrl\":\"https:\/\/hoyre.no\/content\/uploads\/sites\/408\/2022\/11\/Hoyres-logo.png\",\"width\":1000,\"height\":1000,\"caption\":\"Oslo H\u00f8yre\"},\"image\":{\"@id\":\"https:\/\/hoyre.no\/oslo\/#\/schema\/logo\/image\/\"},\"sameAs\":[\"https:\/\/www.facebook.com\/oslo.hoyre\"]}]}<\/script>\n<!-- \/ Yoast SEO Premium plugin. -->","yoast_head_json":{"title":"Krever handling - Oslo H\u00f8yre","robots":{"index":"index","follow":"follow","max-snippet":"max-snippet:-1","max-image-preview":"max-image-preview:large","max-video-preview":"max-video-preview:-1"},"canonical":"https:\/\/hoyre.no\/oslo\/aktuelt\/krever-handling\/","og_locale":"nb_NO","og_type":"article","og_title":"Krever handling","og_url":"https:\/\/hoyre.no\/oslo\/aktuelt\/krever-handling\/","og_site_name":"Oslo H\u00f8yre","article_publisher":"https:\/\/www.facebook.com\/oslo.hoyre","article_published_time":"2013-08-31T12:44:34+00:00","article_modified_time":"2022-09-26T13:06:51+00:00","og_image":[{"width":1024,"height":361,"url":"https:\/\/hoyre.no\/content\/uploads\/sites\/408\/2022\/09\/Michael-Tetzschner.jpg","type":"image\/jpeg"}],"twitter_card":"summary_large_image","twitter_misc":{"Ansl. lesetid":"4 minutter"},"schema":{"@context":"https:\/\/schema.org","@graph":[{"@type":"Article","@id":"https:\/\/hoyre.no\/oslo\/aktuelt\/krever-handling\/#article","isPartOf":{"@id":"https:\/\/hoyre.no\/oslo\/aktuelt\/krever-handling\/"},"author":{"name":"","@id":""},"headline":"Krever handling","datePublished":"2013-08-31T12:44:34+00:00","dateModified":"2022-09-26T13:06:51+00:00","mainEntityOfPage":{"@id":"https:\/\/hoyre.no\/oslo\/aktuelt\/krever-handling\/"},"wordCount":818,"publisher":{"@id":"https:\/\/hoyre.no\/oslo\/#organization"},"image":{"@id":"https:\/\/hoyre.no\/oslo\/aktuelt\/krever-handling\/#primaryimage"},"thumbnailUrl":"https:\/\/hoyre.no\/content\/uploads\/sites\/408\/2022\/09\/Michael-Tetzschner.jpg","articleSection":["Nyheter"],"inLanguage":"nb-NO"},{"@type":"NewsArticle","@id":"https:\/\/hoyre.no\/oslo\/aktuelt\/krever-handling\/","url":"https:\/\/hoyre.no\/oslo\/aktuelt\/krever-handling\/","name":"Krever handling - Oslo H\u00f8yre","isPartOf":{"@id":"https:\/\/hoyre.no\/oslo\/#website"},"image":{"@id":"https:\/\/hoyre.no\/oslo\/aktuelt\/krever-handling\/#primaryimage"},"thumbnailUrl":"https:\/\/hoyre.no\/content\/uploads\/sites\/408\/2022\/09\/Michael-Tetzschner.jpg","datePublished":"2013-08-31T12:44:34+00:00","dateModified":"2022-09-26T13:06:51+00:00","breadcrumb":{"@id":"https:\/\/hoyre.no\/oslo\/aktuelt\/krever-handling\/#breadcrumb"},"inLanguage":"nb-NO","potentialAction":[{"@type":"ReadAction","target":["https:\/\/hoyre.no\/oslo\/aktuelt\/krever-handling\/"]}]},{"@type":"ImageObject","inLanguage":"nb-NO","@id":"https:\/\/hoyre.no\/oslo\/aktuelt\/krever-handling\/#primaryimage","url":"https:\/\/hoyre.no\/content\/uploads\/sites\/408\/2022\/09\/Michael-Tetzschner.jpg","contentUrl":"https:\/\/hoyre.no\/content\/uploads\/sites\/408\/2022\/09\/Michael-Tetzschner.jpg","width":1024,"height":361,"caption":"Michael Tetzschner"},{"@type":"BreadcrumbList","@id":"https:\/\/hoyre.no\/oslo\/aktuelt\/krever-handling\/#breadcrumb","itemListElement":[{"@type":"ListItem","position":1,"name":"Til hoyre.no","item":"https:\/\/hoyre.no"},{"@type":"ListItem","position":2,"name":"Hjem","item":"https:\/\/hoyre.no\/oslo\/"},{"@type":"ListItem","position":3,"name":"Krever handling"}]},{"@type":"WebSite","@id":"https:\/\/hoyre.no\/oslo\/#website","url":"https:\/\/hoyre.no\/oslo\/","name":"Oslo H\u00f8yre","description":"","publisher":{"@id":"https:\/\/hoyre.no\/oslo\/#organization"},"inLanguage":"nb-NO"},{"@type":"Organization","@id":"https:\/\/hoyre.no\/oslo\/#organization","name":"Oslo H\u00f8yre","url":"https:\/\/hoyre.no\/oslo\/","logo":{"@type":"ImageObject","inLanguage":"nb-NO","@id":"https:\/\/hoyre.no\/oslo\/#\/schema\/logo\/image\/","url":"https:\/\/hoyre.no\/content\/uploads\/sites\/408\/2022\/11\/Hoyres-logo.png","contentUrl":"https:\/\/hoyre.no\/content\/uploads\/sites\/408\/2022\/11\/Hoyres-logo.png","width":1000,"height":1000,"caption":"Oslo H\u00f8yre"},"image":{"@id":"https:\/\/hoyre.no\/oslo\/#\/schema\/logo\/image\/"},"sameAs":["https:\/\/www.facebook.com\/oslo.hoyre"]}]}},"distributor_meta":false,"distributor_terms":false,"distributor_media":false,"distributor_original_site_name":"Oslo H\u00f8yre","distributor_original_site_url":"https:\/\/hoyre.no\/oslo","push-errors":false,"_links":{"self":[{"href":"https:\/\/hoyre.no\/oslo\/wp-json\/wp\/v2\/posts\/1814","targetHints":{"allow":["GET"]}}],"collection":[{"href":"https:\/\/hoyre.no\/oslo\/wp-json\/wp\/v2\/posts"}],"about":[{"href":"https:\/\/hoyre.no\/oslo\/wp-json\/wp\/v2\/types\/post"}],"replies":[{"embeddable":true,"href":"https:\/\/hoyre.no\/oslo\/wp-json\/wp\/v2\/comments?post=1814"}],"version-history":[{"count":1,"href":"https:\/\/hoyre.no\/oslo\/wp-json\/wp\/v2\/posts\/1814\/revisions"}],"predecessor-version":[{"id":2991,"href":"https:\/\/hoyre.no\/oslo\/wp-json\/wp\/v2\/posts\/1814\/revisions\/2991"}],"wp:featuredmedia":[{"embeddable":true,"href":"https:\/\/hoyre.no\/oslo\/wp-json\/wp\/v2\/media\/1482"}],"wp:attachment":[{"href":"https:\/\/hoyre.no\/oslo\/wp-json\/wp\/v2\/media?parent=1814"}],"wp:term":[{"taxonomy":"category","embeddable":true,"href":"https:\/\/hoyre.no\/oslo\/wp-json\/wp\/v2\/category?post=1814"},{"taxonomy":"post_tag","embeddable":true,"href":"https:\/\/hoyre.no\/oslo\/wp-json\/wp\/v2\/post_tag?post=1814"},{"taxonomy":"hoyre-visibility","embeddable":true,"href":"https:\/\/hoyre.no\/oslo\/wp-json\/wp\/v2\/hoyre-visibility?post=1814"},{"taxonomy":"article-type","embeddable":true,"href":"https:\/\/hoyre.no\/oslo\/wp-json\/wp\/v2\/article-type?post=1814"},{"taxonomy":"politician","embeddable":true,"href":"https:\/\/hoyre.no\/oslo\/wp-json\/wp\/v2\/politician?post=1814"}],"curies":[{"name":"wp","href":"https:\/\/api.w.org\/{rel}","templated":true}]}}