{"id":1816,"date":"2013-08-30T15:19:32","date_gmt":"2013-08-30T15:19:32","guid":{"rendered":"https:\/\/hoyre.no\/oslo\/aktuelt\/hvordan-skal-hoyre-sorge-for-en-bedre-skole\/"},"modified":"2022-09-26T15:06:52","modified_gmt":"2022-09-26T13:06:52","slug":"hvordan-skal-hoyre-sorge-for-en-bedre-skole","status":"publish","type":"post","link":"https:\/\/hoyre.no\/oslo\/aktuelt\/hvordan-skal-hoyre-sorge-for-en-bedre-skole\/","title":{"rendered":"Hvordan skal H\u00f8yre s\u00f8rge for en bedre skole?"},"content":{"rendered":"<figure class=\"hoyre-image-wrapper\"><div class=\"hoyre-image\"><img loading=\"lazy\" decoding=\"async\" width=\"1024\" height=\"361\" src=\"https:\/\/hoyre.no\/content\/uploads\/sites\/408\/2022\/09\/Ine-og-Torger.jpg\" class=\"attachment-scaled size-scaled\" alt=\"Ine og Torger\" style=\"object-position: 50% 50%\" srcset=\"https:\/\/hoyre.no\/content\/uploads\/sites\/408\/2022\/09\/Ine-og-Torger.jpg 1024w, https:\/\/hoyre.no\/content\/uploads\/sites\/408\/2022\/09\/Ine-og-Torger-300x106.jpg 300w, https:\/\/hoyre.no\/content\/uploads\/sites\/408\/2022\/09\/Ine-og-Torger-768x271.jpg 768w\" sizes=\"auto, (max-width: 1024px) 100vw, 1024px\" \/><\/div><\/figure><div id=\"hoyre-old-article-content-wrapper\"><p>To engasjerte politikere p\u00e5 vei ut p\u00e5 husbes\u00f8k. Sansene er skjerpet n\u00e5r Ine Eriksen S\u00f8reide og Torger \u00d8degaard skal ut og snakke med velgerne &#8211; H\u00f8yres skolepolitikk skaper stort engasjement. Begge h\u00e5per \u00e5 f\u00e5 diskutert skolepolitikk n\u00e5r de st\u00e5r p\u00e5 d\u00f8rterskelen til spente beboere p\u00e5 St. Hanshaugen.<\/p><p>&#8211; Kanskje m\u00f8ter vi en familie som har barn i Oslo-skolen. Eller noen litt eldre som har gode minner om dr\u00f8mmel\u00e6reren sin. De aller fleste har et forhold til skolen, og derfor kommer utdanningspolitikk til \u00e5 bli et viktig tema i valgkampen, sier Torger.<\/p><blockquote><p>Alt for mange g\u00e5r ut av skolen uten \u00e5 kunne lese og skrive skikkelig.<\/p><\/blockquote><p>Ine mener det blir viktig \u00e5 frem b\u00e5de positive og negative sider ved skolen.<\/p><p>&#8211; Det er mye som er bra i norsk skole. Samtidig ser vi at vi har en del utfordringer. Alt for mange g\u00e5r ut av skolen uten \u00e5 kunne lese og skrive skikkelig, og det er for mange som dropper ut av videreg\u00e5ende skole: andelen har ligget stabilt p\u00e5 30 % de siste \u00e5rene, sier hun. &#8211; Dette m\u00e5 vi f\u00e5 gjort noe med.<\/p><h2><strong>Nye tider<\/strong><\/h2><p>Tospannet vandrer forbi den staselige inngangsporten til Frydenlunds bryggeri. F\u00f8r ble det brygget skummende \u00f8l her, og ga jobb til over 300 mennesker. N\u00e5 er det blitt tilholdsstedet til H\u00f8yskolen i Oslo og Akershus.<\/p><p>&#8211; F\u00f8r i tiden trengte man ikke n\u00f8dvendigvis \u00e5 g\u00e5 p\u00e5 videreg\u00e5ende for \u00e5 skape seg et trygt og godt liv, sier Torger. &#8211; Om man ikke trivdes p\u00e5 skolen kunne man dra til sj\u00f8s eller \u00e5 banke p\u00e5 d\u00f8ren her p\u00e5 bryggeriet og f\u00e5 en jobb p\u00e5 dagen. Slik er det ikke lenger. Du kommer ikke s\u00e6rlig langt uten videreg\u00e5ende i dag, derfor er det s\u00e5 viktig \u00e5 s\u00f8rge for at s\u00e5 mange som mulig fullf\u00f8rer.<\/p><p>Ine nikker. Mange av de som ikke fullf\u00f8rer videreg\u00e5ende er blant de som st\u00e5r i arbeidsledighetsk\u00f8 i dag.<\/p><p>&#8211; Det \u00e5 s\u00f8rge for at flest mulig fullf\u00f8rer videreg\u00e5ende skole er noe av det viktigste vi kan bidra med i unge menneskers liv, sier Torger. &#8211; \u00c5 kunne st\u00e5 p\u00e5 egne ben med en utdanning som basis og muligheten til \u00e5 skape seg et godt liv er viktig b\u00e5de for enkeltmennesket og for samfunnet, sier han.<\/p><h2><strong>H\u00f8ye ambisjoner<\/strong><\/h2><p>P\u00e5 Bislett stadion har det blitt satt flere verdensrekorder. I det Ine og Torger g\u00e5r forbi det \u00e6rverdige anlegget, kommer de inn p\u00e5 viktigheten av \u00e5 sette seg h\u00f8ye m\u00e5l.<\/p><p>&#8211; I Oslo har vi satt oss som m\u00e5l at 90 prosent skal fullf\u00f8re og best\u00e5, mens regjeringen har sagt 75 prosent. Ambisi\u00f8se m\u00e5l er viktig. F\u00f8rst m\u00e5 du prege m\u00e5let og s\u00e5 vil m\u00e5let prege deg. Det virker motiverende for alle oss som skal jobbe for \u00e5 n\u00e5 det, sier Torger.<\/p><blockquote><p>I Oslo har vi satt oss som m\u00e5l at 90 prosent skal fullf\u00f8re og best\u00e5, mens regjeringen har sagt 75 prosent.<\/p><\/blockquote><p>S\u00e5 hvordan skal H\u00f8yre s\u00f8rge for en bedre skole?<\/p><p>&#8211; L\u00e6reren er det absolutt viktigste for elevers l\u00e6ring, kommer det raskt fra Ine. &#8211; Vi er opptatt av to ting n\u00e5r det gjelder l\u00e6reren: det ene er at l\u00e6reryrket skal ha h\u00f8y status. Det andre er at ingen elever skal v\u00e6re avhengig av flaks for \u00e5 lykkes i skolen. Norsk skole har veldig mange virkelig enest\u00e5ende l\u00e6rere. Men det er ogs\u00e5 mange som har utfordringer. Ingen elever skal m\u00e5tte v\u00e6re prisgitt et s\u00e5nt system. Vi m\u00e5 skape flere dr\u00f8mmel\u00e6rere, og flere m\u00e5 synes at l\u00e6reryrket er en attraktiv karrierevei.<\/p><blockquote><p>L\u00e6reren er det absolutt viktigste for elevers l\u00e6ring.<\/p><\/blockquote><p>&#8211; I tillegg er det viktig \u00e5 gi l\u00e6rere reelle karriere-muligheter, sier hun. &#8211; Vi ser for ofte at de flinkeste l\u00e6rerne forsvinner inn i administrative stillinger, men vi trenger dem i klasserommet. L\u00e6rerutdanningen m\u00e5 gj\u00f8res om til en fem\u00e5ring masterutdanning, og vi m\u00e5 stille h\u00f8yere karakterkrav til de som \u00f8nsker \u00e5 komme inn. I tillegg vil vi utvikle en sertifiseringsordning som gir l\u00e6rere rett og plikt til etter- og videreutdanning. I dag sertifiserer vi b\u00e5de lastebilsj\u00e5f\u00f8rer og sykepleiere, og det skulle bare mangle at det ikke ogs\u00e5 gjaldt for de som utdanner fremtiden. Vi tror en slik ordning ogs\u00e5 vil f\u00e5 orden p\u00e5 etter- og videreutdanningen for l\u00e6rere, fordi den inneb\u00e6rer en plikt for myndighetene til \u00e5 gi l\u00e6rerne slikt faglig p\u00e5fyll.<\/p><blockquote><p>L\u00e6reryrket skal ha h\u00f8y status.<\/p><\/blockquote><p>&#8211; Men det aller viktigste er at l\u00e6rere skal f\u00e5 lov til \u00e5 v\u00e6re pedagoger, og ikke bruke for mye tid p\u00e5 byr\u00e5krati og rapporteringer. De m\u00e5 f\u00e5 lov til \u00e5 konsentrere seg om det de kan og det som er viktigst, nemlig undervisning.<\/p><h2>Begrepet Oslo-skolen<\/h2><p>Vi vandrer videre gjennom St. Hanshaugens gater. Trikkene i Thereses gate f\u00e5r bakken til \u00e5 riste lett, mens sm\u00e5barnsfamilier med barnevogn nyter solen p\u00e5 Kaffebrenneriets uteservering. Mange unge flytter til byen. Hovedstaden har v\u00e6rt H\u00f8yre-styrt i n\u00e6rmere ti \u00e5r. Det har bidratt til at Oslo-skolen har blitt et begrep i den offentlige skoledebatten.<\/p><p>&#8211; I Oslo gjennomf\u00f8rer vi H\u00f8yres skolepolitikk, vi prioriterer lesing, skriving og regning og vi har \u00e5penhet om resultatene, sier Torger. &#8211; Vi har h\u00f8ye ambisjoner for alle elevenes l\u00e6ring. Det betyr at vi skal l\u00f8fte de som strever og gi ekstra utfordringer til de som har et s\u00e6rlig talent. Ingen elever er like, og skal vi gi alle like muligheter m\u00e5 vi t\u00f8rre \u00e5 forskjellsbehandle. Vi \u00f8nsker mer tilpasset undervisning i skolen, sier han.<\/p><blockquote><p>Vi skal l\u00f8fte de som strever og gi ekstra utfordringer til de som har et s\u00e6rlig talent.<\/p><\/blockquote><p>Og det har virket for Oslo-skolen. Byen med landets mest mangfoldige elevflokk har de beste resultatene p\u00e5 nasjonale pr\u00f8ver for femte \u00e5ret p\u00e5 rad. Og flere forskere, blant annet Hans Bonesr\u00f8nning og Jon M.V. Iversen ved NTNU, konkluderer med at alle elever, ogs\u00e5 de svakeste, gj\u00f8r det bedre i Oslo.<\/p><p>&#8211; Politikk handler om \u00e5 prioritere, sier Ine. &#8211; Om du skal f\u00e5 resultater, m\u00e5 du prioritere det viktigste f\u00f8rst. N\u00e5r SV igjen setter skolemat og leksehjelp \u00f8verst p\u00e5 dagsorden vitner det om mangel p\u00e5 forst\u00e5else av hva som er skolens kjerneoppgaver. Regjeringen har brukt \u00e5tte \u00e5r med flertall til \u00e5 lovfeste retten til frukt og gr\u00f8nt. Oslo har i stedet prioritert det viktigste f\u00f8rst og det har gitt resultater. Etter h\u00f8stens valg skal vi s\u00f8rge for at dette blir politikk for resten av landet, sier hun.<\/p><h2>L\u00f8fte yrkesfagene<\/h2><p>Yrkesfagene har v\u00e6rt mye diskutert i \u00e5r, og frafallet er st\u00f8rre der enn p\u00e5 studiespesialiserende retning. Skal vi f\u00e5 flere gjennom skolel\u00f8pet m\u00e5 yrkesfagene l\u00f8ftes. Hva vil H\u00f8yre gj\u00f8re for yrkesfagene?<\/p><p>&#8211; Helt konkret \u00f8nsker vi mer yrkesretting av fellesfagene, og vi vil at folk med relevant bakgrunn, og som jobber i bransjen, skal f\u00e5 v\u00e6re en del av undervisningen, sier Ine.<\/p><blockquote><p>Vi m\u00e5 trappe opp innsatsen for flere l\u00e6rlingeplasser.<\/p><\/blockquote><p>&#8211; Dette handler om \u00e5 trekke alle gode krefter inn i skolen! Vi skal \u00f8ke l\u00e6rlingtilskuddet fordi vi m\u00e5 trappe opp innsatsen for flere l\u00e6rlingeplasser. De elevene som fortsatt ikke f\u00e5r l\u00e6rlingeplass, skal f\u00e5 et tilbud om to\u00e5rig l\u00f8p hvor de kan veksle mellom skole og praksisarbeid. Denne vekslingsmodellen har v\u00e6rt pr\u00f8vd i Oslo, og med gode resultater, sier hun.<\/p><p>Oslo og Vi forlater dem der de vandrer videre ut i den lyse sommerkvelden, p\u00e5 vei til \u00e5 banke p\u00e5 Bisletts mange d\u00f8rer. De kommer til \u00e5 v\u00e6re innom mange hjem, motta mange sp\u00f8rsm\u00e5l og lytte til hva folk mener om Oslo-skolen. Men en ting er sikkert: de har h\u00f8ye ambisjoner for norsk skole, og de er klare for \u00e5 male hele skole-Norge h\u00f8yrebl\u00e5tt etter valget.<\/p>\n<\/div>\n<div class=\"tags\">\n\t<\/div>\n<div class=\"post-footer alignfull has-background block-editor-block-list__block\" data-align=full>\n\t<div class=\"post-footer-inner\">\n\t\t<h3>Relaterte artikler<\/h3>\n\t\t<div class=\"related-content\"><div class=\"is-card-hoyre\">\n\t<div class=\"teft-card hoyre-teft-card post-teft-card\">\n\t\t<a href=\"https:\/\/hoyre.no\/oslo\/aktuelt\/mdg-moralismen-fornekter-seg-ikke\/\" class=\"teft-card__primary-action\">\n\n\t\t\t\t\t<div class=\"teft-card__media teft-card__media--16-9\">\n\t\t\t\t\t\t<img loading=\"lazy\" decoding=\"async\" width=\"768\" height=\"512\" src=\"https:\/\/hoyre.no\/content\/uploads\/sites\/408\/2024\/01\/QZQlxtOC-768x512.jpeg\" class=\"attachment-medium_large size-medium_large\" alt=\"Merete Agerbak-Jensen\" srcset=\"https:\/\/hoyre.no\/content\/uploads\/sites\/408\/2024\/01\/QZQlxtOC-768x512.jpeg 768w, https:\/\/hoyre.no\/content\/uploads\/sites\/408\/2024\/01\/QZQlxtOC-300x200.jpeg 300w, https:\/\/hoyre.no\/content\/uploads\/sites\/408\/2024\/01\/QZQlxtOC-1024x683.jpeg 1024w, https:\/\/hoyre.no\/content\/uploads\/sites\/408\/2024\/01\/QZQlxtOC-1536x1024.jpeg 1536w, https:\/\/hoyre.no\/content\/uploads\/sites\/408\/2024\/01\/QZQlxtOC-2048x1365.jpeg 2048w\" sizes=\"auto, (max-width: 768px) 100vw, 768px\" \/>\t\t<\/div>\n\t\t\n\t\t\t<div class=\"teft-card__content-wrapper\">\n\t\t\t\t<div class=\"teft-card__secondary\">\n\t\t\t\t\t\n\t\t\t\t\t\t\t\t<div class=\"teft-card__meta\">\n\t\t\t\t\t\t\t\t\t<span class=\"post-date\">23. apr 2026<\/span>\n\n\t\t\t\t\t\t\t\t\t\t\t\t\t\t\t\t\t<\/div>\n\t\t\t\t\t\t\t\t\t\t\t<\/div>\n\n\t\t\t\t<div class=\"teft-card__primary\">\n\t\t\t\t\t<h2 class=\"teft-card__title\">MDG-moralismen fornekter seg ikke&nbsp;<span class=\"teft-card__primary-title-append\"><\/span><\/h2>\t\t\t\t<\/div>\n\t\t\t<\/div>\n\t\t<\/a>\n\t<\/div>\n\n\t<\/div><div class=\"is-card-hoyre\">\n\t<div class=\"teft-card hoyre-teft-card post-teft-card\">\n\t\t<a href=\"https:\/\/hoyre.no\/oslo\/aktuelt\/raskere-og-enklere-a-bygge-boliger-og-skape-arbeidsplasser-i-oslo\/\" class=\"teft-card__primary-action\">\n\n\t\t\t\t\t<div class=\"teft-card__media teft-card__media--16-9\">\n\t\t\t\t\t\t<img loading=\"lazy\" decoding=\"async\" width=\"768\" height=\"576\" src=\"https:\/\/hoyre.no\/content\/uploads\/sites\/408\/2026\/04\/Eirik-Lae-Solberg-og-Anita-Leirvik-North-768x576.jpg\" class=\"attachment-medium_large size-medium_large\" alt=\"\" srcset=\"https:\/\/hoyre.no\/content\/uploads\/sites\/408\/2026\/04\/Eirik-Lae-Solberg-og-Anita-Leirvik-North-768x576.jpg 768w, https:\/\/hoyre.no\/content\/uploads\/sites\/408\/2026\/04\/Eirik-Lae-Solberg-og-Anita-Leirvik-North-300x225.jpg 300w, https:\/\/hoyre.no\/content\/uploads\/sites\/408\/2026\/04\/Eirik-Lae-Solberg-og-Anita-Leirvik-North.jpg 901w\" sizes=\"auto, (max-width: 768px) 100vw, 768px\" \/>\t\t<\/div>\n\t\t\n\t\t\t<div class=\"teft-card__content-wrapper\">\n\t\t\t\t<div class=\"teft-card__secondary\">\n\t\t\t\t\t\n\t\t\t\t\t\t\t\t<div class=\"teft-card__meta\">\n\t\t\t\t\t\t\t\t\t<span class=\"post-date\">14. apr 2026<\/span>\n\n\t\t\t\t\t\t\t\t\t<span class=\"post-category\">Har lagt frem ny KPA:<\/span>\t\t\t\t\t\t\t\t<\/div>\n\t\t\t\t\t\t\t\t\t\t\t<\/div>\n\n\t\t\t\t<div class=\"teft-card__primary\">\n\t\t\t\t\t<h2 class=\"teft-card__title\">Raskere og enklere \u00e5 bygge boliger og skape arbeidsplasser i Oslo&nbsp;<span class=\"teft-card__primary-title-append\"><\/span><\/h2>\t\t\t\t<\/div>\n\t\t\t<\/div>\n\t\t<\/a>\n\t<\/div>\n\n\t<\/div><div class=\"is-card-hoyre\">\n\t<div class=\"teft-card hoyre-teft-card post-teft-card\">\n\t\t<a href=\"https:\/\/hoyre.no\/oslo\/aktuelt\/bedre-elevresultater-og-en-skoleokonomi-i-balanse-med-blagront-byrad\/\" class=\"teft-card__primary-action\">\n\n\t\t\t\t\t<div class=\"teft-card__media teft-card__media--16-9\">\n\t\t\t\t\t\t<img loading=\"lazy\" decoding=\"async\" width=\"768\" height=\"512\" src=\"https:\/\/hoyre.no\/content\/uploads\/sites\/408\/2025\/05\/IMG_6440-768x512.jpeg\" class=\"attachment-medium_large size-medium_large\" alt=\"Julie Remen Midtgarden\" srcset=\"https:\/\/hoyre.no\/content\/uploads\/sites\/408\/2025\/05\/IMG_6440-768x512.jpeg 768w, https:\/\/hoyre.no\/content\/uploads\/sites\/408\/2025\/05\/IMG_6440-300x200.jpeg 300w, https:\/\/hoyre.no\/content\/uploads\/sites\/408\/2025\/05\/IMG_6440-1024x683.jpeg 1024w, https:\/\/hoyre.no\/content\/uploads\/sites\/408\/2025\/05\/IMG_6440-1536x1024.jpeg 1536w, https:\/\/hoyre.no\/content\/uploads\/sites\/408\/2025\/05\/IMG_6440-2048x1365.jpeg 2048w\" sizes=\"auto, (max-width: 768px) 100vw, 768px\" \/>\t\t<\/div>\n\t\t\n\t\t\t<div class=\"teft-card__content-wrapper\">\n\t\t\t\t<div class=\"teft-card__secondary\">\n\t\t\t\t\t\n\t\t\t\t\t\t\t\t<div class=\"teft-card__meta\">\n\t\t\t\t\t\t\t\t\t<span class=\"post-date\">26. mar 2026<\/span>\n\n\t\t\t\t\t\t\t\t\t\t\t\t\t\t\t\t\t<\/div>\n\t\t\t\t\t\t\t\t\t\t\t<\/div>\n\n\t\t\t\t<div class=\"teft-card__primary\">\n\t\t\t\t\t<h2 class=\"teft-card__title\">Bedre elevresultater og en skole\u00f8konomi i balanse med bl\u00e5gr\u00f8nt byr\u00e5d&nbsp;<span class=\"teft-card__primary-title-append\"><\/span><\/h2>\t\t\t\t<\/div>\n\t\t\t<\/div>\n\t\t<\/a>\n\t<\/div>\n\n\t<\/div><\/div>\t<\/div>\n<\/div>\n","protected":false},"excerpt":{"rendered":"","protected":false},"author":0,"featured_media":1817,"comment_status":"closed","ping_status":"open","sticky":false,"template":"","format":"standard","meta":{"teft_cards_image_url":"","teft_cards_custom_pretitle":"","teft_cards_image_id":1817,"teft_cards_image_focal_point_x":0,"teft_cards_image_focal_point_y":0,"teft_cards_title":"","teft_cards_excerpt":"","teft_show_chapters":false,"author_display_name":"Oslo H\u00f8yre","footnotes":""},"category":[1],"post_tag":[],"hoyre-visibility":[],"article-type":[],"politician":[],"class_list":["post-1816","post","type-post","status-publish","format-standard","hentry","category-nyheter"],"yoast_head":"<!-- This site is optimized with the Yoast SEO Premium plugin v26.5 (Yoast SEO v26.6) - https:\/\/yoast.com\/wordpress\/plugins\/seo\/ -->\n<title>Hvordan skal H\u00f8yre s\u00f8rge for en bedre skole? - Oslo H\u00f8yre<\/title>\n<meta name=\"robots\" content=\"index, follow, max-snippet:-1, max-image-preview:large, max-video-preview:-1\" \/>\n<link rel=\"canonical\" href=\"https:\/\/hoyre.no\/oslo\/aktuelt\/hvordan-skal-hoyre-sorge-for-en-bedre-skole\/\" \/>\n<meta property=\"og:locale\" content=\"nb_NO\" \/>\n<meta property=\"og:type\" content=\"article\" \/>\n<meta property=\"og:title\" content=\"Hvordan skal H\u00f8yre s\u00f8rge for en bedre skole?\" \/>\n<meta property=\"og:url\" content=\"https:\/\/hoyre.no\/oslo\/aktuelt\/hvordan-skal-hoyre-sorge-for-en-bedre-skole\/\" \/>\n<meta property=\"og:site_name\" content=\"Oslo H\u00f8yre\" \/>\n<meta property=\"article:publisher\" content=\"https:\/\/www.facebook.com\/oslo.hoyre\" \/>\n<meta property=\"article:published_time\" content=\"2013-08-30T15:19:32+00:00\" \/>\n<meta property=\"article:modified_time\" content=\"2022-09-26T13:06:52+00:00\" \/>\n<meta property=\"og:image\" content=\"https:\/\/hoyre.no\/content\/uploads\/sites\/408\/2022\/09\/Ine-og-Torger.jpg\" \/>\n\t<meta property=\"og:image:width\" content=\"1024\" \/>\n\t<meta property=\"og:image:height\" content=\"361\" \/>\n\t<meta property=\"og:image:type\" content=\"image\/jpeg\" \/>\n<meta name=\"twitter:card\" content=\"summary_large_image\" \/>\n<meta name=\"twitter:label1\" content=\"Ansl. lesetid\" \/>\n\t<meta name=\"twitter:data1\" content=\"7 minutter\" \/>\n<script type=\"application\/ld+json\" class=\"yoast-schema-graph\">{\"@context\":\"https:\/\/schema.org\",\"@graph\":[{\"@type\":\"Article\",\"@id\":\"https:\/\/hoyre.no\/oslo\/aktuelt\/hvordan-skal-hoyre-sorge-for-en-bedre-skole\/#article\",\"isPartOf\":{\"@id\":\"https:\/\/hoyre.no\/oslo\/aktuelt\/hvordan-skal-hoyre-sorge-for-en-bedre-skole\/\"},\"author\":{\"name\":\"\",\"@id\":\"\"},\"headline\":\"Hvordan skal H\u00f8yre s\u00f8rge for en bedre skole?\",\"datePublished\":\"2013-08-30T15:19:32+00:00\",\"dateModified\":\"2022-09-26T13:06:52+00:00\",\"mainEntityOfPage\":{\"@id\":\"https:\/\/hoyre.no\/oslo\/aktuelt\/hvordan-skal-hoyre-sorge-for-en-bedre-skole\/\"},\"wordCount\":1339,\"publisher\":{\"@id\":\"https:\/\/hoyre.no\/oslo\/#organization\"},\"image\":{\"@id\":\"https:\/\/hoyre.no\/oslo\/aktuelt\/hvordan-skal-hoyre-sorge-for-en-bedre-skole\/#primaryimage\"},\"thumbnailUrl\":\"https:\/\/hoyre.no\/content\/uploads\/sites\/408\/2022\/09\/Ine-og-Torger.jpg\",\"articleSection\":[\"Nyheter\"],\"inLanguage\":\"nb-NO\"},{\"@type\":\"NewsArticle\",\"@id\":\"https:\/\/hoyre.no\/oslo\/aktuelt\/hvordan-skal-hoyre-sorge-for-en-bedre-skole\/\",\"url\":\"https:\/\/hoyre.no\/oslo\/aktuelt\/hvordan-skal-hoyre-sorge-for-en-bedre-skole\/\",\"name\":\"Hvordan skal H\u00f8yre s\u00f8rge for en bedre skole? - Oslo H\u00f8yre\",\"isPartOf\":{\"@id\":\"https:\/\/hoyre.no\/oslo\/#website\"},\"image\":{\"@id\":\"https:\/\/hoyre.no\/oslo\/aktuelt\/hvordan-skal-hoyre-sorge-for-en-bedre-skole\/#primaryimage\"},\"thumbnailUrl\":\"https:\/\/hoyre.no\/content\/uploads\/sites\/408\/2022\/09\/Ine-og-Torger.jpg\",\"datePublished\":\"2013-08-30T15:19:32+00:00\",\"dateModified\":\"2022-09-26T13:06:52+00:00\",\"breadcrumb\":{\"@id\":\"https:\/\/hoyre.no\/oslo\/aktuelt\/hvordan-skal-hoyre-sorge-for-en-bedre-skole\/#breadcrumb\"},\"inLanguage\":\"nb-NO\",\"potentialAction\":[{\"@type\":\"ReadAction\",\"target\":[\"https:\/\/hoyre.no\/oslo\/aktuelt\/hvordan-skal-hoyre-sorge-for-en-bedre-skole\/\"]}]},{\"@type\":\"ImageObject\",\"inLanguage\":\"nb-NO\",\"@id\":\"https:\/\/hoyre.no\/oslo\/aktuelt\/hvordan-skal-hoyre-sorge-for-en-bedre-skole\/#primaryimage\",\"url\":\"https:\/\/hoyre.no\/content\/uploads\/sites\/408\/2022\/09\/Ine-og-Torger.jpg\",\"contentUrl\":\"https:\/\/hoyre.no\/content\/uploads\/sites\/408\/2022\/09\/Ine-og-Torger.jpg\",\"width\":1024,\"height\":361,\"caption\":\"Ine og Torger\"},{\"@type\":\"BreadcrumbList\",\"@id\":\"https:\/\/hoyre.no\/oslo\/aktuelt\/hvordan-skal-hoyre-sorge-for-en-bedre-skole\/#breadcrumb\",\"itemListElement\":[{\"@type\":\"ListItem\",\"position\":1,\"name\":\"Til hoyre.no\",\"item\":\"https:\/\/hoyre.no\"},{\"@type\":\"ListItem\",\"position\":2,\"name\":\"Hjem\",\"item\":\"https:\/\/hoyre.no\/oslo\/\"},{\"@type\":\"ListItem\",\"position\":3,\"name\":\"Hvordan skal H\u00f8yre s\u00f8rge for en bedre skole?\"}]},{\"@type\":\"WebSite\",\"@id\":\"https:\/\/hoyre.no\/oslo\/#website\",\"url\":\"https:\/\/hoyre.no\/oslo\/\",\"name\":\"Oslo H\u00f8yre\",\"description\":\"\",\"publisher\":{\"@id\":\"https:\/\/hoyre.no\/oslo\/#organization\"},\"inLanguage\":\"nb-NO\"},{\"@type\":\"Organization\",\"@id\":\"https:\/\/hoyre.no\/oslo\/#organization\",\"name\":\"Oslo H\u00f8yre\",\"url\":\"https:\/\/hoyre.no\/oslo\/\",\"logo\":{\"@type\":\"ImageObject\",\"inLanguage\":\"nb-NO\",\"@id\":\"https:\/\/hoyre.no\/oslo\/#\/schema\/logo\/image\/\",\"url\":\"https:\/\/hoyre.no\/content\/uploads\/sites\/408\/2022\/11\/Hoyres-logo.png\",\"contentUrl\":\"https:\/\/hoyre.no\/content\/uploads\/sites\/408\/2022\/11\/Hoyres-logo.png\",\"width\":1000,\"height\":1000,\"caption\":\"Oslo H\u00f8yre\"},\"image\":{\"@id\":\"https:\/\/hoyre.no\/oslo\/#\/schema\/logo\/image\/\"},\"sameAs\":[\"https:\/\/www.facebook.com\/oslo.hoyre\"]}]}<\/script>\n<!-- \/ Yoast SEO Premium plugin. -->","yoast_head_json":{"title":"Hvordan skal H\u00f8yre s\u00f8rge for en bedre skole? - Oslo H\u00f8yre","robots":{"index":"index","follow":"follow","max-snippet":"max-snippet:-1","max-image-preview":"max-image-preview:large","max-video-preview":"max-video-preview:-1"},"canonical":"https:\/\/hoyre.no\/oslo\/aktuelt\/hvordan-skal-hoyre-sorge-for-en-bedre-skole\/","og_locale":"nb_NO","og_type":"article","og_title":"Hvordan skal H\u00f8yre s\u00f8rge for en bedre skole?","og_url":"https:\/\/hoyre.no\/oslo\/aktuelt\/hvordan-skal-hoyre-sorge-for-en-bedre-skole\/","og_site_name":"Oslo H\u00f8yre","article_publisher":"https:\/\/www.facebook.com\/oslo.hoyre","article_published_time":"2013-08-30T15:19:32+00:00","article_modified_time":"2022-09-26T13:06:52+00:00","og_image":[{"width":1024,"height":361,"url":"https:\/\/hoyre.no\/content\/uploads\/sites\/408\/2022\/09\/Ine-og-Torger.jpg","type":"image\/jpeg"}],"twitter_card":"summary_large_image","twitter_misc":{"Ansl. lesetid":"7 minutter"},"schema":{"@context":"https:\/\/schema.org","@graph":[{"@type":"Article","@id":"https:\/\/hoyre.no\/oslo\/aktuelt\/hvordan-skal-hoyre-sorge-for-en-bedre-skole\/#article","isPartOf":{"@id":"https:\/\/hoyre.no\/oslo\/aktuelt\/hvordan-skal-hoyre-sorge-for-en-bedre-skole\/"},"author":{"name":"","@id":""},"headline":"Hvordan skal H\u00f8yre s\u00f8rge for en bedre skole?","datePublished":"2013-08-30T15:19:32+00:00","dateModified":"2022-09-26T13:06:52+00:00","mainEntityOfPage":{"@id":"https:\/\/hoyre.no\/oslo\/aktuelt\/hvordan-skal-hoyre-sorge-for-en-bedre-skole\/"},"wordCount":1339,"publisher":{"@id":"https:\/\/hoyre.no\/oslo\/#organization"},"image":{"@id":"https:\/\/hoyre.no\/oslo\/aktuelt\/hvordan-skal-hoyre-sorge-for-en-bedre-skole\/#primaryimage"},"thumbnailUrl":"https:\/\/hoyre.no\/content\/uploads\/sites\/408\/2022\/09\/Ine-og-Torger.jpg","articleSection":["Nyheter"],"inLanguage":"nb-NO"},{"@type":"NewsArticle","@id":"https:\/\/hoyre.no\/oslo\/aktuelt\/hvordan-skal-hoyre-sorge-for-en-bedre-skole\/","url":"https:\/\/hoyre.no\/oslo\/aktuelt\/hvordan-skal-hoyre-sorge-for-en-bedre-skole\/","name":"Hvordan skal H\u00f8yre s\u00f8rge for en bedre skole? - Oslo H\u00f8yre","isPartOf":{"@id":"https:\/\/hoyre.no\/oslo\/#website"},"image":{"@id":"https:\/\/hoyre.no\/oslo\/aktuelt\/hvordan-skal-hoyre-sorge-for-en-bedre-skole\/#primaryimage"},"thumbnailUrl":"https:\/\/hoyre.no\/content\/uploads\/sites\/408\/2022\/09\/Ine-og-Torger.jpg","datePublished":"2013-08-30T15:19:32+00:00","dateModified":"2022-09-26T13:06:52+00:00","breadcrumb":{"@id":"https:\/\/hoyre.no\/oslo\/aktuelt\/hvordan-skal-hoyre-sorge-for-en-bedre-skole\/#breadcrumb"},"inLanguage":"nb-NO","potentialAction":[{"@type":"ReadAction","target":["https:\/\/hoyre.no\/oslo\/aktuelt\/hvordan-skal-hoyre-sorge-for-en-bedre-skole\/"]}]},{"@type":"ImageObject","inLanguage":"nb-NO","@id":"https:\/\/hoyre.no\/oslo\/aktuelt\/hvordan-skal-hoyre-sorge-for-en-bedre-skole\/#primaryimage","url":"https:\/\/hoyre.no\/content\/uploads\/sites\/408\/2022\/09\/Ine-og-Torger.jpg","contentUrl":"https:\/\/hoyre.no\/content\/uploads\/sites\/408\/2022\/09\/Ine-og-Torger.jpg","width":1024,"height":361,"caption":"Ine og Torger"},{"@type":"BreadcrumbList","@id":"https:\/\/hoyre.no\/oslo\/aktuelt\/hvordan-skal-hoyre-sorge-for-en-bedre-skole\/#breadcrumb","itemListElement":[{"@type":"ListItem","position":1,"name":"Til hoyre.no","item":"https:\/\/hoyre.no"},{"@type":"ListItem","position":2,"name":"Hjem","item":"https:\/\/hoyre.no\/oslo\/"},{"@type":"ListItem","position":3,"name":"Hvordan skal H\u00f8yre s\u00f8rge for en bedre skole?"}]},{"@type":"WebSite","@id":"https:\/\/hoyre.no\/oslo\/#website","url":"https:\/\/hoyre.no\/oslo\/","name":"Oslo H\u00f8yre","description":"","publisher":{"@id":"https:\/\/hoyre.no\/oslo\/#organization"},"inLanguage":"nb-NO"},{"@type":"Organization","@id":"https:\/\/hoyre.no\/oslo\/#organization","name":"Oslo H\u00f8yre","url":"https:\/\/hoyre.no\/oslo\/","logo":{"@type":"ImageObject","inLanguage":"nb-NO","@id":"https:\/\/hoyre.no\/oslo\/#\/schema\/logo\/image\/","url":"https:\/\/hoyre.no\/content\/uploads\/sites\/408\/2022\/11\/Hoyres-logo.png","contentUrl":"https:\/\/hoyre.no\/content\/uploads\/sites\/408\/2022\/11\/Hoyres-logo.png","width":1000,"height":1000,"caption":"Oslo H\u00f8yre"},"image":{"@id":"https:\/\/hoyre.no\/oslo\/#\/schema\/logo\/image\/"},"sameAs":["https:\/\/www.facebook.com\/oslo.hoyre"]}]}},"distributor_meta":false,"distributor_terms":false,"distributor_media":false,"distributor_original_site_name":"Oslo H\u00f8yre","distributor_original_site_url":"https:\/\/hoyre.no\/oslo","push-errors":false,"_links":{"self":[{"href":"https:\/\/hoyre.no\/oslo\/wp-json\/wp\/v2\/posts\/1816","targetHints":{"allow":["GET"]}}],"collection":[{"href":"https:\/\/hoyre.no\/oslo\/wp-json\/wp\/v2\/posts"}],"about":[{"href":"https:\/\/hoyre.no\/oslo\/wp-json\/wp\/v2\/types\/post"}],"replies":[{"embeddable":true,"href":"https:\/\/hoyre.no\/oslo\/wp-json\/wp\/v2\/comments?post=1816"}],"version-history":[{"count":1,"href":"https:\/\/hoyre.no\/oslo\/wp-json\/wp\/v2\/posts\/1816\/revisions"}],"predecessor-version":[{"id":2993,"href":"https:\/\/hoyre.no\/oslo\/wp-json\/wp\/v2\/posts\/1816\/revisions\/2993"}],"wp:featuredmedia":[{"embeddable":true,"href":"https:\/\/hoyre.no\/oslo\/wp-json\/wp\/v2\/media\/1817"}],"wp:attachment":[{"href":"https:\/\/hoyre.no\/oslo\/wp-json\/wp\/v2\/media?parent=1816"}],"wp:term":[{"taxonomy":"category","embeddable":true,"href":"https:\/\/hoyre.no\/oslo\/wp-json\/wp\/v2\/category?post=1816"},{"taxonomy":"post_tag","embeddable":true,"href":"https:\/\/hoyre.no\/oslo\/wp-json\/wp\/v2\/post_tag?post=1816"},{"taxonomy":"hoyre-visibility","embeddable":true,"href":"https:\/\/hoyre.no\/oslo\/wp-json\/wp\/v2\/hoyre-visibility?post=1816"},{"taxonomy":"article-type","embeddable":true,"href":"https:\/\/hoyre.no\/oslo\/wp-json\/wp\/v2\/article-type?post=1816"},{"taxonomy":"politician","embeddable":true,"href":"https:\/\/hoyre.no\/oslo\/wp-json\/wp\/v2\/politician?post=1816"}],"curies":[{"name":"wp","href":"https:\/\/api.w.org\/{rel}","templated":true}]}}