{"id":1820,"date":"2013-08-29T15:52:09","date_gmt":"2013-08-29T15:52:09","guid":{"rendered":"https:\/\/hoyre.no\/oslo\/aktuelt\/sikrer-bane-til-fornebu\/"},"modified":"2022-09-26T15:06:52","modified_gmt":"2022-09-26T13:06:52","slug":"sikrer-bane-til-fornebu","status":"publish","type":"post","link":"https:\/\/hoyre.no\/oslo\/aktuelt\/sikrer-bane-til-fornebu\/","title":{"rendered":"Sikrer bane til Fornebu"},"content":{"rendered":"<figure class=\"hoyre-image-wrapper\"><div class=\"hoyre-image\"><img loading=\"lazy\" decoding=\"async\" width=\"1024\" height=\"361\" src=\"https:\/\/hoyre.no\/content\/uploads\/sites\/408\/2022\/09\/Husbesok.jpg\" class=\"attachment-scaled size-scaled\" alt=\"Husbes\u00f8k\" style=\"object-position: 50% 50%\" srcset=\"https:\/\/hoyre.no\/content\/uploads\/sites\/408\/2022\/09\/Husbesok.jpg 1024w, https:\/\/hoyre.no\/content\/uploads\/sites\/408\/2022\/09\/Husbesok-300x106.jpg 300w, https:\/\/hoyre.no\/content\/uploads\/sites\/408\/2022\/09\/Husbesok-768x271.jpg 768w\" sizes=\"auto, (max-width: 1024px) 100vw, 1024px\" \/><\/div><\/figure><div id=\"hoyre-old-article-content-wrapper\"><p>Samferdselsutfordringene st\u00e5r i k\u00f8 etter \u00e5tte \u00e5r med r\u00f8dgr\u00f8nn regjering.<\/p><p>&#8211; Jernbanen trenger grundig opprusting til InterCity-standard p\u00e5 \u00d8stlandet, viktige veier m\u00e5 utvides og legges i tunnel for \u00e5 forbedre bymilj\u00f8et og for \u00e5 redusere k\u00f8ene. T-banen m\u00e5 utvides b\u00e5de gjennom sentrum og ikke minst til Fornebu, hvor tusenvis av nye boliger og arbeidsplasser forutsetter effektiv, milj\u00f8vennlig og k\u00f8fri kollektivtransport, sier stortingskandidat og Oslo H\u00f8yres leder, Nikolai Astrup.<\/p><p>Rett f\u00f8r sommeren kom de fire borgerlige partienes f\u00f8rste konkrete valgl\u00f8fte: T-bane til Fornebu!<\/p><p>&#8211; Hvis det blir borgerlig flertall vil H\u00f8yre, Venstre, Frp og KrF sikre at den sv\u00e6rt etterlengtede Fornebubanen blir bygget, sier han.<\/p><figure id=\"attachment_1562\" aria-describedby=\"caption-attachment-1562\"><a href=\"https:\/\/www.oslohoyre.no\/wp-content\/uploads\/2013\/08\/Skoyen_med_Fornebubanen.jpg\"><img decoding=\"async\" loading=\"lazy\" src=\"https:\/\/hoyre.no\/content\/uploads\/sites\/408\/2022\/09\/Skoyen_med_Fornebubanen-scaled-1.jpg\" alt=\"Sk\u00f8yen stasjon\" width=\"680\" height=\"510\" \/><\/a><figcaption id=\"caption-attachment-1562\">MILJ\u00d8VENNLIG TRANSPORT: &#8211; T-banen m\u00e5 utvides b\u00e5de gjennom sentrum og ikke minst til Fornebu, hvor tusenvis av nye boliger og arbeidsplasser forutsetter effektiv, milj\u00f8vennlig og k\u00f8fri kollektivtransport, sier stortingskandidat og Oslo H\u00f8yres leder, Nikolai Astrup. Her er en illustrasjon over hvordan Sk\u00f8yen vil se ut med Fornebubanen.<\/figcaption><\/figure><p><strong>740 leddbusser i d\u00f8gnet<\/strong><\/p><p>Fornebu, Oslos tidligere hovedflyplass, stengte i 1998, og sakte men sikkert har store boligomr\u00e5der blitt bygget ut og selskaper som Telenor, Aker, Norwegian og Statoil har flyttet inn. Men infrastrukturen har lenge hengt etter, og n\u00e5 g\u00e5r det 740 leddbusser mellom Fornebu og Oslo sentrum hvert d\u00f8gn for \u00e5 dekke behovet for kollektivtransport.<\/p><p>&#8211; Vi ser for oss en rask og effektiv banel\u00f8sning fra Majorstuen via Sk\u00f8yen og Lysaker ut til Fornebulandet. Befolkningen vokser raskt i dette omr\u00e5det, og n\u00e5r utbyggingen av veier og kollektivl\u00f8sninger blir hengende etter befolkningsveksten, skaper dette press p\u00e5 boligpriser med mer pendling, mindre fritid og lengre k\u00f8er, sier Astrup.<\/p><p><strong>Satsing p\u00e5 InterCity<\/strong><\/p><p>Mens T-banen er ryggraden i transportsystemet i Oslo, er dobbeltspor p\u00e5 hele Inter City-strekningen fra Skien gjennom Oslo til Lillehammer og til Halden viktig for hele \u00d8stlandsomr\u00e5det.<\/p><p>&#8211; Jeg tror det er fornuftig \u00e5 se transport- og boligsituasjonen i Oslo-regionen under ett. Et fungerende Inter City-triangel kan gj\u00f8re det mer attraktivt \u00e5 bo i etablerte sm\u00e5byer litt utenfor byen, mindre byer som dermed trekkes inn i et st\u00f8rre sammenhengende urbanisert omr\u00e5de. En \u00f8kning av boligtilbudet kan dempe prisveksten p\u00e5 boliger og indirekte v\u00e6re med p\u00e5 \u00e5 holde rentene lave. Ved \u00e5 gj\u00f8re \u00d8stlandet til ett arbeidsmarked gjennom et integrert og effektivt kollektivtilbud, sparer vi i tillegg milj\u00f8et for un\u00f8dvendige utslipp, sier Astrup.<\/p><p>\u201dDen r\u00f8dgr\u00f8nne regjeringen har tredoblet jernbaneinvesteringene. Jernbanebudsjettet har \u00f8kt med hele 94 prosent\u201d, kan man lese p\u00e5 Arbeiderpartiets nettsider. Det er nok en fattig tr\u00f8st for de tusener av pendlere som hver dag opplever proppfulle tog, forsinkelser og innstillinger. For sannheten er n\u00e6rmere det NRK Dagsrevyen har meldt om: at Jernbaneverket de siste 10 \u00e5rene har ansatt 1 000 mennesker i kontorstillinger, mens andelen av budsjettet som brukes p\u00e5 vedlikehold har g\u00e5tt kraftig ned den siste tiden.<\/p><p>&#8211; Etterhvert som Oslo-regionen vokser, virker det \u00e5penbart p\u00e5 de fleste at vi trenger en solid, helhetlig satsing p\u00e5 person- og varetransporten inn og ut av byen, sier Oslo H\u00f8yres andrekandidat. &#8211; Jernbanelinjer og veier er som puls\u00e5rer som forbinder hovedstaden med resten av landet, og Norge med utlandet. G\u00e5r det tregt gjennom Oslo, kommer folk for sent frem til jobb i Bergen og varene til Europa g\u00e5r ut p\u00e5 dato.<\/p><p>&#8211; Det er ingen som har d\u00e5rligere tid til markedet i Europa enn en d\u00f8d fisk som skal ende opp p\u00e5 et middagsbord p\u00e5 kontinentet, sier Nikolai Astrup.<\/p><figure id=\"attachment_834\" aria-describedby=\"caption-attachment-834\"><a href=\"https:\/\/www.oslohoyre.no\/wp-content\/uploads\/2013\/05\/Nikolai-Astrup_315-bla\u030a-himmel.jpg\"><img decoding=\"async\" loading=\"lazy\" src=\"https:\/\/hoyre.no\/content\/uploads\/sites\/408\/2022\/09\/Nikolai-Astrup_315-bla\u030a-himmel.jpg\" alt=\"Nikolai Astrup\" width=\"315\" height=\"263\" srcset=\"https:\/\/hoyre.no\/content\/uploads\/sites\/408\/2022\/09\/Nikolai-Astrup_315-bla\u030a-himmel.jpg 315w, https:\/\/www.oslohoyre.no\/wp-content\/uploads\/2013\/05\/Nikolai-Astrup_315-bla\u030a-himmel-300x250.jpg 300w\" sizes=\"auto, (max-width: 315px) 100vw, 315px\" \/><\/a><figcaption id=\"caption-attachment-834\">Nikolai Astrup.<br \/>Foto: CF-Wesenberg\/kolonihaven.no<\/figcaption><\/figure><p><strong>Bygge der folk ferdes<\/strong><\/p><p>&#8211; Vi har f\u00e5tt til en historisk satsning p\u00e5 samferdsel i Oslopakke 3, understreker Astrup. &#8211; Dette er n\u00f8dvendige tiltak for b\u00e5de kollektivtrafikken og veinettet som Oslo og \u00d8stlandsomr\u00e5det trenger. Pakken delfinansierer Fornebubanen og flere viktige tunnelprosjekter som legger hovedinnfarts\u00e5rer under bakken. Resultatet er god trafikkavvikling og bedre muligheter for fornuftig byutvikling, sier han.<\/p><p>&#8211; Oslopakke 3 vil bli et l\u00f8ft for byen og for hele \u00d8stlandet, men politikk er kunsten \u00e5 prioritere. Derfor b\u00f8r vi satse mest der det bor flest, sier Astrup.<\/p><p>Den r\u00f8dgr\u00f8nne regjeringen m\u00e5 sies \u00e5 ha lavere ambisjoner for Oslo-omr\u00e5det n\u00e5 enn tidligere regjeringer. Bare ett av Oslos st\u00f8rre veiprosjekter har delvis f\u00e5tt plass i den nasjonale transportplanen: E18 vestover.<\/p><p>&#8211; Jeg er kritisk til at regjeringen legger opp til en lav statlig andel av utbyggingen av E18 vestover, med sannsynligvis h\u00f8ye bompengeavgifter for bilistene. De planlegger heller ikke helhetlig n\u00e5r de velger \u00e5 droppe E18 i Oslo og starte utbygging f\u00f8rst fra Lysaker til Ramstadsletta i B\u00e6rum. H\u00f8yre \u00f8nsker \u00e5 bygge ny E18 hele strekningen fra Oslo til Asker i en egen selvstendig prosjektorganisasjon, sier Astrup.<\/p><p>&#8211; H\u00f8yre \u00f8nsker \u00e5 beholde prioriteringen fra det brede Oslopakke 3-forliket, der ogs\u00e5 R\u00f8atunnel, Fossumdiagonalen i Groruddalen og Manglerudtunnel er en del av prioriteringene. Det er her folk bor og ferdes, og det er derfor vi m\u00e5 sikre at disse veiene er best mulige, legger han til.<\/p><p><strong>Nye ideer og bedre l\u00f8sninger<\/strong><\/p><p>&#8211; Regjeringen har forholdt seg ganske passivt til utfordringene i de store byene. Arbeiderpartiet har i snart \u00e5tte \u00e5r hatt mulighet til \u00e5 vise at de prioriterer infrastrukturen p\u00e5 \u00d8stlandet. Jeg har liten tro p\u00e5 at det vil hjelpe \u00e5 gi dem fire \u00e5r til i regjeringsposisjon, sier Astrup.<\/p><p>H\u00f8yre \u00f8nsker \u00e5 samarbeide tett med alle storbyene i arbeidet med \u00e5 ruste opp kollektivtilbudet, og har foresl\u00e5tt at store kollektivprosjekter i og rundt de st\u00f8rste byene i Norge skal sikres 50 prosent medfinansiering fra Staten.<\/p><p>&#8211; Vi foresl\u00e5r noe mer penger, men viktigst av alt: nye m\u00e5ter \u00e5 finansiere og gjennomf\u00f8re prosjekter p\u00e5 slik at de blir raskere ferdig og til avtalt pris. Det m\u00e5 bli slutt p\u00e5 klattbyggingen som har preget vei- og jernbaneutbyggingen i Norge siden krigen, sier Astrup.<\/p><p>&#8211; Flere utbygginger m\u00e5 kunne gjennomf\u00f8res som ett enkelt prosjekt, der finansieringen f\u00f8lger fremdriften i stedet for at fremdriften er avhengig av de \u00e5rlige budsjettbehandlingene i Stortinget. H\u00f8yre er ogs\u00e5 positive til Offentlig-privat samarbeid (OPS) der det egner seg, som ett av flere virkemidler for \u00e5 realisere samferdselsprosjekter raskere og redusere risikoen for skattebetalerne, sier Astrup, og minner om at E18 fra Grimstad til Kristiansand ble bygget p\u00e5 bare tre \u00e5r gjennom OPS, mens en like lang strekning gjennom Vestfold tok syv \u00e5r under Statens Vegvesens ledelse.<\/p><p>H\u00f8yre har nye ideer og bedre l\u00f8sninger for \u00e5 planlegge, gjennomf\u00f8re og vedlikeholde nye vei- og kollektivprosjekter. Hvis H\u00f8yre kommer i regjering blir det et taktskifte i samferdselsutbyggingen, garanterer Astrup.<\/p><p><em>Illustasjoner fra Ruter.<\/em><\/p>\n<\/div>\n<div class=\"tags\">\n\t<\/div>\n<div class=\"post-footer alignfull has-background block-editor-block-list__block\" data-align=full>\n\t<div class=\"post-footer-inner\">\n\t\t<h3>Relaterte artikler<\/h3>\n\t\t<div class=\"related-content\"><div class=\"is-card-hoyre\">\n\t<div class=\"teft-card hoyre-teft-card post-teft-card\">\n\t\t<a href=\"https:\/\/hoyre.no\/oslo\/aktuelt\/mdg-moralismen-fornekter-seg-ikke\/\" class=\"teft-card__primary-action\">\n\n\t\t\t\t\t<div class=\"teft-card__media teft-card__media--16-9\">\n\t\t\t\t\t\t<img loading=\"lazy\" decoding=\"async\" width=\"768\" height=\"512\" src=\"https:\/\/hoyre.no\/content\/uploads\/sites\/408\/2024\/01\/QZQlxtOC-768x512.jpeg\" class=\"attachment-medium_large size-medium_large\" alt=\"Merete Agerbak-Jensen\" srcset=\"https:\/\/hoyre.no\/content\/uploads\/sites\/408\/2024\/01\/QZQlxtOC-768x512.jpeg 768w, https:\/\/hoyre.no\/content\/uploads\/sites\/408\/2024\/01\/QZQlxtOC-300x200.jpeg 300w, https:\/\/hoyre.no\/content\/uploads\/sites\/408\/2024\/01\/QZQlxtOC-1024x683.jpeg 1024w, https:\/\/hoyre.no\/content\/uploads\/sites\/408\/2024\/01\/QZQlxtOC-1536x1024.jpeg 1536w, https:\/\/hoyre.no\/content\/uploads\/sites\/408\/2024\/01\/QZQlxtOC-2048x1365.jpeg 2048w\" sizes=\"auto, (max-width: 768px) 100vw, 768px\" \/>\t\t<\/div>\n\t\t\n\t\t\t<div class=\"teft-card__content-wrapper\">\n\t\t\t\t<div class=\"teft-card__secondary\">\n\t\t\t\t\t\n\t\t\t\t\t\t\t\t<div class=\"teft-card__meta\">\n\t\t\t\t\t\t\t\t\t<span class=\"post-date\">23. apr 2026<\/span>\n\n\t\t\t\t\t\t\t\t\t\t\t\t\t\t\t\t\t<\/div>\n\t\t\t\t\t\t\t\t\t\t\t<\/div>\n\n\t\t\t\t<div class=\"teft-card__primary\">\n\t\t\t\t\t<h2 class=\"teft-card__title\">MDG-moralismen fornekter seg ikke&nbsp;<span class=\"teft-card__primary-title-append\"><\/span><\/h2>\t\t\t\t<\/div>\n\t\t\t<\/div>\n\t\t<\/a>\n\t<\/div>\n\n\t<\/div><div class=\"is-card-hoyre\">\n\t<div class=\"teft-card hoyre-teft-card post-teft-card\">\n\t\t<a href=\"https:\/\/hoyre.no\/oslo\/aktuelt\/raskere-og-enklere-a-bygge-boliger-og-skape-arbeidsplasser-i-oslo\/\" class=\"teft-card__primary-action\">\n\n\t\t\t\t\t<div class=\"teft-card__media teft-card__media--16-9\">\n\t\t\t\t\t\t<img loading=\"lazy\" decoding=\"async\" width=\"768\" height=\"576\" src=\"https:\/\/hoyre.no\/content\/uploads\/sites\/408\/2026\/04\/Eirik-Lae-Solberg-og-Anita-Leirvik-North-768x576.jpg\" class=\"attachment-medium_large size-medium_large\" alt=\"\" srcset=\"https:\/\/hoyre.no\/content\/uploads\/sites\/408\/2026\/04\/Eirik-Lae-Solberg-og-Anita-Leirvik-North-768x576.jpg 768w, https:\/\/hoyre.no\/content\/uploads\/sites\/408\/2026\/04\/Eirik-Lae-Solberg-og-Anita-Leirvik-North-300x225.jpg 300w, https:\/\/hoyre.no\/content\/uploads\/sites\/408\/2026\/04\/Eirik-Lae-Solberg-og-Anita-Leirvik-North.jpg 901w\" sizes=\"auto, (max-width: 768px) 100vw, 768px\" \/>\t\t<\/div>\n\t\t\n\t\t\t<div class=\"teft-card__content-wrapper\">\n\t\t\t\t<div class=\"teft-card__secondary\">\n\t\t\t\t\t\n\t\t\t\t\t\t\t\t<div class=\"teft-card__meta\">\n\t\t\t\t\t\t\t\t\t<span class=\"post-date\">14. apr 2026<\/span>\n\n\t\t\t\t\t\t\t\t\t<span class=\"post-category\">Har lagt frem ny KPA:<\/span>\t\t\t\t\t\t\t\t<\/div>\n\t\t\t\t\t\t\t\t\t\t\t<\/div>\n\n\t\t\t\t<div class=\"teft-card__primary\">\n\t\t\t\t\t<h2 class=\"teft-card__title\">Raskere og enklere \u00e5 bygge boliger og skape arbeidsplasser i Oslo&nbsp;<span class=\"teft-card__primary-title-append\"><\/span><\/h2>\t\t\t\t<\/div>\n\t\t\t<\/div>\n\t\t<\/a>\n\t<\/div>\n\n\t<\/div><div class=\"is-card-hoyre\">\n\t<div class=\"teft-card hoyre-teft-card post-teft-card\">\n\t\t<a href=\"https:\/\/hoyre.no\/oslo\/aktuelt\/bedre-elevresultater-og-en-skoleokonomi-i-balanse-med-blagront-byrad\/\" class=\"teft-card__primary-action\">\n\n\t\t\t\t\t<div class=\"teft-card__media teft-card__media--16-9\">\n\t\t\t\t\t\t<img loading=\"lazy\" decoding=\"async\" width=\"768\" height=\"512\" src=\"https:\/\/hoyre.no\/content\/uploads\/sites\/408\/2025\/05\/IMG_6440-768x512.jpeg\" class=\"attachment-medium_large size-medium_large\" alt=\"Julie Remen Midtgarden\" srcset=\"https:\/\/hoyre.no\/content\/uploads\/sites\/408\/2025\/05\/IMG_6440-768x512.jpeg 768w, https:\/\/hoyre.no\/content\/uploads\/sites\/408\/2025\/05\/IMG_6440-300x200.jpeg 300w, https:\/\/hoyre.no\/content\/uploads\/sites\/408\/2025\/05\/IMG_6440-1024x683.jpeg 1024w, https:\/\/hoyre.no\/content\/uploads\/sites\/408\/2025\/05\/IMG_6440-1536x1024.jpeg 1536w, https:\/\/hoyre.no\/content\/uploads\/sites\/408\/2025\/05\/IMG_6440-2048x1365.jpeg 2048w\" sizes=\"auto, (max-width: 768px) 100vw, 768px\" \/>\t\t<\/div>\n\t\t\n\t\t\t<div class=\"teft-card__content-wrapper\">\n\t\t\t\t<div class=\"teft-card__secondary\">\n\t\t\t\t\t\n\t\t\t\t\t\t\t\t<div class=\"teft-card__meta\">\n\t\t\t\t\t\t\t\t\t<span class=\"post-date\">26. mar 2026<\/span>\n\n\t\t\t\t\t\t\t\t\t\t\t\t\t\t\t\t\t<\/div>\n\t\t\t\t\t\t\t\t\t\t\t<\/div>\n\n\t\t\t\t<div class=\"teft-card__primary\">\n\t\t\t\t\t<h2 class=\"teft-card__title\">Bedre elevresultater og en skole\u00f8konomi i balanse med bl\u00e5gr\u00f8nt byr\u00e5d&nbsp;<span class=\"teft-card__primary-title-append\"><\/span><\/h2>\t\t\t\t<\/div>\n\t\t\t<\/div>\n\t\t<\/a>\n\t<\/div>\n\n\t<\/div><\/div>\t<\/div>\n<\/div>\n","protected":false},"excerpt":{"rendered":"","protected":false},"author":0,"featured_media":0,"comment_status":"closed","ping_status":"open","sticky":false,"template":"","format":"standard","meta":{"teft_cards_image_url":"","teft_cards_custom_pretitle":"","teft_cards_image_id":0,"teft_cards_image_focal_point_x":0,"teft_cards_image_focal_point_y":0,"teft_cards_title":"","teft_cards_excerpt":"","teft_show_chapters":false,"author_display_name":"Oslo H\u00f8yre","footnotes":""},"category":[1],"post_tag":[],"hoyre-visibility":[],"article-type":[],"politician":[],"class_list":["post-1820","post","type-post","status-publish","format-standard","hentry","category-nyheter"],"yoast_head":"<!-- This site is optimized with the Yoast SEO Premium plugin v26.5 (Yoast SEO v26.6) - https:\/\/yoast.com\/wordpress\/plugins\/seo\/ -->\n<title>Sikrer bane til Fornebu - Oslo H\u00f8yre<\/title>\n<meta name=\"robots\" content=\"index, follow, max-snippet:-1, max-image-preview:large, max-video-preview:-1\" \/>\n<link rel=\"canonical\" href=\"https:\/\/hoyre.no\/oslo\/aktuelt\/sikrer-bane-til-fornebu\/\" \/>\n<meta property=\"og:locale\" content=\"nb_NO\" \/>\n<meta property=\"og:type\" content=\"article\" \/>\n<meta property=\"og:title\" content=\"Sikrer bane til Fornebu\" \/>\n<meta property=\"og:url\" content=\"https:\/\/hoyre.no\/oslo\/aktuelt\/sikrer-bane-til-fornebu\/\" \/>\n<meta property=\"og:site_name\" content=\"Oslo H\u00f8yre\" \/>\n<meta property=\"article:publisher\" content=\"https:\/\/www.facebook.com\/oslo.hoyre\" \/>\n<meta property=\"article:published_time\" content=\"2013-08-29T15:52:09+00:00\" \/>\n<meta property=\"article:modified_time\" content=\"2022-09-26T13:06:52+00:00\" \/>\n<meta property=\"og:image\" content=\"https:\/\/hoyre.no\/content\/uploads\/sites\/408\/2022\/09\/Skoyen_med_Fornebubanen-scaled-1.jpg\" \/>\n<meta name=\"twitter:card\" content=\"summary_large_image\" \/>\n<meta name=\"twitter:label1\" content=\"Ansl. lesetid\" \/>\n\t<meta name=\"twitter:data1\" content=\"5 minutter\" \/>\n<script type=\"application\/ld+json\" class=\"yoast-schema-graph\">{\"@context\":\"https:\/\/schema.org\",\"@graph\":[{\"@type\":\"Article\",\"@id\":\"https:\/\/hoyre.no\/oslo\/aktuelt\/sikrer-bane-til-fornebu\/#article\",\"isPartOf\":{\"@id\":\"https:\/\/hoyre.no\/oslo\/aktuelt\/sikrer-bane-til-fornebu\/\"},\"author\":{\"name\":\"\",\"@id\":\"\"},\"headline\":\"Sikrer bane til Fornebu\",\"datePublished\":\"2013-08-29T15:52:09+00:00\",\"dateModified\":\"2022-09-26T13:06:52+00:00\",\"mainEntityOfPage\":{\"@id\":\"https:\/\/hoyre.no\/oslo\/aktuelt\/sikrer-bane-til-fornebu\/\"},\"wordCount\":1101,\"publisher\":{\"@id\":\"https:\/\/hoyre.no\/oslo\/#organization\"},\"image\":{\"@id\":\"https:\/\/hoyre.no\/oslo\/aktuelt\/sikrer-bane-til-fornebu\/#primaryimage\"},\"thumbnailUrl\":\"https:\/\/hoyre.no\/content\/uploads\/sites\/408\/2022\/09\/Skoyen_med_Fornebubanen-scaled-1.jpg\",\"articleSection\":[\"Nyheter\"],\"inLanguage\":\"nb-NO\"},{\"@type\":\"NewsArticle\",\"@id\":\"https:\/\/hoyre.no\/oslo\/aktuelt\/sikrer-bane-til-fornebu\/\",\"url\":\"https:\/\/hoyre.no\/oslo\/aktuelt\/sikrer-bane-til-fornebu\/\",\"name\":\"Sikrer bane til Fornebu - Oslo H\u00f8yre\",\"isPartOf\":{\"@id\":\"https:\/\/hoyre.no\/oslo\/#website\"},\"image\":{\"@id\":\"https:\/\/hoyre.no\/oslo\/aktuelt\/sikrer-bane-til-fornebu\/#primaryimage\"},\"thumbnailUrl\":\"https:\/\/hoyre.no\/content\/uploads\/sites\/408\/2022\/09\/Skoyen_med_Fornebubanen-scaled-1.jpg\",\"datePublished\":\"2013-08-29T15:52:09+00:00\",\"dateModified\":\"2022-09-26T13:06:52+00:00\",\"breadcrumb\":{\"@id\":\"https:\/\/hoyre.no\/oslo\/aktuelt\/sikrer-bane-til-fornebu\/#breadcrumb\"},\"inLanguage\":\"nb-NO\",\"potentialAction\":[{\"@type\":\"ReadAction\",\"target\":[\"https:\/\/hoyre.no\/oslo\/aktuelt\/sikrer-bane-til-fornebu\/\"]}]},{\"@type\":\"ImageObject\",\"inLanguage\":\"nb-NO\",\"@id\":\"https:\/\/hoyre.no\/oslo\/aktuelt\/sikrer-bane-til-fornebu\/#primaryimage\",\"url\":\"https:\/\/hoyre.no\/content\/uploads\/sites\/408\/2022\/09\/Skoyen_med_Fornebubanen-scaled-1.jpg\",\"contentUrl\":\"https:\/\/hoyre.no\/content\/uploads\/sites\/408\/2022\/09\/Skoyen_med_Fornebubanen-scaled-1.jpg\"},{\"@type\":\"BreadcrumbList\",\"@id\":\"https:\/\/hoyre.no\/oslo\/aktuelt\/sikrer-bane-til-fornebu\/#breadcrumb\",\"itemListElement\":[{\"@type\":\"ListItem\",\"position\":1,\"name\":\"Til hoyre.no\",\"item\":\"https:\/\/hoyre.no\"},{\"@type\":\"ListItem\",\"position\":2,\"name\":\"Hjem\",\"item\":\"https:\/\/hoyre.no\/oslo\/\"},{\"@type\":\"ListItem\",\"position\":3,\"name\":\"Sikrer bane til Fornebu\"}]},{\"@type\":\"WebSite\",\"@id\":\"https:\/\/hoyre.no\/oslo\/#website\",\"url\":\"https:\/\/hoyre.no\/oslo\/\",\"name\":\"Oslo H\u00f8yre\",\"description\":\"\",\"publisher\":{\"@id\":\"https:\/\/hoyre.no\/oslo\/#organization\"},\"inLanguage\":\"nb-NO\"},{\"@type\":\"Organization\",\"@id\":\"https:\/\/hoyre.no\/oslo\/#organization\",\"name\":\"Oslo H\u00f8yre\",\"url\":\"https:\/\/hoyre.no\/oslo\/\",\"logo\":{\"@type\":\"ImageObject\",\"inLanguage\":\"nb-NO\",\"@id\":\"https:\/\/hoyre.no\/oslo\/#\/schema\/logo\/image\/\",\"url\":\"https:\/\/hoyre.no\/content\/uploads\/sites\/408\/2022\/11\/Hoyres-logo.png\",\"contentUrl\":\"https:\/\/hoyre.no\/content\/uploads\/sites\/408\/2022\/11\/Hoyres-logo.png\",\"width\":1000,\"height\":1000,\"caption\":\"Oslo H\u00f8yre\"},\"image\":{\"@id\":\"https:\/\/hoyre.no\/oslo\/#\/schema\/logo\/image\/\"},\"sameAs\":[\"https:\/\/www.facebook.com\/oslo.hoyre\"]}]}<\/script>\n<!-- \/ Yoast SEO Premium plugin. -->","yoast_head_json":{"title":"Sikrer bane til Fornebu - Oslo H\u00f8yre","robots":{"index":"index","follow":"follow","max-snippet":"max-snippet:-1","max-image-preview":"max-image-preview:large","max-video-preview":"max-video-preview:-1"},"canonical":"https:\/\/hoyre.no\/oslo\/aktuelt\/sikrer-bane-til-fornebu\/","og_locale":"nb_NO","og_type":"article","og_title":"Sikrer bane til Fornebu","og_url":"https:\/\/hoyre.no\/oslo\/aktuelt\/sikrer-bane-til-fornebu\/","og_site_name":"Oslo H\u00f8yre","article_publisher":"https:\/\/www.facebook.com\/oslo.hoyre","article_published_time":"2013-08-29T15:52:09+00:00","article_modified_time":"2022-09-26T13:06:52+00:00","og_image":[{"url":"https:\/\/hoyre.no\/content\/uploads\/sites\/408\/2022\/09\/Skoyen_med_Fornebubanen-scaled-1.jpg","type":"","width":"","height":""}],"twitter_card":"summary_large_image","twitter_misc":{"Ansl. lesetid":"5 minutter"},"schema":{"@context":"https:\/\/schema.org","@graph":[{"@type":"Article","@id":"https:\/\/hoyre.no\/oslo\/aktuelt\/sikrer-bane-til-fornebu\/#article","isPartOf":{"@id":"https:\/\/hoyre.no\/oslo\/aktuelt\/sikrer-bane-til-fornebu\/"},"author":{"name":"","@id":""},"headline":"Sikrer bane til Fornebu","datePublished":"2013-08-29T15:52:09+00:00","dateModified":"2022-09-26T13:06:52+00:00","mainEntityOfPage":{"@id":"https:\/\/hoyre.no\/oslo\/aktuelt\/sikrer-bane-til-fornebu\/"},"wordCount":1101,"publisher":{"@id":"https:\/\/hoyre.no\/oslo\/#organization"},"image":{"@id":"https:\/\/hoyre.no\/oslo\/aktuelt\/sikrer-bane-til-fornebu\/#primaryimage"},"thumbnailUrl":"https:\/\/hoyre.no\/content\/uploads\/sites\/408\/2022\/09\/Skoyen_med_Fornebubanen-scaled-1.jpg","articleSection":["Nyheter"],"inLanguage":"nb-NO"},{"@type":"NewsArticle","@id":"https:\/\/hoyre.no\/oslo\/aktuelt\/sikrer-bane-til-fornebu\/","url":"https:\/\/hoyre.no\/oslo\/aktuelt\/sikrer-bane-til-fornebu\/","name":"Sikrer bane til Fornebu - Oslo H\u00f8yre","isPartOf":{"@id":"https:\/\/hoyre.no\/oslo\/#website"},"image":{"@id":"https:\/\/hoyre.no\/oslo\/aktuelt\/sikrer-bane-til-fornebu\/#primaryimage"},"thumbnailUrl":"https:\/\/hoyre.no\/content\/uploads\/sites\/408\/2022\/09\/Skoyen_med_Fornebubanen-scaled-1.jpg","datePublished":"2013-08-29T15:52:09+00:00","dateModified":"2022-09-26T13:06:52+00:00","breadcrumb":{"@id":"https:\/\/hoyre.no\/oslo\/aktuelt\/sikrer-bane-til-fornebu\/#breadcrumb"},"inLanguage":"nb-NO","potentialAction":[{"@type":"ReadAction","target":["https:\/\/hoyre.no\/oslo\/aktuelt\/sikrer-bane-til-fornebu\/"]}]},{"@type":"ImageObject","inLanguage":"nb-NO","@id":"https:\/\/hoyre.no\/oslo\/aktuelt\/sikrer-bane-til-fornebu\/#primaryimage","url":"https:\/\/hoyre.no\/content\/uploads\/sites\/408\/2022\/09\/Skoyen_med_Fornebubanen-scaled-1.jpg","contentUrl":"https:\/\/hoyre.no\/content\/uploads\/sites\/408\/2022\/09\/Skoyen_med_Fornebubanen-scaled-1.jpg"},{"@type":"BreadcrumbList","@id":"https:\/\/hoyre.no\/oslo\/aktuelt\/sikrer-bane-til-fornebu\/#breadcrumb","itemListElement":[{"@type":"ListItem","position":1,"name":"Til hoyre.no","item":"https:\/\/hoyre.no"},{"@type":"ListItem","position":2,"name":"Hjem","item":"https:\/\/hoyre.no\/oslo\/"},{"@type":"ListItem","position":3,"name":"Sikrer bane til Fornebu"}]},{"@type":"WebSite","@id":"https:\/\/hoyre.no\/oslo\/#website","url":"https:\/\/hoyre.no\/oslo\/","name":"Oslo H\u00f8yre","description":"","publisher":{"@id":"https:\/\/hoyre.no\/oslo\/#organization"},"inLanguage":"nb-NO"},{"@type":"Organization","@id":"https:\/\/hoyre.no\/oslo\/#organization","name":"Oslo H\u00f8yre","url":"https:\/\/hoyre.no\/oslo\/","logo":{"@type":"ImageObject","inLanguage":"nb-NO","@id":"https:\/\/hoyre.no\/oslo\/#\/schema\/logo\/image\/","url":"https:\/\/hoyre.no\/content\/uploads\/sites\/408\/2022\/11\/Hoyres-logo.png","contentUrl":"https:\/\/hoyre.no\/content\/uploads\/sites\/408\/2022\/11\/Hoyres-logo.png","width":1000,"height":1000,"caption":"Oslo H\u00f8yre"},"image":{"@id":"https:\/\/hoyre.no\/oslo\/#\/schema\/logo\/image\/"},"sameAs":["https:\/\/www.facebook.com\/oslo.hoyre"]}]}},"distributor_meta":false,"distributor_terms":false,"distributor_media":false,"distributor_original_site_name":"Oslo H\u00f8yre","distributor_original_site_url":"https:\/\/hoyre.no\/oslo","push-errors":false,"_links":{"self":[{"href":"https:\/\/hoyre.no\/oslo\/wp-json\/wp\/v2\/posts\/1820","targetHints":{"allow":["GET"]}}],"collection":[{"href":"https:\/\/hoyre.no\/oslo\/wp-json\/wp\/v2\/posts"}],"about":[{"href":"https:\/\/hoyre.no\/oslo\/wp-json\/wp\/v2\/types\/post"}],"replies":[{"embeddable":true,"href":"https:\/\/hoyre.no\/oslo\/wp-json\/wp\/v2\/comments?post=1820"}],"version-history":[{"count":1,"href":"https:\/\/hoyre.no\/oslo\/wp-json\/wp\/v2\/posts\/1820\/revisions"}],"predecessor-version":[{"id":2999,"href":"https:\/\/hoyre.no\/oslo\/wp-json\/wp\/v2\/posts\/1820\/revisions\/2999"}],"wp:attachment":[{"href":"https:\/\/hoyre.no\/oslo\/wp-json\/wp\/v2\/media?parent=1820"}],"wp:term":[{"taxonomy":"category","embeddable":true,"href":"https:\/\/hoyre.no\/oslo\/wp-json\/wp\/v2\/category?post=1820"},{"taxonomy":"post_tag","embeddable":true,"href":"https:\/\/hoyre.no\/oslo\/wp-json\/wp\/v2\/post_tag?post=1820"},{"taxonomy":"hoyre-visibility","embeddable":true,"href":"https:\/\/hoyre.no\/oslo\/wp-json\/wp\/v2\/hoyre-visibility?post=1820"},{"taxonomy":"article-type","embeddable":true,"href":"https:\/\/hoyre.no\/oslo\/wp-json\/wp\/v2\/article-type?post=1820"},{"taxonomy":"politician","embeddable":true,"href":"https:\/\/hoyre.no\/oslo\/wp-json\/wp\/v2\/politician?post=1820"}],"curies":[{"name":"wp","href":"https:\/\/api.w.org\/{rel}","templated":true}]}}