{"id":1823,"date":"2013-08-27T11:10:17","date_gmt":"2013-08-27T11:10:17","guid":{"rendered":"https:\/\/hoyre.no\/oslo\/aktuelt\/formuesskatt-til-det-kjedsommelige-2\/"},"modified":"2022-09-26T15:06:53","modified_gmt":"2022-09-26T13:06:53","slug":"formuesskatt-til-det-kjedsommelige-2","status":"publish","type":"post","link":"https:\/\/hoyre.no\/oslo\/aktuelt\/formuesskatt-til-det-kjedsommelige-2\/","title":{"rendered":"Formuesskatt til det kjedsommelige"},"content":{"rendered":"<figure class=\"hoyre-image-wrapper\"><div class=\"hoyre-image\"><img loading=\"lazy\" decoding=\"async\" width=\"1024\" height=\"361\" src=\"https:\/\/hoyre.no\/content\/uploads\/sites\/408\/2022\/09\/Husbesok.jpg\" class=\"attachment-scaled size-scaled\" alt=\"Husbes\u00f8k\" style=\"object-position: 50% 50%\" srcset=\"https:\/\/hoyre.no\/content\/uploads\/sites\/408\/2022\/09\/Husbesok.jpg 1024w, https:\/\/hoyre.no\/content\/uploads\/sites\/408\/2022\/09\/Husbesok-300x106.jpg 300w, https:\/\/hoyre.no\/content\/uploads\/sites\/408\/2022\/09\/Husbesok-768x271.jpg 768w\" sizes=\"auto, (max-width: 1024px) 100vw, 1024px\" \/><\/div><\/figure><div id=\"hoyre-old-article-content-wrapper\"><p>Formuesskatten er venstresidas retoriske yndling. Men selv om setninger om at de ikke vil gi skattelette til de som har mest fra f\u00f8r fungerer retorisk, betyr ikke at argumentasjonen deres blir riktigere av den grunn.<\/p><p>Vi kunne snudd det og sagt at Arbeiderpartiet heller vil prioritere h\u00f8ye skatter fremfor norsk eierskap og arbeidsplasser. Facebook, Spotify og n\u00e5 ogs\u00e5 Tesla er selskaper som aldri kunne v\u00e6rt etablert i Norge. N\u00e5r gr\u00fcnderne m\u00e5 betale formuesskatt av verdien av selskapet, gjerne f\u00f8r selskapet har begynt \u00e5 tjene penger, s\u00e5 sier det seg selv at fremtidsrettede teknologibedrifter ikke gr\u00fcndes i Norge. Burde vi p\u00e5st\u00e5 at Arbeiderpartiet er mot Facebook?<\/p><p>Arbeiderpartiet bruker n\u00e5 tid p\u00e5 \u00e5 fortelle velgerne at H\u00f8yre ikke lytter til forskning. S\u00e5 henviser de til <a title=\"masteroppgave\" href=\"http:\/\/paulchaffey.blogspot.no\/2013\/08\/masteroppgave-og-formuesskatt.html#.UhyF17wjyu5\" target=\"_blank\" rel=\"noopener noreferrer\">en masteroppgave fra to studenter ved Norges Handelsh\u00f8yskole<\/a> som de mener viser at norske bedrifter ikke har problemer med \u00e5 betale formuesskatt. For det f\u00f8rste er det ikke bedrifter som betaler formuesskatt, det er personer. Ofte kalt gr\u00fcndere. Eller rikinger, om du tilh\u00f8rer venstresida. For det andre viser oppgaven at noen eiere av bedrifter som g\u00e5r godt og med overskudd ikke har problemer med \u00e5 betale formuesskatt. At noen ikke har problemer med \u00e5 betale skatt, betyr jo ikke at den er riktig. Og eiere av bedrifter som har store verdier p\u00e5 lager, ikke g\u00e5r med overskudd eller ikke har begynt \u00e5 tjene penger, sliter fortsatt med \u00e5 betale. Dessuten er dette en s\u00e6rskatt for norske eiere. Eierne av Mack Bryggeri i Troms\u00f8 m\u00e5 betale formuesskatt fordi de er norske, mens Ringnes slipper fordi de er eid av danske Carlsberg. Om det er slik at eierne av Mack ikke har problemer med \u00e5 betale, betyr jo ikke at det at skatten verken er rettferdig eller spesielt smart.<\/p><p>For en ting er jo eksisterende arbeidsplasser. Hva med forutsetningene for et fremtidsrettet, b\u00e6rekraftig n\u00e6ringsliv som satser for eksempel p\u00e5 milj\u00f8vennlig teknologi?<\/p><p>Selskapet bak den mye hypede elbilen <a title=\"Hegnar\" href=\"http:\/\/www.hegnar.no\/bors\/article737642.ece\" target=\"_blank\" rel=\"noopener noreferrer\">Tesla, er n\u00e5 verdsatt til over 100 milliarder norske krone<\/a>r. De har s\u00e5 langt har investert i ny teknologi og produksjon, men det er en stund til de faktisk begynner \u00e5 tjene penger. Hadde Tesla v\u00e6rt produsert i Norge, ville eieren allerede m\u00e5ttet betale 1,1 milliarder kroner i formuesskatt. For alle norske gr\u00fcndere har jo en milliard eller to st\u00e5ende p\u00e5 bok&#8230;<\/p><p>Det er jo ikke slik at disse bedriftene ikke betaler skatt. De betaler blant annet 28% skatt av overskuddet i dag. I tillegg betaler bedriften arbeidsgiveravgift for alle ansatte, og alle ansatte betaler skatt. N\u00e5r det \u00e5 &laquo;ta rikingene&raquo; er viktigere enn \u00e5 sikre norske arbeidsplasser og eierskap, s\u00e5 er det jo lett \u00e5 se bort fra det.<\/p><p>Men det er jo interessant at Arbeiderpartiet heller lytter til to studenter enn tidligere LO-leder Roar Fl\u00e5then. Det er bare<a title=\"DN\" href=\"http:\/\/www.dn.no\/forsiden\/politikkSamfunn\/article2236578.ece\" target=\"_blank\" rel=\"noopener noreferrer\"> to \u00e5r siden han advarte mot at formuesskatten kan true norsk industriutvikling og norske arbeidsplasser<\/a>. Ogs\u00e5 n\u00e6ringsminister Trond Giske har tidligere har sagt at han er positiv til \u00e5 fjerne formuesskatt p\u00e5 arbeidende kapital, finansminister Sigbj\u00f8rn Johnsen vil ikke svare p\u00e5 hva han mener om formuesskatten og oljeminister Ola Borten Moe i Senterpartiet sier han vil redusere formuesskatten med 5 milliarder. Tilfeldigvis samme sum som DN mente at <a title=\"DN\" href=\"http:\/\/www.dn.no\/forsiden\/kommentarer\/article1121669.ece\" target=\"_blank\" rel=\"noopener noreferrer\">regjeringen ga til Aker-eier Kjell Inge R\u00f8kke p\u00e5 vegne av norske skattebetalere<\/a>. Var det noen som sa noe om \u00e5 gi til de som har mest fra f\u00f8r?<\/p><p>Men det var en digresjon.<\/p><p>Vi kommer til \u00e5 diskutere formuesskatten de neste to ukene og det er helt ok. Vi som er i H\u00f8yre vet at det er mulig \u00e5 b\u00e5de \u00f8ke velferd og \u00e5 gi skattelette, <a title=\"vampus\" href=\"http:\/\/vampus.blogspot.no\/2013\/08\/skattelette-og-velferd-ja-takk-begge.html\" target=\"_blank\" rel=\"noopener noreferrer\">vi har nemlig gjort det f\u00f8r<\/a>. Vi kommer ogs\u00e5 til \u00e5 h\u00f8re mer om Arbeiderpartiets historiske satsninger. Men det hjelper ikke \u00e5 bruke mer penger p\u00e5 alt, n\u00e5r resultatene uteblir.<\/p><p><em>Innlegget er hentet fra <a title=\"Vampus.no\" href=\"http:\/\/vampus.blogspot.no\/\" target=\"_blank\" rel=\"noopener noreferrer\">Heidis blogg<\/a>.<\/em><\/p>\n<\/div>\n<div class=\"tags\">\n\t<\/div>\n<div class=\"post-footer alignfull has-background block-editor-block-list__block\" data-align=full>\n\t<div class=\"post-footer-inner\">\n\t\t<h3>Relaterte artikler<\/h3>\n\t\t<div class=\"related-content\"><div class=\"is-card-hoyre\">\n\t<div class=\"teft-card hoyre-teft-card post-teft-card\">\n\t\t<a href=\"https:\/\/hoyre.no\/oslo\/aktuelt\/mdg-moralismen-fornekter-seg-ikke\/\" class=\"teft-card__primary-action\">\n\n\t\t\t\t\t<div class=\"teft-card__media teft-card__media--16-9\">\n\t\t\t\t\t\t<img loading=\"lazy\" decoding=\"async\" width=\"768\" height=\"512\" src=\"https:\/\/hoyre.no\/content\/uploads\/sites\/408\/2024\/01\/QZQlxtOC-768x512.jpeg\" class=\"attachment-medium_large size-medium_large\" alt=\"Merete Agerbak-Jensen\" srcset=\"https:\/\/hoyre.no\/content\/uploads\/sites\/408\/2024\/01\/QZQlxtOC-768x512.jpeg 768w, https:\/\/hoyre.no\/content\/uploads\/sites\/408\/2024\/01\/QZQlxtOC-300x200.jpeg 300w, https:\/\/hoyre.no\/content\/uploads\/sites\/408\/2024\/01\/QZQlxtOC-1024x683.jpeg 1024w, https:\/\/hoyre.no\/content\/uploads\/sites\/408\/2024\/01\/QZQlxtOC-1536x1024.jpeg 1536w, https:\/\/hoyre.no\/content\/uploads\/sites\/408\/2024\/01\/QZQlxtOC-2048x1365.jpeg 2048w\" sizes=\"auto, (max-width: 768px) 100vw, 768px\" \/>\t\t<\/div>\n\t\t\n\t\t\t<div class=\"teft-card__content-wrapper\">\n\t\t\t\t<div class=\"teft-card__secondary\">\n\t\t\t\t\t\n\t\t\t\t\t\t\t\t<div class=\"teft-card__meta\">\n\t\t\t\t\t\t\t\t\t<span class=\"post-date\">23. apr 2026<\/span>\n\n\t\t\t\t\t\t\t\t\t\t\t\t\t\t\t\t\t<\/div>\n\t\t\t\t\t\t\t\t\t\t\t<\/div>\n\n\t\t\t\t<div class=\"teft-card__primary\">\n\t\t\t\t\t<h2 class=\"teft-card__title\">MDG-moralismen fornekter seg ikke&nbsp;<span class=\"teft-card__primary-title-append\"><\/span><\/h2>\t\t\t\t<\/div>\n\t\t\t<\/div>\n\t\t<\/a>\n\t<\/div>\n\n\t<\/div><div class=\"is-card-hoyre\">\n\t<div class=\"teft-card hoyre-teft-card post-teft-card\">\n\t\t<a href=\"https:\/\/hoyre.no\/oslo\/aktuelt\/raskere-og-enklere-a-bygge-boliger-og-skape-arbeidsplasser-i-oslo\/\" class=\"teft-card__primary-action\">\n\n\t\t\t\t\t<div class=\"teft-card__media teft-card__media--16-9\">\n\t\t\t\t\t\t<img loading=\"lazy\" decoding=\"async\" width=\"768\" height=\"576\" src=\"https:\/\/hoyre.no\/content\/uploads\/sites\/408\/2026\/04\/Eirik-Lae-Solberg-og-Anita-Leirvik-North-768x576.jpg\" class=\"attachment-medium_large size-medium_large\" alt=\"\" srcset=\"https:\/\/hoyre.no\/content\/uploads\/sites\/408\/2026\/04\/Eirik-Lae-Solberg-og-Anita-Leirvik-North-768x576.jpg 768w, https:\/\/hoyre.no\/content\/uploads\/sites\/408\/2026\/04\/Eirik-Lae-Solberg-og-Anita-Leirvik-North-300x225.jpg 300w, https:\/\/hoyre.no\/content\/uploads\/sites\/408\/2026\/04\/Eirik-Lae-Solberg-og-Anita-Leirvik-North.jpg 901w\" sizes=\"auto, (max-width: 768px) 100vw, 768px\" \/>\t\t<\/div>\n\t\t\n\t\t\t<div class=\"teft-card__content-wrapper\">\n\t\t\t\t<div class=\"teft-card__secondary\">\n\t\t\t\t\t\n\t\t\t\t\t\t\t\t<div class=\"teft-card__meta\">\n\t\t\t\t\t\t\t\t\t<span class=\"post-date\">14. apr 2026<\/span>\n\n\t\t\t\t\t\t\t\t\t<span class=\"post-category\">Har lagt frem ny KPA:<\/span>\t\t\t\t\t\t\t\t<\/div>\n\t\t\t\t\t\t\t\t\t\t\t<\/div>\n\n\t\t\t\t<div class=\"teft-card__primary\">\n\t\t\t\t\t<h2 class=\"teft-card__title\">Raskere og enklere \u00e5 bygge boliger og skape arbeidsplasser i Oslo&nbsp;<span class=\"teft-card__primary-title-append\"><\/span><\/h2>\t\t\t\t<\/div>\n\t\t\t<\/div>\n\t\t<\/a>\n\t<\/div>\n\n\t<\/div><div class=\"is-card-hoyre\">\n\t<div class=\"teft-card hoyre-teft-card post-teft-card\">\n\t\t<a href=\"https:\/\/hoyre.no\/oslo\/aktuelt\/bedre-elevresultater-og-en-skoleokonomi-i-balanse-med-blagront-byrad\/\" class=\"teft-card__primary-action\">\n\n\t\t\t\t\t<div class=\"teft-card__media teft-card__media--16-9\">\n\t\t\t\t\t\t<img loading=\"lazy\" decoding=\"async\" width=\"768\" height=\"512\" src=\"https:\/\/hoyre.no\/content\/uploads\/sites\/408\/2025\/05\/IMG_6440-768x512.jpeg\" class=\"attachment-medium_large size-medium_large\" alt=\"Julie Remen Midtgarden\" srcset=\"https:\/\/hoyre.no\/content\/uploads\/sites\/408\/2025\/05\/IMG_6440-768x512.jpeg 768w, https:\/\/hoyre.no\/content\/uploads\/sites\/408\/2025\/05\/IMG_6440-300x200.jpeg 300w, https:\/\/hoyre.no\/content\/uploads\/sites\/408\/2025\/05\/IMG_6440-1024x683.jpeg 1024w, https:\/\/hoyre.no\/content\/uploads\/sites\/408\/2025\/05\/IMG_6440-1536x1024.jpeg 1536w, https:\/\/hoyre.no\/content\/uploads\/sites\/408\/2025\/05\/IMG_6440-2048x1365.jpeg 2048w\" sizes=\"auto, (max-width: 768px) 100vw, 768px\" \/>\t\t<\/div>\n\t\t\n\t\t\t<div class=\"teft-card__content-wrapper\">\n\t\t\t\t<div class=\"teft-card__secondary\">\n\t\t\t\t\t\n\t\t\t\t\t\t\t\t<div class=\"teft-card__meta\">\n\t\t\t\t\t\t\t\t\t<span class=\"post-date\">26. mar 2026<\/span>\n\n\t\t\t\t\t\t\t\t\t\t\t\t\t\t\t\t\t<\/div>\n\t\t\t\t\t\t\t\t\t\t\t<\/div>\n\n\t\t\t\t<div class=\"teft-card__primary\">\n\t\t\t\t\t<h2 class=\"teft-card__title\">Bedre elevresultater og en skole\u00f8konomi i balanse med bl\u00e5gr\u00f8nt byr\u00e5d&nbsp;<span class=\"teft-card__primary-title-append\"><\/span><\/h2>\t\t\t\t<\/div>\n\t\t\t<\/div>\n\t\t<\/a>\n\t<\/div>\n\n\t<\/div><\/div>\t<\/div>\n<\/div>\n","protected":false},"excerpt":{"rendered":"","protected":false},"author":0,"featured_media":0,"comment_status":"closed","ping_status":"open","sticky":false,"template":"","format":"standard","meta":{"teft_cards_image_url":"","teft_cards_custom_pretitle":"","teft_cards_image_id":0,"teft_cards_image_focal_point_x":0,"teft_cards_image_focal_point_y":0,"teft_cards_title":"","teft_cards_excerpt":"","teft_show_chapters":false,"author_display_name":"Oslo H\u00f8yre","footnotes":""},"category":[13,1],"post_tag":[],"hoyre-visibility":[],"article-type":[],"politician":[],"class_list":["post-1823","post","type-post","status-publish","format-standard","hentry","category-arbeid-og-sosial","category-nyheter"],"yoast_head":"<!-- This site is optimized with the Yoast SEO Premium plugin v26.5 (Yoast SEO v26.6) - https:\/\/yoast.com\/wordpress\/plugins\/seo\/ -->\n<title>Formuesskatt til det kjedsommelige - Oslo H\u00f8yre<\/title>\n<meta name=\"robots\" content=\"index, follow, max-snippet:-1, max-image-preview:large, max-video-preview:-1\" \/>\n<link rel=\"canonical\" href=\"https:\/\/hoyre.no\/oslo\/aktuelt\/formuesskatt-til-det-kjedsommelige-2\/\" \/>\n<meta property=\"og:locale\" content=\"nb_NO\" \/>\n<meta property=\"og:type\" content=\"article\" \/>\n<meta property=\"og:title\" content=\"Formuesskatt til det kjedsommelige\" \/>\n<meta property=\"og:url\" content=\"https:\/\/hoyre.no\/oslo\/aktuelt\/formuesskatt-til-det-kjedsommelige-2\/\" \/>\n<meta property=\"og:site_name\" content=\"Oslo H\u00f8yre\" \/>\n<meta property=\"article:publisher\" content=\"https:\/\/www.facebook.com\/oslo.hoyre\" \/>\n<meta property=\"article:published_time\" content=\"2013-08-27T11:10:17+00:00\" \/>\n<meta property=\"article:modified_time\" content=\"2022-09-26T13:06:53+00:00\" \/>\n<meta property=\"og:image\" content=\"https:\/\/hoyre.no\/content\/uploads\/sites\/408\/2022\/11\/Hoyres-logo.png\" \/>\n\t<meta property=\"og:image:width\" content=\"1000\" \/>\n\t<meta property=\"og:image:height\" content=\"1000\" \/>\n\t<meta property=\"og:image:type\" content=\"image\/png\" \/>\n<meta name=\"twitter:card\" content=\"summary_large_image\" \/>\n<meta name=\"twitter:label1\" content=\"Ansl. lesetid\" \/>\n\t<meta name=\"twitter:data1\" content=\"3 minutter\" \/>\n<script type=\"application\/ld+json\" class=\"yoast-schema-graph\">{\"@context\":\"https:\/\/schema.org\",\"@graph\":[{\"@type\":\"Article\",\"@id\":\"https:\/\/hoyre.no\/oslo\/aktuelt\/formuesskatt-til-det-kjedsommelige-2\/#article\",\"isPartOf\":{\"@id\":\"https:\/\/hoyre.no\/oslo\/aktuelt\/formuesskatt-til-det-kjedsommelige-2\/\"},\"author\":{\"name\":\"\",\"@id\":\"\"},\"headline\":\"Formuesskatt til det kjedsommelige\",\"datePublished\":\"2013-08-27T11:10:17+00:00\",\"dateModified\":\"2022-09-26T13:06:53+00:00\",\"mainEntityOfPage\":{\"@id\":\"https:\/\/hoyre.no\/oslo\/aktuelt\/formuesskatt-til-det-kjedsommelige-2\/\"},\"wordCount\":659,\"publisher\":{\"@id\":\"https:\/\/hoyre.no\/oslo\/#organization\"},\"articleSection\":[\"Arbeid og sosial\",\"Nyheter\"],\"inLanguage\":\"nb-NO\"},{\"@type\":\"NewsArticle\",\"@id\":\"https:\/\/hoyre.no\/oslo\/aktuelt\/formuesskatt-til-det-kjedsommelige-2\/\",\"url\":\"https:\/\/hoyre.no\/oslo\/aktuelt\/formuesskatt-til-det-kjedsommelige-2\/\",\"name\":\"Formuesskatt til det kjedsommelige - Oslo H\u00f8yre\",\"isPartOf\":{\"@id\":\"https:\/\/hoyre.no\/oslo\/#website\"},\"datePublished\":\"2013-08-27T11:10:17+00:00\",\"dateModified\":\"2022-09-26T13:06:53+00:00\",\"breadcrumb\":{\"@id\":\"https:\/\/hoyre.no\/oslo\/aktuelt\/formuesskatt-til-det-kjedsommelige-2\/#breadcrumb\"},\"inLanguage\":\"nb-NO\",\"potentialAction\":[{\"@type\":\"ReadAction\",\"target\":[\"https:\/\/hoyre.no\/oslo\/aktuelt\/formuesskatt-til-det-kjedsommelige-2\/\"]}]},{\"@type\":\"BreadcrumbList\",\"@id\":\"https:\/\/hoyre.no\/oslo\/aktuelt\/formuesskatt-til-det-kjedsommelige-2\/#breadcrumb\",\"itemListElement\":[{\"@type\":\"ListItem\",\"position\":1,\"name\":\"Til hoyre.no\",\"item\":\"https:\/\/hoyre.no\"},{\"@type\":\"ListItem\",\"position\":2,\"name\":\"Hjem\",\"item\":\"https:\/\/hoyre.no\/oslo\/\"},{\"@type\":\"ListItem\",\"position\":3,\"name\":\"Formuesskatt til det kjedsommelige\"}]},{\"@type\":\"WebSite\",\"@id\":\"https:\/\/hoyre.no\/oslo\/#website\",\"url\":\"https:\/\/hoyre.no\/oslo\/\",\"name\":\"Oslo H\u00f8yre\",\"description\":\"\",\"publisher\":{\"@id\":\"https:\/\/hoyre.no\/oslo\/#organization\"},\"inLanguage\":\"nb-NO\"},{\"@type\":\"Organization\",\"@id\":\"https:\/\/hoyre.no\/oslo\/#organization\",\"name\":\"Oslo H\u00f8yre\",\"url\":\"https:\/\/hoyre.no\/oslo\/\",\"logo\":{\"@type\":\"ImageObject\",\"inLanguage\":\"nb-NO\",\"@id\":\"https:\/\/hoyre.no\/oslo\/#\/schema\/logo\/image\/\",\"url\":\"https:\/\/hoyre.no\/content\/uploads\/sites\/408\/2022\/11\/Hoyres-logo.png\",\"contentUrl\":\"https:\/\/hoyre.no\/content\/uploads\/sites\/408\/2022\/11\/Hoyres-logo.png\",\"width\":1000,\"height\":1000,\"caption\":\"Oslo H\u00f8yre\"},\"image\":{\"@id\":\"https:\/\/hoyre.no\/oslo\/#\/schema\/logo\/image\/\"},\"sameAs\":[\"https:\/\/www.facebook.com\/oslo.hoyre\"]}]}<\/script>\n<!-- \/ Yoast SEO Premium plugin. -->","yoast_head_json":{"title":"Formuesskatt til det kjedsommelige - Oslo H\u00f8yre","robots":{"index":"index","follow":"follow","max-snippet":"max-snippet:-1","max-image-preview":"max-image-preview:large","max-video-preview":"max-video-preview:-1"},"canonical":"https:\/\/hoyre.no\/oslo\/aktuelt\/formuesskatt-til-det-kjedsommelige-2\/","og_locale":"nb_NO","og_type":"article","og_title":"Formuesskatt til det kjedsommelige","og_url":"https:\/\/hoyre.no\/oslo\/aktuelt\/formuesskatt-til-det-kjedsommelige-2\/","og_site_name":"Oslo H\u00f8yre","article_publisher":"https:\/\/www.facebook.com\/oslo.hoyre","article_published_time":"2013-08-27T11:10:17+00:00","article_modified_time":"2022-09-26T13:06:53+00:00","og_image":[{"width":1000,"height":1000,"url":"https:\/\/hoyre.no\/content\/uploads\/sites\/408\/2022\/11\/Hoyres-logo.png","type":"image\/png"}],"twitter_card":"summary_large_image","twitter_misc":{"Ansl. lesetid":"3 minutter"},"schema":{"@context":"https:\/\/schema.org","@graph":[{"@type":"Article","@id":"https:\/\/hoyre.no\/oslo\/aktuelt\/formuesskatt-til-det-kjedsommelige-2\/#article","isPartOf":{"@id":"https:\/\/hoyre.no\/oslo\/aktuelt\/formuesskatt-til-det-kjedsommelige-2\/"},"author":{"name":"","@id":""},"headline":"Formuesskatt til det kjedsommelige","datePublished":"2013-08-27T11:10:17+00:00","dateModified":"2022-09-26T13:06:53+00:00","mainEntityOfPage":{"@id":"https:\/\/hoyre.no\/oslo\/aktuelt\/formuesskatt-til-det-kjedsommelige-2\/"},"wordCount":659,"publisher":{"@id":"https:\/\/hoyre.no\/oslo\/#organization"},"articleSection":["Arbeid og sosial","Nyheter"],"inLanguage":"nb-NO"},{"@type":"NewsArticle","@id":"https:\/\/hoyre.no\/oslo\/aktuelt\/formuesskatt-til-det-kjedsommelige-2\/","url":"https:\/\/hoyre.no\/oslo\/aktuelt\/formuesskatt-til-det-kjedsommelige-2\/","name":"Formuesskatt til det kjedsommelige - Oslo H\u00f8yre","isPartOf":{"@id":"https:\/\/hoyre.no\/oslo\/#website"},"datePublished":"2013-08-27T11:10:17+00:00","dateModified":"2022-09-26T13:06:53+00:00","breadcrumb":{"@id":"https:\/\/hoyre.no\/oslo\/aktuelt\/formuesskatt-til-det-kjedsommelige-2\/#breadcrumb"},"inLanguage":"nb-NO","potentialAction":[{"@type":"ReadAction","target":["https:\/\/hoyre.no\/oslo\/aktuelt\/formuesskatt-til-det-kjedsommelige-2\/"]}]},{"@type":"BreadcrumbList","@id":"https:\/\/hoyre.no\/oslo\/aktuelt\/formuesskatt-til-det-kjedsommelige-2\/#breadcrumb","itemListElement":[{"@type":"ListItem","position":1,"name":"Til hoyre.no","item":"https:\/\/hoyre.no"},{"@type":"ListItem","position":2,"name":"Hjem","item":"https:\/\/hoyre.no\/oslo\/"},{"@type":"ListItem","position":3,"name":"Formuesskatt til det kjedsommelige"}]},{"@type":"WebSite","@id":"https:\/\/hoyre.no\/oslo\/#website","url":"https:\/\/hoyre.no\/oslo\/","name":"Oslo H\u00f8yre","description":"","publisher":{"@id":"https:\/\/hoyre.no\/oslo\/#organization"},"inLanguage":"nb-NO"},{"@type":"Organization","@id":"https:\/\/hoyre.no\/oslo\/#organization","name":"Oslo H\u00f8yre","url":"https:\/\/hoyre.no\/oslo\/","logo":{"@type":"ImageObject","inLanguage":"nb-NO","@id":"https:\/\/hoyre.no\/oslo\/#\/schema\/logo\/image\/","url":"https:\/\/hoyre.no\/content\/uploads\/sites\/408\/2022\/11\/Hoyres-logo.png","contentUrl":"https:\/\/hoyre.no\/content\/uploads\/sites\/408\/2022\/11\/Hoyres-logo.png","width":1000,"height":1000,"caption":"Oslo H\u00f8yre"},"image":{"@id":"https:\/\/hoyre.no\/oslo\/#\/schema\/logo\/image\/"},"sameAs":["https:\/\/www.facebook.com\/oslo.hoyre"]}]}},"distributor_meta":false,"distributor_terms":false,"distributor_media":false,"distributor_original_site_name":"Oslo H\u00f8yre","distributor_original_site_url":"https:\/\/hoyre.no\/oslo","push-errors":false,"_links":{"self":[{"href":"https:\/\/hoyre.no\/oslo\/wp-json\/wp\/v2\/posts\/1823","targetHints":{"allow":["GET"]}}],"collection":[{"href":"https:\/\/hoyre.no\/oslo\/wp-json\/wp\/v2\/posts"}],"about":[{"href":"https:\/\/hoyre.no\/oslo\/wp-json\/wp\/v2\/types\/post"}],"replies":[{"embeddable":true,"href":"https:\/\/hoyre.no\/oslo\/wp-json\/wp\/v2\/comments?post=1823"}],"version-history":[{"count":1,"href":"https:\/\/hoyre.no\/oslo\/wp-json\/wp\/v2\/posts\/1823\/revisions"}],"predecessor-version":[{"id":3002,"href":"https:\/\/hoyre.no\/oslo\/wp-json\/wp\/v2\/posts\/1823\/revisions\/3002"}],"wp:attachment":[{"href":"https:\/\/hoyre.no\/oslo\/wp-json\/wp\/v2\/media?parent=1823"}],"wp:term":[{"taxonomy":"category","embeddable":true,"href":"https:\/\/hoyre.no\/oslo\/wp-json\/wp\/v2\/category?post=1823"},{"taxonomy":"post_tag","embeddable":true,"href":"https:\/\/hoyre.no\/oslo\/wp-json\/wp\/v2\/post_tag?post=1823"},{"taxonomy":"hoyre-visibility","embeddable":true,"href":"https:\/\/hoyre.no\/oslo\/wp-json\/wp\/v2\/hoyre-visibility?post=1823"},{"taxonomy":"article-type","embeddable":true,"href":"https:\/\/hoyre.no\/oslo\/wp-json\/wp\/v2\/article-type?post=1823"},{"taxonomy":"politician","embeddable":true,"href":"https:\/\/hoyre.no\/oslo\/wp-json\/wp\/v2\/politician?post=1823"}],"curies":[{"name":"wp","href":"https:\/\/api.w.org\/{rel}","templated":true}]}}