{"id":1825,"date":"2013-08-23T12:48:28","date_gmt":"2013-08-23T12:48:28","guid":{"rendered":"https:\/\/hoyre.no\/oslo\/aktuelt\/ulike-elever-like-muligheter\/"},"modified":"2022-09-26T15:06:53","modified_gmt":"2022-09-26T13:06:53","slug":"ulike-elever-like-muligheter","status":"publish","type":"post","link":"https:\/\/hoyre.no\/oslo\/aktuelt\/ulike-elever-like-muligheter\/","title":{"rendered":"Ulike elever, like muligheter"},"content":{"rendered":"<figure class=\"hoyre-image-wrapper\"><div class=\"hoyre-image\"><img loading=\"lazy\" decoding=\"async\" width=\"1024\" height=\"361\" src=\"https:\/\/hoyre.no\/content\/uploads\/sites\/408\/2022\/09\/Elever-klasserom.jpg\" class=\"attachment-scaled size-scaled\" alt=\"Elever\" style=\"object-position: 50% 50%\" srcset=\"https:\/\/hoyre.no\/content\/uploads\/sites\/408\/2022\/09\/Elever-klasserom.jpg 1024w, https:\/\/hoyre.no\/content\/uploads\/sites\/408\/2022\/09\/Elever-klasserom-300x106.jpg 300w, https:\/\/hoyre.no\/content\/uploads\/sites\/408\/2022\/09\/Elever-klasserom-768x271.jpg 768w\" sizes=\"auto, (max-width: 1024px) 100vw, 1024px\" \/><\/div><\/figure><div id=\"hoyre-old-article-content-wrapper\"><p>Alle elever skal gis muligheter til \u00e5 utvikle egne evner og ferdigheter \u2013 uavhengig av hvilket utgangspunkt de m\u00f8ter opp med f\u00f8rste skoledag.<\/p><p><em>Av Torger \u00d8degaard, skolebyr\u00e5d i Oslo<\/em><\/p><p>Fakta viser imidlertid at vi i Norge ikke i stor nok grad greier \u00e5 kompensere for elevenes hjemmebakgrunn.<\/p><p>Norsk og internasjonal forskning p\u00e5peker at norsk skole forsterker og opprettholder sosiale forskjeller. Andelen som tar utdanning p\u00e5 h\u00f8yere niv\u00e5 enn sine foreldre er lavere i Norge enn snittet i OECD og i v\u00e5re naboland. Av elevene i Norge som startet p\u00e5 grunnkurs videreg\u00e5ende oppl\u00e6ring i 2005 var det kun 5 % med foreldre med h\u00f8y utdanning som sluttet p\u00e5 videreg\u00e5ende skole. Tilsvarende tall for elever med foreldre med grunnskoleutdanning var 37 %. Det er alts\u00e5 en klar sammenheng mellom foreldres utdanning og sannsynligheten for \u00e5 fullf\u00f8re videreg\u00e5ende oppl\u00e6ring. Likevel finnes det land, kommuner og enkeltskoler som virker mer kompensatorisk enn andre. Det viser at skolen har et stort potensiale til \u00e5 l\u00f8fte alle elevene, dersom man konsentererer innsatsen mer om grunnleggende ferdigheter som lesing og regning.<\/p><blockquote><p>Gode skoler er gode for alle, uavhengig av bakgrunn.<\/p><\/blockquote><p>I motsetning til den r\u00f8dgr\u00f8nne regjeringen har vi i Oslo h\u00f8ye ambisjoner for alle barns l\u00e6ring, uavhengig av deres bakgrunn og foreldrenes utdanningsniv\u00e5. Heldigvis er det et stort handlingsrom lokalt. Osloskolen bidrar i st\u00f8rre grad enn mange andre til \u00e5 l\u00f8fte alle elevene, b\u00e5de de som sliter og de som har s\u00e6rlige talenter. N\u00e5 lanserer vi en rekke tiltak som skal bidra til enda mer l\u00e6ring og sosial mobilitet i osloskolen.<\/p><p>Byr\u00e5det setter av 50 millioner kroner til \u00e5 styrke elevenes norskferdigheter og leseferdigheter de neste fire \u00e5rene. M\u00e5let er at skolen i enda st\u00f8rre grad skal kompensere for elevenes hjemmebakgrunn. Gode skoler er gode for alle, og skoler med h\u00f8yt faglig niv\u00e5 bidrar til sosial mobilitet.<\/p><p><strong>Tidlig innsats starter i barnehagen<\/strong><\/p><p>Forskning viser at tidlig innsats er avgj\u00f8rende for senere prestasjoner, derfor m\u00e5 vi begynne i barnehagen. I Oslo starter 1700 elever i 1.klasse uten gode nok norskferdigheter til \u00e5 f\u00f8lge ordin\u00e6r undervisning. Mange av disse barna er f\u00f8dt og oppvokst i Norge og de har g\u00e5tt i barnehage. Det er med andre ord ikke nok \u00e5 g\u00e5 i barnehage, vi m\u00e5 s\u00f8rge for at barnehagen gir barna et bedre grunnlag for l\u00e6ring og utvikling. \u00c5 l\u00e6re i barnehagen er minst like viktig som \u00e5 sette inn tiltak i skolen.<\/p><p>Det \u00e5 beherske spr\u00e5ket er helt grunnleggende om du skal kunne f\u00f8lge med undervisningen. Byr\u00e5det foresl\u00e5r derfor en rekke tiltak som g\u00e5r p\u00e5 \u00e5 stimulere til spr\u00e5kutvikling og l\u00e6ring. Blant annet skal vi utvikle et digitalt verkt\u00f8y for spr\u00e5kkartlegging fra 3 \u00e5r med tiltakspakker som sikrer m\u00e5lrettet oppf\u00f8lging. I tillegg har vi satt av midler til spr\u00e5kstimuleringsmateriell i barnehagene. Mange av de som burde g\u00e5 i barnehager gj\u00f8r det dessverre ikke, og vi vil m\u00e5lrette arbeidet med rekruttering og bruk av gratis kjernetid. Spr\u00e5ktiltak i barnehagene m\u00e5 derfor ogs\u00e5 ses i sammenheng med byr\u00e5dets m\u00e5l om at 90 % av elevene i Oslo-skolen fullf\u00f8re og best\u00e5 videreg\u00e5ende oppl\u00e6ring.<\/p><p><strong>Bedre overgang fra barnehage til skole<\/strong><\/p><p>Det er viktig \u00e5 satse p\u00e5 det som skjer f\u00f8r skolestart, og det m\u00e5 f\u00f8lges opp n\u00e5r de begynner p\u00e5 skolen. Bedre kommunikasjon mellom barnehager og skoler er en n\u00f8kkelfaktor og det arbeidet gj\u00f8res n\u00e5 mer systematisk. De som starter p\u00e5 skolen med for d\u00e5rlige norskferdigheter vil f\u00e5 tilbud om et intensivert spr\u00e5kprogram i grupper p\u00e5 maks 6-10 elever. De vil i en periode ogs\u00e5 f\u00e5 forlenget skoledag med konsentrert oppl\u00e6ring i basisfagene og fysisk aktivitet hver dag. Her vil elevenes framgang f\u00f8lges tett, og de skal sikres et ferdighetsniv\u00e5 som gj\u00f8r dem i stand til \u00e5 f\u00f8lge ordin\u00e6r undervisning.<\/p><p>I Oslo vil vi rekruttere de beste l\u00e6rerne til skoler der utfordringene er st\u00f8rst og s\u00f8kningen minst. Her tilbyr vi blant annet ekstra l\u00f8nnstrinn og systematisk veiledning. Vi er ogs\u00e5 i gang med et eget utviklingsprosjekt som omfatter 13 utvalget skoler med 70 \u2013 98 % minoritetsspr\u00e5klige med m\u00e5l om \u00e5 l\u00f8fte resultatene og f\u00f8lge opp sv\u00e6rt krevende elevgrupper.<\/p><p>Gode skoler er gode for alle, uavhengig av bakgrunn. Vi m\u00e5 s\u00f8rge for at det skole\u00e5ret som n\u00e5 starter blir s\u00e5 bra at vi kan gi alle v\u00e5re elever de mulighetene de fortjener. Hvor du kommer fra skal ikke v\u00e6re avgj\u00f8rende for hvor du ender opp.<\/p><p><em>Foto: colourbox.com<\/em><\/p>\n<\/div>\n<div class=\"tags\">\n\t<\/div>\n<div class=\"post-footer alignfull has-background block-editor-block-list__block\" data-align=full>\n\t<div class=\"post-footer-inner\">\n\t\t<h3>Relaterte artikler<\/h3>\n\t\t<div class=\"related-content\"><div class=\"is-card-hoyre\">\n\t<div class=\"teft-card hoyre-teft-card post-teft-card\">\n\t\t<a href=\"https:\/\/hoyre.no\/oslo\/aktuelt\/mdg-moralismen-fornekter-seg-ikke\/\" class=\"teft-card__primary-action\">\n\n\t\t\t\t\t<div class=\"teft-card__media teft-card__media--16-9\">\n\t\t\t\t\t\t<img loading=\"lazy\" decoding=\"async\" width=\"768\" height=\"512\" src=\"https:\/\/hoyre.no\/content\/uploads\/sites\/408\/2024\/01\/QZQlxtOC-768x512.jpeg\" class=\"attachment-medium_large size-medium_large\" alt=\"Merete Agerbak-Jensen\" srcset=\"https:\/\/hoyre.no\/content\/uploads\/sites\/408\/2024\/01\/QZQlxtOC-768x512.jpeg 768w, https:\/\/hoyre.no\/content\/uploads\/sites\/408\/2024\/01\/QZQlxtOC-300x200.jpeg 300w, https:\/\/hoyre.no\/content\/uploads\/sites\/408\/2024\/01\/QZQlxtOC-1024x683.jpeg 1024w, https:\/\/hoyre.no\/content\/uploads\/sites\/408\/2024\/01\/QZQlxtOC-1536x1024.jpeg 1536w, https:\/\/hoyre.no\/content\/uploads\/sites\/408\/2024\/01\/QZQlxtOC-2048x1365.jpeg 2048w\" sizes=\"auto, (max-width: 768px) 100vw, 768px\" \/>\t\t<\/div>\n\t\t\n\t\t\t<div class=\"teft-card__content-wrapper\">\n\t\t\t\t<div class=\"teft-card__secondary\">\n\t\t\t\t\t\n\t\t\t\t\t\t\t\t<div class=\"teft-card__meta\">\n\t\t\t\t\t\t\t\t\t<span class=\"post-date\">23. apr 2026<\/span>\n\n\t\t\t\t\t\t\t\t\t\t\t\t\t\t\t\t\t<\/div>\n\t\t\t\t\t\t\t\t\t\t\t<\/div>\n\n\t\t\t\t<div class=\"teft-card__primary\">\n\t\t\t\t\t<h2 class=\"teft-card__title\">MDG-moralismen fornekter seg ikke&nbsp;<span class=\"teft-card__primary-title-append\"><\/span><\/h2>\t\t\t\t<\/div>\n\t\t\t<\/div>\n\t\t<\/a>\n\t<\/div>\n\n\t<\/div><div class=\"is-card-hoyre\">\n\t<div class=\"teft-card hoyre-teft-card post-teft-card\">\n\t\t<a href=\"https:\/\/hoyre.no\/oslo\/aktuelt\/raskere-og-enklere-a-bygge-boliger-og-skape-arbeidsplasser-i-oslo\/\" class=\"teft-card__primary-action\">\n\n\t\t\t\t\t<div class=\"teft-card__media teft-card__media--16-9\">\n\t\t\t\t\t\t<img loading=\"lazy\" decoding=\"async\" width=\"768\" height=\"576\" src=\"https:\/\/hoyre.no\/content\/uploads\/sites\/408\/2026\/04\/Eirik-Lae-Solberg-og-Anita-Leirvik-North-768x576.jpg\" class=\"attachment-medium_large size-medium_large\" alt=\"\" srcset=\"https:\/\/hoyre.no\/content\/uploads\/sites\/408\/2026\/04\/Eirik-Lae-Solberg-og-Anita-Leirvik-North-768x576.jpg 768w, https:\/\/hoyre.no\/content\/uploads\/sites\/408\/2026\/04\/Eirik-Lae-Solberg-og-Anita-Leirvik-North-300x225.jpg 300w, https:\/\/hoyre.no\/content\/uploads\/sites\/408\/2026\/04\/Eirik-Lae-Solberg-og-Anita-Leirvik-North.jpg 901w\" sizes=\"auto, (max-width: 768px) 100vw, 768px\" \/>\t\t<\/div>\n\t\t\n\t\t\t<div class=\"teft-card__content-wrapper\">\n\t\t\t\t<div class=\"teft-card__secondary\">\n\t\t\t\t\t\n\t\t\t\t\t\t\t\t<div class=\"teft-card__meta\">\n\t\t\t\t\t\t\t\t\t<span class=\"post-date\">14. apr 2026<\/span>\n\n\t\t\t\t\t\t\t\t\t<span class=\"post-category\">Har lagt frem ny KPA:<\/span>\t\t\t\t\t\t\t\t<\/div>\n\t\t\t\t\t\t\t\t\t\t\t<\/div>\n\n\t\t\t\t<div class=\"teft-card__primary\">\n\t\t\t\t\t<h2 class=\"teft-card__title\">Raskere og enklere \u00e5 bygge boliger og skape arbeidsplasser i Oslo&nbsp;<span class=\"teft-card__primary-title-append\"><\/span><\/h2>\t\t\t\t<\/div>\n\t\t\t<\/div>\n\t\t<\/a>\n\t<\/div>\n\n\t<\/div><div class=\"is-card-hoyre\">\n\t<div class=\"teft-card hoyre-teft-card post-teft-card\">\n\t\t<a href=\"https:\/\/hoyre.no\/oslo\/aktuelt\/bedre-elevresultater-og-en-skoleokonomi-i-balanse-med-blagront-byrad\/\" class=\"teft-card__primary-action\">\n\n\t\t\t\t\t<div class=\"teft-card__media teft-card__media--16-9\">\n\t\t\t\t\t\t<img loading=\"lazy\" decoding=\"async\" width=\"768\" height=\"512\" src=\"https:\/\/hoyre.no\/content\/uploads\/sites\/408\/2025\/05\/IMG_6440-768x512.jpeg\" class=\"attachment-medium_large size-medium_large\" alt=\"Julie Remen Midtgarden\" srcset=\"https:\/\/hoyre.no\/content\/uploads\/sites\/408\/2025\/05\/IMG_6440-768x512.jpeg 768w, https:\/\/hoyre.no\/content\/uploads\/sites\/408\/2025\/05\/IMG_6440-300x200.jpeg 300w, https:\/\/hoyre.no\/content\/uploads\/sites\/408\/2025\/05\/IMG_6440-1024x683.jpeg 1024w, https:\/\/hoyre.no\/content\/uploads\/sites\/408\/2025\/05\/IMG_6440-1536x1024.jpeg 1536w, https:\/\/hoyre.no\/content\/uploads\/sites\/408\/2025\/05\/IMG_6440-2048x1365.jpeg 2048w\" sizes=\"auto, (max-width: 768px) 100vw, 768px\" \/>\t\t<\/div>\n\t\t\n\t\t\t<div class=\"teft-card__content-wrapper\">\n\t\t\t\t<div class=\"teft-card__secondary\">\n\t\t\t\t\t\n\t\t\t\t\t\t\t\t<div class=\"teft-card__meta\">\n\t\t\t\t\t\t\t\t\t<span class=\"post-date\">26. mar 2026<\/span>\n\n\t\t\t\t\t\t\t\t\t\t\t\t\t\t\t\t\t<\/div>\n\t\t\t\t\t\t\t\t\t\t\t<\/div>\n\n\t\t\t\t<div class=\"teft-card__primary\">\n\t\t\t\t\t<h2 class=\"teft-card__title\">Bedre elevresultater og en skole\u00f8konomi i balanse med bl\u00e5gr\u00f8nt byr\u00e5d&nbsp;<span class=\"teft-card__primary-title-append\"><\/span><\/h2>\t\t\t\t<\/div>\n\t\t\t<\/div>\n\t\t<\/a>\n\t<\/div>\n\n\t<\/div><\/div>\t<\/div>\n<\/div>\n","protected":false},"excerpt":{"rendered":"","protected":false},"author":0,"featured_media":1526,"comment_status":"closed","ping_status":"open","sticky":false,"template":"","format":"standard","meta":{"teft_cards_image_url":"","teft_cards_custom_pretitle":"","teft_cards_image_id":1526,"teft_cards_image_focal_point_x":0,"teft_cards_image_focal_point_y":0,"teft_cards_title":"","teft_cards_excerpt":"","teft_show_chapters":false,"author_display_name":"Oslo H\u00f8yre","footnotes":""},"category":[1],"post_tag":[],"hoyre-visibility":[],"article-type":[],"politician":[],"class_list":["post-1825","post","type-post","status-publish","format-standard","hentry","category-nyheter"],"yoast_head":"<!-- This site is optimized with the Yoast SEO Premium plugin v26.5 (Yoast SEO v26.6) - https:\/\/yoast.com\/wordpress\/plugins\/seo\/ -->\n<title>Ulike elever, like muligheter - Oslo H\u00f8yre<\/title>\n<meta name=\"robots\" content=\"index, follow, max-snippet:-1, max-image-preview:large, max-video-preview:-1\" \/>\n<link rel=\"canonical\" href=\"https:\/\/hoyre.no\/oslo\/aktuelt\/ulike-elever-like-muligheter\/\" \/>\n<meta property=\"og:locale\" content=\"nb_NO\" \/>\n<meta property=\"og:type\" content=\"article\" \/>\n<meta property=\"og:title\" content=\"Ulike elever, like muligheter\" \/>\n<meta property=\"og:url\" content=\"https:\/\/hoyre.no\/oslo\/aktuelt\/ulike-elever-like-muligheter\/\" \/>\n<meta property=\"og:site_name\" content=\"Oslo H\u00f8yre\" \/>\n<meta property=\"article:publisher\" content=\"https:\/\/www.facebook.com\/oslo.hoyre\" \/>\n<meta property=\"article:published_time\" content=\"2013-08-23T12:48:28+00:00\" \/>\n<meta property=\"article:modified_time\" content=\"2022-09-26T13:06:53+00:00\" \/>\n<meta property=\"og:image\" content=\"https:\/\/hoyre.no\/content\/uploads\/sites\/408\/2022\/09\/Elever-klasserom.jpg\" \/>\n\t<meta property=\"og:image:width\" content=\"1024\" \/>\n\t<meta property=\"og:image:height\" content=\"361\" \/>\n\t<meta property=\"og:image:type\" content=\"image\/jpeg\" \/>\n<meta name=\"twitter:card\" content=\"summary_large_image\" \/>\n<meta name=\"twitter:label1\" content=\"Ansl. lesetid\" \/>\n\t<meta name=\"twitter:data1\" content=\"4 minutter\" \/>\n<script type=\"application\/ld+json\" class=\"yoast-schema-graph\">{\"@context\":\"https:\/\/schema.org\",\"@graph\":[{\"@type\":\"Article\",\"@id\":\"https:\/\/hoyre.no\/oslo\/aktuelt\/ulike-elever-like-muligheter\/#article\",\"isPartOf\":{\"@id\":\"https:\/\/hoyre.no\/oslo\/aktuelt\/ulike-elever-like-muligheter\/\"},\"author\":{\"name\":\"\",\"@id\":\"\"},\"headline\":\"Ulike elever, like muligheter\",\"datePublished\":\"2013-08-23T12:48:28+00:00\",\"dateModified\":\"2022-09-26T13:06:53+00:00\",\"mainEntityOfPage\":{\"@id\":\"https:\/\/hoyre.no\/oslo\/aktuelt\/ulike-elever-like-muligheter\/\"},\"wordCount\":784,\"publisher\":{\"@id\":\"https:\/\/hoyre.no\/oslo\/#organization\"},\"image\":{\"@id\":\"https:\/\/hoyre.no\/oslo\/aktuelt\/ulike-elever-like-muligheter\/#primaryimage\"},\"thumbnailUrl\":\"https:\/\/hoyre.no\/content\/uploads\/sites\/408\/2022\/09\/Elever-klasserom.jpg\",\"articleSection\":[\"Nyheter\"],\"inLanguage\":\"nb-NO\"},{\"@type\":\"NewsArticle\",\"@id\":\"https:\/\/hoyre.no\/oslo\/aktuelt\/ulike-elever-like-muligheter\/\",\"url\":\"https:\/\/hoyre.no\/oslo\/aktuelt\/ulike-elever-like-muligheter\/\",\"name\":\"Ulike elever, like muligheter - Oslo H\u00f8yre\",\"isPartOf\":{\"@id\":\"https:\/\/hoyre.no\/oslo\/#website\"},\"image\":{\"@id\":\"https:\/\/hoyre.no\/oslo\/aktuelt\/ulike-elever-like-muligheter\/#primaryimage\"},\"thumbnailUrl\":\"https:\/\/hoyre.no\/content\/uploads\/sites\/408\/2022\/09\/Elever-klasserom.jpg\",\"datePublished\":\"2013-08-23T12:48:28+00:00\",\"dateModified\":\"2022-09-26T13:06:53+00:00\",\"breadcrumb\":{\"@id\":\"https:\/\/hoyre.no\/oslo\/aktuelt\/ulike-elever-like-muligheter\/#breadcrumb\"},\"inLanguage\":\"nb-NO\",\"potentialAction\":[{\"@type\":\"ReadAction\",\"target\":[\"https:\/\/hoyre.no\/oslo\/aktuelt\/ulike-elever-like-muligheter\/\"]}]},{\"@type\":\"ImageObject\",\"inLanguage\":\"nb-NO\",\"@id\":\"https:\/\/hoyre.no\/oslo\/aktuelt\/ulike-elever-like-muligheter\/#primaryimage\",\"url\":\"https:\/\/hoyre.no\/content\/uploads\/sites\/408\/2022\/09\/Elever-klasserom.jpg\",\"contentUrl\":\"https:\/\/hoyre.no\/content\/uploads\/sites\/408\/2022\/09\/Elever-klasserom.jpg\",\"width\":1024,\"height\":361,\"caption\":\"Elever\"},{\"@type\":\"BreadcrumbList\",\"@id\":\"https:\/\/hoyre.no\/oslo\/aktuelt\/ulike-elever-like-muligheter\/#breadcrumb\",\"itemListElement\":[{\"@type\":\"ListItem\",\"position\":1,\"name\":\"Til hoyre.no\",\"item\":\"https:\/\/hoyre.no\"},{\"@type\":\"ListItem\",\"position\":2,\"name\":\"Hjem\",\"item\":\"https:\/\/hoyre.no\/oslo\/\"},{\"@type\":\"ListItem\",\"position\":3,\"name\":\"Ulike elever, like muligheter\"}]},{\"@type\":\"WebSite\",\"@id\":\"https:\/\/hoyre.no\/oslo\/#website\",\"url\":\"https:\/\/hoyre.no\/oslo\/\",\"name\":\"Oslo H\u00f8yre\",\"description\":\"\",\"publisher\":{\"@id\":\"https:\/\/hoyre.no\/oslo\/#organization\"},\"inLanguage\":\"nb-NO\"},{\"@type\":\"Organization\",\"@id\":\"https:\/\/hoyre.no\/oslo\/#organization\",\"name\":\"Oslo H\u00f8yre\",\"url\":\"https:\/\/hoyre.no\/oslo\/\",\"logo\":{\"@type\":\"ImageObject\",\"inLanguage\":\"nb-NO\",\"@id\":\"https:\/\/hoyre.no\/oslo\/#\/schema\/logo\/image\/\",\"url\":\"https:\/\/hoyre.no\/content\/uploads\/sites\/408\/2022\/11\/Hoyres-logo.png\",\"contentUrl\":\"https:\/\/hoyre.no\/content\/uploads\/sites\/408\/2022\/11\/Hoyres-logo.png\",\"width\":1000,\"height\":1000,\"caption\":\"Oslo H\u00f8yre\"},\"image\":{\"@id\":\"https:\/\/hoyre.no\/oslo\/#\/schema\/logo\/image\/\"},\"sameAs\":[\"https:\/\/www.facebook.com\/oslo.hoyre\"]}]}<\/script>\n<!-- \/ Yoast SEO Premium plugin. -->","yoast_head_json":{"title":"Ulike elever, like muligheter - Oslo H\u00f8yre","robots":{"index":"index","follow":"follow","max-snippet":"max-snippet:-1","max-image-preview":"max-image-preview:large","max-video-preview":"max-video-preview:-1"},"canonical":"https:\/\/hoyre.no\/oslo\/aktuelt\/ulike-elever-like-muligheter\/","og_locale":"nb_NO","og_type":"article","og_title":"Ulike elever, like muligheter","og_url":"https:\/\/hoyre.no\/oslo\/aktuelt\/ulike-elever-like-muligheter\/","og_site_name":"Oslo H\u00f8yre","article_publisher":"https:\/\/www.facebook.com\/oslo.hoyre","article_published_time":"2013-08-23T12:48:28+00:00","article_modified_time":"2022-09-26T13:06:53+00:00","og_image":[{"width":1024,"height":361,"url":"https:\/\/hoyre.no\/content\/uploads\/sites\/408\/2022\/09\/Elever-klasserom.jpg","type":"image\/jpeg"}],"twitter_card":"summary_large_image","twitter_misc":{"Ansl. lesetid":"4 minutter"},"schema":{"@context":"https:\/\/schema.org","@graph":[{"@type":"Article","@id":"https:\/\/hoyre.no\/oslo\/aktuelt\/ulike-elever-like-muligheter\/#article","isPartOf":{"@id":"https:\/\/hoyre.no\/oslo\/aktuelt\/ulike-elever-like-muligheter\/"},"author":{"name":"","@id":""},"headline":"Ulike elever, like muligheter","datePublished":"2013-08-23T12:48:28+00:00","dateModified":"2022-09-26T13:06:53+00:00","mainEntityOfPage":{"@id":"https:\/\/hoyre.no\/oslo\/aktuelt\/ulike-elever-like-muligheter\/"},"wordCount":784,"publisher":{"@id":"https:\/\/hoyre.no\/oslo\/#organization"},"image":{"@id":"https:\/\/hoyre.no\/oslo\/aktuelt\/ulike-elever-like-muligheter\/#primaryimage"},"thumbnailUrl":"https:\/\/hoyre.no\/content\/uploads\/sites\/408\/2022\/09\/Elever-klasserom.jpg","articleSection":["Nyheter"],"inLanguage":"nb-NO"},{"@type":"NewsArticle","@id":"https:\/\/hoyre.no\/oslo\/aktuelt\/ulike-elever-like-muligheter\/","url":"https:\/\/hoyre.no\/oslo\/aktuelt\/ulike-elever-like-muligheter\/","name":"Ulike elever, like muligheter - Oslo H\u00f8yre","isPartOf":{"@id":"https:\/\/hoyre.no\/oslo\/#website"},"image":{"@id":"https:\/\/hoyre.no\/oslo\/aktuelt\/ulike-elever-like-muligheter\/#primaryimage"},"thumbnailUrl":"https:\/\/hoyre.no\/content\/uploads\/sites\/408\/2022\/09\/Elever-klasserom.jpg","datePublished":"2013-08-23T12:48:28+00:00","dateModified":"2022-09-26T13:06:53+00:00","breadcrumb":{"@id":"https:\/\/hoyre.no\/oslo\/aktuelt\/ulike-elever-like-muligheter\/#breadcrumb"},"inLanguage":"nb-NO","potentialAction":[{"@type":"ReadAction","target":["https:\/\/hoyre.no\/oslo\/aktuelt\/ulike-elever-like-muligheter\/"]}]},{"@type":"ImageObject","inLanguage":"nb-NO","@id":"https:\/\/hoyre.no\/oslo\/aktuelt\/ulike-elever-like-muligheter\/#primaryimage","url":"https:\/\/hoyre.no\/content\/uploads\/sites\/408\/2022\/09\/Elever-klasserom.jpg","contentUrl":"https:\/\/hoyre.no\/content\/uploads\/sites\/408\/2022\/09\/Elever-klasserom.jpg","width":1024,"height":361,"caption":"Elever"},{"@type":"BreadcrumbList","@id":"https:\/\/hoyre.no\/oslo\/aktuelt\/ulike-elever-like-muligheter\/#breadcrumb","itemListElement":[{"@type":"ListItem","position":1,"name":"Til hoyre.no","item":"https:\/\/hoyre.no"},{"@type":"ListItem","position":2,"name":"Hjem","item":"https:\/\/hoyre.no\/oslo\/"},{"@type":"ListItem","position":3,"name":"Ulike elever, like muligheter"}]},{"@type":"WebSite","@id":"https:\/\/hoyre.no\/oslo\/#website","url":"https:\/\/hoyre.no\/oslo\/","name":"Oslo H\u00f8yre","description":"","publisher":{"@id":"https:\/\/hoyre.no\/oslo\/#organization"},"inLanguage":"nb-NO"},{"@type":"Organization","@id":"https:\/\/hoyre.no\/oslo\/#organization","name":"Oslo H\u00f8yre","url":"https:\/\/hoyre.no\/oslo\/","logo":{"@type":"ImageObject","inLanguage":"nb-NO","@id":"https:\/\/hoyre.no\/oslo\/#\/schema\/logo\/image\/","url":"https:\/\/hoyre.no\/content\/uploads\/sites\/408\/2022\/11\/Hoyres-logo.png","contentUrl":"https:\/\/hoyre.no\/content\/uploads\/sites\/408\/2022\/11\/Hoyres-logo.png","width":1000,"height":1000,"caption":"Oslo H\u00f8yre"},"image":{"@id":"https:\/\/hoyre.no\/oslo\/#\/schema\/logo\/image\/"},"sameAs":["https:\/\/www.facebook.com\/oslo.hoyre"]}]}},"distributor_meta":false,"distributor_terms":false,"distributor_media":false,"distributor_original_site_name":"Oslo H\u00f8yre","distributor_original_site_url":"https:\/\/hoyre.no\/oslo","push-errors":false,"_links":{"self":[{"href":"https:\/\/hoyre.no\/oslo\/wp-json\/wp\/v2\/posts\/1825","targetHints":{"allow":["GET"]}}],"collection":[{"href":"https:\/\/hoyre.no\/oslo\/wp-json\/wp\/v2\/posts"}],"about":[{"href":"https:\/\/hoyre.no\/oslo\/wp-json\/wp\/v2\/types\/post"}],"replies":[{"embeddable":true,"href":"https:\/\/hoyre.no\/oslo\/wp-json\/wp\/v2\/comments?post=1825"}],"version-history":[{"count":1,"href":"https:\/\/hoyre.no\/oslo\/wp-json\/wp\/v2\/posts\/1825\/revisions"}],"predecessor-version":[{"id":3004,"href":"https:\/\/hoyre.no\/oslo\/wp-json\/wp\/v2\/posts\/1825\/revisions\/3004"}],"wp:featuredmedia":[{"embeddable":true,"href":"https:\/\/hoyre.no\/oslo\/wp-json\/wp\/v2\/media\/1526"}],"wp:attachment":[{"href":"https:\/\/hoyre.no\/oslo\/wp-json\/wp\/v2\/media?parent=1825"}],"wp:term":[{"taxonomy":"category","embeddable":true,"href":"https:\/\/hoyre.no\/oslo\/wp-json\/wp\/v2\/category?post=1825"},{"taxonomy":"post_tag","embeddable":true,"href":"https:\/\/hoyre.no\/oslo\/wp-json\/wp\/v2\/post_tag?post=1825"},{"taxonomy":"hoyre-visibility","embeddable":true,"href":"https:\/\/hoyre.no\/oslo\/wp-json\/wp\/v2\/hoyre-visibility?post=1825"},{"taxonomy":"article-type","embeddable":true,"href":"https:\/\/hoyre.no\/oslo\/wp-json\/wp\/v2\/article-type?post=1825"},{"taxonomy":"politician","embeddable":true,"href":"https:\/\/hoyre.no\/oslo\/wp-json\/wp\/v2\/politician?post=1825"}],"curies":[{"name":"wp","href":"https:\/\/api.w.org\/{rel}","templated":true}]}}