{"id":1826,"date":"2013-08-23T12:00:47","date_gmt":"2013-08-23T12:00:47","guid":{"rendered":"https:\/\/hoyre.no\/oslo\/aktuelt\/fugellis-frykt\/"},"modified":"2022-09-26T15:06:53","modified_gmt":"2022-09-26T13:06:53","slug":"fugellis-frykt","status":"publish","type":"post","link":"https:\/\/hoyre.no\/oslo\/aktuelt\/fugellis-frykt\/","title":{"rendered":"Fugellis frykt"},"content":{"rendered":"<figure class=\"hoyre-image-wrapper\"><div class=\"hoyre-image\"><img loading=\"lazy\" decoding=\"async\" width=\"1024\" height=\"361\" src=\"https:\/\/hoyre.no\/content\/uploads\/sites\/408\/2022\/09\/Elever-klasserom.jpg\" class=\"attachment-scaled size-scaled\" alt=\"Elever\" style=\"object-position: 50% 50%\" srcset=\"https:\/\/hoyre.no\/content\/uploads\/sites\/408\/2022\/09\/Elever-klasserom.jpg 1024w, https:\/\/hoyre.no\/content\/uploads\/sites\/408\/2022\/09\/Elever-klasserom-300x106.jpg 300w, https:\/\/hoyre.no\/content\/uploads\/sites\/408\/2022\/09\/Elever-klasserom-768x271.jpg 768w\" sizes=\"auto, (max-width: 1024px) 100vw, 1024px\" \/><\/div><\/figure><div id=\"hoyre-old-article-content-wrapper\"><p>Per Fugelli har \u00e5penbart kastet seg inn i valgkampen for fortsatt r\u00f8dgr\u00f8nn regjering.<\/p><p><em>Skrevet sammen med <a title=\"Mudassar Kapur\" href=\"https:\/\/www.oslohoyre.no\/kandidater\/mudassar-kapur\/\">Mudassar Kapur.<\/a><br \/><\/em><\/p><p>F\u00f8rst i Aftenposten 18.august, hvor han presenterer en karikatur av H\u00f8yre som et egoist-parti og kommer med en rekke feilaktige p\u00e5stander om h\u00f8yresidens bidrag til velferdsstaten. S\u00e5 i VG 20.august hvor han tar enda kraftigere i, og anklager H\u00f8yre for \u00e5 ville bringe rasister til kongens bord. Rasistene er i Per Fugellis \u00f8yne Fremskrittspartiet. Rasismeanklager er imidlertid er ikke er ikke noe nytt fra Fugelli, i mai 2013 uttalte han til NRK at den r\u00f8dgr\u00f8nne regjeringens tiltaksplan mot tigging representerte \u201cen s\u00e5 stygg diskriminering at det ikke kan kalles annet enn grov rasisme.\u201d<\/p><p><strong>Fremmedfiendtlige<\/strong><\/p><p>N\u00e5r Fugelli putter FrP i b\u00e5s med fremmedfiendtlige partier i Europa, har han ikke st\u00f8tte i akademia. Forskning gjort p\u00e5 h\u00f8yrepopulisme, av blant annet NRKs valgekspert Anders R. Jupsk\u00e5s og Ketil Raknes fra SV, plasserer FrP n\u00e6rmere de konservative partiene i Skandinavia.<\/p><p>Vi i H\u00f8yre vet at vi kan f\u00e5 til gode resultater basert p\u00e5 samarbeid av erfaring. Uavhengig av hvilke partier som har forvaltet det borgerlige flertallet i byr\u00e5det de siste seksten \u00e5r, har det v\u00e6rt basert p\u00e5 samarbeid mellom alle de fire ikke-sosialistiske partiene.<\/p><p><strong>Mangfoldig by<\/strong><\/p><p>Dette samtidig som vi hele tiden har jobbet aktivt med \u00e5 gj\u00f8re Oslo til den mangfoldige byen vi ser i dag. Sysselsettingsniv\u00e5et i minoritetsbefolkningen er over 60 % i Oslo, mot 55 % i Stockholm og 47 % i K\u00f8benhavn. Andelen som eier egen bolig er over 60 % i Oslo, mens den er under 50 % i Stockholm og under 40 % i K\u00f8benhavn. Andelen av minoritetsungdommen som tar h\u00f8yere utdanning i er st\u00f8rre i Oslo.<\/p><blockquote><p>Vi i H\u00f8yre vet at vi kan f\u00e5 til gode resultater basert p\u00e5 samarbeid av erfaring<\/p><\/blockquote><p><strong>Majoriteten<\/strong><\/p><p>Forskning ved UiO viser at unge voksne med minoritetsbakgrunn f\u00f8dt og oppvokst i Oslo, f\u00e5r arbeid i tr\u00e5d med utdanning i samme grad som majoriteten. Dette f\u00e5r vi til fordi vi har satset p\u00e5 gode spr\u00e5koppl\u00e6ringstilbud og introduksjonsprogram, en god skole og et godt og systematisk arbeid med arbeidskvalifisering og sysselsetting av innvandrere, og det finnes n\u00e5 gr\u00fcnderkurs p\u00e5 seks spr\u00e5k i byen v\u00e5r. Oslo har blant annet en boligpolitikk hvor stadig flere innvandrere gis mulighet til \u00e5 bli selveiere, spissede introduksjonsprogrammer for ulike innvandrergrupper og en skolepolitikk hvor innvandrere presterer like godt som etnisk norske. Vi legger vekt p\u00e5 \u00e5 sikre et mangfoldig og flerkulturelt kulturtilbud, bl.a. gjennom st\u00f8tte til Mela-festivalen og Nordic Black Theatre.<\/p><p><strong>Retten til \u00e5 v\u00e6re annerledes<\/strong><\/p><p>I tillegg har vi etablert OXLO \u2013 Oslo Extra Large, et verdidokument som sl\u00e5r fast at vi er borgere med ulik etnisk, kulturell og religi\u00f8s bakgrunn, og har alle de samme grunnleggende rettigheter, plikter og ansvar. Det borgerlig styrte Oslo har s\u00e6rskilte tiltak for spr\u00e5koppl\u00e6ring og kvalifisering av innvandrerkvinner i flere bydeler og kommunen har igangsatt samtaleveiledning i grupper for \u00e5 \u00f8ke forst\u00e5elsen av ulike utfordrende problemstillinger innvandrere m\u00f8ter p\u00e5 i det norske samfunn.<\/p><p>Like lite som H\u00f8yre vil gj\u00f8re det vanskelig \u00e5 st\u00e5 frem som homofil, vil en H\u00f8yreledet regjering st\u00e5 inne for en rasistisk politikk. Selv om Jo Benkow og Inge L\u00f8nning dessverre ikke lenger er blant oss, lever deres verdier videre i beste velg\u00e5ende i v\u00e5rt parti. Jo Benkows begrunnelse for \u00e5 velge H\u00f8yre, \u00abfordi det er det partiet som best sikrer meg retten til \u00e5 v\u00e6re annerledes\u00bb, er fortsatt gyldig.<\/p><p>Akkurat som p\u00e5 r\u00f8dgr\u00f8nn side, er det forskjeller p\u00e5 borgerlig side. Samtidig er de fire borgerlige partiene enige om at et borgerlig flertall skal gi en borgerlig regjering.<\/p><blockquote><p>Vi vil oppfordre Fugelli til \u00e5 slutte \u00e5 spre ubegrunnet frykt og anklage b\u00e5de r\u00f8dgr\u00f8nne og borgerlige velgere for \u00e5 v\u00e6re rasister<\/p><\/blockquote><p>Felles for de borgerlige partiene er troen p\u00e5 og respekten for individet og det frie valg. Vi vil oppfordre Fugelli til \u00e5 slutte \u00e5 spre ubegrunnet frykt og anklage b\u00e5de r\u00f8dgr\u00f8nne og borgerlige velgere for \u00e5 v\u00e6re rasister. 9. september er dagen velgerne forteller oss om de vil ha 12 \u00e5r med fortsatt r\u00f8dgr\u00f8nn regjering, eller en ny borgerlig regjering med nye ideer og bedre l\u00f8sninger. Frem til da oppfordrer vi til en edruelig debatt som opplyser, og ikke skremmer.<\/p><p><em>Dette innlegget stod p\u00e5 trykk i VG 23. 08.13<\/em><\/p><p><em>Foto: colourbox.com<\/em><\/p>\n<\/div>\n<div class=\"tags\">\n\t<\/div>\n<div class=\"post-footer alignfull has-background block-editor-block-list__block\" data-align=full>\n\t<div class=\"post-footer-inner\">\n\t\t<h3>Relaterte artikler<\/h3>\n\t\t<div class=\"related-content\"><div class=\"is-card-hoyre\">\n\t<div class=\"teft-card hoyre-teft-card post-teft-card\">\n\t\t<a href=\"https:\/\/hoyre.no\/oslo\/aktuelt\/mdg-moralismen-fornekter-seg-ikke\/\" class=\"teft-card__primary-action\">\n\n\t\t\t\t\t<div class=\"teft-card__media teft-card__media--16-9\">\n\t\t\t\t\t\t<img loading=\"lazy\" decoding=\"async\" width=\"768\" height=\"512\" src=\"https:\/\/hoyre.no\/content\/uploads\/sites\/408\/2024\/01\/QZQlxtOC-768x512.jpeg\" class=\"attachment-medium_large size-medium_large\" alt=\"Merete Agerbak-Jensen\" srcset=\"https:\/\/hoyre.no\/content\/uploads\/sites\/408\/2024\/01\/QZQlxtOC-768x512.jpeg 768w, https:\/\/hoyre.no\/content\/uploads\/sites\/408\/2024\/01\/QZQlxtOC-300x200.jpeg 300w, https:\/\/hoyre.no\/content\/uploads\/sites\/408\/2024\/01\/QZQlxtOC-1024x683.jpeg 1024w, https:\/\/hoyre.no\/content\/uploads\/sites\/408\/2024\/01\/QZQlxtOC-1536x1024.jpeg 1536w, https:\/\/hoyre.no\/content\/uploads\/sites\/408\/2024\/01\/QZQlxtOC-2048x1365.jpeg 2048w\" sizes=\"auto, (max-width: 768px) 100vw, 768px\" \/>\t\t<\/div>\n\t\t\n\t\t\t<div class=\"teft-card__content-wrapper\">\n\t\t\t\t<div class=\"teft-card__secondary\">\n\t\t\t\t\t\n\t\t\t\t\t\t\t\t<div class=\"teft-card__meta\">\n\t\t\t\t\t\t\t\t\t<span class=\"post-date\">23. apr 2026<\/span>\n\n\t\t\t\t\t\t\t\t\t\t\t\t\t\t\t\t\t<\/div>\n\t\t\t\t\t\t\t\t\t\t\t<\/div>\n\n\t\t\t\t<div class=\"teft-card__primary\">\n\t\t\t\t\t<h2 class=\"teft-card__title\">MDG-moralismen fornekter seg ikke&nbsp;<span class=\"teft-card__primary-title-append\"><\/span><\/h2>\t\t\t\t<\/div>\n\t\t\t<\/div>\n\t\t<\/a>\n\t<\/div>\n\n\t<\/div><div class=\"is-card-hoyre\">\n\t<div class=\"teft-card hoyre-teft-card post-teft-card\">\n\t\t<a href=\"https:\/\/hoyre.no\/oslo\/aktuelt\/raskere-og-enklere-a-bygge-boliger-og-skape-arbeidsplasser-i-oslo\/\" class=\"teft-card__primary-action\">\n\n\t\t\t\t\t<div class=\"teft-card__media teft-card__media--16-9\">\n\t\t\t\t\t\t<img loading=\"lazy\" decoding=\"async\" width=\"768\" height=\"576\" src=\"https:\/\/hoyre.no\/content\/uploads\/sites\/408\/2026\/04\/Eirik-Lae-Solberg-og-Anita-Leirvik-North-768x576.jpg\" class=\"attachment-medium_large size-medium_large\" alt=\"\" srcset=\"https:\/\/hoyre.no\/content\/uploads\/sites\/408\/2026\/04\/Eirik-Lae-Solberg-og-Anita-Leirvik-North-768x576.jpg 768w, https:\/\/hoyre.no\/content\/uploads\/sites\/408\/2026\/04\/Eirik-Lae-Solberg-og-Anita-Leirvik-North-300x225.jpg 300w, https:\/\/hoyre.no\/content\/uploads\/sites\/408\/2026\/04\/Eirik-Lae-Solberg-og-Anita-Leirvik-North.jpg 901w\" sizes=\"auto, (max-width: 768px) 100vw, 768px\" \/>\t\t<\/div>\n\t\t\n\t\t\t<div class=\"teft-card__content-wrapper\">\n\t\t\t\t<div class=\"teft-card__secondary\">\n\t\t\t\t\t\n\t\t\t\t\t\t\t\t<div class=\"teft-card__meta\">\n\t\t\t\t\t\t\t\t\t<span class=\"post-date\">14. apr 2026<\/span>\n\n\t\t\t\t\t\t\t\t\t<span class=\"post-category\">Har lagt frem ny KPA:<\/span>\t\t\t\t\t\t\t\t<\/div>\n\t\t\t\t\t\t\t\t\t\t\t<\/div>\n\n\t\t\t\t<div class=\"teft-card__primary\">\n\t\t\t\t\t<h2 class=\"teft-card__title\">Raskere og enklere \u00e5 bygge boliger og skape arbeidsplasser i Oslo&nbsp;<span class=\"teft-card__primary-title-append\"><\/span><\/h2>\t\t\t\t<\/div>\n\t\t\t<\/div>\n\t\t<\/a>\n\t<\/div>\n\n\t<\/div><div class=\"is-card-hoyre\">\n\t<div class=\"teft-card hoyre-teft-card post-teft-card\">\n\t\t<a href=\"https:\/\/hoyre.no\/oslo\/aktuelt\/bedre-elevresultater-og-en-skoleokonomi-i-balanse-med-blagront-byrad\/\" class=\"teft-card__primary-action\">\n\n\t\t\t\t\t<div class=\"teft-card__media teft-card__media--16-9\">\n\t\t\t\t\t\t<img loading=\"lazy\" decoding=\"async\" width=\"768\" height=\"512\" src=\"https:\/\/hoyre.no\/content\/uploads\/sites\/408\/2025\/05\/IMG_6440-768x512.jpeg\" class=\"attachment-medium_large size-medium_large\" alt=\"Julie Remen Midtgarden\" srcset=\"https:\/\/hoyre.no\/content\/uploads\/sites\/408\/2025\/05\/IMG_6440-768x512.jpeg 768w, https:\/\/hoyre.no\/content\/uploads\/sites\/408\/2025\/05\/IMG_6440-300x200.jpeg 300w, https:\/\/hoyre.no\/content\/uploads\/sites\/408\/2025\/05\/IMG_6440-1024x683.jpeg 1024w, https:\/\/hoyre.no\/content\/uploads\/sites\/408\/2025\/05\/IMG_6440-1536x1024.jpeg 1536w, https:\/\/hoyre.no\/content\/uploads\/sites\/408\/2025\/05\/IMG_6440-2048x1365.jpeg 2048w\" sizes=\"auto, (max-width: 768px) 100vw, 768px\" \/>\t\t<\/div>\n\t\t\n\t\t\t<div class=\"teft-card__content-wrapper\">\n\t\t\t\t<div class=\"teft-card__secondary\">\n\t\t\t\t\t\n\t\t\t\t\t\t\t\t<div class=\"teft-card__meta\">\n\t\t\t\t\t\t\t\t\t<span class=\"post-date\">26. mar 2026<\/span>\n\n\t\t\t\t\t\t\t\t\t\t\t\t\t\t\t\t\t<\/div>\n\t\t\t\t\t\t\t\t\t\t\t<\/div>\n\n\t\t\t\t<div class=\"teft-card__primary\">\n\t\t\t\t\t<h2 class=\"teft-card__title\">Bedre elevresultater og en skole\u00f8konomi i balanse med bl\u00e5gr\u00f8nt byr\u00e5d&nbsp;<span class=\"teft-card__primary-title-append\"><\/span><\/h2>\t\t\t\t<\/div>\n\t\t\t<\/div>\n\t\t<\/a>\n\t<\/div>\n\n\t<\/div><\/div>\t<\/div>\n<\/div>\n","protected":false},"excerpt":{"rendered":"","protected":false},"author":0,"featured_media":0,"comment_status":"closed","ping_status":"open","sticky":false,"template":"","format":"standard","meta":{"teft_cards_image_url":"","teft_cards_custom_pretitle":"","teft_cards_image_id":0,"teft_cards_image_focal_point_x":0,"teft_cards_image_focal_point_y":0,"teft_cards_title":"","teft_cards_excerpt":"","teft_show_chapters":false,"author_display_name":"Oslo H\u00f8yre","footnotes":""},"category":[1],"post_tag":[],"hoyre-visibility":[],"article-type":[],"politician":[],"class_list":["post-1826","post","type-post","status-publish","format-standard","hentry","category-nyheter"],"yoast_head":"<!-- This site is optimized with the Yoast SEO Premium plugin v26.5 (Yoast SEO v26.6) - https:\/\/yoast.com\/wordpress\/plugins\/seo\/ -->\n<title>Fugellis frykt - Oslo H\u00f8yre<\/title>\n<meta name=\"robots\" content=\"index, follow, max-snippet:-1, max-image-preview:large, max-video-preview:-1\" \/>\n<link rel=\"canonical\" href=\"https:\/\/hoyre.no\/oslo\/aktuelt\/fugellis-frykt\/\" \/>\n<meta property=\"og:locale\" content=\"nb_NO\" \/>\n<meta property=\"og:type\" content=\"article\" \/>\n<meta property=\"og:title\" content=\"Fugellis frykt\" \/>\n<meta property=\"og:url\" content=\"https:\/\/hoyre.no\/oslo\/aktuelt\/fugellis-frykt\/\" \/>\n<meta property=\"og:site_name\" content=\"Oslo H\u00f8yre\" \/>\n<meta property=\"article:publisher\" content=\"https:\/\/www.facebook.com\/oslo.hoyre\" \/>\n<meta property=\"article:published_time\" content=\"2013-08-23T12:00:47+00:00\" \/>\n<meta property=\"article:modified_time\" content=\"2022-09-26T13:06:53+00:00\" \/>\n<meta property=\"og:image\" content=\"https:\/\/hoyre.no\/content\/uploads\/sites\/408\/2022\/11\/Hoyres-logo.png\" \/>\n\t<meta property=\"og:image:width\" content=\"1000\" \/>\n\t<meta property=\"og:image:height\" content=\"1000\" \/>\n\t<meta property=\"og:image:type\" content=\"image\/png\" \/>\n<meta name=\"twitter:card\" content=\"summary_large_image\" \/>\n<meta name=\"twitter:label1\" content=\"Ansl. lesetid\" \/>\n\t<meta name=\"twitter:data1\" content=\"4 minutter\" \/>\n<script type=\"application\/ld+json\" class=\"yoast-schema-graph\">{\"@context\":\"https:\/\/schema.org\",\"@graph\":[{\"@type\":\"Article\",\"@id\":\"https:\/\/hoyre.no\/oslo\/aktuelt\/fugellis-frykt\/#article\",\"isPartOf\":{\"@id\":\"https:\/\/hoyre.no\/oslo\/aktuelt\/fugellis-frykt\/\"},\"author\":{\"name\":\"\",\"@id\":\"\"},\"headline\":\"Fugellis frykt\",\"datePublished\":\"2013-08-23T12:00:47+00:00\",\"dateModified\":\"2022-09-26T13:06:53+00:00\",\"mainEntityOfPage\":{\"@id\":\"https:\/\/hoyre.no\/oslo\/aktuelt\/fugellis-frykt\/\"},\"wordCount\":749,\"publisher\":{\"@id\":\"https:\/\/hoyre.no\/oslo\/#organization\"},\"articleSection\":[\"Nyheter\"],\"inLanguage\":\"nb-NO\"},{\"@type\":\"NewsArticle\",\"@id\":\"https:\/\/hoyre.no\/oslo\/aktuelt\/fugellis-frykt\/\",\"url\":\"https:\/\/hoyre.no\/oslo\/aktuelt\/fugellis-frykt\/\",\"name\":\"Fugellis frykt - Oslo H\u00f8yre\",\"isPartOf\":{\"@id\":\"https:\/\/hoyre.no\/oslo\/#website\"},\"datePublished\":\"2013-08-23T12:00:47+00:00\",\"dateModified\":\"2022-09-26T13:06:53+00:00\",\"breadcrumb\":{\"@id\":\"https:\/\/hoyre.no\/oslo\/aktuelt\/fugellis-frykt\/#breadcrumb\"},\"inLanguage\":\"nb-NO\",\"potentialAction\":[{\"@type\":\"ReadAction\",\"target\":[\"https:\/\/hoyre.no\/oslo\/aktuelt\/fugellis-frykt\/\"]}]},{\"@type\":\"BreadcrumbList\",\"@id\":\"https:\/\/hoyre.no\/oslo\/aktuelt\/fugellis-frykt\/#breadcrumb\",\"itemListElement\":[{\"@type\":\"ListItem\",\"position\":1,\"name\":\"Til hoyre.no\",\"item\":\"https:\/\/hoyre.no\"},{\"@type\":\"ListItem\",\"position\":2,\"name\":\"Hjem\",\"item\":\"https:\/\/hoyre.no\/oslo\/\"},{\"@type\":\"ListItem\",\"position\":3,\"name\":\"Fugellis frykt\"}]},{\"@type\":\"WebSite\",\"@id\":\"https:\/\/hoyre.no\/oslo\/#website\",\"url\":\"https:\/\/hoyre.no\/oslo\/\",\"name\":\"Oslo H\u00f8yre\",\"description\":\"\",\"publisher\":{\"@id\":\"https:\/\/hoyre.no\/oslo\/#organization\"},\"inLanguage\":\"nb-NO\"},{\"@type\":\"Organization\",\"@id\":\"https:\/\/hoyre.no\/oslo\/#organization\",\"name\":\"Oslo H\u00f8yre\",\"url\":\"https:\/\/hoyre.no\/oslo\/\",\"logo\":{\"@type\":\"ImageObject\",\"inLanguage\":\"nb-NO\",\"@id\":\"https:\/\/hoyre.no\/oslo\/#\/schema\/logo\/image\/\",\"url\":\"https:\/\/hoyre.no\/content\/uploads\/sites\/408\/2022\/11\/Hoyres-logo.png\",\"contentUrl\":\"https:\/\/hoyre.no\/content\/uploads\/sites\/408\/2022\/11\/Hoyres-logo.png\",\"width\":1000,\"height\":1000,\"caption\":\"Oslo H\u00f8yre\"},\"image\":{\"@id\":\"https:\/\/hoyre.no\/oslo\/#\/schema\/logo\/image\/\"},\"sameAs\":[\"https:\/\/www.facebook.com\/oslo.hoyre\"]}]}<\/script>\n<!-- \/ Yoast SEO Premium plugin. -->","yoast_head_json":{"title":"Fugellis frykt - Oslo H\u00f8yre","robots":{"index":"index","follow":"follow","max-snippet":"max-snippet:-1","max-image-preview":"max-image-preview:large","max-video-preview":"max-video-preview:-1"},"canonical":"https:\/\/hoyre.no\/oslo\/aktuelt\/fugellis-frykt\/","og_locale":"nb_NO","og_type":"article","og_title":"Fugellis frykt","og_url":"https:\/\/hoyre.no\/oslo\/aktuelt\/fugellis-frykt\/","og_site_name":"Oslo H\u00f8yre","article_publisher":"https:\/\/www.facebook.com\/oslo.hoyre","article_published_time":"2013-08-23T12:00:47+00:00","article_modified_time":"2022-09-26T13:06:53+00:00","og_image":[{"width":1000,"height":1000,"url":"https:\/\/hoyre.no\/content\/uploads\/sites\/408\/2022\/11\/Hoyres-logo.png","type":"image\/png"}],"twitter_card":"summary_large_image","twitter_misc":{"Ansl. lesetid":"4 minutter"},"schema":{"@context":"https:\/\/schema.org","@graph":[{"@type":"Article","@id":"https:\/\/hoyre.no\/oslo\/aktuelt\/fugellis-frykt\/#article","isPartOf":{"@id":"https:\/\/hoyre.no\/oslo\/aktuelt\/fugellis-frykt\/"},"author":{"name":"","@id":""},"headline":"Fugellis frykt","datePublished":"2013-08-23T12:00:47+00:00","dateModified":"2022-09-26T13:06:53+00:00","mainEntityOfPage":{"@id":"https:\/\/hoyre.no\/oslo\/aktuelt\/fugellis-frykt\/"},"wordCount":749,"publisher":{"@id":"https:\/\/hoyre.no\/oslo\/#organization"},"articleSection":["Nyheter"],"inLanguage":"nb-NO"},{"@type":"NewsArticle","@id":"https:\/\/hoyre.no\/oslo\/aktuelt\/fugellis-frykt\/","url":"https:\/\/hoyre.no\/oslo\/aktuelt\/fugellis-frykt\/","name":"Fugellis frykt - Oslo H\u00f8yre","isPartOf":{"@id":"https:\/\/hoyre.no\/oslo\/#website"},"datePublished":"2013-08-23T12:00:47+00:00","dateModified":"2022-09-26T13:06:53+00:00","breadcrumb":{"@id":"https:\/\/hoyre.no\/oslo\/aktuelt\/fugellis-frykt\/#breadcrumb"},"inLanguage":"nb-NO","potentialAction":[{"@type":"ReadAction","target":["https:\/\/hoyre.no\/oslo\/aktuelt\/fugellis-frykt\/"]}]},{"@type":"BreadcrumbList","@id":"https:\/\/hoyre.no\/oslo\/aktuelt\/fugellis-frykt\/#breadcrumb","itemListElement":[{"@type":"ListItem","position":1,"name":"Til hoyre.no","item":"https:\/\/hoyre.no"},{"@type":"ListItem","position":2,"name":"Hjem","item":"https:\/\/hoyre.no\/oslo\/"},{"@type":"ListItem","position":3,"name":"Fugellis frykt"}]},{"@type":"WebSite","@id":"https:\/\/hoyre.no\/oslo\/#website","url":"https:\/\/hoyre.no\/oslo\/","name":"Oslo H\u00f8yre","description":"","publisher":{"@id":"https:\/\/hoyre.no\/oslo\/#organization"},"inLanguage":"nb-NO"},{"@type":"Organization","@id":"https:\/\/hoyre.no\/oslo\/#organization","name":"Oslo H\u00f8yre","url":"https:\/\/hoyre.no\/oslo\/","logo":{"@type":"ImageObject","inLanguage":"nb-NO","@id":"https:\/\/hoyre.no\/oslo\/#\/schema\/logo\/image\/","url":"https:\/\/hoyre.no\/content\/uploads\/sites\/408\/2022\/11\/Hoyres-logo.png","contentUrl":"https:\/\/hoyre.no\/content\/uploads\/sites\/408\/2022\/11\/Hoyres-logo.png","width":1000,"height":1000,"caption":"Oslo H\u00f8yre"},"image":{"@id":"https:\/\/hoyre.no\/oslo\/#\/schema\/logo\/image\/"},"sameAs":["https:\/\/www.facebook.com\/oslo.hoyre"]}]}},"distributor_meta":false,"distributor_terms":false,"distributor_media":false,"distributor_original_site_name":"Oslo H\u00f8yre","distributor_original_site_url":"https:\/\/hoyre.no\/oslo","push-errors":false,"_links":{"self":[{"href":"https:\/\/hoyre.no\/oslo\/wp-json\/wp\/v2\/posts\/1826","targetHints":{"allow":["GET"]}}],"collection":[{"href":"https:\/\/hoyre.no\/oslo\/wp-json\/wp\/v2\/posts"}],"about":[{"href":"https:\/\/hoyre.no\/oslo\/wp-json\/wp\/v2\/types\/post"}],"replies":[{"embeddable":true,"href":"https:\/\/hoyre.no\/oslo\/wp-json\/wp\/v2\/comments?post=1826"}],"version-history":[{"count":1,"href":"https:\/\/hoyre.no\/oslo\/wp-json\/wp\/v2\/posts\/1826\/revisions"}],"predecessor-version":[{"id":3005,"href":"https:\/\/hoyre.no\/oslo\/wp-json\/wp\/v2\/posts\/1826\/revisions\/3005"}],"wp:attachment":[{"href":"https:\/\/hoyre.no\/oslo\/wp-json\/wp\/v2\/media?parent=1826"}],"wp:term":[{"taxonomy":"category","embeddable":true,"href":"https:\/\/hoyre.no\/oslo\/wp-json\/wp\/v2\/category?post=1826"},{"taxonomy":"post_tag","embeddable":true,"href":"https:\/\/hoyre.no\/oslo\/wp-json\/wp\/v2\/post_tag?post=1826"},{"taxonomy":"hoyre-visibility","embeddable":true,"href":"https:\/\/hoyre.no\/oslo\/wp-json\/wp\/v2\/hoyre-visibility?post=1826"},{"taxonomy":"article-type","embeddable":true,"href":"https:\/\/hoyre.no\/oslo\/wp-json\/wp\/v2\/article-type?post=1826"},{"taxonomy":"politician","embeddable":true,"href":"https:\/\/hoyre.no\/oslo\/wp-json\/wp\/v2\/politician?post=1826"}],"curies":[{"name":"wp","href":"https:\/\/api.w.org\/{rel}","templated":true}]}}