{"id":1827,"date":"2013-08-23T11:26:07","date_gmt":"2013-08-23T09:26:07","guid":{"rendered":"https:\/\/hoyre.no\/oslo\/aktuelt\/arbeid-og-verdighet\/"},"modified":"2022-09-26T15:06:54","modified_gmt":"2022-09-26T13:06:54","slug":"arbeid-og-verdighet","status":"publish","type":"post","link":"https:\/\/hoyre.no\/oslo\/aktuelt\/arbeid-og-verdighet\/","title":{"rendered":"Arbeid og verdighet"},"content":{"rendered":"<figure class=\"hoyre-image-wrapper\"><div class=\"hoyre-image\"><img loading=\"lazy\" decoding=\"async\" width=\"1024\" height=\"361\" src=\"https:\/\/hoyre.no\/content\/uploads\/sites\/408\/2022\/09\/Elever-klasserom.jpg\" class=\"attachment-scaled size-scaled\" alt=\"Elever\" style=\"object-position: 50% 50%\" srcset=\"https:\/\/hoyre.no\/content\/uploads\/sites\/408\/2022\/09\/Elever-klasserom.jpg 1024w, https:\/\/hoyre.no\/content\/uploads\/sites\/408\/2022\/09\/Elever-klasserom-300x106.jpg 300w, https:\/\/hoyre.no\/content\/uploads\/sites\/408\/2022\/09\/Elever-klasserom-768x271.jpg 768w\" sizes=\"auto, (max-width: 1024px) 100vw, 1024px\" \/><\/div><\/figure><div id=\"hoyre-old-article-content-wrapper\"><p>I politikken diskuteres gjerne eldre kun som en utgiftspost, med en debatt som sentrerer rundt sykehjem, hjemmetjenester og retten til en verdig avslutning p\u00e5 livet.<\/p><p>Dette er en h\u00f8yst mangelfull beskrivelse. Mennesker som har f\u00f8dselsdato f\u00f8r 1950 er s\u00e5 mye mer enn en fremtidig sykehjemsplass og dette nedlatende begrepet \u201c i livets avsluttende fase\u201d. En stadig friskere eldrebefolkning kan bidra, og som prediksjonene viser; Norges fremtidige \u00f8konomi er avhengig av det. Tankesmien Civita ga nylig ut et notat om framtidas eldre. Her er det beregnet at hvis man framover \u00f8ker den reelle avgangsalderen fra arbeidslivet med ett \u00e5r hvert femte kalender\u00e5r, f\u00e5r den norske \u00f8konomien tilf\u00f8rt 125 000 flere sysselsatte fram mot 2040.<\/p><p>Det er alts\u00e5 solide \u00f8konomiske grunner til at eldre b\u00f8r behandles som en ressurs. Men hovedgrunnen til at jeg \u00f8nsker at eldre i den politiske debatten skal omtales annerledes er faktisk at vi ser ut til \u00e5 ha glemt arbeidets verdi. \u00c5 v\u00e6re i arbeid gj\u00f8r nemlig noe med selvf\u00f8lelsen. Det gir en identitet og bevarer den sosiale m\u00f8teplassen. Hvis dette ikke var tilfelle, hvorfor i all verden er det ellers slik at Lotto-mangemillion\u00e6rer fortsetter \u00e5 jobbe selv om de ikke beh\u00f8ver?<\/p><p>Utenforskapet som unge arbeidsledige opplever og de negative konsekvenser dette medf\u00f8rer diskuteres jevnlig, men er det noen grunn til \u00e5 tro at dette er annerledes for eldre? Folkehelseinstituttet viste i 2011 at det er mangelfull kunnskap om eldres psykisk helse, men basert p\u00e5 de unders\u00f8kelser som er gjort kom de samtidig frem til at om lag 4 &#8211; 8 % av eldre over 65 \u00e5r kan lide av alvorlig depresjon, mens om lag 25 -35 % kan ha depressive plager. Samtidig vet vi at en mengde studier viser at arbeid faktisk er bra for helsen, og langt \u00e5 foretrekke fremfor arbeidsledighet. \u00c5 lage et lovverk som gir eldre mulighet til \u00e5 st\u00e5 lenger i arbeid, og samtidig at arbeidsgiverne begynner \u00e5 anse det som naturlig, vil trolig bedre trivselen for en stor gruppe eldre.<\/p><p>Selv er jeg professor i psykiatri. Men siden jeg n\u00e5 er passert 75 \u00e5r, f\u00e5r jeg ikke lenger lov til \u00e5 ha pasienter. Om jeg derimot kaller meg &laquo;coach\u201d, kan jeg gj\u00f8re konsultasjoner. I utgangspunktet er jeg alts\u00e5 n\u00e5 pensjonist. \u201cS\u00e5 du er pensjonist? Lager du mye god mat? Reiser du mye?\u201d, er vanlige sp\u00f8rsm\u00e5l \u00e5 f\u00e5 da. Man er liksom ikke noe lenger n\u00e5r man er pensjonist. P\u00e5 den andre siden former arbeid identiteten v\u00e5r, og gir p\u00e5 sitt beste de mest meningsfulle flytopplevelser.<\/p><p>Selvf\u00f8lelsen arbeid gir skal heller ikke undervurderes. Verdien av \u00e5 vite at \u201cjeg kan f\u00e5 til noen ting, jeg kan gj\u00f8re noe\u201d kjenner alle, og helt fra man er sm\u00e5 sier man \u201cjeg skal klare selv\u201d. Dette blir fratatt de eldre, de f\u00e5r ikke lov til \u00e5 gj\u00f8re det de er best p\u00e5. Den beste m\u00e5ten \u00e5 beholde helsen p\u00e5 fysisk og psykisk aktivitet, noe arbeidet gir mennesket en regelmessig mulighet til. Arbeidet gir ogs\u00e5 en sosial m\u00f8teplass, hvor man ikke bare treffer mennesker i sin egen aldersgruppe. Ute av arbeidslivet s\u00e5 henvises man til generelle m\u00f8teplasser for eldre. En m\u00e5te \u00e5 unng\u00e5 segregeringen som man har i samfunnet hvor aldersgrupper treffer andre aldersgrupper er nettopp arbeid.<\/p><p>Hvordan har det seg at vi fremdeles har et lovverk som bygger p\u00e5 industrisamfunnet, etablert p\u00e5 1960-tallet, samtidig som vi ser stadig friskere eldre? V\u00e5r oppgave som politikere er \u00e5 r\u00f8ske opp i det som er spinn hakkende galt, og dette er nettopp det. I perioden 2005-2015 blir det 165 000 flere mennesker mellom 60 til 69 \u00e5r. Om disse vil v\u00e6re yrkesaktive eller brukere av folketrygden, vil naturlig nok bety mye for landets \u00f8konomi.<\/p><p>Motforestillingen som ofte kommer n\u00e5r man legger trykk p\u00e5 verdien av arbeid og den verdigheten det gir, er at dette legger en ekstra un\u00f8dig belastning p\u00e5 dem som av ulike grunner st\u00e5r utenfor. Men hva som kom f\u00f8rst av arbeidsledighet og en psykisk lidelse er ikke alltid like klart. Men vi kan ikke tillate oss \u00e5 ikke si dette. \u00c5 s\u00f8rge for at syke f\u00e5r aksept og hjelp er fullt ut forenlig med \u00e5 poengtere arbeidets verdighetsgivende effekt. Et sivilisert samfunn skal naturligvis klare begge deler.<\/p><p>Vi vet at eldre holder seg friske lenger, at det ikke er automatikk i at man trenger assistanse n\u00e5r man fyller 75 \u00e5r og at teknologiske nyvinninger muliggj\u00f8r \u00f8kt selvstendighet i alderdommen. I dag har vi en rekke un\u00f8dige begrensninger, s\u00e6rlig i lovverket om aldersgrenser. Arbeidsgivere har rett til \u00e5 si opp arbeidstakere ved 70 \u00e5r uten n\u00e6rmere begrunnelse. I tillegg finnes en rekke lavere s\u00e6raldersgrenser i spesielle bransjer. Vi er n\u00f8dt til \u00e5 ta p\u00e5 alvor den stadig voksende gruppen av eldre som har lyst til \u00e5 st\u00e5 lenger i jobb, men som blir skj\u00f8vet ut p\u00e5 grunn av alder. Vi kan ikke akseptere en holdning til eldre og arbeid som sender en masse mennesker ut i un\u00f8dvendig arbeidsledighet.<\/p><p>Det er gledelig \u00e5 se at H\u00f8yres stortingsprogram har tatt eldre og arbeid p\u00e5 alvor. H\u00f8yre \u00f8nsker \u00e5 g\u00e5 igjennom alle aldersgrenser i lovverket for \u00e5 tilpasse dem til pensjonsreformen og sikre at vi ikke st\u00f8ter arbeidsf\u00f8re og arbeidsvillige eldre ut av arbeidslivet. I samarbeid med partene i arbeidslivet \u00f8nsker vi \u00e5 heve 70-\u00e5rsregelen i arbeidsmilj\u00f8loven og tjenestemannsloven til 75 \u00e5r, slik at lovene blir i samsvar med reglene for opptjening av pensjon. Vi skal selvsagt ikke frata folk en rettighet de har, men vi skal gi flere en rettighet de \u00f8nsker seg.<\/p><p>Men like viktig som \u00e5 endre loven, er en holdningsendring. Man er ikke \u201cferdig\u201d ved 65 \u00e5r. Denne holdningen tror jeg mange har, og som igjen p\u00e5virker 60-\u00e5ringer til selv \u00e5 tro at \u201cjaja, n\u00e5 er det vel snart p\u00e5 tide \u00e5 gi seg\u201d. Vi kan ikke ha et samfunn hvor fullt ut friske mennesker stempler ut n\u00e5r de har s\u00e5 mye mer \u00e5 gi.<\/p><p><em>Dette innlegget stod p\u00e5 trykk i i Dagsavisen 23.08.13<\/em><\/p><p><em>Foto. colourbox.com<\/em><\/p>\n<\/div>\n<div class=\"tags\">\n\t<\/div>\n<div class=\"post-footer alignfull has-background block-editor-block-list__block\" data-align=full>\n\t<div class=\"post-footer-inner\">\n\t\t<h3>Relaterte artikler<\/h3>\n\t\t<div class=\"related-content\"><div class=\"is-card-hoyre\">\n\t<div class=\"teft-card hoyre-teft-card post-teft-card\">\n\t\t<a href=\"https:\/\/hoyre.no\/oslo\/aktuelt\/mdg-moralismen-fornekter-seg-ikke\/\" class=\"teft-card__primary-action\">\n\n\t\t\t\t\t<div class=\"teft-card__media teft-card__media--16-9\">\n\t\t\t\t\t\t<img loading=\"lazy\" decoding=\"async\" width=\"768\" height=\"512\" src=\"https:\/\/hoyre.no\/content\/uploads\/sites\/408\/2024\/01\/QZQlxtOC-768x512.jpeg\" class=\"attachment-medium_large size-medium_large\" alt=\"Merete Agerbak-Jensen\" srcset=\"https:\/\/hoyre.no\/content\/uploads\/sites\/408\/2024\/01\/QZQlxtOC-768x512.jpeg 768w, https:\/\/hoyre.no\/content\/uploads\/sites\/408\/2024\/01\/QZQlxtOC-300x200.jpeg 300w, https:\/\/hoyre.no\/content\/uploads\/sites\/408\/2024\/01\/QZQlxtOC-1024x683.jpeg 1024w, https:\/\/hoyre.no\/content\/uploads\/sites\/408\/2024\/01\/QZQlxtOC-1536x1024.jpeg 1536w, https:\/\/hoyre.no\/content\/uploads\/sites\/408\/2024\/01\/QZQlxtOC-2048x1365.jpeg 2048w\" sizes=\"auto, (max-width: 768px) 100vw, 768px\" \/>\t\t<\/div>\n\t\t\n\t\t\t<div class=\"teft-card__content-wrapper\">\n\t\t\t\t<div class=\"teft-card__secondary\">\n\t\t\t\t\t\n\t\t\t\t\t\t\t\t<div class=\"teft-card__meta\">\n\t\t\t\t\t\t\t\t\t<span class=\"post-date\">23. apr 2026<\/span>\n\n\t\t\t\t\t\t\t\t\t\t\t\t\t\t\t\t\t<\/div>\n\t\t\t\t\t\t\t\t\t\t\t<\/div>\n\n\t\t\t\t<div class=\"teft-card__primary\">\n\t\t\t\t\t<h2 class=\"teft-card__title\">MDG-moralismen fornekter seg ikke&nbsp;<span class=\"teft-card__primary-title-append\"><\/span><\/h2>\t\t\t\t<\/div>\n\t\t\t<\/div>\n\t\t<\/a>\n\t<\/div>\n\n\t<\/div><div class=\"is-card-hoyre\">\n\t<div class=\"teft-card hoyre-teft-card post-teft-card\">\n\t\t<a href=\"https:\/\/hoyre.no\/oslo\/aktuelt\/raskere-og-enklere-a-bygge-boliger-og-skape-arbeidsplasser-i-oslo\/\" class=\"teft-card__primary-action\">\n\n\t\t\t\t\t<div class=\"teft-card__media teft-card__media--16-9\">\n\t\t\t\t\t\t<img loading=\"lazy\" decoding=\"async\" width=\"768\" height=\"576\" src=\"https:\/\/hoyre.no\/content\/uploads\/sites\/408\/2026\/04\/Eirik-Lae-Solberg-og-Anita-Leirvik-North-768x576.jpg\" class=\"attachment-medium_large size-medium_large\" alt=\"\" srcset=\"https:\/\/hoyre.no\/content\/uploads\/sites\/408\/2026\/04\/Eirik-Lae-Solberg-og-Anita-Leirvik-North-768x576.jpg 768w, https:\/\/hoyre.no\/content\/uploads\/sites\/408\/2026\/04\/Eirik-Lae-Solberg-og-Anita-Leirvik-North-300x225.jpg 300w, https:\/\/hoyre.no\/content\/uploads\/sites\/408\/2026\/04\/Eirik-Lae-Solberg-og-Anita-Leirvik-North.jpg 901w\" sizes=\"auto, (max-width: 768px) 100vw, 768px\" \/>\t\t<\/div>\n\t\t\n\t\t\t<div class=\"teft-card__content-wrapper\">\n\t\t\t\t<div class=\"teft-card__secondary\">\n\t\t\t\t\t\n\t\t\t\t\t\t\t\t<div class=\"teft-card__meta\">\n\t\t\t\t\t\t\t\t\t<span class=\"post-date\">14. apr 2026<\/span>\n\n\t\t\t\t\t\t\t\t\t<span class=\"post-category\">Har lagt frem ny KPA:<\/span>\t\t\t\t\t\t\t\t<\/div>\n\t\t\t\t\t\t\t\t\t\t\t<\/div>\n\n\t\t\t\t<div class=\"teft-card__primary\">\n\t\t\t\t\t<h2 class=\"teft-card__title\">Raskere og enklere \u00e5 bygge boliger og skape arbeidsplasser i Oslo&nbsp;<span class=\"teft-card__primary-title-append\"><\/span><\/h2>\t\t\t\t<\/div>\n\t\t\t<\/div>\n\t\t<\/a>\n\t<\/div>\n\n\t<\/div><div class=\"is-card-hoyre\">\n\t<div class=\"teft-card hoyre-teft-card post-teft-card\">\n\t\t<a href=\"https:\/\/hoyre.no\/oslo\/aktuelt\/bedre-elevresultater-og-en-skoleokonomi-i-balanse-med-blagront-byrad\/\" class=\"teft-card__primary-action\">\n\n\t\t\t\t\t<div class=\"teft-card__media teft-card__media--16-9\">\n\t\t\t\t\t\t<img loading=\"lazy\" decoding=\"async\" width=\"768\" height=\"512\" src=\"https:\/\/hoyre.no\/content\/uploads\/sites\/408\/2025\/05\/IMG_6440-768x512.jpeg\" class=\"attachment-medium_large size-medium_large\" alt=\"Julie Remen Midtgarden\" srcset=\"https:\/\/hoyre.no\/content\/uploads\/sites\/408\/2025\/05\/IMG_6440-768x512.jpeg 768w, https:\/\/hoyre.no\/content\/uploads\/sites\/408\/2025\/05\/IMG_6440-300x200.jpeg 300w, https:\/\/hoyre.no\/content\/uploads\/sites\/408\/2025\/05\/IMG_6440-1024x683.jpeg 1024w, https:\/\/hoyre.no\/content\/uploads\/sites\/408\/2025\/05\/IMG_6440-1536x1024.jpeg 1536w, https:\/\/hoyre.no\/content\/uploads\/sites\/408\/2025\/05\/IMG_6440-2048x1365.jpeg 2048w\" sizes=\"auto, (max-width: 768px) 100vw, 768px\" \/>\t\t<\/div>\n\t\t\n\t\t\t<div class=\"teft-card__content-wrapper\">\n\t\t\t\t<div class=\"teft-card__secondary\">\n\t\t\t\t\t\n\t\t\t\t\t\t\t\t<div class=\"teft-card__meta\">\n\t\t\t\t\t\t\t\t\t<span class=\"post-date\">26. mar 2026<\/span>\n\n\t\t\t\t\t\t\t\t\t\t\t\t\t\t\t\t\t<\/div>\n\t\t\t\t\t\t\t\t\t\t\t<\/div>\n\n\t\t\t\t<div class=\"teft-card__primary\">\n\t\t\t\t\t<h2 class=\"teft-card__title\">Bedre elevresultater og en skole\u00f8konomi i balanse med bl\u00e5gr\u00f8nt byr\u00e5d&nbsp;<span class=\"teft-card__primary-title-append\"><\/span><\/h2>\t\t\t\t<\/div>\n\t\t\t<\/div>\n\t\t<\/a>\n\t<\/div>\n\n\t<\/div><\/div>\t<\/div>\n<\/div>\n","protected":false},"excerpt":{"rendered":"","protected":false},"author":0,"featured_media":0,"comment_status":"closed","ping_status":"open","sticky":false,"template":"","format":"standard","meta":{"teft_cards_image_url":"","teft_cards_custom_pretitle":"","teft_cards_image_id":0,"teft_cards_image_focal_point_x":0,"teft_cards_image_focal_point_y":0,"teft_cards_title":"","teft_cards_excerpt":"","teft_show_chapters":false,"author_display_name":"Oslo H\u00f8yre","footnotes":""},"category":[1],"post_tag":[],"hoyre-visibility":[],"article-type":[],"politician":[],"class_list":["post-1827","post","type-post","status-publish","format-standard","hentry","category-nyheter"],"yoast_head":"<!-- This site is optimized with the Yoast SEO Premium plugin v26.5 (Yoast SEO v26.6) - https:\/\/yoast.com\/wordpress\/plugins\/seo\/ -->\n<title>Arbeid og verdighet - Oslo H\u00f8yre<\/title>\n<meta name=\"robots\" content=\"index, follow, max-snippet:-1, max-image-preview:large, max-video-preview:-1\" \/>\n<link rel=\"canonical\" href=\"https:\/\/hoyre.no\/oslo\/aktuelt\/arbeid-og-verdighet\/\" \/>\n<meta property=\"og:locale\" content=\"nb_NO\" \/>\n<meta property=\"og:type\" content=\"article\" \/>\n<meta property=\"og:title\" content=\"Arbeid og verdighet\" \/>\n<meta property=\"og:url\" content=\"https:\/\/hoyre.no\/oslo\/aktuelt\/arbeid-og-verdighet\/\" \/>\n<meta property=\"og:site_name\" content=\"Oslo H\u00f8yre\" \/>\n<meta property=\"article:publisher\" content=\"https:\/\/www.facebook.com\/oslo.hoyre\" \/>\n<meta property=\"article:published_time\" content=\"2013-08-23T09:26:07+00:00\" \/>\n<meta property=\"article:modified_time\" content=\"2022-09-26T13:06:54+00:00\" \/>\n<meta property=\"og:image\" content=\"https:\/\/hoyre.no\/content\/uploads\/sites\/408\/2022\/11\/Hoyres-logo.png\" \/>\n\t<meta property=\"og:image:width\" content=\"1000\" \/>\n\t<meta property=\"og:image:height\" content=\"1000\" \/>\n\t<meta property=\"og:image:type\" content=\"image\/png\" \/>\n<meta name=\"twitter:card\" content=\"summary_large_image\" \/>\n<meta name=\"twitter:label1\" content=\"Ansl. lesetid\" \/>\n\t<meta name=\"twitter:data1\" content=\"5 minutter\" \/>\n<script type=\"application\/ld+json\" class=\"yoast-schema-graph\">{\"@context\":\"https:\/\/schema.org\",\"@graph\":[{\"@type\":\"Article\",\"@id\":\"https:\/\/hoyre.no\/oslo\/aktuelt\/arbeid-og-verdighet\/#article\",\"isPartOf\":{\"@id\":\"https:\/\/hoyre.no\/oslo\/aktuelt\/arbeid-og-verdighet\/\"},\"author\":{\"name\":\"\",\"@id\":\"\"},\"headline\":\"Arbeid og verdighet\",\"datePublished\":\"2013-08-23T09:26:07+00:00\",\"dateModified\":\"2022-09-26T13:06:54+00:00\",\"mainEntityOfPage\":{\"@id\":\"https:\/\/hoyre.no\/oslo\/aktuelt\/arbeid-og-verdighet\/\"},\"wordCount\":1004,\"publisher\":{\"@id\":\"https:\/\/hoyre.no\/oslo\/#organization\"},\"articleSection\":[\"Nyheter\"],\"inLanguage\":\"nb-NO\"},{\"@type\":\"NewsArticle\",\"@id\":\"https:\/\/hoyre.no\/oslo\/aktuelt\/arbeid-og-verdighet\/\",\"url\":\"https:\/\/hoyre.no\/oslo\/aktuelt\/arbeid-og-verdighet\/\",\"name\":\"Arbeid og verdighet - Oslo H\u00f8yre\",\"isPartOf\":{\"@id\":\"https:\/\/hoyre.no\/oslo\/#website\"},\"datePublished\":\"2013-08-23T09:26:07+00:00\",\"dateModified\":\"2022-09-26T13:06:54+00:00\",\"breadcrumb\":{\"@id\":\"https:\/\/hoyre.no\/oslo\/aktuelt\/arbeid-og-verdighet\/#breadcrumb\"},\"inLanguage\":\"nb-NO\",\"potentialAction\":[{\"@type\":\"ReadAction\",\"target\":[\"https:\/\/hoyre.no\/oslo\/aktuelt\/arbeid-og-verdighet\/\"]}]},{\"@type\":\"BreadcrumbList\",\"@id\":\"https:\/\/hoyre.no\/oslo\/aktuelt\/arbeid-og-verdighet\/#breadcrumb\",\"itemListElement\":[{\"@type\":\"ListItem\",\"position\":1,\"name\":\"Til hoyre.no\",\"item\":\"https:\/\/hoyre.no\"},{\"@type\":\"ListItem\",\"position\":2,\"name\":\"Hjem\",\"item\":\"https:\/\/hoyre.no\/oslo\/\"},{\"@type\":\"ListItem\",\"position\":3,\"name\":\"Arbeid og verdighet\"}]},{\"@type\":\"WebSite\",\"@id\":\"https:\/\/hoyre.no\/oslo\/#website\",\"url\":\"https:\/\/hoyre.no\/oslo\/\",\"name\":\"Oslo H\u00f8yre\",\"description\":\"\",\"publisher\":{\"@id\":\"https:\/\/hoyre.no\/oslo\/#organization\"},\"inLanguage\":\"nb-NO\"},{\"@type\":\"Organization\",\"@id\":\"https:\/\/hoyre.no\/oslo\/#organization\",\"name\":\"Oslo H\u00f8yre\",\"url\":\"https:\/\/hoyre.no\/oslo\/\",\"logo\":{\"@type\":\"ImageObject\",\"inLanguage\":\"nb-NO\",\"@id\":\"https:\/\/hoyre.no\/oslo\/#\/schema\/logo\/image\/\",\"url\":\"https:\/\/hoyre.no\/content\/uploads\/sites\/408\/2022\/11\/Hoyres-logo.png\",\"contentUrl\":\"https:\/\/hoyre.no\/content\/uploads\/sites\/408\/2022\/11\/Hoyres-logo.png\",\"width\":1000,\"height\":1000,\"caption\":\"Oslo H\u00f8yre\"},\"image\":{\"@id\":\"https:\/\/hoyre.no\/oslo\/#\/schema\/logo\/image\/\"},\"sameAs\":[\"https:\/\/www.facebook.com\/oslo.hoyre\"]}]}<\/script>\n<!-- \/ Yoast SEO Premium plugin. -->","yoast_head_json":{"title":"Arbeid og verdighet - Oslo H\u00f8yre","robots":{"index":"index","follow":"follow","max-snippet":"max-snippet:-1","max-image-preview":"max-image-preview:large","max-video-preview":"max-video-preview:-1"},"canonical":"https:\/\/hoyre.no\/oslo\/aktuelt\/arbeid-og-verdighet\/","og_locale":"nb_NO","og_type":"article","og_title":"Arbeid og verdighet","og_url":"https:\/\/hoyre.no\/oslo\/aktuelt\/arbeid-og-verdighet\/","og_site_name":"Oslo H\u00f8yre","article_publisher":"https:\/\/www.facebook.com\/oslo.hoyre","article_published_time":"2013-08-23T09:26:07+00:00","article_modified_time":"2022-09-26T13:06:54+00:00","og_image":[{"width":1000,"height":1000,"url":"https:\/\/hoyre.no\/content\/uploads\/sites\/408\/2022\/11\/Hoyres-logo.png","type":"image\/png"}],"twitter_card":"summary_large_image","twitter_misc":{"Ansl. lesetid":"5 minutter"},"schema":{"@context":"https:\/\/schema.org","@graph":[{"@type":"Article","@id":"https:\/\/hoyre.no\/oslo\/aktuelt\/arbeid-og-verdighet\/#article","isPartOf":{"@id":"https:\/\/hoyre.no\/oslo\/aktuelt\/arbeid-og-verdighet\/"},"author":{"name":"","@id":""},"headline":"Arbeid og verdighet","datePublished":"2013-08-23T09:26:07+00:00","dateModified":"2022-09-26T13:06:54+00:00","mainEntityOfPage":{"@id":"https:\/\/hoyre.no\/oslo\/aktuelt\/arbeid-og-verdighet\/"},"wordCount":1004,"publisher":{"@id":"https:\/\/hoyre.no\/oslo\/#organization"},"articleSection":["Nyheter"],"inLanguage":"nb-NO"},{"@type":"NewsArticle","@id":"https:\/\/hoyre.no\/oslo\/aktuelt\/arbeid-og-verdighet\/","url":"https:\/\/hoyre.no\/oslo\/aktuelt\/arbeid-og-verdighet\/","name":"Arbeid og verdighet - Oslo H\u00f8yre","isPartOf":{"@id":"https:\/\/hoyre.no\/oslo\/#website"},"datePublished":"2013-08-23T09:26:07+00:00","dateModified":"2022-09-26T13:06:54+00:00","breadcrumb":{"@id":"https:\/\/hoyre.no\/oslo\/aktuelt\/arbeid-og-verdighet\/#breadcrumb"},"inLanguage":"nb-NO","potentialAction":[{"@type":"ReadAction","target":["https:\/\/hoyre.no\/oslo\/aktuelt\/arbeid-og-verdighet\/"]}]},{"@type":"BreadcrumbList","@id":"https:\/\/hoyre.no\/oslo\/aktuelt\/arbeid-og-verdighet\/#breadcrumb","itemListElement":[{"@type":"ListItem","position":1,"name":"Til hoyre.no","item":"https:\/\/hoyre.no"},{"@type":"ListItem","position":2,"name":"Hjem","item":"https:\/\/hoyre.no\/oslo\/"},{"@type":"ListItem","position":3,"name":"Arbeid og verdighet"}]},{"@type":"WebSite","@id":"https:\/\/hoyre.no\/oslo\/#website","url":"https:\/\/hoyre.no\/oslo\/","name":"Oslo H\u00f8yre","description":"","publisher":{"@id":"https:\/\/hoyre.no\/oslo\/#organization"},"inLanguage":"nb-NO"},{"@type":"Organization","@id":"https:\/\/hoyre.no\/oslo\/#organization","name":"Oslo H\u00f8yre","url":"https:\/\/hoyre.no\/oslo\/","logo":{"@type":"ImageObject","inLanguage":"nb-NO","@id":"https:\/\/hoyre.no\/oslo\/#\/schema\/logo\/image\/","url":"https:\/\/hoyre.no\/content\/uploads\/sites\/408\/2022\/11\/Hoyres-logo.png","contentUrl":"https:\/\/hoyre.no\/content\/uploads\/sites\/408\/2022\/11\/Hoyres-logo.png","width":1000,"height":1000,"caption":"Oslo H\u00f8yre"},"image":{"@id":"https:\/\/hoyre.no\/oslo\/#\/schema\/logo\/image\/"},"sameAs":["https:\/\/www.facebook.com\/oslo.hoyre"]}]}},"distributor_meta":false,"distributor_terms":false,"distributor_media":false,"distributor_original_site_name":"Oslo H\u00f8yre","distributor_original_site_url":"https:\/\/hoyre.no\/oslo","push-errors":false,"_links":{"self":[{"href":"https:\/\/hoyre.no\/oslo\/wp-json\/wp\/v2\/posts\/1827","targetHints":{"allow":["GET"]}}],"collection":[{"href":"https:\/\/hoyre.no\/oslo\/wp-json\/wp\/v2\/posts"}],"about":[{"href":"https:\/\/hoyre.no\/oslo\/wp-json\/wp\/v2\/types\/post"}],"replies":[{"embeddable":true,"href":"https:\/\/hoyre.no\/oslo\/wp-json\/wp\/v2\/comments?post=1827"}],"version-history":[{"count":1,"href":"https:\/\/hoyre.no\/oslo\/wp-json\/wp\/v2\/posts\/1827\/revisions"}],"predecessor-version":[{"id":3006,"href":"https:\/\/hoyre.no\/oslo\/wp-json\/wp\/v2\/posts\/1827\/revisions\/3006"}],"wp:attachment":[{"href":"https:\/\/hoyre.no\/oslo\/wp-json\/wp\/v2\/media?parent=1827"}],"wp:term":[{"taxonomy":"category","embeddable":true,"href":"https:\/\/hoyre.no\/oslo\/wp-json\/wp\/v2\/category?post=1827"},{"taxonomy":"post_tag","embeddable":true,"href":"https:\/\/hoyre.no\/oslo\/wp-json\/wp\/v2\/post_tag?post=1827"},{"taxonomy":"hoyre-visibility","embeddable":true,"href":"https:\/\/hoyre.no\/oslo\/wp-json\/wp\/v2\/hoyre-visibility?post=1827"},{"taxonomy":"article-type","embeddable":true,"href":"https:\/\/hoyre.no\/oslo\/wp-json\/wp\/v2\/article-type?post=1827"},{"taxonomy":"politician","embeddable":true,"href":"https:\/\/hoyre.no\/oslo\/wp-json\/wp\/v2\/politician?post=1827"}],"curies":[{"name":"wp","href":"https:\/\/api.w.org\/{rel}","templated":true}]}}