{"id":1828,"date":"2013-08-22T14:11:55","date_gmt":"2013-08-22T14:11:55","guid":{"rendered":"https:\/\/hoyre.no\/oslo\/aktuelt\/fordommer-forkledd-som-solidaritet\/"},"modified":"2022-09-26T15:06:54","modified_gmt":"2022-09-26T13:06:54","slug":"fordommer-forkledd-som-solidaritet","status":"publish","type":"post","link":"https:\/\/hoyre.no\/oslo\/aktuelt\/fordommer-forkledd-som-solidaritet\/","title":{"rendered":"Fordommer forkledd som solidaritet"},"content":{"rendered":"<figure class=\"hoyre-image-wrapper\"><div class=\"hoyre-image\"><img loading=\"lazy\" decoding=\"async\" width=\"1024\" height=\"361\" src=\"https:\/\/hoyre.no\/content\/uploads\/sites\/408\/2022\/09\/Elever-klasserom.jpg\" class=\"attachment-scaled size-scaled\" alt=\"Elever\" style=\"object-position: 50% 50%\" srcset=\"https:\/\/hoyre.no\/content\/uploads\/sites\/408\/2022\/09\/Elever-klasserom.jpg 1024w, https:\/\/hoyre.no\/content\/uploads\/sites\/408\/2022\/09\/Elever-klasserom-300x106.jpg 300w, https:\/\/hoyre.no\/content\/uploads\/sites\/408\/2022\/09\/Elever-klasserom-768x271.jpg 768w\" sizes=\"auto, (max-width: 1024px) 100vw, 1024px\" \/><\/div><\/figure><div id=\"hoyre-old-article-content-wrapper\"><p>Frihetsbegrepet Fugelli tillegger h\u00f8yresiden er et forenklet og sv\u00e6rt karikert.<\/p><p><em>Skrevet sammen med Torbj\u00f8rn R\u00f8e Isaksen og Nils August Andresen<\/em><\/p><p>Per Fugelli skriver om <a title=\"Venstresidens og h\u00f8yresidens frihet\" href=\"http:\/\/www.aftenposten.no\/meninger\/kronikker\/Egoisme-forkledd-som-frihet-7282087.html\" target=\"_blank\" rel=\"noopener noreferrer\">venstresidens og h\u00f8yresidens frihet<\/a> i Aftenposten 18. august. Han anerkjenner riktignok at ogs\u00e5 venstresidens frihet kan bli for konform, men karikerer samtidig h\u00f8yresidens frihetsbegrep som et skalkeskjul for \u00e5 fremme egoisme p\u00e5 tapernes bekostning.<\/p><p>Det er lett \u00e5 avfeie Fugellis kritikk som arrogant, n\u00e5r han stempler s\u00e5 mange nordmenn som kortsiktige egoister, og n\u00e5r han ser bort fra at borgerlige partier p\u00e5 flere omr\u00e5der foresl\u00e5r \u00e5 styrke velferdssamfunnet. Likes\u00e5 kunne man minnet Fugelli om at verken velferdssamfunnet eller velferdsstaten er en sosialdemokratisk oppfinnelse. Eller at resultatene av H\u00f8yres skolepolitikk for dem som trenger det mest, for eksempel i Oslo, er mer verdt i praksis enn all verdens slagord fra venstresiden.<\/p><p>Mange nordmenn er vokst opp med retorikk om at det politiske hjertet kun befinner seg p\u00e5 venstre side. Alle som engasjerer seg p\u00e5 h\u00f8yresiden i norsk politikk \u2013 nettopp fordi de har et engasjement for samfunnet rundt seg \u2013 er s\u00e5 vant til anklager om egoisme og hjertel\u00f8shet at man oftest nesten ikke reagerer p\u00e5 det. Alt dette kunne vi svart Fugelli, men vi vil i stedet ta utfordringen hans om \u00e5 diskutere frihet.<\/p><p><strong>Frihet i fellesskapet<\/strong><\/p><p>Frihetsbegrepet Fugelli tillegger h\u00f8yresiden er et forenklet og sv\u00e6rt karikert liberalistisk frihetsbegrep der frav\u00e6r av vilk\u00e5rlig maktbruk fra flertallet er det eneste viktige. En slik type frihet er viktig, og historisk har denne friheten banet vei for s\u00e5 vel rettsstaten som for den viktige demonteringen av den sosialdemokratiske reguleringsstaten p\u00e5 70- og 80-tallet.<\/p><p>Like fullt kan den liberalistiske friheten perverteres, b\u00e5de fordi den kan utarte til en filosofi hvor det settes likhetstegn mellom hva man har lyst til og hva man har lov til, og ved \u00e5 glemme at frihet alltid m\u00e5 eksistere innenfor en sosial kontekst. Frihet forutsetter med andre ord ansvar, men ikke bare det: Som konservative er vi opptatt av at ekte frihet springer ut av samfunnets sm\u00e5 og store fellesskap. Nettopp dette synet p\u00e5 fellesskap er en av de store skillene mellom h\u00f8yre- og venstresiden i politikken.<\/p><p>Det kan virke som Fugelli mener at det som skjer utenfor staten p\u00e5 en eller annen m\u00e5te er egoisme. Men \u00e5 f\u00f8re en politikk som gir rom for fellesskap av ulik art, som kan dekke ulike behov, handler ikke om egoisme. Snarere er det en forutsetning for ansvar. H\u00f8yresiden legger st\u00f8rre vekt p\u00e5 at fellesskap er noe mer enn staten, og at frihet derfor fordrer at det finnes flere sterke fellesskap i samfunnet. Enten det er familie, venner og kolleger eller ideelle organisasjoner, religi\u00f8se samfunn, private bedrifter og sosiale entrepren\u00f8rer, s\u00e5 finnes det mange fellesskap som har stor verdi i et samfunn.<\/p><p>Venstresiden har for ofte identifisert fellesskapet med staten, og dermed sett p\u00e5 frihet utelukkende som et frigj\u00f8ringsprosjekt som m\u00e5 styres ovenfra og tres nedover hodet p\u00e5 samfunnet.<\/p><p><strong>Valg &#8211; for alle<\/strong><\/p><p>Fugelli fors\u00f8ker \u00e5 fremstille fellesskap som det \u00e5 v\u00e6re for eller mot statens rolle i \u00f8konomien. Det finnes knapt noen i Norge som ikke mener at staten skal spille en betydelig rolle som premiss- og tjenesteleverand\u00f8r p\u00e5 vegne av fellesskapet. Som konservative erkjenner vi selvsagt at staten har en viktig rolle \u00e5 spille. Men nettopp fordi statens plass er s\u00e5 stor, er det viktig \u00e5 legge til rette for alle de frivillige fellesskapene som gir mening og verdi i hverdagen.<\/p><p>Fugelli skriver: \u00abH\u00f8yrefriheten er \u00e5 kunne velge bedre skole og bedre helsetjeneste for de med penger.\u00bb Fugellis karakteristikk er ikke bare en karikatur, men avdekker grunnleggende mangel p\u00e5 kunnskap om H\u00f8yres ideologi og partiprogram. Erna Solbergs mantra er \u00e5 skape et samfunn med muligheter \u2013 ikke bare for noen \u2013 men for alle.<\/p><p>Derfor g\u00e5r H\u00f8yre til valg p\u00e5 \u00e5 gj\u00f8re privat behandling tilgjengelig for alle \u2013 ikke som i dag hvor det er forbeholdt dem som har r\u00e5d til det. Derfor mener H\u00f8yre at det viktigste for elevene er \u00e5 satse p\u00e5 l\u00e6rerne i den offentlige skolen \u2013 fordi alle vet at l\u00e6rerne er skolens viktigste ressurs. N\u00e5r Osloskolen er landets beste syv \u00e5r p\u00e5 rad, s\u00e5 er det blant annet fordi at skolen i Oslo lykkes er bedre til \u00e5 utjevne sosiale forskjeller og har lykkes med \u00e5 redusere frafallsprosenten betydelig. Det er f\u00f8rst og fremst viktig for de mange elevene som f\u00e5r en bedre start p\u00e5 livet.<\/p><p>\u00c9n sak ville v\u00e6re om Fugelli, som knapt er noen ekspert p\u00e5 skolepolitikk, er uenig om effekten av h\u00f8yresidens politikk. Det er slike debatter vi skal ha i valgkampen. Det er noe helt annet n\u00e5r han tillegger h\u00f8yresiden feilaktige motiver og fremstiller \u00f8nsket om \u00e5 f\u00e5 en politikk som fanger opp dem som faller utenfor, tidligst mulig, som et utslag av egoisme.<\/p><p>\u00c5 si at hjertet alltid befinner seg p\u00e5 venstre side, er fornuftig om man er kardiolog. Det kan v\u00e6re taktisk smart om man jobber i Arbeiderpartiets valgkampstab. Hvis man skal analysere norsk politikk, norske partier og norske velgere, er det derimot faktisk noks\u00e5 kunnskapsl\u00f8st \u2026 og fordomsfullt.<\/p><p><em>Dette innlegget ble publisert p\u00e5 aftenposten.no 20.08.13<\/em><\/p><p><em>Foto: colourbox.com<\/em><\/p>\n<\/div>\n<div class=\"tags\">\n\t<\/div>\n<div class=\"post-footer alignfull has-background block-editor-block-list__block\" data-align=full>\n\t<div class=\"post-footer-inner\">\n\t\t<h3>Relaterte artikler<\/h3>\n\t\t<div class=\"related-content\"><div class=\"is-card-hoyre\">\n\t<div class=\"teft-card hoyre-teft-card post-teft-card\">\n\t\t<a href=\"https:\/\/hoyre.no\/oslo\/aktuelt\/mdg-moralismen-fornekter-seg-ikke\/\" class=\"teft-card__primary-action\">\n\n\t\t\t\t\t<div class=\"teft-card__media teft-card__media--16-9\">\n\t\t\t\t\t\t<img loading=\"lazy\" decoding=\"async\" width=\"768\" height=\"512\" src=\"https:\/\/hoyre.no\/content\/uploads\/sites\/408\/2024\/01\/QZQlxtOC-768x512.jpeg\" class=\"attachment-medium_large size-medium_large\" alt=\"Merete Agerbak-Jensen\" srcset=\"https:\/\/hoyre.no\/content\/uploads\/sites\/408\/2024\/01\/QZQlxtOC-768x512.jpeg 768w, https:\/\/hoyre.no\/content\/uploads\/sites\/408\/2024\/01\/QZQlxtOC-300x200.jpeg 300w, https:\/\/hoyre.no\/content\/uploads\/sites\/408\/2024\/01\/QZQlxtOC-1024x683.jpeg 1024w, https:\/\/hoyre.no\/content\/uploads\/sites\/408\/2024\/01\/QZQlxtOC-1536x1024.jpeg 1536w, https:\/\/hoyre.no\/content\/uploads\/sites\/408\/2024\/01\/QZQlxtOC-2048x1365.jpeg 2048w\" sizes=\"auto, (max-width: 768px) 100vw, 768px\" \/>\t\t<\/div>\n\t\t\n\t\t\t<div class=\"teft-card__content-wrapper\">\n\t\t\t\t<div class=\"teft-card__secondary\">\n\t\t\t\t\t\n\t\t\t\t\t\t\t\t<div class=\"teft-card__meta\">\n\t\t\t\t\t\t\t\t\t<span class=\"post-date\">23. apr 2026<\/span>\n\n\t\t\t\t\t\t\t\t\t\t\t\t\t\t\t\t\t<\/div>\n\t\t\t\t\t\t\t\t\t\t\t<\/div>\n\n\t\t\t\t<div class=\"teft-card__primary\">\n\t\t\t\t\t<h2 class=\"teft-card__title\">MDG-moralismen fornekter seg ikke&nbsp;<span class=\"teft-card__primary-title-append\"><\/span><\/h2>\t\t\t\t<\/div>\n\t\t\t<\/div>\n\t\t<\/a>\n\t<\/div>\n\n\t<\/div><div class=\"is-card-hoyre\">\n\t<div class=\"teft-card hoyre-teft-card post-teft-card\">\n\t\t<a href=\"https:\/\/hoyre.no\/oslo\/aktuelt\/raskere-og-enklere-a-bygge-boliger-og-skape-arbeidsplasser-i-oslo\/\" class=\"teft-card__primary-action\">\n\n\t\t\t\t\t<div class=\"teft-card__media teft-card__media--16-9\">\n\t\t\t\t\t\t<img loading=\"lazy\" decoding=\"async\" width=\"768\" height=\"576\" src=\"https:\/\/hoyre.no\/content\/uploads\/sites\/408\/2026\/04\/Eirik-Lae-Solberg-og-Anita-Leirvik-North-768x576.jpg\" class=\"attachment-medium_large size-medium_large\" alt=\"\" srcset=\"https:\/\/hoyre.no\/content\/uploads\/sites\/408\/2026\/04\/Eirik-Lae-Solberg-og-Anita-Leirvik-North-768x576.jpg 768w, https:\/\/hoyre.no\/content\/uploads\/sites\/408\/2026\/04\/Eirik-Lae-Solberg-og-Anita-Leirvik-North-300x225.jpg 300w, https:\/\/hoyre.no\/content\/uploads\/sites\/408\/2026\/04\/Eirik-Lae-Solberg-og-Anita-Leirvik-North.jpg 901w\" sizes=\"auto, (max-width: 768px) 100vw, 768px\" \/>\t\t<\/div>\n\t\t\n\t\t\t<div class=\"teft-card__content-wrapper\">\n\t\t\t\t<div class=\"teft-card__secondary\">\n\t\t\t\t\t\n\t\t\t\t\t\t\t\t<div class=\"teft-card__meta\">\n\t\t\t\t\t\t\t\t\t<span class=\"post-date\">14. apr 2026<\/span>\n\n\t\t\t\t\t\t\t\t\t<span class=\"post-category\">Har lagt frem ny KPA:<\/span>\t\t\t\t\t\t\t\t<\/div>\n\t\t\t\t\t\t\t\t\t\t\t<\/div>\n\n\t\t\t\t<div class=\"teft-card__primary\">\n\t\t\t\t\t<h2 class=\"teft-card__title\">Raskere og enklere \u00e5 bygge boliger og skape arbeidsplasser i Oslo&nbsp;<span class=\"teft-card__primary-title-append\"><\/span><\/h2>\t\t\t\t<\/div>\n\t\t\t<\/div>\n\t\t<\/a>\n\t<\/div>\n\n\t<\/div><div class=\"is-card-hoyre\">\n\t<div class=\"teft-card hoyre-teft-card post-teft-card\">\n\t\t<a href=\"https:\/\/hoyre.no\/oslo\/aktuelt\/bedre-elevresultater-og-en-skoleokonomi-i-balanse-med-blagront-byrad\/\" class=\"teft-card__primary-action\">\n\n\t\t\t\t\t<div class=\"teft-card__media teft-card__media--16-9\">\n\t\t\t\t\t\t<img loading=\"lazy\" decoding=\"async\" width=\"768\" height=\"512\" src=\"https:\/\/hoyre.no\/content\/uploads\/sites\/408\/2025\/05\/IMG_6440-768x512.jpeg\" class=\"attachment-medium_large size-medium_large\" alt=\"Julie Remen Midtgarden\" srcset=\"https:\/\/hoyre.no\/content\/uploads\/sites\/408\/2025\/05\/IMG_6440-768x512.jpeg 768w, https:\/\/hoyre.no\/content\/uploads\/sites\/408\/2025\/05\/IMG_6440-300x200.jpeg 300w, https:\/\/hoyre.no\/content\/uploads\/sites\/408\/2025\/05\/IMG_6440-1024x683.jpeg 1024w, https:\/\/hoyre.no\/content\/uploads\/sites\/408\/2025\/05\/IMG_6440-1536x1024.jpeg 1536w, https:\/\/hoyre.no\/content\/uploads\/sites\/408\/2025\/05\/IMG_6440-2048x1365.jpeg 2048w\" sizes=\"auto, (max-width: 768px) 100vw, 768px\" \/>\t\t<\/div>\n\t\t\n\t\t\t<div class=\"teft-card__content-wrapper\">\n\t\t\t\t<div class=\"teft-card__secondary\">\n\t\t\t\t\t\n\t\t\t\t\t\t\t\t<div class=\"teft-card__meta\">\n\t\t\t\t\t\t\t\t\t<span class=\"post-date\">26. mar 2026<\/span>\n\n\t\t\t\t\t\t\t\t\t\t\t\t\t\t\t\t\t<\/div>\n\t\t\t\t\t\t\t\t\t\t\t<\/div>\n\n\t\t\t\t<div class=\"teft-card__primary\">\n\t\t\t\t\t<h2 class=\"teft-card__title\">Bedre elevresultater og en skole\u00f8konomi i balanse med bl\u00e5gr\u00f8nt byr\u00e5d&nbsp;<span class=\"teft-card__primary-title-append\"><\/span><\/h2>\t\t\t\t<\/div>\n\t\t\t<\/div>\n\t\t<\/a>\n\t<\/div>\n\n\t<\/div><\/div>\t<\/div>\n<\/div>\n","protected":false},"excerpt":{"rendered":"","protected":false},"author":0,"featured_media":0,"comment_status":"closed","ping_status":"open","sticky":false,"template":"","format":"standard","meta":{"teft_cards_image_url":"","teft_cards_custom_pretitle":"","teft_cards_image_id":0,"teft_cards_image_focal_point_x":0,"teft_cards_image_focal_point_y":0,"teft_cards_title":"","teft_cards_excerpt":"","teft_show_chapters":false,"author_display_name":"Oslo H\u00f8yre","footnotes":""},"category":[1],"post_tag":[],"hoyre-visibility":[],"article-type":[],"politician":[],"class_list":["post-1828","post","type-post","status-publish","format-standard","hentry","category-nyheter"],"yoast_head":"<!-- This site is optimized with the Yoast SEO Premium plugin v26.5 (Yoast SEO v26.6) - https:\/\/yoast.com\/wordpress\/plugins\/seo\/ -->\n<title>Fordommer forkledd som solidaritet - Oslo H\u00f8yre<\/title>\n<meta name=\"robots\" content=\"index, follow, max-snippet:-1, max-image-preview:large, max-video-preview:-1\" \/>\n<link rel=\"canonical\" href=\"https:\/\/hoyre.no\/oslo\/aktuelt\/fordommer-forkledd-som-solidaritet\/\" \/>\n<meta property=\"og:locale\" content=\"nb_NO\" \/>\n<meta property=\"og:type\" content=\"article\" \/>\n<meta property=\"og:title\" content=\"Fordommer forkledd som solidaritet\" \/>\n<meta property=\"og:url\" content=\"https:\/\/hoyre.no\/oslo\/aktuelt\/fordommer-forkledd-som-solidaritet\/\" \/>\n<meta property=\"og:site_name\" content=\"Oslo H\u00f8yre\" \/>\n<meta property=\"article:publisher\" content=\"https:\/\/www.facebook.com\/oslo.hoyre\" \/>\n<meta property=\"article:published_time\" content=\"2013-08-22T14:11:55+00:00\" \/>\n<meta property=\"article:modified_time\" content=\"2022-09-26T13:06:54+00:00\" \/>\n<meta property=\"og:image\" content=\"https:\/\/hoyre.no\/content\/uploads\/sites\/408\/2022\/11\/Hoyres-logo.png\" \/>\n\t<meta property=\"og:image:width\" content=\"1000\" \/>\n\t<meta property=\"og:image:height\" content=\"1000\" \/>\n\t<meta property=\"og:image:type\" content=\"image\/png\" \/>\n<meta name=\"twitter:card\" content=\"summary_large_image\" \/>\n<meta name=\"twitter:label1\" content=\"Ansl. lesetid\" \/>\n\t<meta name=\"twitter:data1\" content=\"4 minutter\" \/>\n<script type=\"application\/ld+json\" class=\"yoast-schema-graph\">{\"@context\":\"https:\/\/schema.org\",\"@graph\":[{\"@type\":\"Article\",\"@id\":\"https:\/\/hoyre.no\/oslo\/aktuelt\/fordommer-forkledd-som-solidaritet\/#article\",\"isPartOf\":{\"@id\":\"https:\/\/hoyre.no\/oslo\/aktuelt\/fordommer-forkledd-som-solidaritet\/\"},\"author\":{\"name\":\"\",\"@id\":\"\"},\"headline\":\"Fordommer forkledd som solidaritet\",\"datePublished\":\"2013-08-22T14:11:55+00:00\",\"dateModified\":\"2022-09-26T13:06:54+00:00\",\"mainEntityOfPage\":{\"@id\":\"https:\/\/hoyre.no\/oslo\/aktuelt\/fordommer-forkledd-som-solidaritet\/\"},\"wordCount\":882,\"publisher\":{\"@id\":\"https:\/\/hoyre.no\/oslo\/#organization\"},\"articleSection\":[\"Nyheter\"],\"inLanguage\":\"nb-NO\"},{\"@type\":\"NewsArticle\",\"@id\":\"https:\/\/hoyre.no\/oslo\/aktuelt\/fordommer-forkledd-som-solidaritet\/\",\"url\":\"https:\/\/hoyre.no\/oslo\/aktuelt\/fordommer-forkledd-som-solidaritet\/\",\"name\":\"Fordommer forkledd som solidaritet - Oslo H\u00f8yre\",\"isPartOf\":{\"@id\":\"https:\/\/hoyre.no\/oslo\/#website\"},\"datePublished\":\"2013-08-22T14:11:55+00:00\",\"dateModified\":\"2022-09-26T13:06:54+00:00\",\"breadcrumb\":{\"@id\":\"https:\/\/hoyre.no\/oslo\/aktuelt\/fordommer-forkledd-som-solidaritet\/#breadcrumb\"},\"inLanguage\":\"nb-NO\",\"potentialAction\":[{\"@type\":\"ReadAction\",\"target\":[\"https:\/\/hoyre.no\/oslo\/aktuelt\/fordommer-forkledd-som-solidaritet\/\"]}]},{\"@type\":\"BreadcrumbList\",\"@id\":\"https:\/\/hoyre.no\/oslo\/aktuelt\/fordommer-forkledd-som-solidaritet\/#breadcrumb\",\"itemListElement\":[{\"@type\":\"ListItem\",\"position\":1,\"name\":\"Til hoyre.no\",\"item\":\"https:\/\/hoyre.no\"},{\"@type\":\"ListItem\",\"position\":2,\"name\":\"Hjem\",\"item\":\"https:\/\/hoyre.no\/oslo\/\"},{\"@type\":\"ListItem\",\"position\":3,\"name\":\"Fordommer forkledd som solidaritet\"}]},{\"@type\":\"WebSite\",\"@id\":\"https:\/\/hoyre.no\/oslo\/#website\",\"url\":\"https:\/\/hoyre.no\/oslo\/\",\"name\":\"Oslo H\u00f8yre\",\"description\":\"\",\"publisher\":{\"@id\":\"https:\/\/hoyre.no\/oslo\/#organization\"},\"inLanguage\":\"nb-NO\"},{\"@type\":\"Organization\",\"@id\":\"https:\/\/hoyre.no\/oslo\/#organization\",\"name\":\"Oslo H\u00f8yre\",\"url\":\"https:\/\/hoyre.no\/oslo\/\",\"logo\":{\"@type\":\"ImageObject\",\"inLanguage\":\"nb-NO\",\"@id\":\"https:\/\/hoyre.no\/oslo\/#\/schema\/logo\/image\/\",\"url\":\"https:\/\/hoyre.no\/content\/uploads\/sites\/408\/2022\/11\/Hoyres-logo.png\",\"contentUrl\":\"https:\/\/hoyre.no\/content\/uploads\/sites\/408\/2022\/11\/Hoyres-logo.png\",\"width\":1000,\"height\":1000,\"caption\":\"Oslo H\u00f8yre\"},\"image\":{\"@id\":\"https:\/\/hoyre.no\/oslo\/#\/schema\/logo\/image\/\"},\"sameAs\":[\"https:\/\/www.facebook.com\/oslo.hoyre\"]}]}<\/script>\n<!-- \/ Yoast SEO Premium plugin. -->","yoast_head_json":{"title":"Fordommer forkledd som solidaritet - Oslo H\u00f8yre","robots":{"index":"index","follow":"follow","max-snippet":"max-snippet:-1","max-image-preview":"max-image-preview:large","max-video-preview":"max-video-preview:-1"},"canonical":"https:\/\/hoyre.no\/oslo\/aktuelt\/fordommer-forkledd-som-solidaritet\/","og_locale":"nb_NO","og_type":"article","og_title":"Fordommer forkledd som solidaritet","og_url":"https:\/\/hoyre.no\/oslo\/aktuelt\/fordommer-forkledd-som-solidaritet\/","og_site_name":"Oslo H\u00f8yre","article_publisher":"https:\/\/www.facebook.com\/oslo.hoyre","article_published_time":"2013-08-22T14:11:55+00:00","article_modified_time":"2022-09-26T13:06:54+00:00","og_image":[{"width":1000,"height":1000,"url":"https:\/\/hoyre.no\/content\/uploads\/sites\/408\/2022\/11\/Hoyres-logo.png","type":"image\/png"}],"twitter_card":"summary_large_image","twitter_misc":{"Ansl. lesetid":"4 minutter"},"schema":{"@context":"https:\/\/schema.org","@graph":[{"@type":"Article","@id":"https:\/\/hoyre.no\/oslo\/aktuelt\/fordommer-forkledd-som-solidaritet\/#article","isPartOf":{"@id":"https:\/\/hoyre.no\/oslo\/aktuelt\/fordommer-forkledd-som-solidaritet\/"},"author":{"name":"","@id":""},"headline":"Fordommer forkledd som solidaritet","datePublished":"2013-08-22T14:11:55+00:00","dateModified":"2022-09-26T13:06:54+00:00","mainEntityOfPage":{"@id":"https:\/\/hoyre.no\/oslo\/aktuelt\/fordommer-forkledd-som-solidaritet\/"},"wordCount":882,"publisher":{"@id":"https:\/\/hoyre.no\/oslo\/#organization"},"articleSection":["Nyheter"],"inLanguage":"nb-NO"},{"@type":"NewsArticle","@id":"https:\/\/hoyre.no\/oslo\/aktuelt\/fordommer-forkledd-som-solidaritet\/","url":"https:\/\/hoyre.no\/oslo\/aktuelt\/fordommer-forkledd-som-solidaritet\/","name":"Fordommer forkledd som solidaritet - Oslo H\u00f8yre","isPartOf":{"@id":"https:\/\/hoyre.no\/oslo\/#website"},"datePublished":"2013-08-22T14:11:55+00:00","dateModified":"2022-09-26T13:06:54+00:00","breadcrumb":{"@id":"https:\/\/hoyre.no\/oslo\/aktuelt\/fordommer-forkledd-som-solidaritet\/#breadcrumb"},"inLanguage":"nb-NO","potentialAction":[{"@type":"ReadAction","target":["https:\/\/hoyre.no\/oslo\/aktuelt\/fordommer-forkledd-som-solidaritet\/"]}]},{"@type":"BreadcrumbList","@id":"https:\/\/hoyre.no\/oslo\/aktuelt\/fordommer-forkledd-som-solidaritet\/#breadcrumb","itemListElement":[{"@type":"ListItem","position":1,"name":"Til hoyre.no","item":"https:\/\/hoyre.no"},{"@type":"ListItem","position":2,"name":"Hjem","item":"https:\/\/hoyre.no\/oslo\/"},{"@type":"ListItem","position":3,"name":"Fordommer forkledd som solidaritet"}]},{"@type":"WebSite","@id":"https:\/\/hoyre.no\/oslo\/#website","url":"https:\/\/hoyre.no\/oslo\/","name":"Oslo H\u00f8yre","description":"","publisher":{"@id":"https:\/\/hoyre.no\/oslo\/#organization"},"inLanguage":"nb-NO"},{"@type":"Organization","@id":"https:\/\/hoyre.no\/oslo\/#organization","name":"Oslo H\u00f8yre","url":"https:\/\/hoyre.no\/oslo\/","logo":{"@type":"ImageObject","inLanguage":"nb-NO","@id":"https:\/\/hoyre.no\/oslo\/#\/schema\/logo\/image\/","url":"https:\/\/hoyre.no\/content\/uploads\/sites\/408\/2022\/11\/Hoyres-logo.png","contentUrl":"https:\/\/hoyre.no\/content\/uploads\/sites\/408\/2022\/11\/Hoyres-logo.png","width":1000,"height":1000,"caption":"Oslo H\u00f8yre"},"image":{"@id":"https:\/\/hoyre.no\/oslo\/#\/schema\/logo\/image\/"},"sameAs":["https:\/\/www.facebook.com\/oslo.hoyre"]}]}},"distributor_meta":false,"distributor_terms":false,"distributor_media":false,"distributor_original_site_name":"Oslo H\u00f8yre","distributor_original_site_url":"https:\/\/hoyre.no\/oslo","push-errors":false,"_links":{"self":[{"href":"https:\/\/hoyre.no\/oslo\/wp-json\/wp\/v2\/posts\/1828","targetHints":{"allow":["GET"]}}],"collection":[{"href":"https:\/\/hoyre.no\/oslo\/wp-json\/wp\/v2\/posts"}],"about":[{"href":"https:\/\/hoyre.no\/oslo\/wp-json\/wp\/v2\/types\/post"}],"replies":[{"embeddable":true,"href":"https:\/\/hoyre.no\/oslo\/wp-json\/wp\/v2\/comments?post=1828"}],"version-history":[{"count":1,"href":"https:\/\/hoyre.no\/oslo\/wp-json\/wp\/v2\/posts\/1828\/revisions"}],"predecessor-version":[{"id":3007,"href":"https:\/\/hoyre.no\/oslo\/wp-json\/wp\/v2\/posts\/1828\/revisions\/3007"}],"wp:attachment":[{"href":"https:\/\/hoyre.no\/oslo\/wp-json\/wp\/v2\/media?parent=1828"}],"wp:term":[{"taxonomy":"category","embeddable":true,"href":"https:\/\/hoyre.no\/oslo\/wp-json\/wp\/v2\/category?post=1828"},{"taxonomy":"post_tag","embeddable":true,"href":"https:\/\/hoyre.no\/oslo\/wp-json\/wp\/v2\/post_tag?post=1828"},{"taxonomy":"hoyre-visibility","embeddable":true,"href":"https:\/\/hoyre.no\/oslo\/wp-json\/wp\/v2\/hoyre-visibility?post=1828"},{"taxonomy":"article-type","embeddable":true,"href":"https:\/\/hoyre.no\/oslo\/wp-json\/wp\/v2\/article-type?post=1828"},{"taxonomy":"politician","embeddable":true,"href":"https:\/\/hoyre.no\/oslo\/wp-json\/wp\/v2\/politician?post=1828"}],"curies":[{"name":"wp","href":"https:\/\/api.w.org\/{rel}","templated":true}]}}