{"id":1836,"date":"2013-08-13T11:28:58","date_gmt":"2013-08-13T11:28:58","guid":{"rendered":"https:\/\/hoyre.no\/oslo\/aktuelt\/forhandsstemning-er-genialt\/"},"modified":"2022-09-26T15:06:55","modified_gmt":"2022-09-26T13:06:55","slug":"forhandsstemning-er-genialt","status":"publish","type":"post","link":"https:\/\/hoyre.no\/oslo\/aktuelt\/forhandsstemning-er-genialt\/","title":{"rendered":"Forh\u00e5ndsstemming er genialt!"},"content":{"rendered":"<figure class=\"hoyre-image-wrapper\"><div class=\"hoyre-image\"><img loading=\"lazy\" decoding=\"async\" width=\"1024\" height=\"361\" src=\"https:\/\/hoyre.no\/content\/uploads\/sites\/408\/2022\/09\/Kristin-Vinje-og-Anne-Sofie-Morseth.jpg\" class=\"attachment-scaled size-scaled\" alt=\"Kristin Vinje og Anne-Sofie Morseth\" style=\"object-position: 50% 50%\" srcset=\"https:\/\/hoyre.no\/content\/uploads\/sites\/408\/2022\/09\/Kristin-Vinje-og-Anne-Sofie-Morseth.jpg 1024w, https:\/\/hoyre.no\/content\/uploads\/sites\/408\/2022\/09\/Kristin-Vinje-og-Anne-Sofie-Morseth-300x106.jpg 300w, https:\/\/hoyre.no\/content\/uploads\/sites\/408\/2022\/09\/Kristin-Vinje-og-Anne-Sofie-Morseth-768x271.jpg 768w\" sizes=\"auto, (max-width: 1024px) 100vw, 1024px\" \/><\/div><\/figure><div id=\"hoyre-old-article-content-wrapper\"><p>Nesten halvparten under 30 \u00e5r bruker ikke stemmeretten sin.\u00a0 Fra mandag 12. august\u00a0 til 6. september kan du forh\u00e5ndsstemme.<\/p><p>Nesten halvparten av velgerne under 30 \u00e5r stemte ikke ved forrige valg.\u00a0 Mandag avla f\u00f8rstegangsvelger Anne Sofie Morseth og 4. Kandidat Kristin Vinje sin stemme.<\/p><p>&#8211; Jeg har valgt \u00e5 forh\u00e5ndsstemme av flere grunner. F\u00f8rst og fremst fordi jeg \u00f8nsker \u00e5 \u00f8ke oppmerksomheten rundt forh\u00e5ndsstemming. Som stortingskandidat kommer jeg til \u00e5 v\u00e6re travel de siste dagene f\u00f8r valget. Derfor et det en gyllen mulighet \u00e5 benytte seg av forh\u00e5ndsstemming i en ellers hektisk hverdag, sier Kristin Vinje.<\/p><p>Kristin Vinje og Anne-Sofie Morseth valgte \u00e5 benytte r\u00e5dhuset for \u00e5 forh\u00e5ndsstemme.<\/p><p>&#8211; Ettersom jeg har kontorer p\u00e5 R\u00e5dhuset var det et naturlig sted \u00e5 avlegge min stemme, men det det er satt opp valglokaler i hele byen. Hvorfor ikke benytte muligheten i lunsjen eller p\u00e5 vei fra jobb?<\/p><p>I \u00e5r var det 100 \u00e5r siden kvinner fikk stemmerett p\u00e5 lik linje med menn. Likevel velger kun \u00e9n av to jenter i alderen 18-21 \u00e5r \u00e5 ikke bruke stemmeretten sin ved forrige valg.<\/p><p>&#8211; Det er alt for f\u00e5 unge som velger \u00e5 bruke stemmeretten sin, og ikke minst unge jenter. Derfor tror jeg det betyr mye \u00e5 gj\u00f8re det enkelt og lett tilgjengelig \u00e5 kunne stemme. Ikke minst er det viktig \u00e5 bevisstgj\u00f8re hvorfor en b\u00f8r benytte stemmeretten sin, sier Vinje.<\/p><p><em>Saken fortsetter under bildet<\/em><\/p><figure id=\"attachment_1346\" aria-describedby=\"caption-attachment-1346\"><a href=\"https:\/\/www.oslohoyre.no\/wp-content\/uploads\/2013\/08\/DSC_0032.jpg\"><img decoding=\"async\" loading=\"lazy\" alt=\"Forh\u00e5ndsstemming\" src=\"https:\/\/hoyre.no\/content\/uploads\/sites\/408\/2022\/09\/DSC_0032-scaled-1.jpg\" width=\"680\" height=\"451\" \/><\/a><figcaption id=\"caption-attachment-1346\">Kristin og Anne-Sofie bak hvert sitt forheng.<\/figcaption><\/figure><p>Vinje p\u00e5peker ogs\u00e5 utfordringen ved at f\u00e5 unge ikke stemmer ved valg.<\/p><p>&#8211; Hver eneste stemme er like viktig. Det skal ikke v\u00e6re slik at de eldre sine stemmer skal ha mer makt over framtiden enn de yngre. Derfor er min oppfordring til de yngre \u00e5 benytte seg av stemmeretten sin, sier Kristin Vinje.<\/p><p>F\u00f8rstegangsvelger Anne-Sofie Morseth har venner som ikke har stemt ved valg men mener selv at \u00e5 avgi sin stemme er en selvf\u00f8lgelighet.<\/p><p>&#8211; Det handler ikke om at man m\u00e5 vite alt et hvert parti st\u00e5r for, eller at man kan diskutere politiske standpunkt til den store gullpremien. For meg handler stemming vel s\u00e5 mye om et ansvar enhver har. Valgdeltakelse er punkt \u00e9n i et velfungerende demokrati, sier Morseth.<\/p><p>Morseth\u00a0 er sv\u00e6rt positiv til forh\u00e5ndsstemming og valgte som f\u00f8rstegangsvelger \u00e5 benytte denne muligheten.<\/p><p>&#8211; Forh\u00e5ndsstemming er genialt! Unnskyldningen om at en ikke fikk tid til \u00e5 stemme faller helt ut. Ikke minst g\u00e5r det jo s\u00e5 fort. Det er jo ingen k\u00f8!<\/p><p>Oppfordringen er klar fra de begge; Bruk stemmeretten din!<\/p><p><strong>Del ditt bilde fra forh\u00e5ndsstemmingen p\u00e5 Instagram #bl\u00e5stemme<\/strong><\/p><h2><b>Slik forh\u00e5ndsstemmer du:<\/b><\/h2><ul><li>Du kan forh\u00e5ndstemme ved 24 lokaler over hele byen. <a title=\"valglokaler\" href=\"http:\/\/www.valg.oslo.kommune.no\/forhandsstemmesteder\/\" target=\"_blank\" rel=\"noopener noreferrer\">Finn ditt valglokale.<\/a><\/li><li>Har du ikke valgkort holder det med gyldig legitimasjon som bankkort med bilde eller f\u00f8rerkort.<\/li><li>Du kan forh\u00e5ndsstemme fra mandag 12. august til 6. september.<\/li><\/ul><p>&nbsp;<\/p>\n<\/div>\n<div class=\"tags\">\n\t<\/div>\n<div class=\"post-footer alignfull has-background block-editor-block-list__block\" data-align=full>\n\t<div class=\"post-footer-inner\">\n\t\t<h3>Relaterte artikler<\/h3>\n\t\t<div class=\"related-content\"><div class=\"is-card-hoyre\">\n\t<div class=\"teft-card hoyre-teft-card post-teft-card\">\n\t\t<a href=\"https:\/\/hoyre.no\/oslo\/aktuelt\/mdg-moralismen-fornekter-seg-ikke\/\" class=\"teft-card__primary-action\">\n\n\t\t\t\t\t<div class=\"teft-card__media teft-card__media--16-9\">\n\t\t\t\t\t\t<img loading=\"lazy\" decoding=\"async\" width=\"768\" height=\"512\" src=\"https:\/\/hoyre.no\/content\/uploads\/sites\/408\/2024\/01\/QZQlxtOC-768x512.jpeg\" class=\"attachment-medium_large size-medium_large\" alt=\"Merete Agerbak-Jensen\" srcset=\"https:\/\/hoyre.no\/content\/uploads\/sites\/408\/2024\/01\/QZQlxtOC-768x512.jpeg 768w, https:\/\/hoyre.no\/content\/uploads\/sites\/408\/2024\/01\/QZQlxtOC-300x200.jpeg 300w, https:\/\/hoyre.no\/content\/uploads\/sites\/408\/2024\/01\/QZQlxtOC-1024x683.jpeg 1024w, https:\/\/hoyre.no\/content\/uploads\/sites\/408\/2024\/01\/QZQlxtOC-1536x1024.jpeg 1536w, https:\/\/hoyre.no\/content\/uploads\/sites\/408\/2024\/01\/QZQlxtOC-2048x1365.jpeg 2048w\" sizes=\"auto, (max-width: 768px) 100vw, 768px\" \/>\t\t<\/div>\n\t\t\n\t\t\t<div class=\"teft-card__content-wrapper\">\n\t\t\t\t<div class=\"teft-card__secondary\">\n\t\t\t\t\t\n\t\t\t\t\t\t\t\t<div class=\"teft-card__meta\">\n\t\t\t\t\t\t\t\t\t<span class=\"post-date\">23. apr 2026<\/span>\n\n\t\t\t\t\t\t\t\t\t\t\t\t\t\t\t\t\t<\/div>\n\t\t\t\t\t\t\t\t\t\t\t<\/div>\n\n\t\t\t\t<div class=\"teft-card__primary\">\n\t\t\t\t\t<h2 class=\"teft-card__title\">MDG-moralismen fornekter seg ikke&nbsp;<span class=\"teft-card__primary-title-append\"><\/span><\/h2>\t\t\t\t<\/div>\n\t\t\t<\/div>\n\t\t<\/a>\n\t<\/div>\n\n\t<\/div><div class=\"is-card-hoyre\">\n\t<div class=\"teft-card hoyre-teft-card post-teft-card\">\n\t\t<a href=\"https:\/\/hoyre.no\/oslo\/aktuelt\/raskere-og-enklere-a-bygge-boliger-og-skape-arbeidsplasser-i-oslo\/\" class=\"teft-card__primary-action\">\n\n\t\t\t\t\t<div class=\"teft-card__media teft-card__media--16-9\">\n\t\t\t\t\t\t<img loading=\"lazy\" decoding=\"async\" width=\"768\" height=\"576\" src=\"https:\/\/hoyre.no\/content\/uploads\/sites\/408\/2026\/04\/Eirik-Lae-Solberg-og-Anita-Leirvik-North-768x576.jpg\" class=\"attachment-medium_large size-medium_large\" alt=\"\" srcset=\"https:\/\/hoyre.no\/content\/uploads\/sites\/408\/2026\/04\/Eirik-Lae-Solberg-og-Anita-Leirvik-North-768x576.jpg 768w, https:\/\/hoyre.no\/content\/uploads\/sites\/408\/2026\/04\/Eirik-Lae-Solberg-og-Anita-Leirvik-North-300x225.jpg 300w, https:\/\/hoyre.no\/content\/uploads\/sites\/408\/2026\/04\/Eirik-Lae-Solberg-og-Anita-Leirvik-North.jpg 901w\" sizes=\"auto, (max-width: 768px) 100vw, 768px\" \/>\t\t<\/div>\n\t\t\n\t\t\t<div class=\"teft-card__content-wrapper\">\n\t\t\t\t<div class=\"teft-card__secondary\">\n\t\t\t\t\t\n\t\t\t\t\t\t\t\t<div class=\"teft-card__meta\">\n\t\t\t\t\t\t\t\t\t<span class=\"post-date\">14. apr 2026<\/span>\n\n\t\t\t\t\t\t\t\t\t<span class=\"post-category\">Har lagt frem ny KPA:<\/span>\t\t\t\t\t\t\t\t<\/div>\n\t\t\t\t\t\t\t\t\t\t\t<\/div>\n\n\t\t\t\t<div class=\"teft-card__primary\">\n\t\t\t\t\t<h2 class=\"teft-card__title\">Raskere og enklere \u00e5 bygge boliger og skape arbeidsplasser i Oslo&nbsp;<span class=\"teft-card__primary-title-append\"><\/span><\/h2>\t\t\t\t<\/div>\n\t\t\t<\/div>\n\t\t<\/a>\n\t<\/div>\n\n\t<\/div><div class=\"is-card-hoyre\">\n\t<div class=\"teft-card hoyre-teft-card post-teft-card\">\n\t\t<a href=\"https:\/\/hoyre.no\/oslo\/aktuelt\/bedre-elevresultater-og-en-skoleokonomi-i-balanse-med-blagront-byrad\/\" class=\"teft-card__primary-action\">\n\n\t\t\t\t\t<div class=\"teft-card__media teft-card__media--16-9\">\n\t\t\t\t\t\t<img loading=\"lazy\" decoding=\"async\" width=\"768\" height=\"512\" src=\"https:\/\/hoyre.no\/content\/uploads\/sites\/408\/2025\/05\/IMG_6440-768x512.jpeg\" class=\"attachment-medium_large size-medium_large\" alt=\"Julie Remen Midtgarden\" srcset=\"https:\/\/hoyre.no\/content\/uploads\/sites\/408\/2025\/05\/IMG_6440-768x512.jpeg 768w, https:\/\/hoyre.no\/content\/uploads\/sites\/408\/2025\/05\/IMG_6440-300x200.jpeg 300w, https:\/\/hoyre.no\/content\/uploads\/sites\/408\/2025\/05\/IMG_6440-1024x683.jpeg 1024w, https:\/\/hoyre.no\/content\/uploads\/sites\/408\/2025\/05\/IMG_6440-1536x1024.jpeg 1536w, https:\/\/hoyre.no\/content\/uploads\/sites\/408\/2025\/05\/IMG_6440-2048x1365.jpeg 2048w\" sizes=\"auto, (max-width: 768px) 100vw, 768px\" \/>\t\t<\/div>\n\t\t\n\t\t\t<div class=\"teft-card__content-wrapper\">\n\t\t\t\t<div class=\"teft-card__secondary\">\n\t\t\t\t\t\n\t\t\t\t\t\t\t\t<div class=\"teft-card__meta\">\n\t\t\t\t\t\t\t\t\t<span class=\"post-date\">26. mar 2026<\/span>\n\n\t\t\t\t\t\t\t\t\t\t\t\t\t\t\t\t\t<\/div>\n\t\t\t\t\t\t\t\t\t\t\t<\/div>\n\n\t\t\t\t<div class=\"teft-card__primary\">\n\t\t\t\t\t<h2 class=\"teft-card__title\">Bedre elevresultater og en skole\u00f8konomi i balanse med bl\u00e5gr\u00f8nt byr\u00e5d&nbsp;<span class=\"teft-card__primary-title-append\"><\/span><\/h2>\t\t\t\t<\/div>\n\t\t\t<\/div>\n\t\t<\/a>\n\t<\/div>\n\n\t<\/div><\/div>\t<\/div>\n<\/div>\n","protected":false},"excerpt":{"rendered":"","protected":false},"author":0,"featured_media":1837,"comment_status":"closed","ping_status":"open","sticky":false,"template":"","format":"standard","meta":{"teft_cards_image_url":"","teft_cards_custom_pretitle":"","teft_cards_image_id":1837,"teft_cards_image_focal_point_x":0,"teft_cards_image_focal_point_y":0,"teft_cards_title":"","teft_cards_excerpt":"","teft_show_chapters":false,"author_display_name":"Oslo H\u00f8yre","footnotes":""},"category":[1],"post_tag":[],"hoyre-visibility":[],"article-type":[],"politician":[],"class_list":["post-1836","post","type-post","status-publish","format-standard","hentry","category-nyheter"],"yoast_head":"<!-- This site is optimized with the Yoast SEO Premium plugin v26.5 (Yoast SEO v26.6) - https:\/\/yoast.com\/wordpress\/plugins\/seo\/ -->\n<title>Forh\u00e5ndsstemming er genialt! - Oslo H\u00f8yre<\/title>\n<meta name=\"robots\" content=\"index, follow, max-snippet:-1, max-image-preview:large, max-video-preview:-1\" \/>\n<link rel=\"canonical\" href=\"https:\/\/hoyre.no\/oslo\/aktuelt\/forhandsstemning-er-genialt\/\" \/>\n<meta property=\"og:locale\" content=\"nb_NO\" \/>\n<meta property=\"og:type\" content=\"article\" \/>\n<meta property=\"og:title\" content=\"Forh\u00e5ndsstemming er genialt!\" \/>\n<meta property=\"og:url\" content=\"https:\/\/hoyre.no\/oslo\/aktuelt\/forhandsstemning-er-genialt\/\" \/>\n<meta property=\"og:site_name\" content=\"Oslo H\u00f8yre\" \/>\n<meta property=\"article:publisher\" content=\"https:\/\/www.facebook.com\/oslo.hoyre\" \/>\n<meta property=\"article:published_time\" content=\"2013-08-13T11:28:58+00:00\" \/>\n<meta property=\"article:modified_time\" content=\"2022-09-26T13:06:55+00:00\" \/>\n<meta property=\"og:image\" content=\"https:\/\/hoyre.no\/content\/uploads\/sites\/408\/2022\/09\/Kristin-Vinje-og-Anne-Sofie-Morseth.jpg\" \/>\n\t<meta property=\"og:image:width\" content=\"1024\" \/>\n\t<meta property=\"og:image:height\" content=\"361\" \/>\n\t<meta property=\"og:image:type\" content=\"image\/jpeg\" \/>\n<meta name=\"twitter:card\" content=\"summary_large_image\" \/>\n<meta name=\"twitter:label1\" content=\"Ansl. lesetid\" \/>\n\t<meta name=\"twitter:data1\" content=\"2 minutter\" \/>\n<script type=\"application\/ld+json\" class=\"yoast-schema-graph\">{\"@context\":\"https:\/\/schema.org\",\"@graph\":[{\"@type\":\"Article\",\"@id\":\"https:\/\/hoyre.no\/oslo\/aktuelt\/forhandsstemning-er-genialt\/#article\",\"isPartOf\":{\"@id\":\"https:\/\/hoyre.no\/oslo\/aktuelt\/forhandsstemning-er-genialt\/\"},\"author\":{\"name\":\"\",\"@id\":\"\"},\"headline\":\"Forh\u00e5ndsstemming er genialt!\",\"datePublished\":\"2013-08-13T11:28:58+00:00\",\"dateModified\":\"2022-09-26T13:06:55+00:00\",\"mainEntityOfPage\":{\"@id\":\"https:\/\/hoyre.no\/oslo\/aktuelt\/forhandsstemning-er-genialt\/\"},\"wordCount\":481,\"publisher\":{\"@id\":\"https:\/\/hoyre.no\/oslo\/#organization\"},\"image\":{\"@id\":\"https:\/\/hoyre.no\/oslo\/aktuelt\/forhandsstemning-er-genialt\/#primaryimage\"},\"thumbnailUrl\":\"https:\/\/hoyre.no\/content\/uploads\/sites\/408\/2022\/09\/Kristin-Vinje-og-Anne-Sofie-Morseth.jpg\",\"articleSection\":[\"Nyheter\"],\"inLanguage\":\"nb-NO\"},{\"@type\":\"NewsArticle\",\"@id\":\"https:\/\/hoyre.no\/oslo\/aktuelt\/forhandsstemning-er-genialt\/\",\"url\":\"https:\/\/hoyre.no\/oslo\/aktuelt\/forhandsstemning-er-genialt\/\",\"name\":\"Forh\u00e5ndsstemming er genialt! - Oslo H\u00f8yre\",\"isPartOf\":{\"@id\":\"https:\/\/hoyre.no\/oslo\/#website\"},\"image\":{\"@id\":\"https:\/\/hoyre.no\/oslo\/aktuelt\/forhandsstemning-er-genialt\/#primaryimage\"},\"thumbnailUrl\":\"https:\/\/hoyre.no\/content\/uploads\/sites\/408\/2022\/09\/Kristin-Vinje-og-Anne-Sofie-Morseth.jpg\",\"datePublished\":\"2013-08-13T11:28:58+00:00\",\"dateModified\":\"2022-09-26T13:06:55+00:00\",\"breadcrumb\":{\"@id\":\"https:\/\/hoyre.no\/oslo\/aktuelt\/forhandsstemning-er-genialt\/#breadcrumb\"},\"inLanguage\":\"nb-NO\",\"potentialAction\":[{\"@type\":\"ReadAction\",\"target\":[\"https:\/\/hoyre.no\/oslo\/aktuelt\/forhandsstemning-er-genialt\/\"]}]},{\"@type\":\"ImageObject\",\"inLanguage\":\"nb-NO\",\"@id\":\"https:\/\/hoyre.no\/oslo\/aktuelt\/forhandsstemning-er-genialt\/#primaryimage\",\"url\":\"https:\/\/hoyre.no\/content\/uploads\/sites\/408\/2022\/09\/Kristin-Vinje-og-Anne-Sofie-Morseth.jpg\",\"contentUrl\":\"https:\/\/hoyre.no\/content\/uploads\/sites\/408\/2022\/09\/Kristin-Vinje-og-Anne-Sofie-Morseth.jpg\",\"width\":1024,\"height\":361,\"caption\":\"Kristin Vinje og Anne-Sofie Morseth\"},{\"@type\":\"BreadcrumbList\",\"@id\":\"https:\/\/hoyre.no\/oslo\/aktuelt\/forhandsstemning-er-genialt\/#breadcrumb\",\"itemListElement\":[{\"@type\":\"ListItem\",\"position\":1,\"name\":\"Til hoyre.no\",\"item\":\"https:\/\/hoyre.no\"},{\"@type\":\"ListItem\",\"position\":2,\"name\":\"Hjem\",\"item\":\"https:\/\/hoyre.no\/oslo\/\"},{\"@type\":\"ListItem\",\"position\":3,\"name\":\"Forh\u00e5ndsstemming er genialt!\"}]},{\"@type\":\"WebSite\",\"@id\":\"https:\/\/hoyre.no\/oslo\/#website\",\"url\":\"https:\/\/hoyre.no\/oslo\/\",\"name\":\"Oslo H\u00f8yre\",\"description\":\"\",\"publisher\":{\"@id\":\"https:\/\/hoyre.no\/oslo\/#organization\"},\"inLanguage\":\"nb-NO\"},{\"@type\":\"Organization\",\"@id\":\"https:\/\/hoyre.no\/oslo\/#organization\",\"name\":\"Oslo H\u00f8yre\",\"url\":\"https:\/\/hoyre.no\/oslo\/\",\"logo\":{\"@type\":\"ImageObject\",\"inLanguage\":\"nb-NO\",\"@id\":\"https:\/\/hoyre.no\/oslo\/#\/schema\/logo\/image\/\",\"url\":\"https:\/\/hoyre.no\/content\/uploads\/sites\/408\/2022\/11\/Hoyres-logo.png\",\"contentUrl\":\"https:\/\/hoyre.no\/content\/uploads\/sites\/408\/2022\/11\/Hoyres-logo.png\",\"width\":1000,\"height\":1000,\"caption\":\"Oslo H\u00f8yre\"},\"image\":{\"@id\":\"https:\/\/hoyre.no\/oslo\/#\/schema\/logo\/image\/\"},\"sameAs\":[\"https:\/\/www.facebook.com\/oslo.hoyre\"]}]}<\/script>\n<!-- \/ Yoast SEO Premium plugin. -->","yoast_head_json":{"title":"Forh\u00e5ndsstemming er genialt! - Oslo H\u00f8yre","robots":{"index":"index","follow":"follow","max-snippet":"max-snippet:-1","max-image-preview":"max-image-preview:large","max-video-preview":"max-video-preview:-1"},"canonical":"https:\/\/hoyre.no\/oslo\/aktuelt\/forhandsstemning-er-genialt\/","og_locale":"nb_NO","og_type":"article","og_title":"Forh\u00e5ndsstemming er genialt!","og_url":"https:\/\/hoyre.no\/oslo\/aktuelt\/forhandsstemning-er-genialt\/","og_site_name":"Oslo H\u00f8yre","article_publisher":"https:\/\/www.facebook.com\/oslo.hoyre","article_published_time":"2013-08-13T11:28:58+00:00","article_modified_time":"2022-09-26T13:06:55+00:00","og_image":[{"width":1024,"height":361,"url":"https:\/\/hoyre.no\/content\/uploads\/sites\/408\/2022\/09\/Kristin-Vinje-og-Anne-Sofie-Morseth.jpg","type":"image\/jpeg"}],"twitter_card":"summary_large_image","twitter_misc":{"Ansl. lesetid":"2 minutter"},"schema":{"@context":"https:\/\/schema.org","@graph":[{"@type":"Article","@id":"https:\/\/hoyre.no\/oslo\/aktuelt\/forhandsstemning-er-genialt\/#article","isPartOf":{"@id":"https:\/\/hoyre.no\/oslo\/aktuelt\/forhandsstemning-er-genialt\/"},"author":{"name":"","@id":""},"headline":"Forh\u00e5ndsstemming er genialt!","datePublished":"2013-08-13T11:28:58+00:00","dateModified":"2022-09-26T13:06:55+00:00","mainEntityOfPage":{"@id":"https:\/\/hoyre.no\/oslo\/aktuelt\/forhandsstemning-er-genialt\/"},"wordCount":481,"publisher":{"@id":"https:\/\/hoyre.no\/oslo\/#organization"},"image":{"@id":"https:\/\/hoyre.no\/oslo\/aktuelt\/forhandsstemning-er-genialt\/#primaryimage"},"thumbnailUrl":"https:\/\/hoyre.no\/content\/uploads\/sites\/408\/2022\/09\/Kristin-Vinje-og-Anne-Sofie-Morseth.jpg","articleSection":["Nyheter"],"inLanguage":"nb-NO"},{"@type":"NewsArticle","@id":"https:\/\/hoyre.no\/oslo\/aktuelt\/forhandsstemning-er-genialt\/","url":"https:\/\/hoyre.no\/oslo\/aktuelt\/forhandsstemning-er-genialt\/","name":"Forh\u00e5ndsstemming er genialt! - Oslo H\u00f8yre","isPartOf":{"@id":"https:\/\/hoyre.no\/oslo\/#website"},"image":{"@id":"https:\/\/hoyre.no\/oslo\/aktuelt\/forhandsstemning-er-genialt\/#primaryimage"},"thumbnailUrl":"https:\/\/hoyre.no\/content\/uploads\/sites\/408\/2022\/09\/Kristin-Vinje-og-Anne-Sofie-Morseth.jpg","datePublished":"2013-08-13T11:28:58+00:00","dateModified":"2022-09-26T13:06:55+00:00","breadcrumb":{"@id":"https:\/\/hoyre.no\/oslo\/aktuelt\/forhandsstemning-er-genialt\/#breadcrumb"},"inLanguage":"nb-NO","potentialAction":[{"@type":"ReadAction","target":["https:\/\/hoyre.no\/oslo\/aktuelt\/forhandsstemning-er-genialt\/"]}]},{"@type":"ImageObject","inLanguage":"nb-NO","@id":"https:\/\/hoyre.no\/oslo\/aktuelt\/forhandsstemning-er-genialt\/#primaryimage","url":"https:\/\/hoyre.no\/content\/uploads\/sites\/408\/2022\/09\/Kristin-Vinje-og-Anne-Sofie-Morseth.jpg","contentUrl":"https:\/\/hoyre.no\/content\/uploads\/sites\/408\/2022\/09\/Kristin-Vinje-og-Anne-Sofie-Morseth.jpg","width":1024,"height":361,"caption":"Kristin Vinje og Anne-Sofie Morseth"},{"@type":"BreadcrumbList","@id":"https:\/\/hoyre.no\/oslo\/aktuelt\/forhandsstemning-er-genialt\/#breadcrumb","itemListElement":[{"@type":"ListItem","position":1,"name":"Til hoyre.no","item":"https:\/\/hoyre.no"},{"@type":"ListItem","position":2,"name":"Hjem","item":"https:\/\/hoyre.no\/oslo\/"},{"@type":"ListItem","position":3,"name":"Forh\u00e5ndsstemming er genialt!"}]},{"@type":"WebSite","@id":"https:\/\/hoyre.no\/oslo\/#website","url":"https:\/\/hoyre.no\/oslo\/","name":"Oslo H\u00f8yre","description":"","publisher":{"@id":"https:\/\/hoyre.no\/oslo\/#organization"},"inLanguage":"nb-NO"},{"@type":"Organization","@id":"https:\/\/hoyre.no\/oslo\/#organization","name":"Oslo H\u00f8yre","url":"https:\/\/hoyre.no\/oslo\/","logo":{"@type":"ImageObject","inLanguage":"nb-NO","@id":"https:\/\/hoyre.no\/oslo\/#\/schema\/logo\/image\/","url":"https:\/\/hoyre.no\/content\/uploads\/sites\/408\/2022\/11\/Hoyres-logo.png","contentUrl":"https:\/\/hoyre.no\/content\/uploads\/sites\/408\/2022\/11\/Hoyres-logo.png","width":1000,"height":1000,"caption":"Oslo H\u00f8yre"},"image":{"@id":"https:\/\/hoyre.no\/oslo\/#\/schema\/logo\/image\/"},"sameAs":["https:\/\/www.facebook.com\/oslo.hoyre"]}]}},"distributor_meta":false,"distributor_terms":false,"distributor_media":false,"distributor_original_site_name":"Oslo H\u00f8yre","distributor_original_site_url":"https:\/\/hoyre.no\/oslo","push-errors":false,"_links":{"self":[{"href":"https:\/\/hoyre.no\/oslo\/wp-json\/wp\/v2\/posts\/1836","targetHints":{"allow":["GET"]}}],"collection":[{"href":"https:\/\/hoyre.no\/oslo\/wp-json\/wp\/v2\/posts"}],"about":[{"href":"https:\/\/hoyre.no\/oslo\/wp-json\/wp\/v2\/types\/post"}],"replies":[{"embeddable":true,"href":"https:\/\/hoyre.no\/oslo\/wp-json\/wp\/v2\/comments?post=1836"}],"version-history":[{"count":1,"href":"https:\/\/hoyre.no\/oslo\/wp-json\/wp\/v2\/posts\/1836\/revisions"}],"predecessor-version":[{"id":3014,"href":"https:\/\/hoyre.no\/oslo\/wp-json\/wp\/v2\/posts\/1836\/revisions\/3014"}],"wp:featuredmedia":[{"embeddable":true,"href":"https:\/\/hoyre.no\/oslo\/wp-json\/wp\/v2\/media\/1837"}],"wp:attachment":[{"href":"https:\/\/hoyre.no\/oslo\/wp-json\/wp\/v2\/media?parent=1836"}],"wp:term":[{"taxonomy":"category","embeddable":true,"href":"https:\/\/hoyre.no\/oslo\/wp-json\/wp\/v2\/category?post=1836"},{"taxonomy":"post_tag","embeddable":true,"href":"https:\/\/hoyre.no\/oslo\/wp-json\/wp\/v2\/post_tag?post=1836"},{"taxonomy":"hoyre-visibility","embeddable":true,"href":"https:\/\/hoyre.no\/oslo\/wp-json\/wp\/v2\/hoyre-visibility?post=1836"},{"taxonomy":"article-type","embeddable":true,"href":"https:\/\/hoyre.no\/oslo\/wp-json\/wp\/v2\/article-type?post=1836"},{"taxonomy":"politician","embeddable":true,"href":"https:\/\/hoyre.no\/oslo\/wp-json\/wp\/v2\/politician?post=1836"}],"curies":[{"name":"wp","href":"https:\/\/api.w.org\/{rel}","templated":true}]}}