{"id":1845,"date":"2013-07-31T09:00:46","date_gmt":"2013-07-31T09:00:46","guid":{"rendered":"https:\/\/hoyre.no\/oslo\/aktuelt\/fornuftig-prioritering\/"},"modified":"2022-09-26T15:06:56","modified_gmt":"2022-09-26T13:06:56","slug":"fornuftig-prioritering","status":"publish","type":"post","link":"https:\/\/hoyre.no\/oslo\/aktuelt\/fornuftig-prioritering\/","title":{"rendered":"Fornuftig prioritering"},"content":{"rendered":"<figure class=\"hoyre-image-wrapper\"><div class=\"hoyre-image\"><img loading=\"lazy\" decoding=\"async\" width=\"1024\" height=\"361\" src=\"https:\/\/hoyre.no\/content\/uploads\/sites\/408\/2022\/09\/Pappa.jpg\" class=\"attachment-scaled size-scaled\" alt=\"Pappa\" style=\"object-position: 50% 50%\" srcset=\"https:\/\/hoyre.no\/content\/uploads\/sites\/408\/2022\/09\/Pappa.jpg 1024w, https:\/\/hoyre.no\/content\/uploads\/sites\/408\/2022\/09\/Pappa-300x106.jpg 300w, https:\/\/hoyre.no\/content\/uploads\/sites\/408\/2022\/09\/Pappa-768x271.jpg 768w\" sizes=\"auto, (max-width: 1024px) 100vw, 1024px\" \/><\/div><\/figure><div id=\"hoyre-old-article-content-wrapper\"><p>Det er ikke et statlig ansvar \u00e5 s\u00f8rge for at unge, friske voksne kvinner ikke blir gravide. Jeg er uenig med helseministeren i mye, men enig i hans nei til gratis p-piller.<\/p><p>Helseminister Jonas Gahr St\u00f8re h\u00f8ster kritikk for at han ikke vil bruke 100 millioner av skattebetalernes penger p\u00e5 voksne, friske, unge mennesker. Det er en fornuftig prioritering av helseministeren. Men if\u00f8lge VGs Mads A Andersen trenger helseministeren en angrepille.<\/p><p><strong>Skattebetalernes penger<\/strong><\/p><p>I mars i \u00e5r kunne vi lese at lederen i ungdomsorganisasjonen til Kristelig Folkeparti, Elisabeth L\u00f8land, mente det var \u00abhelt absurd\u00bb at prevensjon enn\u00e5 ikke er gratis i Norge.<\/p><p>Med seg hadde hun Eskil Pedersen, lederen i AUF, som begge deltok sammen med undertegnede p\u00e5 et seminar om nettopp gratis prevensjon for alle under 25 \u00e5r i regi av Bayer Healthcare, et amerikansk selskap innen legemiddelindustrien. \u00abGratis\u00bb her i betydning av at skattebetalerne skulle betale legemiddelindustrien for hormonell prevensjon til unge kvinner.<\/p><p><strong>Friske mennesker<\/strong><\/p><p>Ikke overraskende har forslaget om \u00abgratis\u00bb hormonell prevensjon stor st\u00f8tte hos de r\u00f8dgr\u00f8nne ungdomspartiene, i tillegg til KrFU. Ogs\u00e5 politiske kommentatorer synes \u00e5penbart det er riktig \u00e5 bruke helsepenger p\u00e5 friske, voksne mennesker.<\/p><p>Det er \u00e5penbart ingen av dem som ser det absurde i \u00e5 bruke 100 millioner p\u00e5 voksne, friske mennesker som forventes \u00e5 betale husleie, str\u00f8m, mat og kl\u00e6r selv &#8211; men alts\u00e5 ikke i underkant av to hunder kroner for tre m\u00e5neder med p-piller.<\/p><p>Samtidig kan vi alle bestille \u00abgratis\u00bb kondomer p\u00e5 gratiskondomer.no, et prevensjonsmiddel som i tillegg til \u00e5 redusere risikoen for graviditet ogs\u00e5 reduserer risiko for kj\u00f8nnssykdommer som klamydia, gonor\u00e9, syfilis eller hiv, hvorav de to f\u00f8rste kan for\u00e5rsake infertilitet og de to siste d\u00f8d.<\/p><p><strong>Krav om dokumentasjon<\/strong><\/p><p>Bakgrunnen for forslaget om skattebetalerfinansiert hormonell prevensjon er basert p\u00e5 resultater fra et fors\u00f8k med gratis hormonell prevensjon i Troms\u00f8 og Hamar. Helsedirektoratet hevder at det har v\u00e6rt 50 prosent reduksjon i abortforekomst i aldersgruppen 20-24 \u00e5r i disse kommunene.<\/p><p>For det f\u00f8rste er det mindre en 35 prosent av de spurte som har svart, hvilket burde gj\u00f8re det vanskelig \u00e5 konkludere s\u00e5 bastant. For det andre viser ikke den nasjonale abortstatistikken, som omfatter alle kvinnene og som gjengis i rapporten, noen halvering av aborter blant 20-24 \u00e5ringer i Troms\u00f8 og Hamar etter innf\u00f8ring av gratis prevensjon. Innf\u00f8ring av ny medisinsk praksis stiller strenge krav om dokumentasjon. Det foreligger ikke her.<\/p><p><strong>Et personlig ansvar<\/strong><\/p><p>Dessuten er ikke dette bare et kostnadssp\u00f8rsm\u00e5l, men en prinsipielt sp\u00f8rsm\u00e5l om grenser for stat og personlig ansvar. Helsevesenet m\u00e5 i \u00f8kende grad prioritere, samtidig som det kommer krav om stadig nye utgifter til friske mennesker eller tiltak uten helseeffekt, enten det er \u00e5 \u00f8ke antall fors\u00f8k p\u00e5 assistert befruktning eller s\u00f8rge for at unge, friske voksne kvinner ikke blir gravide.<\/p><p>Kostnaden for prevensjon er for de aller, aller fleste, ikke en hindring. Helsedirektoratet selv skriver at de ikke har vurdert dette tiltaket opp mot andre tiltak for \u00e5 f\u00e5 ned antall u\u00f8nskede svangerskap.<\/p><p><strong>Et paradoks<\/strong><\/p><p>Det er ogs\u00e5 grunn til \u00e5 tro at det gratis hormonell prevensjon f\u00f8rst og fremst vil forebygge er antall graviditeter i Norge. Det er ikke slik at alle uplanlagte svangerskap resulterer i abort.<\/p><p>Det er et paradoks, som ogs\u00e5 Senterpartiets Jenny Klinge har p\u00e5pekt, at samfunnet p\u00e5 den ene siden bruker ressurser p\u00e5 \u00e5 hjelpe eldre barnl\u00f8se p\u00e5 \u00e5 f\u00e5 barn og p\u00e5 den andre siden skal hindre unge, friske fruktbare kvinner \u00e5 bli gravide.<\/p><p>Gjennomsnittsalderen p\u00e5 f\u00f8rstegangsf\u00f8dende kvinner er n\u00e5 30 \u00e5r i Norge. Da er fruktbarheten til en kvinne halvparten av hva den var da hun var 20 \u00e5r. Fra et biologisk synspunkt er det alts\u00e5 mest gunstig \u00e5 f\u00f8de barn tidligere. Da er det lettere \u00e5 bli gravid, mindre komplikasjoner i svangerskapet og under f\u00f8dselen, og p\u00e5 lang sikt ville brystkreftforekomsten bli redusert. Men trygde- og st\u00f8nadssystemet i Norge favoriserer de som velger \u00e5 vente. Det er f\u00f8rst n\u00e5r kvinnene er i jobb og har en fast inntekt at de har krav p\u00e5 verdens beste st\u00f8nader forbundet med f\u00f8dsel og permisjon.<\/p><p>I stedet for \u00e5 bruke 100 millioner kroner for \u00e5 hindre friske, unge kvinner i \u00e5 bli gravide, s\u00e5 b\u00f8r vi g\u00e5 gjennom st\u00f8nadsordningene for \u00e5 sikre at disse virker etter hensikten.<\/p><p><strong>Aborttallene g\u00e5r ned<\/strong><\/p><p>Dessuten har aborttallene ligget stabilt p\u00e5 rundt 15 000 i \u00e5ret siden abortloven kom for 30 \u00e5r siden. Samtidig har folketallet steget med n\u00e6rmere 1 million. Det betyr faktisk at antall aborter i forhold til befolkningen g\u00e5r ned. I tillegg fortsetter antall ten\u00e5ringsgraviditeter og aborter \u00e5 synke, ogs\u00e5 i absolutte tall. Det er det grunn til \u00e5 glede seg over.<\/p><p>Politikk er prioritering. Jeg er uenig med helseministeren i mye. Men akkurat her prioriterer han helt riktig.<\/p><p><em>Dette innlegget stod p\u00e5 trykk i VG 31.07.12<\/em><\/p><p><em>Foto: colourbox.com<\/em><\/p>\n<\/div>\n<div class=\"tags\">\n\t<\/div>\n<div class=\"post-footer alignfull has-background block-editor-block-list__block\" data-align=full>\n\t<div class=\"post-footer-inner\">\n\t\t<h3>Relaterte artikler<\/h3>\n\t\t<div class=\"related-content\"><div class=\"is-card-hoyre\">\n\t<div class=\"teft-card hoyre-teft-card post-teft-card\">\n\t\t<a href=\"https:\/\/hoyre.no\/oslo\/aktuelt\/mdg-moralismen-fornekter-seg-ikke\/\" class=\"teft-card__primary-action\">\n\n\t\t\t\t\t<div class=\"teft-card__media teft-card__media--16-9\">\n\t\t\t\t\t\t<img loading=\"lazy\" decoding=\"async\" width=\"768\" height=\"512\" src=\"https:\/\/hoyre.no\/content\/uploads\/sites\/408\/2024\/01\/QZQlxtOC-768x512.jpeg\" class=\"attachment-medium_large size-medium_large\" alt=\"Merete Agerbak-Jensen\" srcset=\"https:\/\/hoyre.no\/content\/uploads\/sites\/408\/2024\/01\/QZQlxtOC-768x512.jpeg 768w, https:\/\/hoyre.no\/content\/uploads\/sites\/408\/2024\/01\/QZQlxtOC-300x200.jpeg 300w, https:\/\/hoyre.no\/content\/uploads\/sites\/408\/2024\/01\/QZQlxtOC-1024x683.jpeg 1024w, https:\/\/hoyre.no\/content\/uploads\/sites\/408\/2024\/01\/QZQlxtOC-1536x1024.jpeg 1536w, https:\/\/hoyre.no\/content\/uploads\/sites\/408\/2024\/01\/QZQlxtOC-2048x1365.jpeg 2048w\" sizes=\"auto, (max-width: 768px) 100vw, 768px\" \/>\t\t<\/div>\n\t\t\n\t\t\t<div class=\"teft-card__content-wrapper\">\n\t\t\t\t<div class=\"teft-card__secondary\">\n\t\t\t\t\t\n\t\t\t\t\t\t\t\t<div class=\"teft-card__meta\">\n\t\t\t\t\t\t\t\t\t<span class=\"post-date\">23. apr 2026<\/span>\n\n\t\t\t\t\t\t\t\t\t\t\t\t\t\t\t\t\t<\/div>\n\t\t\t\t\t\t\t\t\t\t\t<\/div>\n\n\t\t\t\t<div class=\"teft-card__primary\">\n\t\t\t\t\t<h2 class=\"teft-card__title\">MDG-moralismen fornekter seg ikke&nbsp;<span class=\"teft-card__primary-title-append\"><\/span><\/h2>\t\t\t\t<\/div>\n\t\t\t<\/div>\n\t\t<\/a>\n\t<\/div>\n\n\t<\/div><div class=\"is-card-hoyre\">\n\t<div class=\"teft-card hoyre-teft-card post-teft-card\">\n\t\t<a href=\"https:\/\/hoyre.no\/oslo\/aktuelt\/raskere-og-enklere-a-bygge-boliger-og-skape-arbeidsplasser-i-oslo\/\" class=\"teft-card__primary-action\">\n\n\t\t\t\t\t<div class=\"teft-card__media teft-card__media--16-9\">\n\t\t\t\t\t\t<img loading=\"lazy\" decoding=\"async\" width=\"768\" height=\"576\" src=\"https:\/\/hoyre.no\/content\/uploads\/sites\/408\/2026\/04\/Eirik-Lae-Solberg-og-Anita-Leirvik-North-768x576.jpg\" class=\"attachment-medium_large size-medium_large\" alt=\"\" srcset=\"https:\/\/hoyre.no\/content\/uploads\/sites\/408\/2026\/04\/Eirik-Lae-Solberg-og-Anita-Leirvik-North-768x576.jpg 768w, https:\/\/hoyre.no\/content\/uploads\/sites\/408\/2026\/04\/Eirik-Lae-Solberg-og-Anita-Leirvik-North-300x225.jpg 300w, https:\/\/hoyre.no\/content\/uploads\/sites\/408\/2026\/04\/Eirik-Lae-Solberg-og-Anita-Leirvik-North.jpg 901w\" sizes=\"auto, (max-width: 768px) 100vw, 768px\" \/>\t\t<\/div>\n\t\t\n\t\t\t<div class=\"teft-card__content-wrapper\">\n\t\t\t\t<div class=\"teft-card__secondary\">\n\t\t\t\t\t\n\t\t\t\t\t\t\t\t<div class=\"teft-card__meta\">\n\t\t\t\t\t\t\t\t\t<span class=\"post-date\">14. apr 2026<\/span>\n\n\t\t\t\t\t\t\t\t\t<span class=\"post-category\">Har lagt frem ny KPA:<\/span>\t\t\t\t\t\t\t\t<\/div>\n\t\t\t\t\t\t\t\t\t\t\t<\/div>\n\n\t\t\t\t<div class=\"teft-card__primary\">\n\t\t\t\t\t<h2 class=\"teft-card__title\">Raskere og enklere \u00e5 bygge boliger og skape arbeidsplasser i Oslo&nbsp;<span class=\"teft-card__primary-title-append\"><\/span><\/h2>\t\t\t\t<\/div>\n\t\t\t<\/div>\n\t\t<\/a>\n\t<\/div>\n\n\t<\/div><div class=\"is-card-hoyre\">\n\t<div class=\"teft-card hoyre-teft-card post-teft-card\">\n\t\t<a href=\"https:\/\/hoyre.no\/oslo\/aktuelt\/bedre-elevresultater-og-en-skoleokonomi-i-balanse-med-blagront-byrad\/\" class=\"teft-card__primary-action\">\n\n\t\t\t\t\t<div class=\"teft-card__media teft-card__media--16-9\">\n\t\t\t\t\t\t<img loading=\"lazy\" decoding=\"async\" width=\"768\" height=\"512\" src=\"https:\/\/hoyre.no\/content\/uploads\/sites\/408\/2025\/05\/IMG_6440-768x512.jpeg\" class=\"attachment-medium_large size-medium_large\" alt=\"Julie Remen Midtgarden\" srcset=\"https:\/\/hoyre.no\/content\/uploads\/sites\/408\/2025\/05\/IMG_6440-768x512.jpeg 768w, https:\/\/hoyre.no\/content\/uploads\/sites\/408\/2025\/05\/IMG_6440-300x200.jpeg 300w, https:\/\/hoyre.no\/content\/uploads\/sites\/408\/2025\/05\/IMG_6440-1024x683.jpeg 1024w, https:\/\/hoyre.no\/content\/uploads\/sites\/408\/2025\/05\/IMG_6440-1536x1024.jpeg 1536w, https:\/\/hoyre.no\/content\/uploads\/sites\/408\/2025\/05\/IMG_6440-2048x1365.jpeg 2048w\" sizes=\"auto, (max-width: 768px) 100vw, 768px\" \/>\t\t<\/div>\n\t\t\n\t\t\t<div class=\"teft-card__content-wrapper\">\n\t\t\t\t<div class=\"teft-card__secondary\">\n\t\t\t\t\t\n\t\t\t\t\t\t\t\t<div class=\"teft-card__meta\">\n\t\t\t\t\t\t\t\t\t<span class=\"post-date\">26. mar 2026<\/span>\n\n\t\t\t\t\t\t\t\t\t\t\t\t\t\t\t\t\t<\/div>\n\t\t\t\t\t\t\t\t\t\t\t<\/div>\n\n\t\t\t\t<div class=\"teft-card__primary\">\n\t\t\t\t\t<h2 class=\"teft-card__title\">Bedre elevresultater og en skole\u00f8konomi i balanse med bl\u00e5gr\u00f8nt byr\u00e5d&nbsp;<span class=\"teft-card__primary-title-append\"><\/span><\/h2>\t\t\t\t<\/div>\n\t\t\t<\/div>\n\t\t<\/a>\n\t<\/div>\n\n\t<\/div><\/div>\t<\/div>\n<\/div>\n","protected":false},"excerpt":{"rendered":"","protected":false},"author":0,"featured_media":0,"comment_status":"closed","ping_status":"open","sticky":false,"template":"","format":"standard","meta":{"teft_cards_image_url":"","teft_cards_custom_pretitle":"","teft_cards_image_id":0,"teft_cards_image_focal_point_x":0,"teft_cards_image_focal_point_y":0,"teft_cards_title":"","teft_cards_excerpt":"","teft_show_chapters":false,"author_display_name":"Oslo H\u00f8yre","footnotes":""},"category":[13,1],"post_tag":[],"hoyre-visibility":[],"article-type":[],"politician":[],"class_list":["post-1845","post","type-post","status-publish","format-standard","hentry","category-arbeid-og-sosial","category-nyheter"],"yoast_head":"<!-- This site is optimized with the Yoast SEO Premium plugin v26.5 (Yoast SEO v26.6) - https:\/\/yoast.com\/wordpress\/plugins\/seo\/ -->\n<title>Fornuftig prioritering - Oslo H\u00f8yre<\/title>\n<meta name=\"robots\" content=\"index, follow, max-snippet:-1, max-image-preview:large, max-video-preview:-1\" \/>\n<link rel=\"canonical\" href=\"https:\/\/hoyre.no\/oslo\/aktuelt\/fornuftig-prioritering\/\" \/>\n<meta property=\"og:locale\" content=\"nb_NO\" \/>\n<meta property=\"og:type\" content=\"article\" \/>\n<meta property=\"og:title\" content=\"Fornuftig prioritering\" \/>\n<meta property=\"og:url\" content=\"https:\/\/hoyre.no\/oslo\/aktuelt\/fornuftig-prioritering\/\" \/>\n<meta property=\"og:site_name\" content=\"Oslo H\u00f8yre\" \/>\n<meta property=\"article:publisher\" content=\"https:\/\/www.facebook.com\/oslo.hoyre\" \/>\n<meta property=\"article:published_time\" content=\"2013-07-31T09:00:46+00:00\" \/>\n<meta property=\"article:modified_time\" content=\"2022-09-26T13:06:56+00:00\" \/>\n<meta property=\"og:image\" content=\"https:\/\/hoyre.no\/content\/uploads\/sites\/408\/2022\/11\/Hoyres-logo.png\" \/>\n\t<meta property=\"og:image:width\" content=\"1000\" \/>\n\t<meta property=\"og:image:height\" content=\"1000\" \/>\n\t<meta property=\"og:image:type\" content=\"image\/png\" \/>\n<meta name=\"twitter:card\" content=\"summary_large_image\" \/>\n<meta name=\"twitter:label1\" content=\"Ansl. lesetid\" \/>\n\t<meta name=\"twitter:data1\" content=\"4 minutter\" \/>\n<script type=\"application\/ld+json\" class=\"yoast-schema-graph\">{\"@context\":\"https:\/\/schema.org\",\"@graph\":[{\"@type\":\"Article\",\"@id\":\"https:\/\/hoyre.no\/oslo\/aktuelt\/fornuftig-prioritering\/#article\",\"isPartOf\":{\"@id\":\"https:\/\/hoyre.no\/oslo\/aktuelt\/fornuftig-prioritering\/\"},\"author\":{\"name\":\"\",\"@id\":\"\"},\"headline\":\"Fornuftig prioritering\",\"datePublished\":\"2013-07-31T09:00:46+00:00\",\"dateModified\":\"2022-09-26T13:06:56+00:00\",\"mainEntityOfPage\":{\"@id\":\"https:\/\/hoyre.no\/oslo\/aktuelt\/fornuftig-prioritering\/\"},\"wordCount\":815,\"publisher\":{\"@id\":\"https:\/\/hoyre.no\/oslo\/#organization\"},\"articleSection\":[\"Arbeid og sosial\",\"Nyheter\"],\"inLanguage\":\"nb-NO\"},{\"@type\":\"NewsArticle\",\"@id\":\"https:\/\/hoyre.no\/oslo\/aktuelt\/fornuftig-prioritering\/\",\"url\":\"https:\/\/hoyre.no\/oslo\/aktuelt\/fornuftig-prioritering\/\",\"name\":\"Fornuftig prioritering - Oslo H\u00f8yre\",\"isPartOf\":{\"@id\":\"https:\/\/hoyre.no\/oslo\/#website\"},\"datePublished\":\"2013-07-31T09:00:46+00:00\",\"dateModified\":\"2022-09-26T13:06:56+00:00\",\"breadcrumb\":{\"@id\":\"https:\/\/hoyre.no\/oslo\/aktuelt\/fornuftig-prioritering\/#breadcrumb\"},\"inLanguage\":\"nb-NO\",\"potentialAction\":[{\"@type\":\"ReadAction\",\"target\":[\"https:\/\/hoyre.no\/oslo\/aktuelt\/fornuftig-prioritering\/\"]}]},{\"@type\":\"BreadcrumbList\",\"@id\":\"https:\/\/hoyre.no\/oslo\/aktuelt\/fornuftig-prioritering\/#breadcrumb\",\"itemListElement\":[{\"@type\":\"ListItem\",\"position\":1,\"name\":\"Til hoyre.no\",\"item\":\"https:\/\/hoyre.no\"},{\"@type\":\"ListItem\",\"position\":2,\"name\":\"Hjem\",\"item\":\"https:\/\/hoyre.no\/oslo\/\"},{\"@type\":\"ListItem\",\"position\":3,\"name\":\"Fornuftig prioritering\"}]},{\"@type\":\"WebSite\",\"@id\":\"https:\/\/hoyre.no\/oslo\/#website\",\"url\":\"https:\/\/hoyre.no\/oslo\/\",\"name\":\"Oslo H\u00f8yre\",\"description\":\"\",\"publisher\":{\"@id\":\"https:\/\/hoyre.no\/oslo\/#organization\"},\"inLanguage\":\"nb-NO\"},{\"@type\":\"Organization\",\"@id\":\"https:\/\/hoyre.no\/oslo\/#organization\",\"name\":\"Oslo H\u00f8yre\",\"url\":\"https:\/\/hoyre.no\/oslo\/\",\"logo\":{\"@type\":\"ImageObject\",\"inLanguage\":\"nb-NO\",\"@id\":\"https:\/\/hoyre.no\/oslo\/#\/schema\/logo\/image\/\",\"url\":\"https:\/\/hoyre.no\/content\/uploads\/sites\/408\/2022\/11\/Hoyres-logo.png\",\"contentUrl\":\"https:\/\/hoyre.no\/content\/uploads\/sites\/408\/2022\/11\/Hoyres-logo.png\",\"width\":1000,\"height\":1000,\"caption\":\"Oslo H\u00f8yre\"},\"image\":{\"@id\":\"https:\/\/hoyre.no\/oslo\/#\/schema\/logo\/image\/\"},\"sameAs\":[\"https:\/\/www.facebook.com\/oslo.hoyre\"]}]}<\/script>\n<!-- \/ Yoast SEO Premium plugin. -->","yoast_head_json":{"title":"Fornuftig prioritering - Oslo H\u00f8yre","robots":{"index":"index","follow":"follow","max-snippet":"max-snippet:-1","max-image-preview":"max-image-preview:large","max-video-preview":"max-video-preview:-1"},"canonical":"https:\/\/hoyre.no\/oslo\/aktuelt\/fornuftig-prioritering\/","og_locale":"nb_NO","og_type":"article","og_title":"Fornuftig prioritering","og_url":"https:\/\/hoyre.no\/oslo\/aktuelt\/fornuftig-prioritering\/","og_site_name":"Oslo H\u00f8yre","article_publisher":"https:\/\/www.facebook.com\/oslo.hoyre","article_published_time":"2013-07-31T09:00:46+00:00","article_modified_time":"2022-09-26T13:06:56+00:00","og_image":[{"width":1000,"height":1000,"url":"https:\/\/hoyre.no\/content\/uploads\/sites\/408\/2022\/11\/Hoyres-logo.png","type":"image\/png"}],"twitter_card":"summary_large_image","twitter_misc":{"Ansl. lesetid":"4 minutter"},"schema":{"@context":"https:\/\/schema.org","@graph":[{"@type":"Article","@id":"https:\/\/hoyre.no\/oslo\/aktuelt\/fornuftig-prioritering\/#article","isPartOf":{"@id":"https:\/\/hoyre.no\/oslo\/aktuelt\/fornuftig-prioritering\/"},"author":{"name":"","@id":""},"headline":"Fornuftig prioritering","datePublished":"2013-07-31T09:00:46+00:00","dateModified":"2022-09-26T13:06:56+00:00","mainEntityOfPage":{"@id":"https:\/\/hoyre.no\/oslo\/aktuelt\/fornuftig-prioritering\/"},"wordCount":815,"publisher":{"@id":"https:\/\/hoyre.no\/oslo\/#organization"},"articleSection":["Arbeid og sosial","Nyheter"],"inLanguage":"nb-NO"},{"@type":"NewsArticle","@id":"https:\/\/hoyre.no\/oslo\/aktuelt\/fornuftig-prioritering\/","url":"https:\/\/hoyre.no\/oslo\/aktuelt\/fornuftig-prioritering\/","name":"Fornuftig prioritering - Oslo H\u00f8yre","isPartOf":{"@id":"https:\/\/hoyre.no\/oslo\/#website"},"datePublished":"2013-07-31T09:00:46+00:00","dateModified":"2022-09-26T13:06:56+00:00","breadcrumb":{"@id":"https:\/\/hoyre.no\/oslo\/aktuelt\/fornuftig-prioritering\/#breadcrumb"},"inLanguage":"nb-NO","potentialAction":[{"@type":"ReadAction","target":["https:\/\/hoyre.no\/oslo\/aktuelt\/fornuftig-prioritering\/"]}]},{"@type":"BreadcrumbList","@id":"https:\/\/hoyre.no\/oslo\/aktuelt\/fornuftig-prioritering\/#breadcrumb","itemListElement":[{"@type":"ListItem","position":1,"name":"Til hoyre.no","item":"https:\/\/hoyre.no"},{"@type":"ListItem","position":2,"name":"Hjem","item":"https:\/\/hoyre.no\/oslo\/"},{"@type":"ListItem","position":3,"name":"Fornuftig prioritering"}]},{"@type":"WebSite","@id":"https:\/\/hoyre.no\/oslo\/#website","url":"https:\/\/hoyre.no\/oslo\/","name":"Oslo H\u00f8yre","description":"","publisher":{"@id":"https:\/\/hoyre.no\/oslo\/#organization"},"inLanguage":"nb-NO"},{"@type":"Organization","@id":"https:\/\/hoyre.no\/oslo\/#organization","name":"Oslo H\u00f8yre","url":"https:\/\/hoyre.no\/oslo\/","logo":{"@type":"ImageObject","inLanguage":"nb-NO","@id":"https:\/\/hoyre.no\/oslo\/#\/schema\/logo\/image\/","url":"https:\/\/hoyre.no\/content\/uploads\/sites\/408\/2022\/11\/Hoyres-logo.png","contentUrl":"https:\/\/hoyre.no\/content\/uploads\/sites\/408\/2022\/11\/Hoyres-logo.png","width":1000,"height":1000,"caption":"Oslo H\u00f8yre"},"image":{"@id":"https:\/\/hoyre.no\/oslo\/#\/schema\/logo\/image\/"},"sameAs":["https:\/\/www.facebook.com\/oslo.hoyre"]}]}},"distributor_meta":false,"distributor_terms":false,"distributor_media":false,"distributor_original_site_name":"Oslo H\u00f8yre","distributor_original_site_url":"https:\/\/hoyre.no\/oslo","push-errors":false,"_links":{"self":[{"href":"https:\/\/hoyre.no\/oslo\/wp-json\/wp\/v2\/posts\/1845","targetHints":{"allow":["GET"]}}],"collection":[{"href":"https:\/\/hoyre.no\/oslo\/wp-json\/wp\/v2\/posts"}],"about":[{"href":"https:\/\/hoyre.no\/oslo\/wp-json\/wp\/v2\/types\/post"}],"replies":[{"embeddable":true,"href":"https:\/\/hoyre.no\/oslo\/wp-json\/wp\/v2\/comments?post=1845"}],"version-history":[{"count":1,"href":"https:\/\/hoyre.no\/oslo\/wp-json\/wp\/v2\/posts\/1845\/revisions"}],"predecessor-version":[{"id":3020,"href":"https:\/\/hoyre.no\/oslo\/wp-json\/wp\/v2\/posts\/1845\/revisions\/3020"}],"wp:attachment":[{"href":"https:\/\/hoyre.no\/oslo\/wp-json\/wp\/v2\/media?parent=1845"}],"wp:term":[{"taxonomy":"category","embeddable":true,"href":"https:\/\/hoyre.no\/oslo\/wp-json\/wp\/v2\/category?post=1845"},{"taxonomy":"post_tag","embeddable":true,"href":"https:\/\/hoyre.no\/oslo\/wp-json\/wp\/v2\/post_tag?post=1845"},{"taxonomy":"hoyre-visibility","embeddable":true,"href":"https:\/\/hoyre.no\/oslo\/wp-json\/wp\/v2\/hoyre-visibility?post=1845"},{"taxonomy":"article-type","embeddable":true,"href":"https:\/\/hoyre.no\/oslo\/wp-json\/wp\/v2\/article-type?post=1845"},{"taxonomy":"politician","embeddable":true,"href":"https:\/\/hoyre.no\/oslo\/wp-json\/wp\/v2\/politician?post=1845"}],"curies":[{"name":"wp","href":"https:\/\/api.w.org\/{rel}","templated":true}]}}