{"id":1846,"date":"2013-07-30T11:32:08","date_gmt":"2013-07-30T11:32:08","guid":{"rendered":"https:\/\/hoyre.no\/oslo\/aktuelt\/var-sosiale-boligpolitikk-gir-resultater-faerre-bostedslose-i-oslo\/"},"modified":"2022-09-26T15:06:57","modified_gmt":"2022-09-26T13:06:57","slug":"var-sosiale-boligpolitikk-gir-resultater-faerre-bostedslose-i-oslo","status":"publish","type":"post","link":"https:\/\/hoyre.no\/oslo\/aktuelt\/var-sosiale-boligpolitikk-gir-resultater-faerre-bostedslose-i-oslo\/","title":{"rendered":"V\u00e5r sosiale boligpolitikk gir resultater \u2013 f\u00e6rre bostedsl\u00f8se i Oslo"},"content":{"rendered":"<figure class=\"hoyre-image-wrapper\"><div class=\"hoyre-image\"><img loading=\"lazy\" decoding=\"async\" width=\"1024\" height=\"361\" src=\"https:\/\/hoyre.no\/content\/uploads\/sites\/408\/2022\/09\/Pappa.jpg\" class=\"attachment-scaled size-scaled\" alt=\"Pappa\" style=\"object-position: 50% 50%\" srcset=\"https:\/\/hoyre.no\/content\/uploads\/sites\/408\/2022\/09\/Pappa.jpg 1024w, https:\/\/hoyre.no\/content\/uploads\/sites\/408\/2022\/09\/Pappa-300x106.jpg 300w, https:\/\/hoyre.no\/content\/uploads\/sites\/408\/2022\/09\/Pappa-768x271.jpg 768w\" sizes=\"auto, (max-width: 1024px) 100vw, 1024px\" \/><\/div><\/figure><div id=\"hoyre-old-article-content-wrapper\"><p>F\u00f8r sommeren la NIBR frem rapporten \u201dBostedsl\u00f8se i Norge 2012 \u2013 en kartlegging\u201d. Den b\u00f8r ikke forbig\u00e5s i stillhet. Til det er temaet for viktig. Kartleggingen viser at bostedl\u00f8se g\u00e5r opp i landet, men betydelig ned i Oslo. Poltikken begynner \u00e5 virke.<\/p><p><em>Av Anniken Hauglie, helse- og sosialbyr\u00e5d<\/em><\/p><p>Rapporten bidrar til \u00e5 synliggj\u00f8re omfanget, trender og kjennetegn p\u00e5 hvem som er bostedsl\u00f8se, og hvilke risikofaktorer vi m\u00e5 v\u00e6re spesielt oppmerksomme p\u00e5.<\/p><p>Oslo har ikke uventet mange bostedsl\u00f8se. Som storby og hovedstad m\u00e5 vi derfor f\u00f8lge spesielt godt med p\u00e5 trender og utvikling. Som vi kan lese av NIBR rapporten hadde Oslo en halvering av tallet p\u00e5 bostedsl\u00f8se fra 1996 til 2003. Deretter steg det fram til 2008. N\u00e5 ser vi en gledelig nedgang. NIBR skriver:<em> \u201dP\u00e5 grunn av sterkt voksende folketall er den relative nedgangen i Oslo betydelig; fra 2,68 i 2008 til 2,24 pr 1000 innbyggere i 2012. (\u2026) Det mest overraskende er nedgangen i tallet p\u00e5 bostedsl\u00f8se i Oslo, b\u00e5de fordi befolkningen har vokst, og fordi byen opplever et sterkere press i boligmarkedet enn de andre storbyene.\u201d<\/em> Dette bekrefter at politikken begynner \u00e5 virke.<\/p><p>I 2010 utarbeidet byr\u00e5det rapporten \u201dN\u00e5r bolig ikke er nok\u201d. Den viste at vi hadde for mange personer med rus og\/eller psykiatriutfordringer som bodde i bolig uten oppf\u00f8lging, i lavterskeltilbud eller hadde et provisorisk, omflakkende liv. Noen utredet med diagnoser, andre med \u00e5penbare diagnoser men aldri utredet. Denne rapporten dannet grunnlaget for den f\u00f8rste boligsatsingen hvor vi satte av mer enn 600 mill kr til boliginvesteringer. I 2012 utarbeidet byr\u00e5det en boligbehovsplan, som er en omfattende kartlegging av boligbehovet i bydelene og hvilke strategier som skulle til for \u00e5 m\u00f8te behovet.<\/p><blockquote><p>NIBR-rapporten viser at vi er p\u00e5 rett vei<\/p><\/blockquote><p>Gruppene som trenger boliger er sv\u00e6rt forskjellige, og trenger ulik tiln\u00e6rming. Noen trenger en bolig men klarer seg selv utover det. Andre vil trenge omfattende hjelp og oppf\u00f8lging i boligen. Arbeidet m\u00e5 ta h\u00f8yde for disse ulikhetene. Et hovedpremiss m\u00e5 imidlertid v\u00e6re \u00e5 ankerkjenne at en egnet bolig er grunnleggende for alt, for oss alle. Uten en stabil bolig er det sosial- og helsefaglige arbeidet sv\u00e6rt vanskelig, for ikke \u00e5 si umulig, \u00e5 gjennomf\u00f8re. Med boligbehovsplanen ble nye 800 mill kr satt av til boliginvesteringer.<\/p><p>I 2013 presenterte Velferdsetaten kartleggingen \u201dUstabile brukere i Velferdsetaten lavterskeltilbud\u201d. Den viser at det til enhver tid er 30-40 personer som i perioder er utestengt fra lavterskeltilbudene p\u00e5 grunn av trusler og vold, og som lever i en evig \u201drunddans\u201d mellom tiltakene. Ni av dem vurderes som personer med alvorlig psykisk sykdom, som ikke er i m\u00e5lgruppa for tiltakene. P\u00e5 bakgrunn av denne rapporten har byr\u00e5det s\u00f8kt Helsedirektoratet om midler til \u00e5 etablere en institusjon, et slags \u201dsamhandlingshus\u201d som er tilpasset deres behov. Slik situasjonen er i dag, kan hverken bydelene, etatene eller spesialisthelsetjenesten tilby dette i tilstrekkelig grad til denne brukergruppa. Samtidig med dette ser vi en offensiv ute i bydelene hvor det leies inn boliger fra private g\u00e5rdeiere, det inng\u00e5s tilvisningsavtaler og det bygges opp tilpassede tilbud over hele byen. Den boligsosiale satsingen og innovasjonen om n\u00e5 p\u00e5g\u00e5r er spennende.<\/p><p>Strategier og tiltak forutsetter en god analyse og et korrekt kunnskapsgrunnlag. Oslo jobber m\u00e5lrettet med \u00e5 m\u00f8te de behovene vi har i dag og det vi tror blir behovet og utfordringer fremover. NIBR-rapporten viser at vi er p\u00e5 rett vei.<\/p><p>Dette innlegget ble publisert p\u00e5 <a title=\"Dagsavisen\" href=\"http:\/\/www.dagsavisen.no\/nyemeninger\/annik1\/\" target=\"_blank\" rel=\"noopener noreferrer\">dagsavisen.no<\/a><\/p><p><em>Foto: colourbox.com<\/em><\/p>\n<\/div>\n<div class=\"tags\">\n\t<\/div>\n<div class=\"post-footer alignfull has-background block-editor-block-list__block\" data-align=full>\n\t<div class=\"post-footer-inner\">\n\t\t<h3>Relaterte artikler<\/h3>\n\t\t<div class=\"related-content\"><div class=\"is-card-hoyre\">\n\t<div class=\"teft-card hoyre-teft-card post-teft-card\">\n\t\t<a href=\"https:\/\/hoyre.no\/oslo\/aktuelt\/mdg-moralismen-fornekter-seg-ikke\/\" class=\"teft-card__primary-action\">\n\n\t\t\t\t\t<div class=\"teft-card__media teft-card__media--16-9\">\n\t\t\t\t\t\t<img loading=\"lazy\" decoding=\"async\" width=\"768\" height=\"512\" src=\"https:\/\/hoyre.no\/content\/uploads\/sites\/408\/2024\/01\/QZQlxtOC-768x512.jpeg\" class=\"attachment-medium_large size-medium_large\" alt=\"Merete Agerbak-Jensen\" srcset=\"https:\/\/hoyre.no\/content\/uploads\/sites\/408\/2024\/01\/QZQlxtOC-768x512.jpeg 768w, https:\/\/hoyre.no\/content\/uploads\/sites\/408\/2024\/01\/QZQlxtOC-300x200.jpeg 300w, https:\/\/hoyre.no\/content\/uploads\/sites\/408\/2024\/01\/QZQlxtOC-1024x683.jpeg 1024w, https:\/\/hoyre.no\/content\/uploads\/sites\/408\/2024\/01\/QZQlxtOC-1536x1024.jpeg 1536w, https:\/\/hoyre.no\/content\/uploads\/sites\/408\/2024\/01\/QZQlxtOC-2048x1365.jpeg 2048w\" sizes=\"auto, (max-width: 768px) 100vw, 768px\" \/>\t\t<\/div>\n\t\t\n\t\t\t<div class=\"teft-card__content-wrapper\">\n\t\t\t\t<div class=\"teft-card__secondary\">\n\t\t\t\t\t\n\t\t\t\t\t\t\t\t<div class=\"teft-card__meta\">\n\t\t\t\t\t\t\t\t\t<span class=\"post-date\">23. apr 2026<\/span>\n\n\t\t\t\t\t\t\t\t\t\t\t\t\t\t\t\t\t<\/div>\n\t\t\t\t\t\t\t\t\t\t\t<\/div>\n\n\t\t\t\t<div class=\"teft-card__primary\">\n\t\t\t\t\t<h2 class=\"teft-card__title\">MDG-moralismen fornekter seg ikke&nbsp;<span class=\"teft-card__primary-title-append\"><\/span><\/h2>\t\t\t\t<\/div>\n\t\t\t<\/div>\n\t\t<\/a>\n\t<\/div>\n\n\t<\/div><div class=\"is-card-hoyre\">\n\t<div class=\"teft-card hoyre-teft-card post-teft-card\">\n\t\t<a href=\"https:\/\/hoyre.no\/oslo\/aktuelt\/raskere-og-enklere-a-bygge-boliger-og-skape-arbeidsplasser-i-oslo\/\" class=\"teft-card__primary-action\">\n\n\t\t\t\t\t<div class=\"teft-card__media teft-card__media--16-9\">\n\t\t\t\t\t\t<img loading=\"lazy\" decoding=\"async\" width=\"768\" height=\"576\" src=\"https:\/\/hoyre.no\/content\/uploads\/sites\/408\/2026\/04\/Eirik-Lae-Solberg-og-Anita-Leirvik-North-768x576.jpg\" class=\"attachment-medium_large size-medium_large\" alt=\"\" srcset=\"https:\/\/hoyre.no\/content\/uploads\/sites\/408\/2026\/04\/Eirik-Lae-Solberg-og-Anita-Leirvik-North-768x576.jpg 768w, https:\/\/hoyre.no\/content\/uploads\/sites\/408\/2026\/04\/Eirik-Lae-Solberg-og-Anita-Leirvik-North-300x225.jpg 300w, https:\/\/hoyre.no\/content\/uploads\/sites\/408\/2026\/04\/Eirik-Lae-Solberg-og-Anita-Leirvik-North.jpg 901w\" sizes=\"auto, (max-width: 768px) 100vw, 768px\" \/>\t\t<\/div>\n\t\t\n\t\t\t<div class=\"teft-card__content-wrapper\">\n\t\t\t\t<div class=\"teft-card__secondary\">\n\t\t\t\t\t\n\t\t\t\t\t\t\t\t<div class=\"teft-card__meta\">\n\t\t\t\t\t\t\t\t\t<span class=\"post-date\">14. apr 2026<\/span>\n\n\t\t\t\t\t\t\t\t\t<span class=\"post-category\">Har lagt frem ny KPA:<\/span>\t\t\t\t\t\t\t\t<\/div>\n\t\t\t\t\t\t\t\t\t\t\t<\/div>\n\n\t\t\t\t<div class=\"teft-card__primary\">\n\t\t\t\t\t<h2 class=\"teft-card__title\">Raskere og enklere \u00e5 bygge boliger og skape arbeidsplasser i Oslo&nbsp;<span class=\"teft-card__primary-title-append\"><\/span><\/h2>\t\t\t\t<\/div>\n\t\t\t<\/div>\n\t\t<\/a>\n\t<\/div>\n\n\t<\/div><div class=\"is-card-hoyre\">\n\t<div class=\"teft-card hoyre-teft-card post-teft-card\">\n\t\t<a href=\"https:\/\/hoyre.no\/oslo\/aktuelt\/bedre-elevresultater-og-en-skoleokonomi-i-balanse-med-blagront-byrad\/\" class=\"teft-card__primary-action\">\n\n\t\t\t\t\t<div class=\"teft-card__media teft-card__media--16-9\">\n\t\t\t\t\t\t<img loading=\"lazy\" decoding=\"async\" width=\"768\" height=\"512\" src=\"https:\/\/hoyre.no\/content\/uploads\/sites\/408\/2025\/05\/IMG_6440-768x512.jpeg\" class=\"attachment-medium_large size-medium_large\" alt=\"Julie Remen Midtgarden\" srcset=\"https:\/\/hoyre.no\/content\/uploads\/sites\/408\/2025\/05\/IMG_6440-768x512.jpeg 768w, https:\/\/hoyre.no\/content\/uploads\/sites\/408\/2025\/05\/IMG_6440-300x200.jpeg 300w, https:\/\/hoyre.no\/content\/uploads\/sites\/408\/2025\/05\/IMG_6440-1024x683.jpeg 1024w, https:\/\/hoyre.no\/content\/uploads\/sites\/408\/2025\/05\/IMG_6440-1536x1024.jpeg 1536w, https:\/\/hoyre.no\/content\/uploads\/sites\/408\/2025\/05\/IMG_6440-2048x1365.jpeg 2048w\" sizes=\"auto, (max-width: 768px) 100vw, 768px\" \/>\t\t<\/div>\n\t\t\n\t\t\t<div class=\"teft-card__content-wrapper\">\n\t\t\t\t<div class=\"teft-card__secondary\">\n\t\t\t\t\t\n\t\t\t\t\t\t\t\t<div class=\"teft-card__meta\">\n\t\t\t\t\t\t\t\t\t<span class=\"post-date\">26. mar 2026<\/span>\n\n\t\t\t\t\t\t\t\t\t\t\t\t\t\t\t\t\t<\/div>\n\t\t\t\t\t\t\t\t\t\t\t<\/div>\n\n\t\t\t\t<div class=\"teft-card__primary\">\n\t\t\t\t\t<h2 class=\"teft-card__title\">Bedre elevresultater og en skole\u00f8konomi i balanse med bl\u00e5gr\u00f8nt byr\u00e5d&nbsp;<span class=\"teft-card__primary-title-append\"><\/span><\/h2>\t\t\t\t<\/div>\n\t\t\t<\/div>\n\t\t<\/a>\n\t<\/div>\n\n\t<\/div><\/div>\t<\/div>\n<\/div>\n","protected":false},"excerpt":{"rendered":"","protected":false},"author":0,"featured_media":0,"comment_status":"closed","ping_status":"open","sticky":false,"template":"","format":"standard","meta":{"teft_cards_image_url":"","teft_cards_custom_pretitle":"","teft_cards_image_id":0,"teft_cards_image_focal_point_x":0,"teft_cards_image_focal_point_y":0,"teft_cards_title":"","teft_cards_excerpt":"","teft_show_chapters":false,"author_display_name":"Oslo H\u00f8yre","footnotes":""},"category":[1],"post_tag":[],"hoyre-visibility":[],"article-type":[],"politician":[],"class_list":["post-1846","post","type-post","status-publish","format-standard","hentry","category-nyheter"],"yoast_head":"<!-- This site is optimized with the Yoast SEO Premium plugin v26.5 (Yoast SEO v26.6) - https:\/\/yoast.com\/wordpress\/plugins\/seo\/ -->\n<title>V\u00e5r sosiale boligpolitikk gir resultater \u2013 f\u00e6rre bostedsl\u00f8se i Oslo - Oslo H\u00f8yre<\/title>\n<meta name=\"robots\" content=\"index, follow, max-snippet:-1, max-image-preview:large, max-video-preview:-1\" \/>\n<link rel=\"canonical\" href=\"https:\/\/hoyre.no\/oslo\/aktuelt\/var-sosiale-boligpolitikk-gir-resultater-faerre-bostedslose-i-oslo\/\" \/>\n<meta property=\"og:locale\" content=\"nb_NO\" \/>\n<meta property=\"og:type\" content=\"article\" \/>\n<meta property=\"og:title\" content=\"V\u00e5r sosiale boligpolitikk gir resultater \u2013 f\u00e6rre bostedsl\u00f8se i Oslo\" \/>\n<meta property=\"og:url\" content=\"https:\/\/hoyre.no\/oslo\/aktuelt\/var-sosiale-boligpolitikk-gir-resultater-faerre-bostedslose-i-oslo\/\" \/>\n<meta property=\"og:site_name\" content=\"Oslo H\u00f8yre\" \/>\n<meta property=\"article:publisher\" content=\"https:\/\/www.facebook.com\/oslo.hoyre\" \/>\n<meta property=\"article:published_time\" content=\"2013-07-30T11:32:08+00:00\" \/>\n<meta property=\"article:modified_time\" content=\"2022-09-26T13:06:57+00:00\" \/>\n<meta property=\"og:image\" content=\"https:\/\/hoyre.no\/content\/uploads\/sites\/408\/2022\/11\/Hoyres-logo.png\" \/>\n\t<meta property=\"og:image:width\" content=\"1000\" \/>\n\t<meta property=\"og:image:height\" content=\"1000\" \/>\n\t<meta property=\"og:image:type\" content=\"image\/png\" \/>\n<meta name=\"twitter:card\" content=\"summary_large_image\" \/>\n<meta name=\"twitter:label1\" content=\"Ansl. lesetid\" \/>\n\t<meta name=\"twitter:data1\" content=\"3 minutter\" \/>\n<script type=\"application\/ld+json\" class=\"yoast-schema-graph\">{\"@context\":\"https:\/\/schema.org\",\"@graph\":[{\"@type\":\"Article\",\"@id\":\"https:\/\/hoyre.no\/oslo\/aktuelt\/var-sosiale-boligpolitikk-gir-resultater-faerre-bostedslose-i-oslo\/#article\",\"isPartOf\":{\"@id\":\"https:\/\/hoyre.no\/oslo\/aktuelt\/var-sosiale-boligpolitikk-gir-resultater-faerre-bostedslose-i-oslo\/\"},\"author\":{\"name\":\"\",\"@id\":\"\"},\"headline\":\"V\u00e5r sosiale boligpolitikk gir resultater \u2013 f\u00e6rre bostedsl\u00f8se i Oslo\",\"datePublished\":\"2013-07-30T11:32:08+00:00\",\"dateModified\":\"2022-09-26T13:06:57+00:00\",\"mainEntityOfPage\":{\"@id\":\"https:\/\/hoyre.no\/oslo\/aktuelt\/var-sosiale-boligpolitikk-gir-resultater-faerre-bostedslose-i-oslo\/\"},\"wordCount\":601,\"publisher\":{\"@id\":\"https:\/\/hoyre.no\/oslo\/#organization\"},\"articleSection\":[\"Nyheter\"],\"inLanguage\":\"nb-NO\"},{\"@type\":\"NewsArticle\",\"@id\":\"https:\/\/hoyre.no\/oslo\/aktuelt\/var-sosiale-boligpolitikk-gir-resultater-faerre-bostedslose-i-oslo\/\",\"url\":\"https:\/\/hoyre.no\/oslo\/aktuelt\/var-sosiale-boligpolitikk-gir-resultater-faerre-bostedslose-i-oslo\/\",\"name\":\"V\u00e5r sosiale boligpolitikk gir resultater \u2013 f\u00e6rre bostedsl\u00f8se i Oslo - Oslo H\u00f8yre\",\"isPartOf\":{\"@id\":\"https:\/\/hoyre.no\/oslo\/#website\"},\"datePublished\":\"2013-07-30T11:32:08+00:00\",\"dateModified\":\"2022-09-26T13:06:57+00:00\",\"breadcrumb\":{\"@id\":\"https:\/\/hoyre.no\/oslo\/aktuelt\/var-sosiale-boligpolitikk-gir-resultater-faerre-bostedslose-i-oslo\/#breadcrumb\"},\"inLanguage\":\"nb-NO\",\"potentialAction\":[{\"@type\":\"ReadAction\",\"target\":[\"https:\/\/hoyre.no\/oslo\/aktuelt\/var-sosiale-boligpolitikk-gir-resultater-faerre-bostedslose-i-oslo\/\"]}]},{\"@type\":\"BreadcrumbList\",\"@id\":\"https:\/\/hoyre.no\/oslo\/aktuelt\/var-sosiale-boligpolitikk-gir-resultater-faerre-bostedslose-i-oslo\/#breadcrumb\",\"itemListElement\":[{\"@type\":\"ListItem\",\"position\":1,\"name\":\"Til hoyre.no\",\"item\":\"https:\/\/hoyre.no\"},{\"@type\":\"ListItem\",\"position\":2,\"name\":\"Hjem\",\"item\":\"https:\/\/hoyre.no\/oslo\/\"},{\"@type\":\"ListItem\",\"position\":3,\"name\":\"V\u00e5r sosiale boligpolitikk gir resultater \u2013 f\u00e6rre bostedsl\u00f8se i Oslo\"}]},{\"@type\":\"WebSite\",\"@id\":\"https:\/\/hoyre.no\/oslo\/#website\",\"url\":\"https:\/\/hoyre.no\/oslo\/\",\"name\":\"Oslo H\u00f8yre\",\"description\":\"\",\"publisher\":{\"@id\":\"https:\/\/hoyre.no\/oslo\/#organization\"},\"inLanguage\":\"nb-NO\"},{\"@type\":\"Organization\",\"@id\":\"https:\/\/hoyre.no\/oslo\/#organization\",\"name\":\"Oslo H\u00f8yre\",\"url\":\"https:\/\/hoyre.no\/oslo\/\",\"logo\":{\"@type\":\"ImageObject\",\"inLanguage\":\"nb-NO\",\"@id\":\"https:\/\/hoyre.no\/oslo\/#\/schema\/logo\/image\/\",\"url\":\"https:\/\/hoyre.no\/content\/uploads\/sites\/408\/2022\/11\/Hoyres-logo.png\",\"contentUrl\":\"https:\/\/hoyre.no\/content\/uploads\/sites\/408\/2022\/11\/Hoyres-logo.png\",\"width\":1000,\"height\":1000,\"caption\":\"Oslo H\u00f8yre\"},\"image\":{\"@id\":\"https:\/\/hoyre.no\/oslo\/#\/schema\/logo\/image\/\"},\"sameAs\":[\"https:\/\/www.facebook.com\/oslo.hoyre\"]}]}<\/script>\n<!-- \/ Yoast SEO Premium plugin. -->","yoast_head_json":{"title":"V\u00e5r sosiale boligpolitikk gir resultater \u2013 f\u00e6rre bostedsl\u00f8se i Oslo - Oslo H\u00f8yre","robots":{"index":"index","follow":"follow","max-snippet":"max-snippet:-1","max-image-preview":"max-image-preview:large","max-video-preview":"max-video-preview:-1"},"canonical":"https:\/\/hoyre.no\/oslo\/aktuelt\/var-sosiale-boligpolitikk-gir-resultater-faerre-bostedslose-i-oslo\/","og_locale":"nb_NO","og_type":"article","og_title":"V\u00e5r sosiale boligpolitikk gir resultater \u2013 f\u00e6rre bostedsl\u00f8se i Oslo","og_url":"https:\/\/hoyre.no\/oslo\/aktuelt\/var-sosiale-boligpolitikk-gir-resultater-faerre-bostedslose-i-oslo\/","og_site_name":"Oslo H\u00f8yre","article_publisher":"https:\/\/www.facebook.com\/oslo.hoyre","article_published_time":"2013-07-30T11:32:08+00:00","article_modified_time":"2022-09-26T13:06:57+00:00","og_image":[{"width":1000,"height":1000,"url":"https:\/\/hoyre.no\/content\/uploads\/sites\/408\/2022\/11\/Hoyres-logo.png","type":"image\/png"}],"twitter_card":"summary_large_image","twitter_misc":{"Ansl. lesetid":"3 minutter"},"schema":{"@context":"https:\/\/schema.org","@graph":[{"@type":"Article","@id":"https:\/\/hoyre.no\/oslo\/aktuelt\/var-sosiale-boligpolitikk-gir-resultater-faerre-bostedslose-i-oslo\/#article","isPartOf":{"@id":"https:\/\/hoyre.no\/oslo\/aktuelt\/var-sosiale-boligpolitikk-gir-resultater-faerre-bostedslose-i-oslo\/"},"author":{"name":"","@id":""},"headline":"V\u00e5r sosiale boligpolitikk gir resultater \u2013 f\u00e6rre bostedsl\u00f8se i Oslo","datePublished":"2013-07-30T11:32:08+00:00","dateModified":"2022-09-26T13:06:57+00:00","mainEntityOfPage":{"@id":"https:\/\/hoyre.no\/oslo\/aktuelt\/var-sosiale-boligpolitikk-gir-resultater-faerre-bostedslose-i-oslo\/"},"wordCount":601,"publisher":{"@id":"https:\/\/hoyre.no\/oslo\/#organization"},"articleSection":["Nyheter"],"inLanguage":"nb-NO"},{"@type":"NewsArticle","@id":"https:\/\/hoyre.no\/oslo\/aktuelt\/var-sosiale-boligpolitikk-gir-resultater-faerre-bostedslose-i-oslo\/","url":"https:\/\/hoyre.no\/oslo\/aktuelt\/var-sosiale-boligpolitikk-gir-resultater-faerre-bostedslose-i-oslo\/","name":"V\u00e5r sosiale boligpolitikk gir resultater \u2013 f\u00e6rre bostedsl\u00f8se i Oslo - Oslo H\u00f8yre","isPartOf":{"@id":"https:\/\/hoyre.no\/oslo\/#website"},"datePublished":"2013-07-30T11:32:08+00:00","dateModified":"2022-09-26T13:06:57+00:00","breadcrumb":{"@id":"https:\/\/hoyre.no\/oslo\/aktuelt\/var-sosiale-boligpolitikk-gir-resultater-faerre-bostedslose-i-oslo\/#breadcrumb"},"inLanguage":"nb-NO","potentialAction":[{"@type":"ReadAction","target":["https:\/\/hoyre.no\/oslo\/aktuelt\/var-sosiale-boligpolitikk-gir-resultater-faerre-bostedslose-i-oslo\/"]}]},{"@type":"BreadcrumbList","@id":"https:\/\/hoyre.no\/oslo\/aktuelt\/var-sosiale-boligpolitikk-gir-resultater-faerre-bostedslose-i-oslo\/#breadcrumb","itemListElement":[{"@type":"ListItem","position":1,"name":"Til hoyre.no","item":"https:\/\/hoyre.no"},{"@type":"ListItem","position":2,"name":"Hjem","item":"https:\/\/hoyre.no\/oslo\/"},{"@type":"ListItem","position":3,"name":"V\u00e5r sosiale boligpolitikk gir resultater \u2013 f\u00e6rre bostedsl\u00f8se i Oslo"}]},{"@type":"WebSite","@id":"https:\/\/hoyre.no\/oslo\/#website","url":"https:\/\/hoyre.no\/oslo\/","name":"Oslo H\u00f8yre","description":"","publisher":{"@id":"https:\/\/hoyre.no\/oslo\/#organization"},"inLanguage":"nb-NO"},{"@type":"Organization","@id":"https:\/\/hoyre.no\/oslo\/#organization","name":"Oslo H\u00f8yre","url":"https:\/\/hoyre.no\/oslo\/","logo":{"@type":"ImageObject","inLanguage":"nb-NO","@id":"https:\/\/hoyre.no\/oslo\/#\/schema\/logo\/image\/","url":"https:\/\/hoyre.no\/content\/uploads\/sites\/408\/2022\/11\/Hoyres-logo.png","contentUrl":"https:\/\/hoyre.no\/content\/uploads\/sites\/408\/2022\/11\/Hoyres-logo.png","width":1000,"height":1000,"caption":"Oslo H\u00f8yre"},"image":{"@id":"https:\/\/hoyre.no\/oslo\/#\/schema\/logo\/image\/"},"sameAs":["https:\/\/www.facebook.com\/oslo.hoyre"]}]}},"distributor_meta":false,"distributor_terms":false,"distributor_media":false,"distributor_original_site_name":"Oslo H\u00f8yre","distributor_original_site_url":"https:\/\/hoyre.no\/oslo","push-errors":false,"_links":{"self":[{"href":"https:\/\/hoyre.no\/oslo\/wp-json\/wp\/v2\/posts\/1846","targetHints":{"allow":["GET"]}}],"collection":[{"href":"https:\/\/hoyre.no\/oslo\/wp-json\/wp\/v2\/posts"}],"about":[{"href":"https:\/\/hoyre.no\/oslo\/wp-json\/wp\/v2\/types\/post"}],"replies":[{"embeddable":true,"href":"https:\/\/hoyre.no\/oslo\/wp-json\/wp\/v2\/comments?post=1846"}],"version-history":[{"count":1,"href":"https:\/\/hoyre.no\/oslo\/wp-json\/wp\/v2\/posts\/1846\/revisions"}],"predecessor-version":[{"id":3021,"href":"https:\/\/hoyre.no\/oslo\/wp-json\/wp\/v2\/posts\/1846\/revisions\/3021"}],"wp:attachment":[{"href":"https:\/\/hoyre.no\/oslo\/wp-json\/wp\/v2\/media?parent=1846"}],"wp:term":[{"taxonomy":"category","embeddable":true,"href":"https:\/\/hoyre.no\/oslo\/wp-json\/wp\/v2\/category?post=1846"},{"taxonomy":"post_tag","embeddable":true,"href":"https:\/\/hoyre.no\/oslo\/wp-json\/wp\/v2\/post_tag?post=1846"},{"taxonomy":"hoyre-visibility","embeddable":true,"href":"https:\/\/hoyre.no\/oslo\/wp-json\/wp\/v2\/hoyre-visibility?post=1846"},{"taxonomy":"article-type","embeddable":true,"href":"https:\/\/hoyre.no\/oslo\/wp-json\/wp\/v2\/article-type?post=1846"},{"taxonomy":"politician","embeddable":true,"href":"https:\/\/hoyre.no\/oslo\/wp-json\/wp\/v2\/politician?post=1846"}],"curies":[{"name":"wp","href":"https:\/\/api.w.org\/{rel}","templated":true}]}}