{"id":1847,"date":"2013-07-30T07:42:54","date_gmt":"2013-07-30T07:42:54","guid":{"rendered":"https:\/\/hoyre.no\/oslo\/aktuelt\/ideologisk-vrakgods\/"},"modified":"2022-09-26T15:06:57","modified_gmt":"2022-09-26T13:06:57","slug":"ideologisk-vrakgods","status":"publish","type":"post","link":"https:\/\/hoyre.no\/oslo\/aktuelt\/ideologisk-vrakgods\/","title":{"rendered":"Ideologisk vrakgods"},"content":{"rendered":"<figure class=\"hoyre-image-wrapper\"><div class=\"hoyre-image\"><img loading=\"lazy\" decoding=\"async\" width=\"1024\" height=\"361\" src=\"https:\/\/hoyre.no\/content\/uploads\/sites\/408\/2022\/09\/Pappa.jpg\" class=\"attachment-scaled size-scaled\" alt=\"Pappa\" style=\"object-position: 50% 50%\" srcset=\"https:\/\/hoyre.no\/content\/uploads\/sites\/408\/2022\/09\/Pappa.jpg 1024w, https:\/\/hoyre.no\/content\/uploads\/sites\/408\/2022\/09\/Pappa-300x106.jpg 300w, https:\/\/hoyre.no\/content\/uploads\/sites\/408\/2022\/09\/Pappa-768x271.jpg 768w\" sizes=\"auto, (max-width: 1024px) 100vw, 1024px\" \/><\/div><\/figure><div id=\"hoyre-old-article-content-wrapper\"><p>\u00abDen gr\u00f8nne musa br\u00f8ler\u00bb skriver Rasmus Hansson i Dagens N\u00e6ringsliv 13. juli, og fremstiller Milj\u00f8partiet de Gr\u00f8nne som det eneste partiet i Norge som spiller p\u00e5 lag med fremtiden.<\/p><p>H\u00f8yre er helt enig med Rasmus Hansson i at det m\u00e5 gj\u00f8res mer for \u00e5 redusere klimagassutslippene, ivareta det biologiske mangfoldet og stanse spredningen av milj\u00f8gifter i naturen. Han svarer p\u00e5 riktig sp\u00f8rsm\u00e5l. Men det hjelper s\u00e5 lite n\u00e5r svaret er feil.<\/p><p>De Gr\u00f8nnes partiprogram er dessverre gjennomsyret av naive forslag, ideologisk vrakgods fra 1970-tallet og milj\u00f8tiltak med liten effekt eller som virker mot sin hensikt. Hvordan skal det for eksempel hjelpe klimaet at flest mulig flytter p\u00e5 landet? Hvordan fremmer det fornybar energi \u00e5 skattelegge vindkraften ut av produksjon? Hvorfor er det viktig for et milj\u00f8parti at alle velferdstjenester skal drives av det offentlige eller ikke-kommersielle akt\u00f8rer? Fremmer det milj\u00f8et \u00e5 forby shortsalg og hedgefond? Er det bra for gr\u00f8nne gr\u00fcndere \u00e5 tredoble formuesskatten? Eller \u00e5 \u00f8ke skattene kraftig for folk med vanlige l\u00f8nnsinntekter?<\/p><blockquote><p>Hvordan skal det for eksempel hjelpe klimaet at flest mulig flytter p\u00e5 landet?<\/p><\/blockquote><p>De Gr\u00f8nnes kongstanke er \u00e5 bekjempe \u00f8konomisk vekst. Det er kanskje enkelt \u00e5 mene n\u00e5r man selv bor i verdens rikeste land, men spesielt moralsk h\u00f8yverdig er det ikke. Med hvilken rett skal vi trekke opp stigen etter oss, og nekte verdens fattige et bedre liv? Det kan v\u00e6re verdt \u00e5 minne Hansson om at alternativet til vekst og fremgang er stagnasjon og tilbakegang. Det \u00e5 tro at vi blir gr\u00f8nnere bare vi blir fattigere er en illusjon.<\/p><p>Den store utfordringen er \u00e5 gj\u00f8re veksten b\u00e6rekraftig. Fortsatt er det 1,4 milliarder mennesker i verden som lever uten tilgang p\u00e5 elektrisitet overhodet. 2,7 milliarder mennesker er avhengig av tradisjonell fyring med ved og annen biomasse for \u00e5 lage mat i hverdagen. En stadig st\u00f8rre middelklasse i fremvoksende \u00f8konomier \u00f8nsker seg en anstendig levestandard. V\u00e5rt svar kan ikke v\u00e6re \u00e5 nekte dem det. V\u00e5rt svar m\u00e5 v\u00e6re innovasjon, teknologiutvikling og gr\u00f8nn verdiskapning. \u00c5 ta markedet i bruk i milj\u00f8ets tjeneste og s\u00f8rge for at det alltid l\u00f8nner seg \u00e5 v\u00e6re milj\u00f8vennlig. Vi m\u00e5 skattlegge det som forurenser, og premiere de milj\u00f8vennlige alternativene.<\/p><p>Men f\u00f8rst og fremst m\u00e5 vi satse p\u00e5 milj\u00f8teknologi. Teknologiske fremskritt er n\u00e5 i ferd med \u00e5 gj\u00f8re solparker l\u00f8nnsomme uten subsidier mange steder i verden. El-bilene er i rivende utvikling. N\u00e6r null-energiforbruk vil v\u00e6re standard for nye bygg i Norge i 2020. Utslippene fra aluminiumsproduksjon er redusert dramatisk de siste tyve \u00e5rene. Og utviklingen fortsetter, hjulpet frem av strengere myndighetskrav, bedre rammebetingelser og offentlig og privat forskningsinnsats. Skal vi lykkes med v\u00e5re globale og nasjonale milj\u00f8ambisjoner m\u00e5 denne utviklingen fortsette, og Norge har teknologi, kompetanse og kapital til \u00e5 bidra og gj\u00f8re en forskjell.<\/p><p>En annen kongstanke fra De Gr\u00f8nne er \u00e5 stenge ned petroleumsvirksomheten innen 20 \u00e5r. I realiteten vil det g\u00e5 mye raskere hvis De Gr\u00f8nne f\u00e5r gjennomslag for partiets \u00f8vrige \u00f8konomiske politikk. Vi er alle enige om at Norge over tid kommer til \u00e5 m\u00e5tte omstille seg til et lavutslippssamfunn, og oljeproduksjonen er allerede 50 pst lavere enn toppen for ti \u00e5r siden. Ensidig norsk nedtrapping av petroleumsproduksjon vil imidlertid p\u00e5 kort sikt f\u00f8re til to ting: Norske utslipp fra produksjon erstattes av andre utslipp innenfor EUs kvotesystem, og selve produksjonen erstattes fra andre kilder i verden. Utslippene g\u00e5r opp. Norge er underlagt EUs klimapolitikk. EU har besluttet \u00e5 redusere utslippene med 85 pst innen 2050. Norsk petroleumssektor m\u00e5 forholde seg til dette. Det gj\u00f8r ikke Hansson, som i stedet \u00f8nsker \u00e5 avskaffe kvotesystemet \u2013 det mest kostnadseffektive verkt\u00f8yet Europa har for \u00e5 redusere utslippene \u2013 et verkt\u00f8y som Kina, Quebec, California og Mexico n\u00e5 innf\u00f8rer p\u00e5 sine hjemmemarkeder.<\/p><p>Det kommer til \u00e5 koste \u00e5 omstille Norge til et lavutslippssamfunn. La oss ikke gj\u00f8re det vanskeligere enn n\u00f8dvendig.<\/p><p><em>Dette innlegget stod p\u00e5 trykk i Dagens N\u00e6ringsliv 30.07.13<\/em><\/p><p><em>Foto: colourbox.com<\/em><\/p>\n<\/div>\n<div class=\"tags\">\n\t<\/div>\n<div class=\"post-footer alignfull has-background block-editor-block-list__block\" data-align=full>\n\t<div class=\"post-footer-inner\">\n\t\t<h3>Relaterte artikler<\/h3>\n\t\t<div class=\"related-content\"><div class=\"is-card-hoyre\">\n\t<div class=\"teft-card hoyre-teft-card post-teft-card\">\n\t\t<a href=\"https:\/\/hoyre.no\/oslo\/aktuelt\/mdg-moralismen-fornekter-seg-ikke\/\" class=\"teft-card__primary-action\">\n\n\t\t\t\t\t<div class=\"teft-card__media teft-card__media--16-9\">\n\t\t\t\t\t\t<img loading=\"lazy\" decoding=\"async\" width=\"768\" height=\"512\" src=\"https:\/\/hoyre.no\/content\/uploads\/sites\/408\/2024\/01\/QZQlxtOC-768x512.jpeg\" class=\"attachment-medium_large size-medium_large\" alt=\"Merete Agerbak-Jensen\" srcset=\"https:\/\/hoyre.no\/content\/uploads\/sites\/408\/2024\/01\/QZQlxtOC-768x512.jpeg 768w, https:\/\/hoyre.no\/content\/uploads\/sites\/408\/2024\/01\/QZQlxtOC-300x200.jpeg 300w, https:\/\/hoyre.no\/content\/uploads\/sites\/408\/2024\/01\/QZQlxtOC-1024x683.jpeg 1024w, https:\/\/hoyre.no\/content\/uploads\/sites\/408\/2024\/01\/QZQlxtOC-1536x1024.jpeg 1536w, https:\/\/hoyre.no\/content\/uploads\/sites\/408\/2024\/01\/QZQlxtOC-2048x1365.jpeg 2048w\" sizes=\"auto, (max-width: 768px) 100vw, 768px\" \/>\t\t<\/div>\n\t\t\n\t\t\t<div class=\"teft-card__content-wrapper\">\n\t\t\t\t<div class=\"teft-card__secondary\">\n\t\t\t\t\t\n\t\t\t\t\t\t\t\t<div class=\"teft-card__meta\">\n\t\t\t\t\t\t\t\t\t<span class=\"post-date\">23. apr 2026<\/span>\n\n\t\t\t\t\t\t\t\t\t\t\t\t\t\t\t\t\t<\/div>\n\t\t\t\t\t\t\t\t\t\t\t<\/div>\n\n\t\t\t\t<div class=\"teft-card__primary\">\n\t\t\t\t\t<h2 class=\"teft-card__title\">MDG-moralismen fornekter seg ikke&nbsp;<span class=\"teft-card__primary-title-append\"><\/span><\/h2>\t\t\t\t<\/div>\n\t\t\t<\/div>\n\t\t<\/a>\n\t<\/div>\n\n\t<\/div><div class=\"is-card-hoyre\">\n\t<div class=\"teft-card hoyre-teft-card post-teft-card\">\n\t\t<a href=\"https:\/\/hoyre.no\/oslo\/aktuelt\/raskere-og-enklere-a-bygge-boliger-og-skape-arbeidsplasser-i-oslo\/\" class=\"teft-card__primary-action\">\n\n\t\t\t\t\t<div class=\"teft-card__media teft-card__media--16-9\">\n\t\t\t\t\t\t<img loading=\"lazy\" decoding=\"async\" width=\"768\" height=\"576\" src=\"https:\/\/hoyre.no\/content\/uploads\/sites\/408\/2026\/04\/Eirik-Lae-Solberg-og-Anita-Leirvik-North-768x576.jpg\" class=\"attachment-medium_large size-medium_large\" alt=\"\" srcset=\"https:\/\/hoyre.no\/content\/uploads\/sites\/408\/2026\/04\/Eirik-Lae-Solberg-og-Anita-Leirvik-North-768x576.jpg 768w, https:\/\/hoyre.no\/content\/uploads\/sites\/408\/2026\/04\/Eirik-Lae-Solberg-og-Anita-Leirvik-North-300x225.jpg 300w, https:\/\/hoyre.no\/content\/uploads\/sites\/408\/2026\/04\/Eirik-Lae-Solberg-og-Anita-Leirvik-North.jpg 901w\" sizes=\"auto, (max-width: 768px) 100vw, 768px\" \/>\t\t<\/div>\n\t\t\n\t\t\t<div class=\"teft-card__content-wrapper\">\n\t\t\t\t<div class=\"teft-card__secondary\">\n\t\t\t\t\t\n\t\t\t\t\t\t\t\t<div class=\"teft-card__meta\">\n\t\t\t\t\t\t\t\t\t<span class=\"post-date\">14. apr 2026<\/span>\n\n\t\t\t\t\t\t\t\t\t<span class=\"post-category\">Har lagt frem ny KPA:<\/span>\t\t\t\t\t\t\t\t<\/div>\n\t\t\t\t\t\t\t\t\t\t\t<\/div>\n\n\t\t\t\t<div class=\"teft-card__primary\">\n\t\t\t\t\t<h2 class=\"teft-card__title\">Raskere og enklere \u00e5 bygge boliger og skape arbeidsplasser i Oslo&nbsp;<span class=\"teft-card__primary-title-append\"><\/span><\/h2>\t\t\t\t<\/div>\n\t\t\t<\/div>\n\t\t<\/a>\n\t<\/div>\n\n\t<\/div><div class=\"is-card-hoyre\">\n\t<div class=\"teft-card hoyre-teft-card post-teft-card\">\n\t\t<a href=\"https:\/\/hoyre.no\/oslo\/aktuelt\/bedre-elevresultater-og-en-skoleokonomi-i-balanse-med-blagront-byrad\/\" class=\"teft-card__primary-action\">\n\n\t\t\t\t\t<div class=\"teft-card__media teft-card__media--16-9\">\n\t\t\t\t\t\t<img loading=\"lazy\" decoding=\"async\" width=\"768\" height=\"512\" src=\"https:\/\/hoyre.no\/content\/uploads\/sites\/408\/2025\/05\/IMG_6440-768x512.jpeg\" class=\"attachment-medium_large size-medium_large\" alt=\"Julie Remen Midtgarden\" srcset=\"https:\/\/hoyre.no\/content\/uploads\/sites\/408\/2025\/05\/IMG_6440-768x512.jpeg 768w, https:\/\/hoyre.no\/content\/uploads\/sites\/408\/2025\/05\/IMG_6440-300x200.jpeg 300w, https:\/\/hoyre.no\/content\/uploads\/sites\/408\/2025\/05\/IMG_6440-1024x683.jpeg 1024w, https:\/\/hoyre.no\/content\/uploads\/sites\/408\/2025\/05\/IMG_6440-1536x1024.jpeg 1536w, https:\/\/hoyre.no\/content\/uploads\/sites\/408\/2025\/05\/IMG_6440-2048x1365.jpeg 2048w\" sizes=\"auto, (max-width: 768px) 100vw, 768px\" \/>\t\t<\/div>\n\t\t\n\t\t\t<div class=\"teft-card__content-wrapper\">\n\t\t\t\t<div class=\"teft-card__secondary\">\n\t\t\t\t\t\n\t\t\t\t\t\t\t\t<div class=\"teft-card__meta\">\n\t\t\t\t\t\t\t\t\t<span class=\"post-date\">26. mar 2026<\/span>\n\n\t\t\t\t\t\t\t\t\t\t\t\t\t\t\t\t\t<\/div>\n\t\t\t\t\t\t\t\t\t\t\t<\/div>\n\n\t\t\t\t<div class=\"teft-card__primary\">\n\t\t\t\t\t<h2 class=\"teft-card__title\">Bedre elevresultater og en skole\u00f8konomi i balanse med bl\u00e5gr\u00f8nt byr\u00e5d&nbsp;<span class=\"teft-card__primary-title-append\"><\/span><\/h2>\t\t\t\t<\/div>\n\t\t\t<\/div>\n\t\t<\/a>\n\t<\/div>\n\n\t<\/div><\/div>\t<\/div>\n<\/div>\n","protected":false},"excerpt":{"rendered":"","protected":false},"author":0,"featured_media":0,"comment_status":"closed","ping_status":"open","sticky":false,"template":"","format":"standard","meta":{"teft_cards_image_url":"","teft_cards_custom_pretitle":"","teft_cards_image_id":0,"teft_cards_image_focal_point_x":0,"teft_cards_image_focal_point_y":0,"teft_cards_title":"","teft_cards_excerpt":"","teft_show_chapters":false,"author_display_name":"Oslo H\u00f8yre","footnotes":""},"category":[1],"post_tag":[],"hoyre-visibility":[],"article-type":[],"politician":[],"class_list":["post-1847","post","type-post","status-publish","format-standard","hentry","category-nyheter"],"yoast_head":"<!-- This site is optimized with the Yoast SEO Premium plugin v26.5 (Yoast SEO v26.6) - https:\/\/yoast.com\/wordpress\/plugins\/seo\/ -->\n<title>Ideologisk vrakgods - Oslo H\u00f8yre<\/title>\n<meta name=\"robots\" content=\"index, follow, max-snippet:-1, max-image-preview:large, max-video-preview:-1\" \/>\n<link rel=\"canonical\" href=\"https:\/\/hoyre.no\/oslo\/aktuelt\/ideologisk-vrakgods\/\" \/>\n<meta property=\"og:locale\" content=\"nb_NO\" \/>\n<meta property=\"og:type\" content=\"article\" \/>\n<meta property=\"og:title\" content=\"Ideologisk vrakgods\" \/>\n<meta property=\"og:url\" content=\"https:\/\/hoyre.no\/oslo\/aktuelt\/ideologisk-vrakgods\/\" \/>\n<meta property=\"og:site_name\" content=\"Oslo H\u00f8yre\" \/>\n<meta property=\"article:publisher\" content=\"https:\/\/www.facebook.com\/oslo.hoyre\" \/>\n<meta property=\"article:published_time\" content=\"2013-07-30T07:42:54+00:00\" \/>\n<meta property=\"article:modified_time\" content=\"2022-09-26T13:06:57+00:00\" \/>\n<meta property=\"og:image\" content=\"https:\/\/hoyre.no\/content\/uploads\/sites\/408\/2022\/11\/Hoyres-logo.png\" \/>\n\t<meta property=\"og:image:width\" content=\"1000\" \/>\n\t<meta property=\"og:image:height\" content=\"1000\" \/>\n\t<meta property=\"og:image:type\" content=\"image\/png\" \/>\n<meta name=\"twitter:card\" content=\"summary_large_image\" \/>\n<meta name=\"twitter:label1\" content=\"Ansl. lesetid\" \/>\n\t<meta name=\"twitter:data1\" content=\"3 minutter\" \/>\n<script type=\"application\/ld+json\" class=\"yoast-schema-graph\">{\"@context\":\"https:\/\/schema.org\",\"@graph\":[{\"@type\":\"Article\",\"@id\":\"https:\/\/hoyre.no\/oslo\/aktuelt\/ideologisk-vrakgods\/#article\",\"isPartOf\":{\"@id\":\"https:\/\/hoyre.no\/oslo\/aktuelt\/ideologisk-vrakgods\/\"},\"author\":{\"name\":\"\",\"@id\":\"\"},\"headline\":\"Ideologisk vrakgods\",\"datePublished\":\"2013-07-30T07:42:54+00:00\",\"dateModified\":\"2022-09-26T13:06:57+00:00\",\"mainEntityOfPage\":{\"@id\":\"https:\/\/hoyre.no\/oslo\/aktuelt\/ideologisk-vrakgods\/\"},\"wordCount\":683,\"publisher\":{\"@id\":\"https:\/\/hoyre.no\/oslo\/#organization\"},\"articleSection\":[\"Nyheter\"],\"inLanguage\":\"nb-NO\"},{\"@type\":\"NewsArticle\",\"@id\":\"https:\/\/hoyre.no\/oslo\/aktuelt\/ideologisk-vrakgods\/\",\"url\":\"https:\/\/hoyre.no\/oslo\/aktuelt\/ideologisk-vrakgods\/\",\"name\":\"Ideologisk vrakgods - Oslo H\u00f8yre\",\"isPartOf\":{\"@id\":\"https:\/\/hoyre.no\/oslo\/#website\"},\"datePublished\":\"2013-07-30T07:42:54+00:00\",\"dateModified\":\"2022-09-26T13:06:57+00:00\",\"breadcrumb\":{\"@id\":\"https:\/\/hoyre.no\/oslo\/aktuelt\/ideologisk-vrakgods\/#breadcrumb\"},\"inLanguage\":\"nb-NO\",\"potentialAction\":[{\"@type\":\"ReadAction\",\"target\":[\"https:\/\/hoyre.no\/oslo\/aktuelt\/ideologisk-vrakgods\/\"]}]},{\"@type\":\"BreadcrumbList\",\"@id\":\"https:\/\/hoyre.no\/oslo\/aktuelt\/ideologisk-vrakgods\/#breadcrumb\",\"itemListElement\":[{\"@type\":\"ListItem\",\"position\":1,\"name\":\"Til hoyre.no\",\"item\":\"https:\/\/hoyre.no\"},{\"@type\":\"ListItem\",\"position\":2,\"name\":\"Hjem\",\"item\":\"https:\/\/hoyre.no\/oslo\/\"},{\"@type\":\"ListItem\",\"position\":3,\"name\":\"Ideologisk vrakgods\"}]},{\"@type\":\"WebSite\",\"@id\":\"https:\/\/hoyre.no\/oslo\/#website\",\"url\":\"https:\/\/hoyre.no\/oslo\/\",\"name\":\"Oslo H\u00f8yre\",\"description\":\"\",\"publisher\":{\"@id\":\"https:\/\/hoyre.no\/oslo\/#organization\"},\"inLanguage\":\"nb-NO\"},{\"@type\":\"Organization\",\"@id\":\"https:\/\/hoyre.no\/oslo\/#organization\",\"name\":\"Oslo H\u00f8yre\",\"url\":\"https:\/\/hoyre.no\/oslo\/\",\"logo\":{\"@type\":\"ImageObject\",\"inLanguage\":\"nb-NO\",\"@id\":\"https:\/\/hoyre.no\/oslo\/#\/schema\/logo\/image\/\",\"url\":\"https:\/\/hoyre.no\/content\/uploads\/sites\/408\/2022\/11\/Hoyres-logo.png\",\"contentUrl\":\"https:\/\/hoyre.no\/content\/uploads\/sites\/408\/2022\/11\/Hoyres-logo.png\",\"width\":1000,\"height\":1000,\"caption\":\"Oslo H\u00f8yre\"},\"image\":{\"@id\":\"https:\/\/hoyre.no\/oslo\/#\/schema\/logo\/image\/\"},\"sameAs\":[\"https:\/\/www.facebook.com\/oslo.hoyre\"]}]}<\/script>\n<!-- \/ Yoast SEO Premium plugin. -->","yoast_head_json":{"title":"Ideologisk vrakgods - Oslo H\u00f8yre","robots":{"index":"index","follow":"follow","max-snippet":"max-snippet:-1","max-image-preview":"max-image-preview:large","max-video-preview":"max-video-preview:-1"},"canonical":"https:\/\/hoyre.no\/oslo\/aktuelt\/ideologisk-vrakgods\/","og_locale":"nb_NO","og_type":"article","og_title":"Ideologisk vrakgods","og_url":"https:\/\/hoyre.no\/oslo\/aktuelt\/ideologisk-vrakgods\/","og_site_name":"Oslo H\u00f8yre","article_publisher":"https:\/\/www.facebook.com\/oslo.hoyre","article_published_time":"2013-07-30T07:42:54+00:00","article_modified_time":"2022-09-26T13:06:57+00:00","og_image":[{"width":1000,"height":1000,"url":"https:\/\/hoyre.no\/content\/uploads\/sites\/408\/2022\/11\/Hoyres-logo.png","type":"image\/png"}],"twitter_card":"summary_large_image","twitter_misc":{"Ansl. lesetid":"3 minutter"},"schema":{"@context":"https:\/\/schema.org","@graph":[{"@type":"Article","@id":"https:\/\/hoyre.no\/oslo\/aktuelt\/ideologisk-vrakgods\/#article","isPartOf":{"@id":"https:\/\/hoyre.no\/oslo\/aktuelt\/ideologisk-vrakgods\/"},"author":{"name":"","@id":""},"headline":"Ideologisk vrakgods","datePublished":"2013-07-30T07:42:54+00:00","dateModified":"2022-09-26T13:06:57+00:00","mainEntityOfPage":{"@id":"https:\/\/hoyre.no\/oslo\/aktuelt\/ideologisk-vrakgods\/"},"wordCount":683,"publisher":{"@id":"https:\/\/hoyre.no\/oslo\/#organization"},"articleSection":["Nyheter"],"inLanguage":"nb-NO"},{"@type":"NewsArticle","@id":"https:\/\/hoyre.no\/oslo\/aktuelt\/ideologisk-vrakgods\/","url":"https:\/\/hoyre.no\/oslo\/aktuelt\/ideologisk-vrakgods\/","name":"Ideologisk vrakgods - Oslo H\u00f8yre","isPartOf":{"@id":"https:\/\/hoyre.no\/oslo\/#website"},"datePublished":"2013-07-30T07:42:54+00:00","dateModified":"2022-09-26T13:06:57+00:00","breadcrumb":{"@id":"https:\/\/hoyre.no\/oslo\/aktuelt\/ideologisk-vrakgods\/#breadcrumb"},"inLanguage":"nb-NO","potentialAction":[{"@type":"ReadAction","target":["https:\/\/hoyre.no\/oslo\/aktuelt\/ideologisk-vrakgods\/"]}]},{"@type":"BreadcrumbList","@id":"https:\/\/hoyre.no\/oslo\/aktuelt\/ideologisk-vrakgods\/#breadcrumb","itemListElement":[{"@type":"ListItem","position":1,"name":"Til hoyre.no","item":"https:\/\/hoyre.no"},{"@type":"ListItem","position":2,"name":"Hjem","item":"https:\/\/hoyre.no\/oslo\/"},{"@type":"ListItem","position":3,"name":"Ideologisk vrakgods"}]},{"@type":"WebSite","@id":"https:\/\/hoyre.no\/oslo\/#website","url":"https:\/\/hoyre.no\/oslo\/","name":"Oslo H\u00f8yre","description":"","publisher":{"@id":"https:\/\/hoyre.no\/oslo\/#organization"},"inLanguage":"nb-NO"},{"@type":"Organization","@id":"https:\/\/hoyre.no\/oslo\/#organization","name":"Oslo H\u00f8yre","url":"https:\/\/hoyre.no\/oslo\/","logo":{"@type":"ImageObject","inLanguage":"nb-NO","@id":"https:\/\/hoyre.no\/oslo\/#\/schema\/logo\/image\/","url":"https:\/\/hoyre.no\/content\/uploads\/sites\/408\/2022\/11\/Hoyres-logo.png","contentUrl":"https:\/\/hoyre.no\/content\/uploads\/sites\/408\/2022\/11\/Hoyres-logo.png","width":1000,"height":1000,"caption":"Oslo H\u00f8yre"},"image":{"@id":"https:\/\/hoyre.no\/oslo\/#\/schema\/logo\/image\/"},"sameAs":["https:\/\/www.facebook.com\/oslo.hoyre"]}]}},"distributor_meta":false,"distributor_terms":false,"distributor_media":false,"distributor_original_site_name":"Oslo H\u00f8yre","distributor_original_site_url":"https:\/\/hoyre.no\/oslo","push-errors":false,"_links":{"self":[{"href":"https:\/\/hoyre.no\/oslo\/wp-json\/wp\/v2\/posts\/1847","targetHints":{"allow":["GET"]}}],"collection":[{"href":"https:\/\/hoyre.no\/oslo\/wp-json\/wp\/v2\/posts"}],"about":[{"href":"https:\/\/hoyre.no\/oslo\/wp-json\/wp\/v2\/types\/post"}],"replies":[{"embeddable":true,"href":"https:\/\/hoyre.no\/oslo\/wp-json\/wp\/v2\/comments?post=1847"}],"version-history":[{"count":1,"href":"https:\/\/hoyre.no\/oslo\/wp-json\/wp\/v2\/posts\/1847\/revisions"}],"predecessor-version":[{"id":3022,"href":"https:\/\/hoyre.no\/oslo\/wp-json\/wp\/v2\/posts\/1847\/revisions\/3022"}],"wp:attachment":[{"href":"https:\/\/hoyre.no\/oslo\/wp-json\/wp\/v2\/media?parent=1847"}],"wp:term":[{"taxonomy":"category","embeddable":true,"href":"https:\/\/hoyre.no\/oslo\/wp-json\/wp\/v2\/category?post=1847"},{"taxonomy":"post_tag","embeddable":true,"href":"https:\/\/hoyre.no\/oslo\/wp-json\/wp\/v2\/post_tag?post=1847"},{"taxonomy":"hoyre-visibility","embeddable":true,"href":"https:\/\/hoyre.no\/oslo\/wp-json\/wp\/v2\/hoyre-visibility?post=1847"},{"taxonomy":"article-type","embeddable":true,"href":"https:\/\/hoyre.no\/oslo\/wp-json\/wp\/v2\/article-type?post=1847"},{"taxonomy":"politician","embeddable":true,"href":"https:\/\/hoyre.no\/oslo\/wp-json\/wp\/v2\/politician?post=1847"}],"curies":[{"name":"wp","href":"https:\/\/api.w.org\/{rel}","templated":true}]}}