{"id":1849,"date":"2013-07-25T10:13:09","date_gmt":"2013-07-25T10:13:09","guid":{"rendered":"https:\/\/hoyre.no\/oslo\/aktuelt\/best-for-munchs-kunst\/"},"modified":"2022-09-26T15:06:57","modified_gmt":"2022-09-26T13:06:57","slug":"best-for-munchs-kunst","status":"publish","type":"post","link":"https:\/\/hoyre.no\/oslo\/aktuelt\/best-for-munchs-kunst\/","title":{"rendered":"Best for Munchs kunst!"},"content":{"rendered":"<figure class=\"hoyre-image-wrapper\"><div class=\"hoyre-image\"><img loading=\"lazy\" decoding=\"async\" width=\"1024\" height=\"361\" src=\"https:\/\/hoyre.no\/content\/uploads\/sites\/408\/2022\/09\/Lambda-Bjorvika.jpg\" class=\"attachment-scaled size-scaled\" alt=\"Lambda Bj\u00f8rvika\" style=\"object-position: 50% 50%\" srcset=\"https:\/\/hoyre.no\/content\/uploads\/sites\/408\/2022\/09\/Lambda-Bjorvika.jpg 1024w, https:\/\/hoyre.no\/content\/uploads\/sites\/408\/2022\/09\/Lambda-Bjorvika-300x106.jpg 300w, https:\/\/hoyre.no\/content\/uploads\/sites\/408\/2022\/09\/Lambda-Bjorvika-768x271.jpg 768w\" sizes=\"auto, (max-width: 1024px) 100vw, 1024px\" \/><\/div><\/figure><div id=\"hoyre-old-article-content-wrapper\"><p>Lambda. Byr\u00e5det tok en beslutning om \u00e5 gi Edvard Munch og v\u00e5r felles kulturarv den beste muligheten. Det er Lambda i Bj\u00f8rvika.<\/p><p><em>Av Stian Berger R\u00f8sland, byr\u00e5dsleder i Oslo<\/em><\/p><p>Det var en seier for norsk kulturarv den dagen Lambda ble vedtatt. Det viktigste med Lambda er at Oslo f\u00e5r et nytt, st\u00f8rre, sikrere og mer tilgjengelig museum for Edvard Munchs kunstsamling enn det vi har hatt til n\u00e5. Munchs arv er v\u00e5r del av verdensarven, som byr\u00e5det over lang tid har jobbet for \u00e5 gi bedre vilk\u00e5r. Lambda er \u00f8nsket av de ansatte og det faglige milj\u00f8et p\u00e5 Munch-museet. Det er starten p\u00e5 et nytt kapittel i formidlingen av Munchs kunst til interesserte fra hele verden.<\/p><p>Byr\u00e5det hadde et \u00f8nske for Munch. Det var \u00e5 finne rom til et nytt museum hvor kunsten f\u00e5r leve videre, og tilgjengeliggj\u00f8re en viktig del av Norges fremste kulturarv. Oslo kommune forvalter arven etter Edvard Munch, som omfatter rundt 1100 malerier, 15 500 grafiske blad, 4700 tegninger og seks skulpturer, samt en del andre gjenstander. Det er derfor sv\u00e6rt gledelig for hele landet og for Oslo at det nye museet n\u00e5 skal bygges.<\/p><p>Prosessen var p\u00e5 ingen m\u00e5te kort, og det ble flere runder med politisk debatt om kvalitet, pris og plassering. En lang prosess er n\u00e5 i havn, og avgj\u00f8relsen som ble tatt er til det beste for byen og for Munchs kunst. Byr\u00e5dets iver etter \u00e5 bygge et nytt museum gjorde at vi fikk den grundigste prosessen noe museum i nyere tid har f\u00e5tt.<\/p><p>I planleggingen av nytt museum ble det foretatt en gjennomgang av flere vesentlige faktorer. Man s\u00e5 p\u00e5 prosjektkostnad, fremdrift, forventet bes\u00f8kstall, nedetid og gjennomf\u00f8ringsrisiko, alle viktige parametre for hvordan et nytt museum ville fungere i byen v\u00e5r og for Munchs kunst.<\/p><p>Utredningen for andre alternativer viste at prosjektkostnad var tiln\u00e6rmet lik, og dermed ble gjennomf\u00f8ringstid og bes\u00f8kstall avgj\u00f8rende for prosjektet. Med Lambda kan vi f\u00e5 et nytt museum tilgjengelig fra og med fem \u00e5r, alternativene innebar \u00e5 vente opptil ti \u00e5r og med bruk av midlertidige lokaler. Bes\u00f8kstallene for T\u00f8yen og Bj\u00f8rvika er ogs\u00e5 vidt forskjellige. Der T\u00f8yen muligens kan f\u00e5 opptil 300 000, er estimatene for Bj\u00f8rvika 500 000. Sett fra et politisk st\u00e5sted er det, og var det, \u00f8nskelig med en rask avklaring og klare m\u00e5l for hvilken rolle Munchs kunst i fremtiden skulle ha.<\/p><p>Lambda har alle de kvaliteter som er n\u00f8dvendig og \u00f8nskelig sett fra et faglig st\u00e5sted. Munch-museet gikk selv ut med en museumsfaglig rapport som bekrefter at skissen som n\u00e5 ligger til grunn vil bidra til god kvalitet p\u00e5 det nye museet.<\/p><p>Museet skal bygges i h\u00f8yden, og med sine 59 meter vil bygget ha 12 etasjer. De ulike etasjene skal legge til rette for ulike publikumsopplevelser, og museet \u00e5pner med sine sv\u00e6rt praktiske og funksjonelle rom opp for mer enn bare \u00e5 se p\u00e5 kunst. Museet blir levende og en m\u00f8teplass for unge som voksne.<\/p><p>Mange har tatt til ordet for et flatere museum. En av fordelene ved \u00e5 bygge i h\u00f8yden er at museet kan holde \u00e5pent selv om deler av museet bygges om og forberedes til st\u00f8rre spesialutstillinger. Et dynamisk museum som ofte kan bytte ut utstillinger, vil ogs\u00e5 gj\u00f8re museet mer attraktivt for byens innbyggere som vil kunne bes\u00f8ke museet flere ganger i \u00e5ret og likevel oppdage nye sider ved Munch og andre verker. Fra den store internasjonale arkitektkonkurransen m\u00e5 man huske p\u00e5 at de aller fleste andre alternativene strakte seg utover sj\u00f8en, og s\u00e5ledes kom foran, i veien for eller konkurrerte med Operaen, mens Lambda b\u00f8yer hodet i respekt for sin nabo i vest.<\/p><p>Lambda vil med sin h\u00f8yde gi en hensiktsmessig og forsvarlig forvaltning av billedkunsten. Det har v\u00e6rt bekymringer for luftkvalitet og lyseksponering i Lambda. Alle rom der kunsten oppbevares, transporteres og presenteres vil befinne seg i et lukket termisk betongt\u00e5rn, utstyrt med klimasluser og klimaanlegg i hver etasje. Rapporten sl\u00e5r fast at dette er en tiln\u00e6rmet ideell klimasikring, og man har underveis fulgt opp bekymringer. Konklusjonen sl\u00e5r fast at god logistikk og sikkerhet ivaretas sammen med gode, \u00e5pne rom til Munchs kunst.<\/p><p>Lambda vil ogs\u00e5 bli bygget i passivhusniv\u00e5 og forel\u00f8pige beregninger viser at bygget kan energimerkes A. For en klimaby som Oslo er klimahensyn i nybygg en del av satsingen, ogs\u00e5 i v\u00e5re kulturbygg.<\/p><p><strong>Signalbygg<\/strong><\/p><p>Bygget vil v\u00e6re et signalbygg i Bj\u00f8rvika, og det vil komplementere satsingen som er gjort i Bj\u00f8rvika. Med kort avstand fra Oslo S, et av byens st\u00f8rste knutepunkter, vil museet v\u00e6re lett tilgjengelig for byens turister og innbyggere.<\/p><p>Det kan virke som om noen er av den oppfatning at byr\u00e5det tok en beslutning mot T\u00f8yen. Det er trist, og ogs\u00e5 helt feil. Byr\u00e5det tok en beslutning om \u00e5 gi Edvard Munch og v\u00e5r felles kulturarv best muligheter, og den beste muligheten er Lambda i Bj\u00f8rvika.<\/p><p><em>Dette innlegget ble publisert p\u00e5 aftenposten.no 25.07.13<\/em><\/p><p><em>Foto: Herreros Arquitectos, LPO Arkitekter<\/em><\/p>\n<\/div>\n<div class=\"tags\">\n\t<\/div>\n<div class=\"post-footer alignfull has-background block-editor-block-list__block\" data-align=full>\n\t<div class=\"post-footer-inner\">\n\t\t<h3>Relaterte artikler<\/h3>\n\t\t<div class=\"related-content\"><div class=\"is-card-hoyre\">\n\t<div class=\"teft-card hoyre-teft-card post-teft-card\">\n\t\t<a href=\"https:\/\/hoyre.no\/oslo\/aktuelt\/mdg-moralismen-fornekter-seg-ikke\/\" class=\"teft-card__primary-action\">\n\n\t\t\t\t\t<div class=\"teft-card__media teft-card__media--16-9\">\n\t\t\t\t\t\t<img loading=\"lazy\" decoding=\"async\" width=\"768\" height=\"512\" src=\"https:\/\/hoyre.no\/content\/uploads\/sites\/408\/2024\/01\/QZQlxtOC-768x512.jpeg\" class=\"attachment-medium_large size-medium_large\" alt=\"Merete Agerbak-Jensen\" srcset=\"https:\/\/hoyre.no\/content\/uploads\/sites\/408\/2024\/01\/QZQlxtOC-768x512.jpeg 768w, https:\/\/hoyre.no\/content\/uploads\/sites\/408\/2024\/01\/QZQlxtOC-300x200.jpeg 300w, https:\/\/hoyre.no\/content\/uploads\/sites\/408\/2024\/01\/QZQlxtOC-1024x683.jpeg 1024w, https:\/\/hoyre.no\/content\/uploads\/sites\/408\/2024\/01\/QZQlxtOC-1536x1024.jpeg 1536w, https:\/\/hoyre.no\/content\/uploads\/sites\/408\/2024\/01\/QZQlxtOC-2048x1365.jpeg 2048w\" sizes=\"auto, (max-width: 768px) 100vw, 768px\" \/>\t\t<\/div>\n\t\t\n\t\t\t<div class=\"teft-card__content-wrapper\">\n\t\t\t\t<div class=\"teft-card__secondary\">\n\t\t\t\t\t\n\t\t\t\t\t\t\t\t<div class=\"teft-card__meta\">\n\t\t\t\t\t\t\t\t\t<span class=\"post-date\">23. apr 2026<\/span>\n\n\t\t\t\t\t\t\t\t\t\t\t\t\t\t\t\t\t<\/div>\n\t\t\t\t\t\t\t\t\t\t\t<\/div>\n\n\t\t\t\t<div class=\"teft-card__primary\">\n\t\t\t\t\t<h2 class=\"teft-card__title\">MDG-moralismen fornekter seg ikke&nbsp;<span class=\"teft-card__primary-title-append\"><\/span><\/h2>\t\t\t\t<\/div>\n\t\t\t<\/div>\n\t\t<\/a>\n\t<\/div>\n\n\t<\/div><div class=\"is-card-hoyre\">\n\t<div class=\"teft-card hoyre-teft-card post-teft-card\">\n\t\t<a href=\"https:\/\/hoyre.no\/oslo\/aktuelt\/raskere-og-enklere-a-bygge-boliger-og-skape-arbeidsplasser-i-oslo\/\" class=\"teft-card__primary-action\">\n\n\t\t\t\t\t<div class=\"teft-card__media teft-card__media--16-9\">\n\t\t\t\t\t\t<img loading=\"lazy\" decoding=\"async\" width=\"768\" height=\"576\" src=\"https:\/\/hoyre.no\/content\/uploads\/sites\/408\/2026\/04\/Eirik-Lae-Solberg-og-Anita-Leirvik-North-768x576.jpg\" class=\"attachment-medium_large size-medium_large\" alt=\"\" srcset=\"https:\/\/hoyre.no\/content\/uploads\/sites\/408\/2026\/04\/Eirik-Lae-Solberg-og-Anita-Leirvik-North-768x576.jpg 768w, https:\/\/hoyre.no\/content\/uploads\/sites\/408\/2026\/04\/Eirik-Lae-Solberg-og-Anita-Leirvik-North-300x225.jpg 300w, https:\/\/hoyre.no\/content\/uploads\/sites\/408\/2026\/04\/Eirik-Lae-Solberg-og-Anita-Leirvik-North.jpg 901w\" sizes=\"auto, (max-width: 768px) 100vw, 768px\" \/>\t\t<\/div>\n\t\t\n\t\t\t<div class=\"teft-card__content-wrapper\">\n\t\t\t\t<div class=\"teft-card__secondary\">\n\t\t\t\t\t\n\t\t\t\t\t\t\t\t<div class=\"teft-card__meta\">\n\t\t\t\t\t\t\t\t\t<span class=\"post-date\">14. apr 2026<\/span>\n\n\t\t\t\t\t\t\t\t\t<span class=\"post-category\">Har lagt frem ny KPA:<\/span>\t\t\t\t\t\t\t\t<\/div>\n\t\t\t\t\t\t\t\t\t\t\t<\/div>\n\n\t\t\t\t<div class=\"teft-card__primary\">\n\t\t\t\t\t<h2 class=\"teft-card__title\">Raskere og enklere \u00e5 bygge boliger og skape arbeidsplasser i Oslo&nbsp;<span class=\"teft-card__primary-title-append\"><\/span><\/h2>\t\t\t\t<\/div>\n\t\t\t<\/div>\n\t\t<\/a>\n\t<\/div>\n\n\t<\/div><div class=\"is-card-hoyre\">\n\t<div class=\"teft-card hoyre-teft-card post-teft-card\">\n\t\t<a href=\"https:\/\/hoyre.no\/oslo\/aktuelt\/bedre-elevresultater-og-en-skoleokonomi-i-balanse-med-blagront-byrad\/\" class=\"teft-card__primary-action\">\n\n\t\t\t\t\t<div class=\"teft-card__media teft-card__media--16-9\">\n\t\t\t\t\t\t<img loading=\"lazy\" decoding=\"async\" width=\"768\" height=\"512\" src=\"https:\/\/hoyre.no\/content\/uploads\/sites\/408\/2025\/05\/IMG_6440-768x512.jpeg\" class=\"attachment-medium_large size-medium_large\" alt=\"Julie Remen Midtgarden\" srcset=\"https:\/\/hoyre.no\/content\/uploads\/sites\/408\/2025\/05\/IMG_6440-768x512.jpeg 768w, https:\/\/hoyre.no\/content\/uploads\/sites\/408\/2025\/05\/IMG_6440-300x200.jpeg 300w, https:\/\/hoyre.no\/content\/uploads\/sites\/408\/2025\/05\/IMG_6440-1024x683.jpeg 1024w, https:\/\/hoyre.no\/content\/uploads\/sites\/408\/2025\/05\/IMG_6440-1536x1024.jpeg 1536w, https:\/\/hoyre.no\/content\/uploads\/sites\/408\/2025\/05\/IMG_6440-2048x1365.jpeg 2048w\" sizes=\"auto, (max-width: 768px) 100vw, 768px\" \/>\t\t<\/div>\n\t\t\n\t\t\t<div class=\"teft-card__content-wrapper\">\n\t\t\t\t<div class=\"teft-card__secondary\">\n\t\t\t\t\t\n\t\t\t\t\t\t\t\t<div class=\"teft-card__meta\">\n\t\t\t\t\t\t\t\t\t<span class=\"post-date\">26. mar 2026<\/span>\n\n\t\t\t\t\t\t\t\t\t\t\t\t\t\t\t\t\t<\/div>\n\t\t\t\t\t\t\t\t\t\t\t<\/div>\n\n\t\t\t\t<div class=\"teft-card__primary\">\n\t\t\t\t\t<h2 class=\"teft-card__title\">Bedre elevresultater og en skole\u00f8konomi i balanse med bl\u00e5gr\u00f8nt byr\u00e5d&nbsp;<span class=\"teft-card__primary-title-append\"><\/span><\/h2>\t\t\t\t<\/div>\n\t\t\t<\/div>\n\t\t<\/a>\n\t<\/div>\n\n\t<\/div><\/div>\t<\/div>\n<\/div>\n","protected":false},"excerpt":{"rendered":"","protected":false},"author":0,"featured_media":1743,"comment_status":"closed","ping_status":"open","sticky":false,"template":"","format":"standard","meta":{"teft_cards_image_url":"","teft_cards_custom_pretitle":"","teft_cards_image_id":1743,"teft_cards_image_focal_point_x":0,"teft_cards_image_focal_point_y":0,"teft_cards_title":"","teft_cards_excerpt":"","teft_show_chapters":false,"author_display_name":"Oslo H\u00f8yre","footnotes":""},"category":[1],"post_tag":[],"hoyre-visibility":[],"article-type":[],"politician":[],"class_list":["post-1849","post","type-post","status-publish","format-standard","hentry","category-nyheter"],"yoast_head":"<!-- This site is optimized with the Yoast SEO Premium plugin v26.5 (Yoast SEO v26.6) - https:\/\/yoast.com\/wordpress\/plugins\/seo\/ -->\n<title>Best for Munchs kunst! - Oslo H\u00f8yre<\/title>\n<meta name=\"robots\" content=\"index, follow, max-snippet:-1, max-image-preview:large, max-video-preview:-1\" \/>\n<link rel=\"canonical\" href=\"https:\/\/hoyre.no\/oslo\/aktuelt\/best-for-munchs-kunst\/\" \/>\n<meta property=\"og:locale\" content=\"nb_NO\" \/>\n<meta property=\"og:type\" content=\"article\" \/>\n<meta property=\"og:title\" content=\"Best for Munchs kunst!\" \/>\n<meta property=\"og:url\" content=\"https:\/\/hoyre.no\/oslo\/aktuelt\/best-for-munchs-kunst\/\" \/>\n<meta property=\"og:site_name\" content=\"Oslo H\u00f8yre\" \/>\n<meta property=\"article:publisher\" content=\"https:\/\/www.facebook.com\/oslo.hoyre\" \/>\n<meta property=\"article:published_time\" content=\"2013-07-25T10:13:09+00:00\" \/>\n<meta property=\"article:modified_time\" content=\"2022-09-26T13:06:57+00:00\" \/>\n<meta property=\"og:image\" content=\"https:\/\/hoyre.no\/content\/uploads\/sites\/408\/2022\/09\/Lambda-Bjorvika.jpg\" \/>\n\t<meta property=\"og:image:width\" content=\"1024\" \/>\n\t<meta property=\"og:image:height\" content=\"361\" \/>\n\t<meta property=\"og:image:type\" content=\"image\/jpeg\" \/>\n<meta name=\"twitter:card\" content=\"summary_large_image\" \/>\n<meta name=\"twitter:label1\" content=\"Ansl. lesetid\" \/>\n\t<meta name=\"twitter:data1\" content=\"4 minutter\" \/>\n<script type=\"application\/ld+json\" class=\"yoast-schema-graph\">{\"@context\":\"https:\/\/schema.org\",\"@graph\":[{\"@type\":\"Article\",\"@id\":\"https:\/\/hoyre.no\/oslo\/aktuelt\/best-for-munchs-kunst\/#article\",\"isPartOf\":{\"@id\":\"https:\/\/hoyre.no\/oslo\/aktuelt\/best-for-munchs-kunst\/\"},\"author\":{\"name\":\"\",\"@id\":\"\"},\"headline\":\"Best for Munchs kunst!\",\"datePublished\":\"2013-07-25T10:13:09+00:00\",\"dateModified\":\"2022-09-26T13:06:57+00:00\",\"mainEntityOfPage\":{\"@id\":\"https:\/\/hoyre.no\/oslo\/aktuelt\/best-for-munchs-kunst\/\"},\"wordCount\":872,\"publisher\":{\"@id\":\"https:\/\/hoyre.no\/oslo\/#organization\"},\"image\":{\"@id\":\"https:\/\/hoyre.no\/oslo\/aktuelt\/best-for-munchs-kunst\/#primaryimage\"},\"thumbnailUrl\":\"https:\/\/hoyre.no\/content\/uploads\/sites\/408\/2022\/09\/Lambda-Bjorvika.jpg\",\"articleSection\":[\"Nyheter\"],\"inLanguage\":\"nb-NO\"},{\"@type\":\"NewsArticle\",\"@id\":\"https:\/\/hoyre.no\/oslo\/aktuelt\/best-for-munchs-kunst\/\",\"url\":\"https:\/\/hoyre.no\/oslo\/aktuelt\/best-for-munchs-kunst\/\",\"name\":\"Best for Munchs kunst! - Oslo H\u00f8yre\",\"isPartOf\":{\"@id\":\"https:\/\/hoyre.no\/oslo\/#website\"},\"image\":{\"@id\":\"https:\/\/hoyre.no\/oslo\/aktuelt\/best-for-munchs-kunst\/#primaryimage\"},\"thumbnailUrl\":\"https:\/\/hoyre.no\/content\/uploads\/sites\/408\/2022\/09\/Lambda-Bjorvika.jpg\",\"datePublished\":\"2013-07-25T10:13:09+00:00\",\"dateModified\":\"2022-09-26T13:06:57+00:00\",\"breadcrumb\":{\"@id\":\"https:\/\/hoyre.no\/oslo\/aktuelt\/best-for-munchs-kunst\/#breadcrumb\"},\"inLanguage\":\"nb-NO\",\"potentialAction\":[{\"@type\":\"ReadAction\",\"target\":[\"https:\/\/hoyre.no\/oslo\/aktuelt\/best-for-munchs-kunst\/\"]}]},{\"@type\":\"ImageObject\",\"inLanguage\":\"nb-NO\",\"@id\":\"https:\/\/hoyre.no\/oslo\/aktuelt\/best-for-munchs-kunst\/#primaryimage\",\"url\":\"https:\/\/hoyre.no\/content\/uploads\/sites\/408\/2022\/09\/Lambda-Bjorvika.jpg\",\"contentUrl\":\"https:\/\/hoyre.no\/content\/uploads\/sites\/408\/2022\/09\/Lambda-Bjorvika.jpg\",\"width\":1024,\"height\":361,\"caption\":\"Lambda Bj\u00f8rvika\"},{\"@type\":\"BreadcrumbList\",\"@id\":\"https:\/\/hoyre.no\/oslo\/aktuelt\/best-for-munchs-kunst\/#breadcrumb\",\"itemListElement\":[{\"@type\":\"ListItem\",\"position\":1,\"name\":\"Til hoyre.no\",\"item\":\"https:\/\/hoyre.no\"},{\"@type\":\"ListItem\",\"position\":2,\"name\":\"Hjem\",\"item\":\"https:\/\/hoyre.no\/oslo\/\"},{\"@type\":\"ListItem\",\"position\":3,\"name\":\"Best for Munchs kunst!\"}]},{\"@type\":\"WebSite\",\"@id\":\"https:\/\/hoyre.no\/oslo\/#website\",\"url\":\"https:\/\/hoyre.no\/oslo\/\",\"name\":\"Oslo H\u00f8yre\",\"description\":\"\",\"publisher\":{\"@id\":\"https:\/\/hoyre.no\/oslo\/#organization\"},\"inLanguage\":\"nb-NO\"},{\"@type\":\"Organization\",\"@id\":\"https:\/\/hoyre.no\/oslo\/#organization\",\"name\":\"Oslo H\u00f8yre\",\"url\":\"https:\/\/hoyre.no\/oslo\/\",\"logo\":{\"@type\":\"ImageObject\",\"inLanguage\":\"nb-NO\",\"@id\":\"https:\/\/hoyre.no\/oslo\/#\/schema\/logo\/image\/\",\"url\":\"https:\/\/hoyre.no\/content\/uploads\/sites\/408\/2022\/11\/Hoyres-logo.png\",\"contentUrl\":\"https:\/\/hoyre.no\/content\/uploads\/sites\/408\/2022\/11\/Hoyres-logo.png\",\"width\":1000,\"height\":1000,\"caption\":\"Oslo H\u00f8yre\"},\"image\":{\"@id\":\"https:\/\/hoyre.no\/oslo\/#\/schema\/logo\/image\/\"},\"sameAs\":[\"https:\/\/www.facebook.com\/oslo.hoyre\"]}]}<\/script>\n<!-- \/ Yoast SEO Premium plugin. -->","yoast_head_json":{"title":"Best for Munchs kunst! - Oslo H\u00f8yre","robots":{"index":"index","follow":"follow","max-snippet":"max-snippet:-1","max-image-preview":"max-image-preview:large","max-video-preview":"max-video-preview:-1"},"canonical":"https:\/\/hoyre.no\/oslo\/aktuelt\/best-for-munchs-kunst\/","og_locale":"nb_NO","og_type":"article","og_title":"Best for Munchs kunst!","og_url":"https:\/\/hoyre.no\/oslo\/aktuelt\/best-for-munchs-kunst\/","og_site_name":"Oslo H\u00f8yre","article_publisher":"https:\/\/www.facebook.com\/oslo.hoyre","article_published_time":"2013-07-25T10:13:09+00:00","article_modified_time":"2022-09-26T13:06:57+00:00","og_image":[{"width":1024,"height":361,"url":"https:\/\/hoyre.no\/content\/uploads\/sites\/408\/2022\/09\/Lambda-Bjorvika.jpg","type":"image\/jpeg"}],"twitter_card":"summary_large_image","twitter_misc":{"Ansl. lesetid":"4 minutter"},"schema":{"@context":"https:\/\/schema.org","@graph":[{"@type":"Article","@id":"https:\/\/hoyre.no\/oslo\/aktuelt\/best-for-munchs-kunst\/#article","isPartOf":{"@id":"https:\/\/hoyre.no\/oslo\/aktuelt\/best-for-munchs-kunst\/"},"author":{"name":"","@id":""},"headline":"Best for Munchs kunst!","datePublished":"2013-07-25T10:13:09+00:00","dateModified":"2022-09-26T13:06:57+00:00","mainEntityOfPage":{"@id":"https:\/\/hoyre.no\/oslo\/aktuelt\/best-for-munchs-kunst\/"},"wordCount":872,"publisher":{"@id":"https:\/\/hoyre.no\/oslo\/#organization"},"image":{"@id":"https:\/\/hoyre.no\/oslo\/aktuelt\/best-for-munchs-kunst\/#primaryimage"},"thumbnailUrl":"https:\/\/hoyre.no\/content\/uploads\/sites\/408\/2022\/09\/Lambda-Bjorvika.jpg","articleSection":["Nyheter"],"inLanguage":"nb-NO"},{"@type":"NewsArticle","@id":"https:\/\/hoyre.no\/oslo\/aktuelt\/best-for-munchs-kunst\/","url":"https:\/\/hoyre.no\/oslo\/aktuelt\/best-for-munchs-kunst\/","name":"Best for Munchs kunst! - Oslo H\u00f8yre","isPartOf":{"@id":"https:\/\/hoyre.no\/oslo\/#website"},"image":{"@id":"https:\/\/hoyre.no\/oslo\/aktuelt\/best-for-munchs-kunst\/#primaryimage"},"thumbnailUrl":"https:\/\/hoyre.no\/content\/uploads\/sites\/408\/2022\/09\/Lambda-Bjorvika.jpg","datePublished":"2013-07-25T10:13:09+00:00","dateModified":"2022-09-26T13:06:57+00:00","breadcrumb":{"@id":"https:\/\/hoyre.no\/oslo\/aktuelt\/best-for-munchs-kunst\/#breadcrumb"},"inLanguage":"nb-NO","potentialAction":[{"@type":"ReadAction","target":["https:\/\/hoyre.no\/oslo\/aktuelt\/best-for-munchs-kunst\/"]}]},{"@type":"ImageObject","inLanguage":"nb-NO","@id":"https:\/\/hoyre.no\/oslo\/aktuelt\/best-for-munchs-kunst\/#primaryimage","url":"https:\/\/hoyre.no\/content\/uploads\/sites\/408\/2022\/09\/Lambda-Bjorvika.jpg","contentUrl":"https:\/\/hoyre.no\/content\/uploads\/sites\/408\/2022\/09\/Lambda-Bjorvika.jpg","width":1024,"height":361,"caption":"Lambda Bj\u00f8rvika"},{"@type":"BreadcrumbList","@id":"https:\/\/hoyre.no\/oslo\/aktuelt\/best-for-munchs-kunst\/#breadcrumb","itemListElement":[{"@type":"ListItem","position":1,"name":"Til hoyre.no","item":"https:\/\/hoyre.no"},{"@type":"ListItem","position":2,"name":"Hjem","item":"https:\/\/hoyre.no\/oslo\/"},{"@type":"ListItem","position":3,"name":"Best for Munchs kunst!"}]},{"@type":"WebSite","@id":"https:\/\/hoyre.no\/oslo\/#website","url":"https:\/\/hoyre.no\/oslo\/","name":"Oslo H\u00f8yre","description":"","publisher":{"@id":"https:\/\/hoyre.no\/oslo\/#organization"},"inLanguage":"nb-NO"},{"@type":"Organization","@id":"https:\/\/hoyre.no\/oslo\/#organization","name":"Oslo H\u00f8yre","url":"https:\/\/hoyre.no\/oslo\/","logo":{"@type":"ImageObject","inLanguage":"nb-NO","@id":"https:\/\/hoyre.no\/oslo\/#\/schema\/logo\/image\/","url":"https:\/\/hoyre.no\/content\/uploads\/sites\/408\/2022\/11\/Hoyres-logo.png","contentUrl":"https:\/\/hoyre.no\/content\/uploads\/sites\/408\/2022\/11\/Hoyres-logo.png","width":1000,"height":1000,"caption":"Oslo H\u00f8yre"},"image":{"@id":"https:\/\/hoyre.no\/oslo\/#\/schema\/logo\/image\/"},"sameAs":["https:\/\/www.facebook.com\/oslo.hoyre"]}]}},"distributor_meta":false,"distributor_terms":false,"distributor_media":false,"distributor_original_site_name":"Oslo H\u00f8yre","distributor_original_site_url":"https:\/\/hoyre.no\/oslo","push-errors":false,"_links":{"self":[{"href":"https:\/\/hoyre.no\/oslo\/wp-json\/wp\/v2\/posts\/1849","targetHints":{"allow":["GET"]}}],"collection":[{"href":"https:\/\/hoyre.no\/oslo\/wp-json\/wp\/v2\/posts"}],"about":[{"href":"https:\/\/hoyre.no\/oslo\/wp-json\/wp\/v2\/types\/post"}],"replies":[{"embeddable":true,"href":"https:\/\/hoyre.no\/oslo\/wp-json\/wp\/v2\/comments?post=1849"}],"version-history":[{"count":1,"href":"https:\/\/hoyre.no\/oslo\/wp-json\/wp\/v2\/posts\/1849\/revisions"}],"predecessor-version":[{"id":3024,"href":"https:\/\/hoyre.no\/oslo\/wp-json\/wp\/v2\/posts\/1849\/revisions\/3024"}],"wp:featuredmedia":[{"embeddable":true,"href":"https:\/\/hoyre.no\/oslo\/wp-json\/wp\/v2\/media\/1743"}],"wp:attachment":[{"href":"https:\/\/hoyre.no\/oslo\/wp-json\/wp\/v2\/media?parent=1849"}],"wp:term":[{"taxonomy":"category","embeddable":true,"href":"https:\/\/hoyre.no\/oslo\/wp-json\/wp\/v2\/category?post=1849"},{"taxonomy":"post_tag","embeddable":true,"href":"https:\/\/hoyre.no\/oslo\/wp-json\/wp\/v2\/post_tag?post=1849"},{"taxonomy":"hoyre-visibility","embeddable":true,"href":"https:\/\/hoyre.no\/oslo\/wp-json\/wp\/v2\/hoyre-visibility?post=1849"},{"taxonomy":"article-type","embeddable":true,"href":"https:\/\/hoyre.no\/oslo\/wp-json\/wp\/v2\/article-type?post=1849"},{"taxonomy":"politician","embeddable":true,"href":"https:\/\/hoyre.no\/oslo\/wp-json\/wp\/v2\/politician?post=1849"}],"curies":[{"name":"wp","href":"https:\/\/api.w.org\/{rel}","templated":true}]}}