{"id":1850,"date":"2013-07-24T11:04:07","date_gmt":"2013-07-24T11:04:07","guid":{"rendered":"https:\/\/hoyre.no\/oslo\/aktuelt\/vi-ma-lofte-barnehagene\/"},"modified":"2022-09-26T15:06:57","modified_gmt":"2022-09-26T13:06:57","slug":"vi-ma-lofte-barnehagene","status":"publish","type":"post","link":"https:\/\/hoyre.no\/oslo\/aktuelt\/vi-ma-lofte-barnehagene\/","title":{"rendered":"Vi m\u00e5 l\u00f8fte barnehagene"},"content":{"rendered":"<figure class=\"hoyre-image-wrapper\"><div class=\"hoyre-image\"><img loading=\"lazy\" decoding=\"async\" width=\"1024\" height=\"361\" src=\"https:\/\/hoyre.no\/content\/uploads\/sites\/408\/2022\/09\/Lambda-Bjorvika.jpg\" class=\"attachment-scaled size-scaled\" alt=\"Lambda Bj\u00f8rvika\" style=\"object-position: 50% 50%\" srcset=\"https:\/\/hoyre.no\/content\/uploads\/sites\/408\/2022\/09\/Lambda-Bjorvika.jpg 1024w, https:\/\/hoyre.no\/content\/uploads\/sites\/408\/2022\/09\/Lambda-Bjorvika-300x106.jpg 300w, https:\/\/hoyre.no\/content\/uploads\/sites\/408\/2022\/09\/Lambda-Bjorvika-768x271.jpg 768w\" sizes=\"auto, (max-width: 1024px) 100vw, 1024px\" \/><\/div><\/figure><div id=\"hoyre-old-article-content-wrapper\"><p>Barnehagene b\u00f8r bruke tiden til mer l\u00e6ring, og kommunisere med skolene om barns talenter og utfordringer.<\/p><p>Debatten om frafall i skolen er viktig. Altfor mange elever i videreg\u00e5ende skole avslutter skolel\u00f8pet. Dessverre er diskusjonen om l\u00f8sningene ensidig. Man iverksetter viktige tiltak b\u00e5de i grunn- og videreg\u00e5ende skole for \u00e5 forhindre frafall, men glemmer altfor ofte \u00e5 snakke om grunnlaget for et godt skolel\u00f8p. Barnehagene burde v\u00e6re en del av det ordskiftet.<\/p><p>Dagens barnehagedebatt er lutfattig. De store barnehageoppslagene handler nesten bare om \u00e9n ting: bemanning. Som utdanningspolitiker i Oslo bystyre f\u00e5r jeg stort sett ett sp\u00f8rsm\u00e5l om barnehager: Er du for eller mot bemanningsnorm? Andre foresp\u00f8rsler er bare variasjoner over dette sp\u00f8rsm\u00e5let.<\/p><p><strong>Mer enn trygge fang<\/strong><\/p><p>Bemanning er vesentlig. Jeg mener vi skal ha barnehager med h\u00f8y voksen- og pedagogtetthet. Jeg synes barna skal ha trygge fang \u00e5 sitte p\u00e5 n\u00e5r de er i barnehagen. Det er \u00e9n av grunnene til at jeg st\u00f8tter arbeidsplassbasert f\u00f8rskolel\u00e6rerutdanning, hvor ufagl\u00e6rte assistenter kan bli fagl\u00e6rte samtidig som de er i jobb. Den andre grunnen er jeg vil ha mer enn trygge fang.<\/p><blockquote><p>Regjeringen offentliggjorde barnehagemeldingen sin mens de aller fleste satt i bilk\u00f8 p\u00e5 vei opp mot p\u00e5skefjellet. Det er neppe tilfeldig.<\/p><\/blockquote><p>Rett f\u00f8r p\u00e5ske <a title=\"Barnehagemelding\" href=\"http:\/\/www.regjeringen.no\/nb\/dep\/kd\/dok\/regpubl\/stmeld\/2012-2013\/meld-st-24-20122013.html?id=720200\" target=\"_blank\" rel=\"noopener noreferrer\">la regjeringen frem sin barnehagemelding<\/a>. Den ble offentliggjort mens de aller fleste satt i bilk\u00f8 p\u00e5 vei opp mot p\u00e5skefjellet. Det er neppe tilfeldig. Hvis jeg var ansvarlig for den meldingen, ville jeg ogs\u00e5 helst sett at s\u00e5 f\u00e5 som mulig visste om den. Barnehagemeldingen er uten ambisjoner og blottet for visjoner. Den er laget av politikere p\u00e5 tomgang. Det viste seg at da m\u00e5let om full barnehagedekning var n\u00e5dd, hadde man ikke flere ideer.<\/p><p><strong>Bruk tiden til l\u00e6ring!<\/strong><\/p><p>Barnehagepolitikk b\u00f8r h\u00f8yere opp p\u00e5 dagsorden. Barns l\u00e6ring foreg\u00e5r hele tiden, b\u00e5de p\u00e5 godt og p\u00e5 vondt. N\u00e5r s\u00e5 mange foreldre velger \u00e5 sende sine barn i barnehage, b\u00f8r vi bli flinkere til \u00e5 utnytte tiden i barnehagene bedre. Kompetansen er der. Hvorfor ikke bruke tiden til mer l\u00e6ring?<\/p><p>Det betyr ikke at barnehagen skal bli en skole. Barnehagen skal v\u00e6re en barnehage. Det betyr bare at barnehagen kan legge grunnlaget for at barn f\u00e5r bedre muligheter n\u00e5r de begynner i skolen.<\/p><blockquote><p>N\u00e5r s\u00e5 mange foreldre velger \u00e5 sende sine barn i barnehage, b\u00f8r vi bli flinkere til \u00e5 utnytte tiden i barnehagene bedre. Kompetansen er der.<\/p><\/blockquote><p>I dag er virkeligheten skremmende. La meg gi dere noen eksempler fra min hjemkommune, Oslo:<\/p><ul><li>Mer enn hver fjerde elev mangler tilstrekkelige norskferdigheter til \u00e5 f\u00f8lge vanlig undervisning n\u00e5r de begynner i skolen. Det til tross for at de aller fleste har g\u00e5tt i barnehagen.<\/li><li>For barn med minoritetsspr\u00e5klig bakgrunn er tallet 70 prosent. Det til tross for at 75 prosent av dem er f\u00f8dt og oppvokst i Norge, og 70 prosent har g\u00e5tt i barnehage.<\/li><\/ul><p>Begynner du p\u00e5 skolen uten \u00e5 kunne f\u00f8lge den ordin\u00e6re undervisningen p\u00e5 grunn av spr\u00e5kproblemer, kan det ha konsekvenser for resten av utdanningsl\u00f8pet ditt. \u00c5 ikke se p\u00e5 dette som viktige momenter for \u00e5 forhindre frafall senere, er feilsl\u00e5tt. \u00c5 ikke bruke tiden i barnehagene for \u00e5 gj\u00f8re noe med det, er urettferdig.<\/p><p>Vi m\u00e5 fornye visjonene vi har for barnehagene. Barnehager er en unik mulighet for \u00e5 gj\u00f8re utdanningsl\u00f8pet til barna enklere. Tiden i barnehagene b\u00f8r brukes til \u00e5 sikre at alle f\u00e5r muligheter til en god skolegang.<\/p><p><strong>Nye visjoner er god medisin<\/strong><\/p><p>H\u00f8yre mener vi kan gj\u00f8re dette p\u00e5 flere m\u00e5ter. Her er tre av dem:<\/p><p>1. Barn skal l\u00e6re seg norsk f\u00f8r skolestart. Spr\u00e5k er grunnleggende for l\u00e6ring. \u00c5 ha en god spr\u00e5kutvikling er avgj\u00f8rende for \u00e5 kunne tilegne seg l\u00e6ring uansett fag og det er grunnleggende for sosial kompetanse. Derfor b\u00f8r spr\u00e5k v\u00e6re hovedsatsingen n\u00e5r man snakker om innhold i barnehagen. H\u00f8yre \u00f8nsker \u00e5 rette s\u00f8kelyset p\u00e5 spr\u00e5koppl\u00e6ring og -stimulering i barnehagene.<\/p><p>2. \u00c5penhet om barnehagene. Foreldre som velger barnehage til sine barn har rett til \u00e5 f\u00e5 innsyn i barnehagene de kan velge mellom. Informasjon skal v\u00e6re tilgjengelig for alle. Tilsynsrapporter, pedagogtetthet og brukertilfredshet er eksempler p\u00e5 momenter foreldre b\u00f8r kunne se i en nettbasert kvalitetsportal for barnehagene.<\/p><p>3. Bedre samarbeidet mellom barnehager og skole. For \u00e5 gj\u00f8re overgangen fra barnehage til skole mer smidig b\u00e5de for barn, men ogs\u00e5 for skole, m\u00e5 det v\u00e6re systematisk kommunikasjon mellom barnehagen og skolen. Informasjon om barnets talenter og utfordringer vil v\u00e6re relevant for \u00e5 gj\u00f8re arbeidet med tilpasset oppl\u00e6ring enklere for skolen.<\/p><p>Barnehagene trenger et l\u00f8ft. B\u00e5de gjennom bemanning, men ogs\u00e5 konkret ved \u00e5 satse p\u00e5 innhold. Det vil gi barn st\u00f8rre muligheter n\u00e5r de begynner i f\u00f8rste klasse, i tillegg til at det kan bidra til \u00e5 forhindre frafall senere.<\/p><blockquote><p>Informasjon om barnets talenter og utfordringer vil v\u00e6re relevant for \u00e5 gj\u00f8re arbeidet med tilpasset oppl\u00e6ring enklere for skolen.<\/p><\/blockquote><p>\u00c5 l\u00f8fte barnehagene er noe av det viktigste vi kan gj\u00f8re. Nye visjoner for barnehagen er god medisin.<\/p><p><em>Dette innlegget ble publisert p\u00e5 <a title=\"Nrk Ytring\" href=\"http:\/\/www.nrk.no\/ytring\/vi-ma-lofte-barnehagene-1.11145267\" target=\"_blank\" rel=\"noopener noreferrer\">NRK Ytring<\/a>.<\/em><\/p><p><em>Foto: colourbox.com<\/em><\/p>\n<\/div>\n<div class=\"tags\">\n\t<\/div>\n<div class=\"post-footer alignfull has-background block-editor-block-list__block\" data-align=full>\n\t<div class=\"post-footer-inner\">\n\t\t<h3>Relaterte artikler<\/h3>\n\t\t<div class=\"related-content\"><div class=\"is-card-hoyre\">\n\t<div class=\"teft-card hoyre-teft-card post-teft-card\">\n\t\t<a href=\"https:\/\/hoyre.no\/oslo\/aktuelt\/mdg-moralismen-fornekter-seg-ikke\/\" class=\"teft-card__primary-action\">\n\n\t\t\t\t\t<div class=\"teft-card__media teft-card__media--16-9\">\n\t\t\t\t\t\t<img loading=\"lazy\" decoding=\"async\" width=\"768\" height=\"512\" src=\"https:\/\/hoyre.no\/content\/uploads\/sites\/408\/2024\/01\/QZQlxtOC-768x512.jpeg\" class=\"attachment-medium_large size-medium_large\" alt=\"Merete Agerbak-Jensen\" srcset=\"https:\/\/hoyre.no\/content\/uploads\/sites\/408\/2024\/01\/QZQlxtOC-768x512.jpeg 768w, https:\/\/hoyre.no\/content\/uploads\/sites\/408\/2024\/01\/QZQlxtOC-300x200.jpeg 300w, https:\/\/hoyre.no\/content\/uploads\/sites\/408\/2024\/01\/QZQlxtOC-1024x683.jpeg 1024w, https:\/\/hoyre.no\/content\/uploads\/sites\/408\/2024\/01\/QZQlxtOC-1536x1024.jpeg 1536w, https:\/\/hoyre.no\/content\/uploads\/sites\/408\/2024\/01\/QZQlxtOC-2048x1365.jpeg 2048w\" sizes=\"auto, (max-width: 768px) 100vw, 768px\" \/>\t\t<\/div>\n\t\t\n\t\t\t<div class=\"teft-card__content-wrapper\">\n\t\t\t\t<div class=\"teft-card__secondary\">\n\t\t\t\t\t\n\t\t\t\t\t\t\t\t<div class=\"teft-card__meta\">\n\t\t\t\t\t\t\t\t\t<span class=\"post-date\">23. apr 2026<\/span>\n\n\t\t\t\t\t\t\t\t\t\t\t\t\t\t\t\t\t<\/div>\n\t\t\t\t\t\t\t\t\t\t\t<\/div>\n\n\t\t\t\t<div class=\"teft-card__primary\">\n\t\t\t\t\t<h2 class=\"teft-card__title\">MDG-moralismen fornekter seg ikke&nbsp;<span class=\"teft-card__primary-title-append\"><\/span><\/h2>\t\t\t\t<\/div>\n\t\t\t<\/div>\n\t\t<\/a>\n\t<\/div>\n\n\t<\/div><div class=\"is-card-hoyre\">\n\t<div class=\"teft-card hoyre-teft-card post-teft-card\">\n\t\t<a href=\"https:\/\/hoyre.no\/oslo\/aktuelt\/raskere-og-enklere-a-bygge-boliger-og-skape-arbeidsplasser-i-oslo\/\" class=\"teft-card__primary-action\">\n\n\t\t\t\t\t<div class=\"teft-card__media teft-card__media--16-9\">\n\t\t\t\t\t\t<img loading=\"lazy\" decoding=\"async\" width=\"768\" height=\"576\" src=\"https:\/\/hoyre.no\/content\/uploads\/sites\/408\/2026\/04\/Eirik-Lae-Solberg-og-Anita-Leirvik-North-768x576.jpg\" class=\"attachment-medium_large size-medium_large\" alt=\"\" srcset=\"https:\/\/hoyre.no\/content\/uploads\/sites\/408\/2026\/04\/Eirik-Lae-Solberg-og-Anita-Leirvik-North-768x576.jpg 768w, https:\/\/hoyre.no\/content\/uploads\/sites\/408\/2026\/04\/Eirik-Lae-Solberg-og-Anita-Leirvik-North-300x225.jpg 300w, https:\/\/hoyre.no\/content\/uploads\/sites\/408\/2026\/04\/Eirik-Lae-Solberg-og-Anita-Leirvik-North.jpg 901w\" sizes=\"auto, (max-width: 768px) 100vw, 768px\" \/>\t\t<\/div>\n\t\t\n\t\t\t<div class=\"teft-card__content-wrapper\">\n\t\t\t\t<div class=\"teft-card__secondary\">\n\t\t\t\t\t\n\t\t\t\t\t\t\t\t<div class=\"teft-card__meta\">\n\t\t\t\t\t\t\t\t\t<span class=\"post-date\">14. apr 2026<\/span>\n\n\t\t\t\t\t\t\t\t\t<span class=\"post-category\">Har lagt frem ny KPA:<\/span>\t\t\t\t\t\t\t\t<\/div>\n\t\t\t\t\t\t\t\t\t\t\t<\/div>\n\n\t\t\t\t<div class=\"teft-card__primary\">\n\t\t\t\t\t<h2 class=\"teft-card__title\">Raskere og enklere \u00e5 bygge boliger og skape arbeidsplasser i Oslo&nbsp;<span class=\"teft-card__primary-title-append\"><\/span><\/h2>\t\t\t\t<\/div>\n\t\t\t<\/div>\n\t\t<\/a>\n\t<\/div>\n\n\t<\/div><div class=\"is-card-hoyre\">\n\t<div class=\"teft-card hoyre-teft-card post-teft-card\">\n\t\t<a href=\"https:\/\/hoyre.no\/oslo\/aktuelt\/bedre-elevresultater-og-en-skoleokonomi-i-balanse-med-blagront-byrad\/\" class=\"teft-card__primary-action\">\n\n\t\t\t\t\t<div class=\"teft-card__media teft-card__media--16-9\">\n\t\t\t\t\t\t<img loading=\"lazy\" decoding=\"async\" width=\"768\" height=\"512\" src=\"https:\/\/hoyre.no\/content\/uploads\/sites\/408\/2025\/05\/IMG_6440-768x512.jpeg\" class=\"attachment-medium_large size-medium_large\" alt=\"Julie Remen Midtgarden\" srcset=\"https:\/\/hoyre.no\/content\/uploads\/sites\/408\/2025\/05\/IMG_6440-768x512.jpeg 768w, https:\/\/hoyre.no\/content\/uploads\/sites\/408\/2025\/05\/IMG_6440-300x200.jpeg 300w, https:\/\/hoyre.no\/content\/uploads\/sites\/408\/2025\/05\/IMG_6440-1024x683.jpeg 1024w, https:\/\/hoyre.no\/content\/uploads\/sites\/408\/2025\/05\/IMG_6440-1536x1024.jpeg 1536w, https:\/\/hoyre.no\/content\/uploads\/sites\/408\/2025\/05\/IMG_6440-2048x1365.jpeg 2048w\" sizes=\"auto, (max-width: 768px) 100vw, 768px\" \/>\t\t<\/div>\n\t\t\n\t\t\t<div class=\"teft-card__content-wrapper\">\n\t\t\t\t<div class=\"teft-card__secondary\">\n\t\t\t\t\t\n\t\t\t\t\t\t\t\t<div class=\"teft-card__meta\">\n\t\t\t\t\t\t\t\t\t<span class=\"post-date\">26. mar 2026<\/span>\n\n\t\t\t\t\t\t\t\t\t\t\t\t\t\t\t\t\t<\/div>\n\t\t\t\t\t\t\t\t\t\t\t<\/div>\n\n\t\t\t\t<div class=\"teft-card__primary\">\n\t\t\t\t\t<h2 class=\"teft-card__title\">Bedre elevresultater og en skole\u00f8konomi i balanse med bl\u00e5gr\u00f8nt byr\u00e5d&nbsp;<span class=\"teft-card__primary-title-append\"><\/span><\/h2>\t\t\t\t<\/div>\n\t\t\t<\/div>\n\t\t<\/a>\n\t<\/div>\n\n\t<\/div><\/div>\t<\/div>\n<\/div>\n","protected":false},"excerpt":{"rendered":"","protected":false},"author":0,"featured_media":0,"comment_status":"closed","ping_status":"open","sticky":false,"template":"","format":"standard","meta":{"teft_cards_image_url":"","teft_cards_custom_pretitle":"","teft_cards_image_id":0,"teft_cards_image_focal_point_x":0,"teft_cards_image_focal_point_y":0,"teft_cards_title":"","teft_cards_excerpt":"","teft_show_chapters":false,"author_display_name":"Oslo H\u00f8yre","footnotes":""},"category":[1],"post_tag":[],"hoyre-visibility":[],"article-type":[],"politician":[],"class_list":["post-1850","post","type-post","status-publish","format-standard","hentry","category-nyheter"],"yoast_head":"<!-- This site is optimized with the Yoast SEO Premium plugin v26.5 (Yoast SEO v26.6) - https:\/\/yoast.com\/wordpress\/plugins\/seo\/ -->\n<title>Vi m\u00e5 l\u00f8fte barnehagene - Oslo H\u00f8yre<\/title>\n<meta name=\"robots\" content=\"index, follow, max-snippet:-1, max-image-preview:large, max-video-preview:-1\" \/>\n<link rel=\"canonical\" href=\"https:\/\/hoyre.no\/oslo\/aktuelt\/vi-ma-lofte-barnehagene\/\" \/>\n<meta property=\"og:locale\" content=\"nb_NO\" \/>\n<meta property=\"og:type\" content=\"article\" \/>\n<meta property=\"og:title\" content=\"Vi m\u00e5 l\u00f8fte barnehagene\" \/>\n<meta property=\"og:url\" content=\"https:\/\/hoyre.no\/oslo\/aktuelt\/vi-ma-lofte-barnehagene\/\" \/>\n<meta property=\"og:site_name\" content=\"Oslo H\u00f8yre\" \/>\n<meta property=\"article:publisher\" content=\"https:\/\/www.facebook.com\/oslo.hoyre\" \/>\n<meta property=\"article:published_time\" content=\"2013-07-24T11:04:07+00:00\" \/>\n<meta property=\"article:modified_time\" content=\"2022-09-26T13:06:57+00:00\" \/>\n<meta property=\"og:image\" content=\"https:\/\/hoyre.no\/content\/uploads\/sites\/408\/2022\/11\/Hoyres-logo.png\" \/>\n\t<meta property=\"og:image:width\" content=\"1000\" \/>\n\t<meta property=\"og:image:height\" content=\"1000\" \/>\n\t<meta property=\"og:image:type\" content=\"image\/png\" \/>\n<meta name=\"twitter:card\" content=\"summary_large_image\" \/>\n<meta name=\"twitter:label1\" content=\"Ansl. lesetid\" \/>\n\t<meta name=\"twitter:data1\" content=\"4 minutter\" \/>\n<script type=\"application\/ld+json\" class=\"yoast-schema-graph\">{\"@context\":\"https:\/\/schema.org\",\"@graph\":[{\"@type\":\"Article\",\"@id\":\"https:\/\/hoyre.no\/oslo\/aktuelt\/vi-ma-lofte-barnehagene\/#article\",\"isPartOf\":{\"@id\":\"https:\/\/hoyre.no\/oslo\/aktuelt\/vi-ma-lofte-barnehagene\/\"},\"author\":{\"name\":\"\",\"@id\":\"\"},\"headline\":\"Vi m\u00e5 l\u00f8fte barnehagene\",\"datePublished\":\"2013-07-24T11:04:07+00:00\",\"dateModified\":\"2022-09-26T13:06:57+00:00\",\"mainEntityOfPage\":{\"@id\":\"https:\/\/hoyre.no\/oslo\/aktuelt\/vi-ma-lofte-barnehagene\/\"},\"wordCount\":897,\"publisher\":{\"@id\":\"https:\/\/hoyre.no\/oslo\/#organization\"},\"articleSection\":[\"Nyheter\"],\"inLanguage\":\"nb-NO\"},{\"@type\":\"NewsArticle\",\"@id\":\"https:\/\/hoyre.no\/oslo\/aktuelt\/vi-ma-lofte-barnehagene\/\",\"url\":\"https:\/\/hoyre.no\/oslo\/aktuelt\/vi-ma-lofte-barnehagene\/\",\"name\":\"Vi m\u00e5 l\u00f8fte barnehagene - Oslo H\u00f8yre\",\"isPartOf\":{\"@id\":\"https:\/\/hoyre.no\/oslo\/#website\"},\"datePublished\":\"2013-07-24T11:04:07+00:00\",\"dateModified\":\"2022-09-26T13:06:57+00:00\",\"breadcrumb\":{\"@id\":\"https:\/\/hoyre.no\/oslo\/aktuelt\/vi-ma-lofte-barnehagene\/#breadcrumb\"},\"inLanguage\":\"nb-NO\",\"potentialAction\":[{\"@type\":\"ReadAction\",\"target\":[\"https:\/\/hoyre.no\/oslo\/aktuelt\/vi-ma-lofte-barnehagene\/\"]}]},{\"@type\":\"BreadcrumbList\",\"@id\":\"https:\/\/hoyre.no\/oslo\/aktuelt\/vi-ma-lofte-barnehagene\/#breadcrumb\",\"itemListElement\":[{\"@type\":\"ListItem\",\"position\":1,\"name\":\"Til hoyre.no\",\"item\":\"https:\/\/hoyre.no\"},{\"@type\":\"ListItem\",\"position\":2,\"name\":\"Hjem\",\"item\":\"https:\/\/hoyre.no\/oslo\/\"},{\"@type\":\"ListItem\",\"position\":3,\"name\":\"Vi m\u00e5 l\u00f8fte barnehagene\"}]},{\"@type\":\"WebSite\",\"@id\":\"https:\/\/hoyre.no\/oslo\/#website\",\"url\":\"https:\/\/hoyre.no\/oslo\/\",\"name\":\"Oslo H\u00f8yre\",\"description\":\"\",\"publisher\":{\"@id\":\"https:\/\/hoyre.no\/oslo\/#organization\"},\"inLanguage\":\"nb-NO\"},{\"@type\":\"Organization\",\"@id\":\"https:\/\/hoyre.no\/oslo\/#organization\",\"name\":\"Oslo H\u00f8yre\",\"url\":\"https:\/\/hoyre.no\/oslo\/\",\"logo\":{\"@type\":\"ImageObject\",\"inLanguage\":\"nb-NO\",\"@id\":\"https:\/\/hoyre.no\/oslo\/#\/schema\/logo\/image\/\",\"url\":\"https:\/\/hoyre.no\/content\/uploads\/sites\/408\/2022\/11\/Hoyres-logo.png\",\"contentUrl\":\"https:\/\/hoyre.no\/content\/uploads\/sites\/408\/2022\/11\/Hoyres-logo.png\",\"width\":1000,\"height\":1000,\"caption\":\"Oslo H\u00f8yre\"},\"image\":{\"@id\":\"https:\/\/hoyre.no\/oslo\/#\/schema\/logo\/image\/\"},\"sameAs\":[\"https:\/\/www.facebook.com\/oslo.hoyre\"]}]}<\/script>\n<!-- \/ Yoast SEO Premium plugin. -->","yoast_head_json":{"title":"Vi m\u00e5 l\u00f8fte barnehagene - Oslo H\u00f8yre","robots":{"index":"index","follow":"follow","max-snippet":"max-snippet:-1","max-image-preview":"max-image-preview:large","max-video-preview":"max-video-preview:-1"},"canonical":"https:\/\/hoyre.no\/oslo\/aktuelt\/vi-ma-lofte-barnehagene\/","og_locale":"nb_NO","og_type":"article","og_title":"Vi m\u00e5 l\u00f8fte barnehagene","og_url":"https:\/\/hoyre.no\/oslo\/aktuelt\/vi-ma-lofte-barnehagene\/","og_site_name":"Oslo H\u00f8yre","article_publisher":"https:\/\/www.facebook.com\/oslo.hoyre","article_published_time":"2013-07-24T11:04:07+00:00","article_modified_time":"2022-09-26T13:06:57+00:00","og_image":[{"width":1000,"height":1000,"url":"https:\/\/hoyre.no\/content\/uploads\/sites\/408\/2022\/11\/Hoyres-logo.png","type":"image\/png"}],"twitter_card":"summary_large_image","twitter_misc":{"Ansl. lesetid":"4 minutter"},"schema":{"@context":"https:\/\/schema.org","@graph":[{"@type":"Article","@id":"https:\/\/hoyre.no\/oslo\/aktuelt\/vi-ma-lofte-barnehagene\/#article","isPartOf":{"@id":"https:\/\/hoyre.no\/oslo\/aktuelt\/vi-ma-lofte-barnehagene\/"},"author":{"name":"","@id":""},"headline":"Vi m\u00e5 l\u00f8fte barnehagene","datePublished":"2013-07-24T11:04:07+00:00","dateModified":"2022-09-26T13:06:57+00:00","mainEntityOfPage":{"@id":"https:\/\/hoyre.no\/oslo\/aktuelt\/vi-ma-lofte-barnehagene\/"},"wordCount":897,"publisher":{"@id":"https:\/\/hoyre.no\/oslo\/#organization"},"articleSection":["Nyheter"],"inLanguage":"nb-NO"},{"@type":"NewsArticle","@id":"https:\/\/hoyre.no\/oslo\/aktuelt\/vi-ma-lofte-barnehagene\/","url":"https:\/\/hoyre.no\/oslo\/aktuelt\/vi-ma-lofte-barnehagene\/","name":"Vi m\u00e5 l\u00f8fte barnehagene - Oslo H\u00f8yre","isPartOf":{"@id":"https:\/\/hoyre.no\/oslo\/#website"},"datePublished":"2013-07-24T11:04:07+00:00","dateModified":"2022-09-26T13:06:57+00:00","breadcrumb":{"@id":"https:\/\/hoyre.no\/oslo\/aktuelt\/vi-ma-lofte-barnehagene\/#breadcrumb"},"inLanguage":"nb-NO","potentialAction":[{"@type":"ReadAction","target":["https:\/\/hoyre.no\/oslo\/aktuelt\/vi-ma-lofte-barnehagene\/"]}]},{"@type":"BreadcrumbList","@id":"https:\/\/hoyre.no\/oslo\/aktuelt\/vi-ma-lofte-barnehagene\/#breadcrumb","itemListElement":[{"@type":"ListItem","position":1,"name":"Til hoyre.no","item":"https:\/\/hoyre.no"},{"@type":"ListItem","position":2,"name":"Hjem","item":"https:\/\/hoyre.no\/oslo\/"},{"@type":"ListItem","position":3,"name":"Vi m\u00e5 l\u00f8fte barnehagene"}]},{"@type":"WebSite","@id":"https:\/\/hoyre.no\/oslo\/#website","url":"https:\/\/hoyre.no\/oslo\/","name":"Oslo H\u00f8yre","description":"","publisher":{"@id":"https:\/\/hoyre.no\/oslo\/#organization"},"inLanguage":"nb-NO"},{"@type":"Organization","@id":"https:\/\/hoyre.no\/oslo\/#organization","name":"Oslo H\u00f8yre","url":"https:\/\/hoyre.no\/oslo\/","logo":{"@type":"ImageObject","inLanguage":"nb-NO","@id":"https:\/\/hoyre.no\/oslo\/#\/schema\/logo\/image\/","url":"https:\/\/hoyre.no\/content\/uploads\/sites\/408\/2022\/11\/Hoyres-logo.png","contentUrl":"https:\/\/hoyre.no\/content\/uploads\/sites\/408\/2022\/11\/Hoyres-logo.png","width":1000,"height":1000,"caption":"Oslo H\u00f8yre"},"image":{"@id":"https:\/\/hoyre.no\/oslo\/#\/schema\/logo\/image\/"},"sameAs":["https:\/\/www.facebook.com\/oslo.hoyre"]}]}},"distributor_meta":false,"distributor_terms":false,"distributor_media":false,"distributor_original_site_name":"Oslo H\u00f8yre","distributor_original_site_url":"https:\/\/hoyre.no\/oslo","push-errors":false,"_links":{"self":[{"href":"https:\/\/hoyre.no\/oslo\/wp-json\/wp\/v2\/posts\/1850","targetHints":{"allow":["GET"]}}],"collection":[{"href":"https:\/\/hoyre.no\/oslo\/wp-json\/wp\/v2\/posts"}],"about":[{"href":"https:\/\/hoyre.no\/oslo\/wp-json\/wp\/v2\/types\/post"}],"replies":[{"embeddable":true,"href":"https:\/\/hoyre.no\/oslo\/wp-json\/wp\/v2\/comments?post=1850"}],"version-history":[{"count":1,"href":"https:\/\/hoyre.no\/oslo\/wp-json\/wp\/v2\/posts\/1850\/revisions"}],"predecessor-version":[{"id":3025,"href":"https:\/\/hoyre.no\/oslo\/wp-json\/wp\/v2\/posts\/1850\/revisions\/3025"}],"wp:attachment":[{"href":"https:\/\/hoyre.no\/oslo\/wp-json\/wp\/v2\/media?parent=1850"}],"wp:term":[{"taxonomy":"category","embeddable":true,"href":"https:\/\/hoyre.no\/oslo\/wp-json\/wp\/v2\/category?post=1850"},{"taxonomy":"post_tag","embeddable":true,"href":"https:\/\/hoyre.no\/oslo\/wp-json\/wp\/v2\/post_tag?post=1850"},{"taxonomy":"hoyre-visibility","embeddable":true,"href":"https:\/\/hoyre.no\/oslo\/wp-json\/wp\/v2\/hoyre-visibility?post=1850"},{"taxonomy":"article-type","embeddable":true,"href":"https:\/\/hoyre.no\/oslo\/wp-json\/wp\/v2\/article-type?post=1850"},{"taxonomy":"politician","embeddable":true,"href":"https:\/\/hoyre.no\/oslo\/wp-json\/wp\/v2\/politician?post=1850"}],"curies":[{"name":"wp","href":"https:\/\/api.w.org\/{rel}","templated":true}]}}