{"id":1864,"date":"2013-07-10T07:59:36","date_gmt":"2013-07-10T07:59:36","guid":{"rendered":"https:\/\/hoyre.no\/oslo\/aktuelt\/trivsel-og-laering\/"},"modified":"2022-09-26T15:07:00","modified_gmt":"2022-09-26T13:07:00","slug":"trivsel-og-laering","status":"publish","type":"post","link":"https:\/\/hoyre.no\/oslo\/aktuelt\/trivsel-og-laering\/","title":{"rendered":"Trivsel og l\u00e6ring"},"content":{"rendered":"<figure class=\"hoyre-image-wrapper\"><div class=\"hoyre-image\"><img loading=\"lazy\" decoding=\"async\" width=\"1024\" height=\"361\" src=\"https:\/\/hoyre.no\/content\/uploads\/sites\/408\/2022\/09\/Ba\u030ard-Folke-Fredriksen-Oslo-Paris21.jpg\" class=\"attachment-scaled size-scaled\" alt=\"Ba\u030ard Folke Fredriksen Oslo - Paris\" style=\"object-position: 50% 50%\" srcset=\"https:\/\/hoyre.no\/content\/uploads\/sites\/408\/2022\/09\/Ba\u030ard-Folke-Fredriksen-Oslo-Paris21.jpg 1024w, https:\/\/hoyre.no\/content\/uploads\/sites\/408\/2022\/09\/Ba\u030ard-Folke-Fredriksen-Oslo-Paris21-300x106.jpg 300w, https:\/\/hoyre.no\/content\/uploads\/sites\/408\/2022\/09\/Ba\u030ard-Folke-Fredriksen-Oslo-Paris21-768x271.jpg 768w\" sizes=\"auto, (max-width: 1024px) 100vw, 1024px\" \/><\/div><\/figure><div id=\"hoyre-old-article-content-wrapper\"><p>Mestring, motivasjon og l\u00e6relyst er avgj\u00f8rende for elevenes l\u00e6ring. Den nasjonale elevunders\u00f8kelsen viser at Oslo- elevene trives bedre med skolearbeidet, opplever st\u00f8rre mestring, er mer motiverte og har st\u00f8rre lyst til \u00e5 l\u00e6re enn elever i resten av landet.Det er et godt utgangspunkt for \u00e5 l\u00e6re enda mer. Trivsel og l\u00e6ring g\u00e5r h\u00e5nd i h\u00e5nd.<\/p><p><em>Av Stian Berger R\u00f8sland, byr\u00e5dsleder og Torger \u00d8degaard, skolebyr\u00e5d<\/em><\/p><p><strong>Alle skal trives<br \/><\/strong>I det siste er det fors\u00f8kt tegnet et bilde av Osloskolen som instrumentell, toppstyrt og ensidig opptatt av testing og kartlegging. Dette gir ikke et riktig bilde. Osloskolen er ikke bare best i landet p\u00e5 kunnskap, v\u00e5re elever trives ogs\u00e5 bedre enn mange andre steder. Det betyr ikke at vi ikke kan bli bedre, eller at vi ikke skal ta bekymringer fra foresatte og elever alvorlig. I Osloskolen er vi ambisi\u00f8se p\u00e5 vegne av alle elevers l\u00e6ring, og vi er ambisi\u00f8se p\u00e5 vegne av alle elevers trivsel og trygghet. Skolen er til for elevene og v\u00e5rt m\u00e5l er at alle skal trives p\u00e5 skolen.<\/p><p>En god skole for alle elever st\u00e5r \u00f8verst p\u00e5 den politiske dagsorden, ikke som en erkl\u00e6ring, men som grunnlag for aktiv handling. Derfor er vi opptatt av elevenes faglige og sosiale utvikling. Derfor er jevnlig kartlegging av elevenes st\u00e5sted og progresjon viktig, ikke som et m\u00e5l, men som et virkemiddel for tidlig innsats og oppf\u00f8lging av den enkelte elev.<\/p><p><strong>Pr\u00f8ver er nyttig<br \/><\/strong>Statlige virkemidler som nasjonale pr\u00f8ver og kartleggingspr\u00f8ver har, etter v\u00e5r mening, v\u00e6rt sv\u00e6rt nyttige tiltak for \u00f8kt kunnskap om resultater av undervisningen p\u00e5 den enkelte skole, og til pedagogisk forbedring og politikkutforming. Bedre elevresultater i matematikk i internasjonale sammenligninger, kan nok til en stor del tilskrives innsatser i Kunnskapsl\u00f8ftet, som nasjonale pr\u00f8ver og \u00f8kt vekt p\u00e5 regning og lesing.<\/p><blockquote><p>Oslos elever b\u00e5de trives bedre og har st\u00f8rre l\u00e6relyst enn resten av landet.<\/p><\/blockquote><p>Oslo f\u00f8lger det nasjonale opplegget for pr\u00f8ver, kartlegging og eksamen, men med forsterkning. Oslo har 26 kartleggingspr\u00f8ver i l\u00f8pet av det 13-\u00e5rige skolel\u00f8pet. 19 av disse er nasjonale. I l\u00f8pet av et helt skolel\u00f8p p\u00e5 13 \u00e5r har Oslo 2 \u00bd dag mer med pr\u00f8ver enn resten av landet. Dette rimer d\u00e5rlig med beskrivelsene av et skolesystem som er ensidig opptatt av tester og pr\u00f8ver. Skolene bruker pr\u00f8veresultatene aktivt for \u00e5 bedre elevenes l\u00e6ring og til \u00e5 f\u00f8lge opp den enkelte elev.<\/p><p><strong>Svak kultur for l\u00e6ring<br \/><\/strong>En ekspertgruppe fra OECD har i rapporten \u00abOECD Review of Education and Assessment in Education-Norway\u00bb (2011) gjennomg\u00e5tt arbeidet med evaluering og vurdering i norsk skole. I rapporten argumenteres det for at det er en svak kultur for l\u00e6ring i norsk skole. Norsk skole har ikke tydelige m\u00e5l og kriterier for kvalitet og mangler kompetanse til \u00e5 analysere og bruke den kunnskap som finnes for \u00e5 forbedre praksis. Samtidig vises det til at Osloskolen har utviklet gode systemer for evaluering og vurdering, og at resultatene fra de nasjonale pr\u00f8vene brukes i det lokale utviklingsarbeidet.<\/p><p>Mens det i OECD-omr\u00e5det er vanlig med systemer for evaluering av elever, l\u00e6rere og skoleledelse, skaper dette debatt i Norge. Noe av bakgrunnen for at det i land i OECD er en \u00f8kt bruk av evaluering og vurdering er at store sosiale forskjeller stiller h\u00f8yere krav til effektivitet og kvalitet i utdanningen. Oslo er Norges st\u00f8rste by, og vi har landets mest mangfoldige elevflokk. Det byr p\u00e5 muligheter, men ogs\u00e5 p\u00e5 utfordringer. Vi har de st\u00f8rste sosio\u00f8konomiske forskjellene, og 40 prosent av v\u00e5re elever har minoritetsbakgrunn. Det betyr at vi er n\u00f8dt til \u00e5 jobbe ekstra hardt for at alle v\u00e5re elever skal lykkes best mulig.<\/p><p><strong>Godt system for oppf\u00f8lging<br \/><\/strong>En betydelig utfordring i norsk skole er store forskjeller i l\u00e6ringsresultater fra kommune til kommune, mellom skoler og internt p\u00e5 den enkelte skole. Slik \u00f8nsker vi ikke \u00e5 ha det. Derfor har vi innf\u00f8rt et godt system for oppf\u00f8lging av rektorer og l\u00e6rere slik at alle kan bli s\u00e5 bra som elevene v\u00e5re fortjener.<\/p><p>V\u00e5r erfaring er at kunnskap om hvilke utfordringer en skole har, gir positiv uttelling b\u00e5de for elever og ansatte. Det dokumenteres at vi n\u00e5r lenger enn andre kommuner. Flere elever klarer seg bedre i Osloskolen, ofte mot alle odds.<\/p><p>Det er ingen motsetning mellom trivsel og l\u00e6ring. Oslos elever b\u00e5de trives bedre og har st\u00f8rre l\u00e6relyst enn resten av landet. Det er et godt utgangspunkt for videre arbeid.<\/p><p><em>Dette innlegget stod p\u00e5 trykk i Aftenposten 10. juli 2013<\/em><\/p><p><em>Foto: colorbox.com<\/em><\/p>\n<\/div>\n<div class=\"tags\">\n\t<\/div>\n<div class=\"post-footer alignfull has-background block-editor-block-list__block\" data-align=full>\n\t<div class=\"post-footer-inner\">\n\t\t<h3>Relaterte artikler<\/h3>\n\t\t<div class=\"related-content\"><div class=\"is-card-hoyre\">\n\t<div class=\"teft-card hoyre-teft-card post-teft-card\">\n\t\t<a href=\"https:\/\/hoyre.no\/oslo\/aktuelt\/mdg-moralismen-fornekter-seg-ikke\/\" class=\"teft-card__primary-action\">\n\n\t\t\t\t\t<div class=\"teft-card__media teft-card__media--16-9\">\n\t\t\t\t\t\t<img loading=\"lazy\" decoding=\"async\" width=\"768\" height=\"512\" src=\"https:\/\/hoyre.no\/content\/uploads\/sites\/408\/2024\/01\/QZQlxtOC-768x512.jpeg\" class=\"attachment-medium_large size-medium_large\" alt=\"Merete Agerbak-Jensen\" srcset=\"https:\/\/hoyre.no\/content\/uploads\/sites\/408\/2024\/01\/QZQlxtOC-768x512.jpeg 768w, https:\/\/hoyre.no\/content\/uploads\/sites\/408\/2024\/01\/QZQlxtOC-300x200.jpeg 300w, https:\/\/hoyre.no\/content\/uploads\/sites\/408\/2024\/01\/QZQlxtOC-1024x683.jpeg 1024w, https:\/\/hoyre.no\/content\/uploads\/sites\/408\/2024\/01\/QZQlxtOC-1536x1024.jpeg 1536w, https:\/\/hoyre.no\/content\/uploads\/sites\/408\/2024\/01\/QZQlxtOC-2048x1365.jpeg 2048w\" sizes=\"auto, (max-width: 768px) 100vw, 768px\" \/>\t\t<\/div>\n\t\t\n\t\t\t<div class=\"teft-card__content-wrapper\">\n\t\t\t\t<div class=\"teft-card__secondary\">\n\t\t\t\t\t\n\t\t\t\t\t\t\t\t<div class=\"teft-card__meta\">\n\t\t\t\t\t\t\t\t\t<span class=\"post-date\">23. apr 2026<\/span>\n\n\t\t\t\t\t\t\t\t\t\t\t\t\t\t\t\t\t<\/div>\n\t\t\t\t\t\t\t\t\t\t\t<\/div>\n\n\t\t\t\t<div class=\"teft-card__primary\">\n\t\t\t\t\t<h2 class=\"teft-card__title\">MDG-moralismen fornekter seg ikke&nbsp;<span class=\"teft-card__primary-title-append\"><\/span><\/h2>\t\t\t\t<\/div>\n\t\t\t<\/div>\n\t\t<\/a>\n\t<\/div>\n\n\t<\/div><div class=\"is-card-hoyre\">\n\t<div class=\"teft-card hoyre-teft-card post-teft-card\">\n\t\t<a href=\"https:\/\/hoyre.no\/oslo\/aktuelt\/raskere-og-enklere-a-bygge-boliger-og-skape-arbeidsplasser-i-oslo\/\" class=\"teft-card__primary-action\">\n\n\t\t\t\t\t<div class=\"teft-card__media teft-card__media--16-9\">\n\t\t\t\t\t\t<img loading=\"lazy\" decoding=\"async\" width=\"768\" height=\"576\" src=\"https:\/\/hoyre.no\/content\/uploads\/sites\/408\/2026\/04\/Eirik-Lae-Solberg-og-Anita-Leirvik-North-768x576.jpg\" class=\"attachment-medium_large size-medium_large\" alt=\"\" srcset=\"https:\/\/hoyre.no\/content\/uploads\/sites\/408\/2026\/04\/Eirik-Lae-Solberg-og-Anita-Leirvik-North-768x576.jpg 768w, https:\/\/hoyre.no\/content\/uploads\/sites\/408\/2026\/04\/Eirik-Lae-Solberg-og-Anita-Leirvik-North-300x225.jpg 300w, https:\/\/hoyre.no\/content\/uploads\/sites\/408\/2026\/04\/Eirik-Lae-Solberg-og-Anita-Leirvik-North.jpg 901w\" sizes=\"auto, (max-width: 768px) 100vw, 768px\" \/>\t\t<\/div>\n\t\t\n\t\t\t<div class=\"teft-card__content-wrapper\">\n\t\t\t\t<div class=\"teft-card__secondary\">\n\t\t\t\t\t\n\t\t\t\t\t\t\t\t<div class=\"teft-card__meta\">\n\t\t\t\t\t\t\t\t\t<span class=\"post-date\">14. apr 2026<\/span>\n\n\t\t\t\t\t\t\t\t\t<span class=\"post-category\">Har lagt frem ny KPA:<\/span>\t\t\t\t\t\t\t\t<\/div>\n\t\t\t\t\t\t\t\t\t\t\t<\/div>\n\n\t\t\t\t<div class=\"teft-card__primary\">\n\t\t\t\t\t<h2 class=\"teft-card__title\">Raskere og enklere \u00e5 bygge boliger og skape arbeidsplasser i Oslo&nbsp;<span class=\"teft-card__primary-title-append\"><\/span><\/h2>\t\t\t\t<\/div>\n\t\t\t<\/div>\n\t\t<\/a>\n\t<\/div>\n\n\t<\/div><div class=\"is-card-hoyre\">\n\t<div class=\"teft-card hoyre-teft-card post-teft-card\">\n\t\t<a href=\"https:\/\/hoyre.no\/oslo\/aktuelt\/bedre-elevresultater-og-en-skoleokonomi-i-balanse-med-blagront-byrad\/\" class=\"teft-card__primary-action\">\n\n\t\t\t\t\t<div class=\"teft-card__media teft-card__media--16-9\">\n\t\t\t\t\t\t<img loading=\"lazy\" decoding=\"async\" width=\"768\" height=\"512\" src=\"https:\/\/hoyre.no\/content\/uploads\/sites\/408\/2025\/05\/IMG_6440-768x512.jpeg\" class=\"attachment-medium_large size-medium_large\" alt=\"Julie Remen Midtgarden\" srcset=\"https:\/\/hoyre.no\/content\/uploads\/sites\/408\/2025\/05\/IMG_6440-768x512.jpeg 768w, https:\/\/hoyre.no\/content\/uploads\/sites\/408\/2025\/05\/IMG_6440-300x200.jpeg 300w, https:\/\/hoyre.no\/content\/uploads\/sites\/408\/2025\/05\/IMG_6440-1024x683.jpeg 1024w, https:\/\/hoyre.no\/content\/uploads\/sites\/408\/2025\/05\/IMG_6440-1536x1024.jpeg 1536w, https:\/\/hoyre.no\/content\/uploads\/sites\/408\/2025\/05\/IMG_6440-2048x1365.jpeg 2048w\" sizes=\"auto, (max-width: 768px) 100vw, 768px\" \/>\t\t<\/div>\n\t\t\n\t\t\t<div class=\"teft-card__content-wrapper\">\n\t\t\t\t<div class=\"teft-card__secondary\">\n\t\t\t\t\t\n\t\t\t\t\t\t\t\t<div class=\"teft-card__meta\">\n\t\t\t\t\t\t\t\t\t<span class=\"post-date\">26. mar 2026<\/span>\n\n\t\t\t\t\t\t\t\t\t\t\t\t\t\t\t\t\t<\/div>\n\t\t\t\t\t\t\t\t\t\t\t<\/div>\n\n\t\t\t\t<div class=\"teft-card__primary\">\n\t\t\t\t\t<h2 class=\"teft-card__title\">Bedre elevresultater og en skole\u00f8konomi i balanse med bl\u00e5gr\u00f8nt byr\u00e5d&nbsp;<span class=\"teft-card__primary-title-append\"><\/span><\/h2>\t\t\t\t<\/div>\n\t\t\t<\/div>\n\t\t<\/a>\n\t<\/div>\n\n\t<\/div><\/div>\t<\/div>\n<\/div>\n","protected":false},"excerpt":{"rendered":"","protected":false},"author":0,"featured_media":0,"comment_status":"closed","ping_status":"open","sticky":false,"template":"","format":"standard","meta":{"teft_cards_image_url":"","teft_cards_custom_pretitle":"","teft_cards_image_id":0,"teft_cards_image_focal_point_x":0,"teft_cards_image_focal_point_y":0,"teft_cards_title":"","teft_cards_excerpt":"","teft_show_chapters":false,"author_display_name":"Oslo H\u00f8yre","footnotes":""},"category":[1],"post_tag":[],"hoyre-visibility":[],"article-type":[],"politician":[],"class_list":["post-1864","post","type-post","status-publish","format-standard","hentry","category-nyheter"],"yoast_head":"<!-- This site is optimized with the Yoast SEO Premium plugin v26.5 (Yoast SEO v26.6) - https:\/\/yoast.com\/wordpress\/plugins\/seo\/ -->\n<title>Trivsel og l\u00e6ring - Oslo H\u00f8yre<\/title>\n<meta name=\"robots\" content=\"index, follow, max-snippet:-1, max-image-preview:large, max-video-preview:-1\" \/>\n<link rel=\"canonical\" href=\"https:\/\/hoyre.no\/oslo\/aktuelt\/trivsel-og-laering\/\" \/>\n<meta property=\"og:locale\" content=\"nb_NO\" \/>\n<meta property=\"og:type\" content=\"article\" \/>\n<meta property=\"og:title\" content=\"Trivsel og l\u00e6ring\" \/>\n<meta property=\"og:url\" content=\"https:\/\/hoyre.no\/oslo\/aktuelt\/trivsel-og-laering\/\" \/>\n<meta property=\"og:site_name\" content=\"Oslo H\u00f8yre\" \/>\n<meta property=\"article:publisher\" content=\"https:\/\/www.facebook.com\/oslo.hoyre\" \/>\n<meta property=\"article:published_time\" content=\"2013-07-10T07:59:36+00:00\" \/>\n<meta property=\"article:modified_time\" content=\"2022-09-26T13:07:00+00:00\" \/>\n<meta property=\"og:image\" content=\"https:\/\/hoyre.no\/content\/uploads\/sites\/408\/2022\/11\/Hoyres-logo.png\" \/>\n\t<meta property=\"og:image:width\" content=\"1000\" \/>\n\t<meta property=\"og:image:height\" content=\"1000\" \/>\n\t<meta property=\"og:image:type\" content=\"image\/png\" \/>\n<meta name=\"twitter:card\" content=\"summary_large_image\" \/>\n<meta name=\"twitter:label1\" content=\"Ansl. lesetid\" \/>\n\t<meta name=\"twitter:data1\" content=\"4 minutter\" \/>\n<script type=\"application\/ld+json\" class=\"yoast-schema-graph\">{\"@context\":\"https:\/\/schema.org\",\"@graph\":[{\"@type\":\"Article\",\"@id\":\"https:\/\/hoyre.no\/oslo\/aktuelt\/trivsel-og-laering\/#article\",\"isPartOf\":{\"@id\":\"https:\/\/hoyre.no\/oslo\/aktuelt\/trivsel-og-laering\/\"},\"author\":{\"name\":\"\",\"@id\":\"\"},\"headline\":\"Trivsel og l\u00e6ring\",\"datePublished\":\"2013-07-10T07:59:36+00:00\",\"dateModified\":\"2022-09-26T13:07:00+00:00\",\"mainEntityOfPage\":{\"@id\":\"https:\/\/hoyre.no\/oslo\/aktuelt\/trivsel-og-laering\/\"},\"wordCount\":811,\"publisher\":{\"@id\":\"https:\/\/hoyre.no\/oslo\/#organization\"},\"articleSection\":[\"Nyheter\"],\"inLanguage\":\"nb-NO\"},{\"@type\":\"NewsArticle\",\"@id\":\"https:\/\/hoyre.no\/oslo\/aktuelt\/trivsel-og-laering\/\",\"url\":\"https:\/\/hoyre.no\/oslo\/aktuelt\/trivsel-og-laering\/\",\"name\":\"Trivsel og l\u00e6ring - Oslo H\u00f8yre\",\"isPartOf\":{\"@id\":\"https:\/\/hoyre.no\/oslo\/#website\"},\"datePublished\":\"2013-07-10T07:59:36+00:00\",\"dateModified\":\"2022-09-26T13:07:00+00:00\",\"breadcrumb\":{\"@id\":\"https:\/\/hoyre.no\/oslo\/aktuelt\/trivsel-og-laering\/#breadcrumb\"},\"inLanguage\":\"nb-NO\",\"potentialAction\":[{\"@type\":\"ReadAction\",\"target\":[\"https:\/\/hoyre.no\/oslo\/aktuelt\/trivsel-og-laering\/\"]}]},{\"@type\":\"BreadcrumbList\",\"@id\":\"https:\/\/hoyre.no\/oslo\/aktuelt\/trivsel-og-laering\/#breadcrumb\",\"itemListElement\":[{\"@type\":\"ListItem\",\"position\":1,\"name\":\"Til hoyre.no\",\"item\":\"https:\/\/hoyre.no\"},{\"@type\":\"ListItem\",\"position\":2,\"name\":\"Hjem\",\"item\":\"https:\/\/hoyre.no\/oslo\/\"},{\"@type\":\"ListItem\",\"position\":3,\"name\":\"Trivsel og l\u00e6ring\"}]},{\"@type\":\"WebSite\",\"@id\":\"https:\/\/hoyre.no\/oslo\/#website\",\"url\":\"https:\/\/hoyre.no\/oslo\/\",\"name\":\"Oslo H\u00f8yre\",\"description\":\"\",\"publisher\":{\"@id\":\"https:\/\/hoyre.no\/oslo\/#organization\"},\"inLanguage\":\"nb-NO\"},{\"@type\":\"Organization\",\"@id\":\"https:\/\/hoyre.no\/oslo\/#organization\",\"name\":\"Oslo H\u00f8yre\",\"url\":\"https:\/\/hoyre.no\/oslo\/\",\"logo\":{\"@type\":\"ImageObject\",\"inLanguage\":\"nb-NO\",\"@id\":\"https:\/\/hoyre.no\/oslo\/#\/schema\/logo\/image\/\",\"url\":\"https:\/\/hoyre.no\/content\/uploads\/sites\/408\/2022\/11\/Hoyres-logo.png\",\"contentUrl\":\"https:\/\/hoyre.no\/content\/uploads\/sites\/408\/2022\/11\/Hoyres-logo.png\",\"width\":1000,\"height\":1000,\"caption\":\"Oslo H\u00f8yre\"},\"image\":{\"@id\":\"https:\/\/hoyre.no\/oslo\/#\/schema\/logo\/image\/\"},\"sameAs\":[\"https:\/\/www.facebook.com\/oslo.hoyre\"]}]}<\/script>\n<!-- \/ Yoast SEO Premium plugin. -->","yoast_head_json":{"title":"Trivsel og l\u00e6ring - Oslo H\u00f8yre","robots":{"index":"index","follow":"follow","max-snippet":"max-snippet:-1","max-image-preview":"max-image-preview:large","max-video-preview":"max-video-preview:-1"},"canonical":"https:\/\/hoyre.no\/oslo\/aktuelt\/trivsel-og-laering\/","og_locale":"nb_NO","og_type":"article","og_title":"Trivsel og l\u00e6ring","og_url":"https:\/\/hoyre.no\/oslo\/aktuelt\/trivsel-og-laering\/","og_site_name":"Oslo H\u00f8yre","article_publisher":"https:\/\/www.facebook.com\/oslo.hoyre","article_published_time":"2013-07-10T07:59:36+00:00","article_modified_time":"2022-09-26T13:07:00+00:00","og_image":[{"width":1000,"height":1000,"url":"https:\/\/hoyre.no\/content\/uploads\/sites\/408\/2022\/11\/Hoyres-logo.png","type":"image\/png"}],"twitter_card":"summary_large_image","twitter_misc":{"Ansl. lesetid":"4 minutter"},"schema":{"@context":"https:\/\/schema.org","@graph":[{"@type":"Article","@id":"https:\/\/hoyre.no\/oslo\/aktuelt\/trivsel-og-laering\/#article","isPartOf":{"@id":"https:\/\/hoyre.no\/oslo\/aktuelt\/trivsel-og-laering\/"},"author":{"name":"","@id":""},"headline":"Trivsel og l\u00e6ring","datePublished":"2013-07-10T07:59:36+00:00","dateModified":"2022-09-26T13:07:00+00:00","mainEntityOfPage":{"@id":"https:\/\/hoyre.no\/oslo\/aktuelt\/trivsel-og-laering\/"},"wordCount":811,"publisher":{"@id":"https:\/\/hoyre.no\/oslo\/#organization"},"articleSection":["Nyheter"],"inLanguage":"nb-NO"},{"@type":"NewsArticle","@id":"https:\/\/hoyre.no\/oslo\/aktuelt\/trivsel-og-laering\/","url":"https:\/\/hoyre.no\/oslo\/aktuelt\/trivsel-og-laering\/","name":"Trivsel og l\u00e6ring - Oslo H\u00f8yre","isPartOf":{"@id":"https:\/\/hoyre.no\/oslo\/#website"},"datePublished":"2013-07-10T07:59:36+00:00","dateModified":"2022-09-26T13:07:00+00:00","breadcrumb":{"@id":"https:\/\/hoyre.no\/oslo\/aktuelt\/trivsel-og-laering\/#breadcrumb"},"inLanguage":"nb-NO","potentialAction":[{"@type":"ReadAction","target":["https:\/\/hoyre.no\/oslo\/aktuelt\/trivsel-og-laering\/"]}]},{"@type":"BreadcrumbList","@id":"https:\/\/hoyre.no\/oslo\/aktuelt\/trivsel-og-laering\/#breadcrumb","itemListElement":[{"@type":"ListItem","position":1,"name":"Til hoyre.no","item":"https:\/\/hoyre.no"},{"@type":"ListItem","position":2,"name":"Hjem","item":"https:\/\/hoyre.no\/oslo\/"},{"@type":"ListItem","position":3,"name":"Trivsel og l\u00e6ring"}]},{"@type":"WebSite","@id":"https:\/\/hoyre.no\/oslo\/#website","url":"https:\/\/hoyre.no\/oslo\/","name":"Oslo H\u00f8yre","description":"","publisher":{"@id":"https:\/\/hoyre.no\/oslo\/#organization"},"inLanguage":"nb-NO"},{"@type":"Organization","@id":"https:\/\/hoyre.no\/oslo\/#organization","name":"Oslo H\u00f8yre","url":"https:\/\/hoyre.no\/oslo\/","logo":{"@type":"ImageObject","inLanguage":"nb-NO","@id":"https:\/\/hoyre.no\/oslo\/#\/schema\/logo\/image\/","url":"https:\/\/hoyre.no\/content\/uploads\/sites\/408\/2022\/11\/Hoyres-logo.png","contentUrl":"https:\/\/hoyre.no\/content\/uploads\/sites\/408\/2022\/11\/Hoyres-logo.png","width":1000,"height":1000,"caption":"Oslo H\u00f8yre"},"image":{"@id":"https:\/\/hoyre.no\/oslo\/#\/schema\/logo\/image\/"},"sameAs":["https:\/\/www.facebook.com\/oslo.hoyre"]}]}},"distributor_meta":false,"distributor_terms":false,"distributor_media":false,"distributor_original_site_name":"Oslo H\u00f8yre","distributor_original_site_url":"https:\/\/hoyre.no\/oslo","push-errors":false,"_links":{"self":[{"href":"https:\/\/hoyre.no\/oslo\/wp-json\/wp\/v2\/posts\/1864","targetHints":{"allow":["GET"]}}],"collection":[{"href":"https:\/\/hoyre.no\/oslo\/wp-json\/wp\/v2\/posts"}],"about":[{"href":"https:\/\/hoyre.no\/oslo\/wp-json\/wp\/v2\/types\/post"}],"replies":[{"embeddable":true,"href":"https:\/\/hoyre.no\/oslo\/wp-json\/wp\/v2\/comments?post=1864"}],"version-history":[{"count":1,"href":"https:\/\/hoyre.no\/oslo\/wp-json\/wp\/v2\/posts\/1864\/revisions"}],"predecessor-version":[{"id":3037,"href":"https:\/\/hoyre.no\/oslo\/wp-json\/wp\/v2\/posts\/1864\/revisions\/3037"}],"wp:attachment":[{"href":"https:\/\/hoyre.no\/oslo\/wp-json\/wp\/v2\/media?parent=1864"}],"wp:term":[{"taxonomy":"category","embeddable":true,"href":"https:\/\/hoyre.no\/oslo\/wp-json\/wp\/v2\/category?post=1864"},{"taxonomy":"post_tag","embeddable":true,"href":"https:\/\/hoyre.no\/oslo\/wp-json\/wp\/v2\/post_tag?post=1864"},{"taxonomy":"hoyre-visibility","embeddable":true,"href":"https:\/\/hoyre.no\/oslo\/wp-json\/wp\/v2\/hoyre-visibility?post=1864"},{"taxonomy":"article-type","embeddable":true,"href":"https:\/\/hoyre.no\/oslo\/wp-json\/wp\/v2\/article-type?post=1864"},{"taxonomy":"politician","embeddable":true,"href":"https:\/\/hoyre.no\/oslo\/wp-json\/wp\/v2\/politician?post=1864"}],"curies":[{"name":"wp","href":"https:\/\/api.w.org\/{rel}","templated":true}]}}